{"id":1716,"date":"2021-01-17T19:18:37","date_gmt":"2021-01-17T19:18:37","guid":{"rendered":"https:\/\/cvinoticias.com\/v3\/?p=1716"},"modified":"2021-01-17T19:18:37","modified_gmt":"2021-01-17T19:18:37","slug":"convocatoria-para-realizadores-audiovisuales","status":"publish","type":"post","link":"https:\/\/cvinoticias.com\/v3\/convocatoria-para-realizadores-audiovisuales\/","title":{"rendered":"Convocatoria para realizadores audiovisuales"},"content":{"rendered":"\n<p><strong><em>La misma estar\u00e1 dirigida a los trabajadores inscriptos en el registro audiovisual para la realizaci\u00f3n de videoclips y microrrelatos tem\u00e1ticos \u201cDescubra Misiones\u201d.<\/em><\/strong><\/p>\n\n\n\n<p>En el marco de la emergencia sanitaria decretada por el Gobierno nacional y provincial,&nbsp;el Instituto de Artes Audiovisuales de Misiones (IAAviM) lanz\u00f3 la tercera etapa del Plan de Contingencia para el Sector Audiovisual de la provincia, denominado \u201cConvocatorias de Verano \u2013 Transici\u00f3n 20\/21 Incentivo a la Creaci\u00f3n Audiovisual\u201d.<\/p>\n\n\n\n<p>La misma&nbsp;incluye dos l\u00edneas de incentivos,&nbsp;por un lado para la realizaci\u00f3n de videoclips y por el otro,&nbsp;para la realizaci\u00f3n de microrrelatos tem\u00e1ticos \u201cDescubra Misiones\u201d,&nbsp;que est\u00e1n dirigidas a las personas inscritas en el Registro Provincial Audiovisual (RePA) y&nbsp;se presenta como ayuda econ\u00f3mica temporal&nbsp;para brindar apoyo a los trabajadores en la etapa de transici\u00f3n hacia la nueva normalizaci\u00f3n de la actividad audiovisual.<\/p>\n\n\n\n<p>Esta ayuda, en general,&nbsp;adem\u00e1s de dinamizar peque\u00f1os n\u00facleos productivos, incentiva a la realizaci\u00f3n de piezas audiovisuales&nbsp;con g\u00e9neros y formatos poco desarrollados actualmente.<\/p>\n\n\n\n<p>El per\u00edodo para la presentaci\u00f3n de los proyectos comenz\u00f3 el 3 de enero e ir\u00e1 hasta el 31 de eneroa trav\u00e9s del formulario online que se encuentra publicado en la p\u00e1gina del IAAviM (<a href=\"https:\/\/bit.ly\/392sl2g\">www.iaavim.misiones.gob.ar<\/a>).<\/p>\n\n\n\n<p>\u201cEsta convocatoria, tal como es el caso de los Planes de Contingencia para el Sector Audiovisual de la provincia anteriores, est\u00e1 pensada como un concurso \u00e1gil, din\u00e1mico, con plazos cortos\u201d, explic\u00f3 la gerente de Fomento del IAAviM, Marisa Hassan.<\/p>\n\n\n\n<p>\u201cEn este contexto de emergencia sanitaria donde la actividad est\u00e1 en una etapa de transici\u00f3n, la iniciativa permitir\u00e1 dinamizar m\u00ednimamente las econom\u00edas de las trabajadoras y trabajadores del sector audiovisual de la provincia. De esta manera, se apunta a que en un corto plazo, los peque\u00f1os n\u00facleos productivos de diferentes puntos del territorio misionero puedan postular sus propuestas en el t\u00e9rmino de dos meses (enero y febrero), con el fin de concretarse en marzo\u201d, destac\u00f3.<\/p>\n\n\n\n<p>\u201cSe trata de dos l\u00edneas de incentivo para la realizaci\u00f3n de videoclips y microrrelatos que descubran lugares de Misiones pocos conocidos\u201d, a\u00f1adi\u00f3.<\/p>\n\n\n\n<p>A su vez hizo hincapi\u00e9 en que la convocatoria llega en este momento de transici\u00f3n, en un marco en el que se dio un nuevo decreto del Ejecutivo provincial que extiende la emergencia sanitaria hasta marzo,&nbsp;\u201ces importante, en este contexto, llegar con un alivio, una ayuda a las trabajadoras y trabajadores del sector, adem\u00e1s esta iniciativa est\u00e1 ligada directamente a movilizar y fomentar procesos creativos. De esta manera no es s\u00f3lo una ayuda econ\u00f3mica sino tambi\u00e9n permite como contraprestaci\u00f3n poder hacer un trabajo relacionado a lo que le gusta a cada uno\u201d, mencion\u00f3 Hassan.<\/p>\n","protected":false},"excerpt":{"rendered":"<p>La misma estar\u00e1 dirigida a los trabajadores inscriptos en el registro audiovisual para la realizaci\u00f3n de videoclips y microrrelatos tem\u00e1ticos \u201cDescubra Misiones\u201d. En el marco de la emergencia sanitaria decretada por el Gobierno nacional y provincial,&nbsp;el Instituto de Artes Audiovisuales de Misiones (IAAviM) lanz\u00f3 la tercera etapa del Plan de Contingencia para el Sector Audiovisual [&hellip;]<\/p>\n","protected":false},"author":2,"featured_media":1717,"comment_status":"open","ping_status":"open","sticky":false,"template":"","format":"standard","meta":{"footnotes":""},"categories":[43],"tags":[],"class_list":["post-1716","post","type-post","status-publish","format-standard","has-post-thumbnail","hentry","category-provinciales"],"yoast_head":"<!-- This site is optimized with the Yoast SEO plugin v27.5 - https:\/\/yoast.com\/product\/yoast-seo-wordpress\/ -->\n<title>Convocatoria para realizadores audiovisuales | CVI NOTICIAS<\/title>\n<meta name=\"robots\" content=\"index, follow, max-snippet:-1, max-image-preview:large, max-video-preview:-1\" \/>\n<link rel=\"canonical\" href=\"https:\/\/cvinoticias.com\/v3\/convocatoria-para-realizadores-audiovisuales\/\" \/>\n<meta property=\"og:locale\" content=\"es_ES\" \/>\n<meta property=\"og:type\" content=\"article\" \/>\n<meta property=\"og:title\" content=\"Convocatoria para realizadores audiovisuales | CVI NOTICIAS\" \/>\n<meta property=\"og:description\" content=\"La misma estar\u00e1 dirigida a los trabajadores inscriptos en el registro audiovisual para la realizaci\u00f3n de videoclips y microrrelatos tem\u00e1ticos \u201cDescubra Misiones\u201d. En el marco de la emergencia sanitaria decretada por el Gobierno nacional y provincial,&nbsp;el Instituto de Artes Audiovisuales de Misiones (IAAviM) lanz\u00f3 la tercera etapa del Plan de Contingencia para el Sector Audiovisual [&hellip;]\" \/>\n<meta property=\"og:url\" content=\"https:\/\/cvinoticias.com\/v3\/convocatoria-para-realizadores-audiovisuales\/\" \/>\n<meta property=\"og:site_name\" content=\"CVI NOTICIAS\" \/>\n<meta property=\"article:publisher\" content=\"https:\/\/www.facebook.com\/cvinoticias\" \/>\n<meta property=\"article:published_time\" content=\"2021-01-17T19:18:37+00:00\" \/>\n<meta property=\"og:image\" content=\"https:\/\/cvinoticias.com\/wp-content\/uploads\/2021\/01\/WhatsApp-Image-2020-06-11-at-00.49.12-730x486-1.jpeg\" \/>\n\t<meta property=\"og:image:width\" content=\"730\" \/>\n\t<meta property=\"og:image:height\" content=\"486\" \/>\n\t<meta property=\"og:image:type\" content=\"image\/jpeg\" \/>\n<meta name=\"author\" content=\"f1000024\" \/>\n<meta name=\"twitter:card\" content=\"summary_large_image\" \/>\n<meta name=\"twitter:label1\" content=\"Escrito por\" \/>\n\t<meta name=\"twitter:data1\" content=\"f1000024\" \/>\n\t<meta name=\"twitter:label2\" content=\"Tiempo de lectura\" \/>\n\t<meta name=\"twitter:data2\" content=\"2 minutos\" \/>\n<script type=\"application\/ld+json\" class=\"yoast-schema-graph\">{\"@context\":\"https:\\\/\\\/schema.org\",\"@graph\":[{\"@type\":\"Article\",\"@id\":\"https:\\\/\\\/cvinoticias.com\\\/v3\\\/convocatoria-para-realizadores-audiovisuales\\\/#article\",\"isPartOf\":{\"@id\":\"https:\\\/\\\/cvinoticias.com\\\/v3\\\/convocatoria-para-realizadores-audiovisuales\\\/\"},\"author\":{\"name\":\"f1000024\",\"@id\":\"https:\\\/\\\/cvinoticias.com\\\/v3\\\/#\\\/schema\\\/person\\\/2db77e3c6bc03c538495d7b2b8be9b66\"},\"headline\":\"Convocatoria para realizadores audiovisuales\",\"datePublished\":\"2021-01-17T19:18:37+00:00\",\"mainEntityOfPage\":{\"@id\":\"https:\\\/\\\/cvinoticias.com\\\/v3\\\/convocatoria-para-realizadores-audiovisuales\\\/\"},\"wordCount\":477,\"commentCount\":0,\"publisher\":{\"@id\":\"https:\\\/\\\/cvinoticias.com\\\/v3\\\/#organization\"},\"image\":{\"@id\":\"https:\\\/\\\/cvinoticias.com\\\/v3\\\/convocatoria-para-realizadores-audiovisuales\\\/#primaryimage\"},\"thumbnailUrl\":\"https:\\\/\\\/cvinoticias.com\\\/wp-content\\\/uploads\\\/2021\\\/01\\\/WhatsApp-Image-2020-06-11-at-00.49.12-730x486-1.jpeg\",\"articleSection\":[\"Provinciales\"],\"inLanguage\":\"es\",\"potentialAction\":[{\"@type\":\"CommentAction\",\"name\":\"Comment\",\"target\":[\"https:\\\/\\\/cvinoticias.com\\\/v3\\\/convocatoria-para-realizadores-audiovisuales\\\/#respond\"]}]},{\"@type\":\"WebPage\",\"@id\":\"https:\\\/\\\/cvinoticias.com\\\/v3\\\/convocatoria-para-realizadores-audiovisuales\\\/\",\"url\":\"https:\\\/\\\/cvinoticias.com\\\/v3\\\/convocatoria-para-realizadores-audiovisuales\\\/\",\"name\":\"Convocatoria para realizadores audiovisuales | CVI NOTICIAS\",\"isPartOf\":{\"@id\":\"https:\\\/\\\/cvinoticias.com\\\/v3\\\/#website\"},\"primaryImageOfPage\":{\"@id\":\"https:\\\/\\\/cvinoticias.com\\\/v3\\\/convocatoria-para-realizadores-audiovisuales\\\/#primaryimage\"},\"image\":{\"@id\":\"https:\\\/\\\/cvinoticias.com\\\/v3\\\/convocatoria-para-realizadores-audiovisuales\\\/#primaryimage\"},\"thumbnailUrl\":\"https:\\\/\\\/cvinoticias.com\\\/wp-content\\\/uploads\\\/2021\\\/01\\\/WhatsApp-Image-2020-06-11-at-00.49.12-730x486-1.jpeg\",\"datePublished\":\"2021-01-17T19:18:37+00:00\",\"breadcrumb\":{\"@id\":\"https:\\\/\\\/cvinoticias.com\\\/v3\\\/convocatoria-para-realizadores-audiovisuales\\\/#breadcrumb\"},\"inLanguage\":\"es\",\"potentialAction\":[{\"@type\":\"ReadAction\",\"target\":[\"https:\\\/\\\/cvinoticias.com\\\/v3\\\/convocatoria-para-realizadores-audiovisuales\\\/\"]}]},{\"@type\":\"ImageObject\",\"inLanguage\":\"es\",\"@id\":\"https:\\\/\\\/cvinoticias.com\\\/v3\\\/convocatoria-para-realizadores-audiovisuales\\\/#primaryimage\",\"url\":\"https:\\\/\\\/cvinoticias.com\\\/wp-content\\\/uploads\\\/2021\\\/01\\\/WhatsApp-Image-2020-06-11-at-00.49.12-730x486-1.jpeg\",\"contentUrl\":\"https:\\\/\\\/cvinoticias.com\\\/wp-content\\\/uploads\\\/2021\\\/01\\\/WhatsApp-Image-2020-06-11-at-00.49.12-730x486-1.jpeg\",\"width\":730,\"height\":486},{\"@type\":\"BreadcrumbList\",\"@id\":\"https:\\\/\\\/cvinoticias.com\\\/v3\\\/convocatoria-para-realizadores-audiovisuales\\\/#breadcrumb\",\"itemListElement\":[{\"@type\":\"ListItem\",\"position\":1,\"name\":\"Portada\",\"item\":\"https:\\\/\\\/cvinoticias.com\\\/v3\\\/\"},{\"@type\":\"ListItem\",\"position\":2,\"name\":\"Convocatoria para realizadores audiovisuales\"}]},{\"@type\":\"WebSite\",\"@id\":\"https:\\\/\\\/cvinoticias.com\\\/v3\\\/#website\",\"url\":\"https:\\\/\\\/cvinoticias.com\\\/v3\\\/\",\"name\":\"CVI NOTICIAS\",\"description\":\"\",\"publisher\":{\"@id\":\"https:\\\/\\\/cvinoticias.com\\\/v3\\\/#organization\"},\"alternateName\":\"CVI\",\"potentialAction\":[{\"@type\":\"SearchAction\",\"target\":{\"@type\":\"EntryPoint\",\"urlTemplate\":\"https:\\\/\\\/cvinoticias.com\\\/v3\\\/?s={search_term_string}\"},\"query-input\":{\"@type\":\"PropertyValueSpecification\",\"valueRequired\":true,\"valueName\":\"search_term_string\"}}],\"inLanguage\":\"es\"},{\"@type\":\"Organization\",\"@id\":\"https:\\\/\\\/cvinoticias.com\\\/v3\\\/#organization\",\"name\":\"CVI NOTICIAS\",\"url\":\"https:\\\/\\\/cvinoticias.com\\\/v3\\\/\",\"logo\":{\"@type\":\"ImageObject\",\"inLanguage\":\"es\",\"@id\":\"https:\\\/\\\/cvinoticias.com\\\/v3\\\/#\\\/schema\\\/logo\\\/image\\\/\",\"url\":\"https:\\\/\\\/cvinoticias.com\\\/wp-content\\\/uploads\\\/2023\\\/04\\\/cropped-cropped-cropped-cropped-cropped-3-1.png\",\"contentUrl\":\"https:\\\/\\\/cvinoticias.com\\\/wp-content\\\/uploads\\\/2023\\\/04\\\/cropped-cropped-cropped-cropped-cropped-3-1.png\",\"width\":95,\"height\":122,\"caption\":\"CVI NOTICIAS\"},\"image\":{\"@id\":\"https:\\\/\\\/cvinoticias.com\\\/v3\\\/#\\\/schema\\\/logo\\\/image\\\/\"},\"sameAs\":[\"https:\\\/\\\/www.facebook.com\\\/cvinoticias\",\"https:\\\/\\\/www.instagram.com\\\/cvinoticias\\\/\",\"https:\\\/\\\/www.youtube.com\\\/@CVINOTICIAS\"]},{\"@type\":\"Person\",\"@id\":\"https:\\\/\\\/cvinoticias.com\\\/v3\\\/#\\\/schema\\\/person\\\/2db77e3c6bc03c538495d7b2b8be9b66\",\"name\":\"f1000024\",\"image\":{\"@type\":\"ImageObject\",\"inLanguage\":\"es\",\"@id\":\"https:\\\/\\\/secure.gravatar.com\\\/avatar\\\/d4fe7459cfc51ff5129ce1a732bbef5928568b8092d412ef95611616376bbeed?s=96&d=mm&r=g\",\"url\":\"https:\\\/\\\/secure.gravatar.com\\\/avatar\\\/d4fe7459cfc51ff5129ce1a732bbef5928568b8092d412ef95611616376bbeed?s=96&d=mm&r=g\",\"contentUrl\":\"https:\\\/\\\/secure.gravatar.com\\\/avatar\\\/d4fe7459cfc51ff5129ce1a732bbef5928568b8092d412ef95611616376bbeed?s=96&d=mm&r=g\",\"caption\":\"f1000024\"},\"url\":\"https:\\\/\\\/cvinoticias.com\\\/v3\\\/author\\\/f1000024\\\/\"}]}<\/script>\n<!-- \/ Yoast SEO plugin. -->","yoast_head_json":{"title":"Convocatoria para realizadores audiovisuales | CVI NOTICIAS","robots":{"index":"index","follow":"follow","max-snippet":"max-snippet:-1","max-image-preview":"max-image-preview:large","max-video-preview":"max-video-preview:-1"},"canonical":"https:\/\/cvinoticias.com\/v3\/convocatoria-para-realizadores-audiovisuales\/","og_locale":"es_ES","og_type":"article","og_title":"Convocatoria para realizadores audiovisuales | CVI NOTICIAS","og_description":"La misma estar\u00e1 dirigida a los trabajadores inscriptos en el registro audiovisual para la realizaci\u00f3n de videoclips y microrrelatos tem\u00e1ticos \u201cDescubra Misiones\u201d. En el marco de la emergencia sanitaria decretada por el Gobierno nacional y provincial,&nbsp;el Instituto de Artes Audiovisuales de Misiones (IAAviM) lanz\u00f3 la tercera etapa del Plan de Contingencia para el Sector Audiovisual [&hellip;]","og_url":"https:\/\/cvinoticias.com\/v3\/convocatoria-para-realizadores-audiovisuales\/","og_site_name":"CVI NOTICIAS","article_publisher":"https:\/\/www.facebook.com\/cvinoticias","article_published_time":"2021-01-17T19:18:37+00:00","og_image":[{"width":730,"height":486,"url":"https:\/\/cvinoticias.com\/wp-content\/uploads\/2021\/01\/WhatsApp-Image-2020-06-11-at-00.49.12-730x486-1.jpeg","type":"image\/jpeg"}],"author":"f1000024","twitter_card":"summary_large_image","twitter_misc":{"Escrito por":"f1000024","Tiempo de lectura":"2 minutos"},"schema":{"@context":"https:\/\/schema.org","@graph":[{"@type":"Article","@id":"https:\/\/cvinoticias.com\/v3\/convocatoria-para-realizadores-audiovisuales\/#article","isPartOf":{"@id":"https:\/\/cvinoticias.com\/v3\/convocatoria-para-realizadores-audiovisuales\/"},"author":{"name":"f1000024","@id":"https:\/\/cvinoticias.com\/v3\/#\/schema\/person\/2db77e3c6bc03c538495d7b2b8be9b66"},"headline":"Convocatoria para realizadores audiovisuales","datePublished":"2021-01-17T19:18:37+00:00","mainEntityOfPage":{"@id":"https:\/\/cvinoticias.com\/v3\/convocatoria-para-realizadores-audiovisuales\/"},"wordCount":477,"commentCount":0,"publisher":{"@id":"https:\/\/cvinoticias.com\/v3\/#organization"},"image":{"@id":"https:\/\/cvinoticias.com\/v3\/convocatoria-para-realizadores-audiovisuales\/#primaryimage"},"thumbnailUrl":"https:\/\/cvinoticias.com\/wp-content\/uploads\/2021\/01\/WhatsApp-Image-2020-06-11-at-00.49.12-730x486-1.jpeg","articleSection":["Provinciales"],"inLanguage":"es","potentialAction":[{"@type":"CommentAction","name":"Comment","target":["https:\/\/cvinoticias.com\/v3\/convocatoria-para-realizadores-audiovisuales\/#respond"]}]},{"@type":"WebPage","@id":"https:\/\/cvinoticias.com\/v3\/convocatoria-para-realizadores-audiovisuales\/","url":"https:\/\/cvinoticias.com\/v3\/convocatoria-para-realizadores-audiovisuales\/","name":"Convocatoria para realizadores audiovisuales | CVI NOTICIAS","isPartOf":{"@id":"https:\/\/cvinoticias.com\/v3\/#website"},"primaryImageOfPage":{"@id":"https:\/\/cvinoticias.com\/v3\/convocatoria-para-realizadores-audiovisuales\/#primaryimage"},"image":{"@id":"https:\/\/cvinoticias.com\/v3\/convocatoria-para-realizadores-audiovisuales\/#primaryimage"},"thumbnailUrl":"https:\/\/cvinoticias.com\/wp-content\/uploads\/2021\/01\/WhatsApp-Image-2020-06-11-at-00.49.12-730x486-1.jpeg","datePublished":"2021-01-17T19:18:37+00:00","breadcrumb":{"@id":"https:\/\/cvinoticias.com\/v3\/convocatoria-para-realizadores-audiovisuales\/#breadcrumb"},"inLanguage":"es","potentialAction":[{"@type":"ReadAction","target":["https:\/\/cvinoticias.com\/v3\/convocatoria-para-realizadores-audiovisuales\/"]}]},{"@type":"ImageObject","inLanguage":"es","@id":"https:\/\/cvinoticias.com\/v3\/convocatoria-para-realizadores-audiovisuales\/#primaryimage","url":"https:\/\/cvinoticias.com\/wp-content\/uploads\/2021\/01\/WhatsApp-Image-2020-06-11-at-00.49.12-730x486-1.jpeg","contentUrl":"https:\/\/cvinoticias.com\/wp-content\/uploads\/2021\/01\/WhatsApp-Image-2020-06-11-at-00.49.12-730x486-1.jpeg","width":730,"height":486},{"@type":"BreadcrumbList","@id":"https:\/\/cvinoticias.com\/v3\/convocatoria-para-realizadores-audiovisuales\/#breadcrumb","itemListElement":[{"@type":"ListItem","position":1,"name":"Portada","item":"https:\/\/cvinoticias.com\/v3\/"},{"@type":"ListItem","position":2,"name":"Convocatoria para realizadores audiovisuales"}]},{"@type":"WebSite","@id":"https:\/\/cvinoticias.com\/v3\/#website","url":"https:\/\/cvinoticias.com\/v3\/","name":"CVI NOTICIAS","description":"","publisher":{"@id":"https:\/\/cvinoticias.com\/v3\/#organization"},"alternateName":"CVI","potentialAction":[{"@type":"SearchAction","target":{"@type":"EntryPoint","urlTemplate":"https:\/\/cvinoticias.com\/v3\/?s={search_term_string}"},"query-input":{"@type":"PropertyValueSpecification","valueRequired":true,"valueName":"search_term_string"}}],"inLanguage":"es"},{"@type":"Organization","@id":"https:\/\/cvinoticias.com\/v3\/#organization","name":"CVI NOTICIAS","url":"https:\/\/cvinoticias.com\/v3\/","logo":{"@type":"ImageObject","inLanguage":"es","@id":"https:\/\/cvinoticias.com\/v3\/#\/schema\/logo\/image\/","url":"https:\/\/cvinoticias.com\/wp-content\/uploads\/2023\/04\/cropped-cropped-cropped-cropped-cropped-3-1.png","contentUrl":"https:\/\/cvinoticias.com\/wp-content\/uploads\/2023\/04\/cropped-cropped-cropped-cropped-cropped-3-1.png","width":95,"height":122,"caption":"CVI NOTICIAS"},"image":{"@id":"https:\/\/cvinoticias.com\/v3\/#\/schema\/logo\/image\/"},"sameAs":["https:\/\/www.facebook.com\/cvinoticias","https:\/\/www.instagram.com\/cvinoticias\/","https:\/\/www.youtube.com\/@CVINOTICIAS"]},{"@type":"Person","@id":"https:\/\/cvinoticias.com\/v3\/#\/schema\/person\/2db77e3c6bc03c538495d7b2b8be9b66","name":"f1000024","image":{"@type":"ImageObject","inLanguage":"es","@id":"https:\/\/secure.gravatar.com\/avatar\/d4fe7459cfc51ff5129ce1a732bbef5928568b8092d412ef95611616376bbeed?s=96&d=mm&r=g","url":"https:\/\/secure.gravatar.com\/avatar\/d4fe7459cfc51ff5129ce1a732bbef5928568b8092d412ef95611616376bbeed?s=96&d=mm&r=g","contentUrl":"https:\/\/secure.gravatar.com\/avatar\/d4fe7459cfc51ff5129ce1a732bbef5928568b8092d412ef95611616376bbeed?s=96&d=mm&r=g","caption":"f1000024"},"url":"https:\/\/cvinoticias.com\/v3\/author\/f1000024\/"}]}},"_links":{"self":[{"href":"https:\/\/cvinoticias.com\/v3\/wp-json\/wp\/v2\/posts\/1716","targetHints":{"allow":["GET"]}}],"collection":[{"href":"https:\/\/cvinoticias.com\/v3\/wp-json\/wp\/v2\/posts"}],"about":[{"href":"https:\/\/cvinoticias.com\/v3\/wp-json\/wp\/v2\/types\/post"}],"author":[{"embeddable":true,"href":"https:\/\/cvinoticias.com\/v3\/wp-json\/wp\/v2\/users\/2"}],"replies":[{"embeddable":true,"href":"https:\/\/cvinoticias.com\/v3\/wp-json\/wp\/v2\/comments?post=1716"}],"version-history":[{"count":1,"href":"https:\/\/cvinoticias.com\/v3\/wp-json\/wp\/v2\/posts\/1716\/revisions"}],"predecessor-version":[{"id":1718,"href":"https:\/\/cvinoticias.com\/v3\/wp-json\/wp\/v2\/posts\/1716\/revisions\/1718"}],"wp:featuredmedia":[{"embeddable":true,"href":"https:\/\/cvinoticias.com\/v3\/wp-json\/wp\/v2\/media\/1717"}],"wp:attachment":[{"href":"https:\/\/cvinoticias.com\/v3\/wp-json\/wp\/v2\/media?parent=1716"}],"wp:term":[{"taxonomy":"category","embeddable":true,"href":"https:\/\/cvinoticias.com\/v3\/wp-json\/wp\/v2\/categories?post=1716"},{"taxonomy":"post_tag","embeddable":true,"href":"https:\/\/cvinoticias.com\/v3\/wp-json\/wp\/v2\/tags?post=1716"}],"curies":[{"name":"wp","href":"https:\/\/api.w.org\/{rel}","templated":true}]}}