{"id":17152,"date":"2022-06-30T12:39:28","date_gmt":"2022-06-30T12:39:28","guid":{"rendered":"https:\/\/cvinoticias.com\/v3\/?p=17152"},"modified":"2022-06-30T12:39:28","modified_gmt":"2022-06-30T12:39:28","slug":"el-registro-de-acceso-a-los-subsidios-podra-completarse-desde-este-viernes","status":"publish","type":"post","link":"https:\/\/cvinoticias.com\/v3\/el-registro-de-acceso-a-los-subsidios-podra-completarse-desde-este-viernes\/","title":{"rendered":"El Registro de Acceso a los Subsidios podr\u00e1 completarse desde este viernes"},"content":{"rendered":"\n<p><strong><em>El formulario lo deber\u00e1n completar todos los usuarios, incluso los que tienen tarifa social, para mantener los subsidios en las tarifas de gas y luz.<\/em><\/strong><\/p>\n\n\n\n<p>Este viernes se habilitar\u00eda el Registro de Acceso a los Subsidios (RASE) en el que los usuarios que deseen mantener los subsidios en las boletas de luz y gas deber\u00e1n inscribirse.<\/p>\n\n\n\n<p>Seg\u00fan adelantaron fuentes oficiales, de no haber ning\u00fan inconveniente de \u00faltimo momento, el registro \u00abestar\u00e1 disponible desde este mismo viernes para todo el pa\u00eds\u00bb.<\/p>\n\n\n\n<p>Al mismo tiempo se habilitar\u00e1 un Centro de Atenci\u00f3n Telef\u00f3nica de Energ\u00eda, el 0800-222-7376, que funcionar\u00e1 de 8 a 20 para realizar todo tipo de consultas.<\/p>\n\n\n\n<p>Las mismas fuentes advirtieron que \u00abtodos van a tener que completarlo, incluso los que tengan hoy ya la tarifa social\u00bb.<\/p>\n\n\n\n<p>Se trata adem\u00e1s de un solo formulario que servir\u00e1 tanto para el servicio de luz como para el de gas y se podr\u00e1 completar una sola vez.<\/p>\n\n\n\n<p>\u00abSe debe completar un formulario por DNI, es decir, con un DNI se llenar un solo formulario para los dos servicios\u00bb, insistieron desde la Secretar\u00eda de Energ\u00eda y aclararon que \u00ablos inquilinos podr\u00e1n completarlo para poder mantener los subsidios en caso de estar dentro de las categor\u00edas definidas para hacerlo\u00bb.<\/p>\n\n\n\n<p>\u00abEl formulario no tiene fecha de vencimiento y se recomienda completarlo dentro de los primeros 30 d\u00edas a partir del 1\u00b0 de julio\u00bb, aclararlo y advirtieron que \u00abno cambia nada completarlo el mismo d\u00eda en que se publica, aunque s\u00ed es recomendable hacerlo dentro del mes de julio\u00bb.<\/p>\n\n\n\n<p>Completar el formulario lleva menos de 10 minutos y adem\u00e1s \u00aben la app de Mi Argentina estar\u00e1 disponible un bot\u00f3n que redireccionar\u00e1 a la web del formulario\u00bb. Estar\u00e1 alojado en https:\/\/www.argentina.gob.ar\/subsidios. S\u00f3lo podr\u00e1n ver ese bot\u00f3n quienes tengan validada su identidad.<\/p>\n","protected":false},"excerpt":{"rendered":"<p>El formulario lo deber\u00e1n completar todos los usuarios, incluso los que tienen tarifa social, para mantener los subsidios en las tarifas de gas y luz. Este viernes se habilitar\u00eda el Registro de Acceso a los Subsidios (RASE) en el que los usuarios que deseen mantener los subsidios en las boletas de luz y gas deber\u00e1n [&hellip;]<\/p>\n","protected":false},"author":2,"featured_media":17153,"comment_status":"open","ping_status":"open","sticky":false,"template":"","format":"standard","meta":{"footnotes":""},"categories":[33],"tags":[],"class_list":["post-17152","post","type-post","status-publish","format-standard","has-post-thumbnail","hentry","category-energia"],"yoast_head":"<!-- This site is optimized with the Yoast SEO plugin v27.4 - https:\/\/yoast.com\/product\/yoast-seo-wordpress\/ -->\n<title>El Registro de Acceso a los Subsidios podr\u00e1 completarse desde este viernes | CVI NOTICIAS<\/title>\n<meta name=\"robots\" content=\"index, follow, max-snippet:-1, max-image-preview:large, max-video-preview:-1\" \/>\n<link rel=\"canonical\" href=\"https:\/\/cvinoticias.com\/v3\/el-registro-de-acceso-a-los-subsidios-podra-completarse-desde-este-viernes\/\" \/>\n<meta property=\"og:locale\" content=\"es_ES\" \/>\n<meta property=\"og:type\" content=\"article\" \/>\n<meta property=\"og:title\" content=\"El Registro de Acceso a los Subsidios podr\u00e1 completarse desde este viernes | CVI NOTICIAS\" \/>\n<meta property=\"og:description\" content=\"El formulario lo deber\u00e1n completar todos los usuarios, incluso los que tienen tarifa social, para mantener los subsidios en las tarifas de gas y luz. Este viernes se habilitar\u00eda el Registro de Acceso a los Subsidios (RASE) en el que los usuarios que deseen mantener los subsidios en las boletas de luz y gas deber\u00e1n [&hellip;]\" \/>\n<meta property=\"og:url\" content=\"https:\/\/cvinoticias.com\/v3\/el-registro-de-acceso-a-los-subsidios-podra-completarse-desde-este-viernes\/\" \/>\n<meta property=\"og:site_name\" content=\"CVI NOTICIAS\" \/>\n<meta property=\"article:publisher\" content=\"https:\/\/www.facebook.com\/cvinoticias\" \/>\n<meta property=\"article:published_time\" content=\"2022-06-30T12:39:28+00:00\" \/>\n<meta property=\"og:image\" content=\"https:\/\/cvinoticias.com\/wp-content\/uploads\/2022\/06\/boletas-2.jpg\" \/>\n\t<meta property=\"og:image:width\" content=\"750\" \/>\n\t<meta property=\"og:image:height\" content=\"550\" \/>\n\t<meta property=\"og:image:type\" content=\"image\/jpeg\" \/>\n<meta name=\"author\" content=\"f1000024\" \/>\n<meta name=\"twitter:card\" content=\"summary_large_image\" \/>\n<meta name=\"twitter:label1\" content=\"Escrito por\" \/>\n\t<meta name=\"twitter:data1\" content=\"f1000024\" \/>\n\t<meta name=\"twitter:label2\" content=\"Tiempo de lectura\" \/>\n\t<meta name=\"twitter:data2\" content=\"2 minutos\" \/>\n<script type=\"application\/ld+json\" class=\"yoast-schema-graph\">{\"@context\":\"https:\\\/\\\/schema.org\",\"@graph\":[{\"@type\":\"Article\",\"@id\":\"https:\\\/\\\/cvinoticias.com\\\/v3\\\/el-registro-de-acceso-a-los-subsidios-podra-completarse-desde-este-viernes\\\/#article\",\"isPartOf\":{\"@id\":\"https:\\\/\\\/cvinoticias.com\\\/v3\\\/el-registro-de-acceso-a-los-subsidios-podra-completarse-desde-este-viernes\\\/\"},\"author\":{\"name\":\"f1000024\",\"@id\":\"https:\\\/\\\/cvinoticias.com\\\/v3\\\/#\\\/schema\\\/person\\\/2db77e3c6bc03c538495d7b2b8be9b66\"},\"headline\":\"El Registro de Acceso a los Subsidios podr\u00e1 completarse desde este viernes\",\"datePublished\":\"2022-06-30T12:39:28+00:00\",\"mainEntityOfPage\":{\"@id\":\"https:\\\/\\\/cvinoticias.com\\\/v3\\\/el-registro-de-acceso-a-los-subsidios-podra-completarse-desde-este-viernes\\\/\"},\"wordCount\":326,\"commentCount\":0,\"publisher\":{\"@id\":\"https:\\\/\\\/cvinoticias.com\\\/v3\\\/#organization\"},\"image\":{\"@id\":\"https:\\\/\\\/cvinoticias.com\\\/v3\\\/el-registro-de-acceso-a-los-subsidios-podra-completarse-desde-este-viernes\\\/#primaryimage\"},\"thumbnailUrl\":\"https:\\\/\\\/cvinoticias.com\\\/wp-content\\\/uploads\\\/2022\\\/06\\\/boletas-2.jpg\",\"articleSection\":[\"Energ\u00eda\"],\"inLanguage\":\"es\",\"potentialAction\":[{\"@type\":\"CommentAction\",\"name\":\"Comment\",\"target\":[\"https:\\\/\\\/cvinoticias.com\\\/v3\\\/el-registro-de-acceso-a-los-subsidios-podra-completarse-desde-este-viernes\\\/#respond\"]}]},{\"@type\":\"WebPage\",\"@id\":\"https:\\\/\\\/cvinoticias.com\\\/v3\\\/el-registro-de-acceso-a-los-subsidios-podra-completarse-desde-este-viernes\\\/\",\"url\":\"https:\\\/\\\/cvinoticias.com\\\/v3\\\/el-registro-de-acceso-a-los-subsidios-podra-completarse-desde-este-viernes\\\/\",\"name\":\"El Registro de Acceso a los Subsidios podr\u00e1 completarse desde este viernes | CVI NOTICIAS\",\"isPartOf\":{\"@id\":\"https:\\\/\\\/cvinoticias.com\\\/v3\\\/#website\"},\"primaryImageOfPage\":{\"@id\":\"https:\\\/\\\/cvinoticias.com\\\/v3\\\/el-registro-de-acceso-a-los-subsidios-podra-completarse-desde-este-viernes\\\/#primaryimage\"},\"image\":{\"@id\":\"https:\\\/\\\/cvinoticias.com\\\/v3\\\/el-registro-de-acceso-a-los-subsidios-podra-completarse-desde-este-viernes\\\/#primaryimage\"},\"thumbnailUrl\":\"https:\\\/\\\/cvinoticias.com\\\/wp-content\\\/uploads\\\/2022\\\/06\\\/boletas-2.jpg\",\"datePublished\":\"2022-06-30T12:39:28+00:00\",\"breadcrumb\":{\"@id\":\"https:\\\/\\\/cvinoticias.com\\\/v3\\\/el-registro-de-acceso-a-los-subsidios-podra-completarse-desde-este-viernes\\\/#breadcrumb\"},\"inLanguage\":\"es\",\"potentialAction\":[{\"@type\":\"ReadAction\",\"target\":[\"https:\\\/\\\/cvinoticias.com\\\/v3\\\/el-registro-de-acceso-a-los-subsidios-podra-completarse-desde-este-viernes\\\/\"]}]},{\"@type\":\"ImageObject\",\"inLanguage\":\"es\",\"@id\":\"https:\\\/\\\/cvinoticias.com\\\/v3\\\/el-registro-de-acceso-a-los-subsidios-podra-completarse-desde-este-viernes\\\/#primaryimage\",\"url\":\"https:\\\/\\\/cvinoticias.com\\\/wp-content\\\/uploads\\\/2022\\\/06\\\/boletas-2.jpg\",\"contentUrl\":\"https:\\\/\\\/cvinoticias.com\\\/wp-content\\\/uploads\\\/2022\\\/06\\\/boletas-2.jpg\",\"width\":750,\"height\":550},{\"@type\":\"BreadcrumbList\",\"@id\":\"https:\\\/\\\/cvinoticias.com\\\/v3\\\/el-registro-de-acceso-a-los-subsidios-podra-completarse-desde-este-viernes\\\/#breadcrumb\",\"itemListElement\":[{\"@type\":\"ListItem\",\"position\":1,\"name\":\"Portada\",\"item\":\"https:\\\/\\\/cvinoticias.com\\\/v3\\\/\"},{\"@type\":\"ListItem\",\"position\":2,\"name\":\"El Registro de Acceso a los Subsidios podr\u00e1 completarse desde este viernes\"}]},{\"@type\":\"WebSite\",\"@id\":\"https:\\\/\\\/cvinoticias.com\\\/v3\\\/#website\",\"url\":\"https:\\\/\\\/cvinoticias.com\\\/v3\\\/\",\"name\":\"CVI NOTICIAS\",\"description\":\"\",\"publisher\":{\"@id\":\"https:\\\/\\\/cvinoticias.com\\\/v3\\\/#organization\"},\"alternateName\":\"CVI\",\"potentialAction\":[{\"@type\":\"SearchAction\",\"target\":{\"@type\":\"EntryPoint\",\"urlTemplate\":\"https:\\\/\\\/cvinoticias.com\\\/v3\\\/?s={search_term_string}\"},\"query-input\":{\"@type\":\"PropertyValueSpecification\",\"valueRequired\":true,\"valueName\":\"search_term_string\"}}],\"inLanguage\":\"es\"},{\"@type\":\"Organization\",\"@id\":\"https:\\\/\\\/cvinoticias.com\\\/v3\\\/#organization\",\"name\":\"CVI NOTICIAS\",\"url\":\"https:\\\/\\\/cvinoticias.com\\\/v3\\\/\",\"logo\":{\"@type\":\"ImageObject\",\"inLanguage\":\"es\",\"@id\":\"https:\\\/\\\/cvinoticias.com\\\/v3\\\/#\\\/schema\\\/logo\\\/image\\\/\",\"url\":\"https:\\\/\\\/cvinoticias.com\\\/wp-content\\\/uploads\\\/2023\\\/04\\\/cropped-cropped-cropped-cropped-cropped-3-1.png\",\"contentUrl\":\"https:\\\/\\\/cvinoticias.com\\\/wp-content\\\/uploads\\\/2023\\\/04\\\/cropped-cropped-cropped-cropped-cropped-3-1.png\",\"width\":95,\"height\":122,\"caption\":\"CVI NOTICIAS\"},\"image\":{\"@id\":\"https:\\\/\\\/cvinoticias.com\\\/v3\\\/#\\\/schema\\\/logo\\\/image\\\/\"},\"sameAs\":[\"https:\\\/\\\/www.facebook.com\\\/cvinoticias\",\"https:\\\/\\\/www.instagram.com\\\/cvinoticias\\\/\",\"https:\\\/\\\/www.youtube.com\\\/@CVINOTICIAS\"]},{\"@type\":\"Person\",\"@id\":\"https:\\\/\\\/cvinoticias.com\\\/v3\\\/#\\\/schema\\\/person\\\/2db77e3c6bc03c538495d7b2b8be9b66\",\"name\":\"f1000024\",\"image\":{\"@type\":\"ImageObject\",\"inLanguage\":\"es\",\"@id\":\"https:\\\/\\\/secure.gravatar.com\\\/avatar\\\/d4fe7459cfc51ff5129ce1a732bbef5928568b8092d412ef95611616376bbeed?s=96&d=mm&r=g\",\"url\":\"https:\\\/\\\/secure.gravatar.com\\\/avatar\\\/d4fe7459cfc51ff5129ce1a732bbef5928568b8092d412ef95611616376bbeed?s=96&d=mm&r=g\",\"contentUrl\":\"https:\\\/\\\/secure.gravatar.com\\\/avatar\\\/d4fe7459cfc51ff5129ce1a732bbef5928568b8092d412ef95611616376bbeed?s=96&d=mm&r=g\",\"caption\":\"f1000024\"},\"url\":\"https:\\\/\\\/cvinoticias.com\\\/v3\\\/author\\\/f1000024\\\/\"}]}<\/script>\n<!-- \/ Yoast SEO plugin. -->","yoast_head_json":{"title":"El Registro de Acceso a los Subsidios podr\u00e1 completarse desde este viernes | CVI NOTICIAS","robots":{"index":"index","follow":"follow","max-snippet":"max-snippet:-1","max-image-preview":"max-image-preview:large","max-video-preview":"max-video-preview:-1"},"canonical":"https:\/\/cvinoticias.com\/v3\/el-registro-de-acceso-a-los-subsidios-podra-completarse-desde-este-viernes\/","og_locale":"es_ES","og_type":"article","og_title":"El Registro de Acceso a los Subsidios podr\u00e1 completarse desde este viernes | CVI NOTICIAS","og_description":"El formulario lo deber\u00e1n completar todos los usuarios, incluso los que tienen tarifa social, para mantener los subsidios en las tarifas de gas y luz. Este viernes se habilitar\u00eda el Registro de Acceso a los Subsidios (RASE) en el que los usuarios que deseen mantener los subsidios en las boletas de luz y gas deber\u00e1n [&hellip;]","og_url":"https:\/\/cvinoticias.com\/v3\/el-registro-de-acceso-a-los-subsidios-podra-completarse-desde-este-viernes\/","og_site_name":"CVI NOTICIAS","article_publisher":"https:\/\/www.facebook.com\/cvinoticias","article_published_time":"2022-06-30T12:39:28+00:00","og_image":[{"width":750,"height":550,"url":"https:\/\/cvinoticias.com\/wp-content\/uploads\/2022\/06\/boletas-2.jpg","type":"image\/jpeg"}],"author":"f1000024","twitter_card":"summary_large_image","twitter_misc":{"Escrito por":"f1000024","Tiempo de lectura":"2 minutos"},"schema":{"@context":"https:\/\/schema.org","@graph":[{"@type":"Article","@id":"https:\/\/cvinoticias.com\/v3\/el-registro-de-acceso-a-los-subsidios-podra-completarse-desde-este-viernes\/#article","isPartOf":{"@id":"https:\/\/cvinoticias.com\/v3\/el-registro-de-acceso-a-los-subsidios-podra-completarse-desde-este-viernes\/"},"author":{"name":"f1000024","@id":"https:\/\/cvinoticias.com\/v3\/#\/schema\/person\/2db77e3c6bc03c538495d7b2b8be9b66"},"headline":"El Registro de Acceso a los Subsidios podr\u00e1 completarse desde este viernes","datePublished":"2022-06-30T12:39:28+00:00","mainEntityOfPage":{"@id":"https:\/\/cvinoticias.com\/v3\/el-registro-de-acceso-a-los-subsidios-podra-completarse-desde-este-viernes\/"},"wordCount":326,"commentCount":0,"publisher":{"@id":"https:\/\/cvinoticias.com\/v3\/#organization"},"image":{"@id":"https:\/\/cvinoticias.com\/v3\/el-registro-de-acceso-a-los-subsidios-podra-completarse-desde-este-viernes\/#primaryimage"},"thumbnailUrl":"https:\/\/cvinoticias.com\/wp-content\/uploads\/2022\/06\/boletas-2.jpg","articleSection":["Energ\u00eda"],"inLanguage":"es","potentialAction":[{"@type":"CommentAction","name":"Comment","target":["https:\/\/cvinoticias.com\/v3\/el-registro-de-acceso-a-los-subsidios-podra-completarse-desde-este-viernes\/#respond"]}]},{"@type":"WebPage","@id":"https:\/\/cvinoticias.com\/v3\/el-registro-de-acceso-a-los-subsidios-podra-completarse-desde-este-viernes\/","url":"https:\/\/cvinoticias.com\/v3\/el-registro-de-acceso-a-los-subsidios-podra-completarse-desde-este-viernes\/","name":"El Registro de Acceso a los Subsidios podr\u00e1 completarse desde este viernes | CVI NOTICIAS","isPartOf":{"@id":"https:\/\/cvinoticias.com\/v3\/#website"},"primaryImageOfPage":{"@id":"https:\/\/cvinoticias.com\/v3\/el-registro-de-acceso-a-los-subsidios-podra-completarse-desde-este-viernes\/#primaryimage"},"image":{"@id":"https:\/\/cvinoticias.com\/v3\/el-registro-de-acceso-a-los-subsidios-podra-completarse-desde-este-viernes\/#primaryimage"},"thumbnailUrl":"https:\/\/cvinoticias.com\/wp-content\/uploads\/2022\/06\/boletas-2.jpg","datePublished":"2022-06-30T12:39:28+00:00","breadcrumb":{"@id":"https:\/\/cvinoticias.com\/v3\/el-registro-de-acceso-a-los-subsidios-podra-completarse-desde-este-viernes\/#breadcrumb"},"inLanguage":"es","potentialAction":[{"@type":"ReadAction","target":["https:\/\/cvinoticias.com\/v3\/el-registro-de-acceso-a-los-subsidios-podra-completarse-desde-este-viernes\/"]}]},{"@type":"ImageObject","inLanguage":"es","@id":"https:\/\/cvinoticias.com\/v3\/el-registro-de-acceso-a-los-subsidios-podra-completarse-desde-este-viernes\/#primaryimage","url":"https:\/\/cvinoticias.com\/wp-content\/uploads\/2022\/06\/boletas-2.jpg","contentUrl":"https:\/\/cvinoticias.com\/wp-content\/uploads\/2022\/06\/boletas-2.jpg","width":750,"height":550},{"@type":"BreadcrumbList","@id":"https:\/\/cvinoticias.com\/v3\/el-registro-de-acceso-a-los-subsidios-podra-completarse-desde-este-viernes\/#breadcrumb","itemListElement":[{"@type":"ListItem","position":1,"name":"Portada","item":"https:\/\/cvinoticias.com\/v3\/"},{"@type":"ListItem","position":2,"name":"El Registro de Acceso a los Subsidios podr\u00e1 completarse desde este viernes"}]},{"@type":"WebSite","@id":"https:\/\/cvinoticias.com\/v3\/#website","url":"https:\/\/cvinoticias.com\/v3\/","name":"CVI NOTICIAS","description":"","publisher":{"@id":"https:\/\/cvinoticias.com\/v3\/#organization"},"alternateName":"CVI","potentialAction":[{"@type":"SearchAction","target":{"@type":"EntryPoint","urlTemplate":"https:\/\/cvinoticias.com\/v3\/?s={search_term_string}"},"query-input":{"@type":"PropertyValueSpecification","valueRequired":true,"valueName":"search_term_string"}}],"inLanguage":"es"},{"@type":"Organization","@id":"https:\/\/cvinoticias.com\/v3\/#organization","name":"CVI NOTICIAS","url":"https:\/\/cvinoticias.com\/v3\/","logo":{"@type":"ImageObject","inLanguage":"es","@id":"https:\/\/cvinoticias.com\/v3\/#\/schema\/logo\/image\/","url":"https:\/\/cvinoticias.com\/wp-content\/uploads\/2023\/04\/cropped-cropped-cropped-cropped-cropped-3-1.png","contentUrl":"https:\/\/cvinoticias.com\/wp-content\/uploads\/2023\/04\/cropped-cropped-cropped-cropped-cropped-3-1.png","width":95,"height":122,"caption":"CVI NOTICIAS"},"image":{"@id":"https:\/\/cvinoticias.com\/v3\/#\/schema\/logo\/image\/"},"sameAs":["https:\/\/www.facebook.com\/cvinoticias","https:\/\/www.instagram.com\/cvinoticias\/","https:\/\/www.youtube.com\/@CVINOTICIAS"]},{"@type":"Person","@id":"https:\/\/cvinoticias.com\/v3\/#\/schema\/person\/2db77e3c6bc03c538495d7b2b8be9b66","name":"f1000024","image":{"@type":"ImageObject","inLanguage":"es","@id":"https:\/\/secure.gravatar.com\/avatar\/d4fe7459cfc51ff5129ce1a732bbef5928568b8092d412ef95611616376bbeed?s=96&d=mm&r=g","url":"https:\/\/secure.gravatar.com\/avatar\/d4fe7459cfc51ff5129ce1a732bbef5928568b8092d412ef95611616376bbeed?s=96&d=mm&r=g","contentUrl":"https:\/\/secure.gravatar.com\/avatar\/d4fe7459cfc51ff5129ce1a732bbef5928568b8092d412ef95611616376bbeed?s=96&d=mm&r=g","caption":"f1000024"},"url":"https:\/\/cvinoticias.com\/v3\/author\/f1000024\/"}]}},"_links":{"self":[{"href":"https:\/\/cvinoticias.com\/v3\/wp-json\/wp\/v2\/posts\/17152","targetHints":{"allow":["GET"]}}],"collection":[{"href":"https:\/\/cvinoticias.com\/v3\/wp-json\/wp\/v2\/posts"}],"about":[{"href":"https:\/\/cvinoticias.com\/v3\/wp-json\/wp\/v2\/types\/post"}],"author":[{"embeddable":true,"href":"https:\/\/cvinoticias.com\/v3\/wp-json\/wp\/v2\/users\/2"}],"replies":[{"embeddable":true,"href":"https:\/\/cvinoticias.com\/v3\/wp-json\/wp\/v2\/comments?post=17152"}],"version-history":[{"count":1,"href":"https:\/\/cvinoticias.com\/v3\/wp-json\/wp\/v2\/posts\/17152\/revisions"}],"predecessor-version":[{"id":17154,"href":"https:\/\/cvinoticias.com\/v3\/wp-json\/wp\/v2\/posts\/17152\/revisions\/17154"}],"wp:featuredmedia":[{"embeddable":true,"href":"https:\/\/cvinoticias.com\/v3\/wp-json\/wp\/v2\/media\/17153"}],"wp:attachment":[{"href":"https:\/\/cvinoticias.com\/v3\/wp-json\/wp\/v2\/media?parent=17152"}],"wp:term":[{"taxonomy":"category","embeddable":true,"href":"https:\/\/cvinoticias.com\/v3\/wp-json\/wp\/v2\/categories?post=17152"},{"taxonomy":"post_tag","embeddable":true,"href":"https:\/\/cvinoticias.com\/v3\/wp-json\/wp\/v2\/tags?post=17152"}],"curies":[{"name":"wp","href":"https:\/\/api.w.org\/{rel}","templated":true}]}}