{"id":17079,"date":"2022-06-29T12:08:07","date_gmt":"2022-06-29T12:08:07","guid":{"rendered":"https:\/\/cvinoticias.com\/v3\/?p=17079"},"modified":"2022-06-29T12:08:07","modified_gmt":"2022-06-29T12:08:07","slug":"tarifas-informaron-que-datos-pediran-a-los-usuarios-para-mantener-los-subsidios","status":"publish","type":"post","link":"https:\/\/cvinoticias.com\/v3\/tarifas-informaron-que-datos-pediran-a-los-usuarios-para-mantener-los-subsidios\/","title":{"rendered":"<br>Tarifas: informaron qu\u00e9 datos pedir\u00e1n a los usuarios para mantener los subsidios"},"content":{"rendered":"\n<p><strong><em>A trav\u00e9s de la Disposici\u00f3n 1\/2022 de la Subsecretar\u00eda de Planeamiento Estrat\u00e9gico que depende del Ministerio de Econom\u00eda, se dio a conocer qu\u00e9 datos le pedir\u00e1n a los usuarios para mantener los subsidios.<\/em><\/strong><\/p>\n\n\n\n<p>El Gobierno dio un paso m\u00e1s hacia la segmentaci\u00f3n de<strong>&nbsp;tarifas.&nbsp;<\/strong>A trav\u00e9s de la Disposici\u00f3n 1\/2022 de la Subsecretar\u00eda de Planeamiento Estrat\u00e9gico que depende del Ministerio de Econom\u00eda, se dio a conocer qu\u00e9 datos le pedir\u00e1n a los&nbsp;<strong>usuarios<\/strong>&nbsp;para mantener los subsidios mediante la Ley de Protecci\u00f3n de Datos Personales N\u00ba 25.326.<\/p>\n\n\n\n<p>En el anexo, se detalla que la Base de datos denominada \u00abDeclaraci\u00f3n Jurada de Usuarios de Servicios (en adelante, la \u00abBase de datos\u00bb) receptar\u00e1 por parte de sus usuarios\/as datos vinculados con la solicitud de subsidios a los servicios p\u00fablicos de gas y electricidad a trav\u00e9s de una herramienta inform\u00e1tica, con la finalidad de obtener informaci\u00f3n \u00fatil en el marco de los alcances de los subsidios\u00bb.<\/p>\n\n\n\n<p>Aclaran, que la base de datos ser\u00e1 informatizada y requerir\u00e1 los siguientes datos:<\/p>\n\n\n\n<p>Documento de Identidad<\/p>\n\n\n\n<p>N\u00b0 de Tr\u00e1mite<\/p>\n\n\n\n<p>Nombre y apellido<\/p>\n\n\n\n<p>CUIL<\/p>\n\n\n\n<p>G\u00e9nero<\/p>\n\n\n\n<p>Fecha de nacimiento<\/p>\n\n\n\n<p>Datos socioecon\u00f3micos<\/p>\n\n\n\n<p>Situaci\u00f3n laboral<\/p>\n\n\n\n<p>Datos de contacto<\/p>\n\n\n\n<p>Domicilio declarado por el usuario<\/p>\n\n\n\n<p>Relaci\u00f3n con el domicilio<\/p>\n\n\n\n<p>Datos del servicio de la luz<\/p>\n\n\n\n<p>Datos del servicio de gas<\/p>\n\n\n\n<p>Datos del grupo conviviente<\/p>\n\n\n\n<p>Todos los datos ser\u00e1n parte de las declaraciones juradas completadas que<strong>&nbsp;estar\u00e1n disponible en formato digital en el sitio web&nbsp;<a href=\"https:\/\/www.argentina.gob.ar\/\" target=\"_blank\" rel=\"noreferrer noopener\">https:\/\/www.argentina.gob.ar<\/a><\/strong><\/p>\n\n\n\n<p><strong>Segmentaci\u00f3n: niveles de usuarios<\/strong><\/p>\n\n\n\n<p>Funcionarios del Gobierno se\u00f1alaron que esperan que el proceso de inscripci\u00f3n en el registro se complete de modo r\u00e1pido. Se prev\u00e9 una campa\u00f1a de informaci\u00f3n p\u00fablica para advertir a la poblaci\u00f3n sobre los cambios en las condiciones. Consideran que el tr\u00e1mite es equiparable a la inscripci\u00f3n para el Ingreso Familiar de Emergencia (IFE) en el que mas de 7 millones de personas completaron el tr\u00e1mite.<\/p>\n\n\n\n<p><strong>Habr\u00e1 tres niveles de usuarios:<\/strong><\/p>\n\n\n\n<p><strong>Alto:&nbsp;<\/strong>ingresos mensuales totales del hogar que superen los $ 333 mil pesos (el equivalente a 3,5 canastas b\u00e1sicas tipo 2 seg\u00fan el INDEC), tener 3 o m\u00e1s veh\u00edculos con una antig\u00fcedad menor a 5 a\u00f1os, 3 o m\u00e1s inmuebles o una embarcaci\u00f3n o aeronave.<\/p>\n\n\n\n<p><strong>Medio: i<\/strong>ngresos mensuales totales del hogar mayores a 1,5 pero menores a 3 canastas b\u00e1sicas tipo 2 seg\u00fan el INDEC, no tener m\u00e1s de 3 inmuebles y no poseer 2 o m\u00e1s veh\u00edculos con una antig\u00fcedad menor a 5 a\u00f1os.<\/p>\n\n\n\n<p><strong>Social:&nbsp;<\/strong>este grupo declara tener ingresos mensuales totales del hogar equivalente a 1 canasta b\u00e1sica tipo 2 seg\u00fan el INDEC, tener menos de 2 inmuebles o no poseer ninguno y no tener un veh\u00edculo con menos de 3 a\u00f1os de antig\u00fcedad.<\/p>\n","protected":false},"excerpt":{"rendered":"<p>A trav\u00e9s de la Disposici\u00f3n 1\/2022 de la Subsecretar\u00eda de Planeamiento Estrat\u00e9gico que depende del Ministerio de Econom\u00eda, se dio a conocer qu\u00e9 datos le pedir\u00e1n a los usuarios para mantener los subsidios. El Gobierno dio un paso m\u00e1s hacia la segmentaci\u00f3n de&nbsp;tarifas.&nbsp;A trav\u00e9s de la Disposici\u00f3n 1\/2022 de la Subsecretar\u00eda de Planeamiento Estrat\u00e9gico que [&hellip;]<\/p>\n","protected":false},"author":2,"featured_media":17080,"comment_status":"open","ping_status":"open","sticky":false,"template":"","format":"standard","meta":{"footnotes":""},"categories":[33],"tags":[],"class_list":["post-17079","post","type-post","status-publish","format-standard","has-post-thumbnail","hentry","category-energia"],"yoast_head":"<!-- This site is optimized with the Yoast SEO plugin v27.5 - https:\/\/yoast.com\/product\/yoast-seo-wordpress\/ -->\n<title>Tarifas: informaron qu\u00e9 datos pedir\u00e1n a los usuarios para mantener los subsidios | CVI NOTICIAS<\/title>\n<meta name=\"robots\" content=\"index, follow, max-snippet:-1, max-image-preview:large, max-video-preview:-1\" \/>\n<link rel=\"canonical\" href=\"https:\/\/cvinoticias.com\/v3\/tarifas-informaron-que-datos-pediran-a-los-usuarios-para-mantener-los-subsidios\/\" \/>\n<meta property=\"og:locale\" content=\"es_ES\" \/>\n<meta property=\"og:type\" content=\"article\" \/>\n<meta property=\"og:title\" content=\"Tarifas: informaron qu\u00e9 datos pedir\u00e1n a los usuarios para mantener los subsidios | CVI NOTICIAS\" \/>\n<meta property=\"og:description\" content=\"A trav\u00e9s de la Disposici\u00f3n 1\/2022 de la Subsecretar\u00eda de Planeamiento Estrat\u00e9gico que depende del Ministerio de Econom\u00eda, se dio a conocer qu\u00e9 datos le pedir\u00e1n a los usuarios para mantener los subsidios. El Gobierno dio un paso m\u00e1s hacia la segmentaci\u00f3n de&nbsp;tarifas.&nbsp;A trav\u00e9s de la Disposici\u00f3n 1\/2022 de la Subsecretar\u00eda de Planeamiento Estrat\u00e9gico que [&hellip;]\" \/>\n<meta property=\"og:url\" content=\"https:\/\/cvinoticias.com\/v3\/tarifas-informaron-que-datos-pediran-a-los-usuarios-para-mantener-los-subsidios\/\" \/>\n<meta property=\"og:site_name\" content=\"CVI NOTICIAS\" \/>\n<meta property=\"article:publisher\" content=\"https:\/\/www.facebook.com\/cvinoticias\" \/>\n<meta property=\"article:published_time\" content=\"2022-06-29T12:08:07+00:00\" \/>\n<meta property=\"og:image\" content=\"https:\/\/cvinoticias.com\/wp-content\/uploads\/2022\/06\/subsidios-energeticos.jpg\" \/>\n\t<meta property=\"og:image:width\" content=\"800\" \/>\n\t<meta property=\"og:image:height\" content=\"600\" \/>\n\t<meta property=\"og:image:type\" content=\"image\/jpeg\" \/>\n<meta name=\"author\" content=\"f1000024\" \/>\n<meta name=\"twitter:card\" content=\"summary_large_image\" \/>\n<meta name=\"twitter:label1\" content=\"Escrito por\" \/>\n\t<meta name=\"twitter:data1\" content=\"f1000024\" \/>\n\t<meta name=\"twitter:label2\" content=\"Tiempo de lectura\" \/>\n\t<meta name=\"twitter:data2\" content=\"2 minutos\" \/>\n<script type=\"application\/ld+json\" class=\"yoast-schema-graph\">{\"@context\":\"https:\\\/\\\/schema.org\",\"@graph\":[{\"@type\":\"Article\",\"@id\":\"https:\\\/\\\/cvinoticias.com\\\/v3\\\/tarifas-informaron-que-datos-pediran-a-los-usuarios-para-mantener-los-subsidios\\\/#article\",\"isPartOf\":{\"@id\":\"https:\\\/\\\/cvinoticias.com\\\/v3\\\/tarifas-informaron-que-datos-pediran-a-los-usuarios-para-mantener-los-subsidios\\\/\"},\"author\":{\"name\":\"f1000024\",\"@id\":\"https:\\\/\\\/cvinoticias.com\\\/v3\\\/#\\\/schema\\\/person\\\/2db77e3c6bc03c538495d7b2b8be9b66\"},\"headline\":\"Tarifas: informaron qu\u00e9 datos pedir\u00e1n a los usuarios para mantener los subsidios\",\"datePublished\":\"2022-06-29T12:08:07+00:00\",\"mainEntityOfPage\":{\"@id\":\"https:\\\/\\\/cvinoticias.com\\\/v3\\\/tarifas-informaron-que-datos-pediran-a-los-usuarios-para-mantener-los-subsidios\\\/\"},\"wordCount\":495,\"commentCount\":0,\"publisher\":{\"@id\":\"https:\\\/\\\/cvinoticias.com\\\/v3\\\/#organization\"},\"image\":{\"@id\":\"https:\\\/\\\/cvinoticias.com\\\/v3\\\/tarifas-informaron-que-datos-pediran-a-los-usuarios-para-mantener-los-subsidios\\\/#primaryimage\"},\"thumbnailUrl\":\"https:\\\/\\\/cvinoticias.com\\\/wp-content\\\/uploads\\\/2022\\\/06\\\/subsidios-energeticos.jpg\",\"articleSection\":[\"Energ\u00eda\"],\"inLanguage\":\"es\",\"potentialAction\":[{\"@type\":\"CommentAction\",\"name\":\"Comment\",\"target\":[\"https:\\\/\\\/cvinoticias.com\\\/v3\\\/tarifas-informaron-que-datos-pediran-a-los-usuarios-para-mantener-los-subsidios\\\/#respond\"]}]},{\"@type\":\"WebPage\",\"@id\":\"https:\\\/\\\/cvinoticias.com\\\/v3\\\/tarifas-informaron-que-datos-pediran-a-los-usuarios-para-mantener-los-subsidios\\\/\",\"url\":\"https:\\\/\\\/cvinoticias.com\\\/v3\\\/tarifas-informaron-que-datos-pediran-a-los-usuarios-para-mantener-los-subsidios\\\/\",\"name\":\"Tarifas: informaron qu\u00e9 datos pedir\u00e1n a los usuarios para mantener los subsidios | CVI NOTICIAS\",\"isPartOf\":{\"@id\":\"https:\\\/\\\/cvinoticias.com\\\/v3\\\/#website\"},\"primaryImageOfPage\":{\"@id\":\"https:\\\/\\\/cvinoticias.com\\\/v3\\\/tarifas-informaron-que-datos-pediran-a-los-usuarios-para-mantener-los-subsidios\\\/#primaryimage\"},\"image\":{\"@id\":\"https:\\\/\\\/cvinoticias.com\\\/v3\\\/tarifas-informaron-que-datos-pediran-a-los-usuarios-para-mantener-los-subsidios\\\/#primaryimage\"},\"thumbnailUrl\":\"https:\\\/\\\/cvinoticias.com\\\/wp-content\\\/uploads\\\/2022\\\/06\\\/subsidios-energeticos.jpg\",\"datePublished\":\"2022-06-29T12:08:07+00:00\",\"breadcrumb\":{\"@id\":\"https:\\\/\\\/cvinoticias.com\\\/v3\\\/tarifas-informaron-que-datos-pediran-a-los-usuarios-para-mantener-los-subsidios\\\/#breadcrumb\"},\"inLanguage\":\"es\",\"potentialAction\":[{\"@type\":\"ReadAction\",\"target\":[\"https:\\\/\\\/cvinoticias.com\\\/v3\\\/tarifas-informaron-que-datos-pediran-a-los-usuarios-para-mantener-los-subsidios\\\/\"]}]},{\"@type\":\"ImageObject\",\"inLanguage\":\"es\",\"@id\":\"https:\\\/\\\/cvinoticias.com\\\/v3\\\/tarifas-informaron-que-datos-pediran-a-los-usuarios-para-mantener-los-subsidios\\\/#primaryimage\",\"url\":\"https:\\\/\\\/cvinoticias.com\\\/wp-content\\\/uploads\\\/2022\\\/06\\\/subsidios-energeticos.jpg\",\"contentUrl\":\"https:\\\/\\\/cvinoticias.com\\\/wp-content\\\/uploads\\\/2022\\\/06\\\/subsidios-energeticos.jpg\",\"width\":800,\"height\":600},{\"@type\":\"BreadcrumbList\",\"@id\":\"https:\\\/\\\/cvinoticias.com\\\/v3\\\/tarifas-informaron-que-datos-pediran-a-los-usuarios-para-mantener-los-subsidios\\\/#breadcrumb\",\"itemListElement\":[{\"@type\":\"ListItem\",\"position\":1,\"name\":\"Portada\",\"item\":\"https:\\\/\\\/cvinoticias.com\\\/v3\\\/\"},{\"@type\":\"ListItem\",\"position\":2,\"name\":\"Tarifas: informaron qu\u00e9 datos pedir\u00e1n a los usuarios para mantener los subsidios\"}]},{\"@type\":\"WebSite\",\"@id\":\"https:\\\/\\\/cvinoticias.com\\\/v3\\\/#website\",\"url\":\"https:\\\/\\\/cvinoticias.com\\\/v3\\\/\",\"name\":\"CVI NOTICIAS\",\"description\":\"\",\"publisher\":{\"@id\":\"https:\\\/\\\/cvinoticias.com\\\/v3\\\/#organization\"},\"alternateName\":\"CVI\",\"potentialAction\":[{\"@type\":\"SearchAction\",\"target\":{\"@type\":\"EntryPoint\",\"urlTemplate\":\"https:\\\/\\\/cvinoticias.com\\\/v3\\\/?s={search_term_string}\"},\"query-input\":{\"@type\":\"PropertyValueSpecification\",\"valueRequired\":true,\"valueName\":\"search_term_string\"}}],\"inLanguage\":\"es\"},{\"@type\":\"Organization\",\"@id\":\"https:\\\/\\\/cvinoticias.com\\\/v3\\\/#organization\",\"name\":\"CVI NOTICIAS\",\"url\":\"https:\\\/\\\/cvinoticias.com\\\/v3\\\/\",\"logo\":{\"@type\":\"ImageObject\",\"inLanguage\":\"es\",\"@id\":\"https:\\\/\\\/cvinoticias.com\\\/v3\\\/#\\\/schema\\\/logo\\\/image\\\/\",\"url\":\"https:\\\/\\\/cvinoticias.com\\\/wp-content\\\/uploads\\\/2023\\\/04\\\/cropped-cropped-cropped-cropped-cropped-3-1.png\",\"contentUrl\":\"https:\\\/\\\/cvinoticias.com\\\/wp-content\\\/uploads\\\/2023\\\/04\\\/cropped-cropped-cropped-cropped-cropped-3-1.png\",\"width\":95,\"height\":122,\"caption\":\"CVI NOTICIAS\"},\"image\":{\"@id\":\"https:\\\/\\\/cvinoticias.com\\\/v3\\\/#\\\/schema\\\/logo\\\/image\\\/\"},\"sameAs\":[\"https:\\\/\\\/www.facebook.com\\\/cvinoticias\",\"https:\\\/\\\/www.instagram.com\\\/cvinoticias\\\/\",\"https:\\\/\\\/www.youtube.com\\\/@CVINOTICIAS\"]},{\"@type\":\"Person\",\"@id\":\"https:\\\/\\\/cvinoticias.com\\\/v3\\\/#\\\/schema\\\/person\\\/2db77e3c6bc03c538495d7b2b8be9b66\",\"name\":\"f1000024\",\"image\":{\"@type\":\"ImageObject\",\"inLanguage\":\"es\",\"@id\":\"https:\\\/\\\/secure.gravatar.com\\\/avatar\\\/d4fe7459cfc51ff5129ce1a732bbef5928568b8092d412ef95611616376bbeed?s=96&d=mm&r=g\",\"url\":\"https:\\\/\\\/secure.gravatar.com\\\/avatar\\\/d4fe7459cfc51ff5129ce1a732bbef5928568b8092d412ef95611616376bbeed?s=96&d=mm&r=g\",\"contentUrl\":\"https:\\\/\\\/secure.gravatar.com\\\/avatar\\\/d4fe7459cfc51ff5129ce1a732bbef5928568b8092d412ef95611616376bbeed?s=96&d=mm&r=g\",\"caption\":\"f1000024\"},\"url\":\"https:\\\/\\\/cvinoticias.com\\\/v3\\\/author\\\/f1000024\\\/\"}]}<\/script>\n<!-- \/ Yoast SEO plugin. -->","yoast_head_json":{"title":"Tarifas: informaron qu\u00e9 datos pedir\u00e1n a los usuarios para mantener los subsidios | CVI NOTICIAS","robots":{"index":"index","follow":"follow","max-snippet":"max-snippet:-1","max-image-preview":"max-image-preview:large","max-video-preview":"max-video-preview:-1"},"canonical":"https:\/\/cvinoticias.com\/v3\/tarifas-informaron-que-datos-pediran-a-los-usuarios-para-mantener-los-subsidios\/","og_locale":"es_ES","og_type":"article","og_title":"Tarifas: informaron qu\u00e9 datos pedir\u00e1n a los usuarios para mantener los subsidios | CVI NOTICIAS","og_description":"A trav\u00e9s de la Disposici\u00f3n 1\/2022 de la Subsecretar\u00eda de Planeamiento Estrat\u00e9gico que depende del Ministerio de Econom\u00eda, se dio a conocer qu\u00e9 datos le pedir\u00e1n a los usuarios para mantener los subsidios. El Gobierno dio un paso m\u00e1s hacia la segmentaci\u00f3n de&nbsp;tarifas.&nbsp;A trav\u00e9s de la Disposici\u00f3n 1\/2022 de la Subsecretar\u00eda de Planeamiento Estrat\u00e9gico que [&hellip;]","og_url":"https:\/\/cvinoticias.com\/v3\/tarifas-informaron-que-datos-pediran-a-los-usuarios-para-mantener-los-subsidios\/","og_site_name":"CVI NOTICIAS","article_publisher":"https:\/\/www.facebook.com\/cvinoticias","article_published_time":"2022-06-29T12:08:07+00:00","og_image":[{"width":800,"height":600,"url":"https:\/\/cvinoticias.com\/wp-content\/uploads\/2022\/06\/subsidios-energeticos.jpg","type":"image\/jpeg"}],"author":"f1000024","twitter_card":"summary_large_image","twitter_misc":{"Escrito por":"f1000024","Tiempo de lectura":"2 minutos"},"schema":{"@context":"https:\/\/schema.org","@graph":[{"@type":"Article","@id":"https:\/\/cvinoticias.com\/v3\/tarifas-informaron-que-datos-pediran-a-los-usuarios-para-mantener-los-subsidios\/#article","isPartOf":{"@id":"https:\/\/cvinoticias.com\/v3\/tarifas-informaron-que-datos-pediran-a-los-usuarios-para-mantener-los-subsidios\/"},"author":{"name":"f1000024","@id":"https:\/\/cvinoticias.com\/v3\/#\/schema\/person\/2db77e3c6bc03c538495d7b2b8be9b66"},"headline":"Tarifas: informaron qu\u00e9 datos pedir\u00e1n a los usuarios para mantener los subsidios","datePublished":"2022-06-29T12:08:07+00:00","mainEntityOfPage":{"@id":"https:\/\/cvinoticias.com\/v3\/tarifas-informaron-que-datos-pediran-a-los-usuarios-para-mantener-los-subsidios\/"},"wordCount":495,"commentCount":0,"publisher":{"@id":"https:\/\/cvinoticias.com\/v3\/#organization"},"image":{"@id":"https:\/\/cvinoticias.com\/v3\/tarifas-informaron-que-datos-pediran-a-los-usuarios-para-mantener-los-subsidios\/#primaryimage"},"thumbnailUrl":"https:\/\/cvinoticias.com\/wp-content\/uploads\/2022\/06\/subsidios-energeticos.jpg","articleSection":["Energ\u00eda"],"inLanguage":"es","potentialAction":[{"@type":"CommentAction","name":"Comment","target":["https:\/\/cvinoticias.com\/v3\/tarifas-informaron-que-datos-pediran-a-los-usuarios-para-mantener-los-subsidios\/#respond"]}]},{"@type":"WebPage","@id":"https:\/\/cvinoticias.com\/v3\/tarifas-informaron-que-datos-pediran-a-los-usuarios-para-mantener-los-subsidios\/","url":"https:\/\/cvinoticias.com\/v3\/tarifas-informaron-que-datos-pediran-a-los-usuarios-para-mantener-los-subsidios\/","name":"Tarifas: informaron qu\u00e9 datos pedir\u00e1n a los usuarios para mantener los subsidios | CVI NOTICIAS","isPartOf":{"@id":"https:\/\/cvinoticias.com\/v3\/#website"},"primaryImageOfPage":{"@id":"https:\/\/cvinoticias.com\/v3\/tarifas-informaron-que-datos-pediran-a-los-usuarios-para-mantener-los-subsidios\/#primaryimage"},"image":{"@id":"https:\/\/cvinoticias.com\/v3\/tarifas-informaron-que-datos-pediran-a-los-usuarios-para-mantener-los-subsidios\/#primaryimage"},"thumbnailUrl":"https:\/\/cvinoticias.com\/wp-content\/uploads\/2022\/06\/subsidios-energeticos.jpg","datePublished":"2022-06-29T12:08:07+00:00","breadcrumb":{"@id":"https:\/\/cvinoticias.com\/v3\/tarifas-informaron-que-datos-pediran-a-los-usuarios-para-mantener-los-subsidios\/#breadcrumb"},"inLanguage":"es","potentialAction":[{"@type":"ReadAction","target":["https:\/\/cvinoticias.com\/v3\/tarifas-informaron-que-datos-pediran-a-los-usuarios-para-mantener-los-subsidios\/"]}]},{"@type":"ImageObject","inLanguage":"es","@id":"https:\/\/cvinoticias.com\/v3\/tarifas-informaron-que-datos-pediran-a-los-usuarios-para-mantener-los-subsidios\/#primaryimage","url":"https:\/\/cvinoticias.com\/wp-content\/uploads\/2022\/06\/subsidios-energeticos.jpg","contentUrl":"https:\/\/cvinoticias.com\/wp-content\/uploads\/2022\/06\/subsidios-energeticos.jpg","width":800,"height":600},{"@type":"BreadcrumbList","@id":"https:\/\/cvinoticias.com\/v3\/tarifas-informaron-que-datos-pediran-a-los-usuarios-para-mantener-los-subsidios\/#breadcrumb","itemListElement":[{"@type":"ListItem","position":1,"name":"Portada","item":"https:\/\/cvinoticias.com\/v3\/"},{"@type":"ListItem","position":2,"name":"Tarifas: informaron qu\u00e9 datos pedir\u00e1n a los usuarios para mantener los subsidios"}]},{"@type":"WebSite","@id":"https:\/\/cvinoticias.com\/v3\/#website","url":"https:\/\/cvinoticias.com\/v3\/","name":"CVI NOTICIAS","description":"","publisher":{"@id":"https:\/\/cvinoticias.com\/v3\/#organization"},"alternateName":"CVI","potentialAction":[{"@type":"SearchAction","target":{"@type":"EntryPoint","urlTemplate":"https:\/\/cvinoticias.com\/v3\/?s={search_term_string}"},"query-input":{"@type":"PropertyValueSpecification","valueRequired":true,"valueName":"search_term_string"}}],"inLanguage":"es"},{"@type":"Organization","@id":"https:\/\/cvinoticias.com\/v3\/#organization","name":"CVI NOTICIAS","url":"https:\/\/cvinoticias.com\/v3\/","logo":{"@type":"ImageObject","inLanguage":"es","@id":"https:\/\/cvinoticias.com\/v3\/#\/schema\/logo\/image\/","url":"https:\/\/cvinoticias.com\/wp-content\/uploads\/2023\/04\/cropped-cropped-cropped-cropped-cropped-3-1.png","contentUrl":"https:\/\/cvinoticias.com\/wp-content\/uploads\/2023\/04\/cropped-cropped-cropped-cropped-cropped-3-1.png","width":95,"height":122,"caption":"CVI NOTICIAS"},"image":{"@id":"https:\/\/cvinoticias.com\/v3\/#\/schema\/logo\/image\/"},"sameAs":["https:\/\/www.facebook.com\/cvinoticias","https:\/\/www.instagram.com\/cvinoticias\/","https:\/\/www.youtube.com\/@CVINOTICIAS"]},{"@type":"Person","@id":"https:\/\/cvinoticias.com\/v3\/#\/schema\/person\/2db77e3c6bc03c538495d7b2b8be9b66","name":"f1000024","image":{"@type":"ImageObject","inLanguage":"es","@id":"https:\/\/secure.gravatar.com\/avatar\/d4fe7459cfc51ff5129ce1a732bbef5928568b8092d412ef95611616376bbeed?s=96&d=mm&r=g","url":"https:\/\/secure.gravatar.com\/avatar\/d4fe7459cfc51ff5129ce1a732bbef5928568b8092d412ef95611616376bbeed?s=96&d=mm&r=g","contentUrl":"https:\/\/secure.gravatar.com\/avatar\/d4fe7459cfc51ff5129ce1a732bbef5928568b8092d412ef95611616376bbeed?s=96&d=mm&r=g","caption":"f1000024"},"url":"https:\/\/cvinoticias.com\/v3\/author\/f1000024\/"}]}},"_links":{"self":[{"href":"https:\/\/cvinoticias.com\/v3\/wp-json\/wp\/v2\/posts\/17079","targetHints":{"allow":["GET"]}}],"collection":[{"href":"https:\/\/cvinoticias.com\/v3\/wp-json\/wp\/v2\/posts"}],"about":[{"href":"https:\/\/cvinoticias.com\/v3\/wp-json\/wp\/v2\/types\/post"}],"author":[{"embeddable":true,"href":"https:\/\/cvinoticias.com\/v3\/wp-json\/wp\/v2\/users\/2"}],"replies":[{"embeddable":true,"href":"https:\/\/cvinoticias.com\/v3\/wp-json\/wp\/v2\/comments?post=17079"}],"version-history":[{"count":1,"href":"https:\/\/cvinoticias.com\/v3\/wp-json\/wp\/v2\/posts\/17079\/revisions"}],"predecessor-version":[{"id":17081,"href":"https:\/\/cvinoticias.com\/v3\/wp-json\/wp\/v2\/posts\/17079\/revisions\/17081"}],"wp:featuredmedia":[{"embeddable":true,"href":"https:\/\/cvinoticias.com\/v3\/wp-json\/wp\/v2\/media\/17080"}],"wp:attachment":[{"href":"https:\/\/cvinoticias.com\/v3\/wp-json\/wp\/v2\/media?parent=17079"}],"wp:term":[{"taxonomy":"category","embeddable":true,"href":"https:\/\/cvinoticias.com\/v3\/wp-json\/wp\/v2\/categories?post=17079"},{"taxonomy":"post_tag","embeddable":true,"href":"https:\/\/cvinoticias.com\/v3\/wp-json\/wp\/v2\/tags?post=17079"}],"curies":[{"name":"wp","href":"https:\/\/api.w.org\/{rel}","templated":true}]}}