{"id":17041,"date":"2022-06-28T12:36:41","date_gmt":"2022-06-28T12:36:41","guid":{"rendered":"https:\/\/cvinoticias.com\/v3\/?p=17041"},"modified":"2022-06-28T12:36:41","modified_gmt":"2022-06-28T12:36:41","slug":"entregaron-las-distinciones-el-angel-de-la-selva-a-las-trabajadoras-destacadas-del-ambito-de-la-salud","status":"publish","type":"post","link":"https:\/\/cvinoticias.com\/v3\/entregaron-las-distinciones-el-angel-de-la-selva-a-las-trabajadoras-destacadas-del-ambito-de-la-salud\/","title":{"rendered":"Entregaron las distinciones \u201cEl \u00c1ngel de la Selva\u201d a las trabajadoras destacadas del \u00e1mbito de la salud"},"content":{"rendered":"\n<p class=\"wp-block-paragraph\"><strong><em>Los galardones, que fueron instituidos por la C\u00e1mara de Representantes de Misiones, llevan el nombre \u201cMarta Teodora Schwarz\u201d, conocida como \u201cEl \u00c1ngel de la Selva\u201d, en reconocimiento a su dedicaci\u00f3n a cuidar la salud femenina y a asistir a ni\u00f1os con escasos recursos.<\/em><\/strong><\/p>\n\n\n\n<p class=\"wp-block-paragraph\">El acto, que se realiz\u00f3 en la Sala Eva Per\u00f3n del Parque del Conocimiento, fue organizado por la C\u00e1mara de Representantes. Cont\u00f3 con la participaci\u00f3n del vicepresidente de la Legislatura misionera, Hugo Passalacqua; y el presidente de la Comisi\u00f3n de Salud, diputado Mart\u00edn Cesino; quienes estuvieron acompa\u00f1ados por el vicegobernador de la provincia Carlos Arce; el ministro de Salud, Oscar Alarc\u00f3n; el intendente de Posadas, Leonardo Stelatto; y la presidente del Parque del Conocimiento, Claudia Gauto. Participaron adem\u00e1s, diputados provinciales y autoridades legislativas, ministros y funcionarios del Ejecutivo provincial, representantes de diferentes colegios profesionales, e intendentes de diversas localidades.<\/p>\n\n\n\n<figure class=\"wp-block-image size-full\"><a href=\"https:\/\/cvinoticias.com\/wp-content\/uploads\/2022\/06\/DSC06730-768x433-1.jpg\"><img decoding=\"async\" width=\"768\" height=\"433\" data-src=\"https:\/\/cvinoticias.com\/wp-content\/uploads\/2022\/06\/DSC06730-768x433-1.jpg\" alt=\"\" class=\"wp-image-17043 lazyload\" data-srcset=\"https:\/\/cvinoticias.com\/wp-content\/uploads\/2022\/06\/DSC06730-768x433-1.jpg 768w, https:\/\/cvinoticias.com\/wp-content\/uploads\/2022\/06\/DSC06730-768x433-1-300x169.jpg 300w\" data-sizes=\"(max-width: 768px) 100vw, 768px\" src=\"data:image\/svg+xml;base64,PHN2ZyB3aWR0aD0iMSIgaGVpZ2h0PSIxIiB4bWxucz0iaHR0cDovL3d3dy53My5vcmcvMjAwMC9zdmciPjwvc3ZnPg==\" style=\"--smush-placeholder-width: 768px; --smush-placeholder-aspect-ratio: 768\/433;\" \/><\/a><\/figure>\n\n\n\n<p class=\"wp-block-paragraph\">Cesino afirm\u00f3 que para \u00e9l fue un honor compartir con las homenajeadas, quienes \u201crepresentan a todas las mujeres de la provincia de Misiones\u201d y reconoci\u00f3 \u201clo que ha sido Marta Teodora Schwarz para Misiones, fue la primera ministra de salud, subsecretaria de salud, y directora de hospital que ha volcado todo su conocimiento, pero fundamentalmente esa empat\u00eda y esa solidaridad en atender a la gente\u201d.<\/p>\n\n\n\n<p class=\"wp-block-paragraph\">Dijo que las galardonadas \u201cen este tiempo, y en todo el trayecto de su vida, han volcado ese profesionalismo y conocimiento en el consultorio, en el terreno, en la guardia y en emergencias; pero siempre hablamos del gran equipo de la salud, esa es la fortaleza que tenemos los misioneros, y ha sido la fortaleza en este tiempo tan especial y exigente que nos toc\u00f3 vivir al mundo y a la Argentina: Misiones ha sido ejemplo, eso se vi\u00f3 en el trabajo de todos\u201d.<\/p>\n\n\n\n<p class=\"wp-block-paragraph\">\u00abUstedes representan a las mujeres misioneras del sistema sanitario provincial que han dado y dan su vida al servicio de la gente, cuid\u00e1ndola, escuch\u00e1ndola, protegi\u00e9ndola, y eso es la salud, es esperanza, compa\u00f1\u00eda, y es brindar el conocimiento en cada uno de nuestros lugares\u201d, manifest\u00f3 dirigi\u00e9ndose a las homenajeadas.<\/p>\n\n\n\n<p class=\"wp-block-paragraph\">A ellas, Cesino les comunic\u00f3 \u201cel saludo, cari\u00f1o y respeto del diputado Carlos Rovira, quien desde el 2016 viene implementando en la C\u00e1mara estos reconocimientos, para que sean valoradas y reconocidas por el cuidado y la protecci\u00f3n, y por brindar el bienestar a cada uno de los misioneros\u201d.<\/p>\n\n\n\n<p class=\"wp-block-paragraph\">Arce, en representaci\u00f3n de Herrera Ahuad, se refiri\u00f3 a la emotividad del momento: \u201cEsta emoci\u00f3n viene por estas 33 mujeres que son reconocidas por su trabajo diario, por su gran profesionalidad, humanidad y servicio\u201d, manifest\u00f3. \u201cValoramos m\u00e1s que nunca lo que significa estar entregado a un profesional de la salud, y en esto no hacemos distinci\u00f3n entre m\u00e9dicos y enfermeros profesionales o no; hemos sabido encari\u00f1arnos como pacientes de todas las profesionales de la salud, y ese cari\u00f1o especial, ese don que tienen las mujeres hace que uno se encari\u00f1e m\u00e1s\u201d, agreg\u00f3.<\/p>\n\n\n\n<p class=\"wp-block-paragraph\">\u201cHomenajear a las mujeres misioneras de la salud con el premio Marta Schwarz, es una menci\u00f3n muy honor\u00edfica que cabe en la mujer misionera que nos cuida y que representa a la salud p\u00fablica y privada de nuestra provincia\u201d, enfatiz\u00f3.<\/p>\n\n\n\n<figure class=\"wp-block-image size-full\"><a href=\"https:\/\/cvinoticias.com\/wp-content\/uploads\/2022\/06\/DSC06766-768x433-1.jpg\"><img decoding=\"async\" width=\"768\" height=\"433\" data-src=\"https:\/\/cvinoticias.com\/wp-content\/uploads\/2022\/06\/DSC06766-768x433-1.jpg\" alt=\"\" class=\"wp-image-17044 lazyload\" data-srcset=\"https:\/\/cvinoticias.com\/wp-content\/uploads\/2022\/06\/DSC06766-768x433-1.jpg 768w, https:\/\/cvinoticias.com\/wp-content\/uploads\/2022\/06\/DSC06766-768x433-1-300x169.jpg 300w\" data-sizes=\"(max-width: 768px) 100vw, 768px\" src=\"data:image\/svg+xml;base64,PHN2ZyB3aWR0aD0iMSIgaGVpZ2h0PSIxIiB4bWxucz0iaHR0cDovL3d3dy53My5vcmcvMjAwMC9zdmciPjwvc3ZnPg==\" style=\"--smush-placeholder-width: 768px; --smush-placeholder-aspect-ratio: 768\/433;\" \/><\/a><\/figure>\n\n\n\n<p class=\"wp-block-paragraph\">Las galardonadas, que pertenecen a distintos puntos de la provincia, fueron la m\u00e9dica Marta Elizabeth Ruiz; la enfermera Luisa \u00abIcha\u00bb Soto; la m\u00e9dica Perla Guayare; la fundadora del Espacio Nacer Misiones, Mercedes Daiana L\u00f3pez; la promotora de salud N\u00e9lida Zalazar; la licenciada en gerontolog\u00eda Mirta Clara Soria; la licenciada en obstetricia Ana Laura Rojas Miguez; la promotora de salud Ger\u00f3nima Librada Ben\u00edtez; la promotora de salud Ada Urbina; la odont\u00f3loga Laura Alicia Villalba; y la m\u00e9dica Gladys Elizabeth M\u00e9ndez.<\/p>\n\n\n\n<p class=\"wp-block-paragraph\">Tambi\u00e9n, la asistente en salud Do\u00f1a Irma Tonn; la bioqu\u00edmica Elvira Graciela Navarro; la m\u00e9dica Mar\u00eda Cristina L\u00f3pez de Tuzinkiewicz; la instrumentadora quir\u00fargica Elvira Graciela Villalba; la jefa de enfermer\u00eda Rosa Victoria Barreto; la licenciada en nutrici\u00f3n Jesica Duarte; la enfermera Wilma Elena Schuvartz; la fundadora de la \u201cFundaci\u00f3n Alas Rosas\u201d Gabriela Patricia Hidalgo; la m\u00e9dica Maria Esther Iba\u00f1ez; la bioqu\u00edmica Selva Rosiello; y la enfermera N\u00e9lida Careaga.<\/p>\n\n\n\n<p class=\"wp-block-paragraph\">Adem\u00e1s, la auxiliar de enfermer\u00eda Lourdes Leonice Tognon; la odont\u00f3loga Luc\u00eda Elena Reck; la agente sanitario Ramona Elisa Gauto; la agente sanitario Mar\u00eda Graciela Villalba; la radi\u00f3loga Teresa Vera; la m\u00e9dica Mar\u00eda Carolina Cordero; la licenciada en psicolog\u00eda Eliana Patricia D\u2019Amore; la m\u00e9dica Claudia Roxana Bazan; la licenciada en enfermer\u00eda Josefina C\u00e1ceres; la m\u00e9dica Liz Catherine C\u00e1ceres; y la licenciada en kinesiolog\u00eda y fisiatr\u00eda Mar\u00eda Teresa Mayer.<\/p>\n\n\n\n<figure class=\"wp-block-image size-full is-resized\"><a href=\"https:\/\/cvinoticias.com\/wp-content\/uploads\/2022\/06\/IMG-20220627-WA0179-768x512-1.jpg\"><img decoding=\"async\" data-src=\"https:\/\/cvinoticias.com\/wp-content\/uploads\/2022\/06\/IMG-20220627-WA0179-768x512-1.jpg\" alt=\"\" class=\"wp-image-17045 lazyload\" width=\"675\" height=\"450\" data-srcset=\"https:\/\/cvinoticias.com\/wp-content\/uploads\/2022\/06\/IMG-20220627-WA0179-768x512-1.jpg 768w, https:\/\/cvinoticias.com\/wp-content\/uploads\/2022\/06\/IMG-20220627-WA0179-768x512-1-300x200.jpg 300w\" data-sizes=\"(max-width: 675px) 100vw, 675px\" src=\"data:image\/svg+xml;base64,PHN2ZyB3aWR0aD0iMSIgaGVpZ2h0PSIxIiB4bWxucz0iaHR0cDovL3d3dy53My5vcmcvMjAwMC9zdmciPjwvc3ZnPg==\" style=\"--smush-placeholder-width: 675px; --smush-placeholder-aspect-ratio: 675\/450;\" \/><\/a><\/figure>\n\n\n\n<p class=\"wp-block-paragraph\">Entre las mujeres reconocidas, Mar\u00eda Cristina L\u00f3pez de Tuzinkiewicz cont\u00f3 que es m\u00e9dica en el interior de Misiones. Si bien est\u00e1 jubilada, se\u00f1al\u00f3 que sigue trabajando en la parte privada: \u201cEstoy en condiciones y con muchas ganas de seguir trabajando\u201d, expres\u00f3.<\/p>\n\n\n\n<p class=\"wp-block-paragraph\">Calific\u00f3 la ceremonia de entrega de las estatuillas como \u201cuna experiencia hermosa\u201d y cont\u00f3 que se encontr\u00f3 con colegas con los que ha trabajado y compartido diferentes etapas de su vida profesional: \u201cSinceramente, una experiencia muy linda este reconocimiento\u201d, recalc\u00f3.<\/p>\n\n\n\n<p class=\"wp-block-paragraph\">En tanto, Laura Villalba, otra de las mujeres reconocidas, consider\u00f3 \u201cfabuloso que se reconozca la labor que se viene llevando adelante hace muchos a\u00f1os, esto es como un empujoncito o un motor para poder seguir avanzando\u201d.<\/p>\n\n\n\n<p class=\"wp-block-paragraph\">Desde lo que pudo observar en su profesi\u00f3n de odont\u00f3loga, especialista en pacientes de alto riesgo y discapacidad, se\u00f1al\u00f3 que \u201cel \u00e1rea de discapacidad ahora est\u00e1 logrando tener su lugar dentro de la salud p\u00fablica\u201d, y que, aun as\u00ed, todav\u00eda \u201chay mucho por hacer\u201d.<\/p>\n\n\n\n<p class=\"wp-block-paragraph\">Direcci\u00f3n de Prensa y RR PP<\/p>\n\n\n\n<p class=\"wp-block-paragraph\">C\u00e1mara de Representantes<br>Provincia de Misiones<\/p>\n","protected":false},"excerpt":{"rendered":"<p>Los galardones, que fueron instituidos por la C\u00e1mara de Representantes de Misiones, llevan el nombre \u201cMarta Teodora Schwarz\u201d, conocida como \u201cEl \u00c1ngel de la Selva\u201d, en reconocimiento a su dedicaci\u00f3n a cuidar la salud femenina y a asistir a ni\u00f1os con escasos recursos. El acto, que se realiz\u00f3 en la Sala Eva Per\u00f3n del Parque [&hellip;]<\/p>\n","protected":false},"author":2,"featured_media":17042,"comment_status":"open","ping_status":"open","sticky":false,"template":"","format":"standard","meta":{"footnotes":""},"categories":[43],"tags":[],"class_list":["post-17041","post","type-post","status-publish","format-standard","has-post-thumbnail","hentry","category-provinciales"],"yoast_head":"<!-- This site is optimized with the Yoast SEO plugin v28.4 - https:\/\/yoast.com\/product\/yoast-seo-wordpress\/ -->\n<title>Entregaron las distinciones \u201cEl \u00c1ngel de la Selva\u201d a las trabajadoras destacadas del \u00e1mbito de la salud | CVI NOTICIAS<\/title>\n<meta name=\"robots\" content=\"index, follow, max-snippet:-1, max-image-preview:large, max-video-preview:-1\" \/>\n<link rel=\"canonical\" href=\"https:\/\/cvinoticias.com\/v3\/entregaron-las-distinciones-el-angel-de-la-selva-a-las-trabajadoras-destacadas-del-ambito-de-la-salud\/\" \/>\n<meta property=\"og:locale\" content=\"es_ES\" \/>\n<meta property=\"og:type\" content=\"article\" \/>\n<meta property=\"og:title\" content=\"Entregaron las distinciones \u201cEl \u00c1ngel de la Selva\u201d a las trabajadoras destacadas del \u00e1mbito de la salud | CVI NOTICIAS\" \/>\n<meta property=\"og:description\" content=\"Los galardones, que fueron instituidos por la C\u00e1mara de Representantes de Misiones, llevan el nombre \u201cMarta Teodora Schwarz\u201d, conocida como \u201cEl \u00c1ngel de la Selva\u201d, en reconocimiento a su dedicaci\u00f3n a cuidar la salud femenina y a asistir a ni\u00f1os con escasos recursos. El acto, que se realiz\u00f3 en la Sala Eva Per\u00f3n del Parque [&hellip;]\" \/>\n<meta property=\"og:url\" content=\"https:\/\/cvinoticias.com\/v3\/entregaron-las-distinciones-el-angel-de-la-selva-a-las-trabajadoras-destacadas-del-ambito-de-la-salud\/\" \/>\n<meta property=\"og:site_name\" content=\"CVI NOTICIAS\" \/>\n<meta property=\"article:publisher\" content=\"https:\/\/www.facebook.com\/cvinoticias\" \/>\n<meta property=\"article:published_time\" content=\"2022-06-28T12:36:41+00:00\" \/>\n<meta property=\"og:image\" content=\"https:\/\/cvinoticias.com\/wp-content\/uploads\/2022\/06\/IMG-20220628-WA0019-1000x600-1.jpg\" \/>\n\t<meta property=\"og:image:width\" content=\"1000\" \/>\n\t<meta property=\"og:image:height\" content=\"600\" \/>\n\t<meta property=\"og:image:type\" content=\"image\/jpeg\" \/>\n<meta name=\"author\" content=\"f1000024\" \/>\n<meta name=\"twitter:card\" content=\"summary_large_image\" \/>\n<meta name=\"twitter:label1\" content=\"Escrito por\" \/>\n\t<meta name=\"twitter:data1\" content=\"f1000024\" \/>\n\t<meta name=\"twitter:label2\" content=\"Tiempo de lectura\" \/>\n\t<meta name=\"twitter:data2\" content=\"5 minutos\" \/>\n<script type=\"application\/ld+json\" class=\"yoast-schema-graph\">{\"@context\":\"https:\\\/\\\/schema.org\",\"@graph\":[{\"@type\":\"Article\",\"@id\":\"https:\\\/\\\/cvinoticias.com\\\/v3\\\/entregaron-las-distinciones-el-angel-de-la-selva-a-las-trabajadoras-destacadas-del-ambito-de-la-salud\\\/#article\",\"isPartOf\":{\"@id\":\"https:\\\/\\\/cvinoticias.com\\\/v3\\\/entregaron-las-distinciones-el-angel-de-la-selva-a-las-trabajadoras-destacadas-del-ambito-de-la-salud\\\/\"},\"author\":{\"name\":\"f1000024\",\"@id\":\"https:\\\/\\\/cvinoticias.com\\\/v3\\\/#\\\/schema\\\/person\\\/2db77e3c6bc03c538495d7b2b8be9b66\"},\"headline\":\"Entregaron las distinciones \u201cEl \u00c1ngel de la Selva\u201d a las trabajadoras destacadas del \u00e1mbito de la salud\",\"datePublished\":\"2022-06-28T12:36:41+00:00\",\"mainEntityOfPage\":{\"@id\":\"https:\\\/\\\/cvinoticias.com\\\/v3\\\/entregaron-las-distinciones-el-angel-de-la-selva-a-las-trabajadoras-destacadas-del-ambito-de-la-salud\\\/\"},\"wordCount\":1007,\"commentCount\":0,\"publisher\":{\"@id\":\"https:\\\/\\\/cvinoticias.com\\\/v3\\\/#organization\"},\"image\":{\"@id\":\"https:\\\/\\\/cvinoticias.com\\\/v3\\\/entregaron-las-distinciones-el-angel-de-la-selva-a-las-trabajadoras-destacadas-del-ambito-de-la-salud\\\/#primaryimage\"},\"thumbnailUrl\":\"https:\\\/\\\/cvinoticias.com\\\/wp-content\\\/uploads\\\/2022\\\/06\\\/IMG-20220628-WA0019-1000x600-1.jpg\",\"articleSection\":[\"Provinciales\"],\"inLanguage\":\"es\",\"potentialAction\":[{\"@type\":\"CommentAction\",\"name\":\"Comment\",\"target\":[\"https:\\\/\\\/cvinoticias.com\\\/v3\\\/entregaron-las-distinciones-el-angel-de-la-selva-a-las-trabajadoras-destacadas-del-ambito-de-la-salud\\\/#respond\"]}]},{\"@type\":\"WebPage\",\"@id\":\"https:\\\/\\\/cvinoticias.com\\\/v3\\\/entregaron-las-distinciones-el-angel-de-la-selva-a-las-trabajadoras-destacadas-del-ambito-de-la-salud\\\/\",\"url\":\"https:\\\/\\\/cvinoticias.com\\\/v3\\\/entregaron-las-distinciones-el-angel-de-la-selva-a-las-trabajadoras-destacadas-del-ambito-de-la-salud\\\/\",\"name\":\"Entregaron las distinciones \u201cEl \u00c1ngel de la Selva\u201d a las trabajadoras destacadas del \u00e1mbito de la salud | CVI NOTICIAS\",\"isPartOf\":{\"@id\":\"https:\\\/\\\/cvinoticias.com\\\/v3\\\/#website\"},\"primaryImageOfPage\":{\"@id\":\"https:\\\/\\\/cvinoticias.com\\\/v3\\\/entregaron-las-distinciones-el-angel-de-la-selva-a-las-trabajadoras-destacadas-del-ambito-de-la-salud\\\/#primaryimage\"},\"image\":{\"@id\":\"https:\\\/\\\/cvinoticias.com\\\/v3\\\/entregaron-las-distinciones-el-angel-de-la-selva-a-las-trabajadoras-destacadas-del-ambito-de-la-salud\\\/#primaryimage\"},\"thumbnailUrl\":\"https:\\\/\\\/cvinoticias.com\\\/wp-content\\\/uploads\\\/2022\\\/06\\\/IMG-20220628-WA0019-1000x600-1.jpg\",\"datePublished\":\"2022-06-28T12:36:41+00:00\",\"breadcrumb\":{\"@id\":\"https:\\\/\\\/cvinoticias.com\\\/v3\\\/entregaron-las-distinciones-el-angel-de-la-selva-a-las-trabajadoras-destacadas-del-ambito-de-la-salud\\\/#breadcrumb\"},\"inLanguage\":\"es\",\"potentialAction\":[{\"@type\":\"ReadAction\",\"target\":[\"https:\\\/\\\/cvinoticias.com\\\/v3\\\/entregaron-las-distinciones-el-angel-de-la-selva-a-las-trabajadoras-destacadas-del-ambito-de-la-salud\\\/\"]}]},{\"@type\":\"ImageObject\",\"inLanguage\":\"es\",\"@id\":\"https:\\\/\\\/cvinoticias.com\\\/v3\\\/entregaron-las-distinciones-el-angel-de-la-selva-a-las-trabajadoras-destacadas-del-ambito-de-la-salud\\\/#primaryimage\",\"url\":\"https:\\\/\\\/cvinoticias.com\\\/wp-content\\\/uploads\\\/2022\\\/06\\\/IMG-20220628-WA0019-1000x600-1.jpg\",\"contentUrl\":\"https:\\\/\\\/cvinoticias.com\\\/wp-content\\\/uploads\\\/2022\\\/06\\\/IMG-20220628-WA0019-1000x600-1.jpg\",\"width\":1000,\"height\":600},{\"@type\":\"BreadcrumbList\",\"@id\":\"https:\\\/\\\/cvinoticias.com\\\/v3\\\/entregaron-las-distinciones-el-angel-de-la-selva-a-las-trabajadoras-destacadas-del-ambito-de-la-salud\\\/#breadcrumb\",\"itemListElement\":[{\"@type\":\"ListItem\",\"position\":1,\"name\":\"Portada\",\"item\":\"https:\\\/\\\/cvinoticias.com\\\/v3\\\/\"},{\"@type\":\"ListItem\",\"position\":2,\"name\":\"Entregaron las distinciones \u201cEl \u00c1ngel de la Selva\u201d a las trabajadoras destacadas del \u00e1mbito de la salud\"}]},{\"@type\":\"WebSite\",\"@id\":\"https:\\\/\\\/cvinoticias.com\\\/v3\\\/#website\",\"url\":\"https:\\\/\\\/cvinoticias.com\\\/v3\\\/\",\"name\":\"CVI NOTICIAS\",\"description\":\"\",\"publisher\":{\"@id\":\"https:\\\/\\\/cvinoticias.com\\\/v3\\\/#organization\"},\"alternateName\":\"CVI\",\"potentialAction\":[{\"@type\":\"SearchAction\",\"target\":{\"@type\":\"EntryPoint\",\"urlTemplate\":\"https:\\\/\\\/cvinoticias.com\\\/v3\\\/?s={search_term_string}\"},\"query-input\":{\"@type\":\"PropertyValueSpecification\",\"valueRequired\":true,\"valueName\":\"search_term_string\"}}],\"inLanguage\":\"es\"},{\"@type\":\"Organization\",\"@id\":\"https:\\\/\\\/cvinoticias.com\\\/v3\\\/#organization\",\"name\":\"CVI NOTICIAS\",\"url\":\"https:\\\/\\\/cvinoticias.com\\\/v3\\\/\",\"logo\":{\"@type\":\"ImageObject\",\"inLanguage\":\"es\",\"@id\":\"https:\\\/\\\/cvinoticias.com\\\/v3\\\/#\\\/schema\\\/logo\\\/image\\\/\",\"url\":\"https:\\\/\\\/cvinoticias.com\\\/wp-content\\\/uploads\\\/2023\\\/04\\\/cropped-cropped-cropped-cropped-cropped-3-1.png\",\"contentUrl\":\"https:\\\/\\\/cvinoticias.com\\\/wp-content\\\/uploads\\\/2023\\\/04\\\/cropped-cropped-cropped-cropped-cropped-3-1.png\",\"width\":95,\"height\":122,\"caption\":\"CVI NOTICIAS\"},\"image\":{\"@id\":\"https:\\\/\\\/cvinoticias.com\\\/v3\\\/#\\\/schema\\\/logo\\\/image\\\/\"},\"sameAs\":[\"https:\\\/\\\/www.facebook.com\\\/cvinoticias\",\"https:\\\/\\\/www.instagram.com\\\/cvinoticias\\\/\",\"https:\\\/\\\/www.youtube.com\\\/@CVINOTICIAS\"]},{\"@type\":\"Person\",\"@id\":\"https:\\\/\\\/cvinoticias.com\\\/v3\\\/#\\\/schema\\\/person\\\/2db77e3c6bc03c538495d7b2b8be9b66\",\"name\":\"f1000024\",\"image\":{\"@type\":\"ImageObject\",\"inLanguage\":\"es\",\"@id\":\"https:\\\/\\\/secure.gravatar.com\\\/avatar\\\/d4fe7459cfc51ff5129ce1a732bbef5928568b8092d412ef95611616376bbeed?s=96&d=mm&r=g\",\"url\":\"https:\\\/\\\/secure.gravatar.com\\\/avatar\\\/d4fe7459cfc51ff5129ce1a732bbef5928568b8092d412ef95611616376bbeed?s=96&d=mm&r=g\",\"contentUrl\":\"https:\\\/\\\/secure.gravatar.com\\\/avatar\\\/d4fe7459cfc51ff5129ce1a732bbef5928568b8092d412ef95611616376bbeed?s=96&d=mm&r=g\",\"caption\":\"f1000024\"},\"url\":\"https:\\\/\\\/cvinoticias.com\\\/v3\\\/author\\\/f1000024\\\/\"}]}<\/script>\n<!-- \/ Yoast SEO plugin. -->","yoast_head_json":{"title":"Entregaron las distinciones \u201cEl \u00c1ngel de la Selva\u201d a las trabajadoras destacadas del \u00e1mbito de la salud | CVI NOTICIAS","robots":{"index":"index","follow":"follow","max-snippet":"max-snippet:-1","max-image-preview":"max-image-preview:large","max-video-preview":"max-video-preview:-1"},"canonical":"https:\/\/cvinoticias.com\/v3\/entregaron-las-distinciones-el-angel-de-la-selva-a-las-trabajadoras-destacadas-del-ambito-de-la-salud\/","og_locale":"es_ES","og_type":"article","og_title":"Entregaron las distinciones \u201cEl \u00c1ngel de la Selva\u201d a las trabajadoras destacadas del \u00e1mbito de la salud | CVI NOTICIAS","og_description":"Los galardones, que fueron instituidos por la C\u00e1mara de Representantes de Misiones, llevan el nombre \u201cMarta Teodora Schwarz\u201d, conocida como \u201cEl \u00c1ngel de la Selva\u201d, en reconocimiento a su dedicaci\u00f3n a cuidar la salud femenina y a asistir a ni\u00f1os con escasos recursos. El acto, que se realiz\u00f3 en la Sala Eva Per\u00f3n del Parque [&hellip;]","og_url":"https:\/\/cvinoticias.com\/v3\/entregaron-las-distinciones-el-angel-de-la-selva-a-las-trabajadoras-destacadas-del-ambito-de-la-salud\/","og_site_name":"CVI NOTICIAS","article_publisher":"https:\/\/www.facebook.com\/cvinoticias","article_published_time":"2022-06-28T12:36:41+00:00","og_image":[{"width":1000,"height":600,"url":"https:\/\/cvinoticias.com\/wp-content\/uploads\/2022\/06\/IMG-20220628-WA0019-1000x600-1.jpg","type":"image\/jpeg"}],"author":"f1000024","twitter_card":"summary_large_image","twitter_misc":{"Escrito por":"f1000024","Tiempo de lectura":"5 minutos"},"schema":{"@context":"https:\/\/schema.org","@graph":[{"@type":"Article","@id":"https:\/\/cvinoticias.com\/v3\/entregaron-las-distinciones-el-angel-de-la-selva-a-las-trabajadoras-destacadas-del-ambito-de-la-salud\/#article","isPartOf":{"@id":"https:\/\/cvinoticias.com\/v3\/entregaron-las-distinciones-el-angel-de-la-selva-a-las-trabajadoras-destacadas-del-ambito-de-la-salud\/"},"author":{"name":"f1000024","@id":"https:\/\/cvinoticias.com\/v3\/#\/schema\/person\/2db77e3c6bc03c538495d7b2b8be9b66"},"headline":"Entregaron las distinciones \u201cEl \u00c1ngel de la Selva\u201d a las trabajadoras destacadas del \u00e1mbito de la salud","datePublished":"2022-06-28T12:36:41+00:00","mainEntityOfPage":{"@id":"https:\/\/cvinoticias.com\/v3\/entregaron-las-distinciones-el-angel-de-la-selva-a-las-trabajadoras-destacadas-del-ambito-de-la-salud\/"},"wordCount":1007,"commentCount":0,"publisher":{"@id":"https:\/\/cvinoticias.com\/v3\/#organization"},"image":{"@id":"https:\/\/cvinoticias.com\/v3\/entregaron-las-distinciones-el-angel-de-la-selva-a-las-trabajadoras-destacadas-del-ambito-de-la-salud\/#primaryimage"},"thumbnailUrl":"https:\/\/cvinoticias.com\/wp-content\/uploads\/2022\/06\/IMG-20220628-WA0019-1000x600-1.jpg","articleSection":["Provinciales"],"inLanguage":"es","potentialAction":[{"@type":"CommentAction","name":"Comment","target":["https:\/\/cvinoticias.com\/v3\/entregaron-las-distinciones-el-angel-de-la-selva-a-las-trabajadoras-destacadas-del-ambito-de-la-salud\/#respond"]}]},{"@type":"WebPage","@id":"https:\/\/cvinoticias.com\/v3\/entregaron-las-distinciones-el-angel-de-la-selva-a-las-trabajadoras-destacadas-del-ambito-de-la-salud\/","url":"https:\/\/cvinoticias.com\/v3\/entregaron-las-distinciones-el-angel-de-la-selva-a-las-trabajadoras-destacadas-del-ambito-de-la-salud\/","name":"Entregaron las distinciones \u201cEl \u00c1ngel de la Selva\u201d a las trabajadoras destacadas del \u00e1mbito de la salud | CVI NOTICIAS","isPartOf":{"@id":"https:\/\/cvinoticias.com\/v3\/#website"},"primaryImageOfPage":{"@id":"https:\/\/cvinoticias.com\/v3\/entregaron-las-distinciones-el-angel-de-la-selva-a-las-trabajadoras-destacadas-del-ambito-de-la-salud\/#primaryimage"},"image":{"@id":"https:\/\/cvinoticias.com\/v3\/entregaron-las-distinciones-el-angel-de-la-selva-a-las-trabajadoras-destacadas-del-ambito-de-la-salud\/#primaryimage"},"thumbnailUrl":"https:\/\/cvinoticias.com\/wp-content\/uploads\/2022\/06\/IMG-20220628-WA0019-1000x600-1.jpg","datePublished":"2022-06-28T12:36:41+00:00","breadcrumb":{"@id":"https:\/\/cvinoticias.com\/v3\/entregaron-las-distinciones-el-angel-de-la-selva-a-las-trabajadoras-destacadas-del-ambito-de-la-salud\/#breadcrumb"},"inLanguage":"es","potentialAction":[{"@type":"ReadAction","target":["https:\/\/cvinoticias.com\/v3\/entregaron-las-distinciones-el-angel-de-la-selva-a-las-trabajadoras-destacadas-del-ambito-de-la-salud\/"]}]},{"@type":"ImageObject","inLanguage":"es","@id":"https:\/\/cvinoticias.com\/v3\/entregaron-las-distinciones-el-angel-de-la-selva-a-las-trabajadoras-destacadas-del-ambito-de-la-salud\/#primaryimage","url":"https:\/\/cvinoticias.com\/wp-content\/uploads\/2022\/06\/IMG-20220628-WA0019-1000x600-1.jpg","contentUrl":"https:\/\/cvinoticias.com\/wp-content\/uploads\/2022\/06\/IMG-20220628-WA0019-1000x600-1.jpg","width":1000,"height":600},{"@type":"BreadcrumbList","@id":"https:\/\/cvinoticias.com\/v3\/entregaron-las-distinciones-el-angel-de-la-selva-a-las-trabajadoras-destacadas-del-ambito-de-la-salud\/#breadcrumb","itemListElement":[{"@type":"ListItem","position":1,"name":"Portada","item":"https:\/\/cvinoticias.com\/v3\/"},{"@type":"ListItem","position":2,"name":"Entregaron las distinciones \u201cEl \u00c1ngel de la Selva\u201d a las trabajadoras destacadas del \u00e1mbito de la salud"}]},{"@type":"WebSite","@id":"https:\/\/cvinoticias.com\/v3\/#website","url":"https:\/\/cvinoticias.com\/v3\/","name":"CVI NOTICIAS","description":"","publisher":{"@id":"https:\/\/cvinoticias.com\/v3\/#organization"},"alternateName":"CVI","potentialAction":[{"@type":"SearchAction","target":{"@type":"EntryPoint","urlTemplate":"https:\/\/cvinoticias.com\/v3\/?s={search_term_string}"},"query-input":{"@type":"PropertyValueSpecification","valueRequired":true,"valueName":"search_term_string"}}],"inLanguage":"es"},{"@type":"Organization","@id":"https:\/\/cvinoticias.com\/v3\/#organization","name":"CVI NOTICIAS","url":"https:\/\/cvinoticias.com\/v3\/","logo":{"@type":"ImageObject","inLanguage":"es","@id":"https:\/\/cvinoticias.com\/v3\/#\/schema\/logo\/image\/","url":"https:\/\/cvinoticias.com\/wp-content\/uploads\/2023\/04\/cropped-cropped-cropped-cropped-cropped-3-1.png","contentUrl":"https:\/\/cvinoticias.com\/wp-content\/uploads\/2023\/04\/cropped-cropped-cropped-cropped-cropped-3-1.png","width":95,"height":122,"caption":"CVI NOTICIAS"},"image":{"@id":"https:\/\/cvinoticias.com\/v3\/#\/schema\/logo\/image\/"},"sameAs":["https:\/\/www.facebook.com\/cvinoticias","https:\/\/www.instagram.com\/cvinoticias\/","https:\/\/www.youtube.com\/@CVINOTICIAS"]},{"@type":"Person","@id":"https:\/\/cvinoticias.com\/v3\/#\/schema\/person\/2db77e3c6bc03c538495d7b2b8be9b66","name":"f1000024","image":{"@type":"ImageObject","inLanguage":"es","@id":"https:\/\/secure.gravatar.com\/avatar\/d4fe7459cfc51ff5129ce1a732bbef5928568b8092d412ef95611616376bbeed?s=96&d=mm&r=g","url":"https:\/\/secure.gravatar.com\/avatar\/d4fe7459cfc51ff5129ce1a732bbef5928568b8092d412ef95611616376bbeed?s=96&d=mm&r=g","contentUrl":"https:\/\/secure.gravatar.com\/avatar\/d4fe7459cfc51ff5129ce1a732bbef5928568b8092d412ef95611616376bbeed?s=96&d=mm&r=g","caption":"f1000024"},"url":"https:\/\/cvinoticias.com\/v3\/author\/f1000024\/"}]}},"_links":{"self":[{"href":"https:\/\/cvinoticias.com\/v3\/wp-json\/wp\/v2\/posts\/17041","targetHints":{"allow":["GET"]}}],"collection":[{"href":"https:\/\/cvinoticias.com\/v3\/wp-json\/wp\/v2\/posts"}],"about":[{"href":"https:\/\/cvinoticias.com\/v3\/wp-json\/wp\/v2\/types\/post"}],"author":[{"embeddable":true,"href":"https:\/\/cvinoticias.com\/v3\/wp-json\/wp\/v2\/users\/2"}],"replies":[{"embeddable":true,"href":"https:\/\/cvinoticias.com\/v3\/wp-json\/wp\/v2\/comments?post=17041"}],"version-history":[{"count":1,"href":"https:\/\/cvinoticias.com\/v3\/wp-json\/wp\/v2\/posts\/17041\/revisions"}],"predecessor-version":[{"id":17046,"href":"https:\/\/cvinoticias.com\/v3\/wp-json\/wp\/v2\/posts\/17041\/revisions\/17046"}],"wp:featuredmedia":[{"embeddable":true,"href":"https:\/\/cvinoticias.com\/v3\/wp-json\/wp\/v2\/media\/17042"}],"wp:attachment":[{"href":"https:\/\/cvinoticias.com\/v3\/wp-json\/wp\/v2\/media?parent=17041"}],"wp:term":[{"taxonomy":"category","embeddable":true,"href":"https:\/\/cvinoticias.com\/v3\/wp-json\/wp\/v2\/categories?post=17041"},{"taxonomy":"post_tag","embeddable":true,"href":"https:\/\/cvinoticias.com\/v3\/wp-json\/wp\/v2\/tags?post=17041"}],"curies":[{"name":"wp","href":"https:\/\/api.w.org\/{rel}","templated":true}]}}