{"id":17028,"date":"2022-06-28T11:29:16","date_gmt":"2022-06-28T11:29:16","guid":{"rendered":"https:\/\/cvinoticias.com\/v3\/?p=17028"},"modified":"2022-06-28T11:29:16","modified_gmt":"2022-06-28T11:29:16","slug":"la-secretaria-de-energia-instruyo-al-area-correspondiente-a-instrumentar-la-segmentacion-tarifaria","status":"publish","type":"post","link":"https:\/\/cvinoticias.com\/v3\/la-secretaria-de-energia-instruyo-al-area-correspondiente-a-instrumentar-la-segmentacion-tarifaria\/","title":{"rendered":"La Secretar\u00eda de Energ\u00eda instruy\u00f3 al \u00e1rea correspondiente a instrumentar la segmentaci\u00f3n tarifaria"},"content":{"rendered":"\n<p><strong><em>De esta manera, se inicia el proceso para luego poder iniciar con la distinci\u00f3n de los distintos niveles de usuarios.<\/em><\/strong><\/p>\n\n\n\n<p>Luego del anuncio de la segmentaci\u00f3n tarifaria del 16 de junio, el Gobierno no hab\u00eda vuelto a hacer referencia al respecto, salvo algunas declaraciones. Este martes, a trav\u00e9s de la resoluci\u00f3n 467\/2022 publicada en el Bolet\u00edn Oficial, se conoci\u00f3 un paso m\u00e1s.<\/p>\n\n\n\n<p>La Secretar\u00eda de Energ\u00eda, autoridad de aplicaci\u00f3n de dicho sistema, instruy\u00f3 a la Subsecretar\u00eda de Planeamiento Energ\u00e9tico a instrumentar dicha segmentaci\u00f3n, y a que proyecte y suscriba los convenios con los poderes concedentes de servicios p\u00fablicos an\u00e1logos en Jurisdicciones Provinciales o Municipales.<\/p>\n\n\n\n<p>Tambi\u00e9n instruy\u00f3 a constituir, poner en funcionamiento y mantener actualizado el Registro de Acceso a los Subsidios a la Energ\u00eda (RASE) seg\u00fan lo establecido en el art\u00edculo 7\u00b0 del decreto 332\/2022, teniendo como base las declaraciones juradas a ser presentadas por los usuarios y las usuarias de los servicios energ\u00e9ticos. \u00abLa citada subsecretar\u00eda podr\u00e1 requerir a los Organismos correspondientes, con la periodicidad que determine, los cruces de informaci\u00f3n necesarios con el fin de administrar adecuadamente el r\u00e9gimen de segmentaci\u00f3n\u00bb, agrega la disposici\u00f3n.<\/p>\n\n\n\n<p>De esta manera, los beneficiarios de tarifa social podr\u00e1n ser incluidos en el padr\u00f3n de beneficiarios en el \u201cNivel 2 &#8211; Menores Ingresos\u201d, sobre la base de la informaci\u00f3n con la que cuenta el Estado Nacional en sus registros, cuando as\u00ed corresponda con el procedimiento que al efecto determine.<\/p>\n\n\n\n<p>Asimismo, el \u00e1rea conducida por Dar\u00edo Mart\u00ednez tambi\u00e9n instruy\u00f3 al ANSES a realizar la atenci\u00f3n presencial facilitando la carga digital para aquellas personas que no tienen acceso a dicha tecnolog\u00eda, con el fin de universalizar el acceso en todo el territorio nacional. La Subsecretar\u00eda de Planeamiento Energ\u00e9tico podr\u00e1 disponer o acordar que otros organismos o instituciones faciliten tambi\u00e9n dicho tr\u00e1mite en forma \u00e1gil y gratuita.<\/p>\n\n\n\n<p>Por otro lado, el padr\u00f3n de beneficiarios del r\u00e9gimen de subsidios ser\u00e1 informado por la Subsecretar\u00eda de Planeamiento Energ\u00e9tico al Ente Nacional Regulador de la Electricidad (ENRE), al Ente Nacional Regulador del Gas (ENARGAS), a los dem\u00e1s entes reguladores, autoridades provinciales para su implementaci\u00f3n y comunicaci\u00f3n a los usuarios que correspondan, de acuerdo con lo que determine el procedimiento que a tal efecto dicte dicha Subsecretar\u00eda con la colaboraci\u00f3n de la Secretar\u00eda de Innovaci\u00f3n Tecnol\u00f3gica del Sector P\u00fablico.<\/p>\n\n\n\n<p>Y lo m\u00e1s importante: la Declaraci\u00f3n Jurada para acceder a los subsidios a usuarias y usuarios residenciales de los servicios p\u00fablicos de energ\u00eda el\u00e9ctrica y gas natural por red estar\u00e1 disponible en formato digital en el sitio web https:\/\/www.argentina.gob.ar, para asegurar su despliegue seguro, \u00e1gil y gratuito en todo el pa\u00eds.<\/p>\n","protected":false},"excerpt":{"rendered":"<p>De esta manera, se inicia el proceso para luego poder iniciar con la distinci\u00f3n de los distintos niveles de usuarios. Luego del anuncio de la segmentaci\u00f3n tarifaria del 16 de junio, el Gobierno no hab\u00eda vuelto a hacer referencia al respecto, salvo algunas declaraciones. Este martes, a trav\u00e9s de la resoluci\u00f3n 467\/2022 publicada en el [&hellip;]<\/p>\n","protected":false},"author":2,"featured_media":17029,"comment_status":"open","ping_status":"open","sticky":false,"template":"","format":"standard","meta":{"footnotes":""},"categories":[33],"tags":[],"class_list":["post-17028","post","type-post","status-publish","format-standard","has-post-thumbnail","hentry","category-energia"],"yoast_head":"<!-- This site is optimized with the Yoast SEO plugin v27.4 - https:\/\/yoast.com\/product\/yoast-seo-wordpress\/ -->\n<title>La Secretar\u00eda de Energ\u00eda instruy\u00f3 al \u00e1rea correspondiente a instrumentar la segmentaci\u00f3n tarifaria | CVI NOTICIAS<\/title>\n<meta name=\"robots\" content=\"index, follow, max-snippet:-1, max-image-preview:large, max-video-preview:-1\" \/>\n<link rel=\"canonical\" href=\"https:\/\/cvinoticias.com\/v3\/la-secretaria-de-energia-instruyo-al-area-correspondiente-a-instrumentar-la-segmentacion-tarifaria\/\" \/>\n<meta property=\"og:locale\" content=\"es_ES\" \/>\n<meta property=\"og:type\" content=\"article\" \/>\n<meta property=\"og:title\" content=\"La Secretar\u00eda de Energ\u00eda instruy\u00f3 al \u00e1rea correspondiente a instrumentar la segmentaci\u00f3n tarifaria | CVI NOTICIAS\" \/>\n<meta property=\"og:description\" content=\"De esta manera, se inicia el proceso para luego poder iniciar con la distinci\u00f3n de los distintos niveles de usuarios. Luego del anuncio de la segmentaci\u00f3n tarifaria del 16 de junio, el Gobierno no hab\u00eda vuelto a hacer referencia al respecto, salvo algunas declaraciones. Este martes, a trav\u00e9s de la resoluci\u00f3n 467\/2022 publicada en el [&hellip;]\" \/>\n<meta property=\"og:url\" content=\"https:\/\/cvinoticias.com\/v3\/la-secretaria-de-energia-instruyo-al-area-correspondiente-a-instrumentar-la-segmentacion-tarifaria\/\" \/>\n<meta property=\"og:site_name\" content=\"CVI NOTICIAS\" \/>\n<meta property=\"article:publisher\" content=\"https:\/\/www.facebook.com\/cvinoticias\" \/>\n<meta property=\"article:published_time\" content=\"2022-06-28T11:29:16+00:00\" \/>\n<meta property=\"og:image\" content=\"https:\/\/cvinoticias.com\/wp-content\/uploads\/2022\/06\/0000088014.jpg\" \/>\n\t<meta property=\"og:image:width\" content=\"800\" \/>\n\t<meta property=\"og:image:height\" content=\"445\" \/>\n\t<meta property=\"og:image:type\" content=\"image\/jpeg\" \/>\n<meta name=\"author\" content=\"f1000024\" \/>\n<meta name=\"twitter:card\" content=\"summary_large_image\" \/>\n<meta name=\"twitter:label1\" content=\"Escrito por\" \/>\n\t<meta name=\"twitter:data1\" content=\"f1000024\" \/>\n\t<meta name=\"twitter:label2\" content=\"Tiempo de lectura\" \/>\n\t<meta name=\"twitter:data2\" content=\"2 minutos\" \/>\n<script type=\"application\/ld+json\" class=\"yoast-schema-graph\">{\"@context\":\"https:\\\/\\\/schema.org\",\"@graph\":[{\"@type\":\"Article\",\"@id\":\"https:\\\/\\\/cvinoticias.com\\\/v3\\\/la-secretaria-de-energia-instruyo-al-area-correspondiente-a-instrumentar-la-segmentacion-tarifaria\\\/#article\",\"isPartOf\":{\"@id\":\"https:\\\/\\\/cvinoticias.com\\\/v3\\\/la-secretaria-de-energia-instruyo-al-area-correspondiente-a-instrumentar-la-segmentacion-tarifaria\\\/\"},\"author\":{\"name\":\"f1000024\",\"@id\":\"https:\\\/\\\/cvinoticias.com\\\/v3\\\/#\\\/schema\\\/person\\\/2db77e3c6bc03c538495d7b2b8be9b66\"},\"headline\":\"La Secretar\u00eda de Energ\u00eda instruy\u00f3 al \u00e1rea correspondiente a instrumentar la segmentaci\u00f3n tarifaria\",\"datePublished\":\"2022-06-28T11:29:16+00:00\",\"mainEntityOfPage\":{\"@id\":\"https:\\\/\\\/cvinoticias.com\\\/v3\\\/la-secretaria-de-energia-instruyo-al-area-correspondiente-a-instrumentar-la-segmentacion-tarifaria\\\/\"},\"wordCount\":500,\"commentCount\":0,\"publisher\":{\"@id\":\"https:\\\/\\\/cvinoticias.com\\\/v3\\\/#organization\"},\"image\":{\"@id\":\"https:\\\/\\\/cvinoticias.com\\\/v3\\\/la-secretaria-de-energia-instruyo-al-area-correspondiente-a-instrumentar-la-segmentacion-tarifaria\\\/#primaryimage\"},\"thumbnailUrl\":\"https:\\\/\\\/cvinoticias.com\\\/wp-content\\\/uploads\\\/2022\\\/06\\\/0000088014.jpg\",\"articleSection\":[\"Energ\u00eda\"],\"inLanguage\":\"es\",\"potentialAction\":[{\"@type\":\"CommentAction\",\"name\":\"Comment\",\"target\":[\"https:\\\/\\\/cvinoticias.com\\\/v3\\\/la-secretaria-de-energia-instruyo-al-area-correspondiente-a-instrumentar-la-segmentacion-tarifaria\\\/#respond\"]}]},{\"@type\":\"WebPage\",\"@id\":\"https:\\\/\\\/cvinoticias.com\\\/v3\\\/la-secretaria-de-energia-instruyo-al-area-correspondiente-a-instrumentar-la-segmentacion-tarifaria\\\/\",\"url\":\"https:\\\/\\\/cvinoticias.com\\\/v3\\\/la-secretaria-de-energia-instruyo-al-area-correspondiente-a-instrumentar-la-segmentacion-tarifaria\\\/\",\"name\":\"La Secretar\u00eda de Energ\u00eda instruy\u00f3 al \u00e1rea correspondiente a instrumentar la segmentaci\u00f3n tarifaria | CVI NOTICIAS\",\"isPartOf\":{\"@id\":\"https:\\\/\\\/cvinoticias.com\\\/v3\\\/#website\"},\"primaryImageOfPage\":{\"@id\":\"https:\\\/\\\/cvinoticias.com\\\/v3\\\/la-secretaria-de-energia-instruyo-al-area-correspondiente-a-instrumentar-la-segmentacion-tarifaria\\\/#primaryimage\"},\"image\":{\"@id\":\"https:\\\/\\\/cvinoticias.com\\\/v3\\\/la-secretaria-de-energia-instruyo-al-area-correspondiente-a-instrumentar-la-segmentacion-tarifaria\\\/#primaryimage\"},\"thumbnailUrl\":\"https:\\\/\\\/cvinoticias.com\\\/wp-content\\\/uploads\\\/2022\\\/06\\\/0000088014.jpg\",\"datePublished\":\"2022-06-28T11:29:16+00:00\",\"breadcrumb\":{\"@id\":\"https:\\\/\\\/cvinoticias.com\\\/v3\\\/la-secretaria-de-energia-instruyo-al-area-correspondiente-a-instrumentar-la-segmentacion-tarifaria\\\/#breadcrumb\"},\"inLanguage\":\"es\",\"potentialAction\":[{\"@type\":\"ReadAction\",\"target\":[\"https:\\\/\\\/cvinoticias.com\\\/v3\\\/la-secretaria-de-energia-instruyo-al-area-correspondiente-a-instrumentar-la-segmentacion-tarifaria\\\/\"]}]},{\"@type\":\"ImageObject\",\"inLanguage\":\"es\",\"@id\":\"https:\\\/\\\/cvinoticias.com\\\/v3\\\/la-secretaria-de-energia-instruyo-al-area-correspondiente-a-instrumentar-la-segmentacion-tarifaria\\\/#primaryimage\",\"url\":\"https:\\\/\\\/cvinoticias.com\\\/wp-content\\\/uploads\\\/2022\\\/06\\\/0000088014.jpg\",\"contentUrl\":\"https:\\\/\\\/cvinoticias.com\\\/wp-content\\\/uploads\\\/2022\\\/06\\\/0000088014.jpg\",\"width\":800,\"height\":445},{\"@type\":\"BreadcrumbList\",\"@id\":\"https:\\\/\\\/cvinoticias.com\\\/v3\\\/la-secretaria-de-energia-instruyo-al-area-correspondiente-a-instrumentar-la-segmentacion-tarifaria\\\/#breadcrumb\",\"itemListElement\":[{\"@type\":\"ListItem\",\"position\":1,\"name\":\"Portada\",\"item\":\"https:\\\/\\\/cvinoticias.com\\\/v3\\\/\"},{\"@type\":\"ListItem\",\"position\":2,\"name\":\"La Secretar\u00eda de Energ\u00eda instruy\u00f3 al \u00e1rea correspondiente a instrumentar la segmentaci\u00f3n tarifaria\"}]},{\"@type\":\"WebSite\",\"@id\":\"https:\\\/\\\/cvinoticias.com\\\/v3\\\/#website\",\"url\":\"https:\\\/\\\/cvinoticias.com\\\/v3\\\/\",\"name\":\"CVI NOTICIAS\",\"description\":\"\",\"publisher\":{\"@id\":\"https:\\\/\\\/cvinoticias.com\\\/v3\\\/#organization\"},\"alternateName\":\"CVI\",\"potentialAction\":[{\"@type\":\"SearchAction\",\"target\":{\"@type\":\"EntryPoint\",\"urlTemplate\":\"https:\\\/\\\/cvinoticias.com\\\/v3\\\/?s={search_term_string}\"},\"query-input\":{\"@type\":\"PropertyValueSpecification\",\"valueRequired\":true,\"valueName\":\"search_term_string\"}}],\"inLanguage\":\"es\"},{\"@type\":\"Organization\",\"@id\":\"https:\\\/\\\/cvinoticias.com\\\/v3\\\/#organization\",\"name\":\"CVI NOTICIAS\",\"url\":\"https:\\\/\\\/cvinoticias.com\\\/v3\\\/\",\"logo\":{\"@type\":\"ImageObject\",\"inLanguage\":\"es\",\"@id\":\"https:\\\/\\\/cvinoticias.com\\\/v3\\\/#\\\/schema\\\/logo\\\/image\\\/\",\"url\":\"https:\\\/\\\/cvinoticias.com\\\/wp-content\\\/uploads\\\/2023\\\/04\\\/cropped-cropped-cropped-cropped-cropped-3-1.png\",\"contentUrl\":\"https:\\\/\\\/cvinoticias.com\\\/wp-content\\\/uploads\\\/2023\\\/04\\\/cropped-cropped-cropped-cropped-cropped-3-1.png\",\"width\":95,\"height\":122,\"caption\":\"CVI NOTICIAS\"},\"image\":{\"@id\":\"https:\\\/\\\/cvinoticias.com\\\/v3\\\/#\\\/schema\\\/logo\\\/image\\\/\"},\"sameAs\":[\"https:\\\/\\\/www.facebook.com\\\/cvinoticias\",\"https:\\\/\\\/www.instagram.com\\\/cvinoticias\\\/\",\"https:\\\/\\\/www.youtube.com\\\/@CVINOTICIAS\"]},{\"@type\":\"Person\",\"@id\":\"https:\\\/\\\/cvinoticias.com\\\/v3\\\/#\\\/schema\\\/person\\\/2db77e3c6bc03c538495d7b2b8be9b66\",\"name\":\"f1000024\",\"image\":{\"@type\":\"ImageObject\",\"inLanguage\":\"es\",\"@id\":\"https:\\\/\\\/secure.gravatar.com\\\/avatar\\\/d4fe7459cfc51ff5129ce1a732bbef5928568b8092d412ef95611616376bbeed?s=96&d=mm&r=g\",\"url\":\"https:\\\/\\\/secure.gravatar.com\\\/avatar\\\/d4fe7459cfc51ff5129ce1a732bbef5928568b8092d412ef95611616376bbeed?s=96&d=mm&r=g\",\"contentUrl\":\"https:\\\/\\\/secure.gravatar.com\\\/avatar\\\/d4fe7459cfc51ff5129ce1a732bbef5928568b8092d412ef95611616376bbeed?s=96&d=mm&r=g\",\"caption\":\"f1000024\"},\"url\":\"https:\\\/\\\/cvinoticias.com\\\/v3\\\/author\\\/f1000024\\\/\"}]}<\/script>\n<!-- \/ Yoast SEO plugin. -->","yoast_head_json":{"title":"La Secretar\u00eda de Energ\u00eda instruy\u00f3 al \u00e1rea correspondiente a instrumentar la segmentaci\u00f3n tarifaria | CVI NOTICIAS","robots":{"index":"index","follow":"follow","max-snippet":"max-snippet:-1","max-image-preview":"max-image-preview:large","max-video-preview":"max-video-preview:-1"},"canonical":"https:\/\/cvinoticias.com\/v3\/la-secretaria-de-energia-instruyo-al-area-correspondiente-a-instrumentar-la-segmentacion-tarifaria\/","og_locale":"es_ES","og_type":"article","og_title":"La Secretar\u00eda de Energ\u00eda instruy\u00f3 al \u00e1rea correspondiente a instrumentar la segmentaci\u00f3n tarifaria | CVI NOTICIAS","og_description":"De esta manera, se inicia el proceso para luego poder iniciar con la distinci\u00f3n de los distintos niveles de usuarios. Luego del anuncio de la segmentaci\u00f3n tarifaria del 16 de junio, el Gobierno no hab\u00eda vuelto a hacer referencia al respecto, salvo algunas declaraciones. Este martes, a trav\u00e9s de la resoluci\u00f3n 467\/2022 publicada en el [&hellip;]","og_url":"https:\/\/cvinoticias.com\/v3\/la-secretaria-de-energia-instruyo-al-area-correspondiente-a-instrumentar-la-segmentacion-tarifaria\/","og_site_name":"CVI NOTICIAS","article_publisher":"https:\/\/www.facebook.com\/cvinoticias","article_published_time":"2022-06-28T11:29:16+00:00","og_image":[{"width":800,"height":445,"url":"https:\/\/cvinoticias.com\/wp-content\/uploads\/2022\/06\/0000088014.jpg","type":"image\/jpeg"}],"author":"f1000024","twitter_card":"summary_large_image","twitter_misc":{"Escrito por":"f1000024","Tiempo de lectura":"2 minutos"},"schema":{"@context":"https:\/\/schema.org","@graph":[{"@type":"Article","@id":"https:\/\/cvinoticias.com\/v3\/la-secretaria-de-energia-instruyo-al-area-correspondiente-a-instrumentar-la-segmentacion-tarifaria\/#article","isPartOf":{"@id":"https:\/\/cvinoticias.com\/v3\/la-secretaria-de-energia-instruyo-al-area-correspondiente-a-instrumentar-la-segmentacion-tarifaria\/"},"author":{"name":"f1000024","@id":"https:\/\/cvinoticias.com\/v3\/#\/schema\/person\/2db77e3c6bc03c538495d7b2b8be9b66"},"headline":"La Secretar\u00eda de Energ\u00eda instruy\u00f3 al \u00e1rea correspondiente a instrumentar la segmentaci\u00f3n tarifaria","datePublished":"2022-06-28T11:29:16+00:00","mainEntityOfPage":{"@id":"https:\/\/cvinoticias.com\/v3\/la-secretaria-de-energia-instruyo-al-area-correspondiente-a-instrumentar-la-segmentacion-tarifaria\/"},"wordCount":500,"commentCount":0,"publisher":{"@id":"https:\/\/cvinoticias.com\/v3\/#organization"},"image":{"@id":"https:\/\/cvinoticias.com\/v3\/la-secretaria-de-energia-instruyo-al-area-correspondiente-a-instrumentar-la-segmentacion-tarifaria\/#primaryimage"},"thumbnailUrl":"https:\/\/cvinoticias.com\/wp-content\/uploads\/2022\/06\/0000088014.jpg","articleSection":["Energ\u00eda"],"inLanguage":"es","potentialAction":[{"@type":"CommentAction","name":"Comment","target":["https:\/\/cvinoticias.com\/v3\/la-secretaria-de-energia-instruyo-al-area-correspondiente-a-instrumentar-la-segmentacion-tarifaria\/#respond"]}]},{"@type":"WebPage","@id":"https:\/\/cvinoticias.com\/v3\/la-secretaria-de-energia-instruyo-al-area-correspondiente-a-instrumentar-la-segmentacion-tarifaria\/","url":"https:\/\/cvinoticias.com\/v3\/la-secretaria-de-energia-instruyo-al-area-correspondiente-a-instrumentar-la-segmentacion-tarifaria\/","name":"La Secretar\u00eda de Energ\u00eda instruy\u00f3 al \u00e1rea correspondiente a instrumentar la segmentaci\u00f3n tarifaria | CVI NOTICIAS","isPartOf":{"@id":"https:\/\/cvinoticias.com\/v3\/#website"},"primaryImageOfPage":{"@id":"https:\/\/cvinoticias.com\/v3\/la-secretaria-de-energia-instruyo-al-area-correspondiente-a-instrumentar-la-segmentacion-tarifaria\/#primaryimage"},"image":{"@id":"https:\/\/cvinoticias.com\/v3\/la-secretaria-de-energia-instruyo-al-area-correspondiente-a-instrumentar-la-segmentacion-tarifaria\/#primaryimage"},"thumbnailUrl":"https:\/\/cvinoticias.com\/wp-content\/uploads\/2022\/06\/0000088014.jpg","datePublished":"2022-06-28T11:29:16+00:00","breadcrumb":{"@id":"https:\/\/cvinoticias.com\/v3\/la-secretaria-de-energia-instruyo-al-area-correspondiente-a-instrumentar-la-segmentacion-tarifaria\/#breadcrumb"},"inLanguage":"es","potentialAction":[{"@type":"ReadAction","target":["https:\/\/cvinoticias.com\/v3\/la-secretaria-de-energia-instruyo-al-area-correspondiente-a-instrumentar-la-segmentacion-tarifaria\/"]}]},{"@type":"ImageObject","inLanguage":"es","@id":"https:\/\/cvinoticias.com\/v3\/la-secretaria-de-energia-instruyo-al-area-correspondiente-a-instrumentar-la-segmentacion-tarifaria\/#primaryimage","url":"https:\/\/cvinoticias.com\/wp-content\/uploads\/2022\/06\/0000088014.jpg","contentUrl":"https:\/\/cvinoticias.com\/wp-content\/uploads\/2022\/06\/0000088014.jpg","width":800,"height":445},{"@type":"BreadcrumbList","@id":"https:\/\/cvinoticias.com\/v3\/la-secretaria-de-energia-instruyo-al-area-correspondiente-a-instrumentar-la-segmentacion-tarifaria\/#breadcrumb","itemListElement":[{"@type":"ListItem","position":1,"name":"Portada","item":"https:\/\/cvinoticias.com\/v3\/"},{"@type":"ListItem","position":2,"name":"La Secretar\u00eda de Energ\u00eda instruy\u00f3 al \u00e1rea correspondiente a instrumentar la segmentaci\u00f3n tarifaria"}]},{"@type":"WebSite","@id":"https:\/\/cvinoticias.com\/v3\/#website","url":"https:\/\/cvinoticias.com\/v3\/","name":"CVI NOTICIAS","description":"","publisher":{"@id":"https:\/\/cvinoticias.com\/v3\/#organization"},"alternateName":"CVI","potentialAction":[{"@type":"SearchAction","target":{"@type":"EntryPoint","urlTemplate":"https:\/\/cvinoticias.com\/v3\/?s={search_term_string}"},"query-input":{"@type":"PropertyValueSpecification","valueRequired":true,"valueName":"search_term_string"}}],"inLanguage":"es"},{"@type":"Organization","@id":"https:\/\/cvinoticias.com\/v3\/#organization","name":"CVI NOTICIAS","url":"https:\/\/cvinoticias.com\/v3\/","logo":{"@type":"ImageObject","inLanguage":"es","@id":"https:\/\/cvinoticias.com\/v3\/#\/schema\/logo\/image\/","url":"https:\/\/cvinoticias.com\/wp-content\/uploads\/2023\/04\/cropped-cropped-cropped-cropped-cropped-3-1.png","contentUrl":"https:\/\/cvinoticias.com\/wp-content\/uploads\/2023\/04\/cropped-cropped-cropped-cropped-cropped-3-1.png","width":95,"height":122,"caption":"CVI NOTICIAS"},"image":{"@id":"https:\/\/cvinoticias.com\/v3\/#\/schema\/logo\/image\/"},"sameAs":["https:\/\/www.facebook.com\/cvinoticias","https:\/\/www.instagram.com\/cvinoticias\/","https:\/\/www.youtube.com\/@CVINOTICIAS"]},{"@type":"Person","@id":"https:\/\/cvinoticias.com\/v3\/#\/schema\/person\/2db77e3c6bc03c538495d7b2b8be9b66","name":"f1000024","image":{"@type":"ImageObject","inLanguage":"es","@id":"https:\/\/secure.gravatar.com\/avatar\/d4fe7459cfc51ff5129ce1a732bbef5928568b8092d412ef95611616376bbeed?s=96&d=mm&r=g","url":"https:\/\/secure.gravatar.com\/avatar\/d4fe7459cfc51ff5129ce1a732bbef5928568b8092d412ef95611616376bbeed?s=96&d=mm&r=g","contentUrl":"https:\/\/secure.gravatar.com\/avatar\/d4fe7459cfc51ff5129ce1a732bbef5928568b8092d412ef95611616376bbeed?s=96&d=mm&r=g","caption":"f1000024"},"url":"https:\/\/cvinoticias.com\/v3\/author\/f1000024\/"}]}},"_links":{"self":[{"href":"https:\/\/cvinoticias.com\/v3\/wp-json\/wp\/v2\/posts\/17028","targetHints":{"allow":["GET"]}}],"collection":[{"href":"https:\/\/cvinoticias.com\/v3\/wp-json\/wp\/v2\/posts"}],"about":[{"href":"https:\/\/cvinoticias.com\/v3\/wp-json\/wp\/v2\/types\/post"}],"author":[{"embeddable":true,"href":"https:\/\/cvinoticias.com\/v3\/wp-json\/wp\/v2\/users\/2"}],"replies":[{"embeddable":true,"href":"https:\/\/cvinoticias.com\/v3\/wp-json\/wp\/v2\/comments?post=17028"}],"version-history":[{"count":1,"href":"https:\/\/cvinoticias.com\/v3\/wp-json\/wp\/v2\/posts\/17028\/revisions"}],"predecessor-version":[{"id":17030,"href":"https:\/\/cvinoticias.com\/v3\/wp-json\/wp\/v2\/posts\/17028\/revisions\/17030"}],"wp:featuredmedia":[{"embeddable":true,"href":"https:\/\/cvinoticias.com\/v3\/wp-json\/wp\/v2\/media\/17029"}],"wp:attachment":[{"href":"https:\/\/cvinoticias.com\/v3\/wp-json\/wp\/v2\/media?parent=17028"}],"wp:term":[{"taxonomy":"category","embeddable":true,"href":"https:\/\/cvinoticias.com\/v3\/wp-json\/wp\/v2\/categories?post=17028"},{"taxonomy":"post_tag","embeddable":true,"href":"https:\/\/cvinoticias.com\/v3\/wp-json\/wp\/v2\/tags?post=17028"}],"curies":[{"name":"wp","href":"https:\/\/api.w.org\/{rel}","templated":true}]}}