{"id":16991,"date":"2022-06-27T10:36:08","date_gmt":"2022-06-27T10:36:08","guid":{"rendered":"https:\/\/cvinoticias.com\/v3\/?p=16991"},"modified":"2022-06-27T10:36:08","modified_gmt":"2022-06-27T10:36:08","slug":"misiones-decidio-sumar-una-hora-mas-de-clases-en-la-escuela-primaria","status":"publish","type":"post","link":"https:\/\/cvinoticias.com\/v3\/misiones-decidio-sumar-una-hora-mas-de-clases-en-la-escuela-primaria\/","title":{"rendered":"<br>Misiones decidi\u00f3 sumar una hora m\u00e1s de clases en la escuela primaria"},"content":{"rendered":"\n<p><strong><em>Los funcionarios de Educaci\u00f3n se reunir\u00e1n con los gremios docentes para evaluar la manera de compensar esa hora. Apuntan a reforzar los contenidos de lectura, escritura y comprensi\u00f3n de textos y los de razonamiento cient\u00edfico y matem\u00e1tico.<\/em><\/strong><\/p>\n\n\n\n<p>Luego de la \u00faltima reuni\u00f3n del Consejo Federal de Educaci\u00f3n y los resultados obtenidos por los alumnos misioneros de sexto grado en el Operativo Aprender, el gobierno educativo de la provincia decidi\u00f3 avanzar en la implementaci\u00f3n de una hora m\u00e1s de clases en el nivel primario para reforzar los contenidos de lectura, escritura y comprensi\u00f3n de textos y los de razonamiento cient\u00edfico y matem\u00e1tico.<\/p>\n\n\n\n<p>\u201cTrabajar en la implementaci\u00f3n de una hora este m\u00e1s en las escuelas, en nivel primario, a trav\u00e9s de la aplicaci\u00f3n de la resoluci\u00f3n que firmamos el d\u00eda mi\u00e9rcoles de Consejo Federal de Educaci\u00f3n y ver la posibilidad de hacerlo ac\u00e1 y en esa hora mejorar lo que tenga que ver con razonamiento matem\u00e1tico y cient\u00edfico y la lectoescritura\u201d, adelant\u00f3 el ministro de Educaci\u00f3n, Ciencia y Tecnolog\u00eda, Miguel Sedoff.<\/p>\n\n\n\n<p>El funcionario se\u00f1al\u00f3 como algunos de los motivos de los resultados que obtuvo Misiones en el Operativo Aprender a los factores socioecon\u00f3micos, la pandemia y la conectividad escolar. Es por ello que se pens\u00f3 como una de las respuestas una nueva hora en el nivel primario.<\/p>\n\n\n\n<p>\u201cNosotros el mi\u00e9rcoles que estuvimos en Rosario en el Consejo Federal de Educaci\u00f3n comparamos los resultados provinciales con otros ministros y la verdad que la brecha socioeducativa es una de las mayores preocupaciones de todos, porque creci\u00f3 much\u00edsimo, aproximadamente un 30% en todo el pa\u00eds y eso nos dice que la escuela est\u00e1 asignada por una situaci\u00f3n socioecon\u00f3mica que la impacta directamente. Obviamente eso tiene que ver con las familias y la posibilidad de acompa\u00f1amiento de los chicos, la posibilidad de concentrarse, de ir a la escuela y de considerar la educaci\u00f3n como algo importante\u201d, a\u00f1adi\u00f3.<\/p>\n","protected":false},"excerpt":{"rendered":"<p>Los funcionarios de Educaci\u00f3n se reunir\u00e1n con los gremios docentes para evaluar la manera de compensar esa hora. Apuntan a reforzar los contenidos de lectura, escritura y comprensi\u00f3n de textos y los de razonamiento cient\u00edfico y matem\u00e1tico. Luego de la \u00faltima reuni\u00f3n del Consejo Federal de Educaci\u00f3n y los resultados obtenidos por los alumnos misioneros [&hellip;]<\/p>\n","protected":false},"author":2,"featured_media":16992,"comment_status":"open","ping_status":"open","sticky":false,"template":"","format":"standard","meta":{"footnotes":""},"categories":[26],"tags":[],"class_list":["post-16991","post","type-post","status-publish","format-standard","has-post-thumbnail","hentry","category-educacion"],"yoast_head":"<!-- This site is optimized with the Yoast SEO plugin v27.4 - https:\/\/yoast.com\/product\/yoast-seo-wordpress\/ -->\n<title>Misiones decidi\u00f3 sumar una hora m\u00e1s de clases en la escuela primaria | CVI NOTICIAS<\/title>\n<meta name=\"robots\" content=\"index, follow, max-snippet:-1, max-image-preview:large, max-video-preview:-1\" \/>\n<link rel=\"canonical\" href=\"https:\/\/cvinoticias.com\/v3\/misiones-decidio-sumar-una-hora-mas-de-clases-en-la-escuela-primaria\/\" \/>\n<meta property=\"og:locale\" content=\"es_ES\" \/>\n<meta property=\"og:type\" content=\"article\" \/>\n<meta property=\"og:title\" content=\"Misiones decidi\u00f3 sumar una hora m\u00e1s de clases en la escuela primaria | CVI NOTICIAS\" \/>\n<meta property=\"og:description\" content=\"Los funcionarios de Educaci\u00f3n se reunir\u00e1n con los gremios docentes para evaluar la manera de compensar esa hora. Apuntan a reforzar los contenidos de lectura, escritura y comprensi\u00f3n de textos y los de razonamiento cient\u00edfico y matem\u00e1tico. Luego de la \u00faltima reuni\u00f3n del Consejo Federal de Educaci\u00f3n y los resultados obtenidos por los alumnos misioneros [&hellip;]\" \/>\n<meta property=\"og:url\" content=\"https:\/\/cvinoticias.com\/v3\/misiones-decidio-sumar-una-hora-mas-de-clases-en-la-escuela-primaria\/\" \/>\n<meta property=\"og:site_name\" content=\"CVI NOTICIAS\" \/>\n<meta property=\"article:publisher\" content=\"https:\/\/www.facebook.com\/cvinoticias\" \/>\n<meta property=\"article:published_time\" content=\"2022-06-27T10:36:08+00:00\" \/>\n<meta property=\"og:image\" content=\"https:\/\/cvinoticias.com\/wp-content\/uploads\/2022\/06\/escuela-ninos.jpg\" \/>\n\t<meta property=\"og:image:width\" content=\"1126\" \/>\n\t<meta property=\"og:image:height\" content=\"721\" \/>\n\t<meta property=\"og:image:type\" content=\"image\/jpeg\" \/>\n<meta name=\"author\" content=\"f1000024\" \/>\n<meta name=\"twitter:card\" content=\"summary_large_image\" \/>\n<meta name=\"twitter:label1\" content=\"Escrito por\" \/>\n\t<meta name=\"twitter:data1\" content=\"f1000024\" \/>\n\t<meta name=\"twitter:label2\" content=\"Tiempo de lectura\" \/>\n\t<meta name=\"twitter:data2\" content=\"2 minutos\" \/>\n<script type=\"application\/ld+json\" class=\"yoast-schema-graph\">{\"@context\":\"https:\\\/\\\/schema.org\",\"@graph\":[{\"@type\":\"Article\",\"@id\":\"https:\\\/\\\/cvinoticias.com\\\/v3\\\/misiones-decidio-sumar-una-hora-mas-de-clases-en-la-escuela-primaria\\\/#article\",\"isPartOf\":{\"@id\":\"https:\\\/\\\/cvinoticias.com\\\/v3\\\/misiones-decidio-sumar-una-hora-mas-de-clases-en-la-escuela-primaria\\\/\"},\"author\":{\"name\":\"f1000024\",\"@id\":\"https:\\\/\\\/cvinoticias.com\\\/v3\\\/#\\\/schema\\\/person\\\/2db77e3c6bc03c538495d7b2b8be9b66\"},\"headline\":\"Misiones decidi\u00f3 sumar una hora m\u00e1s de clases en la escuela primaria\",\"datePublished\":\"2022-06-27T10:36:08+00:00\",\"mainEntityOfPage\":{\"@id\":\"https:\\\/\\\/cvinoticias.com\\\/v3\\\/misiones-decidio-sumar-una-hora-mas-de-clases-en-la-escuela-primaria\\\/\"},\"wordCount\":358,\"commentCount\":0,\"publisher\":{\"@id\":\"https:\\\/\\\/cvinoticias.com\\\/v3\\\/#organization\"},\"image\":{\"@id\":\"https:\\\/\\\/cvinoticias.com\\\/v3\\\/misiones-decidio-sumar-una-hora-mas-de-clases-en-la-escuela-primaria\\\/#primaryimage\"},\"thumbnailUrl\":\"https:\\\/\\\/cvinoticias.com\\\/wp-content\\\/uploads\\\/2022\\\/06\\\/escuela-ninos.jpg\",\"articleSection\":[\"Educacion\"],\"inLanguage\":\"es\",\"potentialAction\":[{\"@type\":\"CommentAction\",\"name\":\"Comment\",\"target\":[\"https:\\\/\\\/cvinoticias.com\\\/v3\\\/misiones-decidio-sumar-una-hora-mas-de-clases-en-la-escuela-primaria\\\/#respond\"]}]},{\"@type\":\"WebPage\",\"@id\":\"https:\\\/\\\/cvinoticias.com\\\/v3\\\/misiones-decidio-sumar-una-hora-mas-de-clases-en-la-escuela-primaria\\\/\",\"url\":\"https:\\\/\\\/cvinoticias.com\\\/v3\\\/misiones-decidio-sumar-una-hora-mas-de-clases-en-la-escuela-primaria\\\/\",\"name\":\"Misiones decidi\u00f3 sumar una hora m\u00e1s de clases en la escuela primaria | CVI NOTICIAS\",\"isPartOf\":{\"@id\":\"https:\\\/\\\/cvinoticias.com\\\/v3\\\/#website\"},\"primaryImageOfPage\":{\"@id\":\"https:\\\/\\\/cvinoticias.com\\\/v3\\\/misiones-decidio-sumar-una-hora-mas-de-clases-en-la-escuela-primaria\\\/#primaryimage\"},\"image\":{\"@id\":\"https:\\\/\\\/cvinoticias.com\\\/v3\\\/misiones-decidio-sumar-una-hora-mas-de-clases-en-la-escuela-primaria\\\/#primaryimage\"},\"thumbnailUrl\":\"https:\\\/\\\/cvinoticias.com\\\/wp-content\\\/uploads\\\/2022\\\/06\\\/escuela-ninos.jpg\",\"datePublished\":\"2022-06-27T10:36:08+00:00\",\"breadcrumb\":{\"@id\":\"https:\\\/\\\/cvinoticias.com\\\/v3\\\/misiones-decidio-sumar-una-hora-mas-de-clases-en-la-escuela-primaria\\\/#breadcrumb\"},\"inLanguage\":\"es\",\"potentialAction\":[{\"@type\":\"ReadAction\",\"target\":[\"https:\\\/\\\/cvinoticias.com\\\/v3\\\/misiones-decidio-sumar-una-hora-mas-de-clases-en-la-escuela-primaria\\\/\"]}]},{\"@type\":\"ImageObject\",\"inLanguage\":\"es\",\"@id\":\"https:\\\/\\\/cvinoticias.com\\\/v3\\\/misiones-decidio-sumar-una-hora-mas-de-clases-en-la-escuela-primaria\\\/#primaryimage\",\"url\":\"https:\\\/\\\/cvinoticias.com\\\/wp-content\\\/uploads\\\/2022\\\/06\\\/escuela-ninos.jpg\",\"contentUrl\":\"https:\\\/\\\/cvinoticias.com\\\/wp-content\\\/uploads\\\/2022\\\/06\\\/escuela-ninos.jpg\",\"width\":1126,\"height\":721},{\"@type\":\"BreadcrumbList\",\"@id\":\"https:\\\/\\\/cvinoticias.com\\\/v3\\\/misiones-decidio-sumar-una-hora-mas-de-clases-en-la-escuela-primaria\\\/#breadcrumb\",\"itemListElement\":[{\"@type\":\"ListItem\",\"position\":1,\"name\":\"Portada\",\"item\":\"https:\\\/\\\/cvinoticias.com\\\/v3\\\/\"},{\"@type\":\"ListItem\",\"position\":2,\"name\":\"Misiones decidi\u00f3 sumar una hora m\u00e1s de clases en la escuela primaria\"}]},{\"@type\":\"WebSite\",\"@id\":\"https:\\\/\\\/cvinoticias.com\\\/v3\\\/#website\",\"url\":\"https:\\\/\\\/cvinoticias.com\\\/v3\\\/\",\"name\":\"CVI NOTICIAS\",\"description\":\"\",\"publisher\":{\"@id\":\"https:\\\/\\\/cvinoticias.com\\\/v3\\\/#organization\"},\"alternateName\":\"CVI\",\"potentialAction\":[{\"@type\":\"SearchAction\",\"target\":{\"@type\":\"EntryPoint\",\"urlTemplate\":\"https:\\\/\\\/cvinoticias.com\\\/v3\\\/?s={search_term_string}\"},\"query-input\":{\"@type\":\"PropertyValueSpecification\",\"valueRequired\":true,\"valueName\":\"search_term_string\"}}],\"inLanguage\":\"es\"},{\"@type\":\"Organization\",\"@id\":\"https:\\\/\\\/cvinoticias.com\\\/v3\\\/#organization\",\"name\":\"CVI NOTICIAS\",\"url\":\"https:\\\/\\\/cvinoticias.com\\\/v3\\\/\",\"logo\":{\"@type\":\"ImageObject\",\"inLanguage\":\"es\",\"@id\":\"https:\\\/\\\/cvinoticias.com\\\/v3\\\/#\\\/schema\\\/logo\\\/image\\\/\",\"url\":\"https:\\\/\\\/cvinoticias.com\\\/wp-content\\\/uploads\\\/2023\\\/04\\\/cropped-cropped-cropped-cropped-cropped-3-1.png\",\"contentUrl\":\"https:\\\/\\\/cvinoticias.com\\\/wp-content\\\/uploads\\\/2023\\\/04\\\/cropped-cropped-cropped-cropped-cropped-3-1.png\",\"width\":95,\"height\":122,\"caption\":\"CVI NOTICIAS\"},\"image\":{\"@id\":\"https:\\\/\\\/cvinoticias.com\\\/v3\\\/#\\\/schema\\\/logo\\\/image\\\/\"},\"sameAs\":[\"https:\\\/\\\/www.facebook.com\\\/cvinoticias\",\"https:\\\/\\\/www.instagram.com\\\/cvinoticias\\\/\",\"https:\\\/\\\/www.youtube.com\\\/@CVINOTICIAS\"]},{\"@type\":\"Person\",\"@id\":\"https:\\\/\\\/cvinoticias.com\\\/v3\\\/#\\\/schema\\\/person\\\/2db77e3c6bc03c538495d7b2b8be9b66\",\"name\":\"f1000024\",\"image\":{\"@type\":\"ImageObject\",\"inLanguage\":\"es\",\"@id\":\"https:\\\/\\\/secure.gravatar.com\\\/avatar\\\/d4fe7459cfc51ff5129ce1a732bbef5928568b8092d412ef95611616376bbeed?s=96&d=mm&r=g\",\"url\":\"https:\\\/\\\/secure.gravatar.com\\\/avatar\\\/d4fe7459cfc51ff5129ce1a732bbef5928568b8092d412ef95611616376bbeed?s=96&d=mm&r=g\",\"contentUrl\":\"https:\\\/\\\/secure.gravatar.com\\\/avatar\\\/d4fe7459cfc51ff5129ce1a732bbef5928568b8092d412ef95611616376bbeed?s=96&d=mm&r=g\",\"caption\":\"f1000024\"},\"url\":\"https:\\\/\\\/cvinoticias.com\\\/v3\\\/author\\\/f1000024\\\/\"}]}<\/script>\n<!-- \/ Yoast SEO plugin. -->","yoast_head_json":{"title":"Misiones decidi\u00f3 sumar una hora m\u00e1s de clases en la escuela primaria | CVI NOTICIAS","robots":{"index":"index","follow":"follow","max-snippet":"max-snippet:-1","max-image-preview":"max-image-preview:large","max-video-preview":"max-video-preview:-1"},"canonical":"https:\/\/cvinoticias.com\/v3\/misiones-decidio-sumar-una-hora-mas-de-clases-en-la-escuela-primaria\/","og_locale":"es_ES","og_type":"article","og_title":"Misiones decidi\u00f3 sumar una hora m\u00e1s de clases en la escuela primaria | CVI NOTICIAS","og_description":"Los funcionarios de Educaci\u00f3n se reunir\u00e1n con los gremios docentes para evaluar la manera de compensar esa hora. Apuntan a reforzar los contenidos de lectura, escritura y comprensi\u00f3n de textos y los de razonamiento cient\u00edfico y matem\u00e1tico. Luego de la \u00faltima reuni\u00f3n del Consejo Federal de Educaci\u00f3n y los resultados obtenidos por los alumnos misioneros [&hellip;]","og_url":"https:\/\/cvinoticias.com\/v3\/misiones-decidio-sumar-una-hora-mas-de-clases-en-la-escuela-primaria\/","og_site_name":"CVI NOTICIAS","article_publisher":"https:\/\/www.facebook.com\/cvinoticias","article_published_time":"2022-06-27T10:36:08+00:00","og_image":[{"width":1126,"height":721,"url":"https:\/\/cvinoticias.com\/wp-content\/uploads\/2022\/06\/escuela-ninos.jpg","type":"image\/jpeg"}],"author":"f1000024","twitter_card":"summary_large_image","twitter_misc":{"Escrito por":"f1000024","Tiempo de lectura":"2 minutos"},"schema":{"@context":"https:\/\/schema.org","@graph":[{"@type":"Article","@id":"https:\/\/cvinoticias.com\/v3\/misiones-decidio-sumar-una-hora-mas-de-clases-en-la-escuela-primaria\/#article","isPartOf":{"@id":"https:\/\/cvinoticias.com\/v3\/misiones-decidio-sumar-una-hora-mas-de-clases-en-la-escuela-primaria\/"},"author":{"name":"f1000024","@id":"https:\/\/cvinoticias.com\/v3\/#\/schema\/person\/2db77e3c6bc03c538495d7b2b8be9b66"},"headline":"Misiones decidi\u00f3 sumar una hora m\u00e1s de clases en la escuela primaria","datePublished":"2022-06-27T10:36:08+00:00","mainEntityOfPage":{"@id":"https:\/\/cvinoticias.com\/v3\/misiones-decidio-sumar-una-hora-mas-de-clases-en-la-escuela-primaria\/"},"wordCount":358,"commentCount":0,"publisher":{"@id":"https:\/\/cvinoticias.com\/v3\/#organization"},"image":{"@id":"https:\/\/cvinoticias.com\/v3\/misiones-decidio-sumar-una-hora-mas-de-clases-en-la-escuela-primaria\/#primaryimage"},"thumbnailUrl":"https:\/\/cvinoticias.com\/wp-content\/uploads\/2022\/06\/escuela-ninos.jpg","articleSection":["Educacion"],"inLanguage":"es","potentialAction":[{"@type":"CommentAction","name":"Comment","target":["https:\/\/cvinoticias.com\/v3\/misiones-decidio-sumar-una-hora-mas-de-clases-en-la-escuela-primaria\/#respond"]}]},{"@type":"WebPage","@id":"https:\/\/cvinoticias.com\/v3\/misiones-decidio-sumar-una-hora-mas-de-clases-en-la-escuela-primaria\/","url":"https:\/\/cvinoticias.com\/v3\/misiones-decidio-sumar-una-hora-mas-de-clases-en-la-escuela-primaria\/","name":"Misiones decidi\u00f3 sumar una hora m\u00e1s de clases en la escuela primaria | CVI NOTICIAS","isPartOf":{"@id":"https:\/\/cvinoticias.com\/v3\/#website"},"primaryImageOfPage":{"@id":"https:\/\/cvinoticias.com\/v3\/misiones-decidio-sumar-una-hora-mas-de-clases-en-la-escuela-primaria\/#primaryimage"},"image":{"@id":"https:\/\/cvinoticias.com\/v3\/misiones-decidio-sumar-una-hora-mas-de-clases-en-la-escuela-primaria\/#primaryimage"},"thumbnailUrl":"https:\/\/cvinoticias.com\/wp-content\/uploads\/2022\/06\/escuela-ninos.jpg","datePublished":"2022-06-27T10:36:08+00:00","breadcrumb":{"@id":"https:\/\/cvinoticias.com\/v3\/misiones-decidio-sumar-una-hora-mas-de-clases-en-la-escuela-primaria\/#breadcrumb"},"inLanguage":"es","potentialAction":[{"@type":"ReadAction","target":["https:\/\/cvinoticias.com\/v3\/misiones-decidio-sumar-una-hora-mas-de-clases-en-la-escuela-primaria\/"]}]},{"@type":"ImageObject","inLanguage":"es","@id":"https:\/\/cvinoticias.com\/v3\/misiones-decidio-sumar-una-hora-mas-de-clases-en-la-escuela-primaria\/#primaryimage","url":"https:\/\/cvinoticias.com\/wp-content\/uploads\/2022\/06\/escuela-ninos.jpg","contentUrl":"https:\/\/cvinoticias.com\/wp-content\/uploads\/2022\/06\/escuela-ninos.jpg","width":1126,"height":721},{"@type":"BreadcrumbList","@id":"https:\/\/cvinoticias.com\/v3\/misiones-decidio-sumar-una-hora-mas-de-clases-en-la-escuela-primaria\/#breadcrumb","itemListElement":[{"@type":"ListItem","position":1,"name":"Portada","item":"https:\/\/cvinoticias.com\/v3\/"},{"@type":"ListItem","position":2,"name":"Misiones decidi\u00f3 sumar una hora m\u00e1s de clases en la escuela primaria"}]},{"@type":"WebSite","@id":"https:\/\/cvinoticias.com\/v3\/#website","url":"https:\/\/cvinoticias.com\/v3\/","name":"CVI NOTICIAS","description":"","publisher":{"@id":"https:\/\/cvinoticias.com\/v3\/#organization"},"alternateName":"CVI","potentialAction":[{"@type":"SearchAction","target":{"@type":"EntryPoint","urlTemplate":"https:\/\/cvinoticias.com\/v3\/?s={search_term_string}"},"query-input":{"@type":"PropertyValueSpecification","valueRequired":true,"valueName":"search_term_string"}}],"inLanguage":"es"},{"@type":"Organization","@id":"https:\/\/cvinoticias.com\/v3\/#organization","name":"CVI NOTICIAS","url":"https:\/\/cvinoticias.com\/v3\/","logo":{"@type":"ImageObject","inLanguage":"es","@id":"https:\/\/cvinoticias.com\/v3\/#\/schema\/logo\/image\/","url":"https:\/\/cvinoticias.com\/wp-content\/uploads\/2023\/04\/cropped-cropped-cropped-cropped-cropped-3-1.png","contentUrl":"https:\/\/cvinoticias.com\/wp-content\/uploads\/2023\/04\/cropped-cropped-cropped-cropped-cropped-3-1.png","width":95,"height":122,"caption":"CVI NOTICIAS"},"image":{"@id":"https:\/\/cvinoticias.com\/v3\/#\/schema\/logo\/image\/"},"sameAs":["https:\/\/www.facebook.com\/cvinoticias","https:\/\/www.instagram.com\/cvinoticias\/","https:\/\/www.youtube.com\/@CVINOTICIAS"]},{"@type":"Person","@id":"https:\/\/cvinoticias.com\/v3\/#\/schema\/person\/2db77e3c6bc03c538495d7b2b8be9b66","name":"f1000024","image":{"@type":"ImageObject","inLanguage":"es","@id":"https:\/\/secure.gravatar.com\/avatar\/d4fe7459cfc51ff5129ce1a732bbef5928568b8092d412ef95611616376bbeed?s=96&d=mm&r=g","url":"https:\/\/secure.gravatar.com\/avatar\/d4fe7459cfc51ff5129ce1a732bbef5928568b8092d412ef95611616376bbeed?s=96&d=mm&r=g","contentUrl":"https:\/\/secure.gravatar.com\/avatar\/d4fe7459cfc51ff5129ce1a732bbef5928568b8092d412ef95611616376bbeed?s=96&d=mm&r=g","caption":"f1000024"},"url":"https:\/\/cvinoticias.com\/v3\/author\/f1000024\/"}]}},"_links":{"self":[{"href":"https:\/\/cvinoticias.com\/v3\/wp-json\/wp\/v2\/posts\/16991","targetHints":{"allow":["GET"]}}],"collection":[{"href":"https:\/\/cvinoticias.com\/v3\/wp-json\/wp\/v2\/posts"}],"about":[{"href":"https:\/\/cvinoticias.com\/v3\/wp-json\/wp\/v2\/types\/post"}],"author":[{"embeddable":true,"href":"https:\/\/cvinoticias.com\/v3\/wp-json\/wp\/v2\/users\/2"}],"replies":[{"embeddable":true,"href":"https:\/\/cvinoticias.com\/v3\/wp-json\/wp\/v2\/comments?post=16991"}],"version-history":[{"count":1,"href":"https:\/\/cvinoticias.com\/v3\/wp-json\/wp\/v2\/posts\/16991\/revisions"}],"predecessor-version":[{"id":16993,"href":"https:\/\/cvinoticias.com\/v3\/wp-json\/wp\/v2\/posts\/16991\/revisions\/16993"}],"wp:featuredmedia":[{"embeddable":true,"href":"https:\/\/cvinoticias.com\/v3\/wp-json\/wp\/v2\/media\/16992"}],"wp:attachment":[{"href":"https:\/\/cvinoticias.com\/v3\/wp-json\/wp\/v2\/media?parent=16991"}],"wp:term":[{"taxonomy":"category","embeddable":true,"href":"https:\/\/cvinoticias.com\/v3\/wp-json\/wp\/v2\/categories?post=16991"},{"taxonomy":"post_tag","embeddable":true,"href":"https:\/\/cvinoticias.com\/v3\/wp-json\/wp\/v2\/tags?post=16991"}],"curies":[{"name":"wp","href":"https:\/\/api.w.org\/{rel}","templated":true}]}}