{"id":1699,"date":"2021-01-16T16:46:00","date_gmt":"2021-01-16T16:46:00","guid":{"rendered":"https:\/\/cvinoticias.com\/v3\/?p=1699"},"modified":"2021-01-16T16:46:00","modified_gmt":"2021-01-16T16:46:00","slug":"llego-el-vuelo-de-aerolineas-argentinas-con-la-segunda-tanda-de-las-vacunas-rusas","status":"publish","type":"post","link":"https:\/\/cvinoticias.com\/v3\/llego-el-vuelo-de-aerolineas-argentinas-con-la-segunda-tanda-de-las-vacunas-rusas\/","title":{"rendered":"Lleg\u00f3 el vuelo de Aerol\u00edneas Argentinas con la segunda tanda de las vacunas rusas."},"content":{"rendered":"\n<p><strong><em>Este s\u00e1bado poco antes de las 11 de la ma\u00f1ana aterriz\u00f3 en el aeropuerto de Ezeiza el avi\u00f3n con la segunda dosis de las 300 mil vacunas Sputnik V, proveniente de Rusia. En medio del aumento de casos de coronavirus en todo el pa\u00eds, crecen las expectativas por avanzar con la campa\u00f1a de inmunizaci\u00f3n.<\/em><\/strong><\/p>\n\n\n\n<p>El vuelo AR1060 de Aerol\u00edneas Argentinas realiz\u00f3 un recorrido directo hacia Mosc\u00fa en un Airbus 330-200 matr\u00edcula LV-GHQ bajo la denominaci\u00f3n de \u201cferry\u201d. La aeronave viaj\u00f3 solo con 10 tripulantes, entre pilotos y copilotos, que se fueron alternando al comando de la aeronave. Esto implic\u00f3 la presencia en el vuelo de cinco tripulaciones en forma simult\u00e1nea compuestas por comandante y copiloto, cuatro en funciones y una de refuerzo, a los que se suman despachantes, t\u00e9cnicos y personal de carga, para llegar al total de 20 personas que van a bordo.<\/p>\n\n\n\n<p>El viaje de ida hasta la capital rusa demand\u00f3 un total de 15 horas y 9 minutos, un poco menos de las 16 horas previstas inicialmente.<\/p>\n\n\n\n<p>\u201cSali\u00f3 todo muy bien, la meteorolog\u00eda tambi\u00e9n ayud\u00f3, no hubo ning\u00fan tipo de demoras\u201d, destac\u00f3 Pablo Ceriani, presidente de Aerol\u00edneas Argentinas, desde el aeropuerto. Adem\u00e1s, confirm\u00f3 que la empresa cuenta con la capacidad para realizar este tipo de embarques de acuerdo con las necesidades sanitarias. \u201cDepende de cu\u00e1nto sean las entregas de cada partida iremos acondicionando los aviones. Tenemos capacidad sobrada para hacer la operaci\u00f3n con los aviones que tenemos\u201d, sostuvo.<\/p>\n\n\n\n<p>Esta vez, a diferencia de lo que ocurri\u00f3 en la ocasi\u00f3n anterior, las dosis no ir\u00e1n a Avellaneda, sino que los llevar\u00e1n a los dep\u00f3sitos de la empresa de correo Andreani en Malvinas Argentinas. La distribuci\u00f3n esta vez estar\u00e1 a cargo de Correo Argentino y la privada solo se encargar\u00e1 de la clasificaci\u00f3n. La compa\u00f1\u00eda estatal cuenta con 1350 camiones refrigerados.<\/p>\n\n\n\n<p>El primero, que trajo la primera partida de vacunas, lleg\u00f3 a la Argentina el 24 de diciembre con las 300.000 dosis iniciales que ya est\u00e1n siendo aplicadas en todo el pa\u00eds.<\/p>\n\n\n\n<p>En esta primera instancia de la campa\u00f1a de vacunaci\u00f3n, la poblaci\u00f3n objetivo es el personal de salud entre 18 y 59 a\u00f1os que se desempe\u00f1a en unidades de terapia intensiva y en laboratorios de microbiolog\u00eda de instituciones ubicadas en los grandes aglomerados urbanos.<\/p>\n\n\n\n<p>Hasta el momento, de acuerdo con un reporte difundido por el Registro Federal de Vacunaci\u00f3n Nominalizado (Nomivac), ya se inmuniz\u00f3 a un total de 200.759 personas en 477 localidades de todo el pa\u00eds, todas ellas pertenecientes al personal de la salud.<\/p>\n\n\n\n<p>En cuanto a la situaci\u00f3n epidemiol\u00f3gica el ministerio de Salud inform\u00f3 que en las \u00faltimas 24 horas se reportaron 13.286 casos nuevos, y suman hasta el momento 1.770.715. Adem\u00e1s, desde el inicio del brote se registraron 45.125 muertes.<\/p>\n\n\n\n<p>Los primeros argentinos en recibir la vacuna de Pfizer:<\/p>\n\n\n\n<p>En las pr\u00f3ximas semanas, Pfizer, la empresa farmac\u00e9utica estadounidense, va a vacunar a los voluntarios argentinos que recibieron el placebo durante los ensayos cl\u00ednicos que se realizaron en el pa\u00eds para probar la vacuna contra el coronavirus. Los participantes de las pruebas, lideradas por el infect\u00f3logo Fernando Polack, explicaron a Con Bienestar que se va a dar prioridad a los trabajadores de la salud, para luego, en marzo, inmunizar a los mayores de 60.<\/p>\n\n\n\n<p>La Administraci\u00f3n Nacional de Medicamentos, Alimentos y Tecnolog\u00eda M\u00e9dica (Anmat) autoriz\u00f3 el uso de emergencia en Argentina de la vacuna desarrollada por Pfizer junto al laboratorio alem\u00e1n BioNTech a fines de diciembre. La empresa estadounidense hizo una preselecci\u00f3n con todos los que trabajan en el \u00e1mbito de la salud y se contact\u00f3 con ellos para, entre esta semana y la que viene, proceder a su inmunizaci\u00f3n, en caso de que hayan recibido el placebo.<\/p>\n\n\n\n<p>Los ensayos cl\u00ednicos eran doble ciego, es decir, que una parte de los participantes recibieron la vacuna y otra parte una sustancia inocua, sin que ni los investigadores ni los voluntarios supieran qui\u00e9n est\u00e1 en cada grupo. Por ello, se convoc\u00f3 a los preseleccionados para que se les haga una bater\u00eda de pruebas y, a las 48 horas, se pueda abrir el sobre en el que se indica qu\u00e9 fue lo que se recibi\u00f3 cada uno.<\/p>\n","protected":false},"excerpt":{"rendered":"<p>Este s\u00e1bado poco antes de las 11 de la ma\u00f1ana aterriz\u00f3 en el aeropuerto de Ezeiza el avi\u00f3n con la segunda dosis de las 300 mil vacunas Sputnik V, proveniente de Rusia. En medio del aumento de casos de coronavirus en todo el pa\u00eds, crecen las expectativas por avanzar con la campa\u00f1a de inmunizaci\u00f3n. El [&hellip;]<\/p>\n","protected":false},"author":2,"featured_media":1701,"comment_status":"open","ping_status":"open","sticky":false,"template":"","format":"standard","meta":{"footnotes":""},"categories":[35],"tags":[],"class_list":["post-1699","post","type-post","status-publish","format-standard","has-post-thumbnail","hentry","category-informacion-general"],"yoast_head":"<!-- This site is optimized with the Yoast SEO plugin v27.5 - https:\/\/yoast.com\/product\/yoast-seo-wordpress\/ -->\n<title>Lleg\u00f3 el vuelo de Aerol\u00edneas Argentinas con la segunda tanda de las vacunas rusas. | CVI NOTICIAS<\/title>\n<meta name=\"robots\" content=\"index, follow, max-snippet:-1, max-image-preview:large, max-video-preview:-1\" \/>\n<link rel=\"canonical\" href=\"https:\/\/cvinoticias.com\/v3\/llego-el-vuelo-de-aerolineas-argentinas-con-la-segunda-tanda-de-las-vacunas-rusas\/\" \/>\n<meta property=\"og:locale\" content=\"es_ES\" \/>\n<meta property=\"og:type\" content=\"article\" \/>\n<meta property=\"og:title\" content=\"Lleg\u00f3 el vuelo de Aerol\u00edneas Argentinas con la segunda tanda de las vacunas rusas. | CVI NOTICIAS\" \/>\n<meta property=\"og:description\" content=\"Este s\u00e1bado poco antes de las 11 de la ma\u00f1ana aterriz\u00f3 en el aeropuerto de Ezeiza el avi\u00f3n con la segunda dosis de las 300 mil vacunas Sputnik V, proveniente de Rusia. En medio del aumento de casos de coronavirus en todo el pa\u00eds, crecen las expectativas por avanzar con la campa\u00f1a de inmunizaci\u00f3n. El [&hellip;]\" \/>\n<meta property=\"og:url\" content=\"https:\/\/cvinoticias.com\/v3\/llego-el-vuelo-de-aerolineas-argentinas-con-la-segunda-tanda-de-las-vacunas-rusas\/\" \/>\n<meta property=\"og:site_name\" content=\"CVI NOTICIAS\" \/>\n<meta property=\"article:publisher\" content=\"https:\/\/www.facebook.com\/cvinoticias\" \/>\n<meta property=\"article:published_time\" content=\"2021-01-16T16:46:00+00:00\" \/>\n<meta property=\"og:image\" content=\"https:\/\/cvinoticias.com\/wp-content\/uploads\/2021\/01\/IMG-20210116-WA0022.jpg\" \/>\n\t<meta property=\"og:image:width\" content=\"767\" \/>\n\t<meta property=\"og:image:height\" content=\"431\" \/>\n\t<meta property=\"og:image:type\" content=\"image\/jpeg\" \/>\n<meta name=\"author\" content=\"f1000024\" \/>\n<meta name=\"twitter:card\" content=\"summary_large_image\" \/>\n<meta name=\"twitter:label1\" content=\"Escrito por\" \/>\n\t<meta name=\"twitter:data1\" content=\"f1000024\" \/>\n\t<meta name=\"twitter:label2\" content=\"Tiempo de lectura\" \/>\n\t<meta name=\"twitter:data2\" content=\"4 minutos\" \/>\n<script type=\"application\/ld+json\" class=\"yoast-schema-graph\">{\"@context\":\"https:\\\/\\\/schema.org\",\"@graph\":[{\"@type\":\"Article\",\"@id\":\"https:\\\/\\\/cvinoticias.com\\\/v3\\\/llego-el-vuelo-de-aerolineas-argentinas-con-la-segunda-tanda-de-las-vacunas-rusas\\\/#article\",\"isPartOf\":{\"@id\":\"https:\\\/\\\/cvinoticias.com\\\/v3\\\/llego-el-vuelo-de-aerolineas-argentinas-con-la-segunda-tanda-de-las-vacunas-rusas\\\/\"},\"author\":{\"name\":\"f1000024\",\"@id\":\"https:\\\/\\\/cvinoticias.com\\\/v3\\\/#\\\/schema\\\/person\\\/2db77e3c6bc03c538495d7b2b8be9b66\"},\"headline\":\"Lleg\u00f3 el vuelo de Aerol\u00edneas Argentinas con la segunda tanda de las vacunas rusas.\",\"datePublished\":\"2021-01-16T16:46:00+00:00\",\"mainEntityOfPage\":{\"@id\":\"https:\\\/\\\/cvinoticias.com\\\/v3\\\/llego-el-vuelo-de-aerolineas-argentinas-con-la-segunda-tanda-de-las-vacunas-rusas\\\/\"},\"wordCount\":735,\"commentCount\":0,\"publisher\":{\"@id\":\"https:\\\/\\\/cvinoticias.com\\\/v3\\\/#organization\"},\"image\":{\"@id\":\"https:\\\/\\\/cvinoticias.com\\\/v3\\\/llego-el-vuelo-de-aerolineas-argentinas-con-la-segunda-tanda-de-las-vacunas-rusas\\\/#primaryimage\"},\"thumbnailUrl\":\"https:\\\/\\\/cvinoticias.com\\\/wp-content\\\/uploads\\\/2021\\\/01\\\/IMG-20210116-WA0022.jpg\",\"articleSection\":[\"Informaci\u00f3n General\"],\"inLanguage\":\"es\",\"potentialAction\":[{\"@type\":\"CommentAction\",\"name\":\"Comment\",\"target\":[\"https:\\\/\\\/cvinoticias.com\\\/v3\\\/llego-el-vuelo-de-aerolineas-argentinas-con-la-segunda-tanda-de-las-vacunas-rusas\\\/#respond\"]}]},{\"@type\":\"WebPage\",\"@id\":\"https:\\\/\\\/cvinoticias.com\\\/v3\\\/llego-el-vuelo-de-aerolineas-argentinas-con-la-segunda-tanda-de-las-vacunas-rusas\\\/\",\"url\":\"https:\\\/\\\/cvinoticias.com\\\/v3\\\/llego-el-vuelo-de-aerolineas-argentinas-con-la-segunda-tanda-de-las-vacunas-rusas\\\/\",\"name\":\"Lleg\u00f3 el vuelo de Aerol\u00edneas Argentinas con la segunda tanda de las vacunas rusas. | CVI NOTICIAS\",\"isPartOf\":{\"@id\":\"https:\\\/\\\/cvinoticias.com\\\/v3\\\/#website\"},\"primaryImageOfPage\":{\"@id\":\"https:\\\/\\\/cvinoticias.com\\\/v3\\\/llego-el-vuelo-de-aerolineas-argentinas-con-la-segunda-tanda-de-las-vacunas-rusas\\\/#primaryimage\"},\"image\":{\"@id\":\"https:\\\/\\\/cvinoticias.com\\\/v3\\\/llego-el-vuelo-de-aerolineas-argentinas-con-la-segunda-tanda-de-las-vacunas-rusas\\\/#primaryimage\"},\"thumbnailUrl\":\"https:\\\/\\\/cvinoticias.com\\\/wp-content\\\/uploads\\\/2021\\\/01\\\/IMG-20210116-WA0022.jpg\",\"datePublished\":\"2021-01-16T16:46:00+00:00\",\"breadcrumb\":{\"@id\":\"https:\\\/\\\/cvinoticias.com\\\/v3\\\/llego-el-vuelo-de-aerolineas-argentinas-con-la-segunda-tanda-de-las-vacunas-rusas\\\/#breadcrumb\"},\"inLanguage\":\"es\",\"potentialAction\":[{\"@type\":\"ReadAction\",\"target\":[\"https:\\\/\\\/cvinoticias.com\\\/v3\\\/llego-el-vuelo-de-aerolineas-argentinas-con-la-segunda-tanda-de-las-vacunas-rusas\\\/\"]}]},{\"@type\":\"ImageObject\",\"inLanguage\":\"es\",\"@id\":\"https:\\\/\\\/cvinoticias.com\\\/v3\\\/llego-el-vuelo-de-aerolineas-argentinas-con-la-segunda-tanda-de-las-vacunas-rusas\\\/#primaryimage\",\"url\":\"https:\\\/\\\/cvinoticias.com\\\/wp-content\\\/uploads\\\/2021\\\/01\\\/IMG-20210116-WA0022.jpg\",\"contentUrl\":\"https:\\\/\\\/cvinoticias.com\\\/wp-content\\\/uploads\\\/2021\\\/01\\\/IMG-20210116-WA0022.jpg\",\"width\":767,\"height\":431},{\"@type\":\"BreadcrumbList\",\"@id\":\"https:\\\/\\\/cvinoticias.com\\\/v3\\\/llego-el-vuelo-de-aerolineas-argentinas-con-la-segunda-tanda-de-las-vacunas-rusas\\\/#breadcrumb\",\"itemListElement\":[{\"@type\":\"ListItem\",\"position\":1,\"name\":\"Portada\",\"item\":\"https:\\\/\\\/cvinoticias.com\\\/v3\\\/\"},{\"@type\":\"ListItem\",\"position\":2,\"name\":\"Lleg\u00f3 el vuelo de Aerol\u00edneas Argentinas con la segunda tanda de las vacunas rusas.\"}]},{\"@type\":\"WebSite\",\"@id\":\"https:\\\/\\\/cvinoticias.com\\\/v3\\\/#website\",\"url\":\"https:\\\/\\\/cvinoticias.com\\\/v3\\\/\",\"name\":\"CVI NOTICIAS\",\"description\":\"\",\"publisher\":{\"@id\":\"https:\\\/\\\/cvinoticias.com\\\/v3\\\/#organization\"},\"alternateName\":\"CVI\",\"potentialAction\":[{\"@type\":\"SearchAction\",\"target\":{\"@type\":\"EntryPoint\",\"urlTemplate\":\"https:\\\/\\\/cvinoticias.com\\\/v3\\\/?s={search_term_string}\"},\"query-input\":{\"@type\":\"PropertyValueSpecification\",\"valueRequired\":true,\"valueName\":\"search_term_string\"}}],\"inLanguage\":\"es\"},{\"@type\":\"Organization\",\"@id\":\"https:\\\/\\\/cvinoticias.com\\\/v3\\\/#organization\",\"name\":\"CVI NOTICIAS\",\"url\":\"https:\\\/\\\/cvinoticias.com\\\/v3\\\/\",\"logo\":{\"@type\":\"ImageObject\",\"inLanguage\":\"es\",\"@id\":\"https:\\\/\\\/cvinoticias.com\\\/v3\\\/#\\\/schema\\\/logo\\\/image\\\/\",\"url\":\"https:\\\/\\\/cvinoticias.com\\\/wp-content\\\/uploads\\\/2023\\\/04\\\/cropped-cropped-cropped-cropped-cropped-3-1.png\",\"contentUrl\":\"https:\\\/\\\/cvinoticias.com\\\/wp-content\\\/uploads\\\/2023\\\/04\\\/cropped-cropped-cropped-cropped-cropped-3-1.png\",\"width\":95,\"height\":122,\"caption\":\"CVI NOTICIAS\"},\"image\":{\"@id\":\"https:\\\/\\\/cvinoticias.com\\\/v3\\\/#\\\/schema\\\/logo\\\/image\\\/\"},\"sameAs\":[\"https:\\\/\\\/www.facebook.com\\\/cvinoticias\",\"https:\\\/\\\/www.instagram.com\\\/cvinoticias\\\/\",\"https:\\\/\\\/www.youtube.com\\\/@CVINOTICIAS\"]},{\"@type\":\"Person\",\"@id\":\"https:\\\/\\\/cvinoticias.com\\\/v3\\\/#\\\/schema\\\/person\\\/2db77e3c6bc03c538495d7b2b8be9b66\",\"name\":\"f1000024\",\"image\":{\"@type\":\"ImageObject\",\"inLanguage\":\"es\",\"@id\":\"https:\\\/\\\/secure.gravatar.com\\\/avatar\\\/d4fe7459cfc51ff5129ce1a732bbef5928568b8092d412ef95611616376bbeed?s=96&d=mm&r=g\",\"url\":\"https:\\\/\\\/secure.gravatar.com\\\/avatar\\\/d4fe7459cfc51ff5129ce1a732bbef5928568b8092d412ef95611616376bbeed?s=96&d=mm&r=g\",\"contentUrl\":\"https:\\\/\\\/secure.gravatar.com\\\/avatar\\\/d4fe7459cfc51ff5129ce1a732bbef5928568b8092d412ef95611616376bbeed?s=96&d=mm&r=g\",\"caption\":\"f1000024\"},\"url\":\"https:\\\/\\\/cvinoticias.com\\\/v3\\\/author\\\/f1000024\\\/\"}]}<\/script>\n<!-- \/ Yoast SEO plugin. -->","yoast_head_json":{"title":"Lleg\u00f3 el vuelo de Aerol\u00edneas Argentinas con la segunda tanda de las vacunas rusas. | CVI NOTICIAS","robots":{"index":"index","follow":"follow","max-snippet":"max-snippet:-1","max-image-preview":"max-image-preview:large","max-video-preview":"max-video-preview:-1"},"canonical":"https:\/\/cvinoticias.com\/v3\/llego-el-vuelo-de-aerolineas-argentinas-con-la-segunda-tanda-de-las-vacunas-rusas\/","og_locale":"es_ES","og_type":"article","og_title":"Lleg\u00f3 el vuelo de Aerol\u00edneas Argentinas con la segunda tanda de las vacunas rusas. | CVI NOTICIAS","og_description":"Este s\u00e1bado poco antes de las 11 de la ma\u00f1ana aterriz\u00f3 en el aeropuerto de Ezeiza el avi\u00f3n con la segunda dosis de las 300 mil vacunas Sputnik V, proveniente de Rusia. En medio del aumento de casos de coronavirus en todo el pa\u00eds, crecen las expectativas por avanzar con la campa\u00f1a de inmunizaci\u00f3n. El [&hellip;]","og_url":"https:\/\/cvinoticias.com\/v3\/llego-el-vuelo-de-aerolineas-argentinas-con-la-segunda-tanda-de-las-vacunas-rusas\/","og_site_name":"CVI NOTICIAS","article_publisher":"https:\/\/www.facebook.com\/cvinoticias","article_published_time":"2021-01-16T16:46:00+00:00","og_image":[{"width":767,"height":431,"url":"https:\/\/cvinoticias.com\/wp-content\/uploads\/2021\/01\/IMG-20210116-WA0022.jpg","type":"image\/jpeg"}],"author":"f1000024","twitter_card":"summary_large_image","twitter_misc":{"Escrito por":"f1000024","Tiempo de lectura":"4 minutos"},"schema":{"@context":"https:\/\/schema.org","@graph":[{"@type":"Article","@id":"https:\/\/cvinoticias.com\/v3\/llego-el-vuelo-de-aerolineas-argentinas-con-la-segunda-tanda-de-las-vacunas-rusas\/#article","isPartOf":{"@id":"https:\/\/cvinoticias.com\/v3\/llego-el-vuelo-de-aerolineas-argentinas-con-la-segunda-tanda-de-las-vacunas-rusas\/"},"author":{"name":"f1000024","@id":"https:\/\/cvinoticias.com\/v3\/#\/schema\/person\/2db77e3c6bc03c538495d7b2b8be9b66"},"headline":"Lleg\u00f3 el vuelo de Aerol\u00edneas Argentinas con la segunda tanda de las vacunas rusas.","datePublished":"2021-01-16T16:46:00+00:00","mainEntityOfPage":{"@id":"https:\/\/cvinoticias.com\/v3\/llego-el-vuelo-de-aerolineas-argentinas-con-la-segunda-tanda-de-las-vacunas-rusas\/"},"wordCount":735,"commentCount":0,"publisher":{"@id":"https:\/\/cvinoticias.com\/v3\/#organization"},"image":{"@id":"https:\/\/cvinoticias.com\/v3\/llego-el-vuelo-de-aerolineas-argentinas-con-la-segunda-tanda-de-las-vacunas-rusas\/#primaryimage"},"thumbnailUrl":"https:\/\/cvinoticias.com\/wp-content\/uploads\/2021\/01\/IMG-20210116-WA0022.jpg","articleSection":["Informaci\u00f3n General"],"inLanguage":"es","potentialAction":[{"@type":"CommentAction","name":"Comment","target":["https:\/\/cvinoticias.com\/v3\/llego-el-vuelo-de-aerolineas-argentinas-con-la-segunda-tanda-de-las-vacunas-rusas\/#respond"]}]},{"@type":"WebPage","@id":"https:\/\/cvinoticias.com\/v3\/llego-el-vuelo-de-aerolineas-argentinas-con-la-segunda-tanda-de-las-vacunas-rusas\/","url":"https:\/\/cvinoticias.com\/v3\/llego-el-vuelo-de-aerolineas-argentinas-con-la-segunda-tanda-de-las-vacunas-rusas\/","name":"Lleg\u00f3 el vuelo de Aerol\u00edneas Argentinas con la segunda tanda de las vacunas rusas. | CVI NOTICIAS","isPartOf":{"@id":"https:\/\/cvinoticias.com\/v3\/#website"},"primaryImageOfPage":{"@id":"https:\/\/cvinoticias.com\/v3\/llego-el-vuelo-de-aerolineas-argentinas-con-la-segunda-tanda-de-las-vacunas-rusas\/#primaryimage"},"image":{"@id":"https:\/\/cvinoticias.com\/v3\/llego-el-vuelo-de-aerolineas-argentinas-con-la-segunda-tanda-de-las-vacunas-rusas\/#primaryimage"},"thumbnailUrl":"https:\/\/cvinoticias.com\/wp-content\/uploads\/2021\/01\/IMG-20210116-WA0022.jpg","datePublished":"2021-01-16T16:46:00+00:00","breadcrumb":{"@id":"https:\/\/cvinoticias.com\/v3\/llego-el-vuelo-de-aerolineas-argentinas-con-la-segunda-tanda-de-las-vacunas-rusas\/#breadcrumb"},"inLanguage":"es","potentialAction":[{"@type":"ReadAction","target":["https:\/\/cvinoticias.com\/v3\/llego-el-vuelo-de-aerolineas-argentinas-con-la-segunda-tanda-de-las-vacunas-rusas\/"]}]},{"@type":"ImageObject","inLanguage":"es","@id":"https:\/\/cvinoticias.com\/v3\/llego-el-vuelo-de-aerolineas-argentinas-con-la-segunda-tanda-de-las-vacunas-rusas\/#primaryimage","url":"https:\/\/cvinoticias.com\/wp-content\/uploads\/2021\/01\/IMG-20210116-WA0022.jpg","contentUrl":"https:\/\/cvinoticias.com\/wp-content\/uploads\/2021\/01\/IMG-20210116-WA0022.jpg","width":767,"height":431},{"@type":"BreadcrumbList","@id":"https:\/\/cvinoticias.com\/v3\/llego-el-vuelo-de-aerolineas-argentinas-con-la-segunda-tanda-de-las-vacunas-rusas\/#breadcrumb","itemListElement":[{"@type":"ListItem","position":1,"name":"Portada","item":"https:\/\/cvinoticias.com\/v3\/"},{"@type":"ListItem","position":2,"name":"Lleg\u00f3 el vuelo de Aerol\u00edneas Argentinas con la segunda tanda de las vacunas rusas."}]},{"@type":"WebSite","@id":"https:\/\/cvinoticias.com\/v3\/#website","url":"https:\/\/cvinoticias.com\/v3\/","name":"CVI NOTICIAS","description":"","publisher":{"@id":"https:\/\/cvinoticias.com\/v3\/#organization"},"alternateName":"CVI","potentialAction":[{"@type":"SearchAction","target":{"@type":"EntryPoint","urlTemplate":"https:\/\/cvinoticias.com\/v3\/?s={search_term_string}"},"query-input":{"@type":"PropertyValueSpecification","valueRequired":true,"valueName":"search_term_string"}}],"inLanguage":"es"},{"@type":"Organization","@id":"https:\/\/cvinoticias.com\/v3\/#organization","name":"CVI NOTICIAS","url":"https:\/\/cvinoticias.com\/v3\/","logo":{"@type":"ImageObject","inLanguage":"es","@id":"https:\/\/cvinoticias.com\/v3\/#\/schema\/logo\/image\/","url":"https:\/\/cvinoticias.com\/wp-content\/uploads\/2023\/04\/cropped-cropped-cropped-cropped-cropped-3-1.png","contentUrl":"https:\/\/cvinoticias.com\/wp-content\/uploads\/2023\/04\/cropped-cropped-cropped-cropped-cropped-3-1.png","width":95,"height":122,"caption":"CVI NOTICIAS"},"image":{"@id":"https:\/\/cvinoticias.com\/v3\/#\/schema\/logo\/image\/"},"sameAs":["https:\/\/www.facebook.com\/cvinoticias","https:\/\/www.instagram.com\/cvinoticias\/","https:\/\/www.youtube.com\/@CVINOTICIAS"]},{"@type":"Person","@id":"https:\/\/cvinoticias.com\/v3\/#\/schema\/person\/2db77e3c6bc03c538495d7b2b8be9b66","name":"f1000024","image":{"@type":"ImageObject","inLanguage":"es","@id":"https:\/\/secure.gravatar.com\/avatar\/d4fe7459cfc51ff5129ce1a732bbef5928568b8092d412ef95611616376bbeed?s=96&d=mm&r=g","url":"https:\/\/secure.gravatar.com\/avatar\/d4fe7459cfc51ff5129ce1a732bbef5928568b8092d412ef95611616376bbeed?s=96&d=mm&r=g","contentUrl":"https:\/\/secure.gravatar.com\/avatar\/d4fe7459cfc51ff5129ce1a732bbef5928568b8092d412ef95611616376bbeed?s=96&d=mm&r=g","caption":"f1000024"},"url":"https:\/\/cvinoticias.com\/v3\/author\/f1000024\/"}]}},"_links":{"self":[{"href":"https:\/\/cvinoticias.com\/v3\/wp-json\/wp\/v2\/posts\/1699","targetHints":{"allow":["GET"]}}],"collection":[{"href":"https:\/\/cvinoticias.com\/v3\/wp-json\/wp\/v2\/posts"}],"about":[{"href":"https:\/\/cvinoticias.com\/v3\/wp-json\/wp\/v2\/types\/post"}],"author":[{"embeddable":true,"href":"https:\/\/cvinoticias.com\/v3\/wp-json\/wp\/v2\/users\/2"}],"replies":[{"embeddable":true,"href":"https:\/\/cvinoticias.com\/v3\/wp-json\/wp\/v2\/comments?post=1699"}],"version-history":[{"count":1,"href":"https:\/\/cvinoticias.com\/v3\/wp-json\/wp\/v2\/posts\/1699\/revisions"}],"predecessor-version":[{"id":1702,"href":"https:\/\/cvinoticias.com\/v3\/wp-json\/wp\/v2\/posts\/1699\/revisions\/1702"}],"wp:featuredmedia":[{"embeddable":true,"href":"https:\/\/cvinoticias.com\/v3\/wp-json\/wp\/v2\/media\/1701"}],"wp:attachment":[{"href":"https:\/\/cvinoticias.com\/v3\/wp-json\/wp\/v2\/media?parent=1699"}],"wp:term":[{"taxonomy":"category","embeddable":true,"href":"https:\/\/cvinoticias.com\/v3\/wp-json\/wp\/v2\/categories?post=1699"},{"taxonomy":"post_tag","embeddable":true,"href":"https:\/\/cvinoticias.com\/v3\/wp-json\/wp\/v2\/tags?post=1699"}],"curies":[{"name":"wp","href":"https:\/\/api.w.org\/{rel}","templated":true}]}}