{"id":16936,"date":"2022-06-24T11:57:40","date_gmt":"2022-06-24T11:57:40","guid":{"rendered":"https:\/\/cvinoticias.com\/v3\/?p=16936"},"modified":"2022-06-24T11:57:40","modified_gmt":"2022-06-24T11:57:40","slug":"lanzan-un-programa-nacional-de-educacion-cooperativa-en-las-escuelas","status":"publish","type":"post","link":"https:\/\/cvinoticias.com\/v3\/lanzan-un-programa-nacional-de-educacion-cooperativa-en-las-escuelas\/","title":{"rendered":"Lanzan un programa nacional de educaci\u00f3n cooperativa en las escuelas"},"content":{"rendered":"\n<p><strong><em>Busca fomentar el desarrollo de la educaci\u00f3n cooperativa, sus principios y valores de la econom\u00eda social, solidaria y popular en escuelas de modalidad t\u00e9cnico profesional de nivel secundario.<\/em><\/strong><\/p>\n\n\n\n<p>Mediante la resoluci\u00f3n 2446\/2022 publicada este viernes en el Bolet\u00edn Oficial, el Instituto Nacional de Asociativismo y Econom\u00eda Social cre\u00f3 el programa nacional de educaci\u00f3n cooperativa \u00abCooperativas en las escuelas\u00bb &#8211; PEC, con el fin de \u00abgenerar, promover y fomentar el desarrollo de la educaci\u00f3n cooperativa, sus principios y valores cooperativos, mutual y de la econom\u00eda social, solidaria y popular en el \u00e1mbito de las escuelas de modalidad t\u00e9cnico profesional de nivel secundario en la Argentina\u00bb.<\/p>\n\n\n\n<p>\u00abReconociendo la importancia hist\u00f3rica, pedag\u00f3gica, educativa, social y territorial que han zanjado las cooperativas escolares a nivel nacional, resulta necesario seguir impulsando y promoviendo la educaci\u00f3n cooperativa y mutual entendiendo que es el camino para el progreso y desarrollo sostenible nacional, local y provincial\u00bb. argumenta la medida.<\/p>\n\n\n\n<p><strong>Los objetivos espec\u00edficos son:<\/strong><\/p>\n\n\n\n<p>-Acercar a los estudiantes a un panorama hist\u00f3rico y presente sobre el rol del cooperativismo y la ESSyP en el desarrollo socioproductivo de nuestro pa\u00eds;<\/p>\n\n\n\n<p>-Formar a los estudiantes en el aprendizaje de los valores cooperativos;<\/p>\n\n\n\n<p>-Vincular a los estudiantes con distintas experiencias cooperativistas nacionales, regionales y locales;<\/p>\n\n\n\n<p>-Brindar herramientas te\u00f3rico-pr\u00e1cticas para que los estudiantes puedan desarrollar a futuro cooperativas escolares, proyectos productivos y cooperativas de distinta \u00edndole;<\/p>\n\n\n\n<p>-Dise\u00f1ar materiales pedag\u00f3gicos de referencia para sistematizar el conjunto de saberes y actividades acumulados por los sectores educativos del cooperativismo, mutualismo y la ESSyP;<\/p>\n\n\n\n<p>-Promover las relaciones con las Jurisdicciones y Entidades de la Administraci\u00f3n P\u00fablica Nacional con los estados provinciales, la Ciudad Aut\u00f3noma de Buenos Aires, as\u00ed como con universidades, organizaciones sindicales y entidades cooperativas y mutuales de primer, segundo y tercer grado, a trav\u00e9s de la celebraci\u00f3n de acuerdos y convenios de colaboraci\u00f3n en el \u00e1mbito de su competencia;<\/p>\n\n\n\n<p>-Proponer al Directorio la utilizaci\u00f3n de fondos de las l\u00edneas de apoyo financiero existentes en el Instituto, con destino espec\u00edfico al financiamiento del Programa y\/o l\u00edneas de trabajo desarrollados en el marco del Programa.<\/p>\n\n\n\n<p>El Programa se implementar\u00e1 de acuerdo con los lineamientos curriculares de las materias afines al tema, contando con el acompa\u00f1amiento del docente a cargo del curso. Se propone trabajar en conjunto en la conformaci\u00f3n de un equipo compuesto por capacitadores o capacitadoras de INAES, docentes y trabajadores cooperativistas y de la ESSyP para el desarrollo de los talleres en el marco del Programa.<\/p>\n\n\n\n<p>A su vez, el Programa tendr\u00e1 una duraci\u00f3n de cinco talleres; tres te\u00f3rico-pr\u00e1cticos, una salida educativa y una de realizaci\u00f3n de la actividad integradora final. Los talleres se dictar\u00e1n a estudiantes de los \u00faltimos a\u00f1os del nivel secundario, a quienes se les brindar\u00e1 los talleres a cargo de un capacitador de INAES, un docente de la instituci\u00f3n y cooperativistas, quienes les orientar\u00e1n durante los talleres y la actividad integradora final.<\/p>\n","protected":false},"excerpt":{"rendered":"<p>Busca fomentar el desarrollo de la educaci\u00f3n cooperativa, sus principios y valores de la econom\u00eda social, solidaria y popular en escuelas de modalidad t\u00e9cnico profesional de nivel secundario. Mediante la resoluci\u00f3n 2446\/2022 publicada este viernes en el Bolet\u00edn Oficial, el Instituto Nacional de Asociativismo y Econom\u00eda Social cre\u00f3 el programa nacional de educaci\u00f3n cooperativa \u00abCooperativas [&hellip;]<\/p>\n","protected":false},"author":2,"featured_media":16937,"comment_status":"open","ping_status":"open","sticky":false,"template":"","format":"standard","meta":{"footnotes":""},"categories":[26],"tags":[],"class_list":["post-16936","post","type-post","status-publish","format-standard","has-post-thumbnail","hentry","category-educacion"],"yoast_head":"<!-- This site is optimized with the Yoast SEO plugin v27.5 - https:\/\/yoast.com\/product\/yoast-seo-wordpress\/ -->\n<title>Lanzan un programa nacional de educaci\u00f3n cooperativa en las escuelas | CVI NOTICIAS<\/title>\n<meta name=\"robots\" content=\"index, follow, max-snippet:-1, max-image-preview:large, max-video-preview:-1\" \/>\n<link rel=\"canonical\" href=\"https:\/\/cvinoticias.com\/v3\/lanzan-un-programa-nacional-de-educacion-cooperativa-en-las-escuelas\/\" \/>\n<meta property=\"og:locale\" content=\"es_ES\" \/>\n<meta property=\"og:type\" content=\"article\" \/>\n<meta property=\"og:title\" content=\"Lanzan un programa nacional de educaci\u00f3n cooperativa en las escuelas | CVI NOTICIAS\" \/>\n<meta property=\"og:description\" content=\"Busca fomentar el desarrollo de la educaci\u00f3n cooperativa, sus principios y valores de la econom\u00eda social, solidaria y popular en escuelas de modalidad t\u00e9cnico profesional de nivel secundario. Mediante la resoluci\u00f3n 2446\/2022 publicada este viernes en el Bolet\u00edn Oficial, el Instituto Nacional de Asociativismo y Econom\u00eda Social cre\u00f3 el programa nacional de educaci\u00f3n cooperativa \u00abCooperativas [&hellip;]\" \/>\n<meta property=\"og:url\" content=\"https:\/\/cvinoticias.com\/v3\/lanzan-un-programa-nacional-de-educacion-cooperativa-en-las-escuelas\/\" \/>\n<meta property=\"og:site_name\" content=\"CVI NOTICIAS\" \/>\n<meta property=\"article:publisher\" content=\"https:\/\/www.facebook.com\/cvinoticias\" \/>\n<meta property=\"article:published_time\" content=\"2022-06-24T11:57:40+00:00\" \/>\n<meta property=\"og:image\" content=\"https:\/\/cvinoticias.com\/wp-content\/uploads\/2022\/06\/0000102866.jpg\" \/>\n\t<meta property=\"og:image:width\" content=\"980\" \/>\n\t<meta property=\"og:image:height\" content=\"653\" \/>\n\t<meta property=\"og:image:type\" content=\"image\/jpeg\" \/>\n<meta name=\"author\" content=\"f1000024\" \/>\n<meta name=\"twitter:card\" content=\"summary_large_image\" \/>\n<meta name=\"twitter:label1\" content=\"Escrito por\" \/>\n\t<meta name=\"twitter:data1\" content=\"f1000024\" \/>\n\t<meta name=\"twitter:label2\" content=\"Tiempo de lectura\" \/>\n\t<meta name=\"twitter:data2\" content=\"3 minutos\" \/>\n<script type=\"application\/ld+json\" class=\"yoast-schema-graph\">{\"@context\":\"https:\\\/\\\/schema.org\",\"@graph\":[{\"@type\":\"Article\",\"@id\":\"https:\\\/\\\/cvinoticias.com\\\/v3\\\/lanzan-un-programa-nacional-de-educacion-cooperativa-en-las-escuelas\\\/#article\",\"isPartOf\":{\"@id\":\"https:\\\/\\\/cvinoticias.com\\\/v3\\\/lanzan-un-programa-nacional-de-educacion-cooperativa-en-las-escuelas\\\/\"},\"author\":{\"name\":\"f1000024\",\"@id\":\"https:\\\/\\\/cvinoticias.com\\\/v3\\\/#\\\/schema\\\/person\\\/2db77e3c6bc03c538495d7b2b8be9b66\"},\"headline\":\"Lanzan un programa nacional de educaci\u00f3n cooperativa en las escuelas\",\"datePublished\":\"2022-06-24T11:57:40+00:00\",\"mainEntityOfPage\":{\"@id\":\"https:\\\/\\\/cvinoticias.com\\\/v3\\\/lanzan-un-programa-nacional-de-educacion-cooperativa-en-las-escuelas\\\/\"},\"wordCount\":522,\"commentCount\":0,\"publisher\":{\"@id\":\"https:\\\/\\\/cvinoticias.com\\\/v3\\\/#organization\"},\"image\":{\"@id\":\"https:\\\/\\\/cvinoticias.com\\\/v3\\\/lanzan-un-programa-nacional-de-educacion-cooperativa-en-las-escuelas\\\/#primaryimage\"},\"thumbnailUrl\":\"https:\\\/\\\/cvinoticias.com\\\/wp-content\\\/uploads\\\/2022\\\/06\\\/0000102866.jpg\",\"articleSection\":[\"Educacion\"],\"inLanguage\":\"es\",\"potentialAction\":[{\"@type\":\"CommentAction\",\"name\":\"Comment\",\"target\":[\"https:\\\/\\\/cvinoticias.com\\\/v3\\\/lanzan-un-programa-nacional-de-educacion-cooperativa-en-las-escuelas\\\/#respond\"]}]},{\"@type\":\"WebPage\",\"@id\":\"https:\\\/\\\/cvinoticias.com\\\/v3\\\/lanzan-un-programa-nacional-de-educacion-cooperativa-en-las-escuelas\\\/\",\"url\":\"https:\\\/\\\/cvinoticias.com\\\/v3\\\/lanzan-un-programa-nacional-de-educacion-cooperativa-en-las-escuelas\\\/\",\"name\":\"Lanzan un programa nacional de educaci\u00f3n cooperativa en las escuelas | CVI NOTICIAS\",\"isPartOf\":{\"@id\":\"https:\\\/\\\/cvinoticias.com\\\/v3\\\/#website\"},\"primaryImageOfPage\":{\"@id\":\"https:\\\/\\\/cvinoticias.com\\\/v3\\\/lanzan-un-programa-nacional-de-educacion-cooperativa-en-las-escuelas\\\/#primaryimage\"},\"image\":{\"@id\":\"https:\\\/\\\/cvinoticias.com\\\/v3\\\/lanzan-un-programa-nacional-de-educacion-cooperativa-en-las-escuelas\\\/#primaryimage\"},\"thumbnailUrl\":\"https:\\\/\\\/cvinoticias.com\\\/wp-content\\\/uploads\\\/2022\\\/06\\\/0000102866.jpg\",\"datePublished\":\"2022-06-24T11:57:40+00:00\",\"breadcrumb\":{\"@id\":\"https:\\\/\\\/cvinoticias.com\\\/v3\\\/lanzan-un-programa-nacional-de-educacion-cooperativa-en-las-escuelas\\\/#breadcrumb\"},\"inLanguage\":\"es\",\"potentialAction\":[{\"@type\":\"ReadAction\",\"target\":[\"https:\\\/\\\/cvinoticias.com\\\/v3\\\/lanzan-un-programa-nacional-de-educacion-cooperativa-en-las-escuelas\\\/\"]}]},{\"@type\":\"ImageObject\",\"inLanguage\":\"es\",\"@id\":\"https:\\\/\\\/cvinoticias.com\\\/v3\\\/lanzan-un-programa-nacional-de-educacion-cooperativa-en-las-escuelas\\\/#primaryimage\",\"url\":\"https:\\\/\\\/cvinoticias.com\\\/wp-content\\\/uploads\\\/2022\\\/06\\\/0000102866.jpg\",\"contentUrl\":\"https:\\\/\\\/cvinoticias.com\\\/wp-content\\\/uploads\\\/2022\\\/06\\\/0000102866.jpg\",\"width\":980,\"height\":653},{\"@type\":\"BreadcrumbList\",\"@id\":\"https:\\\/\\\/cvinoticias.com\\\/v3\\\/lanzan-un-programa-nacional-de-educacion-cooperativa-en-las-escuelas\\\/#breadcrumb\",\"itemListElement\":[{\"@type\":\"ListItem\",\"position\":1,\"name\":\"Portada\",\"item\":\"https:\\\/\\\/cvinoticias.com\\\/v3\\\/\"},{\"@type\":\"ListItem\",\"position\":2,\"name\":\"Lanzan un programa nacional de educaci\u00f3n cooperativa en las escuelas\"}]},{\"@type\":\"WebSite\",\"@id\":\"https:\\\/\\\/cvinoticias.com\\\/v3\\\/#website\",\"url\":\"https:\\\/\\\/cvinoticias.com\\\/v3\\\/\",\"name\":\"CVI NOTICIAS\",\"description\":\"\",\"publisher\":{\"@id\":\"https:\\\/\\\/cvinoticias.com\\\/v3\\\/#organization\"},\"alternateName\":\"CVI\",\"potentialAction\":[{\"@type\":\"SearchAction\",\"target\":{\"@type\":\"EntryPoint\",\"urlTemplate\":\"https:\\\/\\\/cvinoticias.com\\\/v3\\\/?s={search_term_string}\"},\"query-input\":{\"@type\":\"PropertyValueSpecification\",\"valueRequired\":true,\"valueName\":\"search_term_string\"}}],\"inLanguage\":\"es\"},{\"@type\":\"Organization\",\"@id\":\"https:\\\/\\\/cvinoticias.com\\\/v3\\\/#organization\",\"name\":\"CVI NOTICIAS\",\"url\":\"https:\\\/\\\/cvinoticias.com\\\/v3\\\/\",\"logo\":{\"@type\":\"ImageObject\",\"inLanguage\":\"es\",\"@id\":\"https:\\\/\\\/cvinoticias.com\\\/v3\\\/#\\\/schema\\\/logo\\\/image\\\/\",\"url\":\"https:\\\/\\\/cvinoticias.com\\\/wp-content\\\/uploads\\\/2023\\\/04\\\/cropped-cropped-cropped-cropped-cropped-3-1.png\",\"contentUrl\":\"https:\\\/\\\/cvinoticias.com\\\/wp-content\\\/uploads\\\/2023\\\/04\\\/cropped-cropped-cropped-cropped-cropped-3-1.png\",\"width\":95,\"height\":122,\"caption\":\"CVI NOTICIAS\"},\"image\":{\"@id\":\"https:\\\/\\\/cvinoticias.com\\\/v3\\\/#\\\/schema\\\/logo\\\/image\\\/\"},\"sameAs\":[\"https:\\\/\\\/www.facebook.com\\\/cvinoticias\",\"https:\\\/\\\/www.instagram.com\\\/cvinoticias\\\/\",\"https:\\\/\\\/www.youtube.com\\\/@CVINOTICIAS\"]},{\"@type\":\"Person\",\"@id\":\"https:\\\/\\\/cvinoticias.com\\\/v3\\\/#\\\/schema\\\/person\\\/2db77e3c6bc03c538495d7b2b8be9b66\",\"name\":\"f1000024\",\"image\":{\"@type\":\"ImageObject\",\"inLanguage\":\"es\",\"@id\":\"https:\\\/\\\/secure.gravatar.com\\\/avatar\\\/d4fe7459cfc51ff5129ce1a732bbef5928568b8092d412ef95611616376bbeed?s=96&d=mm&r=g\",\"url\":\"https:\\\/\\\/secure.gravatar.com\\\/avatar\\\/d4fe7459cfc51ff5129ce1a732bbef5928568b8092d412ef95611616376bbeed?s=96&d=mm&r=g\",\"contentUrl\":\"https:\\\/\\\/secure.gravatar.com\\\/avatar\\\/d4fe7459cfc51ff5129ce1a732bbef5928568b8092d412ef95611616376bbeed?s=96&d=mm&r=g\",\"caption\":\"f1000024\"},\"url\":\"https:\\\/\\\/cvinoticias.com\\\/v3\\\/author\\\/f1000024\\\/\"}]}<\/script>\n<!-- \/ Yoast SEO plugin. -->","yoast_head_json":{"title":"Lanzan un programa nacional de educaci\u00f3n cooperativa en las escuelas | CVI NOTICIAS","robots":{"index":"index","follow":"follow","max-snippet":"max-snippet:-1","max-image-preview":"max-image-preview:large","max-video-preview":"max-video-preview:-1"},"canonical":"https:\/\/cvinoticias.com\/v3\/lanzan-un-programa-nacional-de-educacion-cooperativa-en-las-escuelas\/","og_locale":"es_ES","og_type":"article","og_title":"Lanzan un programa nacional de educaci\u00f3n cooperativa en las escuelas | CVI NOTICIAS","og_description":"Busca fomentar el desarrollo de la educaci\u00f3n cooperativa, sus principios y valores de la econom\u00eda social, solidaria y popular en escuelas de modalidad t\u00e9cnico profesional de nivel secundario. Mediante la resoluci\u00f3n 2446\/2022 publicada este viernes en el Bolet\u00edn Oficial, el Instituto Nacional de Asociativismo y Econom\u00eda Social cre\u00f3 el programa nacional de educaci\u00f3n cooperativa \u00abCooperativas [&hellip;]","og_url":"https:\/\/cvinoticias.com\/v3\/lanzan-un-programa-nacional-de-educacion-cooperativa-en-las-escuelas\/","og_site_name":"CVI NOTICIAS","article_publisher":"https:\/\/www.facebook.com\/cvinoticias","article_published_time":"2022-06-24T11:57:40+00:00","og_image":[{"width":980,"height":653,"url":"https:\/\/cvinoticias.com\/wp-content\/uploads\/2022\/06\/0000102866.jpg","type":"image\/jpeg"}],"author":"f1000024","twitter_card":"summary_large_image","twitter_misc":{"Escrito por":"f1000024","Tiempo de lectura":"3 minutos"},"schema":{"@context":"https:\/\/schema.org","@graph":[{"@type":"Article","@id":"https:\/\/cvinoticias.com\/v3\/lanzan-un-programa-nacional-de-educacion-cooperativa-en-las-escuelas\/#article","isPartOf":{"@id":"https:\/\/cvinoticias.com\/v3\/lanzan-un-programa-nacional-de-educacion-cooperativa-en-las-escuelas\/"},"author":{"name":"f1000024","@id":"https:\/\/cvinoticias.com\/v3\/#\/schema\/person\/2db77e3c6bc03c538495d7b2b8be9b66"},"headline":"Lanzan un programa nacional de educaci\u00f3n cooperativa en las escuelas","datePublished":"2022-06-24T11:57:40+00:00","mainEntityOfPage":{"@id":"https:\/\/cvinoticias.com\/v3\/lanzan-un-programa-nacional-de-educacion-cooperativa-en-las-escuelas\/"},"wordCount":522,"commentCount":0,"publisher":{"@id":"https:\/\/cvinoticias.com\/v3\/#organization"},"image":{"@id":"https:\/\/cvinoticias.com\/v3\/lanzan-un-programa-nacional-de-educacion-cooperativa-en-las-escuelas\/#primaryimage"},"thumbnailUrl":"https:\/\/cvinoticias.com\/wp-content\/uploads\/2022\/06\/0000102866.jpg","articleSection":["Educacion"],"inLanguage":"es","potentialAction":[{"@type":"CommentAction","name":"Comment","target":["https:\/\/cvinoticias.com\/v3\/lanzan-un-programa-nacional-de-educacion-cooperativa-en-las-escuelas\/#respond"]}]},{"@type":"WebPage","@id":"https:\/\/cvinoticias.com\/v3\/lanzan-un-programa-nacional-de-educacion-cooperativa-en-las-escuelas\/","url":"https:\/\/cvinoticias.com\/v3\/lanzan-un-programa-nacional-de-educacion-cooperativa-en-las-escuelas\/","name":"Lanzan un programa nacional de educaci\u00f3n cooperativa en las escuelas | CVI NOTICIAS","isPartOf":{"@id":"https:\/\/cvinoticias.com\/v3\/#website"},"primaryImageOfPage":{"@id":"https:\/\/cvinoticias.com\/v3\/lanzan-un-programa-nacional-de-educacion-cooperativa-en-las-escuelas\/#primaryimage"},"image":{"@id":"https:\/\/cvinoticias.com\/v3\/lanzan-un-programa-nacional-de-educacion-cooperativa-en-las-escuelas\/#primaryimage"},"thumbnailUrl":"https:\/\/cvinoticias.com\/wp-content\/uploads\/2022\/06\/0000102866.jpg","datePublished":"2022-06-24T11:57:40+00:00","breadcrumb":{"@id":"https:\/\/cvinoticias.com\/v3\/lanzan-un-programa-nacional-de-educacion-cooperativa-en-las-escuelas\/#breadcrumb"},"inLanguage":"es","potentialAction":[{"@type":"ReadAction","target":["https:\/\/cvinoticias.com\/v3\/lanzan-un-programa-nacional-de-educacion-cooperativa-en-las-escuelas\/"]}]},{"@type":"ImageObject","inLanguage":"es","@id":"https:\/\/cvinoticias.com\/v3\/lanzan-un-programa-nacional-de-educacion-cooperativa-en-las-escuelas\/#primaryimage","url":"https:\/\/cvinoticias.com\/wp-content\/uploads\/2022\/06\/0000102866.jpg","contentUrl":"https:\/\/cvinoticias.com\/wp-content\/uploads\/2022\/06\/0000102866.jpg","width":980,"height":653},{"@type":"BreadcrumbList","@id":"https:\/\/cvinoticias.com\/v3\/lanzan-un-programa-nacional-de-educacion-cooperativa-en-las-escuelas\/#breadcrumb","itemListElement":[{"@type":"ListItem","position":1,"name":"Portada","item":"https:\/\/cvinoticias.com\/v3\/"},{"@type":"ListItem","position":2,"name":"Lanzan un programa nacional de educaci\u00f3n cooperativa en las escuelas"}]},{"@type":"WebSite","@id":"https:\/\/cvinoticias.com\/v3\/#website","url":"https:\/\/cvinoticias.com\/v3\/","name":"CVI NOTICIAS","description":"","publisher":{"@id":"https:\/\/cvinoticias.com\/v3\/#organization"},"alternateName":"CVI","potentialAction":[{"@type":"SearchAction","target":{"@type":"EntryPoint","urlTemplate":"https:\/\/cvinoticias.com\/v3\/?s={search_term_string}"},"query-input":{"@type":"PropertyValueSpecification","valueRequired":true,"valueName":"search_term_string"}}],"inLanguage":"es"},{"@type":"Organization","@id":"https:\/\/cvinoticias.com\/v3\/#organization","name":"CVI NOTICIAS","url":"https:\/\/cvinoticias.com\/v3\/","logo":{"@type":"ImageObject","inLanguage":"es","@id":"https:\/\/cvinoticias.com\/v3\/#\/schema\/logo\/image\/","url":"https:\/\/cvinoticias.com\/wp-content\/uploads\/2023\/04\/cropped-cropped-cropped-cropped-cropped-3-1.png","contentUrl":"https:\/\/cvinoticias.com\/wp-content\/uploads\/2023\/04\/cropped-cropped-cropped-cropped-cropped-3-1.png","width":95,"height":122,"caption":"CVI NOTICIAS"},"image":{"@id":"https:\/\/cvinoticias.com\/v3\/#\/schema\/logo\/image\/"},"sameAs":["https:\/\/www.facebook.com\/cvinoticias","https:\/\/www.instagram.com\/cvinoticias\/","https:\/\/www.youtube.com\/@CVINOTICIAS"]},{"@type":"Person","@id":"https:\/\/cvinoticias.com\/v3\/#\/schema\/person\/2db77e3c6bc03c538495d7b2b8be9b66","name":"f1000024","image":{"@type":"ImageObject","inLanguage":"es","@id":"https:\/\/secure.gravatar.com\/avatar\/d4fe7459cfc51ff5129ce1a732bbef5928568b8092d412ef95611616376bbeed?s=96&d=mm&r=g","url":"https:\/\/secure.gravatar.com\/avatar\/d4fe7459cfc51ff5129ce1a732bbef5928568b8092d412ef95611616376bbeed?s=96&d=mm&r=g","contentUrl":"https:\/\/secure.gravatar.com\/avatar\/d4fe7459cfc51ff5129ce1a732bbef5928568b8092d412ef95611616376bbeed?s=96&d=mm&r=g","caption":"f1000024"},"url":"https:\/\/cvinoticias.com\/v3\/author\/f1000024\/"}]}},"_links":{"self":[{"href":"https:\/\/cvinoticias.com\/v3\/wp-json\/wp\/v2\/posts\/16936","targetHints":{"allow":["GET"]}}],"collection":[{"href":"https:\/\/cvinoticias.com\/v3\/wp-json\/wp\/v2\/posts"}],"about":[{"href":"https:\/\/cvinoticias.com\/v3\/wp-json\/wp\/v2\/types\/post"}],"author":[{"embeddable":true,"href":"https:\/\/cvinoticias.com\/v3\/wp-json\/wp\/v2\/users\/2"}],"replies":[{"embeddable":true,"href":"https:\/\/cvinoticias.com\/v3\/wp-json\/wp\/v2\/comments?post=16936"}],"version-history":[{"count":1,"href":"https:\/\/cvinoticias.com\/v3\/wp-json\/wp\/v2\/posts\/16936\/revisions"}],"predecessor-version":[{"id":16938,"href":"https:\/\/cvinoticias.com\/v3\/wp-json\/wp\/v2\/posts\/16936\/revisions\/16938"}],"wp:featuredmedia":[{"embeddable":true,"href":"https:\/\/cvinoticias.com\/v3\/wp-json\/wp\/v2\/media\/16937"}],"wp:attachment":[{"href":"https:\/\/cvinoticias.com\/v3\/wp-json\/wp\/v2\/media?parent=16936"}],"wp:term":[{"taxonomy":"category","embeddable":true,"href":"https:\/\/cvinoticias.com\/v3\/wp-json\/wp\/v2\/categories?post=16936"},{"taxonomy":"post_tag","embeddable":true,"href":"https:\/\/cvinoticias.com\/v3\/wp-json\/wp\/v2\/tags?post=16936"}],"curies":[{"name":"wp","href":"https:\/\/api.w.org\/{rel}","templated":true}]}}