{"id":1691,"date":"2021-01-16T12:27:26","date_gmt":"2021-01-16T12:27:26","guid":{"rendered":"https:\/\/cvinoticias.com\/v3\/?p=1691"},"modified":"2021-01-16T12:27:26","modified_gmt":"2021-01-16T12:27:26","slug":"posadas-continua-la-lucha-del-personal-de-salud-despedido","status":"publish","type":"post","link":"https:\/\/cvinoticias.com\/v3\/posadas-continua-la-lucha-del-personal-de-salud-despedido\/","title":{"rendered":"Posadas: Contin\u00faa la lucha del personal de salud despedido."},"content":{"rendered":"\n<p><strong><em>El reclamo corresponde a trabajadoras esenciales de la salud que a pocos d\u00edas de terminar el 2020 y con la pandemia cruzando la vida de todos los misioneros fueron despedidos.<\/em><\/strong><\/p>\n\n\n\n<p>Con el apoyo de ATE, CTA Aut\u00f3noma y otras organizaciones sociales, un grupo de las trabajadoras despedidas vienen realizando reclamos por su reincorporaci\u00f3n y denuncias a los medios desde principios de diciembre.<br>Sin embargo, hasta el momento no obtuvieron ninguna respuesta concreta por parte de las autoridades sanitarias de la provincia.<\/p>\n\n\n\n<p>El Parque de la Salud, creado por la Legislatura provincial en 2010 y administrado por una Fundaci\u00f3n, les comunic\u00f3 en noviembre que ser\u00edan dejadas sin contrato 23 personas a partir del 31 de diciembre de 2020, a pesar de la situaci\u00f3n de sobre exigencia del sistema sanitario ocasionada por la pandemia de Covid 19 y que los trabajadores de salud son considerados esenciales.<\/p>\n\n\n\n<p>Sobre la situaci\u00f3n que padecen las compa\u00f1eras despedidas la radi\u00f3loga<br>Noem\u00ed Morlio, manifest\u00f3 en distintos medios period\u00edsticos, \u201cestamos pasando una situaci\u00f3n muy triste y desesperante. Nos dejaron sin fuente laboral en este contexto de pandemia, siendo que dimos lo mejor de nosotros en esta situaci\u00f3n\u201d.<\/p>\n\n\n\n<p>En este sentido, agreg\u00f3 que \u201cme uno a la lucha porque necesito ser reincorporada. Soy jefa de hogar con dos ni\u00f1os peque\u00f1os\u2026 \u00bfc\u00f3mo<br>hago?\u201d. Morlio expres\u00f3 ante los medios que se necesitan explicaciones al dejarlas sin trabajo en plena Pandemia. \u201cHoy estamos llenos de casos y nos dejan sin trabajo\u201d, resalt\u00f3.<\/p>\n\n\n\n<p>Para cerrar Morlio hizo un an\u00e1lisis sobre el trato recibido en un contexto de crisis sanitaria que vive nuestro pa\u00eds y que Misiones enfrenta ante la llegada de la segunda ola; \u201ces f\u00e1cil aplaudir, pero no es f\u00e1cil estar ah\u00ed adentro pensando que capaz llev\u00e1bamos el virus a nuestras casas, y ahora simplemente nos echan. Que alguien de la cara. Hoy soy yo pero ma\u00f1ana puede ser cualquiera\u201d, sostuvo ante los medios de prensa la radi\u00f3loga con m\u00e1s de 7 a\u00f1os de trabajo en el Parque de la Salud.<\/p>\n","protected":false},"excerpt":{"rendered":"<p>El reclamo corresponde a trabajadoras esenciales de la salud que a pocos d\u00edas de terminar el 2020 y con la pandemia cruzando la vida de todos los misioneros fueron despedidos. Con el apoyo de ATE, CTA Aut\u00f3noma y otras organizaciones sociales, un grupo de las trabajadoras despedidas vienen realizando reclamos por su reincorporaci\u00f3n y denuncias [&hellip;]<\/p>\n","protected":false},"author":2,"featured_media":1692,"comment_status":"open","ping_status":"open","sticky":false,"template":"","format":"standard","meta":{"footnotes":""},"categories":[43],"tags":[],"class_list":["post-1691","post","type-post","status-publish","format-standard","has-post-thumbnail","hentry","category-provinciales"],"yoast_head":"<!-- This site is optimized with the Yoast SEO plugin v27.5 - https:\/\/yoast.com\/product\/yoast-seo-wordpress\/ -->\n<title>Posadas: Contin\u00faa la lucha del personal de salud despedido. | CVI NOTICIAS<\/title>\n<meta name=\"robots\" content=\"index, follow, max-snippet:-1, max-image-preview:large, max-video-preview:-1\" \/>\n<link rel=\"canonical\" href=\"https:\/\/cvinoticias.com\/v3\/posadas-continua-la-lucha-del-personal-de-salud-despedido\/\" \/>\n<meta property=\"og:locale\" content=\"es_ES\" \/>\n<meta property=\"og:type\" content=\"article\" \/>\n<meta property=\"og:title\" content=\"Posadas: Contin\u00faa la lucha del personal de salud despedido. | CVI NOTICIAS\" \/>\n<meta property=\"og:description\" content=\"El reclamo corresponde a trabajadoras esenciales de la salud que a pocos d\u00edas de terminar el 2020 y con la pandemia cruzando la vida de todos los misioneros fueron despedidos. Con el apoyo de ATE, CTA Aut\u00f3noma y otras organizaciones sociales, un grupo de las trabajadoras despedidas vienen realizando reclamos por su reincorporaci\u00f3n y denuncias [&hellip;]\" \/>\n<meta property=\"og:url\" content=\"https:\/\/cvinoticias.com\/v3\/posadas-continua-la-lucha-del-personal-de-salud-despedido\/\" \/>\n<meta property=\"og:site_name\" content=\"CVI NOTICIAS\" \/>\n<meta property=\"article:publisher\" content=\"https:\/\/www.facebook.com\/cvinoticias\" \/>\n<meta property=\"article:published_time\" content=\"2021-01-16T12:27:26+00:00\" \/>\n<meta property=\"og:image\" content=\"https:\/\/cvinoticias.com\/wp-content\/uploads\/2021\/01\/IMG-20210116-WA0007.jpg\" \/>\n\t<meta property=\"og:image:width\" content=\"1000\" \/>\n\t<meta property=\"og:image:height\" content=\"622\" \/>\n\t<meta property=\"og:image:type\" content=\"image\/jpeg\" \/>\n<meta name=\"author\" content=\"f1000024\" \/>\n<meta name=\"twitter:card\" content=\"summary_large_image\" \/>\n<meta name=\"twitter:label1\" content=\"Escrito por\" \/>\n\t<meta name=\"twitter:data1\" content=\"f1000024\" \/>\n\t<meta name=\"twitter:label2\" content=\"Tiempo de lectura\" \/>\n\t<meta name=\"twitter:data2\" content=\"2 minutos\" \/>\n<script type=\"application\/ld+json\" class=\"yoast-schema-graph\">{\"@context\":\"https:\\\/\\\/schema.org\",\"@graph\":[{\"@type\":\"Article\",\"@id\":\"https:\\\/\\\/cvinoticias.com\\\/v3\\\/posadas-continua-la-lucha-del-personal-de-salud-despedido\\\/#article\",\"isPartOf\":{\"@id\":\"https:\\\/\\\/cvinoticias.com\\\/v3\\\/posadas-continua-la-lucha-del-personal-de-salud-despedido\\\/\"},\"author\":{\"name\":\"f1000024\",\"@id\":\"https:\\\/\\\/cvinoticias.com\\\/v3\\\/#\\\/schema\\\/person\\\/2db77e3c6bc03c538495d7b2b8be9b66\"},\"headline\":\"Posadas: Contin\u00faa la lucha del personal de salud despedido.\",\"datePublished\":\"2021-01-16T12:27:26+00:00\",\"mainEntityOfPage\":{\"@id\":\"https:\\\/\\\/cvinoticias.com\\\/v3\\\/posadas-continua-la-lucha-del-personal-de-salud-despedido\\\/\"},\"wordCount\":354,\"commentCount\":0,\"publisher\":{\"@id\":\"https:\\\/\\\/cvinoticias.com\\\/v3\\\/#organization\"},\"image\":{\"@id\":\"https:\\\/\\\/cvinoticias.com\\\/v3\\\/posadas-continua-la-lucha-del-personal-de-salud-despedido\\\/#primaryimage\"},\"thumbnailUrl\":\"https:\\\/\\\/cvinoticias.com\\\/wp-content\\\/uploads\\\/2021\\\/01\\\/IMG-20210116-WA0007.jpg\",\"articleSection\":[\"Provinciales\"],\"inLanguage\":\"es\",\"potentialAction\":[{\"@type\":\"CommentAction\",\"name\":\"Comment\",\"target\":[\"https:\\\/\\\/cvinoticias.com\\\/v3\\\/posadas-continua-la-lucha-del-personal-de-salud-despedido\\\/#respond\"]}]},{\"@type\":\"WebPage\",\"@id\":\"https:\\\/\\\/cvinoticias.com\\\/v3\\\/posadas-continua-la-lucha-del-personal-de-salud-despedido\\\/\",\"url\":\"https:\\\/\\\/cvinoticias.com\\\/v3\\\/posadas-continua-la-lucha-del-personal-de-salud-despedido\\\/\",\"name\":\"Posadas: Contin\u00faa la lucha del personal de salud despedido. | CVI NOTICIAS\",\"isPartOf\":{\"@id\":\"https:\\\/\\\/cvinoticias.com\\\/v3\\\/#website\"},\"primaryImageOfPage\":{\"@id\":\"https:\\\/\\\/cvinoticias.com\\\/v3\\\/posadas-continua-la-lucha-del-personal-de-salud-despedido\\\/#primaryimage\"},\"image\":{\"@id\":\"https:\\\/\\\/cvinoticias.com\\\/v3\\\/posadas-continua-la-lucha-del-personal-de-salud-despedido\\\/#primaryimage\"},\"thumbnailUrl\":\"https:\\\/\\\/cvinoticias.com\\\/wp-content\\\/uploads\\\/2021\\\/01\\\/IMG-20210116-WA0007.jpg\",\"datePublished\":\"2021-01-16T12:27:26+00:00\",\"breadcrumb\":{\"@id\":\"https:\\\/\\\/cvinoticias.com\\\/v3\\\/posadas-continua-la-lucha-del-personal-de-salud-despedido\\\/#breadcrumb\"},\"inLanguage\":\"es\",\"potentialAction\":[{\"@type\":\"ReadAction\",\"target\":[\"https:\\\/\\\/cvinoticias.com\\\/v3\\\/posadas-continua-la-lucha-del-personal-de-salud-despedido\\\/\"]}]},{\"@type\":\"ImageObject\",\"inLanguage\":\"es\",\"@id\":\"https:\\\/\\\/cvinoticias.com\\\/v3\\\/posadas-continua-la-lucha-del-personal-de-salud-despedido\\\/#primaryimage\",\"url\":\"https:\\\/\\\/cvinoticias.com\\\/wp-content\\\/uploads\\\/2021\\\/01\\\/IMG-20210116-WA0007.jpg\",\"contentUrl\":\"https:\\\/\\\/cvinoticias.com\\\/wp-content\\\/uploads\\\/2021\\\/01\\\/IMG-20210116-WA0007.jpg\",\"width\":1000,\"height\":622},{\"@type\":\"BreadcrumbList\",\"@id\":\"https:\\\/\\\/cvinoticias.com\\\/v3\\\/posadas-continua-la-lucha-del-personal-de-salud-despedido\\\/#breadcrumb\",\"itemListElement\":[{\"@type\":\"ListItem\",\"position\":1,\"name\":\"Portada\",\"item\":\"https:\\\/\\\/cvinoticias.com\\\/v3\\\/\"},{\"@type\":\"ListItem\",\"position\":2,\"name\":\"Posadas: Contin\u00faa la lucha del personal de salud despedido.\"}]},{\"@type\":\"WebSite\",\"@id\":\"https:\\\/\\\/cvinoticias.com\\\/v3\\\/#website\",\"url\":\"https:\\\/\\\/cvinoticias.com\\\/v3\\\/\",\"name\":\"CVI NOTICIAS\",\"description\":\"\",\"publisher\":{\"@id\":\"https:\\\/\\\/cvinoticias.com\\\/v3\\\/#organization\"},\"alternateName\":\"CVI\",\"potentialAction\":[{\"@type\":\"SearchAction\",\"target\":{\"@type\":\"EntryPoint\",\"urlTemplate\":\"https:\\\/\\\/cvinoticias.com\\\/v3\\\/?s={search_term_string}\"},\"query-input\":{\"@type\":\"PropertyValueSpecification\",\"valueRequired\":true,\"valueName\":\"search_term_string\"}}],\"inLanguage\":\"es\"},{\"@type\":\"Organization\",\"@id\":\"https:\\\/\\\/cvinoticias.com\\\/v3\\\/#organization\",\"name\":\"CVI NOTICIAS\",\"url\":\"https:\\\/\\\/cvinoticias.com\\\/v3\\\/\",\"logo\":{\"@type\":\"ImageObject\",\"inLanguage\":\"es\",\"@id\":\"https:\\\/\\\/cvinoticias.com\\\/v3\\\/#\\\/schema\\\/logo\\\/image\\\/\",\"url\":\"https:\\\/\\\/cvinoticias.com\\\/wp-content\\\/uploads\\\/2023\\\/04\\\/cropped-cropped-cropped-cropped-cropped-3-1.png\",\"contentUrl\":\"https:\\\/\\\/cvinoticias.com\\\/wp-content\\\/uploads\\\/2023\\\/04\\\/cropped-cropped-cropped-cropped-cropped-3-1.png\",\"width\":95,\"height\":122,\"caption\":\"CVI NOTICIAS\"},\"image\":{\"@id\":\"https:\\\/\\\/cvinoticias.com\\\/v3\\\/#\\\/schema\\\/logo\\\/image\\\/\"},\"sameAs\":[\"https:\\\/\\\/www.facebook.com\\\/cvinoticias\",\"https:\\\/\\\/www.instagram.com\\\/cvinoticias\\\/\",\"https:\\\/\\\/www.youtube.com\\\/@CVINOTICIAS\"]},{\"@type\":\"Person\",\"@id\":\"https:\\\/\\\/cvinoticias.com\\\/v3\\\/#\\\/schema\\\/person\\\/2db77e3c6bc03c538495d7b2b8be9b66\",\"name\":\"f1000024\",\"image\":{\"@type\":\"ImageObject\",\"inLanguage\":\"es\",\"@id\":\"https:\\\/\\\/secure.gravatar.com\\\/avatar\\\/d4fe7459cfc51ff5129ce1a732bbef5928568b8092d412ef95611616376bbeed?s=96&d=mm&r=g\",\"url\":\"https:\\\/\\\/secure.gravatar.com\\\/avatar\\\/d4fe7459cfc51ff5129ce1a732bbef5928568b8092d412ef95611616376bbeed?s=96&d=mm&r=g\",\"contentUrl\":\"https:\\\/\\\/secure.gravatar.com\\\/avatar\\\/d4fe7459cfc51ff5129ce1a732bbef5928568b8092d412ef95611616376bbeed?s=96&d=mm&r=g\",\"caption\":\"f1000024\"},\"url\":\"https:\\\/\\\/cvinoticias.com\\\/v3\\\/author\\\/f1000024\\\/\"}]}<\/script>\n<!-- \/ Yoast SEO plugin. -->","yoast_head_json":{"title":"Posadas: Contin\u00faa la lucha del personal de salud despedido. | CVI NOTICIAS","robots":{"index":"index","follow":"follow","max-snippet":"max-snippet:-1","max-image-preview":"max-image-preview:large","max-video-preview":"max-video-preview:-1"},"canonical":"https:\/\/cvinoticias.com\/v3\/posadas-continua-la-lucha-del-personal-de-salud-despedido\/","og_locale":"es_ES","og_type":"article","og_title":"Posadas: Contin\u00faa la lucha del personal de salud despedido. | CVI NOTICIAS","og_description":"El reclamo corresponde a trabajadoras esenciales de la salud que a pocos d\u00edas de terminar el 2020 y con la pandemia cruzando la vida de todos los misioneros fueron despedidos. Con el apoyo de ATE, CTA Aut\u00f3noma y otras organizaciones sociales, un grupo de las trabajadoras despedidas vienen realizando reclamos por su reincorporaci\u00f3n y denuncias [&hellip;]","og_url":"https:\/\/cvinoticias.com\/v3\/posadas-continua-la-lucha-del-personal-de-salud-despedido\/","og_site_name":"CVI NOTICIAS","article_publisher":"https:\/\/www.facebook.com\/cvinoticias","article_published_time":"2021-01-16T12:27:26+00:00","og_image":[{"width":1000,"height":622,"url":"https:\/\/cvinoticias.com\/wp-content\/uploads\/2021\/01\/IMG-20210116-WA0007.jpg","type":"image\/jpeg"}],"author":"f1000024","twitter_card":"summary_large_image","twitter_misc":{"Escrito por":"f1000024","Tiempo de lectura":"2 minutos"},"schema":{"@context":"https:\/\/schema.org","@graph":[{"@type":"Article","@id":"https:\/\/cvinoticias.com\/v3\/posadas-continua-la-lucha-del-personal-de-salud-despedido\/#article","isPartOf":{"@id":"https:\/\/cvinoticias.com\/v3\/posadas-continua-la-lucha-del-personal-de-salud-despedido\/"},"author":{"name":"f1000024","@id":"https:\/\/cvinoticias.com\/v3\/#\/schema\/person\/2db77e3c6bc03c538495d7b2b8be9b66"},"headline":"Posadas: Contin\u00faa la lucha del personal de salud despedido.","datePublished":"2021-01-16T12:27:26+00:00","mainEntityOfPage":{"@id":"https:\/\/cvinoticias.com\/v3\/posadas-continua-la-lucha-del-personal-de-salud-despedido\/"},"wordCount":354,"commentCount":0,"publisher":{"@id":"https:\/\/cvinoticias.com\/v3\/#organization"},"image":{"@id":"https:\/\/cvinoticias.com\/v3\/posadas-continua-la-lucha-del-personal-de-salud-despedido\/#primaryimage"},"thumbnailUrl":"https:\/\/cvinoticias.com\/wp-content\/uploads\/2021\/01\/IMG-20210116-WA0007.jpg","articleSection":["Provinciales"],"inLanguage":"es","potentialAction":[{"@type":"CommentAction","name":"Comment","target":["https:\/\/cvinoticias.com\/v3\/posadas-continua-la-lucha-del-personal-de-salud-despedido\/#respond"]}]},{"@type":"WebPage","@id":"https:\/\/cvinoticias.com\/v3\/posadas-continua-la-lucha-del-personal-de-salud-despedido\/","url":"https:\/\/cvinoticias.com\/v3\/posadas-continua-la-lucha-del-personal-de-salud-despedido\/","name":"Posadas: Contin\u00faa la lucha del personal de salud despedido. | CVI NOTICIAS","isPartOf":{"@id":"https:\/\/cvinoticias.com\/v3\/#website"},"primaryImageOfPage":{"@id":"https:\/\/cvinoticias.com\/v3\/posadas-continua-la-lucha-del-personal-de-salud-despedido\/#primaryimage"},"image":{"@id":"https:\/\/cvinoticias.com\/v3\/posadas-continua-la-lucha-del-personal-de-salud-despedido\/#primaryimage"},"thumbnailUrl":"https:\/\/cvinoticias.com\/wp-content\/uploads\/2021\/01\/IMG-20210116-WA0007.jpg","datePublished":"2021-01-16T12:27:26+00:00","breadcrumb":{"@id":"https:\/\/cvinoticias.com\/v3\/posadas-continua-la-lucha-del-personal-de-salud-despedido\/#breadcrumb"},"inLanguage":"es","potentialAction":[{"@type":"ReadAction","target":["https:\/\/cvinoticias.com\/v3\/posadas-continua-la-lucha-del-personal-de-salud-despedido\/"]}]},{"@type":"ImageObject","inLanguage":"es","@id":"https:\/\/cvinoticias.com\/v3\/posadas-continua-la-lucha-del-personal-de-salud-despedido\/#primaryimage","url":"https:\/\/cvinoticias.com\/wp-content\/uploads\/2021\/01\/IMG-20210116-WA0007.jpg","contentUrl":"https:\/\/cvinoticias.com\/wp-content\/uploads\/2021\/01\/IMG-20210116-WA0007.jpg","width":1000,"height":622},{"@type":"BreadcrumbList","@id":"https:\/\/cvinoticias.com\/v3\/posadas-continua-la-lucha-del-personal-de-salud-despedido\/#breadcrumb","itemListElement":[{"@type":"ListItem","position":1,"name":"Portada","item":"https:\/\/cvinoticias.com\/v3\/"},{"@type":"ListItem","position":2,"name":"Posadas: Contin\u00faa la lucha del personal de salud despedido."}]},{"@type":"WebSite","@id":"https:\/\/cvinoticias.com\/v3\/#website","url":"https:\/\/cvinoticias.com\/v3\/","name":"CVI NOTICIAS","description":"","publisher":{"@id":"https:\/\/cvinoticias.com\/v3\/#organization"},"alternateName":"CVI","potentialAction":[{"@type":"SearchAction","target":{"@type":"EntryPoint","urlTemplate":"https:\/\/cvinoticias.com\/v3\/?s={search_term_string}"},"query-input":{"@type":"PropertyValueSpecification","valueRequired":true,"valueName":"search_term_string"}}],"inLanguage":"es"},{"@type":"Organization","@id":"https:\/\/cvinoticias.com\/v3\/#organization","name":"CVI NOTICIAS","url":"https:\/\/cvinoticias.com\/v3\/","logo":{"@type":"ImageObject","inLanguage":"es","@id":"https:\/\/cvinoticias.com\/v3\/#\/schema\/logo\/image\/","url":"https:\/\/cvinoticias.com\/wp-content\/uploads\/2023\/04\/cropped-cropped-cropped-cropped-cropped-3-1.png","contentUrl":"https:\/\/cvinoticias.com\/wp-content\/uploads\/2023\/04\/cropped-cropped-cropped-cropped-cropped-3-1.png","width":95,"height":122,"caption":"CVI NOTICIAS"},"image":{"@id":"https:\/\/cvinoticias.com\/v3\/#\/schema\/logo\/image\/"},"sameAs":["https:\/\/www.facebook.com\/cvinoticias","https:\/\/www.instagram.com\/cvinoticias\/","https:\/\/www.youtube.com\/@CVINOTICIAS"]},{"@type":"Person","@id":"https:\/\/cvinoticias.com\/v3\/#\/schema\/person\/2db77e3c6bc03c538495d7b2b8be9b66","name":"f1000024","image":{"@type":"ImageObject","inLanguage":"es","@id":"https:\/\/secure.gravatar.com\/avatar\/d4fe7459cfc51ff5129ce1a732bbef5928568b8092d412ef95611616376bbeed?s=96&d=mm&r=g","url":"https:\/\/secure.gravatar.com\/avatar\/d4fe7459cfc51ff5129ce1a732bbef5928568b8092d412ef95611616376bbeed?s=96&d=mm&r=g","contentUrl":"https:\/\/secure.gravatar.com\/avatar\/d4fe7459cfc51ff5129ce1a732bbef5928568b8092d412ef95611616376bbeed?s=96&d=mm&r=g","caption":"f1000024"},"url":"https:\/\/cvinoticias.com\/v3\/author\/f1000024\/"}]}},"_links":{"self":[{"href":"https:\/\/cvinoticias.com\/v3\/wp-json\/wp\/v2\/posts\/1691","targetHints":{"allow":["GET"]}}],"collection":[{"href":"https:\/\/cvinoticias.com\/v3\/wp-json\/wp\/v2\/posts"}],"about":[{"href":"https:\/\/cvinoticias.com\/v3\/wp-json\/wp\/v2\/types\/post"}],"author":[{"embeddable":true,"href":"https:\/\/cvinoticias.com\/v3\/wp-json\/wp\/v2\/users\/2"}],"replies":[{"embeddable":true,"href":"https:\/\/cvinoticias.com\/v3\/wp-json\/wp\/v2\/comments?post=1691"}],"version-history":[{"count":1,"href":"https:\/\/cvinoticias.com\/v3\/wp-json\/wp\/v2\/posts\/1691\/revisions"}],"predecessor-version":[{"id":1693,"href":"https:\/\/cvinoticias.com\/v3\/wp-json\/wp\/v2\/posts\/1691\/revisions\/1693"}],"wp:featuredmedia":[{"embeddable":true,"href":"https:\/\/cvinoticias.com\/v3\/wp-json\/wp\/v2\/media\/1692"}],"wp:attachment":[{"href":"https:\/\/cvinoticias.com\/v3\/wp-json\/wp\/v2\/media?parent=1691"}],"wp:term":[{"taxonomy":"category","embeddable":true,"href":"https:\/\/cvinoticias.com\/v3\/wp-json\/wp\/v2\/categories?post=1691"},{"taxonomy":"post_tag","embeddable":true,"href":"https:\/\/cvinoticias.com\/v3\/wp-json\/wp\/v2\/tags?post=1691"}],"curies":[{"name":"wp","href":"https:\/\/api.w.org\/{rel}","templated":true}]}}