{"id":16833,"date":"2022-06-22T10:44:27","date_gmt":"2022-06-22T10:44:27","guid":{"rendered":"https:\/\/cvinoticias.com\/v3\/?p=16833"},"modified":"2022-06-22T10:44:27","modified_gmt":"2022-06-22T10:44:27","slug":"lammens-estimo-que-en-invierno-llegaran-al-pais-un-millon-de-turistas-extranjeros","status":"publish","type":"post","link":"https:\/\/cvinoticias.com\/v3\/lammens-estimo-que-en-invierno-llegaran-al-pais-un-millon-de-turistas-extranjeros\/","title":{"rendered":"Lammens estim\u00f3 que en invierno llegar\u00e1n al pa\u00eds un mill\u00f3n de turistas extranjeros"},"content":{"rendered":"\n<p class=\"wp-block-paragraph\"><strong><em>El ministro de Turismo dijo que este movimiento de turistas \u00abseguramente va a dejar much\u00edsimos d\u00f3lares para la Argentina\u00bb y reafirm\u00f3 la importancia del programa PreViaje.<\/em><\/strong><\/p>\n\n\n\n<p class=\"wp-block-paragraph\">El ministro de Turismo y Deportes, Mat\u00edas Lammens, estim\u00f3 este martes que en la temporada de invierno llegar\u00e1n al pa\u00eds \u00abun mill\u00f3n de turistas extranjeros\u00bb, con lo que se volver\u00e1 a batir r\u00e9cords y generar\u00e1 un importante ingreso de divisas, como sucedi\u00f3 en los primeros meses del a\u00f1o cuando arribaron 1,2 millones de turistas de otras latitudes, \u00abcon un impacto econ\u00f3mico de 1.100 millones de d\u00f3lares\u00bb, precis\u00f3.<\/p>\n\n\n\n<p class=\"wp-block-paragraph\">En este sentido, el ministro destac\u00f3 dos factores importantes: el desempe\u00f1o de Aerol\u00edneas Argentinas y el programa PreViaje. Lammens sostuvo que se est\u00e1 dando \u00abuna temporada que se fue prolongando en gran medida por PreViaje\u00bb y a\u00f1adi\u00f3 que \u00absin ninguna duda que el Programa ha colaborado much\u00edsimo.<\/p>\n\n\n\n<p class=\"wp-block-paragraph\">\u00abTodav\u00eda hay gente que est\u00e1 viajando con el PreViaje del a\u00f1o pasado y eso hace m\u00e1s virtuoso el programa\u00bb, subray\u00f3. Lammens calific\u00f3 al programa como \u00abuna gran posibilidad y un gran acierto, porque cuando las pol\u00edticas p\u00fablicas son tan efectivas le cambian la vida a tanta gente; cuando son tan aceptadas y tienen un consenso casi un\u00e1nime entre todo el arco pol\u00edtico, la sociedad y dem\u00e1s, son pol\u00edticas que hay que cuidarlas, abrazarlas y que hay que continuar\u00bb.<\/p>\n\n\n\n<p class=\"wp-block-paragraph\">Y esa efectividad se puso de manifiesto durante el fin de semana largo, donde \u00abdesde Tierra del Fuego hasta Jujuy, pasando por Misiones, C\u00f3rdoba, San Juan, La Rioja, y no me quiero olvidar de ning\u00fan destino, cuando uno revisa los niveles de ocupaci\u00f3n todos est\u00e1n arriba de un 90 % y eso significa m\u00e1s trabajo\u00bb\u00bb, enfatiz\u00f3.<\/p>\n\n\n\n<p class=\"wp-block-paragraph\">Por otra parte, Lammens destac\u00f3 \u00abel rol clave que ha cumplido Aerol\u00edneas Argentinas\u00bb, pues dijo que, entre otras acciones, \u00abha puesto vuelos a Brasil, a Montevideo a los destinos que junto con el ministerio hemos trabajado para fortalecer la demanda: 80 % receptivo y 20 % emisivo. Vuelos para traer d\u00f3lares a la Argentina\u00bb.<\/p>\n\n\n\n<p class=\"wp-block-paragraph\">Respecto a lo sucedido en este fin de semana largo en el pa\u00eds, Lammens destac\u00f3 que arroj\u00f3 \u00abn\u00fameros que ya no sorprenden\u00bb pero remarc\u00f3 que los ponen \u00abmuy contentos\u00bb.<\/p>\n\n\n\n<p class=\"wp-block-paragraph\">\u00abClaramente nosotros, en los peores a\u00f1os del sector, en la pandemia, insist\u00edamos mucho en que el turismo es un sector estrat\u00e9gico para el crecimiento del pa\u00eds, para fortalecer las econom\u00edas regionales e hicimos muchos planes para sostener al sector en ese peor momento\u00bb, indic\u00f3.<\/p>\n\n\n\n<p class=\"wp-block-paragraph\">Se\u00f1al\u00f3 que al observar lo sucedido en la temporada de verano y ahora en este fin de semana extraordinario, aparecen \u00abla certeza, la convicci\u00f3n de que no nos equivocamos en el diagn\u00f3stico\u00bb.<\/p>\n\n\n\n<p class=\"wp-block-paragraph\">Para finalizar, Lammens declar\u00f3 que \u00ablas tres actividades que han apuntalado el crecimiento del empleo en los \u00faltimos meses han sido la construcci\u00f3n, la actividad industrial y el turismo: Casi 50.000 puestos de trabajo generados en los \u00faltimos meses\u00bb, apunt\u00f3.<\/p>\n","protected":false},"excerpt":{"rendered":"<p>El ministro de Turismo dijo que este movimiento de turistas \u00abseguramente va a dejar much\u00edsimos d\u00f3lares para la Argentina\u00bb y reafirm\u00f3 la importancia del programa PreViaje. El ministro de Turismo y Deportes, Mat\u00edas Lammens, estim\u00f3 este martes que en la temporada de invierno llegar\u00e1n al pa\u00eds \u00abun mill\u00f3n de turistas extranjeros\u00bb, con lo que se [&hellip;]<\/p>\n","protected":false},"author":2,"featured_media":16834,"comment_status":"open","ping_status":"open","sticky":false,"template":"","format":"standard","meta":{"footnotes":""},"categories":[50],"tags":[],"class_list":["post-16833","post","type-post","status-publish","format-standard","has-post-thumbnail","hentry","category-turismo"],"yoast_head":"<!-- This site is optimized with the Yoast SEO plugin v28.3 - https:\/\/yoast.com\/product\/yoast-seo-wordpress\/ -->\n<title>Lammens estim\u00f3 que en invierno llegar\u00e1n al pa\u00eds un mill\u00f3n de turistas extranjeros | CVI NOTICIAS<\/title>\n<meta name=\"robots\" content=\"index, follow, max-snippet:-1, max-image-preview:large, max-video-preview:-1\" \/>\n<link rel=\"canonical\" href=\"https:\/\/cvinoticias.com\/v3\/lammens-estimo-que-en-invierno-llegaran-al-pais-un-millon-de-turistas-extranjeros\/\" \/>\n<meta property=\"og:locale\" content=\"es_ES\" \/>\n<meta property=\"og:type\" content=\"article\" \/>\n<meta property=\"og:title\" content=\"Lammens estim\u00f3 que en invierno llegar\u00e1n al pa\u00eds un mill\u00f3n de turistas extranjeros | CVI NOTICIAS\" \/>\n<meta property=\"og:description\" content=\"El ministro de Turismo dijo que este movimiento de turistas \u00abseguramente va a dejar much\u00edsimos d\u00f3lares para la Argentina\u00bb y reafirm\u00f3 la importancia del programa PreViaje. El ministro de Turismo y Deportes, Mat\u00edas Lammens, estim\u00f3 este martes que en la temporada de invierno llegar\u00e1n al pa\u00eds \u00abun mill\u00f3n de turistas extranjeros\u00bb, con lo que se [&hellip;]\" \/>\n<meta property=\"og:url\" content=\"https:\/\/cvinoticias.com\/v3\/lammens-estimo-que-en-invierno-llegaran-al-pais-un-millon-de-turistas-extranjeros\/\" \/>\n<meta property=\"og:site_name\" content=\"CVI NOTICIAS\" \/>\n<meta property=\"article:publisher\" content=\"https:\/\/www.facebook.com\/cvinoticias\" \/>\n<meta property=\"article:published_time\" content=\"2022-06-22T10:44:27+00:00\" \/>\n<meta property=\"og:image\" content=\"https:\/\/cvinoticias.com\/wp-content\/uploads\/2022\/06\/IMG-20220620-WA0023-1.jpg\" \/>\n\t<meta property=\"og:image:width\" content=\"1024\" \/>\n\t<meta property=\"og:image:height\" content=\"682\" \/>\n\t<meta property=\"og:image:type\" content=\"image\/jpeg\" \/>\n<meta name=\"author\" content=\"f1000024\" \/>\n<meta name=\"twitter:card\" content=\"summary_large_image\" \/>\n<meta name=\"twitter:label1\" content=\"Escrito por\" \/>\n\t<meta name=\"twitter:data1\" content=\"f1000024\" \/>\n\t<meta name=\"twitter:label2\" content=\"Tiempo de lectura\" \/>\n\t<meta name=\"twitter:data2\" content=\"3 minutos\" \/>\n<script type=\"application\/ld+json\" class=\"yoast-schema-graph\">{\"@context\":\"https:\\\/\\\/schema.org\",\"@graph\":[{\"@type\":\"Article\",\"@id\":\"https:\\\/\\\/cvinoticias.com\\\/v3\\\/lammens-estimo-que-en-invierno-llegaran-al-pais-un-millon-de-turistas-extranjeros\\\/#article\",\"isPartOf\":{\"@id\":\"https:\\\/\\\/cvinoticias.com\\\/v3\\\/lammens-estimo-que-en-invierno-llegaran-al-pais-un-millon-de-turistas-extranjeros\\\/\"},\"author\":{\"name\":\"f1000024\",\"@id\":\"https:\\\/\\\/cvinoticias.com\\\/v3\\\/#\\\/schema\\\/person\\\/2db77e3c6bc03c538495d7b2b8be9b66\"},\"headline\":\"Lammens estim\u00f3 que en invierno llegar\u00e1n al pa\u00eds un mill\u00f3n de turistas extranjeros\",\"datePublished\":\"2022-06-22T10:44:27+00:00\",\"mainEntityOfPage\":{\"@id\":\"https:\\\/\\\/cvinoticias.com\\\/v3\\\/lammens-estimo-que-en-invierno-llegaran-al-pais-un-millon-de-turistas-extranjeros\\\/\"},\"wordCount\":521,\"commentCount\":0,\"publisher\":{\"@id\":\"https:\\\/\\\/cvinoticias.com\\\/v3\\\/#organization\"},\"image\":{\"@id\":\"https:\\\/\\\/cvinoticias.com\\\/v3\\\/lammens-estimo-que-en-invierno-llegaran-al-pais-un-millon-de-turistas-extranjeros\\\/#primaryimage\"},\"thumbnailUrl\":\"https:\\\/\\\/cvinoticias.com\\\/wp-content\\\/uploads\\\/2022\\\/06\\\/IMG-20220620-WA0023-1.jpg\",\"articleSection\":[\"Turismo\"],\"inLanguage\":\"es\",\"potentialAction\":[{\"@type\":\"CommentAction\",\"name\":\"Comment\",\"target\":[\"https:\\\/\\\/cvinoticias.com\\\/v3\\\/lammens-estimo-que-en-invierno-llegaran-al-pais-un-millon-de-turistas-extranjeros\\\/#respond\"]}]},{\"@type\":\"WebPage\",\"@id\":\"https:\\\/\\\/cvinoticias.com\\\/v3\\\/lammens-estimo-que-en-invierno-llegaran-al-pais-un-millon-de-turistas-extranjeros\\\/\",\"url\":\"https:\\\/\\\/cvinoticias.com\\\/v3\\\/lammens-estimo-que-en-invierno-llegaran-al-pais-un-millon-de-turistas-extranjeros\\\/\",\"name\":\"Lammens estim\u00f3 que en invierno llegar\u00e1n al pa\u00eds un mill\u00f3n de turistas extranjeros | CVI NOTICIAS\",\"isPartOf\":{\"@id\":\"https:\\\/\\\/cvinoticias.com\\\/v3\\\/#website\"},\"primaryImageOfPage\":{\"@id\":\"https:\\\/\\\/cvinoticias.com\\\/v3\\\/lammens-estimo-que-en-invierno-llegaran-al-pais-un-millon-de-turistas-extranjeros\\\/#primaryimage\"},\"image\":{\"@id\":\"https:\\\/\\\/cvinoticias.com\\\/v3\\\/lammens-estimo-que-en-invierno-llegaran-al-pais-un-millon-de-turistas-extranjeros\\\/#primaryimage\"},\"thumbnailUrl\":\"https:\\\/\\\/cvinoticias.com\\\/wp-content\\\/uploads\\\/2022\\\/06\\\/IMG-20220620-WA0023-1.jpg\",\"datePublished\":\"2022-06-22T10:44:27+00:00\",\"breadcrumb\":{\"@id\":\"https:\\\/\\\/cvinoticias.com\\\/v3\\\/lammens-estimo-que-en-invierno-llegaran-al-pais-un-millon-de-turistas-extranjeros\\\/#breadcrumb\"},\"inLanguage\":\"es\",\"potentialAction\":[{\"@type\":\"ReadAction\",\"target\":[\"https:\\\/\\\/cvinoticias.com\\\/v3\\\/lammens-estimo-que-en-invierno-llegaran-al-pais-un-millon-de-turistas-extranjeros\\\/\"]}]},{\"@type\":\"ImageObject\",\"inLanguage\":\"es\",\"@id\":\"https:\\\/\\\/cvinoticias.com\\\/v3\\\/lammens-estimo-que-en-invierno-llegaran-al-pais-un-millon-de-turistas-extranjeros\\\/#primaryimage\",\"url\":\"https:\\\/\\\/cvinoticias.com\\\/wp-content\\\/uploads\\\/2022\\\/06\\\/IMG-20220620-WA0023-1.jpg\",\"contentUrl\":\"https:\\\/\\\/cvinoticias.com\\\/wp-content\\\/uploads\\\/2022\\\/06\\\/IMG-20220620-WA0023-1.jpg\",\"width\":1024,\"height\":682},{\"@type\":\"BreadcrumbList\",\"@id\":\"https:\\\/\\\/cvinoticias.com\\\/v3\\\/lammens-estimo-que-en-invierno-llegaran-al-pais-un-millon-de-turistas-extranjeros\\\/#breadcrumb\",\"itemListElement\":[{\"@type\":\"ListItem\",\"position\":1,\"name\":\"Portada\",\"item\":\"https:\\\/\\\/cvinoticias.com\\\/v3\\\/\"},{\"@type\":\"ListItem\",\"position\":2,\"name\":\"Lammens estim\u00f3 que en invierno llegar\u00e1n al pa\u00eds un mill\u00f3n de turistas extranjeros\"}]},{\"@type\":\"WebSite\",\"@id\":\"https:\\\/\\\/cvinoticias.com\\\/v3\\\/#website\",\"url\":\"https:\\\/\\\/cvinoticias.com\\\/v3\\\/\",\"name\":\"CVI NOTICIAS\",\"description\":\"\",\"publisher\":{\"@id\":\"https:\\\/\\\/cvinoticias.com\\\/v3\\\/#organization\"},\"alternateName\":\"CVI\",\"potentialAction\":[{\"@type\":\"SearchAction\",\"target\":{\"@type\":\"EntryPoint\",\"urlTemplate\":\"https:\\\/\\\/cvinoticias.com\\\/v3\\\/?s={search_term_string}\"},\"query-input\":{\"@type\":\"PropertyValueSpecification\",\"valueRequired\":true,\"valueName\":\"search_term_string\"}}],\"inLanguage\":\"es\"},{\"@type\":\"Organization\",\"@id\":\"https:\\\/\\\/cvinoticias.com\\\/v3\\\/#organization\",\"name\":\"CVI NOTICIAS\",\"url\":\"https:\\\/\\\/cvinoticias.com\\\/v3\\\/\",\"logo\":{\"@type\":\"ImageObject\",\"inLanguage\":\"es\",\"@id\":\"https:\\\/\\\/cvinoticias.com\\\/v3\\\/#\\\/schema\\\/logo\\\/image\\\/\",\"url\":\"https:\\\/\\\/cvinoticias.com\\\/wp-content\\\/uploads\\\/2023\\\/04\\\/cropped-cropped-cropped-cropped-cropped-3-1.png\",\"contentUrl\":\"https:\\\/\\\/cvinoticias.com\\\/wp-content\\\/uploads\\\/2023\\\/04\\\/cropped-cropped-cropped-cropped-cropped-3-1.png\",\"width\":95,\"height\":122,\"caption\":\"CVI NOTICIAS\"},\"image\":{\"@id\":\"https:\\\/\\\/cvinoticias.com\\\/v3\\\/#\\\/schema\\\/logo\\\/image\\\/\"},\"sameAs\":[\"https:\\\/\\\/www.facebook.com\\\/cvinoticias\",\"https:\\\/\\\/www.instagram.com\\\/cvinoticias\\\/\",\"https:\\\/\\\/www.youtube.com\\\/@CVINOTICIAS\"]},{\"@type\":\"Person\",\"@id\":\"https:\\\/\\\/cvinoticias.com\\\/v3\\\/#\\\/schema\\\/person\\\/2db77e3c6bc03c538495d7b2b8be9b66\",\"name\":\"f1000024\",\"image\":{\"@type\":\"ImageObject\",\"inLanguage\":\"es\",\"@id\":\"https:\\\/\\\/secure.gravatar.com\\\/avatar\\\/d4fe7459cfc51ff5129ce1a732bbef5928568b8092d412ef95611616376bbeed?s=96&d=mm&r=g\",\"url\":\"https:\\\/\\\/secure.gravatar.com\\\/avatar\\\/d4fe7459cfc51ff5129ce1a732bbef5928568b8092d412ef95611616376bbeed?s=96&d=mm&r=g\",\"contentUrl\":\"https:\\\/\\\/secure.gravatar.com\\\/avatar\\\/d4fe7459cfc51ff5129ce1a732bbef5928568b8092d412ef95611616376bbeed?s=96&d=mm&r=g\",\"caption\":\"f1000024\"},\"url\":\"https:\\\/\\\/cvinoticias.com\\\/v3\\\/author\\\/f1000024\\\/\"}]}<\/script>\n<!-- \/ Yoast SEO plugin. -->","yoast_head_json":{"title":"Lammens estim\u00f3 que en invierno llegar\u00e1n al pa\u00eds un mill\u00f3n de turistas extranjeros | CVI NOTICIAS","robots":{"index":"index","follow":"follow","max-snippet":"max-snippet:-1","max-image-preview":"max-image-preview:large","max-video-preview":"max-video-preview:-1"},"canonical":"https:\/\/cvinoticias.com\/v3\/lammens-estimo-que-en-invierno-llegaran-al-pais-un-millon-de-turistas-extranjeros\/","og_locale":"es_ES","og_type":"article","og_title":"Lammens estim\u00f3 que en invierno llegar\u00e1n al pa\u00eds un mill\u00f3n de turistas extranjeros | CVI NOTICIAS","og_description":"El ministro de Turismo dijo que este movimiento de turistas \u00abseguramente va a dejar much\u00edsimos d\u00f3lares para la Argentina\u00bb y reafirm\u00f3 la importancia del programa PreViaje. El ministro de Turismo y Deportes, Mat\u00edas Lammens, estim\u00f3 este martes que en la temporada de invierno llegar\u00e1n al pa\u00eds \u00abun mill\u00f3n de turistas extranjeros\u00bb, con lo que se [&hellip;]","og_url":"https:\/\/cvinoticias.com\/v3\/lammens-estimo-que-en-invierno-llegaran-al-pais-un-millon-de-turistas-extranjeros\/","og_site_name":"CVI NOTICIAS","article_publisher":"https:\/\/www.facebook.com\/cvinoticias","article_published_time":"2022-06-22T10:44:27+00:00","og_image":[{"width":1024,"height":682,"url":"https:\/\/cvinoticias.com\/wp-content\/uploads\/2022\/06\/IMG-20220620-WA0023-1.jpg","type":"image\/jpeg"}],"author":"f1000024","twitter_card":"summary_large_image","twitter_misc":{"Escrito por":"f1000024","Tiempo de lectura":"3 minutos"},"schema":{"@context":"https:\/\/schema.org","@graph":[{"@type":"Article","@id":"https:\/\/cvinoticias.com\/v3\/lammens-estimo-que-en-invierno-llegaran-al-pais-un-millon-de-turistas-extranjeros\/#article","isPartOf":{"@id":"https:\/\/cvinoticias.com\/v3\/lammens-estimo-que-en-invierno-llegaran-al-pais-un-millon-de-turistas-extranjeros\/"},"author":{"name":"f1000024","@id":"https:\/\/cvinoticias.com\/v3\/#\/schema\/person\/2db77e3c6bc03c538495d7b2b8be9b66"},"headline":"Lammens estim\u00f3 que en invierno llegar\u00e1n al pa\u00eds un mill\u00f3n de turistas extranjeros","datePublished":"2022-06-22T10:44:27+00:00","mainEntityOfPage":{"@id":"https:\/\/cvinoticias.com\/v3\/lammens-estimo-que-en-invierno-llegaran-al-pais-un-millon-de-turistas-extranjeros\/"},"wordCount":521,"commentCount":0,"publisher":{"@id":"https:\/\/cvinoticias.com\/v3\/#organization"},"image":{"@id":"https:\/\/cvinoticias.com\/v3\/lammens-estimo-que-en-invierno-llegaran-al-pais-un-millon-de-turistas-extranjeros\/#primaryimage"},"thumbnailUrl":"https:\/\/cvinoticias.com\/wp-content\/uploads\/2022\/06\/IMG-20220620-WA0023-1.jpg","articleSection":["Turismo"],"inLanguage":"es","potentialAction":[{"@type":"CommentAction","name":"Comment","target":["https:\/\/cvinoticias.com\/v3\/lammens-estimo-que-en-invierno-llegaran-al-pais-un-millon-de-turistas-extranjeros\/#respond"]}]},{"@type":"WebPage","@id":"https:\/\/cvinoticias.com\/v3\/lammens-estimo-que-en-invierno-llegaran-al-pais-un-millon-de-turistas-extranjeros\/","url":"https:\/\/cvinoticias.com\/v3\/lammens-estimo-que-en-invierno-llegaran-al-pais-un-millon-de-turistas-extranjeros\/","name":"Lammens estim\u00f3 que en invierno llegar\u00e1n al pa\u00eds un mill\u00f3n de turistas extranjeros | CVI NOTICIAS","isPartOf":{"@id":"https:\/\/cvinoticias.com\/v3\/#website"},"primaryImageOfPage":{"@id":"https:\/\/cvinoticias.com\/v3\/lammens-estimo-que-en-invierno-llegaran-al-pais-un-millon-de-turistas-extranjeros\/#primaryimage"},"image":{"@id":"https:\/\/cvinoticias.com\/v3\/lammens-estimo-que-en-invierno-llegaran-al-pais-un-millon-de-turistas-extranjeros\/#primaryimage"},"thumbnailUrl":"https:\/\/cvinoticias.com\/wp-content\/uploads\/2022\/06\/IMG-20220620-WA0023-1.jpg","datePublished":"2022-06-22T10:44:27+00:00","breadcrumb":{"@id":"https:\/\/cvinoticias.com\/v3\/lammens-estimo-que-en-invierno-llegaran-al-pais-un-millon-de-turistas-extranjeros\/#breadcrumb"},"inLanguage":"es","potentialAction":[{"@type":"ReadAction","target":["https:\/\/cvinoticias.com\/v3\/lammens-estimo-que-en-invierno-llegaran-al-pais-un-millon-de-turistas-extranjeros\/"]}]},{"@type":"ImageObject","inLanguage":"es","@id":"https:\/\/cvinoticias.com\/v3\/lammens-estimo-que-en-invierno-llegaran-al-pais-un-millon-de-turistas-extranjeros\/#primaryimage","url":"https:\/\/cvinoticias.com\/wp-content\/uploads\/2022\/06\/IMG-20220620-WA0023-1.jpg","contentUrl":"https:\/\/cvinoticias.com\/wp-content\/uploads\/2022\/06\/IMG-20220620-WA0023-1.jpg","width":1024,"height":682},{"@type":"BreadcrumbList","@id":"https:\/\/cvinoticias.com\/v3\/lammens-estimo-que-en-invierno-llegaran-al-pais-un-millon-de-turistas-extranjeros\/#breadcrumb","itemListElement":[{"@type":"ListItem","position":1,"name":"Portada","item":"https:\/\/cvinoticias.com\/v3\/"},{"@type":"ListItem","position":2,"name":"Lammens estim\u00f3 que en invierno llegar\u00e1n al pa\u00eds un mill\u00f3n de turistas extranjeros"}]},{"@type":"WebSite","@id":"https:\/\/cvinoticias.com\/v3\/#website","url":"https:\/\/cvinoticias.com\/v3\/","name":"CVI NOTICIAS","description":"","publisher":{"@id":"https:\/\/cvinoticias.com\/v3\/#organization"},"alternateName":"CVI","potentialAction":[{"@type":"SearchAction","target":{"@type":"EntryPoint","urlTemplate":"https:\/\/cvinoticias.com\/v3\/?s={search_term_string}"},"query-input":{"@type":"PropertyValueSpecification","valueRequired":true,"valueName":"search_term_string"}}],"inLanguage":"es"},{"@type":"Organization","@id":"https:\/\/cvinoticias.com\/v3\/#organization","name":"CVI NOTICIAS","url":"https:\/\/cvinoticias.com\/v3\/","logo":{"@type":"ImageObject","inLanguage":"es","@id":"https:\/\/cvinoticias.com\/v3\/#\/schema\/logo\/image\/","url":"https:\/\/cvinoticias.com\/wp-content\/uploads\/2023\/04\/cropped-cropped-cropped-cropped-cropped-3-1.png","contentUrl":"https:\/\/cvinoticias.com\/wp-content\/uploads\/2023\/04\/cropped-cropped-cropped-cropped-cropped-3-1.png","width":95,"height":122,"caption":"CVI NOTICIAS"},"image":{"@id":"https:\/\/cvinoticias.com\/v3\/#\/schema\/logo\/image\/"},"sameAs":["https:\/\/www.facebook.com\/cvinoticias","https:\/\/www.instagram.com\/cvinoticias\/","https:\/\/www.youtube.com\/@CVINOTICIAS"]},{"@type":"Person","@id":"https:\/\/cvinoticias.com\/v3\/#\/schema\/person\/2db77e3c6bc03c538495d7b2b8be9b66","name":"f1000024","image":{"@type":"ImageObject","inLanguage":"es","@id":"https:\/\/secure.gravatar.com\/avatar\/d4fe7459cfc51ff5129ce1a732bbef5928568b8092d412ef95611616376bbeed?s=96&d=mm&r=g","url":"https:\/\/secure.gravatar.com\/avatar\/d4fe7459cfc51ff5129ce1a732bbef5928568b8092d412ef95611616376bbeed?s=96&d=mm&r=g","contentUrl":"https:\/\/secure.gravatar.com\/avatar\/d4fe7459cfc51ff5129ce1a732bbef5928568b8092d412ef95611616376bbeed?s=96&d=mm&r=g","caption":"f1000024"},"url":"https:\/\/cvinoticias.com\/v3\/author\/f1000024\/"}]}},"_links":{"self":[{"href":"https:\/\/cvinoticias.com\/v3\/wp-json\/wp\/v2\/posts\/16833","targetHints":{"allow":["GET"]}}],"collection":[{"href":"https:\/\/cvinoticias.com\/v3\/wp-json\/wp\/v2\/posts"}],"about":[{"href":"https:\/\/cvinoticias.com\/v3\/wp-json\/wp\/v2\/types\/post"}],"author":[{"embeddable":true,"href":"https:\/\/cvinoticias.com\/v3\/wp-json\/wp\/v2\/users\/2"}],"replies":[{"embeddable":true,"href":"https:\/\/cvinoticias.com\/v3\/wp-json\/wp\/v2\/comments?post=16833"}],"version-history":[{"count":1,"href":"https:\/\/cvinoticias.com\/v3\/wp-json\/wp\/v2\/posts\/16833\/revisions"}],"predecessor-version":[{"id":16835,"href":"https:\/\/cvinoticias.com\/v3\/wp-json\/wp\/v2\/posts\/16833\/revisions\/16835"}],"wp:featuredmedia":[{"embeddable":true,"href":"https:\/\/cvinoticias.com\/v3\/wp-json\/wp\/v2\/media\/16834"}],"wp:attachment":[{"href":"https:\/\/cvinoticias.com\/v3\/wp-json\/wp\/v2\/media?parent=16833"}],"wp:term":[{"taxonomy":"category","embeddable":true,"href":"https:\/\/cvinoticias.com\/v3\/wp-json\/wp\/v2\/categories?post=16833"},{"taxonomy":"post_tag","embeddable":true,"href":"https:\/\/cvinoticias.com\/v3\/wp-json\/wp\/v2\/tags?post=16833"}],"curies":[{"name":"wp","href":"https:\/\/api.w.org\/{rel}","templated":true}]}}