{"id":16818,"date":"2022-06-21T12:14:21","date_gmt":"2022-06-21T12:14:21","guid":{"rendered":"https:\/\/cvinoticias.com\/v3\/?p=16818"},"modified":"2022-06-21T12:14:21","modified_gmt":"2022-06-21T12:14:21","slug":"se-lleva-a-cabo-en-14-escuelas-de-la-provincia-las-pruebas-aprender","status":"publish","type":"post","link":"https:\/\/cvinoticias.com\/v3\/se-lleva-a-cabo-en-14-escuelas-de-la-provincia-las-pruebas-aprender\/","title":{"rendered":"Se lleva a cabo en 14 escuelas de la provincia las pruebas Aprender"},"content":{"rendered":"\n<p><strong><em>Entre este martes y el viernes se llevar\u00e1 adelante la instancia piloto de las pruebas Aprender, que se desarrollar\u00e1n de manera censal el 19 de octubre en todo el pa\u00eds.<\/em><\/strong><\/p>\n\n\n\n<p>Esta semana se realiza en 14 escuelas de Misiones las pruebas Aprender. La evaluaci\u00f3n ser\u00e1 con dictado normal de clases para el resto de los estudiantes. Las asignaturas comprendidas son Lengua y Matem\u00e1ticas.<\/p>\n\n\n\n<p>La prueba piloto del Aprender se enmarca en el Plan de Evaluaci\u00f3n Nacional, que en 2022 se centrar\u00e1 en el nivel secundario. Pruebas Aprender, pruebas Pisa y la encuesta \u201cLa voz de las y los estudiantes\u201d conforman el operativo sobre el cual trabaja la provincia.<\/p>\n","protected":false},"excerpt":{"rendered":"<p>Entre este martes y el viernes se llevar\u00e1 adelante la instancia piloto de las pruebas Aprender, que se desarrollar\u00e1n de manera censal el 19 de octubre en todo el pa\u00eds. Esta semana se realiza en 14 escuelas de Misiones las pruebas Aprender. La evaluaci\u00f3n ser\u00e1 con dictado normal de clases para el resto de los [&hellip;]<\/p>\n","protected":false},"author":2,"featured_media":16819,"comment_status":"open","ping_status":"open","sticky":false,"template":"","format":"standard","meta":{"footnotes":""},"categories":[26],"tags":[],"class_list":["post-16818","post","type-post","status-publish","format-standard","has-post-thumbnail","hentry","category-educacion"],"yoast_head":"<!-- This site is optimized with the Yoast SEO plugin v27.4 - https:\/\/yoast.com\/product\/yoast-seo-wordpress\/ -->\n<title>Se lleva a cabo en 14 escuelas de la provincia las pruebas Aprender | CVI NOTICIAS<\/title>\n<meta name=\"robots\" content=\"index, follow, max-snippet:-1, max-image-preview:large, max-video-preview:-1\" \/>\n<link rel=\"canonical\" href=\"https:\/\/cvinoticias.com\/v3\/se-lleva-a-cabo-en-14-escuelas-de-la-provincia-las-pruebas-aprender\/\" \/>\n<meta property=\"og:locale\" content=\"es_ES\" \/>\n<meta property=\"og:type\" content=\"article\" \/>\n<meta property=\"og:title\" content=\"Se lleva a cabo en 14 escuelas de la provincia las pruebas Aprender | CVI NOTICIAS\" \/>\n<meta property=\"og:description\" content=\"Entre este martes y el viernes se llevar\u00e1 adelante la instancia piloto de las pruebas Aprender, que se desarrollar\u00e1n de manera censal el 19 de octubre en todo el pa\u00eds. Esta semana se realiza en 14 escuelas de Misiones las pruebas Aprender. La evaluaci\u00f3n ser\u00e1 con dictado normal de clases para el resto de los [&hellip;]\" \/>\n<meta property=\"og:url\" content=\"https:\/\/cvinoticias.com\/v3\/se-lleva-a-cabo-en-14-escuelas-de-la-provincia-las-pruebas-aprender\/\" \/>\n<meta property=\"og:site_name\" content=\"CVI NOTICIAS\" \/>\n<meta property=\"article:publisher\" content=\"https:\/\/www.facebook.com\/cvinoticias\" \/>\n<meta property=\"article:published_time\" content=\"2022-06-21T12:14:21+00:00\" \/>\n<meta property=\"og:image\" content=\"https:\/\/cvinoticias.com\/wp-content\/uploads\/2022\/06\/Screenshot_20220621-091345_Facebook.jpg\" \/>\n\t<meta property=\"og:image:width\" content=\"1080\" \/>\n\t<meta property=\"og:image:height\" content=\"517\" \/>\n\t<meta property=\"og:image:type\" content=\"image\/jpeg\" \/>\n<meta name=\"author\" content=\"f1000024\" \/>\n<meta name=\"twitter:card\" content=\"summary_large_image\" \/>\n<meta name=\"twitter:label1\" content=\"Escrito por\" \/>\n\t<meta name=\"twitter:data1\" content=\"f1000024\" \/>\n\t<meta name=\"twitter:label2\" content=\"Tiempo de lectura\" \/>\n\t<meta name=\"twitter:data2\" content=\"1 minuto\" \/>\n<script type=\"application\/ld+json\" class=\"yoast-schema-graph\">{\"@context\":\"https:\\\/\\\/schema.org\",\"@graph\":[{\"@type\":\"Article\",\"@id\":\"https:\\\/\\\/cvinoticias.com\\\/v3\\\/se-lleva-a-cabo-en-14-escuelas-de-la-provincia-las-pruebas-aprender\\\/#article\",\"isPartOf\":{\"@id\":\"https:\\\/\\\/cvinoticias.com\\\/v3\\\/se-lleva-a-cabo-en-14-escuelas-de-la-provincia-las-pruebas-aprender\\\/\"},\"author\":{\"name\":\"f1000024\",\"@id\":\"https:\\\/\\\/cvinoticias.com\\\/v3\\\/#\\\/schema\\\/person\\\/2db77e3c6bc03c538495d7b2b8be9b66\"},\"headline\":\"Se lleva a cabo en 14 escuelas de la provincia las pruebas Aprender\",\"datePublished\":\"2022-06-21T12:14:21+00:00\",\"mainEntityOfPage\":{\"@id\":\"https:\\\/\\\/cvinoticias.com\\\/v3\\\/se-lleva-a-cabo-en-14-escuelas-de-la-provincia-las-pruebas-aprender\\\/\"},\"wordCount\":122,\"commentCount\":0,\"publisher\":{\"@id\":\"https:\\\/\\\/cvinoticias.com\\\/v3\\\/#organization\"},\"image\":{\"@id\":\"https:\\\/\\\/cvinoticias.com\\\/v3\\\/se-lleva-a-cabo-en-14-escuelas-de-la-provincia-las-pruebas-aprender\\\/#primaryimage\"},\"thumbnailUrl\":\"https:\\\/\\\/cvinoticias.com\\\/wp-content\\\/uploads\\\/2022\\\/06\\\/Screenshot_20220621-091345_Facebook.jpg\",\"articleSection\":[\"Educacion\"],\"inLanguage\":\"es\",\"potentialAction\":[{\"@type\":\"CommentAction\",\"name\":\"Comment\",\"target\":[\"https:\\\/\\\/cvinoticias.com\\\/v3\\\/se-lleva-a-cabo-en-14-escuelas-de-la-provincia-las-pruebas-aprender\\\/#respond\"]}]},{\"@type\":\"WebPage\",\"@id\":\"https:\\\/\\\/cvinoticias.com\\\/v3\\\/se-lleva-a-cabo-en-14-escuelas-de-la-provincia-las-pruebas-aprender\\\/\",\"url\":\"https:\\\/\\\/cvinoticias.com\\\/v3\\\/se-lleva-a-cabo-en-14-escuelas-de-la-provincia-las-pruebas-aprender\\\/\",\"name\":\"Se lleva a cabo en 14 escuelas de la provincia las pruebas Aprender | CVI NOTICIAS\",\"isPartOf\":{\"@id\":\"https:\\\/\\\/cvinoticias.com\\\/v3\\\/#website\"},\"primaryImageOfPage\":{\"@id\":\"https:\\\/\\\/cvinoticias.com\\\/v3\\\/se-lleva-a-cabo-en-14-escuelas-de-la-provincia-las-pruebas-aprender\\\/#primaryimage\"},\"image\":{\"@id\":\"https:\\\/\\\/cvinoticias.com\\\/v3\\\/se-lleva-a-cabo-en-14-escuelas-de-la-provincia-las-pruebas-aprender\\\/#primaryimage\"},\"thumbnailUrl\":\"https:\\\/\\\/cvinoticias.com\\\/wp-content\\\/uploads\\\/2022\\\/06\\\/Screenshot_20220621-091345_Facebook.jpg\",\"datePublished\":\"2022-06-21T12:14:21+00:00\",\"breadcrumb\":{\"@id\":\"https:\\\/\\\/cvinoticias.com\\\/v3\\\/se-lleva-a-cabo-en-14-escuelas-de-la-provincia-las-pruebas-aprender\\\/#breadcrumb\"},\"inLanguage\":\"es\",\"potentialAction\":[{\"@type\":\"ReadAction\",\"target\":[\"https:\\\/\\\/cvinoticias.com\\\/v3\\\/se-lleva-a-cabo-en-14-escuelas-de-la-provincia-las-pruebas-aprender\\\/\"]}]},{\"@type\":\"ImageObject\",\"inLanguage\":\"es\",\"@id\":\"https:\\\/\\\/cvinoticias.com\\\/v3\\\/se-lleva-a-cabo-en-14-escuelas-de-la-provincia-las-pruebas-aprender\\\/#primaryimage\",\"url\":\"https:\\\/\\\/cvinoticias.com\\\/wp-content\\\/uploads\\\/2022\\\/06\\\/Screenshot_20220621-091345_Facebook.jpg\",\"contentUrl\":\"https:\\\/\\\/cvinoticias.com\\\/wp-content\\\/uploads\\\/2022\\\/06\\\/Screenshot_20220621-091345_Facebook.jpg\",\"width\":1080,\"height\":517},{\"@type\":\"BreadcrumbList\",\"@id\":\"https:\\\/\\\/cvinoticias.com\\\/v3\\\/se-lleva-a-cabo-en-14-escuelas-de-la-provincia-las-pruebas-aprender\\\/#breadcrumb\",\"itemListElement\":[{\"@type\":\"ListItem\",\"position\":1,\"name\":\"Portada\",\"item\":\"https:\\\/\\\/cvinoticias.com\\\/v3\\\/\"},{\"@type\":\"ListItem\",\"position\":2,\"name\":\"Se lleva a cabo en 14 escuelas de la provincia las pruebas Aprender\"}]},{\"@type\":\"WebSite\",\"@id\":\"https:\\\/\\\/cvinoticias.com\\\/v3\\\/#website\",\"url\":\"https:\\\/\\\/cvinoticias.com\\\/v3\\\/\",\"name\":\"CVI NOTICIAS\",\"description\":\"\",\"publisher\":{\"@id\":\"https:\\\/\\\/cvinoticias.com\\\/v3\\\/#organization\"},\"alternateName\":\"CVI\",\"potentialAction\":[{\"@type\":\"SearchAction\",\"target\":{\"@type\":\"EntryPoint\",\"urlTemplate\":\"https:\\\/\\\/cvinoticias.com\\\/v3\\\/?s={search_term_string}\"},\"query-input\":{\"@type\":\"PropertyValueSpecification\",\"valueRequired\":true,\"valueName\":\"search_term_string\"}}],\"inLanguage\":\"es\"},{\"@type\":\"Organization\",\"@id\":\"https:\\\/\\\/cvinoticias.com\\\/v3\\\/#organization\",\"name\":\"CVI NOTICIAS\",\"url\":\"https:\\\/\\\/cvinoticias.com\\\/v3\\\/\",\"logo\":{\"@type\":\"ImageObject\",\"inLanguage\":\"es\",\"@id\":\"https:\\\/\\\/cvinoticias.com\\\/v3\\\/#\\\/schema\\\/logo\\\/image\\\/\",\"url\":\"https:\\\/\\\/cvinoticias.com\\\/wp-content\\\/uploads\\\/2023\\\/04\\\/cropped-cropped-cropped-cropped-cropped-3-1.png\",\"contentUrl\":\"https:\\\/\\\/cvinoticias.com\\\/wp-content\\\/uploads\\\/2023\\\/04\\\/cropped-cropped-cropped-cropped-cropped-3-1.png\",\"width\":95,\"height\":122,\"caption\":\"CVI NOTICIAS\"},\"image\":{\"@id\":\"https:\\\/\\\/cvinoticias.com\\\/v3\\\/#\\\/schema\\\/logo\\\/image\\\/\"},\"sameAs\":[\"https:\\\/\\\/www.facebook.com\\\/cvinoticias\",\"https:\\\/\\\/www.instagram.com\\\/cvinoticias\\\/\",\"https:\\\/\\\/www.youtube.com\\\/@CVINOTICIAS\"]},{\"@type\":\"Person\",\"@id\":\"https:\\\/\\\/cvinoticias.com\\\/v3\\\/#\\\/schema\\\/person\\\/2db77e3c6bc03c538495d7b2b8be9b66\",\"name\":\"f1000024\",\"image\":{\"@type\":\"ImageObject\",\"inLanguage\":\"es\",\"@id\":\"https:\\\/\\\/secure.gravatar.com\\\/avatar\\\/d4fe7459cfc51ff5129ce1a732bbef5928568b8092d412ef95611616376bbeed?s=96&d=mm&r=g\",\"url\":\"https:\\\/\\\/secure.gravatar.com\\\/avatar\\\/d4fe7459cfc51ff5129ce1a732bbef5928568b8092d412ef95611616376bbeed?s=96&d=mm&r=g\",\"contentUrl\":\"https:\\\/\\\/secure.gravatar.com\\\/avatar\\\/d4fe7459cfc51ff5129ce1a732bbef5928568b8092d412ef95611616376bbeed?s=96&d=mm&r=g\",\"caption\":\"f1000024\"},\"url\":\"https:\\\/\\\/cvinoticias.com\\\/v3\\\/author\\\/f1000024\\\/\"}]}<\/script>\n<!-- \/ Yoast SEO plugin. -->","yoast_head_json":{"title":"Se lleva a cabo en 14 escuelas de la provincia las pruebas Aprender | CVI NOTICIAS","robots":{"index":"index","follow":"follow","max-snippet":"max-snippet:-1","max-image-preview":"max-image-preview:large","max-video-preview":"max-video-preview:-1"},"canonical":"https:\/\/cvinoticias.com\/v3\/se-lleva-a-cabo-en-14-escuelas-de-la-provincia-las-pruebas-aprender\/","og_locale":"es_ES","og_type":"article","og_title":"Se lleva a cabo en 14 escuelas de la provincia las pruebas Aprender | CVI NOTICIAS","og_description":"Entre este martes y el viernes se llevar\u00e1 adelante la instancia piloto de las pruebas Aprender, que se desarrollar\u00e1n de manera censal el 19 de octubre en todo el pa\u00eds. Esta semana se realiza en 14 escuelas de Misiones las pruebas Aprender. La evaluaci\u00f3n ser\u00e1 con dictado normal de clases para el resto de los [&hellip;]","og_url":"https:\/\/cvinoticias.com\/v3\/se-lleva-a-cabo-en-14-escuelas-de-la-provincia-las-pruebas-aprender\/","og_site_name":"CVI NOTICIAS","article_publisher":"https:\/\/www.facebook.com\/cvinoticias","article_published_time":"2022-06-21T12:14:21+00:00","og_image":[{"width":1080,"height":517,"url":"https:\/\/cvinoticias.com\/wp-content\/uploads\/2022\/06\/Screenshot_20220621-091345_Facebook.jpg","type":"image\/jpeg"}],"author":"f1000024","twitter_card":"summary_large_image","twitter_misc":{"Escrito por":"f1000024","Tiempo de lectura":"1 minuto"},"schema":{"@context":"https:\/\/schema.org","@graph":[{"@type":"Article","@id":"https:\/\/cvinoticias.com\/v3\/se-lleva-a-cabo-en-14-escuelas-de-la-provincia-las-pruebas-aprender\/#article","isPartOf":{"@id":"https:\/\/cvinoticias.com\/v3\/se-lleva-a-cabo-en-14-escuelas-de-la-provincia-las-pruebas-aprender\/"},"author":{"name":"f1000024","@id":"https:\/\/cvinoticias.com\/v3\/#\/schema\/person\/2db77e3c6bc03c538495d7b2b8be9b66"},"headline":"Se lleva a cabo en 14 escuelas de la provincia las pruebas Aprender","datePublished":"2022-06-21T12:14:21+00:00","mainEntityOfPage":{"@id":"https:\/\/cvinoticias.com\/v3\/se-lleva-a-cabo-en-14-escuelas-de-la-provincia-las-pruebas-aprender\/"},"wordCount":122,"commentCount":0,"publisher":{"@id":"https:\/\/cvinoticias.com\/v3\/#organization"},"image":{"@id":"https:\/\/cvinoticias.com\/v3\/se-lleva-a-cabo-en-14-escuelas-de-la-provincia-las-pruebas-aprender\/#primaryimage"},"thumbnailUrl":"https:\/\/cvinoticias.com\/wp-content\/uploads\/2022\/06\/Screenshot_20220621-091345_Facebook.jpg","articleSection":["Educacion"],"inLanguage":"es","potentialAction":[{"@type":"CommentAction","name":"Comment","target":["https:\/\/cvinoticias.com\/v3\/se-lleva-a-cabo-en-14-escuelas-de-la-provincia-las-pruebas-aprender\/#respond"]}]},{"@type":"WebPage","@id":"https:\/\/cvinoticias.com\/v3\/se-lleva-a-cabo-en-14-escuelas-de-la-provincia-las-pruebas-aprender\/","url":"https:\/\/cvinoticias.com\/v3\/se-lleva-a-cabo-en-14-escuelas-de-la-provincia-las-pruebas-aprender\/","name":"Se lleva a cabo en 14 escuelas de la provincia las pruebas Aprender | CVI NOTICIAS","isPartOf":{"@id":"https:\/\/cvinoticias.com\/v3\/#website"},"primaryImageOfPage":{"@id":"https:\/\/cvinoticias.com\/v3\/se-lleva-a-cabo-en-14-escuelas-de-la-provincia-las-pruebas-aprender\/#primaryimage"},"image":{"@id":"https:\/\/cvinoticias.com\/v3\/se-lleva-a-cabo-en-14-escuelas-de-la-provincia-las-pruebas-aprender\/#primaryimage"},"thumbnailUrl":"https:\/\/cvinoticias.com\/wp-content\/uploads\/2022\/06\/Screenshot_20220621-091345_Facebook.jpg","datePublished":"2022-06-21T12:14:21+00:00","breadcrumb":{"@id":"https:\/\/cvinoticias.com\/v3\/se-lleva-a-cabo-en-14-escuelas-de-la-provincia-las-pruebas-aprender\/#breadcrumb"},"inLanguage":"es","potentialAction":[{"@type":"ReadAction","target":["https:\/\/cvinoticias.com\/v3\/se-lleva-a-cabo-en-14-escuelas-de-la-provincia-las-pruebas-aprender\/"]}]},{"@type":"ImageObject","inLanguage":"es","@id":"https:\/\/cvinoticias.com\/v3\/se-lleva-a-cabo-en-14-escuelas-de-la-provincia-las-pruebas-aprender\/#primaryimage","url":"https:\/\/cvinoticias.com\/wp-content\/uploads\/2022\/06\/Screenshot_20220621-091345_Facebook.jpg","contentUrl":"https:\/\/cvinoticias.com\/wp-content\/uploads\/2022\/06\/Screenshot_20220621-091345_Facebook.jpg","width":1080,"height":517},{"@type":"BreadcrumbList","@id":"https:\/\/cvinoticias.com\/v3\/se-lleva-a-cabo-en-14-escuelas-de-la-provincia-las-pruebas-aprender\/#breadcrumb","itemListElement":[{"@type":"ListItem","position":1,"name":"Portada","item":"https:\/\/cvinoticias.com\/v3\/"},{"@type":"ListItem","position":2,"name":"Se lleva a cabo en 14 escuelas de la provincia las pruebas Aprender"}]},{"@type":"WebSite","@id":"https:\/\/cvinoticias.com\/v3\/#website","url":"https:\/\/cvinoticias.com\/v3\/","name":"CVI NOTICIAS","description":"","publisher":{"@id":"https:\/\/cvinoticias.com\/v3\/#organization"},"alternateName":"CVI","potentialAction":[{"@type":"SearchAction","target":{"@type":"EntryPoint","urlTemplate":"https:\/\/cvinoticias.com\/v3\/?s={search_term_string}"},"query-input":{"@type":"PropertyValueSpecification","valueRequired":true,"valueName":"search_term_string"}}],"inLanguage":"es"},{"@type":"Organization","@id":"https:\/\/cvinoticias.com\/v3\/#organization","name":"CVI NOTICIAS","url":"https:\/\/cvinoticias.com\/v3\/","logo":{"@type":"ImageObject","inLanguage":"es","@id":"https:\/\/cvinoticias.com\/v3\/#\/schema\/logo\/image\/","url":"https:\/\/cvinoticias.com\/wp-content\/uploads\/2023\/04\/cropped-cropped-cropped-cropped-cropped-3-1.png","contentUrl":"https:\/\/cvinoticias.com\/wp-content\/uploads\/2023\/04\/cropped-cropped-cropped-cropped-cropped-3-1.png","width":95,"height":122,"caption":"CVI NOTICIAS"},"image":{"@id":"https:\/\/cvinoticias.com\/v3\/#\/schema\/logo\/image\/"},"sameAs":["https:\/\/www.facebook.com\/cvinoticias","https:\/\/www.instagram.com\/cvinoticias\/","https:\/\/www.youtube.com\/@CVINOTICIAS"]},{"@type":"Person","@id":"https:\/\/cvinoticias.com\/v3\/#\/schema\/person\/2db77e3c6bc03c538495d7b2b8be9b66","name":"f1000024","image":{"@type":"ImageObject","inLanguage":"es","@id":"https:\/\/secure.gravatar.com\/avatar\/d4fe7459cfc51ff5129ce1a732bbef5928568b8092d412ef95611616376bbeed?s=96&d=mm&r=g","url":"https:\/\/secure.gravatar.com\/avatar\/d4fe7459cfc51ff5129ce1a732bbef5928568b8092d412ef95611616376bbeed?s=96&d=mm&r=g","contentUrl":"https:\/\/secure.gravatar.com\/avatar\/d4fe7459cfc51ff5129ce1a732bbef5928568b8092d412ef95611616376bbeed?s=96&d=mm&r=g","caption":"f1000024"},"url":"https:\/\/cvinoticias.com\/v3\/author\/f1000024\/"}]}},"_links":{"self":[{"href":"https:\/\/cvinoticias.com\/v3\/wp-json\/wp\/v2\/posts\/16818","targetHints":{"allow":["GET"]}}],"collection":[{"href":"https:\/\/cvinoticias.com\/v3\/wp-json\/wp\/v2\/posts"}],"about":[{"href":"https:\/\/cvinoticias.com\/v3\/wp-json\/wp\/v2\/types\/post"}],"author":[{"embeddable":true,"href":"https:\/\/cvinoticias.com\/v3\/wp-json\/wp\/v2\/users\/2"}],"replies":[{"embeddable":true,"href":"https:\/\/cvinoticias.com\/v3\/wp-json\/wp\/v2\/comments?post=16818"}],"version-history":[{"count":1,"href":"https:\/\/cvinoticias.com\/v3\/wp-json\/wp\/v2\/posts\/16818\/revisions"}],"predecessor-version":[{"id":16820,"href":"https:\/\/cvinoticias.com\/v3\/wp-json\/wp\/v2\/posts\/16818\/revisions\/16820"}],"wp:featuredmedia":[{"embeddable":true,"href":"https:\/\/cvinoticias.com\/v3\/wp-json\/wp\/v2\/media\/16819"}],"wp:attachment":[{"href":"https:\/\/cvinoticias.com\/v3\/wp-json\/wp\/v2\/media?parent=16818"}],"wp:term":[{"taxonomy":"category","embeddable":true,"href":"https:\/\/cvinoticias.com\/v3\/wp-json\/wp\/v2\/categories?post=16818"},{"taxonomy":"post_tag","embeddable":true,"href":"https:\/\/cvinoticias.com\/v3\/wp-json\/wp\/v2\/tags?post=16818"}],"curies":[{"name":"wp","href":"https:\/\/api.w.org\/{rel}","templated":true}]}}