{"id":16771,"date":"2022-06-19T12:41:36","date_gmt":"2022-06-19T12:41:36","guid":{"rendered":"https:\/\/cvinoticias.com\/v3\/?p=16771"},"modified":"2022-06-19T12:41:36","modified_gmt":"2022-06-19T12:41:36","slug":"el-fin-de-la-hegemonia-universitaria","status":"publish","type":"post","link":"https:\/\/cvinoticias.com\/v3\/el-fin-de-la-hegemonia-universitaria\/","title":{"rendered":"<strong>El fin de la hegemon\u00eda universitaria<\/strong>"},"content":{"rendered":"\n<p><strong><em>La dura derrota sufrida por el radicalismo en la mayor\u00eda de las facultades que componen la Universidad Nacional de Misiones marca el fin de un modo de gobernar y exhibe el fracaso de unas ideas perimidas en el plano ideol\u00f3gico, pol\u00edtico y econ\u00f3mico.<\/em><\/strong><\/p>\n\n\n\n<p>De cara a las vacaciones de invierno, y en pleno feriado largo, Misiones se destaca dentro del escenario nacional. La opini\u00f3n un\u00e1nime de quienes la visitan resalta <strong>la limpieza, la calidez humana, paz social, progreso, inversiones, transformaciones y calidad de vida de sus ciudadanos<\/strong>, con dos elementos fundamentales: <strong>salud y educaci\u00f3n de primer nivel a cargo del Estado<\/strong>. En ese sentido, tambi\u00e9n debe se\u00f1alarse las constantes obras p\u00fablicas en los distintos municipios, capacitaci\u00f3n a los j\u00f3venes para los empleos del futuro y el alto nivel de actividad de las econom\u00edas regionales.<\/p>\n\n\n\n<p>A lo anteriormente mencionado, se suma un cl\u00e1sico de la tierra colorada: <strong>la exuberante naturaleza que cubre todo su territorio<\/strong>, los saltos, la costanera, el polo gastron\u00f3mico y las playas.<\/p>\n\n\n\n<p>Este presente es fruto de un modelo de provincia que conlleva <strong>grandes transformaciones sociales, culturales, educativas, econ\u00f3micas en beneficio de los misioneros<\/strong>.&nbsp; Las plataformas educativas que impulsan la formaci\u00f3n de los j\u00f3venes como <strong>Silicon, Polo Tic, Rob\u00f3tica<\/strong>; sumado a la llegada permanente de inversiones y empresas en los parques industriales, la inminente apertura del <strong>Puerto de Posadas <\/strong>para exportar con menores costos, el apoyo firme y contundente de la provincia a la yerba mate, la foresto industria y otras \u00e1reas de la econom\u00eda rural, las obras en rutas, viviendas, escuelas y hospitales que no se detuvieron ni siquiera en lo peor de la crisis.<\/p>\n\n\n\n<p>La <strong>sensibilidad social<\/strong> del gobierno es otro valor reconocido por la ciudadan\u00eda, al estar pendiente y presente en todas las necesidades que se generaron durante la pandemia, asistiendo a quienes se quedaron sin trabajo o con sus ingresos disminuidos por las restricciones. No solo lleg\u00f3 la asistencia a los trabajadores sino tambi\u00e9n a las empresas, comercios y agricultores.<\/p>\n\n\n\n<p>***<\/p>\n\n\n\n<p>Algunos sectores de la oposici\u00f3n impulsan otro modelo de provincia, como el diputado <strong>Arjol<\/strong>, que elogia el modelo de <strong>Corrientes<\/strong>, un modelo con escasos servicios y pocas obras, un modelo que beneficia a un pu\u00f1ado de grandes empresas forestales y yerbateras que no permiten el crecimiento de los peque\u00f1os productores, ya que quiere solamente empleados. <strong>En Corrientes no hay peque\u00f1os productores<\/strong>. Todos trabajan para los gigantes, que a la vez tributan muy poco y no reinvierten. La salud mayoritariamente es privada y muy costosa, la educaci\u00f3n igual, no hay obras viales en marcha para mejorar los caminos en mal estado, ni tampoco energ\u00eda disponible para producir. <strong>Es que un Estado sin impuestos es un Estado vac\u00edo que no puede ofrecer nada a sus habitantes<\/strong>. Solo los grandes se benefician. La gente se arregla como puede.<\/p>\n\n\n\n<p>Durante la pandemia qued\u00f3 demostrado que el Estado debe tener una presencia firme en la redistribuci\u00f3n de los servicios para llegar a los sectores de nivel medio y bajo. <strong>Los modelos sin impuestos, que solo benefician a los grandes capitales, est\u00e1n cayendo en todo el mundo. Han fracasado.<\/strong><\/p>\n\n\n\n<p>Las nuevas generaciones de profesionales y estudiantes universitarios que se forman con las \u00faltimas ideas de la econom\u00eda y los diferentes modelos de Estado han abrazado la propuesta del Frente Renovador, la innovaci\u00f3n, la mirada hacia el futuro y la articulaci\u00f3n con los sectores privados.<\/p>\n\n\n\n<p>***<\/p>\n\n\n\n<p>La frescura de las ideas que impulsa la Provincia lleg\u00f3 a la <strong>Universidad<\/strong> donde las propuestas vinculadas a la Renovaci\u00f3n se impusieron en casi todas las Casas de Estudios de la UNaM, siendo la m\u00e1s renombrada la <strong>Facultad de Ciencias Econ\u00f3micas<\/strong>, donde hist\u00f3ricamente el radicalismo tuvo el control de la mano de la <strong>Agrupaci\u00f3n Franja Morada<\/strong>.<\/p>\n\n\n\n<p>No se puede no vincular la fuerte articulaci\u00f3n de Silicon Misiones, el Polo Tic y otras especialidades impulsadas por el Gobierno, principalmente en la figura del contador <strong>Lucas Romero Spinelli<\/strong>, que han cosechado adhesiones desde el modelo econ\u00f3mico y desde lo ideol\u00f3gico.<\/p>\n\n\n\n<p>Los j\u00f3venes profesionales dejaron de creer que sacando impuestos hay prosperidad, todo lo contrario, hay pobreza, y Misiones avanza con modernidad y empleo en todos los sectores de la econom\u00eda. <strong>La falacia de los poderosos para no pagar impuestos cay\u00f3 con el resultado de Econ\u00f3micas<\/strong>. Es un triunfo del discurso de la verdad por sobre la mentira y la evasi\u00f3n.<\/p>\n\n\n\n<p>La derrota del radicalismo en Econ\u00f3micas es doblemente dura: desde lo ideol\u00f3gico, desde lo pol\u00edtico y desde el convencimiento de las nuevas generaciones que el camino correcto es el que mira al futuro, <strong>no el que pretende quedar anclado en modelos feudales y patrones de estancia como el caso de Corrientes.<\/strong><\/p>\n\n\n\n<p>El resultado de la Universidad fue un claro ensayo de cercan\u00eda y coincidencias del modelo provincial con los j\u00f3venes m\u00e1s formados y preparados para el futuro, sin dejar de analizar que se opaca el horizonte electoral de los radicales de <strong>Juntos por el Cambio<\/strong>, quienes a trav\u00e9s de la Franja Morada hist\u00f3ricamente conduc\u00edan los destinos de esa Facultad.<\/p>\n\n\n\n<p>***<\/p>\n\n\n\n<p>El desgranamiento de Juntos por el Cambio es una constante que se viene agudizando semana a semana desde la Naci\u00f3n hacia las provincias, con las permanentes disputas entre los principales dirigentes, preocupados por sus cargos, pero a la vez, alejados de la agenda diaria de los argentinos. <strong>Ninguno se ocupa de la inflaci\u00f3n o las necesidades de las provincias<\/strong>, solo est\u00e1n pensando en cambiar el sistema electoral para tener m\u00e1s posibilidades en 2023 de llegar, otra vez, a la presidencia.<\/p>\n\n\n\n<p>Juntos por el Cambio es un frente sin rumbo tanto a nivel nacional como en Misiones. En la Tierra Colorada sus principales exponentes hacen una especie de <strong>militancia gastron\u00f3mica<\/strong>, mostr\u00e1ndose en restaurantes y publicando luego la selfie en redes sociales. Desde su visi\u00f3n de la pol\u00edtica, esa es la construcci\u00f3n que le ofrecen al misionero. <strong>La foto superficial y superflua que muestra una supuesta unidad cuando la realidad es totalmente diferente<\/strong>: peleas permanentes y zancadillas por los cargos. La gente, despu\u00e9s de la presidencia anterior, tiene las antenas m\u00e1s alertas y no cae en el arte del enga\u00f1o y el marketing, porque <strong>qued\u00f3 claro que no hay proyecto<\/strong>, no hay trabajo, no hay compromiso, no hay cercan\u00eda con la gente, es todo un enga\u00f1o y el cansancio del electorado es manifiesto.<\/p>\n","protected":false},"excerpt":{"rendered":"<p>La dura derrota sufrida por el radicalismo en la mayor\u00eda de las facultades que componen la Universidad Nacional de Misiones marca el fin de un modo de gobernar y exhibe el fracaso de unas ideas perimidas en el plano ideol\u00f3gico, pol\u00edtico y econ\u00f3mico. De cara a las vacaciones de invierno, y en pleno feriado largo, [&hellip;]<\/p>\n","protected":false},"author":2,"featured_media":16772,"comment_status":"open","ping_status":"open","sticky":false,"template":"","format":"standard","meta":{"footnotes":""},"categories":[26],"tags":[],"class_list":["post-16771","post","type-post","status-publish","format-standard","has-post-thumbnail","hentry","category-educacion"],"yoast_head":"<!-- This site is optimized with the Yoast SEO plugin v27.4 - https:\/\/yoast.com\/product\/yoast-seo-wordpress\/ -->\n<title>El fin de la hegemon\u00eda universitaria | CVI NOTICIAS<\/title>\n<meta name=\"robots\" content=\"index, follow, max-snippet:-1, max-image-preview:large, max-video-preview:-1\" \/>\n<link rel=\"canonical\" href=\"https:\/\/cvinoticias.com\/v3\/el-fin-de-la-hegemonia-universitaria\/\" \/>\n<meta property=\"og:locale\" content=\"es_ES\" \/>\n<meta property=\"og:type\" content=\"article\" \/>\n<meta property=\"og:title\" content=\"El fin de la hegemon\u00eda universitaria | CVI NOTICIAS\" \/>\n<meta property=\"og:description\" content=\"La dura derrota sufrida por el radicalismo en la mayor\u00eda de las facultades que componen la Universidad Nacional de Misiones marca el fin de un modo de gobernar y exhibe el fracaso de unas ideas perimidas en el plano ideol\u00f3gico, pol\u00edtico y econ\u00f3mico. De cara a las vacaciones de invierno, y en pleno feriado largo, [&hellip;]\" \/>\n<meta property=\"og:url\" content=\"https:\/\/cvinoticias.com\/v3\/el-fin-de-la-hegemonia-universitaria\/\" \/>\n<meta property=\"og:site_name\" content=\"CVI NOTICIAS\" \/>\n<meta property=\"article:publisher\" content=\"https:\/\/www.facebook.com\/cvinoticias\" \/>\n<meta property=\"article:published_time\" content=\"2022-06-19T12:41:36+00:00\" \/>\n<meta property=\"og:image\" content=\"https:\/\/cvinoticias.com\/wp-content\/uploads\/2022\/06\/IMG-20220619-WA0015.jpg\" \/>\n\t<meta property=\"og:image:width\" content=\"800\" \/>\n\t<meta property=\"og:image:height\" content=\"396\" \/>\n\t<meta property=\"og:image:type\" content=\"image\/jpeg\" \/>\n<meta name=\"author\" content=\"f1000024\" \/>\n<meta name=\"twitter:card\" content=\"summary_large_image\" \/>\n<meta name=\"twitter:label1\" content=\"Escrito por\" \/>\n\t<meta name=\"twitter:data1\" content=\"f1000024\" \/>\n\t<meta name=\"twitter:label2\" content=\"Tiempo de lectura\" \/>\n\t<meta name=\"twitter:data2\" content=\"6 minutos\" \/>\n<script type=\"application\/ld+json\" class=\"yoast-schema-graph\">{\"@context\":\"https:\\\/\\\/schema.org\",\"@graph\":[{\"@type\":\"Article\",\"@id\":\"https:\\\/\\\/cvinoticias.com\\\/v3\\\/el-fin-de-la-hegemonia-universitaria\\\/#article\",\"isPartOf\":{\"@id\":\"https:\\\/\\\/cvinoticias.com\\\/v3\\\/el-fin-de-la-hegemonia-universitaria\\\/\"},\"author\":{\"name\":\"f1000024\",\"@id\":\"https:\\\/\\\/cvinoticias.com\\\/v3\\\/#\\\/schema\\\/person\\\/2db77e3c6bc03c538495d7b2b8be9b66\"},\"headline\":\"El fin de la hegemon\u00eda universitaria\",\"datePublished\":\"2022-06-19T12:41:36+00:00\",\"mainEntityOfPage\":{\"@id\":\"https:\\\/\\\/cvinoticias.com\\\/v3\\\/el-fin-de-la-hegemonia-universitaria\\\/\"},\"wordCount\":1108,\"commentCount\":0,\"publisher\":{\"@id\":\"https:\\\/\\\/cvinoticias.com\\\/v3\\\/#organization\"},\"image\":{\"@id\":\"https:\\\/\\\/cvinoticias.com\\\/v3\\\/el-fin-de-la-hegemonia-universitaria\\\/#primaryimage\"},\"thumbnailUrl\":\"https:\\\/\\\/cvinoticias.com\\\/wp-content\\\/uploads\\\/2022\\\/06\\\/IMG-20220619-WA0015.jpg\",\"articleSection\":[\"Educacion\"],\"inLanguage\":\"es\",\"potentialAction\":[{\"@type\":\"CommentAction\",\"name\":\"Comment\",\"target\":[\"https:\\\/\\\/cvinoticias.com\\\/v3\\\/el-fin-de-la-hegemonia-universitaria\\\/#respond\"]}]},{\"@type\":\"WebPage\",\"@id\":\"https:\\\/\\\/cvinoticias.com\\\/v3\\\/el-fin-de-la-hegemonia-universitaria\\\/\",\"url\":\"https:\\\/\\\/cvinoticias.com\\\/v3\\\/el-fin-de-la-hegemonia-universitaria\\\/\",\"name\":\"El fin de la hegemon\u00eda universitaria | CVI NOTICIAS\",\"isPartOf\":{\"@id\":\"https:\\\/\\\/cvinoticias.com\\\/v3\\\/#website\"},\"primaryImageOfPage\":{\"@id\":\"https:\\\/\\\/cvinoticias.com\\\/v3\\\/el-fin-de-la-hegemonia-universitaria\\\/#primaryimage\"},\"image\":{\"@id\":\"https:\\\/\\\/cvinoticias.com\\\/v3\\\/el-fin-de-la-hegemonia-universitaria\\\/#primaryimage\"},\"thumbnailUrl\":\"https:\\\/\\\/cvinoticias.com\\\/wp-content\\\/uploads\\\/2022\\\/06\\\/IMG-20220619-WA0015.jpg\",\"datePublished\":\"2022-06-19T12:41:36+00:00\",\"breadcrumb\":{\"@id\":\"https:\\\/\\\/cvinoticias.com\\\/v3\\\/el-fin-de-la-hegemonia-universitaria\\\/#breadcrumb\"},\"inLanguage\":\"es\",\"potentialAction\":[{\"@type\":\"ReadAction\",\"target\":[\"https:\\\/\\\/cvinoticias.com\\\/v3\\\/el-fin-de-la-hegemonia-universitaria\\\/\"]}]},{\"@type\":\"ImageObject\",\"inLanguage\":\"es\",\"@id\":\"https:\\\/\\\/cvinoticias.com\\\/v3\\\/el-fin-de-la-hegemonia-universitaria\\\/#primaryimage\",\"url\":\"https:\\\/\\\/cvinoticias.com\\\/wp-content\\\/uploads\\\/2022\\\/06\\\/IMG-20220619-WA0015.jpg\",\"contentUrl\":\"https:\\\/\\\/cvinoticias.com\\\/wp-content\\\/uploads\\\/2022\\\/06\\\/IMG-20220619-WA0015.jpg\",\"width\":800,\"height\":396},{\"@type\":\"BreadcrumbList\",\"@id\":\"https:\\\/\\\/cvinoticias.com\\\/v3\\\/el-fin-de-la-hegemonia-universitaria\\\/#breadcrumb\",\"itemListElement\":[{\"@type\":\"ListItem\",\"position\":1,\"name\":\"Portada\",\"item\":\"https:\\\/\\\/cvinoticias.com\\\/v3\\\/\"},{\"@type\":\"ListItem\",\"position\":2,\"name\":\"El fin de la hegemon\u00eda universitaria\"}]},{\"@type\":\"WebSite\",\"@id\":\"https:\\\/\\\/cvinoticias.com\\\/v3\\\/#website\",\"url\":\"https:\\\/\\\/cvinoticias.com\\\/v3\\\/\",\"name\":\"CVI NOTICIAS\",\"description\":\"\",\"publisher\":{\"@id\":\"https:\\\/\\\/cvinoticias.com\\\/v3\\\/#organization\"},\"alternateName\":\"CVI\",\"potentialAction\":[{\"@type\":\"SearchAction\",\"target\":{\"@type\":\"EntryPoint\",\"urlTemplate\":\"https:\\\/\\\/cvinoticias.com\\\/v3\\\/?s={search_term_string}\"},\"query-input\":{\"@type\":\"PropertyValueSpecification\",\"valueRequired\":true,\"valueName\":\"search_term_string\"}}],\"inLanguage\":\"es\"},{\"@type\":\"Organization\",\"@id\":\"https:\\\/\\\/cvinoticias.com\\\/v3\\\/#organization\",\"name\":\"CVI NOTICIAS\",\"url\":\"https:\\\/\\\/cvinoticias.com\\\/v3\\\/\",\"logo\":{\"@type\":\"ImageObject\",\"inLanguage\":\"es\",\"@id\":\"https:\\\/\\\/cvinoticias.com\\\/v3\\\/#\\\/schema\\\/logo\\\/image\\\/\",\"url\":\"https:\\\/\\\/cvinoticias.com\\\/wp-content\\\/uploads\\\/2023\\\/04\\\/cropped-cropped-cropped-cropped-cropped-3-1.png\",\"contentUrl\":\"https:\\\/\\\/cvinoticias.com\\\/wp-content\\\/uploads\\\/2023\\\/04\\\/cropped-cropped-cropped-cropped-cropped-3-1.png\",\"width\":95,\"height\":122,\"caption\":\"CVI NOTICIAS\"},\"image\":{\"@id\":\"https:\\\/\\\/cvinoticias.com\\\/v3\\\/#\\\/schema\\\/logo\\\/image\\\/\"},\"sameAs\":[\"https:\\\/\\\/www.facebook.com\\\/cvinoticias\",\"https:\\\/\\\/www.instagram.com\\\/cvinoticias\\\/\",\"https:\\\/\\\/www.youtube.com\\\/@CVINOTICIAS\"]},{\"@type\":\"Person\",\"@id\":\"https:\\\/\\\/cvinoticias.com\\\/v3\\\/#\\\/schema\\\/person\\\/2db77e3c6bc03c538495d7b2b8be9b66\",\"name\":\"f1000024\",\"image\":{\"@type\":\"ImageObject\",\"inLanguage\":\"es\",\"@id\":\"https:\\\/\\\/secure.gravatar.com\\\/avatar\\\/d4fe7459cfc51ff5129ce1a732bbef5928568b8092d412ef95611616376bbeed?s=96&d=mm&r=g\",\"url\":\"https:\\\/\\\/secure.gravatar.com\\\/avatar\\\/d4fe7459cfc51ff5129ce1a732bbef5928568b8092d412ef95611616376bbeed?s=96&d=mm&r=g\",\"contentUrl\":\"https:\\\/\\\/secure.gravatar.com\\\/avatar\\\/d4fe7459cfc51ff5129ce1a732bbef5928568b8092d412ef95611616376bbeed?s=96&d=mm&r=g\",\"caption\":\"f1000024\"},\"url\":\"https:\\\/\\\/cvinoticias.com\\\/v3\\\/author\\\/f1000024\\\/\"}]}<\/script>\n<!-- \/ Yoast SEO plugin. -->","yoast_head_json":{"title":"El fin de la hegemon\u00eda universitaria | CVI NOTICIAS","robots":{"index":"index","follow":"follow","max-snippet":"max-snippet:-1","max-image-preview":"max-image-preview:large","max-video-preview":"max-video-preview:-1"},"canonical":"https:\/\/cvinoticias.com\/v3\/el-fin-de-la-hegemonia-universitaria\/","og_locale":"es_ES","og_type":"article","og_title":"El fin de la hegemon\u00eda universitaria | CVI NOTICIAS","og_description":"La dura derrota sufrida por el radicalismo en la mayor\u00eda de las facultades que componen la Universidad Nacional de Misiones marca el fin de un modo de gobernar y exhibe el fracaso de unas ideas perimidas en el plano ideol\u00f3gico, pol\u00edtico y econ\u00f3mico. De cara a las vacaciones de invierno, y en pleno feriado largo, [&hellip;]","og_url":"https:\/\/cvinoticias.com\/v3\/el-fin-de-la-hegemonia-universitaria\/","og_site_name":"CVI NOTICIAS","article_publisher":"https:\/\/www.facebook.com\/cvinoticias","article_published_time":"2022-06-19T12:41:36+00:00","og_image":[{"width":800,"height":396,"url":"https:\/\/cvinoticias.com\/wp-content\/uploads\/2022\/06\/IMG-20220619-WA0015.jpg","type":"image\/jpeg"}],"author":"f1000024","twitter_card":"summary_large_image","twitter_misc":{"Escrito por":"f1000024","Tiempo de lectura":"6 minutos"},"schema":{"@context":"https:\/\/schema.org","@graph":[{"@type":"Article","@id":"https:\/\/cvinoticias.com\/v3\/el-fin-de-la-hegemonia-universitaria\/#article","isPartOf":{"@id":"https:\/\/cvinoticias.com\/v3\/el-fin-de-la-hegemonia-universitaria\/"},"author":{"name":"f1000024","@id":"https:\/\/cvinoticias.com\/v3\/#\/schema\/person\/2db77e3c6bc03c538495d7b2b8be9b66"},"headline":"El fin de la hegemon\u00eda universitaria","datePublished":"2022-06-19T12:41:36+00:00","mainEntityOfPage":{"@id":"https:\/\/cvinoticias.com\/v3\/el-fin-de-la-hegemonia-universitaria\/"},"wordCount":1108,"commentCount":0,"publisher":{"@id":"https:\/\/cvinoticias.com\/v3\/#organization"},"image":{"@id":"https:\/\/cvinoticias.com\/v3\/el-fin-de-la-hegemonia-universitaria\/#primaryimage"},"thumbnailUrl":"https:\/\/cvinoticias.com\/wp-content\/uploads\/2022\/06\/IMG-20220619-WA0015.jpg","articleSection":["Educacion"],"inLanguage":"es","potentialAction":[{"@type":"CommentAction","name":"Comment","target":["https:\/\/cvinoticias.com\/v3\/el-fin-de-la-hegemonia-universitaria\/#respond"]}]},{"@type":"WebPage","@id":"https:\/\/cvinoticias.com\/v3\/el-fin-de-la-hegemonia-universitaria\/","url":"https:\/\/cvinoticias.com\/v3\/el-fin-de-la-hegemonia-universitaria\/","name":"El fin de la hegemon\u00eda universitaria | CVI NOTICIAS","isPartOf":{"@id":"https:\/\/cvinoticias.com\/v3\/#website"},"primaryImageOfPage":{"@id":"https:\/\/cvinoticias.com\/v3\/el-fin-de-la-hegemonia-universitaria\/#primaryimage"},"image":{"@id":"https:\/\/cvinoticias.com\/v3\/el-fin-de-la-hegemonia-universitaria\/#primaryimage"},"thumbnailUrl":"https:\/\/cvinoticias.com\/wp-content\/uploads\/2022\/06\/IMG-20220619-WA0015.jpg","datePublished":"2022-06-19T12:41:36+00:00","breadcrumb":{"@id":"https:\/\/cvinoticias.com\/v3\/el-fin-de-la-hegemonia-universitaria\/#breadcrumb"},"inLanguage":"es","potentialAction":[{"@type":"ReadAction","target":["https:\/\/cvinoticias.com\/v3\/el-fin-de-la-hegemonia-universitaria\/"]}]},{"@type":"ImageObject","inLanguage":"es","@id":"https:\/\/cvinoticias.com\/v3\/el-fin-de-la-hegemonia-universitaria\/#primaryimage","url":"https:\/\/cvinoticias.com\/wp-content\/uploads\/2022\/06\/IMG-20220619-WA0015.jpg","contentUrl":"https:\/\/cvinoticias.com\/wp-content\/uploads\/2022\/06\/IMG-20220619-WA0015.jpg","width":800,"height":396},{"@type":"BreadcrumbList","@id":"https:\/\/cvinoticias.com\/v3\/el-fin-de-la-hegemonia-universitaria\/#breadcrumb","itemListElement":[{"@type":"ListItem","position":1,"name":"Portada","item":"https:\/\/cvinoticias.com\/v3\/"},{"@type":"ListItem","position":2,"name":"El fin de la hegemon\u00eda universitaria"}]},{"@type":"WebSite","@id":"https:\/\/cvinoticias.com\/v3\/#website","url":"https:\/\/cvinoticias.com\/v3\/","name":"CVI NOTICIAS","description":"","publisher":{"@id":"https:\/\/cvinoticias.com\/v3\/#organization"},"alternateName":"CVI","potentialAction":[{"@type":"SearchAction","target":{"@type":"EntryPoint","urlTemplate":"https:\/\/cvinoticias.com\/v3\/?s={search_term_string}"},"query-input":{"@type":"PropertyValueSpecification","valueRequired":true,"valueName":"search_term_string"}}],"inLanguage":"es"},{"@type":"Organization","@id":"https:\/\/cvinoticias.com\/v3\/#organization","name":"CVI NOTICIAS","url":"https:\/\/cvinoticias.com\/v3\/","logo":{"@type":"ImageObject","inLanguage":"es","@id":"https:\/\/cvinoticias.com\/v3\/#\/schema\/logo\/image\/","url":"https:\/\/cvinoticias.com\/wp-content\/uploads\/2023\/04\/cropped-cropped-cropped-cropped-cropped-3-1.png","contentUrl":"https:\/\/cvinoticias.com\/wp-content\/uploads\/2023\/04\/cropped-cropped-cropped-cropped-cropped-3-1.png","width":95,"height":122,"caption":"CVI NOTICIAS"},"image":{"@id":"https:\/\/cvinoticias.com\/v3\/#\/schema\/logo\/image\/"},"sameAs":["https:\/\/www.facebook.com\/cvinoticias","https:\/\/www.instagram.com\/cvinoticias\/","https:\/\/www.youtube.com\/@CVINOTICIAS"]},{"@type":"Person","@id":"https:\/\/cvinoticias.com\/v3\/#\/schema\/person\/2db77e3c6bc03c538495d7b2b8be9b66","name":"f1000024","image":{"@type":"ImageObject","inLanguage":"es","@id":"https:\/\/secure.gravatar.com\/avatar\/d4fe7459cfc51ff5129ce1a732bbef5928568b8092d412ef95611616376bbeed?s=96&d=mm&r=g","url":"https:\/\/secure.gravatar.com\/avatar\/d4fe7459cfc51ff5129ce1a732bbef5928568b8092d412ef95611616376bbeed?s=96&d=mm&r=g","contentUrl":"https:\/\/secure.gravatar.com\/avatar\/d4fe7459cfc51ff5129ce1a732bbef5928568b8092d412ef95611616376bbeed?s=96&d=mm&r=g","caption":"f1000024"},"url":"https:\/\/cvinoticias.com\/v3\/author\/f1000024\/"}]}},"_links":{"self":[{"href":"https:\/\/cvinoticias.com\/v3\/wp-json\/wp\/v2\/posts\/16771","targetHints":{"allow":["GET"]}}],"collection":[{"href":"https:\/\/cvinoticias.com\/v3\/wp-json\/wp\/v2\/posts"}],"about":[{"href":"https:\/\/cvinoticias.com\/v3\/wp-json\/wp\/v2\/types\/post"}],"author":[{"embeddable":true,"href":"https:\/\/cvinoticias.com\/v3\/wp-json\/wp\/v2\/users\/2"}],"replies":[{"embeddable":true,"href":"https:\/\/cvinoticias.com\/v3\/wp-json\/wp\/v2\/comments?post=16771"}],"version-history":[{"count":1,"href":"https:\/\/cvinoticias.com\/v3\/wp-json\/wp\/v2\/posts\/16771\/revisions"}],"predecessor-version":[{"id":16773,"href":"https:\/\/cvinoticias.com\/v3\/wp-json\/wp\/v2\/posts\/16771\/revisions\/16773"}],"wp:featuredmedia":[{"embeddable":true,"href":"https:\/\/cvinoticias.com\/v3\/wp-json\/wp\/v2\/media\/16772"}],"wp:attachment":[{"href":"https:\/\/cvinoticias.com\/v3\/wp-json\/wp\/v2\/media?parent=16771"}],"wp:term":[{"taxonomy":"category","embeddable":true,"href":"https:\/\/cvinoticias.com\/v3\/wp-json\/wp\/v2\/categories?post=16771"},{"taxonomy":"post_tag","embeddable":true,"href":"https:\/\/cvinoticias.com\/v3\/wp-json\/wp\/v2\/tags?post=16771"}],"curies":[{"name":"wp","href":"https:\/\/api.w.org\/{rel}","templated":true}]}}