{"id":1667,"date":"2021-01-15T15:44:00","date_gmt":"2021-01-15T15:44:00","guid":{"rendered":"https:\/\/cvinoticias.com\/v3\/?p=1667"},"modified":"2021-01-15T15:47:26","modified_gmt":"2021-01-15T15:47:26","slug":"el-argentino-kevin-benavides-gano-el-rally-dakar-2021-en-motos","status":"publish","type":"post","link":"https:\/\/cvinoticias.com\/v3\/el-argentino-kevin-benavides-gano-el-rally-dakar-2021-en-motos\/","title":{"rendered":"El argentino Kevin Benavides gan\u00f3 el Rally Dakar 2021 en motos"},"content":{"rendered":"\n<p><strong><em>El argentino Kevin Benavides conquist\u00f3 la 43 edici\u00f3n del rally Dakar encabezando un doblete de Honda en la categor\u00eda de motos, por delante del estadounidense Ricky Brabec, su compa\u00f1ero en el equipo Honda.<\/em><\/strong><\/p>\n\n\n\n<p>Brabec fue el ganador de la duod\u00e9cima y \u00faltima etapa, con 2:17 minutos de ventaja sobre Benavides, que control\u00f3 la diferencia con el norteamericano desde su segundo puesto despu\u00e9s de adelantar a su principal adversario al principio de la etapa, el brit\u00e1nico Sam Sunderland (KTM).<\/p>\n\n\n\n<p>Se trata del primer doblete de Honda en el Dakar desde que en 1987 el franc\u00e9s Cyril Neveu logr\u00f3 el t\u00edtulo, seguido del italiano Edi Orioli.<\/p>\n\n\n\n<p>El Dakar 2021 terminaba con una jornada de 227 kil\u00f3metros de enlace y 225 de especial hasta la meta de Yeda, que Benavides afrontaba con una renta de 4:12 sobre Sunderland y el objetivo de convertirse en el primer campe\u00f3n sudamericano del Rally Dakar en la categor\u00eda de motos.<\/p>\n\n\n\n<p>Hace dos a\u00f1os Benavides ya estuvo a punto de lograrlo, cuando termin\u00f3 segundo, por detr\u00e1s del austr\u00edaco Matthias Walkner.<\/p>\n\n\n\n<p>El orden de salida en la \u00faltima etapa perjudic\u00f3 a Sunderland, ganador de la etapa del jueves, que tuvo que abrir pista y en el primer control ya perd\u00eda m\u00e1s de 11 minutos con Brabec -que le adelantaba en el podio final- y 10 con Benavides.<\/p>\n\n\n\n<p>El argentino utiliz\u00f3 una t\u00e1ctica conservadora. Una vez que adelant\u00f3 a Sunderland, se limit\u00f3 a evitar que su compa\u00f1ero de equipo Brabec se le fuera demasiado para culminar un gran Dakar en el que ha ganado dos etapas y ha estado especialmente s\u00f3lido en la segunda semana.<\/p>\n\n\n\n<p>La victoria en la \u00faltima etapa permiti\u00f3 a Brabec, defensor del t\u00edtulo en motos, desbancar a Sunderland del segundo pelda\u00f1o en el podio final, a 4:56 minutos de Benavides. El brit\u00e1nico termin\u00f3 tercero a 15:57.<\/p>\n\n\n\n<p>El espa\u00f1ol Joan Barreda, que afront\u00f3 el rally como candidato al triunfo final, tuvo que abandonar este jueves cuando era quinto en la general. El piloto de Honda se salt\u00f3 el punto de repostaje y continu\u00f3 hasta agotar el dep\u00f3sito. Fue entonces cuando reclam\u00f3 la intervenci\u00f3n del equipo m\u00e9dico y fue evacuado en helic\u00f3ptero al vivac.<\/p>\n\n\n\n<p>Con informaci\u00f3n de: ESPN.<\/p>\n\n\n\n<h1 class=\"wp-block-heading\"><\/h1>\n\n\n\n<p><\/p>\n","protected":false},"excerpt":{"rendered":"<p>El argentino Kevin Benavides conquist\u00f3 la 43 edici\u00f3n del rally Dakar encabezando un doblete de Honda en la categor\u00eda de motos, por delante del estadounidense Ricky Brabec, su compa\u00f1ero en el equipo Honda. Brabec fue el ganador de la duod\u00e9cima y \u00faltima etapa, con 2:17 minutos de ventaja sobre Benavides, que control\u00f3 la diferencia con [&hellip;]<\/p>\n","protected":false},"author":2,"featured_media":1668,"comment_status":"open","ping_status":"open","sticky":false,"template":"","format":"standard","meta":{"footnotes":""},"categories":[24],"tags":[],"class_list":["post-1667","post","type-post","status-publish","format-standard","has-post-thumbnail","hentry","category-deportes"],"yoast_head":"<!-- This site is optimized with the Yoast SEO plugin v27.4 - https:\/\/yoast.com\/product\/yoast-seo-wordpress\/ -->\n<title>El argentino Kevin Benavides gan\u00f3 el Rally Dakar 2021 en motos | CVI NOTICIAS<\/title>\n<meta name=\"robots\" content=\"index, follow, max-snippet:-1, max-image-preview:large, max-video-preview:-1\" \/>\n<link rel=\"canonical\" href=\"https:\/\/cvinoticias.com\/v3\/el-argentino-kevin-benavides-gano-el-rally-dakar-2021-en-motos\/\" \/>\n<meta property=\"og:locale\" content=\"es_ES\" \/>\n<meta property=\"og:type\" content=\"article\" \/>\n<meta property=\"og:title\" content=\"El argentino Kevin Benavides gan\u00f3 el Rally Dakar 2021 en motos | CVI NOTICIAS\" \/>\n<meta property=\"og:description\" content=\"El argentino Kevin Benavides conquist\u00f3 la 43 edici\u00f3n del rally Dakar encabezando un doblete de Honda en la categor\u00eda de motos, por delante del estadounidense Ricky Brabec, su compa\u00f1ero en el equipo Honda. Brabec fue el ganador de la duod\u00e9cima y \u00faltima etapa, con 2:17 minutos de ventaja sobre Benavides, que control\u00f3 la diferencia con [&hellip;]\" \/>\n<meta property=\"og:url\" content=\"https:\/\/cvinoticias.com\/v3\/el-argentino-kevin-benavides-gano-el-rally-dakar-2021-en-motos\/\" \/>\n<meta property=\"og:site_name\" content=\"CVI NOTICIAS\" \/>\n<meta property=\"article:publisher\" content=\"https:\/\/www.facebook.com\/cvinoticias\" \/>\n<meta property=\"article:published_time\" content=\"2021-01-15T15:44:00+00:00\" \/>\n<meta property=\"article:modified_time\" content=\"2021-01-15T15:47:26+00:00\" \/>\n<meta property=\"og:image\" content=\"https:\/\/cvinoticias.com\/wp-content\/uploads\/2021\/01\/IMG-20210115-WA0026.jpg\" \/>\n\t<meta property=\"og:image:width\" content=\"920\" \/>\n\t<meta property=\"og:image:height\" content=\"518\" \/>\n\t<meta property=\"og:image:type\" content=\"image\/jpeg\" \/>\n<meta name=\"author\" content=\"f1000024\" \/>\n<meta name=\"twitter:card\" content=\"summary_large_image\" \/>\n<meta name=\"twitter:label1\" content=\"Escrito por\" \/>\n\t<meta name=\"twitter:data1\" content=\"f1000024\" \/>\n\t<meta name=\"twitter:label2\" content=\"Tiempo de lectura\" \/>\n\t<meta name=\"twitter:data2\" content=\"2 minutos\" \/>\n<script type=\"application\/ld+json\" class=\"yoast-schema-graph\">{\"@context\":\"https:\\\/\\\/schema.org\",\"@graph\":[{\"@type\":\"Article\",\"@id\":\"https:\\\/\\\/cvinoticias.com\\\/v3\\\/el-argentino-kevin-benavides-gano-el-rally-dakar-2021-en-motos\\\/#article\",\"isPartOf\":{\"@id\":\"https:\\\/\\\/cvinoticias.com\\\/v3\\\/el-argentino-kevin-benavides-gano-el-rally-dakar-2021-en-motos\\\/\"},\"author\":{\"name\":\"f1000024\",\"@id\":\"https:\\\/\\\/cvinoticias.com\\\/v3\\\/#\\\/schema\\\/person\\\/2db77e3c6bc03c538495d7b2b8be9b66\"},\"headline\":\"El argentino Kevin Benavides gan\u00f3 el Rally Dakar 2021 en motos\",\"datePublished\":\"2021-01-15T15:44:00+00:00\",\"dateModified\":\"2021-01-15T15:47:26+00:00\",\"mainEntityOfPage\":{\"@id\":\"https:\\\/\\\/cvinoticias.com\\\/v3\\\/el-argentino-kevin-benavides-gano-el-rally-dakar-2021-en-motos\\\/\"},\"wordCount\":387,\"commentCount\":0,\"publisher\":{\"@id\":\"https:\\\/\\\/cvinoticias.com\\\/v3\\\/#organization\"},\"image\":{\"@id\":\"https:\\\/\\\/cvinoticias.com\\\/v3\\\/el-argentino-kevin-benavides-gano-el-rally-dakar-2021-en-motos\\\/#primaryimage\"},\"thumbnailUrl\":\"https:\\\/\\\/cvinoticias.com\\\/wp-content\\\/uploads\\\/2021\\\/01\\\/IMG-20210115-WA0026.jpg\",\"articleSection\":[\"Deportes\"],\"inLanguage\":\"es\",\"potentialAction\":[{\"@type\":\"CommentAction\",\"name\":\"Comment\",\"target\":[\"https:\\\/\\\/cvinoticias.com\\\/v3\\\/el-argentino-kevin-benavides-gano-el-rally-dakar-2021-en-motos\\\/#respond\"]}]},{\"@type\":\"WebPage\",\"@id\":\"https:\\\/\\\/cvinoticias.com\\\/v3\\\/el-argentino-kevin-benavides-gano-el-rally-dakar-2021-en-motos\\\/\",\"url\":\"https:\\\/\\\/cvinoticias.com\\\/v3\\\/el-argentino-kevin-benavides-gano-el-rally-dakar-2021-en-motos\\\/\",\"name\":\"El argentino Kevin Benavides gan\u00f3 el Rally Dakar 2021 en motos | CVI NOTICIAS\",\"isPartOf\":{\"@id\":\"https:\\\/\\\/cvinoticias.com\\\/v3\\\/#website\"},\"primaryImageOfPage\":{\"@id\":\"https:\\\/\\\/cvinoticias.com\\\/v3\\\/el-argentino-kevin-benavides-gano-el-rally-dakar-2021-en-motos\\\/#primaryimage\"},\"image\":{\"@id\":\"https:\\\/\\\/cvinoticias.com\\\/v3\\\/el-argentino-kevin-benavides-gano-el-rally-dakar-2021-en-motos\\\/#primaryimage\"},\"thumbnailUrl\":\"https:\\\/\\\/cvinoticias.com\\\/wp-content\\\/uploads\\\/2021\\\/01\\\/IMG-20210115-WA0026.jpg\",\"datePublished\":\"2021-01-15T15:44:00+00:00\",\"dateModified\":\"2021-01-15T15:47:26+00:00\",\"breadcrumb\":{\"@id\":\"https:\\\/\\\/cvinoticias.com\\\/v3\\\/el-argentino-kevin-benavides-gano-el-rally-dakar-2021-en-motos\\\/#breadcrumb\"},\"inLanguage\":\"es\",\"potentialAction\":[{\"@type\":\"ReadAction\",\"target\":[\"https:\\\/\\\/cvinoticias.com\\\/v3\\\/el-argentino-kevin-benavides-gano-el-rally-dakar-2021-en-motos\\\/\"]}]},{\"@type\":\"ImageObject\",\"inLanguage\":\"es\",\"@id\":\"https:\\\/\\\/cvinoticias.com\\\/v3\\\/el-argentino-kevin-benavides-gano-el-rally-dakar-2021-en-motos\\\/#primaryimage\",\"url\":\"https:\\\/\\\/cvinoticias.com\\\/wp-content\\\/uploads\\\/2021\\\/01\\\/IMG-20210115-WA0026.jpg\",\"contentUrl\":\"https:\\\/\\\/cvinoticias.com\\\/wp-content\\\/uploads\\\/2021\\\/01\\\/IMG-20210115-WA0026.jpg\",\"width\":920,\"height\":518},{\"@type\":\"BreadcrumbList\",\"@id\":\"https:\\\/\\\/cvinoticias.com\\\/v3\\\/el-argentino-kevin-benavides-gano-el-rally-dakar-2021-en-motos\\\/#breadcrumb\",\"itemListElement\":[{\"@type\":\"ListItem\",\"position\":1,\"name\":\"Portada\",\"item\":\"https:\\\/\\\/cvinoticias.com\\\/v3\\\/\"},{\"@type\":\"ListItem\",\"position\":2,\"name\":\"El argentino Kevin Benavides gan\u00f3 el Rally Dakar 2021 en motos\"}]},{\"@type\":\"WebSite\",\"@id\":\"https:\\\/\\\/cvinoticias.com\\\/v3\\\/#website\",\"url\":\"https:\\\/\\\/cvinoticias.com\\\/v3\\\/\",\"name\":\"CVI NOTICIAS\",\"description\":\"\",\"publisher\":{\"@id\":\"https:\\\/\\\/cvinoticias.com\\\/v3\\\/#organization\"},\"alternateName\":\"CVI\",\"potentialAction\":[{\"@type\":\"SearchAction\",\"target\":{\"@type\":\"EntryPoint\",\"urlTemplate\":\"https:\\\/\\\/cvinoticias.com\\\/v3\\\/?s={search_term_string}\"},\"query-input\":{\"@type\":\"PropertyValueSpecification\",\"valueRequired\":true,\"valueName\":\"search_term_string\"}}],\"inLanguage\":\"es\"},{\"@type\":\"Organization\",\"@id\":\"https:\\\/\\\/cvinoticias.com\\\/v3\\\/#organization\",\"name\":\"CVI NOTICIAS\",\"url\":\"https:\\\/\\\/cvinoticias.com\\\/v3\\\/\",\"logo\":{\"@type\":\"ImageObject\",\"inLanguage\":\"es\",\"@id\":\"https:\\\/\\\/cvinoticias.com\\\/v3\\\/#\\\/schema\\\/logo\\\/image\\\/\",\"url\":\"https:\\\/\\\/cvinoticias.com\\\/wp-content\\\/uploads\\\/2023\\\/04\\\/cropped-cropped-cropped-cropped-cropped-3-1.png\",\"contentUrl\":\"https:\\\/\\\/cvinoticias.com\\\/wp-content\\\/uploads\\\/2023\\\/04\\\/cropped-cropped-cropped-cropped-cropped-3-1.png\",\"width\":95,\"height\":122,\"caption\":\"CVI NOTICIAS\"},\"image\":{\"@id\":\"https:\\\/\\\/cvinoticias.com\\\/v3\\\/#\\\/schema\\\/logo\\\/image\\\/\"},\"sameAs\":[\"https:\\\/\\\/www.facebook.com\\\/cvinoticias\",\"https:\\\/\\\/www.instagram.com\\\/cvinoticias\\\/\",\"https:\\\/\\\/www.youtube.com\\\/@CVINOTICIAS\"]},{\"@type\":\"Person\",\"@id\":\"https:\\\/\\\/cvinoticias.com\\\/v3\\\/#\\\/schema\\\/person\\\/2db77e3c6bc03c538495d7b2b8be9b66\",\"name\":\"f1000024\",\"image\":{\"@type\":\"ImageObject\",\"inLanguage\":\"es\",\"@id\":\"https:\\\/\\\/secure.gravatar.com\\\/avatar\\\/d4fe7459cfc51ff5129ce1a732bbef5928568b8092d412ef95611616376bbeed?s=96&d=mm&r=g\",\"url\":\"https:\\\/\\\/secure.gravatar.com\\\/avatar\\\/d4fe7459cfc51ff5129ce1a732bbef5928568b8092d412ef95611616376bbeed?s=96&d=mm&r=g\",\"contentUrl\":\"https:\\\/\\\/secure.gravatar.com\\\/avatar\\\/d4fe7459cfc51ff5129ce1a732bbef5928568b8092d412ef95611616376bbeed?s=96&d=mm&r=g\",\"caption\":\"f1000024\"},\"url\":\"https:\\\/\\\/cvinoticias.com\\\/v3\\\/author\\\/f1000024\\\/\"}]}<\/script>\n<!-- \/ Yoast SEO plugin. -->","yoast_head_json":{"title":"El argentino Kevin Benavides gan\u00f3 el Rally Dakar 2021 en motos | CVI NOTICIAS","robots":{"index":"index","follow":"follow","max-snippet":"max-snippet:-1","max-image-preview":"max-image-preview:large","max-video-preview":"max-video-preview:-1"},"canonical":"https:\/\/cvinoticias.com\/v3\/el-argentino-kevin-benavides-gano-el-rally-dakar-2021-en-motos\/","og_locale":"es_ES","og_type":"article","og_title":"El argentino Kevin Benavides gan\u00f3 el Rally Dakar 2021 en motos | CVI NOTICIAS","og_description":"El argentino Kevin Benavides conquist\u00f3 la 43 edici\u00f3n del rally Dakar encabezando un doblete de Honda en la categor\u00eda de motos, por delante del estadounidense Ricky Brabec, su compa\u00f1ero en el equipo Honda. Brabec fue el ganador de la duod\u00e9cima y \u00faltima etapa, con 2:17 minutos de ventaja sobre Benavides, que control\u00f3 la diferencia con [&hellip;]","og_url":"https:\/\/cvinoticias.com\/v3\/el-argentino-kevin-benavides-gano-el-rally-dakar-2021-en-motos\/","og_site_name":"CVI NOTICIAS","article_publisher":"https:\/\/www.facebook.com\/cvinoticias","article_published_time":"2021-01-15T15:44:00+00:00","article_modified_time":"2021-01-15T15:47:26+00:00","og_image":[{"width":920,"height":518,"url":"https:\/\/cvinoticias.com\/wp-content\/uploads\/2021\/01\/IMG-20210115-WA0026.jpg","type":"image\/jpeg"}],"author":"f1000024","twitter_card":"summary_large_image","twitter_misc":{"Escrito por":"f1000024","Tiempo de lectura":"2 minutos"},"schema":{"@context":"https:\/\/schema.org","@graph":[{"@type":"Article","@id":"https:\/\/cvinoticias.com\/v3\/el-argentino-kevin-benavides-gano-el-rally-dakar-2021-en-motos\/#article","isPartOf":{"@id":"https:\/\/cvinoticias.com\/v3\/el-argentino-kevin-benavides-gano-el-rally-dakar-2021-en-motos\/"},"author":{"name":"f1000024","@id":"https:\/\/cvinoticias.com\/v3\/#\/schema\/person\/2db77e3c6bc03c538495d7b2b8be9b66"},"headline":"El argentino Kevin Benavides gan\u00f3 el Rally Dakar 2021 en motos","datePublished":"2021-01-15T15:44:00+00:00","dateModified":"2021-01-15T15:47:26+00:00","mainEntityOfPage":{"@id":"https:\/\/cvinoticias.com\/v3\/el-argentino-kevin-benavides-gano-el-rally-dakar-2021-en-motos\/"},"wordCount":387,"commentCount":0,"publisher":{"@id":"https:\/\/cvinoticias.com\/v3\/#organization"},"image":{"@id":"https:\/\/cvinoticias.com\/v3\/el-argentino-kevin-benavides-gano-el-rally-dakar-2021-en-motos\/#primaryimage"},"thumbnailUrl":"https:\/\/cvinoticias.com\/wp-content\/uploads\/2021\/01\/IMG-20210115-WA0026.jpg","articleSection":["Deportes"],"inLanguage":"es","potentialAction":[{"@type":"CommentAction","name":"Comment","target":["https:\/\/cvinoticias.com\/v3\/el-argentino-kevin-benavides-gano-el-rally-dakar-2021-en-motos\/#respond"]}]},{"@type":"WebPage","@id":"https:\/\/cvinoticias.com\/v3\/el-argentino-kevin-benavides-gano-el-rally-dakar-2021-en-motos\/","url":"https:\/\/cvinoticias.com\/v3\/el-argentino-kevin-benavides-gano-el-rally-dakar-2021-en-motos\/","name":"El argentino Kevin Benavides gan\u00f3 el Rally Dakar 2021 en motos | CVI NOTICIAS","isPartOf":{"@id":"https:\/\/cvinoticias.com\/v3\/#website"},"primaryImageOfPage":{"@id":"https:\/\/cvinoticias.com\/v3\/el-argentino-kevin-benavides-gano-el-rally-dakar-2021-en-motos\/#primaryimage"},"image":{"@id":"https:\/\/cvinoticias.com\/v3\/el-argentino-kevin-benavides-gano-el-rally-dakar-2021-en-motos\/#primaryimage"},"thumbnailUrl":"https:\/\/cvinoticias.com\/wp-content\/uploads\/2021\/01\/IMG-20210115-WA0026.jpg","datePublished":"2021-01-15T15:44:00+00:00","dateModified":"2021-01-15T15:47:26+00:00","breadcrumb":{"@id":"https:\/\/cvinoticias.com\/v3\/el-argentino-kevin-benavides-gano-el-rally-dakar-2021-en-motos\/#breadcrumb"},"inLanguage":"es","potentialAction":[{"@type":"ReadAction","target":["https:\/\/cvinoticias.com\/v3\/el-argentino-kevin-benavides-gano-el-rally-dakar-2021-en-motos\/"]}]},{"@type":"ImageObject","inLanguage":"es","@id":"https:\/\/cvinoticias.com\/v3\/el-argentino-kevin-benavides-gano-el-rally-dakar-2021-en-motos\/#primaryimage","url":"https:\/\/cvinoticias.com\/wp-content\/uploads\/2021\/01\/IMG-20210115-WA0026.jpg","contentUrl":"https:\/\/cvinoticias.com\/wp-content\/uploads\/2021\/01\/IMG-20210115-WA0026.jpg","width":920,"height":518},{"@type":"BreadcrumbList","@id":"https:\/\/cvinoticias.com\/v3\/el-argentino-kevin-benavides-gano-el-rally-dakar-2021-en-motos\/#breadcrumb","itemListElement":[{"@type":"ListItem","position":1,"name":"Portada","item":"https:\/\/cvinoticias.com\/v3\/"},{"@type":"ListItem","position":2,"name":"El argentino Kevin Benavides gan\u00f3 el Rally Dakar 2021 en motos"}]},{"@type":"WebSite","@id":"https:\/\/cvinoticias.com\/v3\/#website","url":"https:\/\/cvinoticias.com\/v3\/","name":"CVI NOTICIAS","description":"","publisher":{"@id":"https:\/\/cvinoticias.com\/v3\/#organization"},"alternateName":"CVI","potentialAction":[{"@type":"SearchAction","target":{"@type":"EntryPoint","urlTemplate":"https:\/\/cvinoticias.com\/v3\/?s={search_term_string}"},"query-input":{"@type":"PropertyValueSpecification","valueRequired":true,"valueName":"search_term_string"}}],"inLanguage":"es"},{"@type":"Organization","@id":"https:\/\/cvinoticias.com\/v3\/#organization","name":"CVI NOTICIAS","url":"https:\/\/cvinoticias.com\/v3\/","logo":{"@type":"ImageObject","inLanguage":"es","@id":"https:\/\/cvinoticias.com\/v3\/#\/schema\/logo\/image\/","url":"https:\/\/cvinoticias.com\/wp-content\/uploads\/2023\/04\/cropped-cropped-cropped-cropped-cropped-3-1.png","contentUrl":"https:\/\/cvinoticias.com\/wp-content\/uploads\/2023\/04\/cropped-cropped-cropped-cropped-cropped-3-1.png","width":95,"height":122,"caption":"CVI NOTICIAS"},"image":{"@id":"https:\/\/cvinoticias.com\/v3\/#\/schema\/logo\/image\/"},"sameAs":["https:\/\/www.facebook.com\/cvinoticias","https:\/\/www.instagram.com\/cvinoticias\/","https:\/\/www.youtube.com\/@CVINOTICIAS"]},{"@type":"Person","@id":"https:\/\/cvinoticias.com\/v3\/#\/schema\/person\/2db77e3c6bc03c538495d7b2b8be9b66","name":"f1000024","image":{"@type":"ImageObject","inLanguage":"es","@id":"https:\/\/secure.gravatar.com\/avatar\/d4fe7459cfc51ff5129ce1a732bbef5928568b8092d412ef95611616376bbeed?s=96&d=mm&r=g","url":"https:\/\/secure.gravatar.com\/avatar\/d4fe7459cfc51ff5129ce1a732bbef5928568b8092d412ef95611616376bbeed?s=96&d=mm&r=g","contentUrl":"https:\/\/secure.gravatar.com\/avatar\/d4fe7459cfc51ff5129ce1a732bbef5928568b8092d412ef95611616376bbeed?s=96&d=mm&r=g","caption":"f1000024"},"url":"https:\/\/cvinoticias.com\/v3\/author\/f1000024\/"}]}},"_links":{"self":[{"href":"https:\/\/cvinoticias.com\/v3\/wp-json\/wp\/v2\/posts\/1667","targetHints":{"allow":["GET"]}}],"collection":[{"href":"https:\/\/cvinoticias.com\/v3\/wp-json\/wp\/v2\/posts"}],"about":[{"href":"https:\/\/cvinoticias.com\/v3\/wp-json\/wp\/v2\/types\/post"}],"author":[{"embeddable":true,"href":"https:\/\/cvinoticias.com\/v3\/wp-json\/wp\/v2\/users\/2"}],"replies":[{"embeddable":true,"href":"https:\/\/cvinoticias.com\/v3\/wp-json\/wp\/v2\/comments?post=1667"}],"version-history":[{"count":2,"href":"https:\/\/cvinoticias.com\/v3\/wp-json\/wp\/v2\/posts\/1667\/revisions"}],"predecessor-version":[{"id":1671,"href":"https:\/\/cvinoticias.com\/v3\/wp-json\/wp\/v2\/posts\/1667\/revisions\/1671"}],"wp:featuredmedia":[{"embeddable":true,"href":"https:\/\/cvinoticias.com\/v3\/wp-json\/wp\/v2\/media\/1668"}],"wp:attachment":[{"href":"https:\/\/cvinoticias.com\/v3\/wp-json\/wp\/v2\/media?parent=1667"}],"wp:term":[{"taxonomy":"category","embeddable":true,"href":"https:\/\/cvinoticias.com\/v3\/wp-json\/wp\/v2\/categories?post=1667"},{"taxonomy":"post_tag","embeddable":true,"href":"https:\/\/cvinoticias.com\/v3\/wp-json\/wp\/v2\/tags?post=1667"}],"curies":[{"name":"wp","href":"https:\/\/api.w.org\/{rel}","templated":true}]}}