{"id":1664,"date":"2021-01-15T15:39:31","date_gmt":"2021-01-15T15:39:31","guid":{"rendered":"https:\/\/cvinoticias.com\/v3\/?p=1664"},"modified":"2021-01-15T15:39:31","modified_gmt":"2021-01-15T15:39:31","slug":"puerto-rico-hallaron-el-cuerpo-de-un-hombre-en-el-rio-parana","status":"publish","type":"post","link":"https:\/\/cvinoticias.com\/v3\/puerto-rico-hallaron-el-cuerpo-de-un-hombre-en-el-rio-parana\/","title":{"rendered":"Puerto Rico: Hallaron el cuerpo de un hombre en el r\u00edo Paran\u00e1"},"content":{"rendered":"\n<p><strong><em>A las 10 horas de este viernes la Polic\u00eda tom\u00f3 conocimiento que en el kil\u00f3metro 1728 del r\u00edo Paran\u00e1, zona de Colonia Oro Verde, personal de la Prefectura Naval Argentina, hall\u00f3 el cuerpo de un hombre en avanzado estado de descomposici\u00f3n.<\/em><\/strong><\/p>\n\n\n\n<p>Una vez en el lugar se corrobor\u00f3 el hecho y efectivos de la Divisi\u00f3n Polic\u00eda Cient\u00edfica de la Unidad Regional IV, realizaron los trabajos correspondientes.<\/p>\n\n\n\n<p>El juez de Instrucci\u00f3n N\u00ba 1 de Puerto Rico, dispuso que el cuerpo sea trasladado a la morgue judicial de la ciudad de Posadas para la correspondiente autopsia.<\/p>\n\n\n\n<p>Prensa Polic\u00eda Provincial<\/p>\n","protected":false},"excerpt":{"rendered":"<p>A las 10 horas de este viernes la Polic\u00eda tom\u00f3 conocimiento que en el kil\u00f3metro 1728 del r\u00edo Paran\u00e1, zona de Colonia Oro Verde, personal de la Prefectura Naval Argentina, hall\u00f3 el cuerpo de un hombre en avanzado estado de descomposici\u00f3n. Una vez en el lugar se corrobor\u00f3 el hecho y efectivos de la Divisi\u00f3n [&hellip;]<\/p>\n","protected":false},"author":2,"featured_media":1665,"comment_status":"open","ping_status":"open","sticky":false,"template":"","format":"standard","meta":{"footnotes":""},"categories":[41],"tags":[],"class_list":["post-1664","post","type-post","status-publish","format-standard","has-post-thumbnail","hentry","category-policiales"],"yoast_head":"<!-- This site is optimized with the Yoast SEO plugin v27.5 - https:\/\/yoast.com\/product\/yoast-seo-wordpress\/ -->\n<title>Puerto Rico: Hallaron el cuerpo de un hombre en el r\u00edo Paran\u00e1 | CVI NOTICIAS<\/title>\n<meta name=\"robots\" content=\"index, follow, max-snippet:-1, max-image-preview:large, max-video-preview:-1\" \/>\n<link rel=\"canonical\" href=\"https:\/\/cvinoticias.com\/v3\/puerto-rico-hallaron-el-cuerpo-de-un-hombre-en-el-rio-parana\/\" \/>\n<meta property=\"og:locale\" content=\"es_ES\" \/>\n<meta property=\"og:type\" content=\"article\" \/>\n<meta property=\"og:title\" content=\"Puerto Rico: Hallaron el cuerpo de un hombre en el r\u00edo Paran\u00e1 | CVI NOTICIAS\" \/>\n<meta property=\"og:description\" content=\"A las 10 horas de este viernes la Polic\u00eda tom\u00f3 conocimiento que en el kil\u00f3metro 1728 del r\u00edo Paran\u00e1, zona de Colonia Oro Verde, personal de la Prefectura Naval Argentina, hall\u00f3 el cuerpo de un hombre en avanzado estado de descomposici\u00f3n. Una vez en el lugar se corrobor\u00f3 el hecho y efectivos de la Divisi\u00f3n [&hellip;]\" \/>\n<meta property=\"og:url\" content=\"https:\/\/cvinoticias.com\/v3\/puerto-rico-hallaron-el-cuerpo-de-un-hombre-en-el-rio-parana\/\" \/>\n<meta property=\"og:site_name\" content=\"CVI NOTICIAS\" \/>\n<meta property=\"article:publisher\" content=\"https:\/\/www.facebook.com\/cvinoticias\" \/>\n<meta property=\"article:published_time\" content=\"2021-01-15T15:39:31+00:00\" \/>\n<meta property=\"og:image\" content=\"https:\/\/cvinoticias.com\/wp-content\/uploads\/2021\/01\/IMG-20210115-WA0066.jpg\" \/>\n\t<meta property=\"og:image:width\" content=\"867\" \/>\n\t<meta property=\"og:image:height\" content=\"422\" \/>\n\t<meta property=\"og:image:type\" content=\"image\/jpeg\" \/>\n<meta name=\"author\" content=\"f1000024\" \/>\n<meta name=\"twitter:card\" content=\"summary_large_image\" \/>\n<meta name=\"twitter:label1\" content=\"Escrito por\" \/>\n\t<meta name=\"twitter:data1\" content=\"f1000024\" \/>\n\t<meta name=\"twitter:label2\" content=\"Tiempo de lectura\" \/>\n\t<meta name=\"twitter:data2\" content=\"1 minuto\" \/>\n<script type=\"application\/ld+json\" class=\"yoast-schema-graph\">{\"@context\":\"https:\\\/\\\/schema.org\",\"@graph\":[{\"@type\":\"Article\",\"@id\":\"https:\\\/\\\/cvinoticias.com\\\/v3\\\/puerto-rico-hallaron-el-cuerpo-de-un-hombre-en-el-rio-parana\\\/#article\",\"isPartOf\":{\"@id\":\"https:\\\/\\\/cvinoticias.com\\\/v3\\\/puerto-rico-hallaron-el-cuerpo-de-un-hombre-en-el-rio-parana\\\/\"},\"author\":{\"name\":\"f1000024\",\"@id\":\"https:\\\/\\\/cvinoticias.com\\\/v3\\\/#\\\/schema\\\/person\\\/2db77e3c6bc03c538495d7b2b8be9b66\"},\"headline\":\"Puerto Rico: Hallaron el cuerpo de un hombre en el r\u00edo Paran\u00e1\",\"datePublished\":\"2021-01-15T15:39:31+00:00\",\"mainEntityOfPage\":{\"@id\":\"https:\\\/\\\/cvinoticias.com\\\/v3\\\/puerto-rico-hallaron-el-cuerpo-de-un-hombre-en-el-rio-parana\\\/\"},\"wordCount\":116,\"commentCount\":0,\"publisher\":{\"@id\":\"https:\\\/\\\/cvinoticias.com\\\/v3\\\/#organization\"},\"image\":{\"@id\":\"https:\\\/\\\/cvinoticias.com\\\/v3\\\/puerto-rico-hallaron-el-cuerpo-de-un-hombre-en-el-rio-parana\\\/#primaryimage\"},\"thumbnailUrl\":\"https:\\\/\\\/cvinoticias.com\\\/wp-content\\\/uploads\\\/2021\\\/01\\\/IMG-20210115-WA0066.jpg\",\"articleSection\":[\"Policiales\"],\"inLanguage\":\"es\",\"potentialAction\":[{\"@type\":\"CommentAction\",\"name\":\"Comment\",\"target\":[\"https:\\\/\\\/cvinoticias.com\\\/v3\\\/puerto-rico-hallaron-el-cuerpo-de-un-hombre-en-el-rio-parana\\\/#respond\"]}]},{\"@type\":\"WebPage\",\"@id\":\"https:\\\/\\\/cvinoticias.com\\\/v3\\\/puerto-rico-hallaron-el-cuerpo-de-un-hombre-en-el-rio-parana\\\/\",\"url\":\"https:\\\/\\\/cvinoticias.com\\\/v3\\\/puerto-rico-hallaron-el-cuerpo-de-un-hombre-en-el-rio-parana\\\/\",\"name\":\"Puerto Rico: Hallaron el cuerpo de un hombre en el r\u00edo Paran\u00e1 | CVI NOTICIAS\",\"isPartOf\":{\"@id\":\"https:\\\/\\\/cvinoticias.com\\\/v3\\\/#website\"},\"primaryImageOfPage\":{\"@id\":\"https:\\\/\\\/cvinoticias.com\\\/v3\\\/puerto-rico-hallaron-el-cuerpo-de-un-hombre-en-el-rio-parana\\\/#primaryimage\"},\"image\":{\"@id\":\"https:\\\/\\\/cvinoticias.com\\\/v3\\\/puerto-rico-hallaron-el-cuerpo-de-un-hombre-en-el-rio-parana\\\/#primaryimage\"},\"thumbnailUrl\":\"https:\\\/\\\/cvinoticias.com\\\/wp-content\\\/uploads\\\/2021\\\/01\\\/IMG-20210115-WA0066.jpg\",\"datePublished\":\"2021-01-15T15:39:31+00:00\",\"breadcrumb\":{\"@id\":\"https:\\\/\\\/cvinoticias.com\\\/v3\\\/puerto-rico-hallaron-el-cuerpo-de-un-hombre-en-el-rio-parana\\\/#breadcrumb\"},\"inLanguage\":\"es\",\"potentialAction\":[{\"@type\":\"ReadAction\",\"target\":[\"https:\\\/\\\/cvinoticias.com\\\/v3\\\/puerto-rico-hallaron-el-cuerpo-de-un-hombre-en-el-rio-parana\\\/\"]}]},{\"@type\":\"ImageObject\",\"inLanguage\":\"es\",\"@id\":\"https:\\\/\\\/cvinoticias.com\\\/v3\\\/puerto-rico-hallaron-el-cuerpo-de-un-hombre-en-el-rio-parana\\\/#primaryimage\",\"url\":\"https:\\\/\\\/cvinoticias.com\\\/wp-content\\\/uploads\\\/2021\\\/01\\\/IMG-20210115-WA0066.jpg\",\"contentUrl\":\"https:\\\/\\\/cvinoticias.com\\\/wp-content\\\/uploads\\\/2021\\\/01\\\/IMG-20210115-WA0066.jpg\",\"width\":867,\"height\":422},{\"@type\":\"BreadcrumbList\",\"@id\":\"https:\\\/\\\/cvinoticias.com\\\/v3\\\/puerto-rico-hallaron-el-cuerpo-de-un-hombre-en-el-rio-parana\\\/#breadcrumb\",\"itemListElement\":[{\"@type\":\"ListItem\",\"position\":1,\"name\":\"Portada\",\"item\":\"https:\\\/\\\/cvinoticias.com\\\/v3\\\/\"},{\"@type\":\"ListItem\",\"position\":2,\"name\":\"Puerto Rico: Hallaron el cuerpo de un hombre en el r\u00edo Paran\u00e1\"}]},{\"@type\":\"WebSite\",\"@id\":\"https:\\\/\\\/cvinoticias.com\\\/v3\\\/#website\",\"url\":\"https:\\\/\\\/cvinoticias.com\\\/v3\\\/\",\"name\":\"CVI NOTICIAS\",\"description\":\"\",\"publisher\":{\"@id\":\"https:\\\/\\\/cvinoticias.com\\\/v3\\\/#organization\"},\"alternateName\":\"CVI\",\"potentialAction\":[{\"@type\":\"SearchAction\",\"target\":{\"@type\":\"EntryPoint\",\"urlTemplate\":\"https:\\\/\\\/cvinoticias.com\\\/v3\\\/?s={search_term_string}\"},\"query-input\":{\"@type\":\"PropertyValueSpecification\",\"valueRequired\":true,\"valueName\":\"search_term_string\"}}],\"inLanguage\":\"es\"},{\"@type\":\"Organization\",\"@id\":\"https:\\\/\\\/cvinoticias.com\\\/v3\\\/#organization\",\"name\":\"CVI NOTICIAS\",\"url\":\"https:\\\/\\\/cvinoticias.com\\\/v3\\\/\",\"logo\":{\"@type\":\"ImageObject\",\"inLanguage\":\"es\",\"@id\":\"https:\\\/\\\/cvinoticias.com\\\/v3\\\/#\\\/schema\\\/logo\\\/image\\\/\",\"url\":\"https:\\\/\\\/cvinoticias.com\\\/wp-content\\\/uploads\\\/2023\\\/04\\\/cropped-cropped-cropped-cropped-cropped-3-1.png\",\"contentUrl\":\"https:\\\/\\\/cvinoticias.com\\\/wp-content\\\/uploads\\\/2023\\\/04\\\/cropped-cropped-cropped-cropped-cropped-3-1.png\",\"width\":95,\"height\":122,\"caption\":\"CVI NOTICIAS\"},\"image\":{\"@id\":\"https:\\\/\\\/cvinoticias.com\\\/v3\\\/#\\\/schema\\\/logo\\\/image\\\/\"},\"sameAs\":[\"https:\\\/\\\/www.facebook.com\\\/cvinoticias\",\"https:\\\/\\\/www.instagram.com\\\/cvinoticias\\\/\",\"https:\\\/\\\/www.youtube.com\\\/@CVINOTICIAS\"]},{\"@type\":\"Person\",\"@id\":\"https:\\\/\\\/cvinoticias.com\\\/v3\\\/#\\\/schema\\\/person\\\/2db77e3c6bc03c538495d7b2b8be9b66\",\"name\":\"f1000024\",\"image\":{\"@type\":\"ImageObject\",\"inLanguage\":\"es\",\"@id\":\"https:\\\/\\\/secure.gravatar.com\\\/avatar\\\/d4fe7459cfc51ff5129ce1a732bbef5928568b8092d412ef95611616376bbeed?s=96&d=mm&r=g\",\"url\":\"https:\\\/\\\/secure.gravatar.com\\\/avatar\\\/d4fe7459cfc51ff5129ce1a732bbef5928568b8092d412ef95611616376bbeed?s=96&d=mm&r=g\",\"contentUrl\":\"https:\\\/\\\/secure.gravatar.com\\\/avatar\\\/d4fe7459cfc51ff5129ce1a732bbef5928568b8092d412ef95611616376bbeed?s=96&d=mm&r=g\",\"caption\":\"f1000024\"},\"url\":\"https:\\\/\\\/cvinoticias.com\\\/v3\\\/author\\\/f1000024\\\/\"}]}<\/script>\n<!-- \/ Yoast SEO plugin. -->","yoast_head_json":{"title":"Puerto Rico: Hallaron el cuerpo de un hombre en el r\u00edo Paran\u00e1 | CVI NOTICIAS","robots":{"index":"index","follow":"follow","max-snippet":"max-snippet:-1","max-image-preview":"max-image-preview:large","max-video-preview":"max-video-preview:-1"},"canonical":"https:\/\/cvinoticias.com\/v3\/puerto-rico-hallaron-el-cuerpo-de-un-hombre-en-el-rio-parana\/","og_locale":"es_ES","og_type":"article","og_title":"Puerto Rico: Hallaron el cuerpo de un hombre en el r\u00edo Paran\u00e1 | CVI NOTICIAS","og_description":"A las 10 horas de este viernes la Polic\u00eda tom\u00f3 conocimiento que en el kil\u00f3metro 1728 del r\u00edo Paran\u00e1, zona de Colonia Oro Verde, personal de la Prefectura Naval Argentina, hall\u00f3 el cuerpo de un hombre en avanzado estado de descomposici\u00f3n. Una vez en el lugar se corrobor\u00f3 el hecho y efectivos de la Divisi\u00f3n [&hellip;]","og_url":"https:\/\/cvinoticias.com\/v3\/puerto-rico-hallaron-el-cuerpo-de-un-hombre-en-el-rio-parana\/","og_site_name":"CVI NOTICIAS","article_publisher":"https:\/\/www.facebook.com\/cvinoticias","article_published_time":"2021-01-15T15:39:31+00:00","og_image":[{"width":867,"height":422,"url":"https:\/\/cvinoticias.com\/wp-content\/uploads\/2021\/01\/IMG-20210115-WA0066.jpg","type":"image\/jpeg"}],"author":"f1000024","twitter_card":"summary_large_image","twitter_misc":{"Escrito por":"f1000024","Tiempo de lectura":"1 minuto"},"schema":{"@context":"https:\/\/schema.org","@graph":[{"@type":"Article","@id":"https:\/\/cvinoticias.com\/v3\/puerto-rico-hallaron-el-cuerpo-de-un-hombre-en-el-rio-parana\/#article","isPartOf":{"@id":"https:\/\/cvinoticias.com\/v3\/puerto-rico-hallaron-el-cuerpo-de-un-hombre-en-el-rio-parana\/"},"author":{"name":"f1000024","@id":"https:\/\/cvinoticias.com\/v3\/#\/schema\/person\/2db77e3c6bc03c538495d7b2b8be9b66"},"headline":"Puerto Rico: Hallaron el cuerpo de un hombre en el r\u00edo Paran\u00e1","datePublished":"2021-01-15T15:39:31+00:00","mainEntityOfPage":{"@id":"https:\/\/cvinoticias.com\/v3\/puerto-rico-hallaron-el-cuerpo-de-un-hombre-en-el-rio-parana\/"},"wordCount":116,"commentCount":0,"publisher":{"@id":"https:\/\/cvinoticias.com\/v3\/#organization"},"image":{"@id":"https:\/\/cvinoticias.com\/v3\/puerto-rico-hallaron-el-cuerpo-de-un-hombre-en-el-rio-parana\/#primaryimage"},"thumbnailUrl":"https:\/\/cvinoticias.com\/wp-content\/uploads\/2021\/01\/IMG-20210115-WA0066.jpg","articleSection":["Policiales"],"inLanguage":"es","potentialAction":[{"@type":"CommentAction","name":"Comment","target":["https:\/\/cvinoticias.com\/v3\/puerto-rico-hallaron-el-cuerpo-de-un-hombre-en-el-rio-parana\/#respond"]}]},{"@type":"WebPage","@id":"https:\/\/cvinoticias.com\/v3\/puerto-rico-hallaron-el-cuerpo-de-un-hombre-en-el-rio-parana\/","url":"https:\/\/cvinoticias.com\/v3\/puerto-rico-hallaron-el-cuerpo-de-un-hombre-en-el-rio-parana\/","name":"Puerto Rico: Hallaron el cuerpo de un hombre en el r\u00edo Paran\u00e1 | CVI NOTICIAS","isPartOf":{"@id":"https:\/\/cvinoticias.com\/v3\/#website"},"primaryImageOfPage":{"@id":"https:\/\/cvinoticias.com\/v3\/puerto-rico-hallaron-el-cuerpo-de-un-hombre-en-el-rio-parana\/#primaryimage"},"image":{"@id":"https:\/\/cvinoticias.com\/v3\/puerto-rico-hallaron-el-cuerpo-de-un-hombre-en-el-rio-parana\/#primaryimage"},"thumbnailUrl":"https:\/\/cvinoticias.com\/wp-content\/uploads\/2021\/01\/IMG-20210115-WA0066.jpg","datePublished":"2021-01-15T15:39:31+00:00","breadcrumb":{"@id":"https:\/\/cvinoticias.com\/v3\/puerto-rico-hallaron-el-cuerpo-de-un-hombre-en-el-rio-parana\/#breadcrumb"},"inLanguage":"es","potentialAction":[{"@type":"ReadAction","target":["https:\/\/cvinoticias.com\/v3\/puerto-rico-hallaron-el-cuerpo-de-un-hombre-en-el-rio-parana\/"]}]},{"@type":"ImageObject","inLanguage":"es","@id":"https:\/\/cvinoticias.com\/v3\/puerto-rico-hallaron-el-cuerpo-de-un-hombre-en-el-rio-parana\/#primaryimage","url":"https:\/\/cvinoticias.com\/wp-content\/uploads\/2021\/01\/IMG-20210115-WA0066.jpg","contentUrl":"https:\/\/cvinoticias.com\/wp-content\/uploads\/2021\/01\/IMG-20210115-WA0066.jpg","width":867,"height":422},{"@type":"BreadcrumbList","@id":"https:\/\/cvinoticias.com\/v3\/puerto-rico-hallaron-el-cuerpo-de-un-hombre-en-el-rio-parana\/#breadcrumb","itemListElement":[{"@type":"ListItem","position":1,"name":"Portada","item":"https:\/\/cvinoticias.com\/v3\/"},{"@type":"ListItem","position":2,"name":"Puerto Rico: Hallaron el cuerpo de un hombre en el r\u00edo Paran\u00e1"}]},{"@type":"WebSite","@id":"https:\/\/cvinoticias.com\/v3\/#website","url":"https:\/\/cvinoticias.com\/v3\/","name":"CVI NOTICIAS","description":"","publisher":{"@id":"https:\/\/cvinoticias.com\/v3\/#organization"},"alternateName":"CVI","potentialAction":[{"@type":"SearchAction","target":{"@type":"EntryPoint","urlTemplate":"https:\/\/cvinoticias.com\/v3\/?s={search_term_string}"},"query-input":{"@type":"PropertyValueSpecification","valueRequired":true,"valueName":"search_term_string"}}],"inLanguage":"es"},{"@type":"Organization","@id":"https:\/\/cvinoticias.com\/v3\/#organization","name":"CVI NOTICIAS","url":"https:\/\/cvinoticias.com\/v3\/","logo":{"@type":"ImageObject","inLanguage":"es","@id":"https:\/\/cvinoticias.com\/v3\/#\/schema\/logo\/image\/","url":"https:\/\/cvinoticias.com\/wp-content\/uploads\/2023\/04\/cropped-cropped-cropped-cropped-cropped-3-1.png","contentUrl":"https:\/\/cvinoticias.com\/wp-content\/uploads\/2023\/04\/cropped-cropped-cropped-cropped-cropped-3-1.png","width":95,"height":122,"caption":"CVI NOTICIAS"},"image":{"@id":"https:\/\/cvinoticias.com\/v3\/#\/schema\/logo\/image\/"},"sameAs":["https:\/\/www.facebook.com\/cvinoticias","https:\/\/www.instagram.com\/cvinoticias\/","https:\/\/www.youtube.com\/@CVINOTICIAS"]},{"@type":"Person","@id":"https:\/\/cvinoticias.com\/v3\/#\/schema\/person\/2db77e3c6bc03c538495d7b2b8be9b66","name":"f1000024","image":{"@type":"ImageObject","inLanguage":"es","@id":"https:\/\/secure.gravatar.com\/avatar\/d4fe7459cfc51ff5129ce1a732bbef5928568b8092d412ef95611616376bbeed?s=96&d=mm&r=g","url":"https:\/\/secure.gravatar.com\/avatar\/d4fe7459cfc51ff5129ce1a732bbef5928568b8092d412ef95611616376bbeed?s=96&d=mm&r=g","contentUrl":"https:\/\/secure.gravatar.com\/avatar\/d4fe7459cfc51ff5129ce1a732bbef5928568b8092d412ef95611616376bbeed?s=96&d=mm&r=g","caption":"f1000024"},"url":"https:\/\/cvinoticias.com\/v3\/author\/f1000024\/"}]}},"_links":{"self":[{"href":"https:\/\/cvinoticias.com\/v3\/wp-json\/wp\/v2\/posts\/1664","targetHints":{"allow":["GET"]}}],"collection":[{"href":"https:\/\/cvinoticias.com\/v3\/wp-json\/wp\/v2\/posts"}],"about":[{"href":"https:\/\/cvinoticias.com\/v3\/wp-json\/wp\/v2\/types\/post"}],"author":[{"embeddable":true,"href":"https:\/\/cvinoticias.com\/v3\/wp-json\/wp\/v2\/users\/2"}],"replies":[{"embeddable":true,"href":"https:\/\/cvinoticias.com\/v3\/wp-json\/wp\/v2\/comments?post=1664"}],"version-history":[{"count":1,"href":"https:\/\/cvinoticias.com\/v3\/wp-json\/wp\/v2\/posts\/1664\/revisions"}],"predecessor-version":[{"id":1666,"href":"https:\/\/cvinoticias.com\/v3\/wp-json\/wp\/v2\/posts\/1664\/revisions\/1666"}],"wp:featuredmedia":[{"embeddable":true,"href":"https:\/\/cvinoticias.com\/v3\/wp-json\/wp\/v2\/media\/1665"}],"wp:attachment":[{"href":"https:\/\/cvinoticias.com\/v3\/wp-json\/wp\/v2\/media?parent=1664"}],"wp:term":[{"taxonomy":"category","embeddable":true,"href":"https:\/\/cvinoticias.com\/v3\/wp-json\/wp\/v2\/categories?post=1664"},{"taxonomy":"post_tag","embeddable":true,"href":"https:\/\/cvinoticias.com\/v3\/wp-json\/wp\/v2\/tags?post=1664"}],"curies":[{"name":"wp","href":"https:\/\/api.w.org\/{rel}","templated":true}]}}