{"id":16564,"date":"2022-06-12T15:45:05","date_gmt":"2022-06-12T15:45:05","guid":{"rendered":"https:\/\/cvinoticias.com\/v3\/?p=16564"},"modified":"2022-06-12T15:45:05","modified_gmt":"2022-06-12T15:45:05","slug":"gestion-cercania-e-innovacion","status":"publish","type":"post","link":"https:\/\/cvinoticias.com\/v3\/gestion-cercania-e-innovacion\/","title":{"rendered":"Gesti\u00f3n, cercan\u00eda e innovaci\u00f3n"},"content":{"rendered":"\n<p class=\"wp-block-paragraph\"><strong><em>Esos tres pilares son parte constitutiva del modelo misionerista que encarna el Frente Renovador y que contrasta fuertemente con el \u00e1mbito nacional y con la realidad de los espacios opositores en la provincia.<\/em><\/strong><\/p>\n\n\n\n<p class=\"wp-block-paragraph\">Esta semana nuevamente se apreci\u00f3 una marca registrada en casi dos d\u00e9cadas de gesti\u00f3n del Frente Renovador: cercan\u00eda, reuniones de distintos niveles y b\u00fasqueda de soluciones para todos los rincones de la provincia. Herrera Ahuad y Arce mantuvieron intensas jornadas de reuniones y firmas de convenios, que se traducen en resultados concretos. Por su parte, Leonardo Stelatto culmin\u00f3 una semana memorable: fue el \u00fanico intendente de Argentina en participar de la Cumbre de las Am\u00e9ricas, celebrada en Los Angeles.<\/p>\n\n\n\n<p class=\"wp-block-paragraph\">Ese estilo de gobierno es valorado por el misionero de a pie, que en todos los relevamientos de opini\u00f3n ubica a los mandatarios muy por encima de la media en cuanto a aprobaci\u00f3n e imagen.<\/p>\n\n\n\n<p class=\"wp-block-paragraph\">Semanalmente, el Gobernador y su equipo recorren m\u00e1s de 20 municipios o parajes brindando soluciones y efectuando diagn\u00f3sticos de las distintas problem\u00e1ticas provinciales. En ese tipo de acciones se pueden leer algunas claves de la buena proyecci\u00f3n de al menos tres dirigentes del FR de cara a 2023. Lo cual resulta en un marcado contraste con el accionar opositor, extraviado en agendas alejadas de las preocupaciones de la poblaci\u00f3n, como la modificaci\u00f3n del sistema electoral, cambiar el actual sistema (que no present\u00f3 jam\u00e1s alguna denuncia seria de irregularidad) por el de una boleta kilom\u00e9trica en la que incluso nombres de candidatos no son mencionados.<\/p>\n\n\n\n<p class=\"wp-block-paragraph\">Otro elemento que resalta en este estilo de \u201chacedor de la pol\u00edtica\u201d, maker, se podr\u00eda catalogar, es el ingreso de funcionarios j\u00f3venes y comprometidos. Tales son los casos de los nuevos ministros de Cambio Clim\u00e1tico y el Agro. Estas nuevas miradas, algunas sin pasado previo en la pol\u00edtica partidaria, aportan mayor volumen social y pol\u00edtico a un proyecto que siempre busca renovarse.<\/p>\n\n\n\n<p class=\"wp-block-paragraph\">Un eje fundamental del proyecto misionerista es la actividad que lleva adelante la C\u00e1mara de Representantes, que funciona de manera aceitada y aporta soluciones concretas a los reclamos ciudadanos. Un funcionamiento muy diferente a lo que sucede en el Congreso nacional, por momentos paralizado debido a los desacuerdos entre las dos coaliciones m\u00e1s grandes de la pol\u00edtica argentina.<\/p>\n\n\n\n<p class=\"wp-block-paragraph\">Por ejemplo, el pasado jueves, en la sexta sesi\u00f3n ordinaria del ciclo legislativo 2022, se cre\u00f3 el Programa Provincial de Salud Renal, el Polo de Dise\u00f1o, el Programa Provincial de Asistencia y Fortalecimiento Institucional; se declar\u00f3 Patrimonio Hist\u00f3rico, Cultural y Arqueol\u00f3gico a los Petroglifos de Colonia \u201cLa Invernada\u201d, en San Ignacio; se declar\u00f3 Monumento Natural Provincial y de Inter\u00e9s P\u00fablico a la especie de ave aut\u00f3ctona denominada \u201cvencejo de cascada\u201d y se instituy\u00f3 el D\u00eda del Inmigrante Italiano.<\/p>\n\n\n\n<p class=\"wp-block-paragraph\">El Programa de Salud Renal est\u00e1 destinado a la detecci\u00f3n temprana, diagn\u00f3stico, tratamiento, seguimiento y control de la Enfermedad Renal Cr\u00f3nica. Con esta medida se busca disminuir la morbilidad y mortalidad por esta patolog\u00eda. A la vez, el Polo de Dise\u00f1o tiene el fin de promover y potenciar la generaci\u00f3n de conocimiento como eje de investigaci\u00f3n, producci\u00f3n, industrializaci\u00f3n y perfeccionamiento para el desarrollo de empresas y emprendedores de la industria creativa del dise\u00f1o local. De esta manera se busca impulsar la econom\u00eda regional y la participaci\u00f3n ciudadana en un espacio de innovaci\u00f3n tecnol\u00f3gica de vanguardia.<\/p>\n\n\n\n<p class=\"wp-block-paragraph\">Y el Programa Provincial de Asistencia y Fortalecimiento Institucional se cre\u00f3 para promover, a trav\u00e9s de la implementaci\u00f3n de las tecnolog\u00edas de la informaci\u00f3n y comunicaci\u00f3n, un modelo de gesti\u00f3n administrativa y deliberativa en los municipios misioneros, potenciando el desarrollo sostenible de manera directa en el bienestar de la poblaci\u00f3n.<\/p>\n\n\n\n<p class=\"wp-block-paragraph\">El estilo \u201cmaker\u201d de la pol\u00edtica misionerista explica tambi\u00e9n otras cosas, como por ejemplo el progreso que se observa en las grandes ciudades donde se destaca el orden, la limpieza y la seguridad; la gran rentabilidad que est\u00e1n teniendo las econom\u00edas regionales como la foresto industria y la yerba mate, la infinidad de obras nuevas que generan empleo genuino; el polo gastron\u00f3mico y comercial, el turismo, y los tours de compras de brasileros y paraguayos que invaden la ciudad derramando ganancias. Se aprecia una fuerte y distinguida actividad que demuestra crecimiento en todas las \u00e1reas.<\/p>\n\n\n\n<p class=\"wp-block-paragraph\">En el mismo sentido se inscribe la innovaci\u00f3n, piedra basal que no puede faltar en ning\u00fan an\u00e1lisis, donde se destacan los nuevos parques fotovoltaicos que est\u00e1n empezando a abastecer de energ\u00eda limpia y sustentable al crecimiento de las ciudades. Tambi\u00e9n los centros de formaci\u00f3n para j\u00f3venes en temas como programaci\u00f3n, rob\u00f3tica, dise\u00f1o, econom\u00eda del conocimiento y econom\u00eda circular. Son los ejes que generan la mayor demanda de empleo en la actualidad y los que dominar\u00e1n el mercado laboral en pocos a\u00f1os. Misiones est\u00e1 a la vanguardia de ese rubro en todo el pa\u00eds. Ninguna provincia estuvo tan acertada y anticipada como \u00e9sta.<\/p>\n\n\n\n<p class=\"wp-block-paragraph\">En lo pol\u00edtico e institucional tambi\u00e9n hubo claros e importantes avances, como el caso de haber saneado a una conducci\u00f3n cuestionada e irregular de la Cooperativa El\u00e9ctrica de Ober\u00e1, que ven\u00eda causando un da\u00f1o econ\u00f3mico, patrimonial e institucional a todos los socios y que se resist\u00eda a dejar la administraci\u00f3n a pesar de haber endeudado de manera cr\u00f3nica a la entidad. Lo cambiaron los propios consejeros que eran testigos de sus manejos. En este sentido, el viernes se reunieron las cooperativas con EMSA, revisaron n\u00fameros, tarifas y endeudamientos.<\/p>\n\n\n\n<p class=\"wp-block-paragraph\">Qued\u00f3 claro que no se tolerar\u00e1 las administraciones fraudulentas o irregulares. Si la mitad de las cooperativas se encuentra al d\u00eda y puede pagar regularmente su consumo, la exigencia ser\u00e1 inapelable para todas.<\/p>\n\n\n\n<p class=\"wp-block-paragraph\">Ober\u00e1 tuvo otras novedades en la semana que impactaron de manera muy positiva en la ciudadan\u00eda. El intendente Hassan ejecut\u00f3 una soluci\u00f3n integral para el cuestionado servicio de transporte de pasajeros, contratando a otra empresa mientras dure el apriete de la hist\u00f3rica l\u00ednea casi destartalada cuya concesi\u00f3n agoniza. La modernidad del transporte, con unidades nuevas y m\u00e1s c\u00f3modas, se complementa con un plan de obras viales que agiliza la circulaci\u00f3n, la incorporaci\u00f3n de camiones y maquinaria nueva para brindar mejores servicios.<\/p>\n\n\n\n<p class=\"wp-block-paragraph\">Ober\u00e1 se est\u00e1 transformando con decisiones determinantes y beneficiosas para los vecinos.<br>Por el lado de la oposici\u00f3n, adem\u00e1s de tener una agenda totalmente alejada de las preocupaciones de la gente, en Juntos por el Cambio est\u00e1n atravesando una crisis existencial: la ruptura es un escenario concreto, con al menos 8 precandidatos presidenciales. Sin liderazgo claro, se debate el poder por el poder mismo.<\/p>\n\n\n\n<p class=\"wp-block-paragraph\">Los ocho o diez candidatos nacionales tienen sus representantes en Misiones, con lo cual, en la provincia tambi\u00e9n el espacio se encuentra atomizado, dividido y peleando por los cargos. Esta situaci\u00f3n es confusa para la mayor\u00eda de la poblaci\u00f3n. Por ejemplo, Arjol no demuestra capacidad de liderazgo y empieza a levantar cada vez m\u00e1s cr\u00edticas por no haber conseguido nada para los misioneros desde diciembre de 2021 cuando vot\u00f3 en contra del Presupuesto Nacional, dejando a Misiones sin obras y sin Zona Aduanera Especial.<\/p>\n\n\n\n<p class=\"wp-block-paragraph\">En el Frente de Todos las cosas no est\u00e1n mejor. La divisi\u00f3n nacional entre los diferentes sectores se traslada tambi\u00e9n a Misiones, donde el PAyS y La C\u00e1mpora no tienen di\u00e1logo desde hace un a\u00f1o. Adem\u00e1s de la dif\u00edcil tarea de defender a un gobierno con inflaci\u00f3n de 70 puntos anual.<br>Siendo ellos parte del gobierno, Cacho B\u00e1rbaro y Cristina Br\u00edtez no han conseguido un solo beneficio para los misioneros y dif\u00edcilmente lo hagan. Seguramente en 2023 volver\u00e1n a realizar promesas dif\u00edciles de cumplir cuando necesiten, otra vez, el voto para ir al Congreso a defender lo que le ordenan los Fern\u00e1ndez. De defender a Misiones ni hablar.<\/p>\n","protected":false},"excerpt":{"rendered":"<p>Esos tres pilares son parte constitutiva del modelo misionerista que encarna el Frente Renovador y que contrasta fuertemente con el \u00e1mbito nacional y con la realidad de los espacios opositores en la provincia. Esta semana nuevamente se apreci\u00f3 una marca registrada en casi dos d\u00e9cadas de gesti\u00f3n del Frente Renovador: cercan\u00eda, reuniones de distintos niveles [&hellip;]<\/p>\n","protected":false},"author":2,"featured_media":16565,"comment_status":"open","ping_status":"open","sticky":false,"template":"","format":"standard","meta":{"footnotes":""},"categories":[43],"tags":[],"class_list":["post-16564","post","type-post","status-publish","format-standard","has-post-thumbnail","hentry","category-provinciales"],"yoast_head":"<!-- This site is optimized with the Yoast SEO plugin v28.3 - https:\/\/yoast.com\/product\/yoast-seo-wordpress\/ -->\n<title>Gesti\u00f3n, cercan\u00eda e innovaci\u00f3n | CVI NOTICIAS<\/title>\n<meta name=\"robots\" content=\"index, follow, max-snippet:-1, max-image-preview:large, max-video-preview:-1\" \/>\n<link rel=\"canonical\" href=\"https:\/\/cvinoticias.com\/v3\/gestion-cercania-e-innovacion\/\" \/>\n<meta property=\"og:locale\" content=\"es_ES\" \/>\n<meta property=\"og:type\" content=\"article\" \/>\n<meta property=\"og:title\" content=\"Gesti\u00f3n, cercan\u00eda e innovaci\u00f3n | CVI NOTICIAS\" \/>\n<meta property=\"og:description\" content=\"Esos tres pilares son parte constitutiva del modelo misionerista que encarna el Frente Renovador y que contrasta fuertemente con el \u00e1mbito nacional y con la realidad de los espacios opositores en la provincia. Esta semana nuevamente se apreci\u00f3 una marca registrada en casi dos d\u00e9cadas de gesti\u00f3n del Frente Renovador: cercan\u00eda, reuniones de distintos niveles [&hellip;]\" \/>\n<meta property=\"og:url\" content=\"https:\/\/cvinoticias.com\/v3\/gestion-cercania-e-innovacion\/\" \/>\n<meta property=\"og:site_name\" content=\"CVI NOTICIAS\" \/>\n<meta property=\"article:publisher\" content=\"https:\/\/www.facebook.com\/cvinoticias\" \/>\n<meta property=\"article:published_time\" content=\"2022-06-12T15:45:05+00:00\" \/>\n<meta property=\"og:image\" content=\"https:\/\/cvinoticias.com\/wp-content\/uploads\/2022\/06\/IMG-20220612-WA0056.jpg\" \/>\n\t<meta property=\"og:image:width\" content=\"853\" \/>\n\t<meta property=\"og:image:height\" content=\"569\" \/>\n\t<meta property=\"og:image:type\" content=\"image\/jpeg\" \/>\n<meta name=\"author\" content=\"f1000024\" \/>\n<meta name=\"twitter:card\" content=\"summary_large_image\" \/>\n<meta name=\"twitter:label1\" content=\"Escrito por\" \/>\n\t<meta name=\"twitter:data1\" content=\"f1000024\" \/>\n\t<meta name=\"twitter:label2\" content=\"Tiempo de lectura\" \/>\n\t<meta name=\"twitter:data2\" content=\"7 minutos\" \/>\n<script type=\"application\/ld+json\" class=\"yoast-schema-graph\">{\"@context\":\"https:\\\/\\\/schema.org\",\"@graph\":[{\"@type\":\"Article\",\"@id\":\"https:\\\/\\\/cvinoticias.com\\\/v3\\\/gestion-cercania-e-innovacion\\\/#article\",\"isPartOf\":{\"@id\":\"https:\\\/\\\/cvinoticias.com\\\/v3\\\/gestion-cercania-e-innovacion\\\/\"},\"author\":{\"name\":\"f1000024\",\"@id\":\"https:\\\/\\\/cvinoticias.com\\\/v3\\\/#\\\/schema\\\/person\\\/2db77e3c6bc03c538495d7b2b8be9b66\"},\"headline\":\"Gesti\u00f3n, cercan\u00eda e innovaci\u00f3n\",\"datePublished\":\"2022-06-12T15:45:05+00:00\",\"mainEntityOfPage\":{\"@id\":\"https:\\\/\\\/cvinoticias.com\\\/v3\\\/gestion-cercania-e-innovacion\\\/\"},\"wordCount\":1368,\"commentCount\":0,\"publisher\":{\"@id\":\"https:\\\/\\\/cvinoticias.com\\\/v3\\\/#organization\"},\"image\":{\"@id\":\"https:\\\/\\\/cvinoticias.com\\\/v3\\\/gestion-cercania-e-innovacion\\\/#primaryimage\"},\"thumbnailUrl\":\"https:\\\/\\\/cvinoticias.com\\\/wp-content\\\/uploads\\\/2022\\\/06\\\/IMG-20220612-WA0056.jpg\",\"articleSection\":[\"Provinciales\"],\"inLanguage\":\"es\",\"potentialAction\":[{\"@type\":\"CommentAction\",\"name\":\"Comment\",\"target\":[\"https:\\\/\\\/cvinoticias.com\\\/v3\\\/gestion-cercania-e-innovacion\\\/#respond\"]}]},{\"@type\":\"WebPage\",\"@id\":\"https:\\\/\\\/cvinoticias.com\\\/v3\\\/gestion-cercania-e-innovacion\\\/\",\"url\":\"https:\\\/\\\/cvinoticias.com\\\/v3\\\/gestion-cercania-e-innovacion\\\/\",\"name\":\"Gesti\u00f3n, cercan\u00eda e innovaci\u00f3n | CVI NOTICIAS\",\"isPartOf\":{\"@id\":\"https:\\\/\\\/cvinoticias.com\\\/v3\\\/#website\"},\"primaryImageOfPage\":{\"@id\":\"https:\\\/\\\/cvinoticias.com\\\/v3\\\/gestion-cercania-e-innovacion\\\/#primaryimage\"},\"image\":{\"@id\":\"https:\\\/\\\/cvinoticias.com\\\/v3\\\/gestion-cercania-e-innovacion\\\/#primaryimage\"},\"thumbnailUrl\":\"https:\\\/\\\/cvinoticias.com\\\/wp-content\\\/uploads\\\/2022\\\/06\\\/IMG-20220612-WA0056.jpg\",\"datePublished\":\"2022-06-12T15:45:05+00:00\",\"breadcrumb\":{\"@id\":\"https:\\\/\\\/cvinoticias.com\\\/v3\\\/gestion-cercania-e-innovacion\\\/#breadcrumb\"},\"inLanguage\":\"es\",\"potentialAction\":[{\"@type\":\"ReadAction\",\"target\":[\"https:\\\/\\\/cvinoticias.com\\\/v3\\\/gestion-cercania-e-innovacion\\\/\"]}]},{\"@type\":\"ImageObject\",\"inLanguage\":\"es\",\"@id\":\"https:\\\/\\\/cvinoticias.com\\\/v3\\\/gestion-cercania-e-innovacion\\\/#primaryimage\",\"url\":\"https:\\\/\\\/cvinoticias.com\\\/wp-content\\\/uploads\\\/2022\\\/06\\\/IMG-20220612-WA0056.jpg\",\"contentUrl\":\"https:\\\/\\\/cvinoticias.com\\\/wp-content\\\/uploads\\\/2022\\\/06\\\/IMG-20220612-WA0056.jpg\",\"width\":853,\"height\":569},{\"@type\":\"BreadcrumbList\",\"@id\":\"https:\\\/\\\/cvinoticias.com\\\/v3\\\/gestion-cercania-e-innovacion\\\/#breadcrumb\",\"itemListElement\":[{\"@type\":\"ListItem\",\"position\":1,\"name\":\"Portada\",\"item\":\"https:\\\/\\\/cvinoticias.com\\\/v3\\\/\"},{\"@type\":\"ListItem\",\"position\":2,\"name\":\"Gesti\u00f3n, cercan\u00eda e innovaci\u00f3n\"}]},{\"@type\":\"WebSite\",\"@id\":\"https:\\\/\\\/cvinoticias.com\\\/v3\\\/#website\",\"url\":\"https:\\\/\\\/cvinoticias.com\\\/v3\\\/\",\"name\":\"CVI NOTICIAS\",\"description\":\"\",\"publisher\":{\"@id\":\"https:\\\/\\\/cvinoticias.com\\\/v3\\\/#organization\"},\"alternateName\":\"CVI\",\"potentialAction\":[{\"@type\":\"SearchAction\",\"target\":{\"@type\":\"EntryPoint\",\"urlTemplate\":\"https:\\\/\\\/cvinoticias.com\\\/v3\\\/?s={search_term_string}\"},\"query-input\":{\"@type\":\"PropertyValueSpecification\",\"valueRequired\":true,\"valueName\":\"search_term_string\"}}],\"inLanguage\":\"es\"},{\"@type\":\"Organization\",\"@id\":\"https:\\\/\\\/cvinoticias.com\\\/v3\\\/#organization\",\"name\":\"CVI NOTICIAS\",\"url\":\"https:\\\/\\\/cvinoticias.com\\\/v3\\\/\",\"logo\":{\"@type\":\"ImageObject\",\"inLanguage\":\"es\",\"@id\":\"https:\\\/\\\/cvinoticias.com\\\/v3\\\/#\\\/schema\\\/logo\\\/image\\\/\",\"url\":\"https:\\\/\\\/cvinoticias.com\\\/wp-content\\\/uploads\\\/2023\\\/04\\\/cropped-cropped-cropped-cropped-cropped-3-1.png\",\"contentUrl\":\"https:\\\/\\\/cvinoticias.com\\\/wp-content\\\/uploads\\\/2023\\\/04\\\/cropped-cropped-cropped-cropped-cropped-3-1.png\",\"width\":95,\"height\":122,\"caption\":\"CVI NOTICIAS\"},\"image\":{\"@id\":\"https:\\\/\\\/cvinoticias.com\\\/v3\\\/#\\\/schema\\\/logo\\\/image\\\/\"},\"sameAs\":[\"https:\\\/\\\/www.facebook.com\\\/cvinoticias\",\"https:\\\/\\\/www.instagram.com\\\/cvinoticias\\\/\",\"https:\\\/\\\/www.youtube.com\\\/@CVINOTICIAS\"]},{\"@type\":\"Person\",\"@id\":\"https:\\\/\\\/cvinoticias.com\\\/v3\\\/#\\\/schema\\\/person\\\/2db77e3c6bc03c538495d7b2b8be9b66\",\"name\":\"f1000024\",\"image\":{\"@type\":\"ImageObject\",\"inLanguage\":\"es\",\"@id\":\"https:\\\/\\\/secure.gravatar.com\\\/avatar\\\/d4fe7459cfc51ff5129ce1a732bbef5928568b8092d412ef95611616376bbeed?s=96&d=mm&r=g\",\"url\":\"https:\\\/\\\/secure.gravatar.com\\\/avatar\\\/d4fe7459cfc51ff5129ce1a732bbef5928568b8092d412ef95611616376bbeed?s=96&d=mm&r=g\",\"contentUrl\":\"https:\\\/\\\/secure.gravatar.com\\\/avatar\\\/d4fe7459cfc51ff5129ce1a732bbef5928568b8092d412ef95611616376bbeed?s=96&d=mm&r=g\",\"caption\":\"f1000024\"},\"url\":\"https:\\\/\\\/cvinoticias.com\\\/v3\\\/author\\\/f1000024\\\/\"}]}<\/script>\n<!-- \/ Yoast SEO plugin. -->","yoast_head_json":{"title":"Gesti\u00f3n, cercan\u00eda e innovaci\u00f3n | CVI NOTICIAS","robots":{"index":"index","follow":"follow","max-snippet":"max-snippet:-1","max-image-preview":"max-image-preview:large","max-video-preview":"max-video-preview:-1"},"canonical":"https:\/\/cvinoticias.com\/v3\/gestion-cercania-e-innovacion\/","og_locale":"es_ES","og_type":"article","og_title":"Gesti\u00f3n, cercan\u00eda e innovaci\u00f3n | CVI NOTICIAS","og_description":"Esos tres pilares son parte constitutiva del modelo misionerista que encarna el Frente Renovador y que contrasta fuertemente con el \u00e1mbito nacional y con la realidad de los espacios opositores en la provincia. Esta semana nuevamente se apreci\u00f3 una marca registrada en casi dos d\u00e9cadas de gesti\u00f3n del Frente Renovador: cercan\u00eda, reuniones de distintos niveles [&hellip;]","og_url":"https:\/\/cvinoticias.com\/v3\/gestion-cercania-e-innovacion\/","og_site_name":"CVI NOTICIAS","article_publisher":"https:\/\/www.facebook.com\/cvinoticias","article_published_time":"2022-06-12T15:45:05+00:00","og_image":[{"width":853,"height":569,"url":"https:\/\/cvinoticias.com\/wp-content\/uploads\/2022\/06\/IMG-20220612-WA0056.jpg","type":"image\/jpeg"}],"author":"f1000024","twitter_card":"summary_large_image","twitter_misc":{"Escrito por":"f1000024","Tiempo de lectura":"7 minutos"},"schema":{"@context":"https:\/\/schema.org","@graph":[{"@type":"Article","@id":"https:\/\/cvinoticias.com\/v3\/gestion-cercania-e-innovacion\/#article","isPartOf":{"@id":"https:\/\/cvinoticias.com\/v3\/gestion-cercania-e-innovacion\/"},"author":{"name":"f1000024","@id":"https:\/\/cvinoticias.com\/v3\/#\/schema\/person\/2db77e3c6bc03c538495d7b2b8be9b66"},"headline":"Gesti\u00f3n, cercan\u00eda e innovaci\u00f3n","datePublished":"2022-06-12T15:45:05+00:00","mainEntityOfPage":{"@id":"https:\/\/cvinoticias.com\/v3\/gestion-cercania-e-innovacion\/"},"wordCount":1368,"commentCount":0,"publisher":{"@id":"https:\/\/cvinoticias.com\/v3\/#organization"},"image":{"@id":"https:\/\/cvinoticias.com\/v3\/gestion-cercania-e-innovacion\/#primaryimage"},"thumbnailUrl":"https:\/\/cvinoticias.com\/wp-content\/uploads\/2022\/06\/IMG-20220612-WA0056.jpg","articleSection":["Provinciales"],"inLanguage":"es","potentialAction":[{"@type":"CommentAction","name":"Comment","target":["https:\/\/cvinoticias.com\/v3\/gestion-cercania-e-innovacion\/#respond"]}]},{"@type":"WebPage","@id":"https:\/\/cvinoticias.com\/v3\/gestion-cercania-e-innovacion\/","url":"https:\/\/cvinoticias.com\/v3\/gestion-cercania-e-innovacion\/","name":"Gesti\u00f3n, cercan\u00eda e innovaci\u00f3n | CVI NOTICIAS","isPartOf":{"@id":"https:\/\/cvinoticias.com\/v3\/#website"},"primaryImageOfPage":{"@id":"https:\/\/cvinoticias.com\/v3\/gestion-cercania-e-innovacion\/#primaryimage"},"image":{"@id":"https:\/\/cvinoticias.com\/v3\/gestion-cercania-e-innovacion\/#primaryimage"},"thumbnailUrl":"https:\/\/cvinoticias.com\/wp-content\/uploads\/2022\/06\/IMG-20220612-WA0056.jpg","datePublished":"2022-06-12T15:45:05+00:00","breadcrumb":{"@id":"https:\/\/cvinoticias.com\/v3\/gestion-cercania-e-innovacion\/#breadcrumb"},"inLanguage":"es","potentialAction":[{"@type":"ReadAction","target":["https:\/\/cvinoticias.com\/v3\/gestion-cercania-e-innovacion\/"]}]},{"@type":"ImageObject","inLanguage":"es","@id":"https:\/\/cvinoticias.com\/v3\/gestion-cercania-e-innovacion\/#primaryimage","url":"https:\/\/cvinoticias.com\/wp-content\/uploads\/2022\/06\/IMG-20220612-WA0056.jpg","contentUrl":"https:\/\/cvinoticias.com\/wp-content\/uploads\/2022\/06\/IMG-20220612-WA0056.jpg","width":853,"height":569},{"@type":"BreadcrumbList","@id":"https:\/\/cvinoticias.com\/v3\/gestion-cercania-e-innovacion\/#breadcrumb","itemListElement":[{"@type":"ListItem","position":1,"name":"Portada","item":"https:\/\/cvinoticias.com\/v3\/"},{"@type":"ListItem","position":2,"name":"Gesti\u00f3n, cercan\u00eda e innovaci\u00f3n"}]},{"@type":"WebSite","@id":"https:\/\/cvinoticias.com\/v3\/#website","url":"https:\/\/cvinoticias.com\/v3\/","name":"CVI NOTICIAS","description":"","publisher":{"@id":"https:\/\/cvinoticias.com\/v3\/#organization"},"alternateName":"CVI","potentialAction":[{"@type":"SearchAction","target":{"@type":"EntryPoint","urlTemplate":"https:\/\/cvinoticias.com\/v3\/?s={search_term_string}"},"query-input":{"@type":"PropertyValueSpecification","valueRequired":true,"valueName":"search_term_string"}}],"inLanguage":"es"},{"@type":"Organization","@id":"https:\/\/cvinoticias.com\/v3\/#organization","name":"CVI NOTICIAS","url":"https:\/\/cvinoticias.com\/v3\/","logo":{"@type":"ImageObject","inLanguage":"es","@id":"https:\/\/cvinoticias.com\/v3\/#\/schema\/logo\/image\/","url":"https:\/\/cvinoticias.com\/wp-content\/uploads\/2023\/04\/cropped-cropped-cropped-cropped-cropped-3-1.png","contentUrl":"https:\/\/cvinoticias.com\/wp-content\/uploads\/2023\/04\/cropped-cropped-cropped-cropped-cropped-3-1.png","width":95,"height":122,"caption":"CVI NOTICIAS"},"image":{"@id":"https:\/\/cvinoticias.com\/v3\/#\/schema\/logo\/image\/"},"sameAs":["https:\/\/www.facebook.com\/cvinoticias","https:\/\/www.instagram.com\/cvinoticias\/","https:\/\/www.youtube.com\/@CVINOTICIAS"]},{"@type":"Person","@id":"https:\/\/cvinoticias.com\/v3\/#\/schema\/person\/2db77e3c6bc03c538495d7b2b8be9b66","name":"f1000024","image":{"@type":"ImageObject","inLanguage":"es","@id":"https:\/\/secure.gravatar.com\/avatar\/d4fe7459cfc51ff5129ce1a732bbef5928568b8092d412ef95611616376bbeed?s=96&d=mm&r=g","url":"https:\/\/secure.gravatar.com\/avatar\/d4fe7459cfc51ff5129ce1a732bbef5928568b8092d412ef95611616376bbeed?s=96&d=mm&r=g","contentUrl":"https:\/\/secure.gravatar.com\/avatar\/d4fe7459cfc51ff5129ce1a732bbef5928568b8092d412ef95611616376bbeed?s=96&d=mm&r=g","caption":"f1000024"},"url":"https:\/\/cvinoticias.com\/v3\/author\/f1000024\/"}]}},"_links":{"self":[{"href":"https:\/\/cvinoticias.com\/v3\/wp-json\/wp\/v2\/posts\/16564","targetHints":{"allow":["GET"]}}],"collection":[{"href":"https:\/\/cvinoticias.com\/v3\/wp-json\/wp\/v2\/posts"}],"about":[{"href":"https:\/\/cvinoticias.com\/v3\/wp-json\/wp\/v2\/types\/post"}],"author":[{"embeddable":true,"href":"https:\/\/cvinoticias.com\/v3\/wp-json\/wp\/v2\/users\/2"}],"replies":[{"embeddable":true,"href":"https:\/\/cvinoticias.com\/v3\/wp-json\/wp\/v2\/comments?post=16564"}],"version-history":[{"count":1,"href":"https:\/\/cvinoticias.com\/v3\/wp-json\/wp\/v2\/posts\/16564\/revisions"}],"predecessor-version":[{"id":16566,"href":"https:\/\/cvinoticias.com\/v3\/wp-json\/wp\/v2\/posts\/16564\/revisions\/16566"}],"wp:featuredmedia":[{"embeddable":true,"href":"https:\/\/cvinoticias.com\/v3\/wp-json\/wp\/v2\/media\/16565"}],"wp:attachment":[{"href":"https:\/\/cvinoticias.com\/v3\/wp-json\/wp\/v2\/media?parent=16564"}],"wp:term":[{"taxonomy":"category","embeddable":true,"href":"https:\/\/cvinoticias.com\/v3\/wp-json\/wp\/v2\/categories?post=16564"},{"taxonomy":"post_tag","embeddable":true,"href":"https:\/\/cvinoticias.com\/v3\/wp-json\/wp\/v2\/tags?post=16564"}],"curies":[{"name":"wp","href":"https:\/\/api.w.org\/{rel}","templated":true}]}}