{"id":16555,"date":"2022-06-11T04:47:23","date_gmt":"2022-06-11T04:47:23","guid":{"rendered":"https:\/\/cvinoticias.com\/v3\/?p=16555"},"modified":"2022-06-11T04:47:23","modified_gmt":"2022-06-11T04:47:23","slug":"el-ministerio-de-educacion-acordo-un-aumento-salarial-del-608-para-los-docentes","status":"publish","type":"post","link":"https:\/\/cvinoticias.com\/v3\/el-ministerio-de-educacion-acordo-un-aumento-salarial-del-608-para-los-docentes\/","title":{"rendered":"El Ministerio de Educaci\u00f3n acord\u00f3 un aumento salarial del 60,8% para los docentes"},"content":{"rendered":"\n<p><strong><em>El porcentaje se ver\u00e1 reflejado a fin de a\u00f1o. Habr\u00e1 una instancia de revisi\u00f3n en septiembre.<\/em><\/strong><\/p>\n\n\n\n<p>El ministro de Educaci\u00f3n, Jaime Perczyk, anunci\u00f3 este viernes que se acord\u00f3 con los gremios docentes adelantar los tramos del aumento salarial a los maestros para llegar a un 60,8% de incremento en diciembre y mantener en forma permanente la comisi\u00f3n de seguimiento de la evoluci\u00f3n del salario con revisi\u00f3n en septiembre pr\u00f3ximo.<\/p>\n\n\n\n<p>El anuncio lleg\u00f3 tras una nueva reuni\u00f3n paritaria con los cinco gremios docentes con representaci\u00f3n nacional que firmaron el acta por el cual se resolvi\u00f3 adelantar los tramos de aumento salarial para los docentes.<\/p>\n\n\n\n<p>Seg\u00fan el acuerdo, el piso del m\u00ednimo nacional para los docentes ser\u00e1 de $55.000 desde el 1 de junio; $60.000 a partir del 1 de julio; $64.000 en septiembre para llegar a los $68.400 en diciembre, lo que implica un aumento del 60,8%, seg\u00fan se detall\u00f3 en un comunicado desde la cartera de Educaci\u00f3n.<\/p>\n\n\n\n<p>Incentivo docente<\/p>\n\n\n\n<p>Adem\u00e1s se acord\u00f3 un adelantamiento de cuotas del Fondo Nacional de Incentivo Docente (FONID) para los meses de junio, agosto y septiembre de 2022 por la suma de: $4.524 a partir del 1 de junio y $6.774 en total con el concepto de adicional por material did\u00e1ctico y conectividad y $5.141 a partir del 1 de julio con un total de $7391 con el concepto de adicional por material did\u00e1ctico y conectividad.<\/p>\n\n\n\n<p>En tanto, en septiembre ser\u00e1 de $5.634 y $7.884 total por el concepto de adicional de material did\u00e1ctico y conectividad y desde diciembre pasar\u00e1 a $6.173 con un total de $8.423 por el concepto de adicional de material did\u00e1ctico y conectividad.<\/p>\n\n\n\n<p>En el encuentro estuvieron presentes por parte del Ministerio la secretaria de Educaci\u00f3n, Silvina Gvirtz; el secretario de Informaci\u00f3n y Evaluaci\u00f3n Educativa, Germ\u00e1n Lodola; el secretario general del Consejo Federal de Educaci\u00f3n (CFE), Marcelo Mango; los miembros del Comit\u00e9 Ejecutivo del CFE y el asesor del Ministerio de Trabajo, Alejandro Ferrari.<\/p>\n\n\n\n<p>Asimismo, participaron representantes de Confederaci\u00f3n de Trabajadores de la Educaci\u00f3n (Ctera), Uni\u00f3n Docentes Argentinos (UDA), Confederaci\u00f3n de Educadores Argentinos (CEA), Sindicato Argentino de Docentes Privados (Sadop), Asociaci\u00f3n del Magisterio de Ense\u00f1anza T\u00e9cnica (Amet), Junta Coordinadora de Asociaciones de la Ense\u00f1anza Privada (Coordiep), Consejo Superior de Educaci\u00f3n Cat\u00f3lica (Consudec) y Confederaci\u00f3n Argentina de Instituciones Educativas Privadas (Caiep).<\/p>\n\n\n\n<p>.<\/p>\n","protected":false},"excerpt":{"rendered":"<p>El porcentaje se ver\u00e1 reflejado a fin de a\u00f1o. Habr\u00e1 una instancia de revisi\u00f3n en septiembre. El ministro de Educaci\u00f3n, Jaime Perczyk, anunci\u00f3 este viernes que se acord\u00f3 con los gremios docentes adelantar los tramos del aumento salarial a los maestros para llegar a un 60,8% de incremento en diciembre y mantener en forma permanente [&hellip;]<\/p>\n","protected":false},"author":2,"featured_media":16556,"comment_status":"open","ping_status":"open","sticky":false,"template":"","format":"standard","meta":{"footnotes":""},"categories":[26],"tags":[],"class_list":["post-16555","post","type-post","status-publish","format-standard","has-post-thumbnail","hentry","category-educacion"],"yoast_head":"<!-- This site is optimized with the Yoast SEO plugin v27.4 - https:\/\/yoast.com\/product\/yoast-seo-wordpress\/ -->\n<title>El Ministerio de Educaci\u00f3n acord\u00f3 un aumento salarial del 60,8% para los docentes | CVI NOTICIAS<\/title>\n<meta name=\"robots\" content=\"index, follow, max-snippet:-1, max-image-preview:large, max-video-preview:-1\" \/>\n<link rel=\"canonical\" href=\"https:\/\/cvinoticias.com\/v3\/el-ministerio-de-educacion-acordo-un-aumento-salarial-del-608-para-los-docentes\/\" \/>\n<meta property=\"og:locale\" content=\"es_ES\" \/>\n<meta property=\"og:type\" content=\"article\" \/>\n<meta property=\"og:title\" content=\"El Ministerio de Educaci\u00f3n acord\u00f3 un aumento salarial del 60,8% para los docentes | CVI NOTICIAS\" \/>\n<meta property=\"og:description\" content=\"El porcentaje se ver\u00e1 reflejado a fin de a\u00f1o. Habr\u00e1 una instancia de revisi\u00f3n en septiembre. El ministro de Educaci\u00f3n, Jaime Perczyk, anunci\u00f3 este viernes que se acord\u00f3 con los gremios docentes adelantar los tramos del aumento salarial a los maestros para llegar a un 60,8% de incremento en diciembre y mantener en forma permanente [&hellip;]\" \/>\n<meta property=\"og:url\" content=\"https:\/\/cvinoticias.com\/v3\/el-ministerio-de-educacion-acordo-un-aumento-salarial-del-608-para-los-docentes\/\" \/>\n<meta property=\"og:site_name\" content=\"CVI NOTICIAS\" \/>\n<meta property=\"article:publisher\" content=\"https:\/\/www.facebook.com\/cvinoticias\" \/>\n<meta property=\"article:published_time\" content=\"2022-06-11T04:47:23+00:00\" \/>\n<meta property=\"og:image\" content=\"https:\/\/cvinoticias.com\/wp-content\/uploads\/2022\/06\/Foto-Ctera-850x491-1.jpg\" \/>\n\t<meta property=\"og:image:width\" content=\"850\" \/>\n\t<meta property=\"og:image:height\" content=\"491\" \/>\n\t<meta property=\"og:image:type\" content=\"image\/jpeg\" \/>\n<meta name=\"author\" content=\"f1000024\" \/>\n<meta name=\"twitter:card\" content=\"summary_large_image\" \/>\n<meta name=\"twitter:label1\" content=\"Escrito por\" \/>\n\t<meta name=\"twitter:data1\" content=\"f1000024\" \/>\n\t<meta name=\"twitter:label2\" content=\"Tiempo de lectura\" \/>\n\t<meta name=\"twitter:data2\" content=\"2 minutos\" \/>\n<script type=\"application\/ld+json\" class=\"yoast-schema-graph\">{\"@context\":\"https:\\\/\\\/schema.org\",\"@graph\":[{\"@type\":\"Article\",\"@id\":\"https:\\\/\\\/cvinoticias.com\\\/v3\\\/el-ministerio-de-educacion-acordo-un-aumento-salarial-del-608-para-los-docentes\\\/#article\",\"isPartOf\":{\"@id\":\"https:\\\/\\\/cvinoticias.com\\\/v3\\\/el-ministerio-de-educacion-acordo-un-aumento-salarial-del-608-para-los-docentes\\\/\"},\"author\":{\"name\":\"f1000024\",\"@id\":\"https:\\\/\\\/cvinoticias.com\\\/v3\\\/#\\\/schema\\\/person\\\/2db77e3c6bc03c538495d7b2b8be9b66\"},\"headline\":\"El Ministerio de Educaci\u00f3n acord\u00f3 un aumento salarial del 60,8% para los docentes\",\"datePublished\":\"2022-06-11T04:47:23+00:00\",\"mainEntityOfPage\":{\"@id\":\"https:\\\/\\\/cvinoticias.com\\\/v3\\\/el-ministerio-de-educacion-acordo-un-aumento-salarial-del-608-para-los-docentes\\\/\"},\"wordCount\":407,\"commentCount\":0,\"publisher\":{\"@id\":\"https:\\\/\\\/cvinoticias.com\\\/v3\\\/#organization\"},\"image\":{\"@id\":\"https:\\\/\\\/cvinoticias.com\\\/v3\\\/el-ministerio-de-educacion-acordo-un-aumento-salarial-del-608-para-los-docentes\\\/#primaryimage\"},\"thumbnailUrl\":\"https:\\\/\\\/cvinoticias.com\\\/wp-content\\\/uploads\\\/2022\\\/06\\\/Foto-Ctera-850x491-1.jpg\",\"articleSection\":[\"Educacion\"],\"inLanguage\":\"es\",\"potentialAction\":[{\"@type\":\"CommentAction\",\"name\":\"Comment\",\"target\":[\"https:\\\/\\\/cvinoticias.com\\\/v3\\\/el-ministerio-de-educacion-acordo-un-aumento-salarial-del-608-para-los-docentes\\\/#respond\"]}]},{\"@type\":\"WebPage\",\"@id\":\"https:\\\/\\\/cvinoticias.com\\\/v3\\\/el-ministerio-de-educacion-acordo-un-aumento-salarial-del-608-para-los-docentes\\\/\",\"url\":\"https:\\\/\\\/cvinoticias.com\\\/v3\\\/el-ministerio-de-educacion-acordo-un-aumento-salarial-del-608-para-los-docentes\\\/\",\"name\":\"El Ministerio de Educaci\u00f3n acord\u00f3 un aumento salarial del 60,8% para los docentes | CVI NOTICIAS\",\"isPartOf\":{\"@id\":\"https:\\\/\\\/cvinoticias.com\\\/v3\\\/#website\"},\"primaryImageOfPage\":{\"@id\":\"https:\\\/\\\/cvinoticias.com\\\/v3\\\/el-ministerio-de-educacion-acordo-un-aumento-salarial-del-608-para-los-docentes\\\/#primaryimage\"},\"image\":{\"@id\":\"https:\\\/\\\/cvinoticias.com\\\/v3\\\/el-ministerio-de-educacion-acordo-un-aumento-salarial-del-608-para-los-docentes\\\/#primaryimage\"},\"thumbnailUrl\":\"https:\\\/\\\/cvinoticias.com\\\/wp-content\\\/uploads\\\/2022\\\/06\\\/Foto-Ctera-850x491-1.jpg\",\"datePublished\":\"2022-06-11T04:47:23+00:00\",\"breadcrumb\":{\"@id\":\"https:\\\/\\\/cvinoticias.com\\\/v3\\\/el-ministerio-de-educacion-acordo-un-aumento-salarial-del-608-para-los-docentes\\\/#breadcrumb\"},\"inLanguage\":\"es\",\"potentialAction\":[{\"@type\":\"ReadAction\",\"target\":[\"https:\\\/\\\/cvinoticias.com\\\/v3\\\/el-ministerio-de-educacion-acordo-un-aumento-salarial-del-608-para-los-docentes\\\/\"]}]},{\"@type\":\"ImageObject\",\"inLanguage\":\"es\",\"@id\":\"https:\\\/\\\/cvinoticias.com\\\/v3\\\/el-ministerio-de-educacion-acordo-un-aumento-salarial-del-608-para-los-docentes\\\/#primaryimage\",\"url\":\"https:\\\/\\\/cvinoticias.com\\\/wp-content\\\/uploads\\\/2022\\\/06\\\/Foto-Ctera-850x491-1.jpg\",\"contentUrl\":\"https:\\\/\\\/cvinoticias.com\\\/wp-content\\\/uploads\\\/2022\\\/06\\\/Foto-Ctera-850x491-1.jpg\",\"width\":850,\"height\":491},{\"@type\":\"BreadcrumbList\",\"@id\":\"https:\\\/\\\/cvinoticias.com\\\/v3\\\/el-ministerio-de-educacion-acordo-un-aumento-salarial-del-608-para-los-docentes\\\/#breadcrumb\",\"itemListElement\":[{\"@type\":\"ListItem\",\"position\":1,\"name\":\"Portada\",\"item\":\"https:\\\/\\\/cvinoticias.com\\\/v3\\\/\"},{\"@type\":\"ListItem\",\"position\":2,\"name\":\"El Ministerio de Educaci\u00f3n acord\u00f3 un aumento salarial del 60,8% para los docentes\"}]},{\"@type\":\"WebSite\",\"@id\":\"https:\\\/\\\/cvinoticias.com\\\/v3\\\/#website\",\"url\":\"https:\\\/\\\/cvinoticias.com\\\/v3\\\/\",\"name\":\"CVI NOTICIAS\",\"description\":\"\",\"publisher\":{\"@id\":\"https:\\\/\\\/cvinoticias.com\\\/v3\\\/#organization\"},\"alternateName\":\"CVI\",\"potentialAction\":[{\"@type\":\"SearchAction\",\"target\":{\"@type\":\"EntryPoint\",\"urlTemplate\":\"https:\\\/\\\/cvinoticias.com\\\/v3\\\/?s={search_term_string}\"},\"query-input\":{\"@type\":\"PropertyValueSpecification\",\"valueRequired\":true,\"valueName\":\"search_term_string\"}}],\"inLanguage\":\"es\"},{\"@type\":\"Organization\",\"@id\":\"https:\\\/\\\/cvinoticias.com\\\/v3\\\/#organization\",\"name\":\"CVI NOTICIAS\",\"url\":\"https:\\\/\\\/cvinoticias.com\\\/v3\\\/\",\"logo\":{\"@type\":\"ImageObject\",\"inLanguage\":\"es\",\"@id\":\"https:\\\/\\\/cvinoticias.com\\\/v3\\\/#\\\/schema\\\/logo\\\/image\\\/\",\"url\":\"https:\\\/\\\/cvinoticias.com\\\/wp-content\\\/uploads\\\/2023\\\/04\\\/cropped-cropped-cropped-cropped-cropped-3-1.png\",\"contentUrl\":\"https:\\\/\\\/cvinoticias.com\\\/wp-content\\\/uploads\\\/2023\\\/04\\\/cropped-cropped-cropped-cropped-cropped-3-1.png\",\"width\":95,\"height\":122,\"caption\":\"CVI NOTICIAS\"},\"image\":{\"@id\":\"https:\\\/\\\/cvinoticias.com\\\/v3\\\/#\\\/schema\\\/logo\\\/image\\\/\"},\"sameAs\":[\"https:\\\/\\\/www.facebook.com\\\/cvinoticias\",\"https:\\\/\\\/www.instagram.com\\\/cvinoticias\\\/\",\"https:\\\/\\\/www.youtube.com\\\/@CVINOTICIAS\"]},{\"@type\":\"Person\",\"@id\":\"https:\\\/\\\/cvinoticias.com\\\/v3\\\/#\\\/schema\\\/person\\\/2db77e3c6bc03c538495d7b2b8be9b66\",\"name\":\"f1000024\",\"image\":{\"@type\":\"ImageObject\",\"inLanguage\":\"es\",\"@id\":\"https:\\\/\\\/secure.gravatar.com\\\/avatar\\\/d4fe7459cfc51ff5129ce1a732bbef5928568b8092d412ef95611616376bbeed?s=96&d=mm&r=g\",\"url\":\"https:\\\/\\\/secure.gravatar.com\\\/avatar\\\/d4fe7459cfc51ff5129ce1a732bbef5928568b8092d412ef95611616376bbeed?s=96&d=mm&r=g\",\"contentUrl\":\"https:\\\/\\\/secure.gravatar.com\\\/avatar\\\/d4fe7459cfc51ff5129ce1a732bbef5928568b8092d412ef95611616376bbeed?s=96&d=mm&r=g\",\"caption\":\"f1000024\"},\"url\":\"https:\\\/\\\/cvinoticias.com\\\/v3\\\/author\\\/f1000024\\\/\"}]}<\/script>\n<!-- \/ Yoast SEO plugin. -->","yoast_head_json":{"title":"El Ministerio de Educaci\u00f3n acord\u00f3 un aumento salarial del 60,8% para los docentes | CVI NOTICIAS","robots":{"index":"index","follow":"follow","max-snippet":"max-snippet:-1","max-image-preview":"max-image-preview:large","max-video-preview":"max-video-preview:-1"},"canonical":"https:\/\/cvinoticias.com\/v3\/el-ministerio-de-educacion-acordo-un-aumento-salarial-del-608-para-los-docentes\/","og_locale":"es_ES","og_type":"article","og_title":"El Ministerio de Educaci\u00f3n acord\u00f3 un aumento salarial del 60,8% para los docentes | CVI NOTICIAS","og_description":"El porcentaje se ver\u00e1 reflejado a fin de a\u00f1o. Habr\u00e1 una instancia de revisi\u00f3n en septiembre. El ministro de Educaci\u00f3n, Jaime Perczyk, anunci\u00f3 este viernes que se acord\u00f3 con los gremios docentes adelantar los tramos del aumento salarial a los maestros para llegar a un 60,8% de incremento en diciembre y mantener en forma permanente [&hellip;]","og_url":"https:\/\/cvinoticias.com\/v3\/el-ministerio-de-educacion-acordo-un-aumento-salarial-del-608-para-los-docentes\/","og_site_name":"CVI NOTICIAS","article_publisher":"https:\/\/www.facebook.com\/cvinoticias","article_published_time":"2022-06-11T04:47:23+00:00","og_image":[{"width":850,"height":491,"url":"https:\/\/cvinoticias.com\/wp-content\/uploads\/2022\/06\/Foto-Ctera-850x491-1.jpg","type":"image\/jpeg"}],"author":"f1000024","twitter_card":"summary_large_image","twitter_misc":{"Escrito por":"f1000024","Tiempo de lectura":"2 minutos"},"schema":{"@context":"https:\/\/schema.org","@graph":[{"@type":"Article","@id":"https:\/\/cvinoticias.com\/v3\/el-ministerio-de-educacion-acordo-un-aumento-salarial-del-608-para-los-docentes\/#article","isPartOf":{"@id":"https:\/\/cvinoticias.com\/v3\/el-ministerio-de-educacion-acordo-un-aumento-salarial-del-608-para-los-docentes\/"},"author":{"name":"f1000024","@id":"https:\/\/cvinoticias.com\/v3\/#\/schema\/person\/2db77e3c6bc03c538495d7b2b8be9b66"},"headline":"El Ministerio de Educaci\u00f3n acord\u00f3 un aumento salarial del 60,8% para los docentes","datePublished":"2022-06-11T04:47:23+00:00","mainEntityOfPage":{"@id":"https:\/\/cvinoticias.com\/v3\/el-ministerio-de-educacion-acordo-un-aumento-salarial-del-608-para-los-docentes\/"},"wordCount":407,"commentCount":0,"publisher":{"@id":"https:\/\/cvinoticias.com\/v3\/#organization"},"image":{"@id":"https:\/\/cvinoticias.com\/v3\/el-ministerio-de-educacion-acordo-un-aumento-salarial-del-608-para-los-docentes\/#primaryimage"},"thumbnailUrl":"https:\/\/cvinoticias.com\/wp-content\/uploads\/2022\/06\/Foto-Ctera-850x491-1.jpg","articleSection":["Educacion"],"inLanguage":"es","potentialAction":[{"@type":"CommentAction","name":"Comment","target":["https:\/\/cvinoticias.com\/v3\/el-ministerio-de-educacion-acordo-un-aumento-salarial-del-608-para-los-docentes\/#respond"]}]},{"@type":"WebPage","@id":"https:\/\/cvinoticias.com\/v3\/el-ministerio-de-educacion-acordo-un-aumento-salarial-del-608-para-los-docentes\/","url":"https:\/\/cvinoticias.com\/v3\/el-ministerio-de-educacion-acordo-un-aumento-salarial-del-608-para-los-docentes\/","name":"El Ministerio de Educaci\u00f3n acord\u00f3 un aumento salarial del 60,8% para los docentes | CVI NOTICIAS","isPartOf":{"@id":"https:\/\/cvinoticias.com\/v3\/#website"},"primaryImageOfPage":{"@id":"https:\/\/cvinoticias.com\/v3\/el-ministerio-de-educacion-acordo-un-aumento-salarial-del-608-para-los-docentes\/#primaryimage"},"image":{"@id":"https:\/\/cvinoticias.com\/v3\/el-ministerio-de-educacion-acordo-un-aumento-salarial-del-608-para-los-docentes\/#primaryimage"},"thumbnailUrl":"https:\/\/cvinoticias.com\/wp-content\/uploads\/2022\/06\/Foto-Ctera-850x491-1.jpg","datePublished":"2022-06-11T04:47:23+00:00","breadcrumb":{"@id":"https:\/\/cvinoticias.com\/v3\/el-ministerio-de-educacion-acordo-un-aumento-salarial-del-608-para-los-docentes\/#breadcrumb"},"inLanguage":"es","potentialAction":[{"@type":"ReadAction","target":["https:\/\/cvinoticias.com\/v3\/el-ministerio-de-educacion-acordo-un-aumento-salarial-del-608-para-los-docentes\/"]}]},{"@type":"ImageObject","inLanguage":"es","@id":"https:\/\/cvinoticias.com\/v3\/el-ministerio-de-educacion-acordo-un-aumento-salarial-del-608-para-los-docentes\/#primaryimage","url":"https:\/\/cvinoticias.com\/wp-content\/uploads\/2022\/06\/Foto-Ctera-850x491-1.jpg","contentUrl":"https:\/\/cvinoticias.com\/wp-content\/uploads\/2022\/06\/Foto-Ctera-850x491-1.jpg","width":850,"height":491},{"@type":"BreadcrumbList","@id":"https:\/\/cvinoticias.com\/v3\/el-ministerio-de-educacion-acordo-un-aumento-salarial-del-608-para-los-docentes\/#breadcrumb","itemListElement":[{"@type":"ListItem","position":1,"name":"Portada","item":"https:\/\/cvinoticias.com\/v3\/"},{"@type":"ListItem","position":2,"name":"El Ministerio de Educaci\u00f3n acord\u00f3 un aumento salarial del 60,8% para los docentes"}]},{"@type":"WebSite","@id":"https:\/\/cvinoticias.com\/v3\/#website","url":"https:\/\/cvinoticias.com\/v3\/","name":"CVI NOTICIAS","description":"","publisher":{"@id":"https:\/\/cvinoticias.com\/v3\/#organization"},"alternateName":"CVI","potentialAction":[{"@type":"SearchAction","target":{"@type":"EntryPoint","urlTemplate":"https:\/\/cvinoticias.com\/v3\/?s={search_term_string}"},"query-input":{"@type":"PropertyValueSpecification","valueRequired":true,"valueName":"search_term_string"}}],"inLanguage":"es"},{"@type":"Organization","@id":"https:\/\/cvinoticias.com\/v3\/#organization","name":"CVI NOTICIAS","url":"https:\/\/cvinoticias.com\/v3\/","logo":{"@type":"ImageObject","inLanguage":"es","@id":"https:\/\/cvinoticias.com\/v3\/#\/schema\/logo\/image\/","url":"https:\/\/cvinoticias.com\/wp-content\/uploads\/2023\/04\/cropped-cropped-cropped-cropped-cropped-3-1.png","contentUrl":"https:\/\/cvinoticias.com\/wp-content\/uploads\/2023\/04\/cropped-cropped-cropped-cropped-cropped-3-1.png","width":95,"height":122,"caption":"CVI NOTICIAS"},"image":{"@id":"https:\/\/cvinoticias.com\/v3\/#\/schema\/logo\/image\/"},"sameAs":["https:\/\/www.facebook.com\/cvinoticias","https:\/\/www.instagram.com\/cvinoticias\/","https:\/\/www.youtube.com\/@CVINOTICIAS"]},{"@type":"Person","@id":"https:\/\/cvinoticias.com\/v3\/#\/schema\/person\/2db77e3c6bc03c538495d7b2b8be9b66","name":"f1000024","image":{"@type":"ImageObject","inLanguage":"es","@id":"https:\/\/secure.gravatar.com\/avatar\/d4fe7459cfc51ff5129ce1a732bbef5928568b8092d412ef95611616376bbeed?s=96&d=mm&r=g","url":"https:\/\/secure.gravatar.com\/avatar\/d4fe7459cfc51ff5129ce1a732bbef5928568b8092d412ef95611616376bbeed?s=96&d=mm&r=g","contentUrl":"https:\/\/secure.gravatar.com\/avatar\/d4fe7459cfc51ff5129ce1a732bbef5928568b8092d412ef95611616376bbeed?s=96&d=mm&r=g","caption":"f1000024"},"url":"https:\/\/cvinoticias.com\/v3\/author\/f1000024\/"}]}},"_links":{"self":[{"href":"https:\/\/cvinoticias.com\/v3\/wp-json\/wp\/v2\/posts\/16555","targetHints":{"allow":["GET"]}}],"collection":[{"href":"https:\/\/cvinoticias.com\/v3\/wp-json\/wp\/v2\/posts"}],"about":[{"href":"https:\/\/cvinoticias.com\/v3\/wp-json\/wp\/v2\/types\/post"}],"author":[{"embeddable":true,"href":"https:\/\/cvinoticias.com\/v3\/wp-json\/wp\/v2\/users\/2"}],"replies":[{"embeddable":true,"href":"https:\/\/cvinoticias.com\/v3\/wp-json\/wp\/v2\/comments?post=16555"}],"version-history":[{"count":1,"href":"https:\/\/cvinoticias.com\/v3\/wp-json\/wp\/v2\/posts\/16555\/revisions"}],"predecessor-version":[{"id":16557,"href":"https:\/\/cvinoticias.com\/v3\/wp-json\/wp\/v2\/posts\/16555\/revisions\/16557"}],"wp:featuredmedia":[{"embeddable":true,"href":"https:\/\/cvinoticias.com\/v3\/wp-json\/wp\/v2\/media\/16556"}],"wp:attachment":[{"href":"https:\/\/cvinoticias.com\/v3\/wp-json\/wp\/v2\/media?parent=16555"}],"wp:term":[{"taxonomy":"category","embeddable":true,"href":"https:\/\/cvinoticias.com\/v3\/wp-json\/wp\/v2\/categories?post=16555"},{"taxonomy":"post_tag","embeddable":true,"href":"https:\/\/cvinoticias.com\/v3\/wp-json\/wp\/v2\/tags?post=16555"}],"curies":[{"name":"wp","href":"https:\/\/api.w.org\/{rel}","templated":true}]}}