{"id":16540,"date":"2022-06-10T11:34:56","date_gmt":"2022-06-10T11:34:56","guid":{"rendered":"https:\/\/cvinoticias.com\/v3\/?p=16540"},"modified":"2022-06-10T11:34:56","modified_gmt":"2022-06-10T11:34:56","slug":"pilotos-sachecitos-un-emprendimiento-solidario-para-proteger-del-frio-y-la-lluvia-a-ninos-de-escuelas-rurales","status":"publish","type":"post","link":"https:\/\/cvinoticias.com\/v3\/pilotos-sachecitos-un-emprendimiento-solidario-para-proteger-del-frio-y-la-lluvia-a-ninos-de-escuelas-rurales\/","title":{"rendered":"\u201cPilotos Sachecitos\u201d: un emprendimiento solidario para proteger del fr\u00edo y la lluvia a ni\u00f1os de escuelas rurales"},"content":{"rendered":"\n<p class=\"wp-block-paragraph\"><strong><em>Mirta Abreu es directora de la Escuela 927 de Ober\u00e1 y presidente de la Asociaci\u00f3n Civil \u201cHogar de Ni\u00f1os Merceditas\u201d. En el a\u00f1o 2013 puso en marcha su emprendimiento \u201cPilotos Sachecitos\u201d, donde confecciona pilotos con sachets de leche reciclados para ni\u00f1os de las escuelas rurales.<\/em><\/strong><\/p>\n\n\n\n<p class=\"wp-block-paragraph\"><strong>Emprendimiento de triple impacto<\/strong><\/p>\n\n\n\n<p class=\"wp-block-paragraph\">\u00ab&#8217;Pilotos Sachecitos&#8217; consiste en confecciones de pilotos para ni\u00f1os, especialmente de escuelas rurales, ese es nuestro objetivo primordial. Los pilotos los confeccionamos con sachets de yogurt. Es un emprendimiento de triple impacto; social porque donamos los pilotos a ni\u00f1os de escuelas rurales, econ\u00f3micos porque damos fuentes de trabajo, porque los pilotos son confeccionados por diferentes mujeres o modistas, y ecol\u00f3gicos porque cuidamos el medioambiente\u00bb, explic\u00f3 Mirta haciendo hincapi\u00e9 en la econom\u00eda circular aplicada en su proyecto.<\/p>\n\n\n\n<p class=\"wp-block-paragraph\">Asimismo detall\u00f3: \u00abeste emprendimiento comenz\u00f3 en 2013 cuando, al ser directora de escuela y presidente de una asociaci\u00f3n trabajo con chicos muy humildes y de bajos recursos y, siempre ve\u00eda que ven\u00edan mojados y con fr\u00edo los d\u00edas de lluvia; as\u00ed que me puse a pensar un d\u00eda qu\u00e9 pod\u00eda hacer para ayudarlos y fue as\u00ed que, al llegar a mi casa una tarde, le comento a las se\u00f1oras que estaban trabajando ah\u00ed en la asociaci\u00f3n que quer\u00eda hacer pilotos con sachets de leche yogurt para proteger a mis ni\u00f1os del fr\u00edo y la lluvia. La verdad que me miraron raro, me dijeron que era una locura pero yo insist\u00ed y as\u00ed empezaron a confeccionar pilotos en el 2013. Los primeros eran cuadrados pero nos fuimos perfeccionando con el tiempo\u00bb, explic\u00f3.<\/p>\n\n\n\n<p class=\"wp-block-paragraph\"><strong>Por cada piloto vendido uno donado<\/strong><\/p>\n\n\n\n<p class=\"wp-block-paragraph\">En cuanto a los avances y la repercusi\u00f3n de su proyecto, Mirta coment\u00f3: \u00aben el 2015 me convoc\u00f3 el \u201cVamos a sumar\u201d que es un evento a nivel nacional organizado por Bercomat y Techo y result\u00e9 la ganadora con el proyecto &#8216;pilotos sachecitos&#8217;. Como premio ganamos m\u00e1quinas de coser y con esas m\u00e1quinas arm\u00e9 el taller de pilotos. Fue a partir de ese a\u00f1o que creci\u00f3 el proyecto\u00bb.<\/p>\n\n\n\n<p class=\"wp-block-paragraph\">As\u00ed tambi\u00e9n dijo, \u00aben 2020 particip\u00e9 otra vez del evento en Corrientes y result\u00e9 ganadora, nuevamente. A partir de ese momento me pusieron mentores, Andy Gambel, el due\u00f1o de familia Bercomat y David Villaroel, uno de los directores de Techo, quienes organizaban el concurso. Todo un a\u00f1o me capacitaron para el proyecto &#8216;pilotos sachecitos&#8217;\u00bb.<\/p>\n\n\n\n<p class=\"wp-block-paragraph\">Sobre las mejoras en su emprendimiento, Mirta narr\u00f3 la importancia de la capacitaci\u00f3n que recibi\u00f3 luego de ser part\u00edcipe de \u201cVamos a sumar\u201d \u00abEl a\u00f1o pasado estos mentores me pagaron una capacitaci\u00f3n en Mayma. Es una instituci\u00f3n de Argentina liderada por chilenos que capacitan vendedores triple impacto, como yo. As\u00ed sigo avanzando, siempre capacit\u00e1ndome y estudiando sobre este proyecto\u00bb.<\/p>\n\n\n\n<p class=\"wp-block-paragraph\">En cuanto al trasfondo de su idea, la directora manifest\u00f3: \u00aben el 2020 donamos pilotos a ni\u00f1os de escuelas rurales. Hoy en d\u00eda tambi\u00e9n vendemos para que el proyecto sea sustentable. Por cada piloto vendido uno donado\u00bb.<\/p>\n\n\n\n<p class=\"wp-block-paragraph\"><strong>\u00abLa comunidad se interes\u00f3 mucho por la ecoferia\u00bb<\/strong><\/p>\n\n\n\n<p class=\"wp-block-paragraph\">La participaci\u00f3n de los misioneros se vuelve trascendental para llevar adelante el proyecto. \u00abLa gente contribuye mucho con este emprendimiento, porque la materia primera es el sachet de leche yogurt que necesitamos, en particular, d\u00eda a d\u00eda\u00bb, resalt\u00f3 Mirta y agreg\u00f3: \u00abEn Ober\u00e1 hay cuatro lugares, cajas donde la gente lleva el sachet de leche yogurt. Nosotros pasamos a buscar, lo lavamos, lo reciclamos, armamos las telas y confeccionamos los pilotos. La gente contribuye mucho, sin la gente esto no ser\u00eda posible porque lo que se necesita son los sachecitos que aporta la comunidad d\u00eda a d\u00eda\u00bb, dijo.<\/p>\n\n\n\n<figure class=\"wp-block-image size-large\"><a href=\"https:\/\/cvinoticias.com\/wp-content\/uploads\/2022\/06\/IMG-20220610-WA0013.jpg\"><img decoding=\"async\" width=\"1024\" height=\"768\" data-src=\"https:\/\/cvinoticias.com\/wp-content\/uploads\/2022\/06\/IMG-20220610-WA0013-1024x768.jpg\" alt=\"\" class=\"wp-image-16543 lazyload\" data-srcset=\"https:\/\/cvinoticias.com\/wp-content\/uploads\/2022\/06\/IMG-20220610-WA0013-1024x768.jpg 1024w, https:\/\/cvinoticias.com\/wp-content\/uploads\/2022\/06\/IMG-20220610-WA0013-300x225.jpg 300w, https:\/\/cvinoticias.com\/wp-content\/uploads\/2022\/06\/IMG-20220610-WA0013-768x576.jpg 768w, https:\/\/cvinoticias.com\/wp-content\/uploads\/2022\/06\/IMG-20220610-WA0013-1536x1152.jpg 1536w, https:\/\/cvinoticias.com\/wp-content\/uploads\/2022\/06\/IMG-20220610-WA0013.jpg 1600w\" data-sizes=\"(max-width: 1024px) 100vw, 1024px\" src=\"data:image\/svg+xml;base64,PHN2ZyB3aWR0aD0iMSIgaGVpZ2h0PSIxIiB4bWxucz0iaHR0cDovL3d3dy53My5vcmcvMjAwMC9zdmciPjwvc3ZnPg==\" style=\"--smush-placeholder-width: 1024px; --smush-placeholder-aspect-ratio: 1024\/768;\" \/><\/a><\/figure>\n\n\n\n<p class=\"wp-block-paragraph\">La econom\u00eda circular es un sistema de aprovechamiento m\u00e1ximo de recursos donde predomina la reducci\u00f3n, la reutilizaci\u00f3n y el reciclaje de los elementos. En este sentido y refiri\u00e9ndose a su participaci\u00f3n en la Ecoferia, donde m\u00e1s de 40 emprendedores sustentables fueron part\u00edcipes de la econom\u00eda circular, la creadora de &#8216;Pilotos Sachecitos&#8217; sostuvo: \u00abestuve en la ecoferia, fue el primer evento y la primera feria donde he visto tanta convocatoria de gente. Veo que la comunidad se interes\u00f3 mucho por la ecoferia. Estuvo muy concurrido y fue una buena oportunidad para los emprendedores que siempre necesitamos lugares para mostrar y vender el producto para que la gente conozca lo que hacemos. La ecoferia es un excelente lugar de oportunidades. Me gust\u00f3 mucho y estuvo muy buena\u00bb.<\/p>\n\n\n\n<p class=\"wp-block-paragraph\">De esta manera, la econom\u00eda circular busca instalarse como un nuevo modelo de desarrollo de triple impacto: Ambiental \u2013 Econ\u00f3mico \u2013 Social, como lo estable la ley provincial que promueve el desarrollo sustentable.<\/p>\n\n\n\n<p class=\"wp-block-paragraph\">As\u00ed por ejemplo, en la ciudad de Posadas, se puso en marcha del Centro Verde Municipal y sus principales Plantas para residuos reciclables, verdes y progresivamente se fueron abordando m\u00e1s fracciones buscando as\u00ed identificar a los actores y sectores que, al 2022, se encuentran aplicando alguna de las \u201cR\u201d como reducir, reutilizar, reciclar, recuperar u otras acciones tendientes a la valorizaci\u00f3n de residuos que operen en la ciudad, su \u00e1rea metropolitana o la regi\u00f3n.<\/p>\n\n\n\n<figure class=\"wp-block-image size-large\"><a href=\"https:\/\/cvinoticias.com\/wp-content\/uploads\/2022\/06\/IMG-20220610-WA0011.jpg\"><img decoding=\"async\" width=\"1024\" height=\"878\" data-src=\"https:\/\/cvinoticias.com\/wp-content\/uploads\/2022\/06\/IMG-20220610-WA0011-1024x878.jpg\" alt=\"\" class=\"wp-image-16541 lazyload\" data-srcset=\"https:\/\/cvinoticias.com\/wp-content\/uploads\/2022\/06\/IMG-20220610-WA0011-1024x878.jpg 1024w, https:\/\/cvinoticias.com\/wp-content\/uploads\/2022\/06\/IMG-20220610-WA0011-300x257.jpg 300w, https:\/\/cvinoticias.com\/wp-content\/uploads\/2022\/06\/IMG-20220610-WA0011-768x659.jpg 768w, https:\/\/cvinoticias.com\/wp-content\/uploads\/2022\/06\/IMG-20220610-WA0011.jpg 1280w\" data-sizes=\"(max-width: 1024px) 100vw, 1024px\" src=\"data:image\/svg+xml;base64,PHN2ZyB3aWR0aD0iMSIgaGVpZ2h0PSIxIiB4bWxucz0iaHR0cDovL3d3dy53My5vcmcvMjAwMC9zdmciPjwvc3ZnPg==\" style=\"--smush-placeholder-width: 1024px; --smush-placeholder-aspect-ratio: 1024\/878;\" \/><\/a><\/figure>\n","protected":false},"excerpt":{"rendered":"<p>Mirta Abreu es directora de la Escuela 927 de Ober\u00e1 y presidente de la Asociaci\u00f3n Civil \u201cHogar de Ni\u00f1os Merceditas\u201d. En el a\u00f1o 2013 puso en marcha su emprendimiento \u201cPilotos Sachecitos\u201d, donde confecciona pilotos con sachets de leche reciclados para ni\u00f1os de las escuelas rurales. Emprendimiento de triple impacto \u00ab&#8217;Pilotos Sachecitos&#8217; consiste en confecciones de [&hellip;]<\/p>\n","protected":false},"author":2,"featured_media":16542,"comment_status":"open","ping_status":"open","sticky":false,"template":"","format":"standard","meta":{"footnotes":""},"categories":[43],"tags":[],"class_list":["post-16540","post","type-post","status-publish","format-standard","has-post-thumbnail","hentry","category-provinciales"],"yoast_head":"<!-- This site is optimized with the Yoast SEO plugin v28.3 - https:\/\/yoast.com\/product\/yoast-seo-wordpress\/ -->\n<title>\u201cPilotos Sachecitos\u201d: un emprendimiento solidario para proteger del fr\u00edo y la lluvia a ni\u00f1os de escuelas rurales | CVI NOTICIAS<\/title>\n<meta name=\"robots\" content=\"index, follow, max-snippet:-1, max-image-preview:large, max-video-preview:-1\" \/>\n<link rel=\"canonical\" href=\"https:\/\/cvinoticias.com\/v3\/pilotos-sachecitos-un-emprendimiento-solidario-para-proteger-del-frio-y-la-lluvia-a-ninos-de-escuelas-rurales\/\" \/>\n<meta property=\"og:locale\" content=\"es_ES\" \/>\n<meta property=\"og:type\" content=\"article\" \/>\n<meta property=\"og:title\" content=\"\u201cPilotos Sachecitos\u201d: un emprendimiento solidario para proteger del fr\u00edo y la lluvia a ni\u00f1os de escuelas rurales | CVI NOTICIAS\" \/>\n<meta property=\"og:description\" content=\"Mirta Abreu es directora de la Escuela 927 de Ober\u00e1 y presidente de la Asociaci\u00f3n Civil \u201cHogar de Ni\u00f1os Merceditas\u201d. En el a\u00f1o 2013 puso en marcha su emprendimiento \u201cPilotos Sachecitos\u201d, donde confecciona pilotos con sachets de leche reciclados para ni\u00f1os de las escuelas rurales. Emprendimiento de triple impacto \u00ab&#8217;Pilotos Sachecitos&#8217; consiste en confecciones de [&hellip;]\" \/>\n<meta property=\"og:url\" content=\"https:\/\/cvinoticias.com\/v3\/pilotos-sachecitos-un-emprendimiento-solidario-para-proteger-del-frio-y-la-lluvia-a-ninos-de-escuelas-rurales\/\" \/>\n<meta property=\"og:site_name\" content=\"CVI NOTICIAS\" \/>\n<meta property=\"article:publisher\" content=\"https:\/\/www.facebook.com\/cvinoticias\" \/>\n<meta property=\"article:published_time\" content=\"2022-06-10T11:34:56+00:00\" \/>\n<meta property=\"og:image\" content=\"https:\/\/cvinoticias.com\/wp-content\/uploads\/2022\/06\/IMG-20220610-WA0014.jpg\" \/>\n\t<meta property=\"og:image:width\" content=\"1280\" \/>\n\t<meta property=\"og:image:height\" content=\"825\" \/>\n\t<meta property=\"og:image:type\" content=\"image\/jpeg\" \/>\n<meta name=\"author\" content=\"f1000024\" \/>\n<meta name=\"twitter:card\" content=\"summary_large_image\" \/>\n<meta name=\"twitter:label1\" content=\"Escrito por\" \/>\n\t<meta name=\"twitter:data1\" content=\"f1000024\" \/>\n\t<meta name=\"twitter:label2\" content=\"Tiempo de lectura\" \/>\n\t<meta name=\"twitter:data2\" content=\"4 minutos\" \/>\n<script type=\"application\/ld+json\" class=\"yoast-schema-graph\">{\"@context\":\"https:\\\/\\\/schema.org\",\"@graph\":[{\"@type\":\"Article\",\"@id\":\"https:\\\/\\\/cvinoticias.com\\\/v3\\\/pilotos-sachecitos-un-emprendimiento-solidario-para-proteger-del-frio-y-la-lluvia-a-ninos-de-escuelas-rurales\\\/#article\",\"isPartOf\":{\"@id\":\"https:\\\/\\\/cvinoticias.com\\\/v3\\\/pilotos-sachecitos-un-emprendimiento-solidario-para-proteger-del-frio-y-la-lluvia-a-ninos-de-escuelas-rurales\\\/\"},\"author\":{\"name\":\"f1000024\",\"@id\":\"https:\\\/\\\/cvinoticias.com\\\/v3\\\/#\\\/schema\\\/person\\\/2db77e3c6bc03c538495d7b2b8be9b66\"},\"headline\":\"\u201cPilotos Sachecitos\u201d: un emprendimiento solidario para proteger del fr\u00edo y la lluvia a ni\u00f1os de escuelas rurales\",\"datePublished\":\"2022-06-10T11:34:56+00:00\",\"mainEntityOfPage\":{\"@id\":\"https:\\\/\\\/cvinoticias.com\\\/v3\\\/pilotos-sachecitos-un-emprendimiento-solidario-para-proteger-del-frio-y-la-lluvia-a-ninos-de-escuelas-rurales\\\/\"},\"wordCount\":883,\"commentCount\":0,\"publisher\":{\"@id\":\"https:\\\/\\\/cvinoticias.com\\\/v3\\\/#organization\"},\"image\":{\"@id\":\"https:\\\/\\\/cvinoticias.com\\\/v3\\\/pilotos-sachecitos-un-emprendimiento-solidario-para-proteger-del-frio-y-la-lluvia-a-ninos-de-escuelas-rurales\\\/#primaryimage\"},\"thumbnailUrl\":\"https:\\\/\\\/cvinoticias.com\\\/wp-content\\\/uploads\\\/2022\\\/06\\\/IMG-20220610-WA0014.jpg\",\"articleSection\":[\"Provinciales\"],\"inLanguage\":\"es\",\"potentialAction\":[{\"@type\":\"CommentAction\",\"name\":\"Comment\",\"target\":[\"https:\\\/\\\/cvinoticias.com\\\/v3\\\/pilotos-sachecitos-un-emprendimiento-solidario-para-proteger-del-frio-y-la-lluvia-a-ninos-de-escuelas-rurales\\\/#respond\"]}]},{\"@type\":\"WebPage\",\"@id\":\"https:\\\/\\\/cvinoticias.com\\\/v3\\\/pilotos-sachecitos-un-emprendimiento-solidario-para-proteger-del-frio-y-la-lluvia-a-ninos-de-escuelas-rurales\\\/\",\"url\":\"https:\\\/\\\/cvinoticias.com\\\/v3\\\/pilotos-sachecitos-un-emprendimiento-solidario-para-proteger-del-frio-y-la-lluvia-a-ninos-de-escuelas-rurales\\\/\",\"name\":\"\u201cPilotos Sachecitos\u201d: un emprendimiento solidario para proteger del fr\u00edo y la lluvia a ni\u00f1os de escuelas rurales | CVI NOTICIAS\",\"isPartOf\":{\"@id\":\"https:\\\/\\\/cvinoticias.com\\\/v3\\\/#website\"},\"primaryImageOfPage\":{\"@id\":\"https:\\\/\\\/cvinoticias.com\\\/v3\\\/pilotos-sachecitos-un-emprendimiento-solidario-para-proteger-del-frio-y-la-lluvia-a-ninos-de-escuelas-rurales\\\/#primaryimage\"},\"image\":{\"@id\":\"https:\\\/\\\/cvinoticias.com\\\/v3\\\/pilotos-sachecitos-un-emprendimiento-solidario-para-proteger-del-frio-y-la-lluvia-a-ninos-de-escuelas-rurales\\\/#primaryimage\"},\"thumbnailUrl\":\"https:\\\/\\\/cvinoticias.com\\\/wp-content\\\/uploads\\\/2022\\\/06\\\/IMG-20220610-WA0014.jpg\",\"datePublished\":\"2022-06-10T11:34:56+00:00\",\"breadcrumb\":{\"@id\":\"https:\\\/\\\/cvinoticias.com\\\/v3\\\/pilotos-sachecitos-un-emprendimiento-solidario-para-proteger-del-frio-y-la-lluvia-a-ninos-de-escuelas-rurales\\\/#breadcrumb\"},\"inLanguage\":\"es\",\"potentialAction\":[{\"@type\":\"ReadAction\",\"target\":[\"https:\\\/\\\/cvinoticias.com\\\/v3\\\/pilotos-sachecitos-un-emprendimiento-solidario-para-proteger-del-frio-y-la-lluvia-a-ninos-de-escuelas-rurales\\\/\"]}]},{\"@type\":\"ImageObject\",\"inLanguage\":\"es\",\"@id\":\"https:\\\/\\\/cvinoticias.com\\\/v3\\\/pilotos-sachecitos-un-emprendimiento-solidario-para-proteger-del-frio-y-la-lluvia-a-ninos-de-escuelas-rurales\\\/#primaryimage\",\"url\":\"https:\\\/\\\/cvinoticias.com\\\/wp-content\\\/uploads\\\/2022\\\/06\\\/IMG-20220610-WA0014.jpg\",\"contentUrl\":\"https:\\\/\\\/cvinoticias.com\\\/wp-content\\\/uploads\\\/2022\\\/06\\\/IMG-20220610-WA0014.jpg\",\"width\":1280,\"height\":825},{\"@type\":\"BreadcrumbList\",\"@id\":\"https:\\\/\\\/cvinoticias.com\\\/v3\\\/pilotos-sachecitos-un-emprendimiento-solidario-para-proteger-del-frio-y-la-lluvia-a-ninos-de-escuelas-rurales\\\/#breadcrumb\",\"itemListElement\":[{\"@type\":\"ListItem\",\"position\":1,\"name\":\"Portada\",\"item\":\"https:\\\/\\\/cvinoticias.com\\\/v3\\\/\"},{\"@type\":\"ListItem\",\"position\":2,\"name\":\"\u201cPilotos Sachecitos\u201d: un emprendimiento solidario para proteger del fr\u00edo y la lluvia a ni\u00f1os de escuelas rurales\"}]},{\"@type\":\"WebSite\",\"@id\":\"https:\\\/\\\/cvinoticias.com\\\/v3\\\/#website\",\"url\":\"https:\\\/\\\/cvinoticias.com\\\/v3\\\/\",\"name\":\"CVI NOTICIAS\",\"description\":\"\",\"publisher\":{\"@id\":\"https:\\\/\\\/cvinoticias.com\\\/v3\\\/#organization\"},\"alternateName\":\"CVI\",\"potentialAction\":[{\"@type\":\"SearchAction\",\"target\":{\"@type\":\"EntryPoint\",\"urlTemplate\":\"https:\\\/\\\/cvinoticias.com\\\/v3\\\/?s={search_term_string}\"},\"query-input\":{\"@type\":\"PropertyValueSpecification\",\"valueRequired\":true,\"valueName\":\"search_term_string\"}}],\"inLanguage\":\"es\"},{\"@type\":\"Organization\",\"@id\":\"https:\\\/\\\/cvinoticias.com\\\/v3\\\/#organization\",\"name\":\"CVI NOTICIAS\",\"url\":\"https:\\\/\\\/cvinoticias.com\\\/v3\\\/\",\"logo\":{\"@type\":\"ImageObject\",\"inLanguage\":\"es\",\"@id\":\"https:\\\/\\\/cvinoticias.com\\\/v3\\\/#\\\/schema\\\/logo\\\/image\\\/\",\"url\":\"https:\\\/\\\/cvinoticias.com\\\/wp-content\\\/uploads\\\/2023\\\/04\\\/cropped-cropped-cropped-cropped-cropped-3-1.png\",\"contentUrl\":\"https:\\\/\\\/cvinoticias.com\\\/wp-content\\\/uploads\\\/2023\\\/04\\\/cropped-cropped-cropped-cropped-cropped-3-1.png\",\"width\":95,\"height\":122,\"caption\":\"CVI NOTICIAS\"},\"image\":{\"@id\":\"https:\\\/\\\/cvinoticias.com\\\/v3\\\/#\\\/schema\\\/logo\\\/image\\\/\"},\"sameAs\":[\"https:\\\/\\\/www.facebook.com\\\/cvinoticias\",\"https:\\\/\\\/www.instagram.com\\\/cvinoticias\\\/\",\"https:\\\/\\\/www.youtube.com\\\/@CVINOTICIAS\"]},{\"@type\":\"Person\",\"@id\":\"https:\\\/\\\/cvinoticias.com\\\/v3\\\/#\\\/schema\\\/person\\\/2db77e3c6bc03c538495d7b2b8be9b66\",\"name\":\"f1000024\",\"image\":{\"@type\":\"ImageObject\",\"inLanguage\":\"es\",\"@id\":\"https:\\\/\\\/secure.gravatar.com\\\/avatar\\\/d4fe7459cfc51ff5129ce1a732bbef5928568b8092d412ef95611616376bbeed?s=96&d=mm&r=g\",\"url\":\"https:\\\/\\\/secure.gravatar.com\\\/avatar\\\/d4fe7459cfc51ff5129ce1a732bbef5928568b8092d412ef95611616376bbeed?s=96&d=mm&r=g\",\"contentUrl\":\"https:\\\/\\\/secure.gravatar.com\\\/avatar\\\/d4fe7459cfc51ff5129ce1a732bbef5928568b8092d412ef95611616376bbeed?s=96&d=mm&r=g\",\"caption\":\"f1000024\"},\"url\":\"https:\\\/\\\/cvinoticias.com\\\/v3\\\/author\\\/f1000024\\\/\"}]}<\/script>\n<!-- \/ Yoast SEO plugin. -->","yoast_head_json":{"title":"\u201cPilotos Sachecitos\u201d: un emprendimiento solidario para proteger del fr\u00edo y la lluvia a ni\u00f1os de escuelas rurales | CVI NOTICIAS","robots":{"index":"index","follow":"follow","max-snippet":"max-snippet:-1","max-image-preview":"max-image-preview:large","max-video-preview":"max-video-preview:-1"},"canonical":"https:\/\/cvinoticias.com\/v3\/pilotos-sachecitos-un-emprendimiento-solidario-para-proteger-del-frio-y-la-lluvia-a-ninos-de-escuelas-rurales\/","og_locale":"es_ES","og_type":"article","og_title":"\u201cPilotos Sachecitos\u201d: un emprendimiento solidario para proteger del fr\u00edo y la lluvia a ni\u00f1os de escuelas rurales | CVI NOTICIAS","og_description":"Mirta Abreu es directora de la Escuela 927 de Ober\u00e1 y presidente de la Asociaci\u00f3n Civil \u201cHogar de Ni\u00f1os Merceditas\u201d. En el a\u00f1o 2013 puso en marcha su emprendimiento \u201cPilotos Sachecitos\u201d, donde confecciona pilotos con sachets de leche reciclados para ni\u00f1os de las escuelas rurales. Emprendimiento de triple impacto \u00ab&#8217;Pilotos Sachecitos&#8217; consiste en confecciones de [&hellip;]","og_url":"https:\/\/cvinoticias.com\/v3\/pilotos-sachecitos-un-emprendimiento-solidario-para-proteger-del-frio-y-la-lluvia-a-ninos-de-escuelas-rurales\/","og_site_name":"CVI NOTICIAS","article_publisher":"https:\/\/www.facebook.com\/cvinoticias","article_published_time":"2022-06-10T11:34:56+00:00","og_image":[{"width":1280,"height":825,"url":"https:\/\/cvinoticias.com\/wp-content\/uploads\/2022\/06\/IMG-20220610-WA0014.jpg","type":"image\/jpeg"}],"author":"f1000024","twitter_card":"summary_large_image","twitter_misc":{"Escrito por":"f1000024","Tiempo de lectura":"4 minutos"},"schema":{"@context":"https:\/\/schema.org","@graph":[{"@type":"Article","@id":"https:\/\/cvinoticias.com\/v3\/pilotos-sachecitos-un-emprendimiento-solidario-para-proteger-del-frio-y-la-lluvia-a-ninos-de-escuelas-rurales\/#article","isPartOf":{"@id":"https:\/\/cvinoticias.com\/v3\/pilotos-sachecitos-un-emprendimiento-solidario-para-proteger-del-frio-y-la-lluvia-a-ninos-de-escuelas-rurales\/"},"author":{"name":"f1000024","@id":"https:\/\/cvinoticias.com\/v3\/#\/schema\/person\/2db77e3c6bc03c538495d7b2b8be9b66"},"headline":"\u201cPilotos Sachecitos\u201d: un emprendimiento solidario para proteger del fr\u00edo y la lluvia a ni\u00f1os de escuelas rurales","datePublished":"2022-06-10T11:34:56+00:00","mainEntityOfPage":{"@id":"https:\/\/cvinoticias.com\/v3\/pilotos-sachecitos-un-emprendimiento-solidario-para-proteger-del-frio-y-la-lluvia-a-ninos-de-escuelas-rurales\/"},"wordCount":883,"commentCount":0,"publisher":{"@id":"https:\/\/cvinoticias.com\/v3\/#organization"},"image":{"@id":"https:\/\/cvinoticias.com\/v3\/pilotos-sachecitos-un-emprendimiento-solidario-para-proteger-del-frio-y-la-lluvia-a-ninos-de-escuelas-rurales\/#primaryimage"},"thumbnailUrl":"https:\/\/cvinoticias.com\/wp-content\/uploads\/2022\/06\/IMG-20220610-WA0014.jpg","articleSection":["Provinciales"],"inLanguage":"es","potentialAction":[{"@type":"CommentAction","name":"Comment","target":["https:\/\/cvinoticias.com\/v3\/pilotos-sachecitos-un-emprendimiento-solidario-para-proteger-del-frio-y-la-lluvia-a-ninos-de-escuelas-rurales\/#respond"]}]},{"@type":"WebPage","@id":"https:\/\/cvinoticias.com\/v3\/pilotos-sachecitos-un-emprendimiento-solidario-para-proteger-del-frio-y-la-lluvia-a-ninos-de-escuelas-rurales\/","url":"https:\/\/cvinoticias.com\/v3\/pilotos-sachecitos-un-emprendimiento-solidario-para-proteger-del-frio-y-la-lluvia-a-ninos-de-escuelas-rurales\/","name":"\u201cPilotos Sachecitos\u201d: un emprendimiento solidario para proteger del fr\u00edo y la lluvia a ni\u00f1os de escuelas rurales | CVI NOTICIAS","isPartOf":{"@id":"https:\/\/cvinoticias.com\/v3\/#website"},"primaryImageOfPage":{"@id":"https:\/\/cvinoticias.com\/v3\/pilotos-sachecitos-un-emprendimiento-solidario-para-proteger-del-frio-y-la-lluvia-a-ninos-de-escuelas-rurales\/#primaryimage"},"image":{"@id":"https:\/\/cvinoticias.com\/v3\/pilotos-sachecitos-un-emprendimiento-solidario-para-proteger-del-frio-y-la-lluvia-a-ninos-de-escuelas-rurales\/#primaryimage"},"thumbnailUrl":"https:\/\/cvinoticias.com\/wp-content\/uploads\/2022\/06\/IMG-20220610-WA0014.jpg","datePublished":"2022-06-10T11:34:56+00:00","breadcrumb":{"@id":"https:\/\/cvinoticias.com\/v3\/pilotos-sachecitos-un-emprendimiento-solidario-para-proteger-del-frio-y-la-lluvia-a-ninos-de-escuelas-rurales\/#breadcrumb"},"inLanguage":"es","potentialAction":[{"@type":"ReadAction","target":["https:\/\/cvinoticias.com\/v3\/pilotos-sachecitos-un-emprendimiento-solidario-para-proteger-del-frio-y-la-lluvia-a-ninos-de-escuelas-rurales\/"]}]},{"@type":"ImageObject","inLanguage":"es","@id":"https:\/\/cvinoticias.com\/v3\/pilotos-sachecitos-un-emprendimiento-solidario-para-proteger-del-frio-y-la-lluvia-a-ninos-de-escuelas-rurales\/#primaryimage","url":"https:\/\/cvinoticias.com\/wp-content\/uploads\/2022\/06\/IMG-20220610-WA0014.jpg","contentUrl":"https:\/\/cvinoticias.com\/wp-content\/uploads\/2022\/06\/IMG-20220610-WA0014.jpg","width":1280,"height":825},{"@type":"BreadcrumbList","@id":"https:\/\/cvinoticias.com\/v3\/pilotos-sachecitos-un-emprendimiento-solidario-para-proteger-del-frio-y-la-lluvia-a-ninos-de-escuelas-rurales\/#breadcrumb","itemListElement":[{"@type":"ListItem","position":1,"name":"Portada","item":"https:\/\/cvinoticias.com\/v3\/"},{"@type":"ListItem","position":2,"name":"\u201cPilotos Sachecitos\u201d: un emprendimiento solidario para proteger del fr\u00edo y la lluvia a ni\u00f1os de escuelas rurales"}]},{"@type":"WebSite","@id":"https:\/\/cvinoticias.com\/v3\/#website","url":"https:\/\/cvinoticias.com\/v3\/","name":"CVI NOTICIAS","description":"","publisher":{"@id":"https:\/\/cvinoticias.com\/v3\/#organization"},"alternateName":"CVI","potentialAction":[{"@type":"SearchAction","target":{"@type":"EntryPoint","urlTemplate":"https:\/\/cvinoticias.com\/v3\/?s={search_term_string}"},"query-input":{"@type":"PropertyValueSpecification","valueRequired":true,"valueName":"search_term_string"}}],"inLanguage":"es"},{"@type":"Organization","@id":"https:\/\/cvinoticias.com\/v3\/#organization","name":"CVI NOTICIAS","url":"https:\/\/cvinoticias.com\/v3\/","logo":{"@type":"ImageObject","inLanguage":"es","@id":"https:\/\/cvinoticias.com\/v3\/#\/schema\/logo\/image\/","url":"https:\/\/cvinoticias.com\/wp-content\/uploads\/2023\/04\/cropped-cropped-cropped-cropped-cropped-3-1.png","contentUrl":"https:\/\/cvinoticias.com\/wp-content\/uploads\/2023\/04\/cropped-cropped-cropped-cropped-cropped-3-1.png","width":95,"height":122,"caption":"CVI NOTICIAS"},"image":{"@id":"https:\/\/cvinoticias.com\/v3\/#\/schema\/logo\/image\/"},"sameAs":["https:\/\/www.facebook.com\/cvinoticias","https:\/\/www.instagram.com\/cvinoticias\/","https:\/\/www.youtube.com\/@CVINOTICIAS"]},{"@type":"Person","@id":"https:\/\/cvinoticias.com\/v3\/#\/schema\/person\/2db77e3c6bc03c538495d7b2b8be9b66","name":"f1000024","image":{"@type":"ImageObject","inLanguage":"es","@id":"https:\/\/secure.gravatar.com\/avatar\/d4fe7459cfc51ff5129ce1a732bbef5928568b8092d412ef95611616376bbeed?s=96&d=mm&r=g","url":"https:\/\/secure.gravatar.com\/avatar\/d4fe7459cfc51ff5129ce1a732bbef5928568b8092d412ef95611616376bbeed?s=96&d=mm&r=g","contentUrl":"https:\/\/secure.gravatar.com\/avatar\/d4fe7459cfc51ff5129ce1a732bbef5928568b8092d412ef95611616376bbeed?s=96&d=mm&r=g","caption":"f1000024"},"url":"https:\/\/cvinoticias.com\/v3\/author\/f1000024\/"}]}},"_links":{"self":[{"href":"https:\/\/cvinoticias.com\/v3\/wp-json\/wp\/v2\/posts\/16540","targetHints":{"allow":["GET"]}}],"collection":[{"href":"https:\/\/cvinoticias.com\/v3\/wp-json\/wp\/v2\/posts"}],"about":[{"href":"https:\/\/cvinoticias.com\/v3\/wp-json\/wp\/v2\/types\/post"}],"author":[{"embeddable":true,"href":"https:\/\/cvinoticias.com\/v3\/wp-json\/wp\/v2\/users\/2"}],"replies":[{"embeddable":true,"href":"https:\/\/cvinoticias.com\/v3\/wp-json\/wp\/v2\/comments?post=16540"}],"version-history":[{"count":1,"href":"https:\/\/cvinoticias.com\/v3\/wp-json\/wp\/v2\/posts\/16540\/revisions"}],"predecessor-version":[{"id":16544,"href":"https:\/\/cvinoticias.com\/v3\/wp-json\/wp\/v2\/posts\/16540\/revisions\/16544"}],"wp:featuredmedia":[{"embeddable":true,"href":"https:\/\/cvinoticias.com\/v3\/wp-json\/wp\/v2\/media\/16542"}],"wp:attachment":[{"href":"https:\/\/cvinoticias.com\/v3\/wp-json\/wp\/v2\/media?parent=16540"}],"wp:term":[{"taxonomy":"category","embeddable":true,"href":"https:\/\/cvinoticias.com\/v3\/wp-json\/wp\/v2\/categories?post=16540"},{"taxonomy":"post_tag","embeddable":true,"href":"https:\/\/cvinoticias.com\/v3\/wp-json\/wp\/v2\/tags?post=16540"}],"curies":[{"name":"wp","href":"https:\/\/api.w.org\/{rel}","templated":true}]}}