{"id":16514,"date":"2022-06-09T06:31:24","date_gmt":"2022-06-09T06:31:24","guid":{"rendered":"https:\/\/cvinoticias.com\/v3\/?p=16514"},"modified":"2022-06-09T06:46:07","modified_gmt":"2022-06-09T06:46:07","slug":"caritas-realizara-este-fin-de-semana-su-colecta-anual-con-un-llamado-a-acortar-las-distancias-en-un-pais-donde-4-de-cada-10-argentinos-experimentan-privaciones-sociales-permanentes","status":"publish","type":"post","link":"https:\/\/cvinoticias.com\/v3\/caritas-realizara-este-fin-de-semana-su-colecta-anual-con-un-llamado-a-acortar-las-distancias-en-un-pais-donde-4-de-cada-10-argentinos-experimentan-privaciones-sociales-permanentes\/","title":{"rendered":"C\u00e1ritas realizar\u00e1 este fin de semana su Colecta Anual en un pa\u00eds donde 4 de cada 10 argentinos cayeron en la pobreza en la \u00faltima d\u00e9cada"},"content":{"rendered":"\n<p><strong><em>C\u00e1ritas Argentina y el Observatorio de la Deuda Social de la UCA dieron a conocer el lapidario documento \u201cRadiograf\u00eda de la pobreza en Argentina, \u00a1es urgente acortar distancias!\u201d, en la Parroquia Santa Mar\u00eda Madre del Pueblo en el Bajo Flores, Ciudad de Buenos Aires<\/em><\/strong>, <strong><em>donde aseguran que una de cada 10 personas sufre hambre.<\/em><\/strong><\/p>\n\n\n\n<p>Entre sus principales conclusiones, el informe indica que, durante los \u00faltimos a\u00f1os, al mismo tiempo que 3 de cada 10 argentinos nunca dejaron de ser pobres y 3 de cada 10 lo fueron al menos en alg\u00fan momento, casi 4 de cada 10 lograron evitar caer en la pobreza. En este contexto, 4 de cada 10 argentinos son actualmente pobres multidimensionales y 1 de cada 10 experimenta hambre de manera cotidiana. El estudio profundiza tambi\u00e9n sobre la problem\u00e1tica laboral en donde s\u00f3lo el 42% de la poblaci\u00f3n activa logra acceder a un trabajo digno, a la vez que el 58% s\u00f3lo accede a un empleo precario, a un trabajo de indigencia o est\u00e1 desocupado.<\/p>\n\n\n\n<p>C\u00e1ritas Argentina y el Observatorio de la Deuda Social de la Universidad Cat\u00f3lica Argentina (ODSA) presentaron hoy la Colecta Anual de C\u00e1ritas, que bajo el lema \u201cTu compromiso acorta distancias\u201d, buscar\u00e1 recolectar fondos los d\u00edas s\u00e1bado 11 y domingo 12 de junio. Las contribuciones de la tradicional y reconocida Colecta ser\u00e1n para atender la urgente necesidad de millones de argentinos en situaci\u00f3n de pobreza e indigencia. Ambas entidades dieron un crudo diagn\u00f3stico del cuadro social que atraviesa la Argentina, durante una presentaci\u00f3n que se realiz\u00f3 en la parroquia Santa Mar\u00eda Madre del Pueblo en el Bajo Flores, Ciudad de Buenos Aires.<\/p>\n\n\n\n<p>\u201cRadiograf\u00eda de la pobreza en Argentina, \u00a1es urgente acortar distancias!\u201d refleja un an\u00e1lisis exhaustivo de la grave situaci\u00f3n que atraviesa el pa\u00eds y las pol\u00edticas sociales desplegadas para atenderla. Seg\u00fan el reporte, al mismo tiempo que durante la \u00faltima d\u00e9cada, 3 de cada 10 argentinos nunca dejaron de ser pobres, 7 de cada 10 lo fueron al menos en alg\u00fan momento. En este contexto, 4 de cada 10 argentinos son pobres tanto por ingresos como por privaciones elementales, y, entre ellos, 1 de cada 10 experimenta hambre de manera cotidiana. El estudio examina tambi\u00e9n la problem\u00e1tica del mercado laboral, en donde desde hace m\u00e1s de una d\u00e9cada, s\u00f3lo 4 de cada 10 trabajadores tiene un trabajo digno, a la vez que el 60% de la poblaci\u00f3n activa tiene un empleo precario, un trabajo de indigencia o est\u00e1 desocupado. La presentaci\u00f3n estuvo a cargo de Monse\u00f1or Gustavo Carrara, Obispo Auxiliar de Buenos Aires, vicepresidente de C\u00e1ritas Argentina y referente de la Pastoral en Villas de Emergencia; Nicol\u00e1s Meyer, director ejecutivo de C\u00e1ritas Argentina; Agust\u00edn Salvia, director del ODSA-UCA; y Rosa Garz\u00f3n, directora de C\u00e1ritas Laferrere.<\/p>\n\n\n\n<p>\u00abHay 5687 villas o barrios populares en nuestro pa\u00eds. Miles de familias con acceso muy limitado a servicios b\u00e1sicos. Ah\u00ed est\u00e1 el n\u00facleo duro de la pobreza. Son barrios de trabajadores que tienen deseos: una tierra para tener su hogar y un trabajo para sostener a sus familias. Tierra, techo y trabajo son los anhelos de todos los argentinos\u201d, plante\u00f3 Monse\u00f1or Carrara y agreg\u00f3: \u201cEn estos \u00faltimos a\u00f1os la brecha se ha agigantado y han aumentado los pobres y los indigentes. Esta es la verdadera brecha en la Argentina, y no puede seguir sucediendo. Nuestro pa\u00eds no va a ser dichoso si no se acorta esa brecha.\u201d<\/p>\n\n\n\n<p>Luego, Agust\u00edn Salvia se\u00f1al\u00f3: \u00abUna parte importante de la sociedad no logra cumplir sus sue\u00f1os y muchos ni siquiera satisfacer sus necesidades elementales. El problema argentino es que esta pobreza no es nueva: no hemos logrado encontrar las coordenadas de una pol\u00edtica de estado capaz de dar respuestas a las necesidades de trabajo y de desarrollo humano de nuestra sociedad. Actualmente, 4 de cada 10 argentinos es pobre tanto de ingresos como en derechos sociales fundamentales como la educaci\u00f3n, la salud, la vivienda, el h\u00e1bitat, y entre ellos, de manera m\u00e1s grave, 1 de cada 10 experimenta hambre de manera cotidiana. En ese sentido, el director del Observatorio de la Deuda Social de la UCA destac\u00f3: \u201cHay un 60% de la poblaci\u00f3n que ha sido pobre en alg\u00fan momento en los \u00faltimos a\u00f1os, alrededor del 30% lo ha sido de manera permanente; mientras que s\u00f3lo 1 de cada 3 argentinos no conoce la pobreza. Tenemos que dar respuestas estructurales a esto, pol\u00edticas de desarrollo que atiendan los problemas urgentes de la gente a trav\u00e9s de la educaci\u00f3n, la salud, el empleo y el trabajo, y tambi\u00e9n pol\u00edticas activas que atiendan la pobreza estructural.\u201d<\/p>\n\n\n\n<p>Para Nicol\u00e1s Meyer, director ejecutivo de C\u00e1ritas Argentina: \u00abLa pobreza nos duele, golpea a much\u00edsimos de nuestros hermanos y es momento no solo de reflexionar si no de hacer para cambiar esta realidad. \u00abEl sistema actual genera pobreza y exclusi\u00f3n, pero a la vez hay muchas experiencias de trabajo y de superaci\u00f3n. Necesitamos crecer en trabajos dignos, decentes que disminuyan la brecha social\u201d y record\u00f3: \u201cInvitamos a todos este fin de semana a ser parte de la Colecta de C\u00e1ritas, que es el momento en el que salimos de nuestros espacios de servicio a cada esquina a encontrarnos para que se sumen con su aporte. Todo suma, cualquier aporte por m\u00e1s peque\u00f1o que sea ayuda much\u00edsimo a acortar esas distancias.\u201d<\/p>\n\n\n\n<p>Para finalizar, Rosa Garz\u00f3n, directora de C\u00e1ritas Laferrere explic\u00f3 el trabajo territorial que realiza C\u00e1ritas en todo el pa\u00eds: \u201cPonemos mucho el coraz\u00f3n en los espacios educativos. Son espacios donde se reciben a ni\u00f1os, j\u00f3venes y adultos que empiezan o concluyen sus estudios. Estamos educando, acompa\u00f1ando y caminando con qui\u00e9nes quieren hacerlo. C\u00e1ritas, en cada lugar donde est\u00e1 presente pone el foco no solo en lo alimentario, que nos ocupa y preocupa, pero tambi\u00e9n en la educaci\u00f3n, mirando tambi\u00e9n al futuro.\u201d Y se\u00f1al\u00f3: \u201cMuchos de los j\u00f3venes que participan de nuestros espacios y actividades transitan el camino de la adicci\u00f3n y tenemos que acompa\u00f1arlos. Queremos motivarlos a so\u00f1ar a pesar de estar en un lugar muy oscuro.<\/p>\n\n\n\n<p>Desde dentro o fuera de la Iglesia es importante que todos nos comprometamos con transformar estas realidades y acortar est\u00e1s distancias.\u201d<\/p>\n\n\n\n<p>C\u00e1ritas Argentina lanz\u00f3 su tradicional colecta anual el 25 de mayo bajo el lema \u201cTu compromiso acorta distancias\u201d, informando que el a\u00f1o pasado pudo ayudar a casi 700.000 personas con programas de desarrollo humano integral y asistencia alimentaria. Nuevamente, la instituci\u00f3n de la Iglesia Cat\u00f3lica habilit\u00f3 adem\u00e1s el canal de recolecci\u00f3n de fondos en las redes sociales, plataformas digitales y en las parroquias.<\/p>\n\n\n\n<p>\u201cLa pobreza y la indigencia se ha ensa\u00f1ado con nuestros compatriotas. Los n\u00fameros hablan por s\u00ed solos y cada n\u00famero tiene un rostro, una historia de sufrimiento y desesperanza que tenemos que revertir de manera urgente. Millones de familias argentinas viven una situaci\u00f3n dram\u00e1tica, que requiere de un notable esfuerzo de coordinaci\u00f3n y log\u00edstico, para llevar atenci\u00f3n material y contenci\u00f3n espiritual a los argentinos m\u00e1s necesitados\u201d, resumi\u00f3 Meyer.<\/p>\n\n\n\n<p>El a\u00f1o pasado, la recaudaci\u00f3n total de la Colecta Anual represent\u00f3 un 73,3% de incremento respecto de 2020. El dinero de la Colecta se destina al sostenimiento de programas de ayuda inmediata y de desarrollo humano integral que C\u00e1ritas desarrolla a lo largo del a\u00f1o. Adem\u00e1s de las necesidades b\u00e1sicas, se impulsan proyectos relacionados con microemprendimientos productivos y de autoconsumo, capacitaci\u00f3n laboral, inclusi\u00f3n educativa, abordaje pastoral y comunitario de las adicciones, cuidado de la primera infancia, formaci\u00f3n en ciudadan\u00eda, centros comunitarios de atenci\u00f3n integral, jardines maternales.<\/p>\n","protected":false},"excerpt":{"rendered":"<p>C\u00e1ritas Argentina y el Observatorio de la Deuda Social de la UCA dieron a conocer el lapidario documento \u201cRadiograf\u00eda de la pobreza en Argentina, \u00a1es urgente acortar distancias!\u201d, en la Parroquia Santa Mar\u00eda Madre del Pueblo en el Bajo Flores, Ciudad de Buenos Aires, donde aseguran que una de cada 10 personas sufre hambre. Entre [&hellip;]<\/p>\n","protected":false},"author":2,"featured_media":16515,"comment_status":"open","ping_status":"open","sticky":false,"template":"","format":"standard","meta":{"footnotes":""},"categories":[39],"tags":[],"class_list":["post-16514","post","type-post","status-publish","format-standard","has-post-thumbnail","hentry","category-nacionales"],"yoast_head":"<!-- This site is optimized with the Yoast SEO plugin v27.4 - https:\/\/yoast.com\/product\/yoast-seo-wordpress\/ -->\n<title>C\u00e1ritas realizar\u00e1 este fin de semana su Colecta Anual en un pa\u00eds donde 4 de cada 10 argentinos cayeron en la pobreza en la \u00faltima d\u00e9cada | CVI NOTICIAS<\/title>\n<meta name=\"robots\" content=\"index, follow, max-snippet:-1, max-image-preview:large, max-video-preview:-1\" \/>\n<link rel=\"canonical\" href=\"https:\/\/cvinoticias.com\/v3\/caritas-realizara-este-fin-de-semana-su-colecta-anual-con-un-llamado-a-acortar-las-distancias-en-un-pais-donde-4-de-cada-10-argentinos-experimentan-privaciones-sociales-permanentes\/\" \/>\n<meta property=\"og:locale\" content=\"es_ES\" \/>\n<meta property=\"og:type\" content=\"article\" \/>\n<meta property=\"og:title\" content=\"C\u00e1ritas realizar\u00e1 este fin de semana su Colecta Anual en un pa\u00eds donde 4 de cada 10 argentinos cayeron en la pobreza en la \u00faltima d\u00e9cada | CVI NOTICIAS\" \/>\n<meta property=\"og:description\" content=\"C\u00e1ritas Argentina y el Observatorio de la Deuda Social de la UCA dieron a conocer el lapidario documento \u201cRadiograf\u00eda de la pobreza en Argentina, \u00a1es urgente acortar distancias!\u201d, en la Parroquia Santa Mar\u00eda Madre del Pueblo en el Bajo Flores, Ciudad de Buenos Aires, donde aseguran que una de cada 10 personas sufre hambre. Entre [&hellip;]\" \/>\n<meta property=\"og:url\" content=\"https:\/\/cvinoticias.com\/v3\/caritas-realizara-este-fin-de-semana-su-colecta-anual-con-un-llamado-a-acortar-las-distancias-en-un-pais-donde-4-de-cada-10-argentinos-experimentan-privaciones-sociales-permanentes\/\" \/>\n<meta property=\"og:site_name\" content=\"CVI NOTICIAS\" \/>\n<meta property=\"article:publisher\" content=\"https:\/\/www.facebook.com\/cvinoticias\" \/>\n<meta property=\"article:published_time\" content=\"2022-06-09T06:31:24+00:00\" \/>\n<meta property=\"article:modified_time\" content=\"2022-06-09T06:46:07+00:00\" \/>\n<meta property=\"og:image\" content=\"https:\/\/cvinoticias.com\/wp-content\/uploads\/2022\/06\/Screenshot_20220609-032206_Outlook.jpg\" \/>\n\t<meta property=\"og:image:width\" content=\"970\" \/>\n\t<meta property=\"og:image:height\" content=\"540\" \/>\n\t<meta property=\"og:image:type\" content=\"image\/jpeg\" \/>\n<meta name=\"author\" content=\"f1000024\" \/>\n<meta name=\"twitter:card\" content=\"summary_large_image\" \/>\n<meta name=\"twitter:label1\" content=\"Escrito por\" \/>\n\t<meta name=\"twitter:data1\" content=\"f1000024\" \/>\n\t<meta name=\"twitter:label2\" content=\"Tiempo de lectura\" \/>\n\t<meta name=\"twitter:data2\" content=\"7 minutos\" \/>\n<script type=\"application\/ld+json\" class=\"yoast-schema-graph\">{\"@context\":\"https:\\\/\\\/schema.org\",\"@graph\":[{\"@type\":\"Article\",\"@id\":\"https:\\\/\\\/cvinoticias.com\\\/v3\\\/caritas-realizara-este-fin-de-semana-su-colecta-anual-con-un-llamado-a-acortar-las-distancias-en-un-pais-donde-4-de-cada-10-argentinos-experimentan-privaciones-sociales-permanentes\\\/#article\",\"isPartOf\":{\"@id\":\"https:\\\/\\\/cvinoticias.com\\\/v3\\\/caritas-realizara-este-fin-de-semana-su-colecta-anual-con-un-llamado-a-acortar-las-distancias-en-un-pais-donde-4-de-cada-10-argentinos-experimentan-privaciones-sociales-permanentes\\\/\"},\"author\":{\"name\":\"f1000024\",\"@id\":\"https:\\\/\\\/cvinoticias.com\\\/v3\\\/#\\\/schema\\\/person\\\/2db77e3c6bc03c538495d7b2b8be9b66\"},\"headline\":\"C\u00e1ritas realizar\u00e1 este fin de semana su Colecta Anual en un pa\u00eds donde 4 de cada 10 argentinos cayeron en la pobreza en la \u00faltima d\u00e9cada\",\"datePublished\":\"2022-06-09T06:31:24+00:00\",\"dateModified\":\"2022-06-09T06:46:07+00:00\",\"mainEntityOfPage\":{\"@id\":\"https:\\\/\\\/cvinoticias.com\\\/v3\\\/caritas-realizara-este-fin-de-semana-su-colecta-anual-con-un-llamado-a-acortar-las-distancias-en-un-pais-donde-4-de-cada-10-argentinos-experimentan-privaciones-sociales-permanentes\\\/\"},\"wordCount\":1335,\"commentCount\":0,\"publisher\":{\"@id\":\"https:\\\/\\\/cvinoticias.com\\\/v3\\\/#organization\"},\"image\":{\"@id\":\"https:\\\/\\\/cvinoticias.com\\\/v3\\\/caritas-realizara-este-fin-de-semana-su-colecta-anual-con-un-llamado-a-acortar-las-distancias-en-un-pais-donde-4-de-cada-10-argentinos-experimentan-privaciones-sociales-permanentes\\\/#primaryimage\"},\"thumbnailUrl\":\"https:\\\/\\\/cvinoticias.com\\\/wp-content\\\/uploads\\\/2022\\\/06\\\/Screenshot_20220609-032206_Outlook.jpg\",\"articleSection\":[\"Nacionales\"],\"inLanguage\":\"es\",\"potentialAction\":[{\"@type\":\"CommentAction\",\"name\":\"Comment\",\"target\":[\"https:\\\/\\\/cvinoticias.com\\\/v3\\\/caritas-realizara-este-fin-de-semana-su-colecta-anual-con-un-llamado-a-acortar-las-distancias-en-un-pais-donde-4-de-cada-10-argentinos-experimentan-privaciones-sociales-permanentes\\\/#respond\"]}]},{\"@type\":\"WebPage\",\"@id\":\"https:\\\/\\\/cvinoticias.com\\\/v3\\\/caritas-realizara-este-fin-de-semana-su-colecta-anual-con-un-llamado-a-acortar-las-distancias-en-un-pais-donde-4-de-cada-10-argentinos-experimentan-privaciones-sociales-permanentes\\\/\",\"url\":\"https:\\\/\\\/cvinoticias.com\\\/v3\\\/caritas-realizara-este-fin-de-semana-su-colecta-anual-con-un-llamado-a-acortar-las-distancias-en-un-pais-donde-4-de-cada-10-argentinos-experimentan-privaciones-sociales-permanentes\\\/\",\"name\":\"C\u00e1ritas realizar\u00e1 este fin de semana su Colecta Anual en un pa\u00eds donde 4 de cada 10 argentinos cayeron en la pobreza en la \u00faltima d\u00e9cada | CVI NOTICIAS\",\"isPartOf\":{\"@id\":\"https:\\\/\\\/cvinoticias.com\\\/v3\\\/#website\"},\"primaryImageOfPage\":{\"@id\":\"https:\\\/\\\/cvinoticias.com\\\/v3\\\/caritas-realizara-este-fin-de-semana-su-colecta-anual-con-un-llamado-a-acortar-las-distancias-en-un-pais-donde-4-de-cada-10-argentinos-experimentan-privaciones-sociales-permanentes\\\/#primaryimage\"},\"image\":{\"@id\":\"https:\\\/\\\/cvinoticias.com\\\/v3\\\/caritas-realizara-este-fin-de-semana-su-colecta-anual-con-un-llamado-a-acortar-las-distancias-en-un-pais-donde-4-de-cada-10-argentinos-experimentan-privaciones-sociales-permanentes\\\/#primaryimage\"},\"thumbnailUrl\":\"https:\\\/\\\/cvinoticias.com\\\/wp-content\\\/uploads\\\/2022\\\/06\\\/Screenshot_20220609-032206_Outlook.jpg\",\"datePublished\":\"2022-06-09T06:31:24+00:00\",\"dateModified\":\"2022-06-09T06:46:07+00:00\",\"breadcrumb\":{\"@id\":\"https:\\\/\\\/cvinoticias.com\\\/v3\\\/caritas-realizara-este-fin-de-semana-su-colecta-anual-con-un-llamado-a-acortar-las-distancias-en-un-pais-donde-4-de-cada-10-argentinos-experimentan-privaciones-sociales-permanentes\\\/#breadcrumb\"},\"inLanguage\":\"es\",\"potentialAction\":[{\"@type\":\"ReadAction\",\"target\":[\"https:\\\/\\\/cvinoticias.com\\\/v3\\\/caritas-realizara-este-fin-de-semana-su-colecta-anual-con-un-llamado-a-acortar-las-distancias-en-un-pais-donde-4-de-cada-10-argentinos-experimentan-privaciones-sociales-permanentes\\\/\"]}]},{\"@type\":\"ImageObject\",\"inLanguage\":\"es\",\"@id\":\"https:\\\/\\\/cvinoticias.com\\\/v3\\\/caritas-realizara-este-fin-de-semana-su-colecta-anual-con-un-llamado-a-acortar-las-distancias-en-un-pais-donde-4-de-cada-10-argentinos-experimentan-privaciones-sociales-permanentes\\\/#primaryimage\",\"url\":\"https:\\\/\\\/cvinoticias.com\\\/wp-content\\\/uploads\\\/2022\\\/06\\\/Screenshot_20220609-032206_Outlook.jpg\",\"contentUrl\":\"https:\\\/\\\/cvinoticias.com\\\/wp-content\\\/uploads\\\/2022\\\/06\\\/Screenshot_20220609-032206_Outlook.jpg\",\"width\":970,\"height\":540},{\"@type\":\"BreadcrumbList\",\"@id\":\"https:\\\/\\\/cvinoticias.com\\\/v3\\\/caritas-realizara-este-fin-de-semana-su-colecta-anual-con-un-llamado-a-acortar-las-distancias-en-un-pais-donde-4-de-cada-10-argentinos-experimentan-privaciones-sociales-permanentes\\\/#breadcrumb\",\"itemListElement\":[{\"@type\":\"ListItem\",\"position\":1,\"name\":\"Portada\",\"item\":\"https:\\\/\\\/cvinoticias.com\\\/v3\\\/\"},{\"@type\":\"ListItem\",\"position\":2,\"name\":\"C\u00e1ritas realizar\u00e1 este fin de semana su Colecta Anual en un pa\u00eds donde 4 de cada 10 argentinos cayeron en la pobreza en la \u00faltima d\u00e9cada\"}]},{\"@type\":\"WebSite\",\"@id\":\"https:\\\/\\\/cvinoticias.com\\\/v3\\\/#website\",\"url\":\"https:\\\/\\\/cvinoticias.com\\\/v3\\\/\",\"name\":\"CVI NOTICIAS\",\"description\":\"\",\"publisher\":{\"@id\":\"https:\\\/\\\/cvinoticias.com\\\/v3\\\/#organization\"},\"alternateName\":\"CVI\",\"potentialAction\":[{\"@type\":\"SearchAction\",\"target\":{\"@type\":\"EntryPoint\",\"urlTemplate\":\"https:\\\/\\\/cvinoticias.com\\\/v3\\\/?s={search_term_string}\"},\"query-input\":{\"@type\":\"PropertyValueSpecification\",\"valueRequired\":true,\"valueName\":\"search_term_string\"}}],\"inLanguage\":\"es\"},{\"@type\":\"Organization\",\"@id\":\"https:\\\/\\\/cvinoticias.com\\\/v3\\\/#organization\",\"name\":\"CVI NOTICIAS\",\"url\":\"https:\\\/\\\/cvinoticias.com\\\/v3\\\/\",\"logo\":{\"@type\":\"ImageObject\",\"inLanguage\":\"es\",\"@id\":\"https:\\\/\\\/cvinoticias.com\\\/v3\\\/#\\\/schema\\\/logo\\\/image\\\/\",\"url\":\"https:\\\/\\\/cvinoticias.com\\\/wp-content\\\/uploads\\\/2023\\\/04\\\/cropped-cropped-cropped-cropped-cropped-3-1.png\",\"contentUrl\":\"https:\\\/\\\/cvinoticias.com\\\/wp-content\\\/uploads\\\/2023\\\/04\\\/cropped-cropped-cropped-cropped-cropped-3-1.png\",\"width\":95,\"height\":122,\"caption\":\"CVI NOTICIAS\"},\"image\":{\"@id\":\"https:\\\/\\\/cvinoticias.com\\\/v3\\\/#\\\/schema\\\/logo\\\/image\\\/\"},\"sameAs\":[\"https:\\\/\\\/www.facebook.com\\\/cvinoticias\",\"https:\\\/\\\/www.instagram.com\\\/cvinoticias\\\/\",\"https:\\\/\\\/www.youtube.com\\\/@CVINOTICIAS\"]},{\"@type\":\"Person\",\"@id\":\"https:\\\/\\\/cvinoticias.com\\\/v3\\\/#\\\/schema\\\/person\\\/2db77e3c6bc03c538495d7b2b8be9b66\",\"name\":\"f1000024\",\"image\":{\"@type\":\"ImageObject\",\"inLanguage\":\"es\",\"@id\":\"https:\\\/\\\/secure.gravatar.com\\\/avatar\\\/d4fe7459cfc51ff5129ce1a732bbef5928568b8092d412ef95611616376bbeed?s=96&d=mm&r=g\",\"url\":\"https:\\\/\\\/secure.gravatar.com\\\/avatar\\\/d4fe7459cfc51ff5129ce1a732bbef5928568b8092d412ef95611616376bbeed?s=96&d=mm&r=g\",\"contentUrl\":\"https:\\\/\\\/secure.gravatar.com\\\/avatar\\\/d4fe7459cfc51ff5129ce1a732bbef5928568b8092d412ef95611616376bbeed?s=96&d=mm&r=g\",\"caption\":\"f1000024\"},\"url\":\"https:\\\/\\\/cvinoticias.com\\\/v3\\\/author\\\/f1000024\\\/\"}]}<\/script>\n<!-- \/ Yoast SEO plugin. -->","yoast_head_json":{"title":"C\u00e1ritas realizar\u00e1 este fin de semana su Colecta Anual en un pa\u00eds donde 4 de cada 10 argentinos cayeron en la pobreza en la \u00faltima d\u00e9cada | CVI NOTICIAS","robots":{"index":"index","follow":"follow","max-snippet":"max-snippet:-1","max-image-preview":"max-image-preview:large","max-video-preview":"max-video-preview:-1"},"canonical":"https:\/\/cvinoticias.com\/v3\/caritas-realizara-este-fin-de-semana-su-colecta-anual-con-un-llamado-a-acortar-las-distancias-en-un-pais-donde-4-de-cada-10-argentinos-experimentan-privaciones-sociales-permanentes\/","og_locale":"es_ES","og_type":"article","og_title":"C\u00e1ritas realizar\u00e1 este fin de semana su Colecta Anual en un pa\u00eds donde 4 de cada 10 argentinos cayeron en la pobreza en la \u00faltima d\u00e9cada | CVI NOTICIAS","og_description":"C\u00e1ritas Argentina y el Observatorio de la Deuda Social de la UCA dieron a conocer el lapidario documento \u201cRadiograf\u00eda de la pobreza en Argentina, \u00a1es urgente acortar distancias!\u201d, en la Parroquia Santa Mar\u00eda Madre del Pueblo en el Bajo Flores, Ciudad de Buenos Aires, donde aseguran que una de cada 10 personas sufre hambre. Entre [&hellip;]","og_url":"https:\/\/cvinoticias.com\/v3\/caritas-realizara-este-fin-de-semana-su-colecta-anual-con-un-llamado-a-acortar-las-distancias-en-un-pais-donde-4-de-cada-10-argentinos-experimentan-privaciones-sociales-permanentes\/","og_site_name":"CVI NOTICIAS","article_publisher":"https:\/\/www.facebook.com\/cvinoticias","article_published_time":"2022-06-09T06:31:24+00:00","article_modified_time":"2022-06-09T06:46:07+00:00","og_image":[{"width":970,"height":540,"url":"https:\/\/cvinoticias.com\/wp-content\/uploads\/2022\/06\/Screenshot_20220609-032206_Outlook.jpg","type":"image\/jpeg"}],"author":"f1000024","twitter_card":"summary_large_image","twitter_misc":{"Escrito por":"f1000024","Tiempo de lectura":"7 minutos"},"schema":{"@context":"https:\/\/schema.org","@graph":[{"@type":"Article","@id":"https:\/\/cvinoticias.com\/v3\/caritas-realizara-este-fin-de-semana-su-colecta-anual-con-un-llamado-a-acortar-las-distancias-en-un-pais-donde-4-de-cada-10-argentinos-experimentan-privaciones-sociales-permanentes\/#article","isPartOf":{"@id":"https:\/\/cvinoticias.com\/v3\/caritas-realizara-este-fin-de-semana-su-colecta-anual-con-un-llamado-a-acortar-las-distancias-en-un-pais-donde-4-de-cada-10-argentinos-experimentan-privaciones-sociales-permanentes\/"},"author":{"name":"f1000024","@id":"https:\/\/cvinoticias.com\/v3\/#\/schema\/person\/2db77e3c6bc03c538495d7b2b8be9b66"},"headline":"C\u00e1ritas realizar\u00e1 este fin de semana su Colecta Anual en un pa\u00eds donde 4 de cada 10 argentinos cayeron en la pobreza en la \u00faltima d\u00e9cada","datePublished":"2022-06-09T06:31:24+00:00","dateModified":"2022-06-09T06:46:07+00:00","mainEntityOfPage":{"@id":"https:\/\/cvinoticias.com\/v3\/caritas-realizara-este-fin-de-semana-su-colecta-anual-con-un-llamado-a-acortar-las-distancias-en-un-pais-donde-4-de-cada-10-argentinos-experimentan-privaciones-sociales-permanentes\/"},"wordCount":1335,"commentCount":0,"publisher":{"@id":"https:\/\/cvinoticias.com\/v3\/#organization"},"image":{"@id":"https:\/\/cvinoticias.com\/v3\/caritas-realizara-este-fin-de-semana-su-colecta-anual-con-un-llamado-a-acortar-las-distancias-en-un-pais-donde-4-de-cada-10-argentinos-experimentan-privaciones-sociales-permanentes\/#primaryimage"},"thumbnailUrl":"https:\/\/cvinoticias.com\/wp-content\/uploads\/2022\/06\/Screenshot_20220609-032206_Outlook.jpg","articleSection":["Nacionales"],"inLanguage":"es","potentialAction":[{"@type":"CommentAction","name":"Comment","target":["https:\/\/cvinoticias.com\/v3\/caritas-realizara-este-fin-de-semana-su-colecta-anual-con-un-llamado-a-acortar-las-distancias-en-un-pais-donde-4-de-cada-10-argentinos-experimentan-privaciones-sociales-permanentes\/#respond"]}]},{"@type":"WebPage","@id":"https:\/\/cvinoticias.com\/v3\/caritas-realizara-este-fin-de-semana-su-colecta-anual-con-un-llamado-a-acortar-las-distancias-en-un-pais-donde-4-de-cada-10-argentinos-experimentan-privaciones-sociales-permanentes\/","url":"https:\/\/cvinoticias.com\/v3\/caritas-realizara-este-fin-de-semana-su-colecta-anual-con-un-llamado-a-acortar-las-distancias-en-un-pais-donde-4-de-cada-10-argentinos-experimentan-privaciones-sociales-permanentes\/","name":"C\u00e1ritas realizar\u00e1 este fin de semana su Colecta Anual en un pa\u00eds donde 4 de cada 10 argentinos cayeron en la pobreza en la \u00faltima d\u00e9cada | CVI NOTICIAS","isPartOf":{"@id":"https:\/\/cvinoticias.com\/v3\/#website"},"primaryImageOfPage":{"@id":"https:\/\/cvinoticias.com\/v3\/caritas-realizara-este-fin-de-semana-su-colecta-anual-con-un-llamado-a-acortar-las-distancias-en-un-pais-donde-4-de-cada-10-argentinos-experimentan-privaciones-sociales-permanentes\/#primaryimage"},"image":{"@id":"https:\/\/cvinoticias.com\/v3\/caritas-realizara-este-fin-de-semana-su-colecta-anual-con-un-llamado-a-acortar-las-distancias-en-un-pais-donde-4-de-cada-10-argentinos-experimentan-privaciones-sociales-permanentes\/#primaryimage"},"thumbnailUrl":"https:\/\/cvinoticias.com\/wp-content\/uploads\/2022\/06\/Screenshot_20220609-032206_Outlook.jpg","datePublished":"2022-06-09T06:31:24+00:00","dateModified":"2022-06-09T06:46:07+00:00","breadcrumb":{"@id":"https:\/\/cvinoticias.com\/v3\/caritas-realizara-este-fin-de-semana-su-colecta-anual-con-un-llamado-a-acortar-las-distancias-en-un-pais-donde-4-de-cada-10-argentinos-experimentan-privaciones-sociales-permanentes\/#breadcrumb"},"inLanguage":"es","potentialAction":[{"@type":"ReadAction","target":["https:\/\/cvinoticias.com\/v3\/caritas-realizara-este-fin-de-semana-su-colecta-anual-con-un-llamado-a-acortar-las-distancias-en-un-pais-donde-4-de-cada-10-argentinos-experimentan-privaciones-sociales-permanentes\/"]}]},{"@type":"ImageObject","inLanguage":"es","@id":"https:\/\/cvinoticias.com\/v3\/caritas-realizara-este-fin-de-semana-su-colecta-anual-con-un-llamado-a-acortar-las-distancias-en-un-pais-donde-4-de-cada-10-argentinos-experimentan-privaciones-sociales-permanentes\/#primaryimage","url":"https:\/\/cvinoticias.com\/wp-content\/uploads\/2022\/06\/Screenshot_20220609-032206_Outlook.jpg","contentUrl":"https:\/\/cvinoticias.com\/wp-content\/uploads\/2022\/06\/Screenshot_20220609-032206_Outlook.jpg","width":970,"height":540},{"@type":"BreadcrumbList","@id":"https:\/\/cvinoticias.com\/v3\/caritas-realizara-este-fin-de-semana-su-colecta-anual-con-un-llamado-a-acortar-las-distancias-en-un-pais-donde-4-de-cada-10-argentinos-experimentan-privaciones-sociales-permanentes\/#breadcrumb","itemListElement":[{"@type":"ListItem","position":1,"name":"Portada","item":"https:\/\/cvinoticias.com\/v3\/"},{"@type":"ListItem","position":2,"name":"C\u00e1ritas realizar\u00e1 este fin de semana su Colecta Anual en un pa\u00eds donde 4 de cada 10 argentinos cayeron en la pobreza en la \u00faltima d\u00e9cada"}]},{"@type":"WebSite","@id":"https:\/\/cvinoticias.com\/v3\/#website","url":"https:\/\/cvinoticias.com\/v3\/","name":"CVI NOTICIAS","description":"","publisher":{"@id":"https:\/\/cvinoticias.com\/v3\/#organization"},"alternateName":"CVI","potentialAction":[{"@type":"SearchAction","target":{"@type":"EntryPoint","urlTemplate":"https:\/\/cvinoticias.com\/v3\/?s={search_term_string}"},"query-input":{"@type":"PropertyValueSpecification","valueRequired":true,"valueName":"search_term_string"}}],"inLanguage":"es"},{"@type":"Organization","@id":"https:\/\/cvinoticias.com\/v3\/#organization","name":"CVI NOTICIAS","url":"https:\/\/cvinoticias.com\/v3\/","logo":{"@type":"ImageObject","inLanguage":"es","@id":"https:\/\/cvinoticias.com\/v3\/#\/schema\/logo\/image\/","url":"https:\/\/cvinoticias.com\/wp-content\/uploads\/2023\/04\/cropped-cropped-cropped-cropped-cropped-3-1.png","contentUrl":"https:\/\/cvinoticias.com\/wp-content\/uploads\/2023\/04\/cropped-cropped-cropped-cropped-cropped-3-1.png","width":95,"height":122,"caption":"CVI NOTICIAS"},"image":{"@id":"https:\/\/cvinoticias.com\/v3\/#\/schema\/logo\/image\/"},"sameAs":["https:\/\/www.facebook.com\/cvinoticias","https:\/\/www.instagram.com\/cvinoticias\/","https:\/\/www.youtube.com\/@CVINOTICIAS"]},{"@type":"Person","@id":"https:\/\/cvinoticias.com\/v3\/#\/schema\/person\/2db77e3c6bc03c538495d7b2b8be9b66","name":"f1000024","image":{"@type":"ImageObject","inLanguage":"es","@id":"https:\/\/secure.gravatar.com\/avatar\/d4fe7459cfc51ff5129ce1a732bbef5928568b8092d412ef95611616376bbeed?s=96&d=mm&r=g","url":"https:\/\/secure.gravatar.com\/avatar\/d4fe7459cfc51ff5129ce1a732bbef5928568b8092d412ef95611616376bbeed?s=96&d=mm&r=g","contentUrl":"https:\/\/secure.gravatar.com\/avatar\/d4fe7459cfc51ff5129ce1a732bbef5928568b8092d412ef95611616376bbeed?s=96&d=mm&r=g","caption":"f1000024"},"url":"https:\/\/cvinoticias.com\/v3\/author\/f1000024\/"}]}},"_links":{"self":[{"href":"https:\/\/cvinoticias.com\/v3\/wp-json\/wp\/v2\/posts\/16514","targetHints":{"allow":["GET"]}}],"collection":[{"href":"https:\/\/cvinoticias.com\/v3\/wp-json\/wp\/v2\/posts"}],"about":[{"href":"https:\/\/cvinoticias.com\/v3\/wp-json\/wp\/v2\/types\/post"}],"author":[{"embeddable":true,"href":"https:\/\/cvinoticias.com\/v3\/wp-json\/wp\/v2\/users\/2"}],"replies":[{"embeddable":true,"href":"https:\/\/cvinoticias.com\/v3\/wp-json\/wp\/v2\/comments?post=16514"}],"version-history":[{"count":3,"href":"https:\/\/cvinoticias.com\/v3\/wp-json\/wp\/v2\/posts\/16514\/revisions"}],"predecessor-version":[{"id":16518,"href":"https:\/\/cvinoticias.com\/v3\/wp-json\/wp\/v2\/posts\/16514\/revisions\/16518"}],"wp:featuredmedia":[{"embeddable":true,"href":"https:\/\/cvinoticias.com\/v3\/wp-json\/wp\/v2\/media\/16515"}],"wp:attachment":[{"href":"https:\/\/cvinoticias.com\/v3\/wp-json\/wp\/v2\/media?parent=16514"}],"wp:term":[{"taxonomy":"category","embeddable":true,"href":"https:\/\/cvinoticias.com\/v3\/wp-json\/wp\/v2\/categories?post=16514"},{"taxonomy":"post_tag","embeddable":true,"href":"https:\/\/cvinoticias.com\/v3\/wp-json\/wp\/v2\/tags?post=16514"}],"curies":[{"name":"wp","href":"https:\/\/api.w.org\/{rel}","templated":true}]}}