{"id":1651,"date":"2021-01-15T13:28:15","date_gmt":"2021-01-15T13:28:15","guid":{"rendered":"https:\/\/cvinoticias.com\/v3\/?p=1651"},"modified":"2021-01-15T13:28:15","modified_gmt":"2021-01-15T13:28:15","slug":"15-de-enero-dia-provincial-del-promotor-de-salud","status":"publish","type":"post","link":"https:\/\/cvinoticias.com\/v3\/15-de-enero-dia-provincial-del-promotor-de-salud\/","title":{"rendered":"15 de enero D\u00eda Provincial del Promotor de Salud"},"content":{"rendered":"\n<p><strong><em>Hoy asueto en toda la provincia para los Promotores de salud en su D\u00eda.<\/em><\/strong><\/p>\n\n\n\n<p>Hoy es el \u00abD\u00eda del Promotor de Salud\u00bb por ello, desde el Ministerio de Salud P\u00fablica de Misiones, se revaloriza una vez m\u00e1s su rol en la comunidad y se destaca el compromiso social que cada uno de ellos manifiesta en su constante trabajo a lo largo y ancho de la Provincia.<\/p>\n\n\n\n<p>A lo largo de estos 15 a\u00f1os los Promotores de Salud formaron parte de las campa\u00f1as de vacunaci\u00f3n para la Fiebre Amarilla, Dengue, Vacunaci\u00f3n contra la Gripe A H1N1, Rub\u00e9ola, VHP, entre otras. Como as\u00ed tambi\u00e9n forman parte del equipo de salud de los programas nacionales y provinciales. En esa l\u00ednea son una figura clave para los Programas Maternos Infantiles, para el trabajo de prevenci\u00f3n de las enfermedades cr\u00f3nicas no transmisibles, enfermedades vectoriales, entre otros.<\/p>\n\n\n\n<p>Desde enero de 2005 se han convertido en el eje principal de la Atenci\u00f3n Primaria de la Salud en Misiones y, sobre todo, en el nexo real entre el Estado y la Comunidad.<\/p>\n\n\n\n<p>Tambi\u00e9n se han incorporado a la educaci\u00f3n formal un 92% de los Promotores que no pose\u00edan la terminalidad primaria y secundaria. Desde el a\u00f1o 2008 los becados son beneficiarios tambi\u00e9n del Seguro Provincial de Salud y a partir del a\u00f1o 2010 cuentan con un seguro de vida cumplimentando las normas vigentes.<\/p>\n\n\n\n<p>El Programa adem\u00e1s tiene como eje central, la capacitaci\u00f3n y para ello se realizan en forma semanal talleres de capacitaci\u00f3n y actualizaci\u00f3n de conocimientos. La formaci\u00f3n continua de dicho recurso humano id\u00f3neo tiene como objetivo brindar conocimientos te\u00f3rico-t\u00e9cnicos y metodol\u00f3gicos, bajo la modalidad pedag\u00f3gica de capacitaci\u00f3n-acci\u00f3n.<\/p>\n\n\n\n<p>En ese contexto, el Ministerio de Salud P\u00fablica apunt\u00f3 a la profesionalizaci\u00f3n del Promotor de Salud a trav\u00e9s de la Tecnicatura Superior en Atenci\u00f3n Primaria de la Salud, una carrera de pre-grado de tres a\u00f1os de duraci\u00f3n para aquellos agentes o becarios con estudios secundarios completos.<\/p>\n\n\n\n<p>\u201cSer promotora de salud es un constante aprendizaje tanto de teor\u00eda como de experiencias reales con el otro, con el ser humano, con el vecino, con el aldeano\u2026.\u201d, expres\u00f3 Graciela Moreira quien trabaja hace 16 a\u00f1os en el CAPS Mboror\u00e9 de Puerto Iguaz\u00fa.<\/p>\n","protected":false},"excerpt":{"rendered":"<p>Hoy asueto en toda la provincia para los Promotores de salud en su D\u00eda. Hoy es el \u00abD\u00eda del Promotor de Salud\u00bb por ello, desde el Ministerio de Salud P\u00fablica de Misiones, se revaloriza una vez m\u00e1s su rol en la comunidad y se destaca el compromiso social que cada uno de ellos manifiesta en [&hellip;]<\/p>\n","protected":false},"author":2,"featured_media":1652,"comment_status":"open","ping_status":"open","sticky":false,"template":"","format":"standard","meta":{"footnotes":""},"categories":[35],"tags":[],"class_list":["post-1651","post","type-post","status-publish","format-standard","has-post-thumbnail","hentry","category-informacion-general"],"yoast_head":"<!-- This site is optimized with the Yoast SEO plugin v27.5 - https:\/\/yoast.com\/product\/yoast-seo-wordpress\/ -->\n<title>15 de enero D\u00eda Provincial del Promotor de Salud | CVI NOTICIAS<\/title>\n<meta name=\"robots\" content=\"index, follow, max-snippet:-1, max-image-preview:large, max-video-preview:-1\" \/>\n<link rel=\"canonical\" href=\"https:\/\/cvinoticias.com\/v3\/15-de-enero-dia-provincial-del-promotor-de-salud\/\" \/>\n<meta property=\"og:locale\" content=\"es_ES\" \/>\n<meta property=\"og:type\" content=\"article\" \/>\n<meta property=\"og:title\" content=\"15 de enero D\u00eda Provincial del Promotor de Salud | CVI NOTICIAS\" \/>\n<meta property=\"og:description\" content=\"Hoy asueto en toda la provincia para los Promotores de salud en su D\u00eda. Hoy es el \u00abD\u00eda del Promotor de Salud\u00bb por ello, desde el Ministerio de Salud P\u00fablica de Misiones, se revaloriza una vez m\u00e1s su rol en la comunidad y se destaca el compromiso social que cada uno de ellos manifiesta en [&hellip;]\" \/>\n<meta property=\"og:url\" content=\"https:\/\/cvinoticias.com\/v3\/15-de-enero-dia-provincial-del-promotor-de-salud\/\" \/>\n<meta property=\"og:site_name\" content=\"CVI NOTICIAS\" \/>\n<meta property=\"article:publisher\" content=\"https:\/\/www.facebook.com\/cvinoticias\" \/>\n<meta property=\"article:published_time\" content=\"2021-01-15T13:28:15+00:00\" \/>\n<meta property=\"og:image\" content=\"https:\/\/cvinoticias.com\/wp-content\/uploads\/2021\/01\/promotores.jpe\" \/>\n\t<meta property=\"og:image:width\" content=\"259\" \/>\n\t<meta property=\"og:image:height\" content=\"194\" \/>\n\t<meta property=\"og:image:type\" content=\"image\/jpeg\" \/>\n<meta name=\"author\" content=\"f1000024\" \/>\n<meta name=\"twitter:card\" content=\"summary_large_image\" \/>\n<meta name=\"twitter:label1\" content=\"Escrito por\" \/>\n\t<meta name=\"twitter:data1\" content=\"f1000024\" \/>\n\t<meta name=\"twitter:label2\" content=\"Tiempo de lectura\" \/>\n\t<meta name=\"twitter:data2\" content=\"2 minutos\" \/>\n<script type=\"application\/ld+json\" class=\"yoast-schema-graph\">{\"@context\":\"https:\\\/\\\/schema.org\",\"@graph\":[{\"@type\":\"Article\",\"@id\":\"https:\\\/\\\/cvinoticias.com\\\/v3\\\/15-de-enero-dia-provincial-del-promotor-de-salud\\\/#article\",\"isPartOf\":{\"@id\":\"https:\\\/\\\/cvinoticias.com\\\/v3\\\/15-de-enero-dia-provincial-del-promotor-de-salud\\\/\"},\"author\":{\"name\":\"f1000024\",\"@id\":\"https:\\\/\\\/cvinoticias.com\\\/v3\\\/#\\\/schema\\\/person\\\/2db77e3c6bc03c538495d7b2b8be9b66\"},\"headline\":\"15 de enero D\u00eda Provincial del Promotor de Salud\",\"datePublished\":\"2021-01-15T13:28:15+00:00\",\"mainEntityOfPage\":{\"@id\":\"https:\\\/\\\/cvinoticias.com\\\/v3\\\/15-de-enero-dia-provincial-del-promotor-de-salud\\\/\"},\"wordCount\":404,\"commentCount\":0,\"publisher\":{\"@id\":\"https:\\\/\\\/cvinoticias.com\\\/v3\\\/#organization\"},\"image\":{\"@id\":\"https:\\\/\\\/cvinoticias.com\\\/v3\\\/15-de-enero-dia-provincial-del-promotor-de-salud\\\/#primaryimage\"},\"thumbnailUrl\":\"https:\\\/\\\/cvinoticias.com\\\/wp-content\\\/uploads\\\/2021\\\/01\\\/promotores.jpe\",\"articleSection\":[\"Informaci\u00f3n General\"],\"inLanguage\":\"es\",\"potentialAction\":[{\"@type\":\"CommentAction\",\"name\":\"Comment\",\"target\":[\"https:\\\/\\\/cvinoticias.com\\\/v3\\\/15-de-enero-dia-provincial-del-promotor-de-salud\\\/#respond\"]}]},{\"@type\":\"WebPage\",\"@id\":\"https:\\\/\\\/cvinoticias.com\\\/v3\\\/15-de-enero-dia-provincial-del-promotor-de-salud\\\/\",\"url\":\"https:\\\/\\\/cvinoticias.com\\\/v3\\\/15-de-enero-dia-provincial-del-promotor-de-salud\\\/\",\"name\":\"15 de enero D\u00eda Provincial del Promotor de Salud | CVI NOTICIAS\",\"isPartOf\":{\"@id\":\"https:\\\/\\\/cvinoticias.com\\\/v3\\\/#website\"},\"primaryImageOfPage\":{\"@id\":\"https:\\\/\\\/cvinoticias.com\\\/v3\\\/15-de-enero-dia-provincial-del-promotor-de-salud\\\/#primaryimage\"},\"image\":{\"@id\":\"https:\\\/\\\/cvinoticias.com\\\/v3\\\/15-de-enero-dia-provincial-del-promotor-de-salud\\\/#primaryimage\"},\"thumbnailUrl\":\"https:\\\/\\\/cvinoticias.com\\\/wp-content\\\/uploads\\\/2021\\\/01\\\/promotores.jpe\",\"datePublished\":\"2021-01-15T13:28:15+00:00\",\"breadcrumb\":{\"@id\":\"https:\\\/\\\/cvinoticias.com\\\/v3\\\/15-de-enero-dia-provincial-del-promotor-de-salud\\\/#breadcrumb\"},\"inLanguage\":\"es\",\"potentialAction\":[{\"@type\":\"ReadAction\",\"target\":[\"https:\\\/\\\/cvinoticias.com\\\/v3\\\/15-de-enero-dia-provincial-del-promotor-de-salud\\\/\"]}]},{\"@type\":\"ImageObject\",\"inLanguage\":\"es\",\"@id\":\"https:\\\/\\\/cvinoticias.com\\\/v3\\\/15-de-enero-dia-provincial-del-promotor-de-salud\\\/#primaryimage\",\"url\":\"https:\\\/\\\/cvinoticias.com\\\/wp-content\\\/uploads\\\/2021\\\/01\\\/promotores.jpe\",\"contentUrl\":\"https:\\\/\\\/cvinoticias.com\\\/wp-content\\\/uploads\\\/2021\\\/01\\\/promotores.jpe\",\"width\":259,\"height\":194},{\"@type\":\"BreadcrumbList\",\"@id\":\"https:\\\/\\\/cvinoticias.com\\\/v3\\\/15-de-enero-dia-provincial-del-promotor-de-salud\\\/#breadcrumb\",\"itemListElement\":[{\"@type\":\"ListItem\",\"position\":1,\"name\":\"Portada\",\"item\":\"https:\\\/\\\/cvinoticias.com\\\/v3\\\/\"},{\"@type\":\"ListItem\",\"position\":2,\"name\":\"15 de enero D\u00eda Provincial del Promotor de Salud\"}]},{\"@type\":\"WebSite\",\"@id\":\"https:\\\/\\\/cvinoticias.com\\\/v3\\\/#website\",\"url\":\"https:\\\/\\\/cvinoticias.com\\\/v3\\\/\",\"name\":\"CVI NOTICIAS\",\"description\":\"\",\"publisher\":{\"@id\":\"https:\\\/\\\/cvinoticias.com\\\/v3\\\/#organization\"},\"alternateName\":\"CVI\",\"potentialAction\":[{\"@type\":\"SearchAction\",\"target\":{\"@type\":\"EntryPoint\",\"urlTemplate\":\"https:\\\/\\\/cvinoticias.com\\\/v3\\\/?s={search_term_string}\"},\"query-input\":{\"@type\":\"PropertyValueSpecification\",\"valueRequired\":true,\"valueName\":\"search_term_string\"}}],\"inLanguage\":\"es\"},{\"@type\":\"Organization\",\"@id\":\"https:\\\/\\\/cvinoticias.com\\\/v3\\\/#organization\",\"name\":\"CVI NOTICIAS\",\"url\":\"https:\\\/\\\/cvinoticias.com\\\/v3\\\/\",\"logo\":{\"@type\":\"ImageObject\",\"inLanguage\":\"es\",\"@id\":\"https:\\\/\\\/cvinoticias.com\\\/v3\\\/#\\\/schema\\\/logo\\\/image\\\/\",\"url\":\"https:\\\/\\\/cvinoticias.com\\\/wp-content\\\/uploads\\\/2023\\\/04\\\/cropped-cropped-cropped-cropped-cropped-3-1.png\",\"contentUrl\":\"https:\\\/\\\/cvinoticias.com\\\/wp-content\\\/uploads\\\/2023\\\/04\\\/cropped-cropped-cropped-cropped-cropped-3-1.png\",\"width\":95,\"height\":122,\"caption\":\"CVI NOTICIAS\"},\"image\":{\"@id\":\"https:\\\/\\\/cvinoticias.com\\\/v3\\\/#\\\/schema\\\/logo\\\/image\\\/\"},\"sameAs\":[\"https:\\\/\\\/www.facebook.com\\\/cvinoticias\",\"https:\\\/\\\/www.instagram.com\\\/cvinoticias\\\/\",\"https:\\\/\\\/www.youtube.com\\\/@CVINOTICIAS\"]},{\"@type\":\"Person\",\"@id\":\"https:\\\/\\\/cvinoticias.com\\\/v3\\\/#\\\/schema\\\/person\\\/2db77e3c6bc03c538495d7b2b8be9b66\",\"name\":\"f1000024\",\"image\":{\"@type\":\"ImageObject\",\"inLanguage\":\"es\",\"@id\":\"https:\\\/\\\/secure.gravatar.com\\\/avatar\\\/d4fe7459cfc51ff5129ce1a732bbef5928568b8092d412ef95611616376bbeed?s=96&d=mm&r=g\",\"url\":\"https:\\\/\\\/secure.gravatar.com\\\/avatar\\\/d4fe7459cfc51ff5129ce1a732bbef5928568b8092d412ef95611616376bbeed?s=96&d=mm&r=g\",\"contentUrl\":\"https:\\\/\\\/secure.gravatar.com\\\/avatar\\\/d4fe7459cfc51ff5129ce1a732bbef5928568b8092d412ef95611616376bbeed?s=96&d=mm&r=g\",\"caption\":\"f1000024\"},\"url\":\"https:\\\/\\\/cvinoticias.com\\\/v3\\\/author\\\/f1000024\\\/\"}]}<\/script>\n<!-- \/ Yoast SEO plugin. -->","yoast_head_json":{"title":"15 de enero D\u00eda Provincial del Promotor de Salud | CVI NOTICIAS","robots":{"index":"index","follow":"follow","max-snippet":"max-snippet:-1","max-image-preview":"max-image-preview:large","max-video-preview":"max-video-preview:-1"},"canonical":"https:\/\/cvinoticias.com\/v3\/15-de-enero-dia-provincial-del-promotor-de-salud\/","og_locale":"es_ES","og_type":"article","og_title":"15 de enero D\u00eda Provincial del Promotor de Salud | CVI NOTICIAS","og_description":"Hoy asueto en toda la provincia para los Promotores de salud en su D\u00eda. Hoy es el \u00abD\u00eda del Promotor de Salud\u00bb por ello, desde el Ministerio de Salud P\u00fablica de Misiones, se revaloriza una vez m\u00e1s su rol en la comunidad y se destaca el compromiso social que cada uno de ellos manifiesta en [&hellip;]","og_url":"https:\/\/cvinoticias.com\/v3\/15-de-enero-dia-provincial-del-promotor-de-salud\/","og_site_name":"CVI NOTICIAS","article_publisher":"https:\/\/www.facebook.com\/cvinoticias","article_published_time":"2021-01-15T13:28:15+00:00","og_image":[{"width":259,"height":194,"url":"https:\/\/cvinoticias.com\/wp-content\/uploads\/2021\/01\/promotores.jpe","type":"image\/jpeg"}],"author":"f1000024","twitter_card":"summary_large_image","twitter_misc":{"Escrito por":"f1000024","Tiempo de lectura":"2 minutos"},"schema":{"@context":"https:\/\/schema.org","@graph":[{"@type":"Article","@id":"https:\/\/cvinoticias.com\/v3\/15-de-enero-dia-provincial-del-promotor-de-salud\/#article","isPartOf":{"@id":"https:\/\/cvinoticias.com\/v3\/15-de-enero-dia-provincial-del-promotor-de-salud\/"},"author":{"name":"f1000024","@id":"https:\/\/cvinoticias.com\/v3\/#\/schema\/person\/2db77e3c6bc03c538495d7b2b8be9b66"},"headline":"15 de enero D\u00eda Provincial del Promotor de Salud","datePublished":"2021-01-15T13:28:15+00:00","mainEntityOfPage":{"@id":"https:\/\/cvinoticias.com\/v3\/15-de-enero-dia-provincial-del-promotor-de-salud\/"},"wordCount":404,"commentCount":0,"publisher":{"@id":"https:\/\/cvinoticias.com\/v3\/#organization"},"image":{"@id":"https:\/\/cvinoticias.com\/v3\/15-de-enero-dia-provincial-del-promotor-de-salud\/#primaryimage"},"thumbnailUrl":"https:\/\/cvinoticias.com\/wp-content\/uploads\/2021\/01\/promotores.jpe","articleSection":["Informaci\u00f3n General"],"inLanguage":"es","potentialAction":[{"@type":"CommentAction","name":"Comment","target":["https:\/\/cvinoticias.com\/v3\/15-de-enero-dia-provincial-del-promotor-de-salud\/#respond"]}]},{"@type":"WebPage","@id":"https:\/\/cvinoticias.com\/v3\/15-de-enero-dia-provincial-del-promotor-de-salud\/","url":"https:\/\/cvinoticias.com\/v3\/15-de-enero-dia-provincial-del-promotor-de-salud\/","name":"15 de enero D\u00eda Provincial del Promotor de Salud | CVI NOTICIAS","isPartOf":{"@id":"https:\/\/cvinoticias.com\/v3\/#website"},"primaryImageOfPage":{"@id":"https:\/\/cvinoticias.com\/v3\/15-de-enero-dia-provincial-del-promotor-de-salud\/#primaryimage"},"image":{"@id":"https:\/\/cvinoticias.com\/v3\/15-de-enero-dia-provincial-del-promotor-de-salud\/#primaryimage"},"thumbnailUrl":"https:\/\/cvinoticias.com\/wp-content\/uploads\/2021\/01\/promotores.jpe","datePublished":"2021-01-15T13:28:15+00:00","breadcrumb":{"@id":"https:\/\/cvinoticias.com\/v3\/15-de-enero-dia-provincial-del-promotor-de-salud\/#breadcrumb"},"inLanguage":"es","potentialAction":[{"@type":"ReadAction","target":["https:\/\/cvinoticias.com\/v3\/15-de-enero-dia-provincial-del-promotor-de-salud\/"]}]},{"@type":"ImageObject","inLanguage":"es","@id":"https:\/\/cvinoticias.com\/v3\/15-de-enero-dia-provincial-del-promotor-de-salud\/#primaryimage","url":"https:\/\/cvinoticias.com\/wp-content\/uploads\/2021\/01\/promotores.jpe","contentUrl":"https:\/\/cvinoticias.com\/wp-content\/uploads\/2021\/01\/promotores.jpe","width":259,"height":194},{"@type":"BreadcrumbList","@id":"https:\/\/cvinoticias.com\/v3\/15-de-enero-dia-provincial-del-promotor-de-salud\/#breadcrumb","itemListElement":[{"@type":"ListItem","position":1,"name":"Portada","item":"https:\/\/cvinoticias.com\/v3\/"},{"@type":"ListItem","position":2,"name":"15 de enero D\u00eda Provincial del Promotor de Salud"}]},{"@type":"WebSite","@id":"https:\/\/cvinoticias.com\/v3\/#website","url":"https:\/\/cvinoticias.com\/v3\/","name":"CVI NOTICIAS","description":"","publisher":{"@id":"https:\/\/cvinoticias.com\/v3\/#organization"},"alternateName":"CVI","potentialAction":[{"@type":"SearchAction","target":{"@type":"EntryPoint","urlTemplate":"https:\/\/cvinoticias.com\/v3\/?s={search_term_string}"},"query-input":{"@type":"PropertyValueSpecification","valueRequired":true,"valueName":"search_term_string"}}],"inLanguage":"es"},{"@type":"Organization","@id":"https:\/\/cvinoticias.com\/v3\/#organization","name":"CVI NOTICIAS","url":"https:\/\/cvinoticias.com\/v3\/","logo":{"@type":"ImageObject","inLanguage":"es","@id":"https:\/\/cvinoticias.com\/v3\/#\/schema\/logo\/image\/","url":"https:\/\/cvinoticias.com\/wp-content\/uploads\/2023\/04\/cropped-cropped-cropped-cropped-cropped-3-1.png","contentUrl":"https:\/\/cvinoticias.com\/wp-content\/uploads\/2023\/04\/cropped-cropped-cropped-cropped-cropped-3-1.png","width":95,"height":122,"caption":"CVI NOTICIAS"},"image":{"@id":"https:\/\/cvinoticias.com\/v3\/#\/schema\/logo\/image\/"},"sameAs":["https:\/\/www.facebook.com\/cvinoticias","https:\/\/www.instagram.com\/cvinoticias\/","https:\/\/www.youtube.com\/@CVINOTICIAS"]},{"@type":"Person","@id":"https:\/\/cvinoticias.com\/v3\/#\/schema\/person\/2db77e3c6bc03c538495d7b2b8be9b66","name":"f1000024","image":{"@type":"ImageObject","inLanguage":"es","@id":"https:\/\/secure.gravatar.com\/avatar\/d4fe7459cfc51ff5129ce1a732bbef5928568b8092d412ef95611616376bbeed?s=96&d=mm&r=g","url":"https:\/\/secure.gravatar.com\/avatar\/d4fe7459cfc51ff5129ce1a732bbef5928568b8092d412ef95611616376bbeed?s=96&d=mm&r=g","contentUrl":"https:\/\/secure.gravatar.com\/avatar\/d4fe7459cfc51ff5129ce1a732bbef5928568b8092d412ef95611616376bbeed?s=96&d=mm&r=g","caption":"f1000024"},"url":"https:\/\/cvinoticias.com\/v3\/author\/f1000024\/"}]}},"_links":{"self":[{"href":"https:\/\/cvinoticias.com\/v3\/wp-json\/wp\/v2\/posts\/1651","targetHints":{"allow":["GET"]}}],"collection":[{"href":"https:\/\/cvinoticias.com\/v3\/wp-json\/wp\/v2\/posts"}],"about":[{"href":"https:\/\/cvinoticias.com\/v3\/wp-json\/wp\/v2\/types\/post"}],"author":[{"embeddable":true,"href":"https:\/\/cvinoticias.com\/v3\/wp-json\/wp\/v2\/users\/2"}],"replies":[{"embeddable":true,"href":"https:\/\/cvinoticias.com\/v3\/wp-json\/wp\/v2\/comments?post=1651"}],"version-history":[{"count":1,"href":"https:\/\/cvinoticias.com\/v3\/wp-json\/wp\/v2\/posts\/1651\/revisions"}],"predecessor-version":[{"id":1653,"href":"https:\/\/cvinoticias.com\/v3\/wp-json\/wp\/v2\/posts\/1651\/revisions\/1653"}],"wp:featuredmedia":[{"embeddable":true,"href":"https:\/\/cvinoticias.com\/v3\/wp-json\/wp\/v2\/media\/1652"}],"wp:attachment":[{"href":"https:\/\/cvinoticias.com\/v3\/wp-json\/wp\/v2\/media?parent=1651"}],"wp:term":[{"taxonomy":"category","embeddable":true,"href":"https:\/\/cvinoticias.com\/v3\/wp-json\/wp\/v2\/categories?post=1651"},{"taxonomy":"post_tag","embeddable":true,"href":"https:\/\/cvinoticias.com\/v3\/wp-json\/wp\/v2\/tags?post=1651"}],"curies":[{"name":"wp","href":"https:\/\/api.w.org\/{rel}","templated":true}]}}