{"id":16507,"date":"2022-06-08T16:32:56","date_gmt":"2022-06-08T16:32:56","guid":{"rendered":"https:\/\/cvinoticias.com\/v3\/?p=16507"},"modified":"2022-06-08T16:32:56","modified_gmt":"2022-06-08T16:32:56","slug":"este-miercoles-8-de-junio-a-las-14-hs-invitacion-de-la-presentacion-del-informe-radiografia-de-la-pobreza-en-argentina","status":"publish","type":"post","link":"https:\/\/cvinoticias.com\/v3\/este-miercoles-8-de-junio-a-las-14-hs-invitacion-de-la-presentacion-del-informe-radiografia-de-la-pobreza-en-argentina\/","title":{"rendered":"Este mi\u00e9rcoles 8 de junio a las 14 hs, invitaci\u00f3n de la presentaci\u00f3n del informe \u201cRadiograf\u00eda de la pobreza en Argentina"},"content":{"rendered":"\n<p><strong><em>En el marco de la Colecta Anual que se realizar\u00e1 el pr\u00f3ximo fin de semana, C\u00e1ritas Argentina y el Observatorio de la Deuda Social de la Universidad Cat\u00f3lica Argentina (ODSA) lo invitan a participar, el mi\u00e9rcoles 8 de junio a las 14, de la presentaci\u00f3n del informe \u201cRadiograf\u00eda de la pobreza en Argentina, \u00a1es urgente acortar distancias!\u201d, en el que se expondr\u00e1 un profundo an\u00e1lisis sobre la grave situaci\u00f3n social que atraviesa el pa\u00eds y las acciones que se llevan adelante para dar respuesta a las m\u00faltiples realidades de pobreza.<\/em><\/strong><\/p>\n\n\n\n<p>La presentaci\u00f3n, que tendr\u00e1 lugar en la parroquia Santa Mar\u00eda Madre del Pueblo, ubicada en un barrio popular de Buenos Aires, contar\u00e1 con la participaci\u00f3n de Monse\u00f1or Gustavo Carrara, Obispo Auxiliar de Buenos Aires, vicepresidente de C\u00e1ritas Argentina y referente de la Pastoral en Villas de Emergencia; Agust\u00edn Salvia, director del ODSA-UCA; Rosa Garz\u00f3n, directora de C\u00e1ritas Laferrere y ser\u00e1 moderado por Nicol\u00e1s Meyer, director ejecutivo de C\u00e1ritas Argentina.<\/p>\n\n\n\n<p>Recogiendo las buenas experiencias de la presentaci\u00f3n del a\u00f1o pasado, realizaremos nuevamente este evento que tendr\u00e1 un visible impacto comunicacional. El objetivo es darle mayor visibilidad a la Colecta que se realizar\u00e1 el fin de semana y a la vez, reforzar el llamado solidario presentando algunos datos de la pobreza que tanto nos duelen. Por eso, con esperanza, llevamos adelante esta iniciativa junto al prestigioso Observatorio de la UCA, a quien, en la persona de Agust\u00edn Salvia, agradecemos especialmente por su disponibilidad y voluntad de servicio.<\/p>\n\n\n\n<p>El evento ser\u00e1 transmitido por Youtube a trav\u00e9s del canal oficial de C\u00e1ritas: C\u00e1ritasARGoficial<\/p>\n\n\n\n<figure class=\"wp-block-image size-large\"><a href=\"https:\/\/cvinoticias.com\/wp-content\/uploads\/2022\/06\/IMG-20220606-WA0079.jpg\"><img decoding=\"async\" width=\"819\" height=\"1024\" data-src=\"https:\/\/cvinoticias.com\/wp-content\/uploads\/2022\/06\/IMG-20220606-WA0079-819x1024.jpg\" alt=\"\" class=\"wp-image-16508 lazyload\" data-srcset=\"https:\/\/cvinoticias.com\/wp-content\/uploads\/2022\/06\/IMG-20220606-WA0079-819x1024.jpg 819w, https:\/\/cvinoticias.com\/wp-content\/uploads\/2022\/06\/IMG-20220606-WA0079-240x300.jpg 240w, https:\/\/cvinoticias.com\/wp-content\/uploads\/2022\/06\/IMG-20220606-WA0079-768x960.jpg 768w, https:\/\/cvinoticias.com\/wp-content\/uploads\/2022\/06\/IMG-20220606-WA0079.jpg 1024w\" data-sizes=\"(max-width: 819px) 100vw, 819px\" src=\"data:image\/svg+xml;base64,PHN2ZyB3aWR0aD0iMSIgaGVpZ2h0PSIxIiB4bWxucz0iaHR0cDovL3d3dy53My5vcmcvMjAwMC9zdmciPjwvc3ZnPg==\" style=\"--smush-placeholder-width: 819px; --smush-placeholder-aspect-ratio: 819\/1024;\" \/><\/a><\/figure>\n","protected":false},"excerpt":{"rendered":"<p>En el marco de la Colecta Anual que se realizar\u00e1 el pr\u00f3ximo fin de semana, C\u00e1ritas Argentina y el Observatorio de la Deuda Social de la Universidad Cat\u00f3lica Argentina (ODSA) lo invitan a participar, el mi\u00e9rcoles 8 de junio a las 14, de la presentaci\u00f3n del informe \u201cRadiograf\u00eda de la pobreza en Argentina, \u00a1es urgente [&hellip;]<\/p>\n","protected":false},"author":2,"featured_media":16509,"comment_status":"open","ping_status":"open","sticky":false,"template":"","format":"standard","meta":{"footnotes":""},"categories":[39],"tags":[],"class_list":["post-16507","post","type-post","status-publish","format-standard","has-post-thumbnail","hentry","category-nacionales"],"yoast_head":"<!-- This site is optimized with the Yoast SEO plugin v27.4 - https:\/\/yoast.com\/product\/yoast-seo-wordpress\/ -->\n<title>Este mi\u00e9rcoles 8 de junio a las 14 hs, invitaci\u00f3n de la presentaci\u00f3n del informe \u201cRadiograf\u00eda de la pobreza en Argentina | CVI NOTICIAS<\/title>\n<meta name=\"robots\" content=\"index, follow, max-snippet:-1, max-image-preview:large, max-video-preview:-1\" \/>\n<link rel=\"canonical\" href=\"https:\/\/cvinoticias.com\/v3\/este-miercoles-8-de-junio-a-las-14-hs-invitacion-de-la-presentacion-del-informe-radiografia-de-la-pobreza-en-argentina\/\" \/>\n<meta property=\"og:locale\" content=\"es_ES\" \/>\n<meta property=\"og:type\" content=\"article\" \/>\n<meta property=\"og:title\" content=\"Este mi\u00e9rcoles 8 de junio a las 14 hs, invitaci\u00f3n de la presentaci\u00f3n del informe \u201cRadiograf\u00eda de la pobreza en Argentina | CVI NOTICIAS\" \/>\n<meta property=\"og:description\" content=\"En el marco de la Colecta Anual que se realizar\u00e1 el pr\u00f3ximo fin de semana, C\u00e1ritas Argentina y el Observatorio de la Deuda Social de la Universidad Cat\u00f3lica Argentina (ODSA) lo invitan a participar, el mi\u00e9rcoles 8 de junio a las 14, de la presentaci\u00f3n del informe \u201cRadiograf\u00eda de la pobreza en Argentina, \u00a1es urgente [&hellip;]\" \/>\n<meta property=\"og:url\" content=\"https:\/\/cvinoticias.com\/v3\/este-miercoles-8-de-junio-a-las-14-hs-invitacion-de-la-presentacion-del-informe-radiografia-de-la-pobreza-en-argentina\/\" \/>\n<meta property=\"og:site_name\" content=\"CVI NOTICIAS\" \/>\n<meta property=\"article:publisher\" content=\"https:\/\/www.facebook.com\/cvinoticias\" \/>\n<meta property=\"article:published_time\" content=\"2022-06-08T16:32:56+00:00\" \/>\n<meta property=\"og:image\" content=\"https:\/\/cvinoticias.com\/wp-content\/uploads\/2022\/06\/Screenshot_20220606-120111_Outlook.jpg\" \/>\n\t<meta property=\"og:image:width\" content=\"998\" \/>\n\t<meta property=\"og:image:height\" content=\"712\" \/>\n\t<meta property=\"og:image:type\" content=\"image\/jpeg\" \/>\n<meta name=\"author\" content=\"f1000024\" \/>\n<meta name=\"twitter:card\" content=\"summary_large_image\" \/>\n<meta name=\"twitter:label1\" content=\"Escrito por\" \/>\n\t<meta name=\"twitter:data1\" content=\"f1000024\" \/>\n\t<meta name=\"twitter:label2\" content=\"Tiempo de lectura\" \/>\n\t<meta name=\"twitter:data2\" content=\"1 minuto\" \/>\n<script type=\"application\/ld+json\" class=\"yoast-schema-graph\">{\"@context\":\"https:\\\/\\\/schema.org\",\"@graph\":[{\"@type\":\"Article\",\"@id\":\"https:\\\/\\\/cvinoticias.com\\\/v3\\\/este-miercoles-8-de-junio-a-las-14-hs-invitacion-de-la-presentacion-del-informe-radiografia-de-la-pobreza-en-argentina\\\/#article\",\"isPartOf\":{\"@id\":\"https:\\\/\\\/cvinoticias.com\\\/v3\\\/este-miercoles-8-de-junio-a-las-14-hs-invitacion-de-la-presentacion-del-informe-radiografia-de-la-pobreza-en-argentina\\\/\"},\"author\":{\"name\":\"f1000024\",\"@id\":\"https:\\\/\\\/cvinoticias.com\\\/v3\\\/#\\\/schema\\\/person\\\/2db77e3c6bc03c538495d7b2b8be9b66\"},\"headline\":\"Este mi\u00e9rcoles 8 de junio a las 14 hs, invitaci\u00f3n de la presentaci\u00f3n del informe \u201cRadiograf\u00eda de la pobreza en Argentina\",\"datePublished\":\"2022-06-08T16:32:56+00:00\",\"mainEntityOfPage\":{\"@id\":\"https:\\\/\\\/cvinoticias.com\\\/v3\\\/este-miercoles-8-de-junio-a-las-14-hs-invitacion-de-la-presentacion-del-informe-radiografia-de-la-pobreza-en-argentina\\\/\"},\"wordCount\":306,\"commentCount\":0,\"publisher\":{\"@id\":\"https:\\\/\\\/cvinoticias.com\\\/v3\\\/#organization\"},\"image\":{\"@id\":\"https:\\\/\\\/cvinoticias.com\\\/v3\\\/este-miercoles-8-de-junio-a-las-14-hs-invitacion-de-la-presentacion-del-informe-radiografia-de-la-pobreza-en-argentina\\\/#primaryimage\"},\"thumbnailUrl\":\"https:\\\/\\\/cvinoticias.com\\\/wp-content\\\/uploads\\\/2022\\\/06\\\/Screenshot_20220606-120111_Outlook.jpg\",\"articleSection\":[\"Nacionales\"],\"inLanguage\":\"es\",\"potentialAction\":[{\"@type\":\"CommentAction\",\"name\":\"Comment\",\"target\":[\"https:\\\/\\\/cvinoticias.com\\\/v3\\\/este-miercoles-8-de-junio-a-las-14-hs-invitacion-de-la-presentacion-del-informe-radiografia-de-la-pobreza-en-argentina\\\/#respond\"]}]},{\"@type\":\"WebPage\",\"@id\":\"https:\\\/\\\/cvinoticias.com\\\/v3\\\/este-miercoles-8-de-junio-a-las-14-hs-invitacion-de-la-presentacion-del-informe-radiografia-de-la-pobreza-en-argentina\\\/\",\"url\":\"https:\\\/\\\/cvinoticias.com\\\/v3\\\/este-miercoles-8-de-junio-a-las-14-hs-invitacion-de-la-presentacion-del-informe-radiografia-de-la-pobreza-en-argentina\\\/\",\"name\":\"Este mi\u00e9rcoles 8 de junio a las 14 hs, invitaci\u00f3n de la presentaci\u00f3n del informe \u201cRadiograf\u00eda de la pobreza en Argentina | CVI NOTICIAS\",\"isPartOf\":{\"@id\":\"https:\\\/\\\/cvinoticias.com\\\/v3\\\/#website\"},\"primaryImageOfPage\":{\"@id\":\"https:\\\/\\\/cvinoticias.com\\\/v3\\\/este-miercoles-8-de-junio-a-las-14-hs-invitacion-de-la-presentacion-del-informe-radiografia-de-la-pobreza-en-argentina\\\/#primaryimage\"},\"image\":{\"@id\":\"https:\\\/\\\/cvinoticias.com\\\/v3\\\/este-miercoles-8-de-junio-a-las-14-hs-invitacion-de-la-presentacion-del-informe-radiografia-de-la-pobreza-en-argentina\\\/#primaryimage\"},\"thumbnailUrl\":\"https:\\\/\\\/cvinoticias.com\\\/wp-content\\\/uploads\\\/2022\\\/06\\\/Screenshot_20220606-120111_Outlook.jpg\",\"datePublished\":\"2022-06-08T16:32:56+00:00\",\"breadcrumb\":{\"@id\":\"https:\\\/\\\/cvinoticias.com\\\/v3\\\/este-miercoles-8-de-junio-a-las-14-hs-invitacion-de-la-presentacion-del-informe-radiografia-de-la-pobreza-en-argentina\\\/#breadcrumb\"},\"inLanguage\":\"es\",\"potentialAction\":[{\"@type\":\"ReadAction\",\"target\":[\"https:\\\/\\\/cvinoticias.com\\\/v3\\\/este-miercoles-8-de-junio-a-las-14-hs-invitacion-de-la-presentacion-del-informe-radiografia-de-la-pobreza-en-argentina\\\/\"]}]},{\"@type\":\"ImageObject\",\"inLanguage\":\"es\",\"@id\":\"https:\\\/\\\/cvinoticias.com\\\/v3\\\/este-miercoles-8-de-junio-a-las-14-hs-invitacion-de-la-presentacion-del-informe-radiografia-de-la-pobreza-en-argentina\\\/#primaryimage\",\"url\":\"https:\\\/\\\/cvinoticias.com\\\/wp-content\\\/uploads\\\/2022\\\/06\\\/Screenshot_20220606-120111_Outlook.jpg\",\"contentUrl\":\"https:\\\/\\\/cvinoticias.com\\\/wp-content\\\/uploads\\\/2022\\\/06\\\/Screenshot_20220606-120111_Outlook.jpg\",\"width\":998,\"height\":712},{\"@type\":\"BreadcrumbList\",\"@id\":\"https:\\\/\\\/cvinoticias.com\\\/v3\\\/este-miercoles-8-de-junio-a-las-14-hs-invitacion-de-la-presentacion-del-informe-radiografia-de-la-pobreza-en-argentina\\\/#breadcrumb\",\"itemListElement\":[{\"@type\":\"ListItem\",\"position\":1,\"name\":\"Portada\",\"item\":\"https:\\\/\\\/cvinoticias.com\\\/v3\\\/\"},{\"@type\":\"ListItem\",\"position\":2,\"name\":\"Este mi\u00e9rcoles 8 de junio a las 14 hs, invitaci\u00f3n de la presentaci\u00f3n del informe \u201cRadiograf\u00eda de la pobreza en Argentina\"}]},{\"@type\":\"WebSite\",\"@id\":\"https:\\\/\\\/cvinoticias.com\\\/v3\\\/#website\",\"url\":\"https:\\\/\\\/cvinoticias.com\\\/v3\\\/\",\"name\":\"CVI NOTICIAS\",\"description\":\"\",\"publisher\":{\"@id\":\"https:\\\/\\\/cvinoticias.com\\\/v3\\\/#organization\"},\"alternateName\":\"CVI\",\"potentialAction\":[{\"@type\":\"SearchAction\",\"target\":{\"@type\":\"EntryPoint\",\"urlTemplate\":\"https:\\\/\\\/cvinoticias.com\\\/v3\\\/?s={search_term_string}\"},\"query-input\":{\"@type\":\"PropertyValueSpecification\",\"valueRequired\":true,\"valueName\":\"search_term_string\"}}],\"inLanguage\":\"es\"},{\"@type\":\"Organization\",\"@id\":\"https:\\\/\\\/cvinoticias.com\\\/v3\\\/#organization\",\"name\":\"CVI NOTICIAS\",\"url\":\"https:\\\/\\\/cvinoticias.com\\\/v3\\\/\",\"logo\":{\"@type\":\"ImageObject\",\"inLanguage\":\"es\",\"@id\":\"https:\\\/\\\/cvinoticias.com\\\/v3\\\/#\\\/schema\\\/logo\\\/image\\\/\",\"url\":\"https:\\\/\\\/cvinoticias.com\\\/wp-content\\\/uploads\\\/2023\\\/04\\\/cropped-cropped-cropped-cropped-cropped-3-1.png\",\"contentUrl\":\"https:\\\/\\\/cvinoticias.com\\\/wp-content\\\/uploads\\\/2023\\\/04\\\/cropped-cropped-cropped-cropped-cropped-3-1.png\",\"width\":95,\"height\":122,\"caption\":\"CVI NOTICIAS\"},\"image\":{\"@id\":\"https:\\\/\\\/cvinoticias.com\\\/v3\\\/#\\\/schema\\\/logo\\\/image\\\/\"},\"sameAs\":[\"https:\\\/\\\/www.facebook.com\\\/cvinoticias\",\"https:\\\/\\\/www.instagram.com\\\/cvinoticias\\\/\",\"https:\\\/\\\/www.youtube.com\\\/@CVINOTICIAS\"]},{\"@type\":\"Person\",\"@id\":\"https:\\\/\\\/cvinoticias.com\\\/v3\\\/#\\\/schema\\\/person\\\/2db77e3c6bc03c538495d7b2b8be9b66\",\"name\":\"f1000024\",\"image\":{\"@type\":\"ImageObject\",\"inLanguage\":\"es\",\"@id\":\"https:\\\/\\\/secure.gravatar.com\\\/avatar\\\/d4fe7459cfc51ff5129ce1a732bbef5928568b8092d412ef95611616376bbeed?s=96&d=mm&r=g\",\"url\":\"https:\\\/\\\/secure.gravatar.com\\\/avatar\\\/d4fe7459cfc51ff5129ce1a732bbef5928568b8092d412ef95611616376bbeed?s=96&d=mm&r=g\",\"contentUrl\":\"https:\\\/\\\/secure.gravatar.com\\\/avatar\\\/d4fe7459cfc51ff5129ce1a732bbef5928568b8092d412ef95611616376bbeed?s=96&d=mm&r=g\",\"caption\":\"f1000024\"},\"url\":\"https:\\\/\\\/cvinoticias.com\\\/v3\\\/author\\\/f1000024\\\/\"}]}<\/script>\n<!-- \/ Yoast SEO plugin. -->","yoast_head_json":{"title":"Este mi\u00e9rcoles 8 de junio a las 14 hs, invitaci\u00f3n de la presentaci\u00f3n del informe \u201cRadiograf\u00eda de la pobreza en Argentina | CVI NOTICIAS","robots":{"index":"index","follow":"follow","max-snippet":"max-snippet:-1","max-image-preview":"max-image-preview:large","max-video-preview":"max-video-preview:-1"},"canonical":"https:\/\/cvinoticias.com\/v3\/este-miercoles-8-de-junio-a-las-14-hs-invitacion-de-la-presentacion-del-informe-radiografia-de-la-pobreza-en-argentina\/","og_locale":"es_ES","og_type":"article","og_title":"Este mi\u00e9rcoles 8 de junio a las 14 hs, invitaci\u00f3n de la presentaci\u00f3n del informe \u201cRadiograf\u00eda de la pobreza en Argentina | CVI NOTICIAS","og_description":"En el marco de la Colecta Anual que se realizar\u00e1 el pr\u00f3ximo fin de semana, C\u00e1ritas Argentina y el Observatorio de la Deuda Social de la Universidad Cat\u00f3lica Argentina (ODSA) lo invitan a participar, el mi\u00e9rcoles 8 de junio a las 14, de la presentaci\u00f3n del informe \u201cRadiograf\u00eda de la pobreza en Argentina, \u00a1es urgente [&hellip;]","og_url":"https:\/\/cvinoticias.com\/v3\/este-miercoles-8-de-junio-a-las-14-hs-invitacion-de-la-presentacion-del-informe-radiografia-de-la-pobreza-en-argentina\/","og_site_name":"CVI NOTICIAS","article_publisher":"https:\/\/www.facebook.com\/cvinoticias","article_published_time":"2022-06-08T16:32:56+00:00","og_image":[{"width":998,"height":712,"url":"https:\/\/cvinoticias.com\/wp-content\/uploads\/2022\/06\/Screenshot_20220606-120111_Outlook.jpg","type":"image\/jpeg"}],"author":"f1000024","twitter_card":"summary_large_image","twitter_misc":{"Escrito por":"f1000024","Tiempo de lectura":"1 minuto"},"schema":{"@context":"https:\/\/schema.org","@graph":[{"@type":"Article","@id":"https:\/\/cvinoticias.com\/v3\/este-miercoles-8-de-junio-a-las-14-hs-invitacion-de-la-presentacion-del-informe-radiografia-de-la-pobreza-en-argentina\/#article","isPartOf":{"@id":"https:\/\/cvinoticias.com\/v3\/este-miercoles-8-de-junio-a-las-14-hs-invitacion-de-la-presentacion-del-informe-radiografia-de-la-pobreza-en-argentina\/"},"author":{"name":"f1000024","@id":"https:\/\/cvinoticias.com\/v3\/#\/schema\/person\/2db77e3c6bc03c538495d7b2b8be9b66"},"headline":"Este mi\u00e9rcoles 8 de junio a las 14 hs, invitaci\u00f3n de la presentaci\u00f3n del informe \u201cRadiograf\u00eda de la pobreza en Argentina","datePublished":"2022-06-08T16:32:56+00:00","mainEntityOfPage":{"@id":"https:\/\/cvinoticias.com\/v3\/este-miercoles-8-de-junio-a-las-14-hs-invitacion-de-la-presentacion-del-informe-radiografia-de-la-pobreza-en-argentina\/"},"wordCount":306,"commentCount":0,"publisher":{"@id":"https:\/\/cvinoticias.com\/v3\/#organization"},"image":{"@id":"https:\/\/cvinoticias.com\/v3\/este-miercoles-8-de-junio-a-las-14-hs-invitacion-de-la-presentacion-del-informe-radiografia-de-la-pobreza-en-argentina\/#primaryimage"},"thumbnailUrl":"https:\/\/cvinoticias.com\/wp-content\/uploads\/2022\/06\/Screenshot_20220606-120111_Outlook.jpg","articleSection":["Nacionales"],"inLanguage":"es","potentialAction":[{"@type":"CommentAction","name":"Comment","target":["https:\/\/cvinoticias.com\/v3\/este-miercoles-8-de-junio-a-las-14-hs-invitacion-de-la-presentacion-del-informe-radiografia-de-la-pobreza-en-argentina\/#respond"]}]},{"@type":"WebPage","@id":"https:\/\/cvinoticias.com\/v3\/este-miercoles-8-de-junio-a-las-14-hs-invitacion-de-la-presentacion-del-informe-radiografia-de-la-pobreza-en-argentina\/","url":"https:\/\/cvinoticias.com\/v3\/este-miercoles-8-de-junio-a-las-14-hs-invitacion-de-la-presentacion-del-informe-radiografia-de-la-pobreza-en-argentina\/","name":"Este mi\u00e9rcoles 8 de junio a las 14 hs, invitaci\u00f3n de la presentaci\u00f3n del informe \u201cRadiograf\u00eda de la pobreza en Argentina | CVI NOTICIAS","isPartOf":{"@id":"https:\/\/cvinoticias.com\/v3\/#website"},"primaryImageOfPage":{"@id":"https:\/\/cvinoticias.com\/v3\/este-miercoles-8-de-junio-a-las-14-hs-invitacion-de-la-presentacion-del-informe-radiografia-de-la-pobreza-en-argentina\/#primaryimage"},"image":{"@id":"https:\/\/cvinoticias.com\/v3\/este-miercoles-8-de-junio-a-las-14-hs-invitacion-de-la-presentacion-del-informe-radiografia-de-la-pobreza-en-argentina\/#primaryimage"},"thumbnailUrl":"https:\/\/cvinoticias.com\/wp-content\/uploads\/2022\/06\/Screenshot_20220606-120111_Outlook.jpg","datePublished":"2022-06-08T16:32:56+00:00","breadcrumb":{"@id":"https:\/\/cvinoticias.com\/v3\/este-miercoles-8-de-junio-a-las-14-hs-invitacion-de-la-presentacion-del-informe-radiografia-de-la-pobreza-en-argentina\/#breadcrumb"},"inLanguage":"es","potentialAction":[{"@type":"ReadAction","target":["https:\/\/cvinoticias.com\/v3\/este-miercoles-8-de-junio-a-las-14-hs-invitacion-de-la-presentacion-del-informe-radiografia-de-la-pobreza-en-argentina\/"]}]},{"@type":"ImageObject","inLanguage":"es","@id":"https:\/\/cvinoticias.com\/v3\/este-miercoles-8-de-junio-a-las-14-hs-invitacion-de-la-presentacion-del-informe-radiografia-de-la-pobreza-en-argentina\/#primaryimage","url":"https:\/\/cvinoticias.com\/wp-content\/uploads\/2022\/06\/Screenshot_20220606-120111_Outlook.jpg","contentUrl":"https:\/\/cvinoticias.com\/wp-content\/uploads\/2022\/06\/Screenshot_20220606-120111_Outlook.jpg","width":998,"height":712},{"@type":"BreadcrumbList","@id":"https:\/\/cvinoticias.com\/v3\/este-miercoles-8-de-junio-a-las-14-hs-invitacion-de-la-presentacion-del-informe-radiografia-de-la-pobreza-en-argentina\/#breadcrumb","itemListElement":[{"@type":"ListItem","position":1,"name":"Portada","item":"https:\/\/cvinoticias.com\/v3\/"},{"@type":"ListItem","position":2,"name":"Este mi\u00e9rcoles 8 de junio a las 14 hs, invitaci\u00f3n de la presentaci\u00f3n del informe \u201cRadiograf\u00eda de la pobreza en Argentina"}]},{"@type":"WebSite","@id":"https:\/\/cvinoticias.com\/v3\/#website","url":"https:\/\/cvinoticias.com\/v3\/","name":"CVI NOTICIAS","description":"","publisher":{"@id":"https:\/\/cvinoticias.com\/v3\/#organization"},"alternateName":"CVI","potentialAction":[{"@type":"SearchAction","target":{"@type":"EntryPoint","urlTemplate":"https:\/\/cvinoticias.com\/v3\/?s={search_term_string}"},"query-input":{"@type":"PropertyValueSpecification","valueRequired":true,"valueName":"search_term_string"}}],"inLanguage":"es"},{"@type":"Organization","@id":"https:\/\/cvinoticias.com\/v3\/#organization","name":"CVI NOTICIAS","url":"https:\/\/cvinoticias.com\/v3\/","logo":{"@type":"ImageObject","inLanguage":"es","@id":"https:\/\/cvinoticias.com\/v3\/#\/schema\/logo\/image\/","url":"https:\/\/cvinoticias.com\/wp-content\/uploads\/2023\/04\/cropped-cropped-cropped-cropped-cropped-3-1.png","contentUrl":"https:\/\/cvinoticias.com\/wp-content\/uploads\/2023\/04\/cropped-cropped-cropped-cropped-cropped-3-1.png","width":95,"height":122,"caption":"CVI NOTICIAS"},"image":{"@id":"https:\/\/cvinoticias.com\/v3\/#\/schema\/logo\/image\/"},"sameAs":["https:\/\/www.facebook.com\/cvinoticias","https:\/\/www.instagram.com\/cvinoticias\/","https:\/\/www.youtube.com\/@CVINOTICIAS"]},{"@type":"Person","@id":"https:\/\/cvinoticias.com\/v3\/#\/schema\/person\/2db77e3c6bc03c538495d7b2b8be9b66","name":"f1000024","image":{"@type":"ImageObject","inLanguage":"es","@id":"https:\/\/secure.gravatar.com\/avatar\/d4fe7459cfc51ff5129ce1a732bbef5928568b8092d412ef95611616376bbeed?s=96&d=mm&r=g","url":"https:\/\/secure.gravatar.com\/avatar\/d4fe7459cfc51ff5129ce1a732bbef5928568b8092d412ef95611616376bbeed?s=96&d=mm&r=g","contentUrl":"https:\/\/secure.gravatar.com\/avatar\/d4fe7459cfc51ff5129ce1a732bbef5928568b8092d412ef95611616376bbeed?s=96&d=mm&r=g","caption":"f1000024"},"url":"https:\/\/cvinoticias.com\/v3\/author\/f1000024\/"}]}},"_links":{"self":[{"href":"https:\/\/cvinoticias.com\/v3\/wp-json\/wp\/v2\/posts\/16507","targetHints":{"allow":["GET"]}}],"collection":[{"href":"https:\/\/cvinoticias.com\/v3\/wp-json\/wp\/v2\/posts"}],"about":[{"href":"https:\/\/cvinoticias.com\/v3\/wp-json\/wp\/v2\/types\/post"}],"author":[{"embeddable":true,"href":"https:\/\/cvinoticias.com\/v3\/wp-json\/wp\/v2\/users\/2"}],"replies":[{"embeddable":true,"href":"https:\/\/cvinoticias.com\/v3\/wp-json\/wp\/v2\/comments?post=16507"}],"version-history":[{"count":1,"href":"https:\/\/cvinoticias.com\/v3\/wp-json\/wp\/v2\/posts\/16507\/revisions"}],"predecessor-version":[{"id":16510,"href":"https:\/\/cvinoticias.com\/v3\/wp-json\/wp\/v2\/posts\/16507\/revisions\/16510"}],"wp:featuredmedia":[{"embeddable":true,"href":"https:\/\/cvinoticias.com\/v3\/wp-json\/wp\/v2\/media\/16509"}],"wp:attachment":[{"href":"https:\/\/cvinoticias.com\/v3\/wp-json\/wp\/v2\/media?parent=16507"}],"wp:term":[{"taxonomy":"category","embeddable":true,"href":"https:\/\/cvinoticias.com\/v3\/wp-json\/wp\/v2\/categories?post=16507"},{"taxonomy":"post_tag","embeddable":true,"href":"https:\/\/cvinoticias.com\/v3\/wp-json\/wp\/v2\/tags?post=16507"}],"curies":[{"name":"wp","href":"https:\/\/api.w.org\/{rel}","templated":true}]}}