{"id":16502,"date":"2022-06-08T13:46:04","date_gmt":"2022-06-08T13:46:04","guid":{"rendered":"https:\/\/cvinoticias.com\/v3\/?p=16502"},"modified":"2022-06-08T13:46:04","modified_gmt":"2022-06-08T13:46:04","slug":"turistas-ya-pueden-disfrutar-de-la-imponente-garganta-del-diablo-en-el-parque-nacional-iguazu","status":"publish","type":"post","link":"https:\/\/cvinoticias.com\/v3\/turistas-ya-pueden-disfrutar-de-la-imponente-garganta-del-diablo-en-el-parque-nacional-iguazu\/","title":{"rendered":"Turistas ya pueden disfrutar de la imponente Garganta del Diablo en el Parque Nacional Iguaz\u00fa"},"content":{"rendered":"\n<p><strong><em>Desde las redes sociales, el Parque Nacional Iguaz\u00fa inform\u00f3 que desde hoy, mi\u00e9rcoles 8 de junio, se encuentran habilitadas las pasarelas que acceden al mirador principal de la Garganta del Diablo.<\/em><\/strong><\/p>\n\n\n\n<p>El intendente del Parque Nacional, Atilio Guzm\u00e1n asegur\u00f3 \u201cPor suerte el tiempo nos acompa\u00f1\u00f3, se hizo un gran esfuerzo para habilitarlo lo antes posible, se trabaj\u00f3 durante 2 jornadas completas\u201d.<\/p>\n\n\n\n<p>En comunicaci\u00f3n con la Oficina de guardaparques a cargo del ingreso, Dami\u00e1n Dom\u00ednguez, inform\u00f3 \u201cTodos los paseos est\u00e1n habilitados\u201d luego precis\u00f3 \u201cEl caudal de agua est\u00e1 alto, pero en 530 metros c\u00fabicos por segundo\u201d.<\/p>\n\n\n\n<figure class=\"wp-block-image size-full\"><a href=\"https:\/\/cvinoticias.com\/wp-content\/uploads\/2022\/06\/IMG-20220608-WA0031.jpg\"><img decoding=\"async\" width=\"669\" height=\"446\" data-src=\"https:\/\/cvinoticias.com\/wp-content\/uploads\/2022\/06\/IMG-20220608-WA0031.jpg\" alt=\"\" class=\"wp-image-16504 lazyload\" data-srcset=\"https:\/\/cvinoticias.com\/wp-content\/uploads\/2022\/06\/IMG-20220608-WA0031.jpg 669w, https:\/\/cvinoticias.com\/wp-content\/uploads\/2022\/06\/IMG-20220608-WA0031-300x200.jpg 300w\" data-sizes=\"(max-width: 669px) 100vw, 669px\" src=\"data:image\/svg+xml;base64,PHN2ZyB3aWR0aD0iMSIgaGVpZ2h0PSIxIiB4bWxucz0iaHR0cDovL3d3dy53My5vcmcvMjAwMC9zdmciPjwvc3ZnPg==\" style=\"--smush-placeholder-width: 669px; --smush-placeholder-aspect-ratio: 669\/446;\" \/><\/a><\/figure>\n\n\n\n<p>El conocido paseo realizado en lanchas recorriendo los saltos y acerc\u00e1ndose a la ca\u00edda de la Garganta del diablo es una de las atracciones m\u00e1s demandadas. Sobre ella el guardaparques Dom\u00ednguez dice: \u201cLa gran aventura puede realizarse, solo no se realiza el Paseo Ecol\u00f3gico con balsas a remo por la altura del r\u00edo\u201d. Adem\u00e1s agreg\u00f3 que la expectativa para el fin de semana largo es alta.<\/p>\n\n\n\n<figure class=\"wp-block-image size-full\"><a href=\"https:\/\/cvinoticias.com\/wp-content\/uploads\/2022\/06\/IMG-20220608-WA0032.jpg\"><img decoding=\"async\" width=\"816\" height=\"500\" data-src=\"https:\/\/cvinoticias.com\/wp-content\/uploads\/2022\/06\/IMG-20220608-WA0032.jpg\" alt=\"\" class=\"wp-image-16505 lazyload\" data-srcset=\"https:\/\/cvinoticias.com\/wp-content\/uploads\/2022\/06\/IMG-20220608-WA0032.jpg 816w, https:\/\/cvinoticias.com\/wp-content\/uploads\/2022\/06\/IMG-20220608-WA0032-300x184.jpg 300w, https:\/\/cvinoticias.com\/wp-content\/uploads\/2022\/06\/IMG-20220608-WA0032-768x471.jpg 768w\" data-sizes=\"(max-width: 816px) 100vw, 816px\" src=\"data:image\/svg+xml;base64,PHN2ZyB3aWR0aD0iMSIgaGVpZ2h0PSIxIiB4bWxucz0iaHR0cDovL3d3dy53My5vcmcvMjAwMC9zdmciPjwvc3ZnPg==\" style=\"--smush-placeholder-width: 816px; --smush-placeholder-aspect-ratio: 816\/500;\" \/><\/a><\/figure>\n\n\n\n<p>El lunes 6 de junio la intendencia del Parque Nacional inform\u00f3 que, gracias al descenso del caudal de agua del r\u00edo Iguaz\u00fa superior, se pudo iniciar las tareas relacionadas con los trabajos de reparaci\u00f3n de las pasarelas del circuito Garganta del Diablo.<\/p>\n\n\n\n<p>Luego de las reparaciones del d\u00eda lunes y martes y la bajada del r\u00edo se hizo posible la habilitaci\u00f3n del acceso. Los arreglos fueron realizados por el personal t\u00e9cnico de la empresa concesionaria IASA.<\/p>\n\n\n\n<p>El comunicado de la empresa concluye con una recomendaci\u00f3n a los turistas, \u201cSe recuerda no alimentar a las especies nativas que habitan en el \u00e1rea protegida, para contribuir entre todos y todas a la conservaci\u00f3n del parque, un sitio que fue distinguido como Patrimonio Mundial por la UNESCO\u201d.<\/p>\n","protected":false},"excerpt":{"rendered":"<p>Desde las redes sociales, el Parque Nacional Iguaz\u00fa inform\u00f3 que desde hoy, mi\u00e9rcoles 8 de junio, se encuentran habilitadas las pasarelas que acceden al mirador principal de la Garganta del Diablo. El intendente del Parque Nacional, Atilio Guzm\u00e1n asegur\u00f3 \u201cPor suerte el tiempo nos acompa\u00f1\u00f3, se hizo un gran esfuerzo para habilitarlo lo antes posible, [&hellip;]<\/p>\n","protected":false},"author":2,"featured_media":16503,"comment_status":"open","ping_status":"open","sticky":false,"template":"","format":"standard","meta":{"footnotes":""},"categories":[50],"tags":[],"class_list":["post-16502","post","type-post","status-publish","format-standard","has-post-thumbnail","hentry","category-turismo"],"yoast_head":"<!-- This site is optimized with the Yoast SEO plugin v27.5 - https:\/\/yoast.com\/product\/yoast-seo-wordpress\/ -->\n<title>Turistas ya pueden disfrutar de la imponente Garganta del Diablo en el Parque Nacional Iguaz\u00fa | CVI NOTICIAS<\/title>\n<meta name=\"robots\" content=\"index, follow, max-snippet:-1, max-image-preview:large, max-video-preview:-1\" \/>\n<link rel=\"canonical\" href=\"https:\/\/cvinoticias.com\/v3\/turistas-ya-pueden-disfrutar-de-la-imponente-garganta-del-diablo-en-el-parque-nacional-iguazu\/\" \/>\n<meta property=\"og:locale\" content=\"es_ES\" \/>\n<meta property=\"og:type\" content=\"article\" \/>\n<meta property=\"og:title\" content=\"Turistas ya pueden disfrutar de la imponente Garganta del Diablo en el Parque Nacional Iguaz\u00fa | CVI NOTICIAS\" \/>\n<meta property=\"og:description\" content=\"Desde las redes sociales, el Parque Nacional Iguaz\u00fa inform\u00f3 que desde hoy, mi\u00e9rcoles 8 de junio, se encuentran habilitadas las pasarelas que acceden al mirador principal de la Garganta del Diablo. El intendente del Parque Nacional, Atilio Guzm\u00e1n asegur\u00f3 \u201cPor suerte el tiempo nos acompa\u00f1\u00f3, se hizo un gran esfuerzo para habilitarlo lo antes posible, [&hellip;]\" \/>\n<meta property=\"og:url\" content=\"https:\/\/cvinoticias.com\/v3\/turistas-ya-pueden-disfrutar-de-la-imponente-garganta-del-diablo-en-el-parque-nacional-iguazu\/\" \/>\n<meta property=\"og:site_name\" content=\"CVI NOTICIAS\" \/>\n<meta property=\"article:publisher\" content=\"https:\/\/www.facebook.com\/cvinoticias\" \/>\n<meta property=\"article:published_time\" content=\"2022-06-08T13:46:04+00:00\" \/>\n<meta property=\"og:image\" content=\"https:\/\/cvinoticias.com\/wp-content\/uploads\/2022\/06\/IMG-20220608-WA0033.jpg\" \/>\n\t<meta property=\"og:image:width\" content=\"669\" \/>\n\t<meta property=\"og:image:height\" content=\"446\" \/>\n\t<meta property=\"og:image:type\" content=\"image\/jpeg\" \/>\n<meta name=\"author\" content=\"f1000024\" \/>\n<meta name=\"twitter:card\" content=\"summary_large_image\" \/>\n<meta name=\"twitter:label1\" content=\"Escrito por\" \/>\n\t<meta name=\"twitter:data1\" content=\"f1000024\" \/>\n\t<meta name=\"twitter:label2\" content=\"Tiempo de lectura\" \/>\n\t<meta name=\"twitter:data2\" content=\"2 minutos\" \/>\n<script type=\"application\/ld+json\" class=\"yoast-schema-graph\">{\"@context\":\"https:\\\/\\\/schema.org\",\"@graph\":[{\"@type\":\"Article\",\"@id\":\"https:\\\/\\\/cvinoticias.com\\\/v3\\\/turistas-ya-pueden-disfrutar-de-la-imponente-garganta-del-diablo-en-el-parque-nacional-iguazu\\\/#article\",\"isPartOf\":{\"@id\":\"https:\\\/\\\/cvinoticias.com\\\/v3\\\/turistas-ya-pueden-disfrutar-de-la-imponente-garganta-del-diablo-en-el-parque-nacional-iguazu\\\/\"},\"author\":{\"name\":\"f1000024\",\"@id\":\"https:\\\/\\\/cvinoticias.com\\\/v3\\\/#\\\/schema\\\/person\\\/2db77e3c6bc03c538495d7b2b8be9b66\"},\"headline\":\"Turistas ya pueden disfrutar de la imponente Garganta del Diablo en el Parque Nacional Iguaz\u00fa\",\"datePublished\":\"2022-06-08T13:46:04+00:00\",\"mainEntityOfPage\":{\"@id\":\"https:\\\/\\\/cvinoticias.com\\\/v3\\\/turistas-ya-pueden-disfrutar-de-la-imponente-garganta-del-diablo-en-el-parque-nacional-iguazu\\\/\"},\"wordCount\":318,\"commentCount\":0,\"publisher\":{\"@id\":\"https:\\\/\\\/cvinoticias.com\\\/v3\\\/#organization\"},\"image\":{\"@id\":\"https:\\\/\\\/cvinoticias.com\\\/v3\\\/turistas-ya-pueden-disfrutar-de-la-imponente-garganta-del-diablo-en-el-parque-nacional-iguazu\\\/#primaryimage\"},\"thumbnailUrl\":\"https:\\\/\\\/cvinoticias.com\\\/wp-content\\\/uploads\\\/2022\\\/06\\\/IMG-20220608-WA0033.jpg\",\"articleSection\":[\"Turismo\"],\"inLanguage\":\"es\",\"potentialAction\":[{\"@type\":\"CommentAction\",\"name\":\"Comment\",\"target\":[\"https:\\\/\\\/cvinoticias.com\\\/v3\\\/turistas-ya-pueden-disfrutar-de-la-imponente-garganta-del-diablo-en-el-parque-nacional-iguazu\\\/#respond\"]}]},{\"@type\":\"WebPage\",\"@id\":\"https:\\\/\\\/cvinoticias.com\\\/v3\\\/turistas-ya-pueden-disfrutar-de-la-imponente-garganta-del-diablo-en-el-parque-nacional-iguazu\\\/\",\"url\":\"https:\\\/\\\/cvinoticias.com\\\/v3\\\/turistas-ya-pueden-disfrutar-de-la-imponente-garganta-del-diablo-en-el-parque-nacional-iguazu\\\/\",\"name\":\"Turistas ya pueden disfrutar de la imponente Garganta del Diablo en el Parque Nacional Iguaz\u00fa | CVI NOTICIAS\",\"isPartOf\":{\"@id\":\"https:\\\/\\\/cvinoticias.com\\\/v3\\\/#website\"},\"primaryImageOfPage\":{\"@id\":\"https:\\\/\\\/cvinoticias.com\\\/v3\\\/turistas-ya-pueden-disfrutar-de-la-imponente-garganta-del-diablo-en-el-parque-nacional-iguazu\\\/#primaryimage\"},\"image\":{\"@id\":\"https:\\\/\\\/cvinoticias.com\\\/v3\\\/turistas-ya-pueden-disfrutar-de-la-imponente-garganta-del-diablo-en-el-parque-nacional-iguazu\\\/#primaryimage\"},\"thumbnailUrl\":\"https:\\\/\\\/cvinoticias.com\\\/wp-content\\\/uploads\\\/2022\\\/06\\\/IMG-20220608-WA0033.jpg\",\"datePublished\":\"2022-06-08T13:46:04+00:00\",\"breadcrumb\":{\"@id\":\"https:\\\/\\\/cvinoticias.com\\\/v3\\\/turistas-ya-pueden-disfrutar-de-la-imponente-garganta-del-diablo-en-el-parque-nacional-iguazu\\\/#breadcrumb\"},\"inLanguage\":\"es\",\"potentialAction\":[{\"@type\":\"ReadAction\",\"target\":[\"https:\\\/\\\/cvinoticias.com\\\/v3\\\/turistas-ya-pueden-disfrutar-de-la-imponente-garganta-del-diablo-en-el-parque-nacional-iguazu\\\/\"]}]},{\"@type\":\"ImageObject\",\"inLanguage\":\"es\",\"@id\":\"https:\\\/\\\/cvinoticias.com\\\/v3\\\/turistas-ya-pueden-disfrutar-de-la-imponente-garganta-del-diablo-en-el-parque-nacional-iguazu\\\/#primaryimage\",\"url\":\"https:\\\/\\\/cvinoticias.com\\\/wp-content\\\/uploads\\\/2022\\\/06\\\/IMG-20220608-WA0033.jpg\",\"contentUrl\":\"https:\\\/\\\/cvinoticias.com\\\/wp-content\\\/uploads\\\/2022\\\/06\\\/IMG-20220608-WA0033.jpg\",\"width\":669,\"height\":446},{\"@type\":\"BreadcrumbList\",\"@id\":\"https:\\\/\\\/cvinoticias.com\\\/v3\\\/turistas-ya-pueden-disfrutar-de-la-imponente-garganta-del-diablo-en-el-parque-nacional-iguazu\\\/#breadcrumb\",\"itemListElement\":[{\"@type\":\"ListItem\",\"position\":1,\"name\":\"Portada\",\"item\":\"https:\\\/\\\/cvinoticias.com\\\/v3\\\/\"},{\"@type\":\"ListItem\",\"position\":2,\"name\":\"Turistas ya pueden disfrutar de la imponente Garganta del Diablo en el Parque Nacional Iguaz\u00fa\"}]},{\"@type\":\"WebSite\",\"@id\":\"https:\\\/\\\/cvinoticias.com\\\/v3\\\/#website\",\"url\":\"https:\\\/\\\/cvinoticias.com\\\/v3\\\/\",\"name\":\"CVI NOTICIAS\",\"description\":\"\",\"publisher\":{\"@id\":\"https:\\\/\\\/cvinoticias.com\\\/v3\\\/#organization\"},\"alternateName\":\"CVI\",\"potentialAction\":[{\"@type\":\"SearchAction\",\"target\":{\"@type\":\"EntryPoint\",\"urlTemplate\":\"https:\\\/\\\/cvinoticias.com\\\/v3\\\/?s={search_term_string}\"},\"query-input\":{\"@type\":\"PropertyValueSpecification\",\"valueRequired\":true,\"valueName\":\"search_term_string\"}}],\"inLanguage\":\"es\"},{\"@type\":\"Organization\",\"@id\":\"https:\\\/\\\/cvinoticias.com\\\/v3\\\/#organization\",\"name\":\"CVI NOTICIAS\",\"url\":\"https:\\\/\\\/cvinoticias.com\\\/v3\\\/\",\"logo\":{\"@type\":\"ImageObject\",\"inLanguage\":\"es\",\"@id\":\"https:\\\/\\\/cvinoticias.com\\\/v3\\\/#\\\/schema\\\/logo\\\/image\\\/\",\"url\":\"https:\\\/\\\/cvinoticias.com\\\/wp-content\\\/uploads\\\/2023\\\/04\\\/cropped-cropped-cropped-cropped-cropped-3-1.png\",\"contentUrl\":\"https:\\\/\\\/cvinoticias.com\\\/wp-content\\\/uploads\\\/2023\\\/04\\\/cropped-cropped-cropped-cropped-cropped-3-1.png\",\"width\":95,\"height\":122,\"caption\":\"CVI NOTICIAS\"},\"image\":{\"@id\":\"https:\\\/\\\/cvinoticias.com\\\/v3\\\/#\\\/schema\\\/logo\\\/image\\\/\"},\"sameAs\":[\"https:\\\/\\\/www.facebook.com\\\/cvinoticias\",\"https:\\\/\\\/www.instagram.com\\\/cvinoticias\\\/\",\"https:\\\/\\\/www.youtube.com\\\/@CVINOTICIAS\"]},{\"@type\":\"Person\",\"@id\":\"https:\\\/\\\/cvinoticias.com\\\/v3\\\/#\\\/schema\\\/person\\\/2db77e3c6bc03c538495d7b2b8be9b66\",\"name\":\"f1000024\",\"image\":{\"@type\":\"ImageObject\",\"inLanguage\":\"es\",\"@id\":\"https:\\\/\\\/secure.gravatar.com\\\/avatar\\\/d4fe7459cfc51ff5129ce1a732bbef5928568b8092d412ef95611616376bbeed?s=96&d=mm&r=g\",\"url\":\"https:\\\/\\\/secure.gravatar.com\\\/avatar\\\/d4fe7459cfc51ff5129ce1a732bbef5928568b8092d412ef95611616376bbeed?s=96&d=mm&r=g\",\"contentUrl\":\"https:\\\/\\\/secure.gravatar.com\\\/avatar\\\/d4fe7459cfc51ff5129ce1a732bbef5928568b8092d412ef95611616376bbeed?s=96&d=mm&r=g\",\"caption\":\"f1000024\"},\"url\":\"https:\\\/\\\/cvinoticias.com\\\/v3\\\/author\\\/f1000024\\\/\"}]}<\/script>\n<!-- \/ Yoast SEO plugin. -->","yoast_head_json":{"title":"Turistas ya pueden disfrutar de la imponente Garganta del Diablo en el Parque Nacional Iguaz\u00fa | CVI NOTICIAS","robots":{"index":"index","follow":"follow","max-snippet":"max-snippet:-1","max-image-preview":"max-image-preview:large","max-video-preview":"max-video-preview:-1"},"canonical":"https:\/\/cvinoticias.com\/v3\/turistas-ya-pueden-disfrutar-de-la-imponente-garganta-del-diablo-en-el-parque-nacional-iguazu\/","og_locale":"es_ES","og_type":"article","og_title":"Turistas ya pueden disfrutar de la imponente Garganta del Diablo en el Parque Nacional Iguaz\u00fa | CVI NOTICIAS","og_description":"Desde las redes sociales, el Parque Nacional Iguaz\u00fa inform\u00f3 que desde hoy, mi\u00e9rcoles 8 de junio, se encuentran habilitadas las pasarelas que acceden al mirador principal de la Garganta del Diablo. El intendente del Parque Nacional, Atilio Guzm\u00e1n asegur\u00f3 \u201cPor suerte el tiempo nos acompa\u00f1\u00f3, se hizo un gran esfuerzo para habilitarlo lo antes posible, [&hellip;]","og_url":"https:\/\/cvinoticias.com\/v3\/turistas-ya-pueden-disfrutar-de-la-imponente-garganta-del-diablo-en-el-parque-nacional-iguazu\/","og_site_name":"CVI NOTICIAS","article_publisher":"https:\/\/www.facebook.com\/cvinoticias","article_published_time":"2022-06-08T13:46:04+00:00","og_image":[{"width":669,"height":446,"url":"https:\/\/cvinoticias.com\/wp-content\/uploads\/2022\/06\/IMG-20220608-WA0033.jpg","type":"image\/jpeg"}],"author":"f1000024","twitter_card":"summary_large_image","twitter_misc":{"Escrito por":"f1000024","Tiempo de lectura":"2 minutos"},"schema":{"@context":"https:\/\/schema.org","@graph":[{"@type":"Article","@id":"https:\/\/cvinoticias.com\/v3\/turistas-ya-pueden-disfrutar-de-la-imponente-garganta-del-diablo-en-el-parque-nacional-iguazu\/#article","isPartOf":{"@id":"https:\/\/cvinoticias.com\/v3\/turistas-ya-pueden-disfrutar-de-la-imponente-garganta-del-diablo-en-el-parque-nacional-iguazu\/"},"author":{"name":"f1000024","@id":"https:\/\/cvinoticias.com\/v3\/#\/schema\/person\/2db77e3c6bc03c538495d7b2b8be9b66"},"headline":"Turistas ya pueden disfrutar de la imponente Garganta del Diablo en el Parque Nacional Iguaz\u00fa","datePublished":"2022-06-08T13:46:04+00:00","mainEntityOfPage":{"@id":"https:\/\/cvinoticias.com\/v3\/turistas-ya-pueden-disfrutar-de-la-imponente-garganta-del-diablo-en-el-parque-nacional-iguazu\/"},"wordCount":318,"commentCount":0,"publisher":{"@id":"https:\/\/cvinoticias.com\/v3\/#organization"},"image":{"@id":"https:\/\/cvinoticias.com\/v3\/turistas-ya-pueden-disfrutar-de-la-imponente-garganta-del-diablo-en-el-parque-nacional-iguazu\/#primaryimage"},"thumbnailUrl":"https:\/\/cvinoticias.com\/wp-content\/uploads\/2022\/06\/IMG-20220608-WA0033.jpg","articleSection":["Turismo"],"inLanguage":"es","potentialAction":[{"@type":"CommentAction","name":"Comment","target":["https:\/\/cvinoticias.com\/v3\/turistas-ya-pueden-disfrutar-de-la-imponente-garganta-del-diablo-en-el-parque-nacional-iguazu\/#respond"]}]},{"@type":"WebPage","@id":"https:\/\/cvinoticias.com\/v3\/turistas-ya-pueden-disfrutar-de-la-imponente-garganta-del-diablo-en-el-parque-nacional-iguazu\/","url":"https:\/\/cvinoticias.com\/v3\/turistas-ya-pueden-disfrutar-de-la-imponente-garganta-del-diablo-en-el-parque-nacional-iguazu\/","name":"Turistas ya pueden disfrutar de la imponente Garganta del Diablo en el Parque Nacional Iguaz\u00fa | CVI NOTICIAS","isPartOf":{"@id":"https:\/\/cvinoticias.com\/v3\/#website"},"primaryImageOfPage":{"@id":"https:\/\/cvinoticias.com\/v3\/turistas-ya-pueden-disfrutar-de-la-imponente-garganta-del-diablo-en-el-parque-nacional-iguazu\/#primaryimage"},"image":{"@id":"https:\/\/cvinoticias.com\/v3\/turistas-ya-pueden-disfrutar-de-la-imponente-garganta-del-diablo-en-el-parque-nacional-iguazu\/#primaryimage"},"thumbnailUrl":"https:\/\/cvinoticias.com\/wp-content\/uploads\/2022\/06\/IMG-20220608-WA0033.jpg","datePublished":"2022-06-08T13:46:04+00:00","breadcrumb":{"@id":"https:\/\/cvinoticias.com\/v3\/turistas-ya-pueden-disfrutar-de-la-imponente-garganta-del-diablo-en-el-parque-nacional-iguazu\/#breadcrumb"},"inLanguage":"es","potentialAction":[{"@type":"ReadAction","target":["https:\/\/cvinoticias.com\/v3\/turistas-ya-pueden-disfrutar-de-la-imponente-garganta-del-diablo-en-el-parque-nacional-iguazu\/"]}]},{"@type":"ImageObject","inLanguage":"es","@id":"https:\/\/cvinoticias.com\/v3\/turistas-ya-pueden-disfrutar-de-la-imponente-garganta-del-diablo-en-el-parque-nacional-iguazu\/#primaryimage","url":"https:\/\/cvinoticias.com\/wp-content\/uploads\/2022\/06\/IMG-20220608-WA0033.jpg","contentUrl":"https:\/\/cvinoticias.com\/wp-content\/uploads\/2022\/06\/IMG-20220608-WA0033.jpg","width":669,"height":446},{"@type":"BreadcrumbList","@id":"https:\/\/cvinoticias.com\/v3\/turistas-ya-pueden-disfrutar-de-la-imponente-garganta-del-diablo-en-el-parque-nacional-iguazu\/#breadcrumb","itemListElement":[{"@type":"ListItem","position":1,"name":"Portada","item":"https:\/\/cvinoticias.com\/v3\/"},{"@type":"ListItem","position":2,"name":"Turistas ya pueden disfrutar de la imponente Garganta del Diablo en el Parque Nacional Iguaz\u00fa"}]},{"@type":"WebSite","@id":"https:\/\/cvinoticias.com\/v3\/#website","url":"https:\/\/cvinoticias.com\/v3\/","name":"CVI NOTICIAS","description":"","publisher":{"@id":"https:\/\/cvinoticias.com\/v3\/#organization"},"alternateName":"CVI","potentialAction":[{"@type":"SearchAction","target":{"@type":"EntryPoint","urlTemplate":"https:\/\/cvinoticias.com\/v3\/?s={search_term_string}"},"query-input":{"@type":"PropertyValueSpecification","valueRequired":true,"valueName":"search_term_string"}}],"inLanguage":"es"},{"@type":"Organization","@id":"https:\/\/cvinoticias.com\/v3\/#organization","name":"CVI NOTICIAS","url":"https:\/\/cvinoticias.com\/v3\/","logo":{"@type":"ImageObject","inLanguage":"es","@id":"https:\/\/cvinoticias.com\/v3\/#\/schema\/logo\/image\/","url":"https:\/\/cvinoticias.com\/wp-content\/uploads\/2023\/04\/cropped-cropped-cropped-cropped-cropped-3-1.png","contentUrl":"https:\/\/cvinoticias.com\/wp-content\/uploads\/2023\/04\/cropped-cropped-cropped-cropped-cropped-3-1.png","width":95,"height":122,"caption":"CVI NOTICIAS"},"image":{"@id":"https:\/\/cvinoticias.com\/v3\/#\/schema\/logo\/image\/"},"sameAs":["https:\/\/www.facebook.com\/cvinoticias","https:\/\/www.instagram.com\/cvinoticias\/","https:\/\/www.youtube.com\/@CVINOTICIAS"]},{"@type":"Person","@id":"https:\/\/cvinoticias.com\/v3\/#\/schema\/person\/2db77e3c6bc03c538495d7b2b8be9b66","name":"f1000024","image":{"@type":"ImageObject","inLanguage":"es","@id":"https:\/\/secure.gravatar.com\/avatar\/d4fe7459cfc51ff5129ce1a732bbef5928568b8092d412ef95611616376bbeed?s=96&d=mm&r=g","url":"https:\/\/secure.gravatar.com\/avatar\/d4fe7459cfc51ff5129ce1a732bbef5928568b8092d412ef95611616376bbeed?s=96&d=mm&r=g","contentUrl":"https:\/\/secure.gravatar.com\/avatar\/d4fe7459cfc51ff5129ce1a732bbef5928568b8092d412ef95611616376bbeed?s=96&d=mm&r=g","caption":"f1000024"},"url":"https:\/\/cvinoticias.com\/v3\/author\/f1000024\/"}]}},"_links":{"self":[{"href":"https:\/\/cvinoticias.com\/v3\/wp-json\/wp\/v2\/posts\/16502","targetHints":{"allow":["GET"]}}],"collection":[{"href":"https:\/\/cvinoticias.com\/v3\/wp-json\/wp\/v2\/posts"}],"about":[{"href":"https:\/\/cvinoticias.com\/v3\/wp-json\/wp\/v2\/types\/post"}],"author":[{"embeddable":true,"href":"https:\/\/cvinoticias.com\/v3\/wp-json\/wp\/v2\/users\/2"}],"replies":[{"embeddable":true,"href":"https:\/\/cvinoticias.com\/v3\/wp-json\/wp\/v2\/comments?post=16502"}],"version-history":[{"count":1,"href":"https:\/\/cvinoticias.com\/v3\/wp-json\/wp\/v2\/posts\/16502\/revisions"}],"predecessor-version":[{"id":16506,"href":"https:\/\/cvinoticias.com\/v3\/wp-json\/wp\/v2\/posts\/16502\/revisions\/16506"}],"wp:featuredmedia":[{"embeddable":true,"href":"https:\/\/cvinoticias.com\/v3\/wp-json\/wp\/v2\/media\/16503"}],"wp:attachment":[{"href":"https:\/\/cvinoticias.com\/v3\/wp-json\/wp\/v2\/media?parent=16502"}],"wp:term":[{"taxonomy":"category","embeddable":true,"href":"https:\/\/cvinoticias.com\/v3\/wp-json\/wp\/v2\/categories?post=16502"},{"taxonomy":"post_tag","embeddable":true,"href":"https:\/\/cvinoticias.com\/v3\/wp-json\/wp\/v2\/tags?post=16502"}],"curies":[{"name":"wp","href":"https:\/\/api.w.org\/{rel}","templated":true}]}}