{"id":16491,"date":"2022-06-08T05:31:22","date_gmt":"2022-06-08T05:31:22","guid":{"rendered":"https:\/\/cvinoticias.com\/v3\/?p=16491"},"modified":"2022-06-08T05:31:22","modified_gmt":"2022-06-08T05:31:22","slug":"se-habilita-el-circuito-de-garganta-del-diablo-en-el-parque-nacional-iguazu","status":"publish","type":"post","link":"https:\/\/cvinoticias.com\/v3\/se-habilita-el-circuito-de-garganta-del-diablo-en-el-parque-nacional-iguazu\/","title":{"rendered":"Se habilita el Circuito de Garganta del Diablo, en el Parque Nacional Iguaz\u00fa"},"content":{"rendered":"\n<p><strong><em>El Parque Nacional Iguaz\u00fa inform\u00f3 que desde \u00e9ste mi\u00e9rcoles 8 de junio, se encontrar\u00e1n habilitados para los visitantes tanto las pasarelas como el mirador principal de este emblem\u00e1tico sector del \u00c1rea Cataratas.<\/em><\/strong><\/p>\n\n\n\n<p>La reparaci\u00f3n de las pasarelas del Circuito Garganta del Diablo afectadas por la crecida extraordinaria finaliz\u00f3 durante la tarde de este d\u00eda martes, gracias a las tareas del personal t\u00e9cnico de la empresa concesionaria IASA, cuyos equipos trabajaron intensamente durante cuatro jornadas para habilitar el paseo peatonal hacia el mirador del Salto Uni\u00f3n, conocido como Garganta del Diablo.<\/p>\n\n\n\n<figure class=\"wp-block-image size-large\"><a href=\"https:\/\/cvinoticias.com\/wp-content\/uploads\/2022\/06\/FB_IMG_1654539420229.jpg\"><img decoding=\"async\" width=\"1024\" height=\"768\" data-src=\"https:\/\/cvinoticias.com\/wp-content\/uploads\/2022\/06\/FB_IMG_1654539420229-1024x768.jpg\" alt=\"\" class=\"wp-image-16493 lazyload\" data-srcset=\"https:\/\/cvinoticias.com\/wp-content\/uploads\/2022\/06\/FB_IMG_1654539420229-1024x768.jpg 1024w, https:\/\/cvinoticias.com\/wp-content\/uploads\/2022\/06\/FB_IMG_1654539420229-300x225.jpg 300w, https:\/\/cvinoticias.com\/wp-content\/uploads\/2022\/06\/FB_IMG_1654539420229-768x576.jpg 768w, https:\/\/cvinoticias.com\/wp-content\/uploads\/2022\/06\/FB_IMG_1654539420229.jpg 1080w\" data-sizes=\"(max-width: 1024px) 100vw, 1024px\" src=\"data:image\/svg+xml;base64,PHN2ZyB3aWR0aD0iMSIgaGVpZ2h0PSIxIiB4bWxucz0iaHR0cDovL3d3dy53My5vcmcvMjAwMC9zdmciPjwvc3ZnPg==\" style=\"--smush-placeholder-width: 1024px; --smush-placeholder-aspect-ratio: 1024\/768;\" \/><\/a><\/figure>\n\n\n\n<p>Se recuerda a los visitantes sobre la importancia de no alimentar a las especies nativas que habitan en el \u00e1rea protegida, para contribuir entre todos y todas a la conservaci\u00f3n del parque, un Sitio que fue distinguido como Patrimonio Mundial por la UNESCO.<\/p>\n","protected":false},"excerpt":{"rendered":"<p>El Parque Nacional Iguaz\u00fa inform\u00f3 que desde \u00e9ste mi\u00e9rcoles 8 de junio, se encontrar\u00e1n habilitados para los visitantes tanto las pasarelas como el mirador principal de este emblem\u00e1tico sector del \u00c1rea Cataratas. La reparaci\u00f3n de las pasarelas del Circuito Garganta del Diablo afectadas por la crecida extraordinaria finaliz\u00f3 durante la tarde de este d\u00eda martes, [&hellip;]<\/p>\n","protected":false},"author":2,"featured_media":16492,"comment_status":"open","ping_status":"open","sticky":false,"template":"","format":"standard","meta":{"footnotes":""},"categories":[50],"tags":[],"class_list":["post-16491","post","type-post","status-publish","format-standard","has-post-thumbnail","hentry","category-turismo"],"yoast_head":"<!-- This site is optimized with the Yoast SEO plugin v27.5 - https:\/\/yoast.com\/product\/yoast-seo-wordpress\/ -->\n<title>Se habilita el Circuito de Garganta del Diablo, en el Parque Nacional Iguaz\u00fa | CVI NOTICIAS<\/title>\n<meta name=\"robots\" content=\"index, follow, max-snippet:-1, max-image-preview:large, max-video-preview:-1\" \/>\n<link rel=\"canonical\" href=\"https:\/\/cvinoticias.com\/v3\/se-habilita-el-circuito-de-garganta-del-diablo-en-el-parque-nacional-iguazu\/\" \/>\n<meta property=\"og:locale\" content=\"es_ES\" \/>\n<meta property=\"og:type\" content=\"article\" \/>\n<meta property=\"og:title\" content=\"Se habilita el Circuito de Garganta del Diablo, en el Parque Nacional Iguaz\u00fa | CVI NOTICIAS\" \/>\n<meta property=\"og:description\" content=\"El Parque Nacional Iguaz\u00fa inform\u00f3 que desde \u00e9ste mi\u00e9rcoles 8 de junio, se encontrar\u00e1n habilitados para los visitantes tanto las pasarelas como el mirador principal de este emblem\u00e1tico sector del \u00c1rea Cataratas. La reparaci\u00f3n de las pasarelas del Circuito Garganta del Diablo afectadas por la crecida extraordinaria finaliz\u00f3 durante la tarde de este d\u00eda martes, [&hellip;]\" \/>\n<meta property=\"og:url\" content=\"https:\/\/cvinoticias.com\/v3\/se-habilita-el-circuito-de-garganta-del-diablo-en-el-parque-nacional-iguazu\/\" \/>\n<meta property=\"og:site_name\" content=\"CVI NOTICIAS\" \/>\n<meta property=\"article:publisher\" content=\"https:\/\/www.facebook.com\/cvinoticias\" \/>\n<meta property=\"article:published_time\" content=\"2022-06-08T05:31:22+00:00\" \/>\n<meta property=\"og:image\" content=\"https:\/\/cvinoticias.com\/wp-content\/uploads\/2022\/06\/FB_IMG_1654539425444.jpg\" \/>\n\t<meta property=\"og:image:width\" content=\"1080\" \/>\n\t<meta property=\"og:image:height\" content=\"810\" \/>\n\t<meta property=\"og:image:type\" content=\"image\/jpeg\" \/>\n<meta name=\"author\" content=\"f1000024\" \/>\n<meta name=\"twitter:card\" content=\"summary_large_image\" \/>\n<meta name=\"twitter:label1\" content=\"Escrito por\" \/>\n\t<meta name=\"twitter:data1\" content=\"f1000024\" \/>\n\t<meta name=\"twitter:label2\" content=\"Tiempo de lectura\" \/>\n\t<meta name=\"twitter:data2\" content=\"1 minuto\" \/>\n<script type=\"application\/ld+json\" class=\"yoast-schema-graph\">{\"@context\":\"https:\\\/\\\/schema.org\",\"@graph\":[{\"@type\":\"Article\",\"@id\":\"https:\\\/\\\/cvinoticias.com\\\/v3\\\/se-habilita-el-circuito-de-garganta-del-diablo-en-el-parque-nacional-iguazu\\\/#article\",\"isPartOf\":{\"@id\":\"https:\\\/\\\/cvinoticias.com\\\/v3\\\/se-habilita-el-circuito-de-garganta-del-diablo-en-el-parque-nacional-iguazu\\\/\"},\"author\":{\"name\":\"f1000024\",\"@id\":\"https:\\\/\\\/cvinoticias.com\\\/v3\\\/#\\\/schema\\\/person\\\/2db77e3c6bc03c538495d7b2b8be9b66\"},\"headline\":\"Se habilita el Circuito de Garganta del Diablo, en el Parque Nacional Iguaz\u00fa\",\"datePublished\":\"2022-06-08T05:31:22+00:00\",\"mainEntityOfPage\":{\"@id\":\"https:\\\/\\\/cvinoticias.com\\\/v3\\\/se-habilita-el-circuito-de-garganta-del-diablo-en-el-parque-nacional-iguazu\\\/\"},\"wordCount\":153,\"commentCount\":0,\"publisher\":{\"@id\":\"https:\\\/\\\/cvinoticias.com\\\/v3\\\/#organization\"},\"image\":{\"@id\":\"https:\\\/\\\/cvinoticias.com\\\/v3\\\/se-habilita-el-circuito-de-garganta-del-diablo-en-el-parque-nacional-iguazu\\\/#primaryimage\"},\"thumbnailUrl\":\"https:\\\/\\\/cvinoticias.com\\\/wp-content\\\/uploads\\\/2022\\\/06\\\/FB_IMG_1654539425444.jpg\",\"articleSection\":[\"Turismo\"],\"inLanguage\":\"es\",\"potentialAction\":[{\"@type\":\"CommentAction\",\"name\":\"Comment\",\"target\":[\"https:\\\/\\\/cvinoticias.com\\\/v3\\\/se-habilita-el-circuito-de-garganta-del-diablo-en-el-parque-nacional-iguazu\\\/#respond\"]}]},{\"@type\":\"WebPage\",\"@id\":\"https:\\\/\\\/cvinoticias.com\\\/v3\\\/se-habilita-el-circuito-de-garganta-del-diablo-en-el-parque-nacional-iguazu\\\/\",\"url\":\"https:\\\/\\\/cvinoticias.com\\\/v3\\\/se-habilita-el-circuito-de-garganta-del-diablo-en-el-parque-nacional-iguazu\\\/\",\"name\":\"Se habilita el Circuito de Garganta del Diablo, en el Parque Nacional Iguaz\u00fa | CVI NOTICIAS\",\"isPartOf\":{\"@id\":\"https:\\\/\\\/cvinoticias.com\\\/v3\\\/#website\"},\"primaryImageOfPage\":{\"@id\":\"https:\\\/\\\/cvinoticias.com\\\/v3\\\/se-habilita-el-circuito-de-garganta-del-diablo-en-el-parque-nacional-iguazu\\\/#primaryimage\"},\"image\":{\"@id\":\"https:\\\/\\\/cvinoticias.com\\\/v3\\\/se-habilita-el-circuito-de-garganta-del-diablo-en-el-parque-nacional-iguazu\\\/#primaryimage\"},\"thumbnailUrl\":\"https:\\\/\\\/cvinoticias.com\\\/wp-content\\\/uploads\\\/2022\\\/06\\\/FB_IMG_1654539425444.jpg\",\"datePublished\":\"2022-06-08T05:31:22+00:00\",\"breadcrumb\":{\"@id\":\"https:\\\/\\\/cvinoticias.com\\\/v3\\\/se-habilita-el-circuito-de-garganta-del-diablo-en-el-parque-nacional-iguazu\\\/#breadcrumb\"},\"inLanguage\":\"es\",\"potentialAction\":[{\"@type\":\"ReadAction\",\"target\":[\"https:\\\/\\\/cvinoticias.com\\\/v3\\\/se-habilita-el-circuito-de-garganta-del-diablo-en-el-parque-nacional-iguazu\\\/\"]}]},{\"@type\":\"ImageObject\",\"inLanguage\":\"es\",\"@id\":\"https:\\\/\\\/cvinoticias.com\\\/v3\\\/se-habilita-el-circuito-de-garganta-del-diablo-en-el-parque-nacional-iguazu\\\/#primaryimage\",\"url\":\"https:\\\/\\\/cvinoticias.com\\\/wp-content\\\/uploads\\\/2022\\\/06\\\/FB_IMG_1654539425444.jpg\",\"contentUrl\":\"https:\\\/\\\/cvinoticias.com\\\/wp-content\\\/uploads\\\/2022\\\/06\\\/FB_IMG_1654539425444.jpg\",\"width\":1080,\"height\":810},{\"@type\":\"BreadcrumbList\",\"@id\":\"https:\\\/\\\/cvinoticias.com\\\/v3\\\/se-habilita-el-circuito-de-garganta-del-diablo-en-el-parque-nacional-iguazu\\\/#breadcrumb\",\"itemListElement\":[{\"@type\":\"ListItem\",\"position\":1,\"name\":\"Portada\",\"item\":\"https:\\\/\\\/cvinoticias.com\\\/v3\\\/\"},{\"@type\":\"ListItem\",\"position\":2,\"name\":\"Se habilita el Circuito de Garganta del Diablo, en el Parque Nacional Iguaz\u00fa\"}]},{\"@type\":\"WebSite\",\"@id\":\"https:\\\/\\\/cvinoticias.com\\\/v3\\\/#website\",\"url\":\"https:\\\/\\\/cvinoticias.com\\\/v3\\\/\",\"name\":\"CVI NOTICIAS\",\"description\":\"\",\"publisher\":{\"@id\":\"https:\\\/\\\/cvinoticias.com\\\/v3\\\/#organization\"},\"alternateName\":\"CVI\",\"potentialAction\":[{\"@type\":\"SearchAction\",\"target\":{\"@type\":\"EntryPoint\",\"urlTemplate\":\"https:\\\/\\\/cvinoticias.com\\\/v3\\\/?s={search_term_string}\"},\"query-input\":{\"@type\":\"PropertyValueSpecification\",\"valueRequired\":true,\"valueName\":\"search_term_string\"}}],\"inLanguage\":\"es\"},{\"@type\":\"Organization\",\"@id\":\"https:\\\/\\\/cvinoticias.com\\\/v3\\\/#organization\",\"name\":\"CVI NOTICIAS\",\"url\":\"https:\\\/\\\/cvinoticias.com\\\/v3\\\/\",\"logo\":{\"@type\":\"ImageObject\",\"inLanguage\":\"es\",\"@id\":\"https:\\\/\\\/cvinoticias.com\\\/v3\\\/#\\\/schema\\\/logo\\\/image\\\/\",\"url\":\"https:\\\/\\\/cvinoticias.com\\\/wp-content\\\/uploads\\\/2023\\\/04\\\/cropped-cropped-cropped-cropped-cropped-3-1.png\",\"contentUrl\":\"https:\\\/\\\/cvinoticias.com\\\/wp-content\\\/uploads\\\/2023\\\/04\\\/cropped-cropped-cropped-cropped-cropped-3-1.png\",\"width\":95,\"height\":122,\"caption\":\"CVI NOTICIAS\"},\"image\":{\"@id\":\"https:\\\/\\\/cvinoticias.com\\\/v3\\\/#\\\/schema\\\/logo\\\/image\\\/\"},\"sameAs\":[\"https:\\\/\\\/www.facebook.com\\\/cvinoticias\",\"https:\\\/\\\/www.instagram.com\\\/cvinoticias\\\/\",\"https:\\\/\\\/www.youtube.com\\\/@CVINOTICIAS\"]},{\"@type\":\"Person\",\"@id\":\"https:\\\/\\\/cvinoticias.com\\\/v3\\\/#\\\/schema\\\/person\\\/2db77e3c6bc03c538495d7b2b8be9b66\",\"name\":\"f1000024\",\"image\":{\"@type\":\"ImageObject\",\"inLanguage\":\"es\",\"@id\":\"https:\\\/\\\/secure.gravatar.com\\\/avatar\\\/d4fe7459cfc51ff5129ce1a732bbef5928568b8092d412ef95611616376bbeed?s=96&d=mm&r=g\",\"url\":\"https:\\\/\\\/secure.gravatar.com\\\/avatar\\\/d4fe7459cfc51ff5129ce1a732bbef5928568b8092d412ef95611616376bbeed?s=96&d=mm&r=g\",\"contentUrl\":\"https:\\\/\\\/secure.gravatar.com\\\/avatar\\\/d4fe7459cfc51ff5129ce1a732bbef5928568b8092d412ef95611616376bbeed?s=96&d=mm&r=g\",\"caption\":\"f1000024\"},\"url\":\"https:\\\/\\\/cvinoticias.com\\\/v3\\\/author\\\/f1000024\\\/\"}]}<\/script>\n<!-- \/ Yoast SEO plugin. -->","yoast_head_json":{"title":"Se habilita el Circuito de Garganta del Diablo, en el Parque Nacional Iguaz\u00fa | CVI NOTICIAS","robots":{"index":"index","follow":"follow","max-snippet":"max-snippet:-1","max-image-preview":"max-image-preview:large","max-video-preview":"max-video-preview:-1"},"canonical":"https:\/\/cvinoticias.com\/v3\/se-habilita-el-circuito-de-garganta-del-diablo-en-el-parque-nacional-iguazu\/","og_locale":"es_ES","og_type":"article","og_title":"Se habilita el Circuito de Garganta del Diablo, en el Parque Nacional Iguaz\u00fa | CVI NOTICIAS","og_description":"El Parque Nacional Iguaz\u00fa inform\u00f3 que desde \u00e9ste mi\u00e9rcoles 8 de junio, se encontrar\u00e1n habilitados para los visitantes tanto las pasarelas como el mirador principal de este emblem\u00e1tico sector del \u00c1rea Cataratas. La reparaci\u00f3n de las pasarelas del Circuito Garganta del Diablo afectadas por la crecida extraordinaria finaliz\u00f3 durante la tarde de este d\u00eda martes, [&hellip;]","og_url":"https:\/\/cvinoticias.com\/v3\/se-habilita-el-circuito-de-garganta-del-diablo-en-el-parque-nacional-iguazu\/","og_site_name":"CVI NOTICIAS","article_publisher":"https:\/\/www.facebook.com\/cvinoticias","article_published_time":"2022-06-08T05:31:22+00:00","og_image":[{"width":1080,"height":810,"url":"https:\/\/cvinoticias.com\/wp-content\/uploads\/2022\/06\/FB_IMG_1654539425444.jpg","type":"image\/jpeg"}],"author":"f1000024","twitter_card":"summary_large_image","twitter_misc":{"Escrito por":"f1000024","Tiempo de lectura":"1 minuto"},"schema":{"@context":"https:\/\/schema.org","@graph":[{"@type":"Article","@id":"https:\/\/cvinoticias.com\/v3\/se-habilita-el-circuito-de-garganta-del-diablo-en-el-parque-nacional-iguazu\/#article","isPartOf":{"@id":"https:\/\/cvinoticias.com\/v3\/se-habilita-el-circuito-de-garganta-del-diablo-en-el-parque-nacional-iguazu\/"},"author":{"name":"f1000024","@id":"https:\/\/cvinoticias.com\/v3\/#\/schema\/person\/2db77e3c6bc03c538495d7b2b8be9b66"},"headline":"Se habilita el Circuito de Garganta del Diablo, en el Parque Nacional Iguaz\u00fa","datePublished":"2022-06-08T05:31:22+00:00","mainEntityOfPage":{"@id":"https:\/\/cvinoticias.com\/v3\/se-habilita-el-circuito-de-garganta-del-diablo-en-el-parque-nacional-iguazu\/"},"wordCount":153,"commentCount":0,"publisher":{"@id":"https:\/\/cvinoticias.com\/v3\/#organization"},"image":{"@id":"https:\/\/cvinoticias.com\/v3\/se-habilita-el-circuito-de-garganta-del-diablo-en-el-parque-nacional-iguazu\/#primaryimage"},"thumbnailUrl":"https:\/\/cvinoticias.com\/wp-content\/uploads\/2022\/06\/FB_IMG_1654539425444.jpg","articleSection":["Turismo"],"inLanguage":"es","potentialAction":[{"@type":"CommentAction","name":"Comment","target":["https:\/\/cvinoticias.com\/v3\/se-habilita-el-circuito-de-garganta-del-diablo-en-el-parque-nacional-iguazu\/#respond"]}]},{"@type":"WebPage","@id":"https:\/\/cvinoticias.com\/v3\/se-habilita-el-circuito-de-garganta-del-diablo-en-el-parque-nacional-iguazu\/","url":"https:\/\/cvinoticias.com\/v3\/se-habilita-el-circuito-de-garganta-del-diablo-en-el-parque-nacional-iguazu\/","name":"Se habilita el Circuito de Garganta del Diablo, en el Parque Nacional Iguaz\u00fa | CVI NOTICIAS","isPartOf":{"@id":"https:\/\/cvinoticias.com\/v3\/#website"},"primaryImageOfPage":{"@id":"https:\/\/cvinoticias.com\/v3\/se-habilita-el-circuito-de-garganta-del-diablo-en-el-parque-nacional-iguazu\/#primaryimage"},"image":{"@id":"https:\/\/cvinoticias.com\/v3\/se-habilita-el-circuito-de-garganta-del-diablo-en-el-parque-nacional-iguazu\/#primaryimage"},"thumbnailUrl":"https:\/\/cvinoticias.com\/wp-content\/uploads\/2022\/06\/FB_IMG_1654539425444.jpg","datePublished":"2022-06-08T05:31:22+00:00","breadcrumb":{"@id":"https:\/\/cvinoticias.com\/v3\/se-habilita-el-circuito-de-garganta-del-diablo-en-el-parque-nacional-iguazu\/#breadcrumb"},"inLanguage":"es","potentialAction":[{"@type":"ReadAction","target":["https:\/\/cvinoticias.com\/v3\/se-habilita-el-circuito-de-garganta-del-diablo-en-el-parque-nacional-iguazu\/"]}]},{"@type":"ImageObject","inLanguage":"es","@id":"https:\/\/cvinoticias.com\/v3\/se-habilita-el-circuito-de-garganta-del-diablo-en-el-parque-nacional-iguazu\/#primaryimage","url":"https:\/\/cvinoticias.com\/wp-content\/uploads\/2022\/06\/FB_IMG_1654539425444.jpg","contentUrl":"https:\/\/cvinoticias.com\/wp-content\/uploads\/2022\/06\/FB_IMG_1654539425444.jpg","width":1080,"height":810},{"@type":"BreadcrumbList","@id":"https:\/\/cvinoticias.com\/v3\/se-habilita-el-circuito-de-garganta-del-diablo-en-el-parque-nacional-iguazu\/#breadcrumb","itemListElement":[{"@type":"ListItem","position":1,"name":"Portada","item":"https:\/\/cvinoticias.com\/v3\/"},{"@type":"ListItem","position":2,"name":"Se habilita el Circuito de Garganta del Diablo, en el Parque Nacional Iguaz\u00fa"}]},{"@type":"WebSite","@id":"https:\/\/cvinoticias.com\/v3\/#website","url":"https:\/\/cvinoticias.com\/v3\/","name":"CVI NOTICIAS","description":"","publisher":{"@id":"https:\/\/cvinoticias.com\/v3\/#organization"},"alternateName":"CVI","potentialAction":[{"@type":"SearchAction","target":{"@type":"EntryPoint","urlTemplate":"https:\/\/cvinoticias.com\/v3\/?s={search_term_string}"},"query-input":{"@type":"PropertyValueSpecification","valueRequired":true,"valueName":"search_term_string"}}],"inLanguage":"es"},{"@type":"Organization","@id":"https:\/\/cvinoticias.com\/v3\/#organization","name":"CVI NOTICIAS","url":"https:\/\/cvinoticias.com\/v3\/","logo":{"@type":"ImageObject","inLanguage":"es","@id":"https:\/\/cvinoticias.com\/v3\/#\/schema\/logo\/image\/","url":"https:\/\/cvinoticias.com\/wp-content\/uploads\/2023\/04\/cropped-cropped-cropped-cropped-cropped-3-1.png","contentUrl":"https:\/\/cvinoticias.com\/wp-content\/uploads\/2023\/04\/cropped-cropped-cropped-cropped-cropped-3-1.png","width":95,"height":122,"caption":"CVI NOTICIAS"},"image":{"@id":"https:\/\/cvinoticias.com\/v3\/#\/schema\/logo\/image\/"},"sameAs":["https:\/\/www.facebook.com\/cvinoticias","https:\/\/www.instagram.com\/cvinoticias\/","https:\/\/www.youtube.com\/@CVINOTICIAS"]},{"@type":"Person","@id":"https:\/\/cvinoticias.com\/v3\/#\/schema\/person\/2db77e3c6bc03c538495d7b2b8be9b66","name":"f1000024","image":{"@type":"ImageObject","inLanguage":"es","@id":"https:\/\/secure.gravatar.com\/avatar\/d4fe7459cfc51ff5129ce1a732bbef5928568b8092d412ef95611616376bbeed?s=96&d=mm&r=g","url":"https:\/\/secure.gravatar.com\/avatar\/d4fe7459cfc51ff5129ce1a732bbef5928568b8092d412ef95611616376bbeed?s=96&d=mm&r=g","contentUrl":"https:\/\/secure.gravatar.com\/avatar\/d4fe7459cfc51ff5129ce1a732bbef5928568b8092d412ef95611616376bbeed?s=96&d=mm&r=g","caption":"f1000024"},"url":"https:\/\/cvinoticias.com\/v3\/author\/f1000024\/"}]}},"_links":{"self":[{"href":"https:\/\/cvinoticias.com\/v3\/wp-json\/wp\/v2\/posts\/16491","targetHints":{"allow":["GET"]}}],"collection":[{"href":"https:\/\/cvinoticias.com\/v3\/wp-json\/wp\/v2\/posts"}],"about":[{"href":"https:\/\/cvinoticias.com\/v3\/wp-json\/wp\/v2\/types\/post"}],"author":[{"embeddable":true,"href":"https:\/\/cvinoticias.com\/v3\/wp-json\/wp\/v2\/users\/2"}],"replies":[{"embeddable":true,"href":"https:\/\/cvinoticias.com\/v3\/wp-json\/wp\/v2\/comments?post=16491"}],"version-history":[{"count":1,"href":"https:\/\/cvinoticias.com\/v3\/wp-json\/wp\/v2\/posts\/16491\/revisions"}],"predecessor-version":[{"id":16494,"href":"https:\/\/cvinoticias.com\/v3\/wp-json\/wp\/v2\/posts\/16491\/revisions\/16494"}],"wp:featuredmedia":[{"embeddable":true,"href":"https:\/\/cvinoticias.com\/v3\/wp-json\/wp\/v2\/media\/16492"}],"wp:attachment":[{"href":"https:\/\/cvinoticias.com\/v3\/wp-json\/wp\/v2\/media?parent=16491"}],"wp:term":[{"taxonomy":"category","embeddable":true,"href":"https:\/\/cvinoticias.com\/v3\/wp-json\/wp\/v2\/categories?post=16491"},{"taxonomy":"post_tag","embeddable":true,"href":"https:\/\/cvinoticias.com\/v3\/wp-json\/wp\/v2\/tags?post=16491"}],"curies":[{"name":"wp","href":"https:\/\/api.w.org\/{rel}","templated":true}]}}