{"id":16438,"date":"2022-06-06T09:13:47","date_gmt":"2022-06-06T09:13:47","guid":{"rendered":"https:\/\/cvinoticias.com\/v3\/?p=16438"},"modified":"2022-06-06T09:13:47","modified_gmt":"2022-06-06T09:13:47","slug":"la-justicia-de-brasil-resolvera-si-va-a-aceptar-otro-pedido-de-darthes-para-postergar-el-juicio","status":"publish","type":"post","link":"https:\/\/cvinoticias.com\/v3\/la-justicia-de-brasil-resolvera-si-va-a-aceptar-otro-pedido-de-darthes-para-postergar-el-juicio\/","title":{"rendered":"La justicia de Brasil resolver\u00e1 si va a aceptar otro pedido de Darth\u00e9s para postergar el juicio"},"content":{"rendered":"\n<p><strong><em>La decisi\u00f3n estar\u00e1 a cargo del juez federal de San Pablo, Ali Mazloum, quien sustancia el juicio por abuso sexual que la actriz Thelma Fardin le inici\u00f3 al artista. \u201cNo es regular lo que est\u00e1 ocurriendo\u201d, se\u00f1al\u00f3 Juan Pablo Gallego, el letrado de la v\u00edctima.<\/em><\/strong><\/p>\n\n\n\n<p>El juez federal de San Pablo, Brasil, Ali Mazloum, quien sustancia el juicio por abuso sexual que la actriz Thelma Fardin le inici\u00f3 al actor Juan Darth\u00e9s, deber\u00e1 decidir este lunes si acepta o rechaza un pedido de la defensa del acusado que postergar\u00eda el reinicio de las audiencias, informaron fuentes judiciales.<\/p>\n\n\n\n<p>Juan Pablo Gallego, abogado de Fardin, dijo en di\u00e1logo con T\u00e9lam que la \u201cexpectativa es que a las 14 horas de Argentina\u201d se conozca si el magistrado acepta o rechaza el pedido de la defensa.<\/p>\n\n\n\n<p>\u201cSi no se pronuncia se estar\u00eda frustrando el juicio\u201d, explic\u00f3 y en ese caso habr\u00eda que recurrir al Supremo Tribunal Federal (Corte Suprema) en el cual \u201clos recursos son muy largos\u201d cuando \u201cel apuro de Thelma es continuar\u201d con el debate y \u201cterminarlo\u201d.<\/p>\n\n\n\n<p>Gallego sostuvo que \u201cla justicia de Brasil es muy ambivalente\u201d y subray\u00f3 que \u201cen Argentina no hay antecedente de que un juicio oral se suspenda\u201d.<\/p>\n\n\n\n<p>\u201cNo es regular lo que est\u00e1 ocurriendo\u201d, se\u00f1al\u00f3 el letrado. Gallego hab\u00eda dicho la semana pasada que Darth\u00e9s \u00abinsiste en dilatar e impedir la finalizaci\u00f3n de un juicio en que la prueba producida claramente lo incrimina\u00bb.<\/p>\n\n\n\n<p>Tambi\u00e9n \u00abhemos sido claros en t\u00e9rminos de la responsabilidad que asumen los \u00f3rganos encargados de resguardar las garant\u00edas elementales de la v\u00edctima del proceso y aguardamos ahora llegue esa correcci\u00f3n y no se convalide otra maniobra defensista de dilaci\u00f3n\u00bb, agreg\u00f3.La actriz Thelma Fardin hab\u00eda posteado en su cuenta de Instagram el 13 de mayo pasado que las dilaciones en las audiencias del juicio por abuso que lleva adelante contra Juan Darth\u00e9s en los Tribunales Federales de Brasil \u00abponen en juego la prescriptibilidad del delito\u00bb.<\/p>\n\n\n\n<p>\u00abNos piden que vayamos a la justicia y la justicia es esta porquer\u00eda aberrante y para nada reparatoria\u00bb, destac\u00f3.Diez d\u00edas despu\u00e9s, anunci\u00f3 que denunciar\u00e1 ante la ONU las dilaciones en el juicio \u00abante la omisi\u00f3n de restablecer garant\u00edas de Fardin. El estado brasile\u00f1o fue notificado fehacientemente de su responsabilidad el 28 de marzo pasado\u00bb, dijo en esa oportunidad Gallego.<\/p>\n\n\n\n<p>\u00abEs imprescindible que la justicia se pronuncie de una vez para evitar m\u00e1s maniobras legales que solo buscan evitar una sentencia para el acusado y agotar emocionalmente a la v\u00edctima\u00bb, destac\u00f3 a su vez Melania Buero, del colectivo Actrices Argentinas<\/p>\n\n\n\n<p>A fines de marzo pasado, la Justicia de Brasil orden\u00f3 continuar el juicio contra Darth\u00e9s al revocar el fallo que hab\u00eda vuelto a foja cero la denuncia de abuso sexual contra el actor.<\/p>\n\n\n\n<p><strong>C\u00f3mo se inici\u00f3 la causa<\/strong><\/p>\n\n\n\n<p>El proceso empez\u00f3 cuando Fardin present\u00f3 una denuncia por abuso sexual agravado contra Darth\u00e9s en diciembre de 2018 en Nicaragua, cometido en 2009 durante una gira de la novela argentina Patito Feo, cuando ambos integraban el elenco y ella ten\u00eda 16 a\u00f1os.<\/p>\n\n\n\n<p>A mediados de 2019, Nicaragua requiri\u00f3 la apertura de un proceso penal contra el actor por considerarlo autor directo del delito de violaci\u00f3n agravada.Sin embargo, no fue hasta octubre de ese mismo a\u00f1o que, luego de haber evaluado la acusaci\u00f3n y las pruebas ofrecidas, se dispuso detener y capturar a Darth\u00e9s, que estaba pr\u00f3fugo en Brasil.<\/p>\n\n\n\n<p>La denuncia formal contra Darth\u00e9s, \u00abcon la finalidad de que sea enjuiciado en Brasil por los hechos perpetrados en Managua el 17 de mayo de 2009 en perjuicio de Thelma Fardin\u00bb, fue presentada por el Ministerio P\u00fablico Fiscal brasile\u00f1o en abril del a\u00f1o pasado y el juicio oral comenz\u00f3 en noviembre.<\/p>\n\n\n\n<p>0El proceso judicial, del cual participaron tres pa\u00edses -la Argentina, Brasil y Nicaragua-, tuvo 11 testigos, que declararon remotamente ante el juez Mazloum, quien interrumpi\u00f3 el debate oral en febrero pasado. Seg\u00fan Gallego, Darth\u00e9s podr\u00eda recibir una pena de hasta diez a\u00f1os de prisi\u00f3n por el delito de estupro agravado.<\/p>\n","protected":false},"excerpt":{"rendered":"<p>La decisi\u00f3n estar\u00e1 a cargo del juez federal de San Pablo, Ali Mazloum, quien sustancia el juicio por abuso sexual que la actriz Thelma Fardin le inici\u00f3 al artista. \u201cNo es regular lo que est\u00e1 ocurriendo\u201d, se\u00f1al\u00f3 Juan Pablo Gallego, el letrado de la v\u00edctima. El juez federal de San Pablo, Brasil, Ali Mazloum, quien [&hellip;]<\/p>\n","protected":false},"author":2,"featured_media":16439,"comment_status":"open","ping_status":"open","sticky":false,"template":"","format":"standard","meta":{"footnotes":""},"categories":[37],"tags":[],"class_list":["post-16438","post","type-post","status-publish","format-standard","has-post-thumbnail","hentry","category-justicia"],"yoast_head":"<!-- This site is optimized with the Yoast SEO plugin v27.5 - https:\/\/yoast.com\/product\/yoast-seo-wordpress\/ -->\n<title>La justicia de Brasil resolver\u00e1 si va a aceptar otro pedido de Darth\u00e9s para postergar el juicio | CVI NOTICIAS<\/title>\n<meta name=\"robots\" content=\"index, follow, max-snippet:-1, max-image-preview:large, max-video-preview:-1\" \/>\n<link rel=\"canonical\" href=\"https:\/\/cvinoticias.com\/v3\/la-justicia-de-brasil-resolvera-si-va-a-aceptar-otro-pedido-de-darthes-para-postergar-el-juicio\/\" \/>\n<meta property=\"og:locale\" content=\"es_ES\" \/>\n<meta property=\"og:type\" content=\"article\" \/>\n<meta property=\"og:title\" content=\"La justicia de Brasil resolver\u00e1 si va a aceptar otro pedido de Darth\u00e9s para postergar el juicio | CVI NOTICIAS\" \/>\n<meta property=\"og:description\" content=\"La decisi\u00f3n estar\u00e1 a cargo del juez federal de San Pablo, Ali Mazloum, quien sustancia el juicio por abuso sexual que la actriz Thelma Fardin le inici\u00f3 al artista. \u201cNo es regular lo que est\u00e1 ocurriendo\u201d, se\u00f1al\u00f3 Juan Pablo Gallego, el letrado de la v\u00edctima. El juez federal de San Pablo, Brasil, Ali Mazloum, quien [&hellip;]\" \/>\n<meta property=\"og:url\" content=\"https:\/\/cvinoticias.com\/v3\/la-justicia-de-brasil-resolvera-si-va-a-aceptar-otro-pedido-de-darthes-para-postergar-el-juicio\/\" \/>\n<meta property=\"og:site_name\" content=\"CVI NOTICIAS\" \/>\n<meta property=\"article:publisher\" content=\"https:\/\/www.facebook.com\/cvinoticias\" \/>\n<meta property=\"article:published_time\" content=\"2022-06-06T09:13:47+00:00\" \/>\n<meta property=\"og:image\" content=\"https:\/\/cvinoticias.com\/wp-content\/uploads\/2022\/06\/0000080029.jpg\" \/>\n\t<meta property=\"og:image:width\" content=\"900\" \/>\n\t<meta property=\"og:image:height\" content=\"506\" \/>\n\t<meta property=\"og:image:type\" content=\"image\/jpeg\" \/>\n<meta name=\"author\" content=\"f1000024\" \/>\n<meta name=\"twitter:card\" content=\"summary_large_image\" \/>\n<meta name=\"twitter:label1\" content=\"Escrito por\" \/>\n\t<meta name=\"twitter:data1\" content=\"f1000024\" \/>\n\t<meta name=\"twitter:label2\" content=\"Tiempo de lectura\" \/>\n\t<meta name=\"twitter:data2\" content=\"3 minutos\" \/>\n<script type=\"application\/ld+json\" class=\"yoast-schema-graph\">{\"@context\":\"https:\\\/\\\/schema.org\",\"@graph\":[{\"@type\":\"Article\",\"@id\":\"https:\\\/\\\/cvinoticias.com\\\/v3\\\/la-justicia-de-brasil-resolvera-si-va-a-aceptar-otro-pedido-de-darthes-para-postergar-el-juicio\\\/#article\",\"isPartOf\":{\"@id\":\"https:\\\/\\\/cvinoticias.com\\\/v3\\\/la-justicia-de-brasil-resolvera-si-va-a-aceptar-otro-pedido-de-darthes-para-postergar-el-juicio\\\/\"},\"author\":{\"name\":\"f1000024\",\"@id\":\"https:\\\/\\\/cvinoticias.com\\\/v3\\\/#\\\/schema\\\/person\\\/2db77e3c6bc03c538495d7b2b8be9b66\"},\"headline\":\"La justicia de Brasil resolver\u00e1 si va a aceptar otro pedido de Darth\u00e9s para postergar el juicio\",\"datePublished\":\"2022-06-06T09:13:47+00:00\",\"mainEntityOfPage\":{\"@id\":\"https:\\\/\\\/cvinoticias.com\\\/v3\\\/la-justicia-de-brasil-resolvera-si-va-a-aceptar-otro-pedido-de-darthes-para-postergar-el-juicio\\\/\"},\"wordCount\":717,\"commentCount\":0,\"publisher\":{\"@id\":\"https:\\\/\\\/cvinoticias.com\\\/v3\\\/#organization\"},\"image\":{\"@id\":\"https:\\\/\\\/cvinoticias.com\\\/v3\\\/la-justicia-de-brasil-resolvera-si-va-a-aceptar-otro-pedido-de-darthes-para-postergar-el-juicio\\\/#primaryimage\"},\"thumbnailUrl\":\"https:\\\/\\\/cvinoticias.com\\\/wp-content\\\/uploads\\\/2022\\\/06\\\/0000080029.jpg\",\"articleSection\":[\"Justicia\"],\"inLanguage\":\"es\",\"potentialAction\":[{\"@type\":\"CommentAction\",\"name\":\"Comment\",\"target\":[\"https:\\\/\\\/cvinoticias.com\\\/v3\\\/la-justicia-de-brasil-resolvera-si-va-a-aceptar-otro-pedido-de-darthes-para-postergar-el-juicio\\\/#respond\"]}]},{\"@type\":\"WebPage\",\"@id\":\"https:\\\/\\\/cvinoticias.com\\\/v3\\\/la-justicia-de-brasil-resolvera-si-va-a-aceptar-otro-pedido-de-darthes-para-postergar-el-juicio\\\/\",\"url\":\"https:\\\/\\\/cvinoticias.com\\\/v3\\\/la-justicia-de-brasil-resolvera-si-va-a-aceptar-otro-pedido-de-darthes-para-postergar-el-juicio\\\/\",\"name\":\"La justicia de Brasil resolver\u00e1 si va a aceptar otro pedido de Darth\u00e9s para postergar el juicio | CVI NOTICIAS\",\"isPartOf\":{\"@id\":\"https:\\\/\\\/cvinoticias.com\\\/v3\\\/#website\"},\"primaryImageOfPage\":{\"@id\":\"https:\\\/\\\/cvinoticias.com\\\/v3\\\/la-justicia-de-brasil-resolvera-si-va-a-aceptar-otro-pedido-de-darthes-para-postergar-el-juicio\\\/#primaryimage\"},\"image\":{\"@id\":\"https:\\\/\\\/cvinoticias.com\\\/v3\\\/la-justicia-de-brasil-resolvera-si-va-a-aceptar-otro-pedido-de-darthes-para-postergar-el-juicio\\\/#primaryimage\"},\"thumbnailUrl\":\"https:\\\/\\\/cvinoticias.com\\\/wp-content\\\/uploads\\\/2022\\\/06\\\/0000080029.jpg\",\"datePublished\":\"2022-06-06T09:13:47+00:00\",\"breadcrumb\":{\"@id\":\"https:\\\/\\\/cvinoticias.com\\\/v3\\\/la-justicia-de-brasil-resolvera-si-va-a-aceptar-otro-pedido-de-darthes-para-postergar-el-juicio\\\/#breadcrumb\"},\"inLanguage\":\"es\",\"potentialAction\":[{\"@type\":\"ReadAction\",\"target\":[\"https:\\\/\\\/cvinoticias.com\\\/v3\\\/la-justicia-de-brasil-resolvera-si-va-a-aceptar-otro-pedido-de-darthes-para-postergar-el-juicio\\\/\"]}]},{\"@type\":\"ImageObject\",\"inLanguage\":\"es\",\"@id\":\"https:\\\/\\\/cvinoticias.com\\\/v3\\\/la-justicia-de-brasil-resolvera-si-va-a-aceptar-otro-pedido-de-darthes-para-postergar-el-juicio\\\/#primaryimage\",\"url\":\"https:\\\/\\\/cvinoticias.com\\\/wp-content\\\/uploads\\\/2022\\\/06\\\/0000080029.jpg\",\"contentUrl\":\"https:\\\/\\\/cvinoticias.com\\\/wp-content\\\/uploads\\\/2022\\\/06\\\/0000080029.jpg\",\"width\":900,\"height\":506},{\"@type\":\"BreadcrumbList\",\"@id\":\"https:\\\/\\\/cvinoticias.com\\\/v3\\\/la-justicia-de-brasil-resolvera-si-va-a-aceptar-otro-pedido-de-darthes-para-postergar-el-juicio\\\/#breadcrumb\",\"itemListElement\":[{\"@type\":\"ListItem\",\"position\":1,\"name\":\"Portada\",\"item\":\"https:\\\/\\\/cvinoticias.com\\\/v3\\\/\"},{\"@type\":\"ListItem\",\"position\":2,\"name\":\"La justicia de Brasil resolver\u00e1 si va a aceptar otro pedido de Darth\u00e9s para postergar el juicio\"}]},{\"@type\":\"WebSite\",\"@id\":\"https:\\\/\\\/cvinoticias.com\\\/v3\\\/#website\",\"url\":\"https:\\\/\\\/cvinoticias.com\\\/v3\\\/\",\"name\":\"CVI NOTICIAS\",\"description\":\"\",\"publisher\":{\"@id\":\"https:\\\/\\\/cvinoticias.com\\\/v3\\\/#organization\"},\"alternateName\":\"CVI\",\"potentialAction\":[{\"@type\":\"SearchAction\",\"target\":{\"@type\":\"EntryPoint\",\"urlTemplate\":\"https:\\\/\\\/cvinoticias.com\\\/v3\\\/?s={search_term_string}\"},\"query-input\":{\"@type\":\"PropertyValueSpecification\",\"valueRequired\":true,\"valueName\":\"search_term_string\"}}],\"inLanguage\":\"es\"},{\"@type\":\"Organization\",\"@id\":\"https:\\\/\\\/cvinoticias.com\\\/v3\\\/#organization\",\"name\":\"CVI NOTICIAS\",\"url\":\"https:\\\/\\\/cvinoticias.com\\\/v3\\\/\",\"logo\":{\"@type\":\"ImageObject\",\"inLanguage\":\"es\",\"@id\":\"https:\\\/\\\/cvinoticias.com\\\/v3\\\/#\\\/schema\\\/logo\\\/image\\\/\",\"url\":\"https:\\\/\\\/cvinoticias.com\\\/wp-content\\\/uploads\\\/2023\\\/04\\\/cropped-cropped-cropped-cropped-cropped-3-1.png\",\"contentUrl\":\"https:\\\/\\\/cvinoticias.com\\\/wp-content\\\/uploads\\\/2023\\\/04\\\/cropped-cropped-cropped-cropped-cropped-3-1.png\",\"width\":95,\"height\":122,\"caption\":\"CVI NOTICIAS\"},\"image\":{\"@id\":\"https:\\\/\\\/cvinoticias.com\\\/v3\\\/#\\\/schema\\\/logo\\\/image\\\/\"},\"sameAs\":[\"https:\\\/\\\/www.facebook.com\\\/cvinoticias\",\"https:\\\/\\\/www.instagram.com\\\/cvinoticias\\\/\",\"https:\\\/\\\/www.youtube.com\\\/@CVINOTICIAS\"]},{\"@type\":\"Person\",\"@id\":\"https:\\\/\\\/cvinoticias.com\\\/v3\\\/#\\\/schema\\\/person\\\/2db77e3c6bc03c538495d7b2b8be9b66\",\"name\":\"f1000024\",\"image\":{\"@type\":\"ImageObject\",\"inLanguage\":\"es\",\"@id\":\"https:\\\/\\\/secure.gravatar.com\\\/avatar\\\/d4fe7459cfc51ff5129ce1a732bbef5928568b8092d412ef95611616376bbeed?s=96&d=mm&r=g\",\"url\":\"https:\\\/\\\/secure.gravatar.com\\\/avatar\\\/d4fe7459cfc51ff5129ce1a732bbef5928568b8092d412ef95611616376bbeed?s=96&d=mm&r=g\",\"contentUrl\":\"https:\\\/\\\/secure.gravatar.com\\\/avatar\\\/d4fe7459cfc51ff5129ce1a732bbef5928568b8092d412ef95611616376bbeed?s=96&d=mm&r=g\",\"caption\":\"f1000024\"},\"url\":\"https:\\\/\\\/cvinoticias.com\\\/v3\\\/author\\\/f1000024\\\/\"}]}<\/script>\n<!-- \/ Yoast SEO plugin. -->","yoast_head_json":{"title":"La justicia de Brasil resolver\u00e1 si va a aceptar otro pedido de Darth\u00e9s para postergar el juicio | CVI NOTICIAS","robots":{"index":"index","follow":"follow","max-snippet":"max-snippet:-1","max-image-preview":"max-image-preview:large","max-video-preview":"max-video-preview:-1"},"canonical":"https:\/\/cvinoticias.com\/v3\/la-justicia-de-brasil-resolvera-si-va-a-aceptar-otro-pedido-de-darthes-para-postergar-el-juicio\/","og_locale":"es_ES","og_type":"article","og_title":"La justicia de Brasil resolver\u00e1 si va a aceptar otro pedido de Darth\u00e9s para postergar el juicio | CVI NOTICIAS","og_description":"La decisi\u00f3n estar\u00e1 a cargo del juez federal de San Pablo, Ali Mazloum, quien sustancia el juicio por abuso sexual que la actriz Thelma Fardin le inici\u00f3 al artista. \u201cNo es regular lo que est\u00e1 ocurriendo\u201d, se\u00f1al\u00f3 Juan Pablo Gallego, el letrado de la v\u00edctima. El juez federal de San Pablo, Brasil, Ali Mazloum, quien [&hellip;]","og_url":"https:\/\/cvinoticias.com\/v3\/la-justicia-de-brasil-resolvera-si-va-a-aceptar-otro-pedido-de-darthes-para-postergar-el-juicio\/","og_site_name":"CVI NOTICIAS","article_publisher":"https:\/\/www.facebook.com\/cvinoticias","article_published_time":"2022-06-06T09:13:47+00:00","og_image":[{"width":900,"height":506,"url":"https:\/\/cvinoticias.com\/wp-content\/uploads\/2022\/06\/0000080029.jpg","type":"image\/jpeg"}],"author":"f1000024","twitter_card":"summary_large_image","twitter_misc":{"Escrito por":"f1000024","Tiempo de lectura":"3 minutos"},"schema":{"@context":"https:\/\/schema.org","@graph":[{"@type":"Article","@id":"https:\/\/cvinoticias.com\/v3\/la-justicia-de-brasil-resolvera-si-va-a-aceptar-otro-pedido-de-darthes-para-postergar-el-juicio\/#article","isPartOf":{"@id":"https:\/\/cvinoticias.com\/v3\/la-justicia-de-brasil-resolvera-si-va-a-aceptar-otro-pedido-de-darthes-para-postergar-el-juicio\/"},"author":{"name":"f1000024","@id":"https:\/\/cvinoticias.com\/v3\/#\/schema\/person\/2db77e3c6bc03c538495d7b2b8be9b66"},"headline":"La justicia de Brasil resolver\u00e1 si va a aceptar otro pedido de Darth\u00e9s para postergar el juicio","datePublished":"2022-06-06T09:13:47+00:00","mainEntityOfPage":{"@id":"https:\/\/cvinoticias.com\/v3\/la-justicia-de-brasil-resolvera-si-va-a-aceptar-otro-pedido-de-darthes-para-postergar-el-juicio\/"},"wordCount":717,"commentCount":0,"publisher":{"@id":"https:\/\/cvinoticias.com\/v3\/#organization"},"image":{"@id":"https:\/\/cvinoticias.com\/v3\/la-justicia-de-brasil-resolvera-si-va-a-aceptar-otro-pedido-de-darthes-para-postergar-el-juicio\/#primaryimage"},"thumbnailUrl":"https:\/\/cvinoticias.com\/wp-content\/uploads\/2022\/06\/0000080029.jpg","articleSection":["Justicia"],"inLanguage":"es","potentialAction":[{"@type":"CommentAction","name":"Comment","target":["https:\/\/cvinoticias.com\/v3\/la-justicia-de-brasil-resolvera-si-va-a-aceptar-otro-pedido-de-darthes-para-postergar-el-juicio\/#respond"]}]},{"@type":"WebPage","@id":"https:\/\/cvinoticias.com\/v3\/la-justicia-de-brasil-resolvera-si-va-a-aceptar-otro-pedido-de-darthes-para-postergar-el-juicio\/","url":"https:\/\/cvinoticias.com\/v3\/la-justicia-de-brasil-resolvera-si-va-a-aceptar-otro-pedido-de-darthes-para-postergar-el-juicio\/","name":"La justicia de Brasil resolver\u00e1 si va a aceptar otro pedido de Darth\u00e9s para postergar el juicio | CVI NOTICIAS","isPartOf":{"@id":"https:\/\/cvinoticias.com\/v3\/#website"},"primaryImageOfPage":{"@id":"https:\/\/cvinoticias.com\/v3\/la-justicia-de-brasil-resolvera-si-va-a-aceptar-otro-pedido-de-darthes-para-postergar-el-juicio\/#primaryimage"},"image":{"@id":"https:\/\/cvinoticias.com\/v3\/la-justicia-de-brasil-resolvera-si-va-a-aceptar-otro-pedido-de-darthes-para-postergar-el-juicio\/#primaryimage"},"thumbnailUrl":"https:\/\/cvinoticias.com\/wp-content\/uploads\/2022\/06\/0000080029.jpg","datePublished":"2022-06-06T09:13:47+00:00","breadcrumb":{"@id":"https:\/\/cvinoticias.com\/v3\/la-justicia-de-brasil-resolvera-si-va-a-aceptar-otro-pedido-de-darthes-para-postergar-el-juicio\/#breadcrumb"},"inLanguage":"es","potentialAction":[{"@type":"ReadAction","target":["https:\/\/cvinoticias.com\/v3\/la-justicia-de-brasil-resolvera-si-va-a-aceptar-otro-pedido-de-darthes-para-postergar-el-juicio\/"]}]},{"@type":"ImageObject","inLanguage":"es","@id":"https:\/\/cvinoticias.com\/v3\/la-justicia-de-brasil-resolvera-si-va-a-aceptar-otro-pedido-de-darthes-para-postergar-el-juicio\/#primaryimage","url":"https:\/\/cvinoticias.com\/wp-content\/uploads\/2022\/06\/0000080029.jpg","contentUrl":"https:\/\/cvinoticias.com\/wp-content\/uploads\/2022\/06\/0000080029.jpg","width":900,"height":506},{"@type":"BreadcrumbList","@id":"https:\/\/cvinoticias.com\/v3\/la-justicia-de-brasil-resolvera-si-va-a-aceptar-otro-pedido-de-darthes-para-postergar-el-juicio\/#breadcrumb","itemListElement":[{"@type":"ListItem","position":1,"name":"Portada","item":"https:\/\/cvinoticias.com\/v3\/"},{"@type":"ListItem","position":2,"name":"La justicia de Brasil resolver\u00e1 si va a aceptar otro pedido de Darth\u00e9s para postergar el juicio"}]},{"@type":"WebSite","@id":"https:\/\/cvinoticias.com\/v3\/#website","url":"https:\/\/cvinoticias.com\/v3\/","name":"CVI NOTICIAS","description":"","publisher":{"@id":"https:\/\/cvinoticias.com\/v3\/#organization"},"alternateName":"CVI","potentialAction":[{"@type":"SearchAction","target":{"@type":"EntryPoint","urlTemplate":"https:\/\/cvinoticias.com\/v3\/?s={search_term_string}"},"query-input":{"@type":"PropertyValueSpecification","valueRequired":true,"valueName":"search_term_string"}}],"inLanguage":"es"},{"@type":"Organization","@id":"https:\/\/cvinoticias.com\/v3\/#organization","name":"CVI NOTICIAS","url":"https:\/\/cvinoticias.com\/v3\/","logo":{"@type":"ImageObject","inLanguage":"es","@id":"https:\/\/cvinoticias.com\/v3\/#\/schema\/logo\/image\/","url":"https:\/\/cvinoticias.com\/wp-content\/uploads\/2023\/04\/cropped-cropped-cropped-cropped-cropped-3-1.png","contentUrl":"https:\/\/cvinoticias.com\/wp-content\/uploads\/2023\/04\/cropped-cropped-cropped-cropped-cropped-3-1.png","width":95,"height":122,"caption":"CVI NOTICIAS"},"image":{"@id":"https:\/\/cvinoticias.com\/v3\/#\/schema\/logo\/image\/"},"sameAs":["https:\/\/www.facebook.com\/cvinoticias","https:\/\/www.instagram.com\/cvinoticias\/","https:\/\/www.youtube.com\/@CVINOTICIAS"]},{"@type":"Person","@id":"https:\/\/cvinoticias.com\/v3\/#\/schema\/person\/2db77e3c6bc03c538495d7b2b8be9b66","name":"f1000024","image":{"@type":"ImageObject","inLanguage":"es","@id":"https:\/\/secure.gravatar.com\/avatar\/d4fe7459cfc51ff5129ce1a732bbef5928568b8092d412ef95611616376bbeed?s=96&d=mm&r=g","url":"https:\/\/secure.gravatar.com\/avatar\/d4fe7459cfc51ff5129ce1a732bbef5928568b8092d412ef95611616376bbeed?s=96&d=mm&r=g","contentUrl":"https:\/\/secure.gravatar.com\/avatar\/d4fe7459cfc51ff5129ce1a732bbef5928568b8092d412ef95611616376bbeed?s=96&d=mm&r=g","caption":"f1000024"},"url":"https:\/\/cvinoticias.com\/v3\/author\/f1000024\/"}]}},"_links":{"self":[{"href":"https:\/\/cvinoticias.com\/v3\/wp-json\/wp\/v2\/posts\/16438","targetHints":{"allow":["GET"]}}],"collection":[{"href":"https:\/\/cvinoticias.com\/v3\/wp-json\/wp\/v2\/posts"}],"about":[{"href":"https:\/\/cvinoticias.com\/v3\/wp-json\/wp\/v2\/types\/post"}],"author":[{"embeddable":true,"href":"https:\/\/cvinoticias.com\/v3\/wp-json\/wp\/v2\/users\/2"}],"replies":[{"embeddable":true,"href":"https:\/\/cvinoticias.com\/v3\/wp-json\/wp\/v2\/comments?post=16438"}],"version-history":[{"count":1,"href":"https:\/\/cvinoticias.com\/v3\/wp-json\/wp\/v2\/posts\/16438\/revisions"}],"predecessor-version":[{"id":16440,"href":"https:\/\/cvinoticias.com\/v3\/wp-json\/wp\/v2\/posts\/16438\/revisions\/16440"}],"wp:featuredmedia":[{"embeddable":true,"href":"https:\/\/cvinoticias.com\/v3\/wp-json\/wp\/v2\/media\/16439"}],"wp:attachment":[{"href":"https:\/\/cvinoticias.com\/v3\/wp-json\/wp\/v2\/media?parent=16438"}],"wp:term":[{"taxonomy":"category","embeddable":true,"href":"https:\/\/cvinoticias.com\/v3\/wp-json\/wp\/v2\/categories?post=16438"},{"taxonomy":"post_tag","embeddable":true,"href":"https:\/\/cvinoticias.com\/v3\/wp-json\/wp\/v2\/tags?post=16438"}],"curies":[{"name":"wp","href":"https:\/\/api.w.org\/{rel}","templated":true}]}}