{"id":16408,"date":"2022-06-05T03:52:04","date_gmt":"2022-06-05T03:52:04","guid":{"rendered":"https:\/\/cvinoticias.com\/v3\/?p=16408"},"modified":"2022-06-05T03:52:04","modified_gmt":"2022-06-05T03:52:04","slug":"agustin-rossi-sera-el-nuevo-titular-de-la-afi","status":"publish","type":"post","link":"https:\/\/cvinoticias.com\/v3\/agustin-rossi-sera-el-nuevo-titular-de-la-afi\/","title":{"rendered":"Agust\u00edn Rossi ser\u00e1 el nuevo titular de la AFI"},"content":{"rendered":"\n<p><strong><em>El ex ministro de Defensa liderar\u00e1 la Agencia de Inteligencia, tras la finalizaci\u00f3n de la intervenci\u00f3n de Caama\u00f1o, seg\u00fan anunci\u00f3 hoy el Presidente.<\/em><\/strong><\/p>\n\n\n\n<p>El pr\u00f3ximo lunes concluir\u00e1 la intervenci\u00f3n de la Agencia Federal de Inteligencia a cargo de Cristina Caama\u00f1o y, este s\u00e1bado, el presidente Alberto Fern\u00e1ndez anunci\u00f3 al nuevo titular del organismo: ser\u00e1 Agust\u00edn Rossi, ex ministro de Defensa.<\/p>\n\n\n\n<p>En este sentido, el primer mandatario inform\u00f3 que \u201cconcluida la intervenci\u00f3n, la AFI volver\u00e1 a funcionar regularmente. Agust\u00edn Rossi estar\u00e1 a cargo del organismo y requeriremos el acuerdo del Senado de la Naci\u00f3n. De ese modo volver\u00e1 a sumarse al gobierno nacional aportando toda su experiencia y honestidad\u201d.<\/p>\n\n\n\n<p>En respuesta a ello, el flamante funcionario agradeci\u00f3 al Presidente por \u201cla confianza depositada en m\u00ed para desempe\u00f1ar esta responsabilidad, tarea que realizar\u00e9 con el compromiso y la dedicaci\u00f3n de siempre\u201d.<\/p>\n\n\n\n<p>Por \u00faltimo, Alberto Fern\u00e1ndez destac\u00f3 la labor de Cristina Cama\u00f1o, quien \u201cllev\u00f3 adelante el organismo con notable esfuerzo y honestidad. Con ella pusimos fin a los \u2018s\u00f3tanos de la democracia\u2019. Mi eterna gratitud por su trabajo y su compromiso\u201d.<\/p>\n\n\n\n<p>Recordemos que desde la actual AFI se encontraron varias pruebas y, en consecuencia, se aceleraron denuncias por el espionaje ilegal ejercido durante el gobierno de Mauricio Macri, causas que tramitan a\u00fan en la Justicia.<\/p>\n\n\n\n<p><strong>La carta de Cristina Caama\u00f1o dirigida a Alberto Fern\u00e1ndez:<\/strong><\/p>\n\n\n\n<figure class=\"wp-block-image size-large\"><a href=\"https:\/\/cvinoticias.com\/wp-content\/uploads\/2022\/06\/0000100735.jpg\"><img decoding=\"async\" width=\"728\" height=\"1024\" data-src=\"https:\/\/cvinoticias.com\/wp-content\/uploads\/2022\/06\/0000100735-728x1024.jpg\" alt=\"\" class=\"wp-image-16409 lazyload\" data-srcset=\"https:\/\/cvinoticias.com\/wp-content\/uploads\/2022\/06\/0000100735-728x1024.jpg 728w, https:\/\/cvinoticias.com\/wp-content\/uploads\/2022\/06\/0000100735-213x300.jpg 213w, https:\/\/cvinoticias.com\/wp-content\/uploads\/2022\/06\/0000100735-768x1080.jpg 768w, https:\/\/cvinoticias.com\/wp-content\/uploads\/2022\/06\/0000100735-1092x1536.jpg 1092w, https:\/\/cvinoticias.com\/wp-content\/uploads\/2022\/06\/0000100735.jpg 1138w\" data-sizes=\"(max-width: 728px) 100vw, 728px\" src=\"data:image\/svg+xml;base64,PHN2ZyB3aWR0aD0iMSIgaGVpZ2h0PSIxIiB4bWxucz0iaHR0cDovL3d3dy53My5vcmcvMjAwMC9zdmciPjwvc3ZnPg==\" style=\"--smush-placeholder-width: 728px; --smush-placeholder-aspect-ratio: 728\/1024;\" \/><\/a><\/figure>\n","protected":false},"excerpt":{"rendered":"<p>El ex ministro de Defensa liderar\u00e1 la Agencia de Inteligencia, tras la finalizaci\u00f3n de la intervenci\u00f3n de Caama\u00f1o, seg\u00fan anunci\u00f3 hoy el Presidente. El pr\u00f3ximo lunes concluir\u00e1 la intervenci\u00f3n de la Agencia Federal de Inteligencia a cargo de Cristina Caama\u00f1o y, este s\u00e1bado, el presidente Alberto Fern\u00e1ndez anunci\u00f3 al nuevo titular del organismo: ser\u00e1 Agust\u00edn [&hellip;]<\/p>\n","protected":false},"author":2,"featured_media":16410,"comment_status":"open","ping_status":"open","sticky":false,"template":"","format":"standard","meta":{"footnotes":""},"categories":[39],"tags":[],"class_list":["post-16408","post","type-post","status-publish","format-standard","has-post-thumbnail","hentry","category-nacionales"],"yoast_head":"<!-- This site is optimized with the Yoast SEO plugin v27.5 - https:\/\/yoast.com\/product\/yoast-seo-wordpress\/ -->\n<title>Agust\u00edn Rossi ser\u00e1 el nuevo titular de la AFI | CVI NOTICIAS<\/title>\n<meta name=\"robots\" content=\"index, follow, max-snippet:-1, max-image-preview:large, max-video-preview:-1\" \/>\n<link rel=\"canonical\" href=\"https:\/\/cvinoticias.com\/v3\/agustin-rossi-sera-el-nuevo-titular-de-la-afi\/\" \/>\n<meta property=\"og:locale\" content=\"es_ES\" \/>\n<meta property=\"og:type\" content=\"article\" \/>\n<meta property=\"og:title\" content=\"Agust\u00edn Rossi ser\u00e1 el nuevo titular de la AFI | CVI NOTICIAS\" \/>\n<meta property=\"og:description\" content=\"El ex ministro de Defensa liderar\u00e1 la Agencia de Inteligencia, tras la finalizaci\u00f3n de la intervenci\u00f3n de Caama\u00f1o, seg\u00fan anunci\u00f3 hoy el Presidente. El pr\u00f3ximo lunes concluir\u00e1 la intervenci\u00f3n de la Agencia Federal de Inteligencia a cargo de Cristina Caama\u00f1o y, este s\u00e1bado, el presidente Alberto Fern\u00e1ndez anunci\u00f3 al nuevo titular del organismo: ser\u00e1 Agust\u00edn [&hellip;]\" \/>\n<meta property=\"og:url\" content=\"https:\/\/cvinoticias.com\/v3\/agustin-rossi-sera-el-nuevo-titular-de-la-afi\/\" \/>\n<meta property=\"og:site_name\" content=\"CVI NOTICIAS\" \/>\n<meta property=\"article:publisher\" content=\"https:\/\/www.facebook.com\/cvinoticias\" \/>\n<meta property=\"article:published_time\" content=\"2022-06-05T03:52:04+00:00\" \/>\n<meta property=\"og:image\" content=\"https:\/\/cvinoticias.com\/wp-content\/uploads\/2022\/06\/0000100732.jpg\" \/>\n\t<meta property=\"og:image:width\" content=\"1024\" \/>\n\t<meta property=\"og:image:height\" content=\"683\" \/>\n\t<meta property=\"og:image:type\" content=\"image\/jpeg\" \/>\n<meta name=\"author\" content=\"f1000024\" \/>\n<meta name=\"twitter:card\" content=\"summary_large_image\" \/>\n<meta name=\"twitter:label1\" content=\"Escrito por\" \/>\n\t<meta name=\"twitter:data1\" content=\"f1000024\" \/>\n\t<meta name=\"twitter:label2\" content=\"Tiempo de lectura\" \/>\n\t<meta name=\"twitter:data2\" content=\"1 minuto\" \/>\n<script type=\"application\/ld+json\" class=\"yoast-schema-graph\">{\"@context\":\"https:\\\/\\\/schema.org\",\"@graph\":[{\"@type\":\"Article\",\"@id\":\"https:\\\/\\\/cvinoticias.com\\\/v3\\\/agustin-rossi-sera-el-nuevo-titular-de-la-afi\\\/#article\",\"isPartOf\":{\"@id\":\"https:\\\/\\\/cvinoticias.com\\\/v3\\\/agustin-rossi-sera-el-nuevo-titular-de-la-afi\\\/\"},\"author\":{\"name\":\"f1000024\",\"@id\":\"https:\\\/\\\/cvinoticias.com\\\/v3\\\/#\\\/schema\\\/person\\\/2db77e3c6bc03c538495d7b2b8be9b66\"},\"headline\":\"Agust\u00edn Rossi ser\u00e1 el nuevo titular de la AFI\",\"datePublished\":\"2022-06-05T03:52:04+00:00\",\"mainEntityOfPage\":{\"@id\":\"https:\\\/\\\/cvinoticias.com\\\/v3\\\/agustin-rossi-sera-el-nuevo-titular-de-la-afi\\\/\"},\"wordCount\":252,\"commentCount\":0,\"publisher\":{\"@id\":\"https:\\\/\\\/cvinoticias.com\\\/v3\\\/#organization\"},\"image\":{\"@id\":\"https:\\\/\\\/cvinoticias.com\\\/v3\\\/agustin-rossi-sera-el-nuevo-titular-de-la-afi\\\/#primaryimage\"},\"thumbnailUrl\":\"https:\\\/\\\/cvinoticias.com\\\/wp-content\\\/uploads\\\/2022\\\/06\\\/0000100732.jpg\",\"articleSection\":[\"Nacionales\"],\"inLanguage\":\"es\",\"potentialAction\":[{\"@type\":\"CommentAction\",\"name\":\"Comment\",\"target\":[\"https:\\\/\\\/cvinoticias.com\\\/v3\\\/agustin-rossi-sera-el-nuevo-titular-de-la-afi\\\/#respond\"]}]},{\"@type\":\"WebPage\",\"@id\":\"https:\\\/\\\/cvinoticias.com\\\/v3\\\/agustin-rossi-sera-el-nuevo-titular-de-la-afi\\\/\",\"url\":\"https:\\\/\\\/cvinoticias.com\\\/v3\\\/agustin-rossi-sera-el-nuevo-titular-de-la-afi\\\/\",\"name\":\"Agust\u00edn Rossi ser\u00e1 el nuevo titular de la AFI | CVI NOTICIAS\",\"isPartOf\":{\"@id\":\"https:\\\/\\\/cvinoticias.com\\\/v3\\\/#website\"},\"primaryImageOfPage\":{\"@id\":\"https:\\\/\\\/cvinoticias.com\\\/v3\\\/agustin-rossi-sera-el-nuevo-titular-de-la-afi\\\/#primaryimage\"},\"image\":{\"@id\":\"https:\\\/\\\/cvinoticias.com\\\/v3\\\/agustin-rossi-sera-el-nuevo-titular-de-la-afi\\\/#primaryimage\"},\"thumbnailUrl\":\"https:\\\/\\\/cvinoticias.com\\\/wp-content\\\/uploads\\\/2022\\\/06\\\/0000100732.jpg\",\"datePublished\":\"2022-06-05T03:52:04+00:00\",\"breadcrumb\":{\"@id\":\"https:\\\/\\\/cvinoticias.com\\\/v3\\\/agustin-rossi-sera-el-nuevo-titular-de-la-afi\\\/#breadcrumb\"},\"inLanguage\":\"es\",\"potentialAction\":[{\"@type\":\"ReadAction\",\"target\":[\"https:\\\/\\\/cvinoticias.com\\\/v3\\\/agustin-rossi-sera-el-nuevo-titular-de-la-afi\\\/\"]}]},{\"@type\":\"ImageObject\",\"inLanguage\":\"es\",\"@id\":\"https:\\\/\\\/cvinoticias.com\\\/v3\\\/agustin-rossi-sera-el-nuevo-titular-de-la-afi\\\/#primaryimage\",\"url\":\"https:\\\/\\\/cvinoticias.com\\\/wp-content\\\/uploads\\\/2022\\\/06\\\/0000100732.jpg\",\"contentUrl\":\"https:\\\/\\\/cvinoticias.com\\\/wp-content\\\/uploads\\\/2022\\\/06\\\/0000100732.jpg\",\"width\":1024,\"height\":683},{\"@type\":\"BreadcrumbList\",\"@id\":\"https:\\\/\\\/cvinoticias.com\\\/v3\\\/agustin-rossi-sera-el-nuevo-titular-de-la-afi\\\/#breadcrumb\",\"itemListElement\":[{\"@type\":\"ListItem\",\"position\":1,\"name\":\"Portada\",\"item\":\"https:\\\/\\\/cvinoticias.com\\\/v3\\\/\"},{\"@type\":\"ListItem\",\"position\":2,\"name\":\"Agust\u00edn Rossi ser\u00e1 el nuevo titular de la AFI\"}]},{\"@type\":\"WebSite\",\"@id\":\"https:\\\/\\\/cvinoticias.com\\\/v3\\\/#website\",\"url\":\"https:\\\/\\\/cvinoticias.com\\\/v3\\\/\",\"name\":\"CVI NOTICIAS\",\"description\":\"\",\"publisher\":{\"@id\":\"https:\\\/\\\/cvinoticias.com\\\/v3\\\/#organization\"},\"alternateName\":\"CVI\",\"potentialAction\":[{\"@type\":\"SearchAction\",\"target\":{\"@type\":\"EntryPoint\",\"urlTemplate\":\"https:\\\/\\\/cvinoticias.com\\\/v3\\\/?s={search_term_string}\"},\"query-input\":{\"@type\":\"PropertyValueSpecification\",\"valueRequired\":true,\"valueName\":\"search_term_string\"}}],\"inLanguage\":\"es\"},{\"@type\":\"Organization\",\"@id\":\"https:\\\/\\\/cvinoticias.com\\\/v3\\\/#organization\",\"name\":\"CVI NOTICIAS\",\"url\":\"https:\\\/\\\/cvinoticias.com\\\/v3\\\/\",\"logo\":{\"@type\":\"ImageObject\",\"inLanguage\":\"es\",\"@id\":\"https:\\\/\\\/cvinoticias.com\\\/v3\\\/#\\\/schema\\\/logo\\\/image\\\/\",\"url\":\"https:\\\/\\\/cvinoticias.com\\\/wp-content\\\/uploads\\\/2023\\\/04\\\/cropped-cropped-cropped-cropped-cropped-3-1.png\",\"contentUrl\":\"https:\\\/\\\/cvinoticias.com\\\/wp-content\\\/uploads\\\/2023\\\/04\\\/cropped-cropped-cropped-cropped-cropped-3-1.png\",\"width\":95,\"height\":122,\"caption\":\"CVI NOTICIAS\"},\"image\":{\"@id\":\"https:\\\/\\\/cvinoticias.com\\\/v3\\\/#\\\/schema\\\/logo\\\/image\\\/\"},\"sameAs\":[\"https:\\\/\\\/www.facebook.com\\\/cvinoticias\",\"https:\\\/\\\/www.instagram.com\\\/cvinoticias\\\/\",\"https:\\\/\\\/www.youtube.com\\\/@CVINOTICIAS\"]},{\"@type\":\"Person\",\"@id\":\"https:\\\/\\\/cvinoticias.com\\\/v3\\\/#\\\/schema\\\/person\\\/2db77e3c6bc03c538495d7b2b8be9b66\",\"name\":\"f1000024\",\"image\":{\"@type\":\"ImageObject\",\"inLanguage\":\"es\",\"@id\":\"https:\\\/\\\/secure.gravatar.com\\\/avatar\\\/d4fe7459cfc51ff5129ce1a732bbef5928568b8092d412ef95611616376bbeed?s=96&d=mm&r=g\",\"url\":\"https:\\\/\\\/secure.gravatar.com\\\/avatar\\\/d4fe7459cfc51ff5129ce1a732bbef5928568b8092d412ef95611616376bbeed?s=96&d=mm&r=g\",\"contentUrl\":\"https:\\\/\\\/secure.gravatar.com\\\/avatar\\\/d4fe7459cfc51ff5129ce1a732bbef5928568b8092d412ef95611616376bbeed?s=96&d=mm&r=g\",\"caption\":\"f1000024\"},\"url\":\"https:\\\/\\\/cvinoticias.com\\\/v3\\\/author\\\/f1000024\\\/\"}]}<\/script>\n<!-- \/ Yoast SEO plugin. -->","yoast_head_json":{"title":"Agust\u00edn Rossi ser\u00e1 el nuevo titular de la AFI | CVI NOTICIAS","robots":{"index":"index","follow":"follow","max-snippet":"max-snippet:-1","max-image-preview":"max-image-preview:large","max-video-preview":"max-video-preview:-1"},"canonical":"https:\/\/cvinoticias.com\/v3\/agustin-rossi-sera-el-nuevo-titular-de-la-afi\/","og_locale":"es_ES","og_type":"article","og_title":"Agust\u00edn Rossi ser\u00e1 el nuevo titular de la AFI | CVI NOTICIAS","og_description":"El ex ministro de Defensa liderar\u00e1 la Agencia de Inteligencia, tras la finalizaci\u00f3n de la intervenci\u00f3n de Caama\u00f1o, seg\u00fan anunci\u00f3 hoy el Presidente. El pr\u00f3ximo lunes concluir\u00e1 la intervenci\u00f3n de la Agencia Federal de Inteligencia a cargo de Cristina Caama\u00f1o y, este s\u00e1bado, el presidente Alberto Fern\u00e1ndez anunci\u00f3 al nuevo titular del organismo: ser\u00e1 Agust\u00edn [&hellip;]","og_url":"https:\/\/cvinoticias.com\/v3\/agustin-rossi-sera-el-nuevo-titular-de-la-afi\/","og_site_name":"CVI NOTICIAS","article_publisher":"https:\/\/www.facebook.com\/cvinoticias","article_published_time":"2022-06-05T03:52:04+00:00","og_image":[{"width":1024,"height":683,"url":"https:\/\/cvinoticias.com\/wp-content\/uploads\/2022\/06\/0000100732.jpg","type":"image\/jpeg"}],"author":"f1000024","twitter_card":"summary_large_image","twitter_misc":{"Escrito por":"f1000024","Tiempo de lectura":"1 minuto"},"schema":{"@context":"https:\/\/schema.org","@graph":[{"@type":"Article","@id":"https:\/\/cvinoticias.com\/v3\/agustin-rossi-sera-el-nuevo-titular-de-la-afi\/#article","isPartOf":{"@id":"https:\/\/cvinoticias.com\/v3\/agustin-rossi-sera-el-nuevo-titular-de-la-afi\/"},"author":{"name":"f1000024","@id":"https:\/\/cvinoticias.com\/v3\/#\/schema\/person\/2db77e3c6bc03c538495d7b2b8be9b66"},"headline":"Agust\u00edn Rossi ser\u00e1 el nuevo titular de la AFI","datePublished":"2022-06-05T03:52:04+00:00","mainEntityOfPage":{"@id":"https:\/\/cvinoticias.com\/v3\/agustin-rossi-sera-el-nuevo-titular-de-la-afi\/"},"wordCount":252,"commentCount":0,"publisher":{"@id":"https:\/\/cvinoticias.com\/v3\/#organization"},"image":{"@id":"https:\/\/cvinoticias.com\/v3\/agustin-rossi-sera-el-nuevo-titular-de-la-afi\/#primaryimage"},"thumbnailUrl":"https:\/\/cvinoticias.com\/wp-content\/uploads\/2022\/06\/0000100732.jpg","articleSection":["Nacionales"],"inLanguage":"es","potentialAction":[{"@type":"CommentAction","name":"Comment","target":["https:\/\/cvinoticias.com\/v3\/agustin-rossi-sera-el-nuevo-titular-de-la-afi\/#respond"]}]},{"@type":"WebPage","@id":"https:\/\/cvinoticias.com\/v3\/agustin-rossi-sera-el-nuevo-titular-de-la-afi\/","url":"https:\/\/cvinoticias.com\/v3\/agustin-rossi-sera-el-nuevo-titular-de-la-afi\/","name":"Agust\u00edn Rossi ser\u00e1 el nuevo titular de la AFI | CVI NOTICIAS","isPartOf":{"@id":"https:\/\/cvinoticias.com\/v3\/#website"},"primaryImageOfPage":{"@id":"https:\/\/cvinoticias.com\/v3\/agustin-rossi-sera-el-nuevo-titular-de-la-afi\/#primaryimage"},"image":{"@id":"https:\/\/cvinoticias.com\/v3\/agustin-rossi-sera-el-nuevo-titular-de-la-afi\/#primaryimage"},"thumbnailUrl":"https:\/\/cvinoticias.com\/wp-content\/uploads\/2022\/06\/0000100732.jpg","datePublished":"2022-06-05T03:52:04+00:00","breadcrumb":{"@id":"https:\/\/cvinoticias.com\/v3\/agustin-rossi-sera-el-nuevo-titular-de-la-afi\/#breadcrumb"},"inLanguage":"es","potentialAction":[{"@type":"ReadAction","target":["https:\/\/cvinoticias.com\/v3\/agustin-rossi-sera-el-nuevo-titular-de-la-afi\/"]}]},{"@type":"ImageObject","inLanguage":"es","@id":"https:\/\/cvinoticias.com\/v3\/agustin-rossi-sera-el-nuevo-titular-de-la-afi\/#primaryimage","url":"https:\/\/cvinoticias.com\/wp-content\/uploads\/2022\/06\/0000100732.jpg","contentUrl":"https:\/\/cvinoticias.com\/wp-content\/uploads\/2022\/06\/0000100732.jpg","width":1024,"height":683},{"@type":"BreadcrumbList","@id":"https:\/\/cvinoticias.com\/v3\/agustin-rossi-sera-el-nuevo-titular-de-la-afi\/#breadcrumb","itemListElement":[{"@type":"ListItem","position":1,"name":"Portada","item":"https:\/\/cvinoticias.com\/v3\/"},{"@type":"ListItem","position":2,"name":"Agust\u00edn Rossi ser\u00e1 el nuevo titular de la AFI"}]},{"@type":"WebSite","@id":"https:\/\/cvinoticias.com\/v3\/#website","url":"https:\/\/cvinoticias.com\/v3\/","name":"CVI NOTICIAS","description":"","publisher":{"@id":"https:\/\/cvinoticias.com\/v3\/#organization"},"alternateName":"CVI","potentialAction":[{"@type":"SearchAction","target":{"@type":"EntryPoint","urlTemplate":"https:\/\/cvinoticias.com\/v3\/?s={search_term_string}"},"query-input":{"@type":"PropertyValueSpecification","valueRequired":true,"valueName":"search_term_string"}}],"inLanguage":"es"},{"@type":"Organization","@id":"https:\/\/cvinoticias.com\/v3\/#organization","name":"CVI NOTICIAS","url":"https:\/\/cvinoticias.com\/v3\/","logo":{"@type":"ImageObject","inLanguage":"es","@id":"https:\/\/cvinoticias.com\/v3\/#\/schema\/logo\/image\/","url":"https:\/\/cvinoticias.com\/wp-content\/uploads\/2023\/04\/cropped-cropped-cropped-cropped-cropped-3-1.png","contentUrl":"https:\/\/cvinoticias.com\/wp-content\/uploads\/2023\/04\/cropped-cropped-cropped-cropped-cropped-3-1.png","width":95,"height":122,"caption":"CVI NOTICIAS"},"image":{"@id":"https:\/\/cvinoticias.com\/v3\/#\/schema\/logo\/image\/"},"sameAs":["https:\/\/www.facebook.com\/cvinoticias","https:\/\/www.instagram.com\/cvinoticias\/","https:\/\/www.youtube.com\/@CVINOTICIAS"]},{"@type":"Person","@id":"https:\/\/cvinoticias.com\/v3\/#\/schema\/person\/2db77e3c6bc03c538495d7b2b8be9b66","name":"f1000024","image":{"@type":"ImageObject","inLanguage":"es","@id":"https:\/\/secure.gravatar.com\/avatar\/d4fe7459cfc51ff5129ce1a732bbef5928568b8092d412ef95611616376bbeed?s=96&d=mm&r=g","url":"https:\/\/secure.gravatar.com\/avatar\/d4fe7459cfc51ff5129ce1a732bbef5928568b8092d412ef95611616376bbeed?s=96&d=mm&r=g","contentUrl":"https:\/\/secure.gravatar.com\/avatar\/d4fe7459cfc51ff5129ce1a732bbef5928568b8092d412ef95611616376bbeed?s=96&d=mm&r=g","caption":"f1000024"},"url":"https:\/\/cvinoticias.com\/v3\/author\/f1000024\/"}]}},"_links":{"self":[{"href":"https:\/\/cvinoticias.com\/v3\/wp-json\/wp\/v2\/posts\/16408","targetHints":{"allow":["GET"]}}],"collection":[{"href":"https:\/\/cvinoticias.com\/v3\/wp-json\/wp\/v2\/posts"}],"about":[{"href":"https:\/\/cvinoticias.com\/v3\/wp-json\/wp\/v2\/types\/post"}],"author":[{"embeddable":true,"href":"https:\/\/cvinoticias.com\/v3\/wp-json\/wp\/v2\/users\/2"}],"replies":[{"embeddable":true,"href":"https:\/\/cvinoticias.com\/v3\/wp-json\/wp\/v2\/comments?post=16408"}],"version-history":[{"count":1,"href":"https:\/\/cvinoticias.com\/v3\/wp-json\/wp\/v2\/posts\/16408\/revisions"}],"predecessor-version":[{"id":16411,"href":"https:\/\/cvinoticias.com\/v3\/wp-json\/wp\/v2\/posts\/16408\/revisions\/16411"}],"wp:featuredmedia":[{"embeddable":true,"href":"https:\/\/cvinoticias.com\/v3\/wp-json\/wp\/v2\/media\/16410"}],"wp:attachment":[{"href":"https:\/\/cvinoticias.com\/v3\/wp-json\/wp\/v2\/media?parent=16408"}],"wp:term":[{"taxonomy":"category","embeddable":true,"href":"https:\/\/cvinoticias.com\/v3\/wp-json\/wp\/v2\/categories?post=16408"},{"taxonomy":"post_tag","embeddable":true,"href":"https:\/\/cvinoticias.com\/v3\/wp-json\/wp\/v2\/tags?post=16408"}],"curies":[{"name":"wp","href":"https:\/\/api.w.org\/{rel}","templated":true}]}}