{"id":16325,"date":"2022-06-01T23:08:30","date_gmt":"2022-06-01T23:08:30","guid":{"rendered":"https:\/\/cvinoticias.com\/v3\/?p=16325"},"modified":"2022-06-01T23:08:30","modified_gmt":"2022-06-01T23:08:30","slug":"confirmaron-la-tercera-edicion-de-previaje-desde-cuando-estara-disponible-y-como-podra-utilizarse","status":"publish","type":"post","link":"https:\/\/cvinoticias.com\/v3\/confirmaron-la-tercera-edicion-de-previaje-desde-cuando-estara-disponible-y-como-podra-utilizarse\/","title":{"rendered":"Confirmaron la tercera edici\u00f3n de PreViaje: desde cu\u00e1ndo estar\u00e1 disponible y c\u00f3mo podr\u00e1 utilizarse"},"content":{"rendered":"\n<p><em><strong>La pol\u00edtica de impulso al turismo buscar\u00e1 apuntalar al sector en la temporada baja.<\/strong><\/em><\/p>\n\n\n\n<p>Con el objetivo de continuar apuntalando la industria tur\u00edstica, el ministro de Turismo y Deportes, Mat\u00edas Lammens, anunci\u00f3 que \u201chabr\u00e1 una nueva edici\u00f3n del programa PreViaje\u201d, aunque adelant\u00f3 que ser\u00e1 \u201cdiferente a las anteriores\u201d con caracter\u00edsticas \u201cm\u00e1s quir\u00fargicas\u201d.<\/p>\n\n\n\n<p>En l\u00edneas generales, el funcionario nacional indic\u00f3 que uno de los principales objetivos ser\u00e1 \u201capuntalar la temporada baja para que las econom\u00edas regionales tengan una facturaci\u00f3n uniforme durante todo el a\u00f1o\u201d.<\/p>\n\n\n\n<p>\u201cEn esta oportunidad, el PreViaje no solo incentivar\u00e1 la demanda, sino que tambi\u00e9n est\u00e1 pensado para seguir fortaleciendo este sector, que es estrat\u00e9gico y muy importante para el pa\u00eds. Tendr\u00e1 una aplicaci\u00f3n m\u00e1s quir\u00fargica, con una parte de desarrollo en infraestructura tur\u00edstica con una inversi\u00f3n p\u00fablica y privada\u201d, detall\u00f3 el ministro.<\/p>\n\n\n\n<p>La tercera edici\u00f3n del programa, como ya se ven\u00eda informando, podr\u00e1 percibirse de la misma manera, a trav\u00e9s de la carga de las facturas para la posterior devoluci\u00f3n del 50% de los gastos, pero podr\u00e1 ser utilizado en los meses de temporada baja\/media, es decir de agosto a los primeros d\u00edas de diciembre.<\/p>\n\n\n\n<p>Cabe se\u00f1alar que las ediciones anteriores de PreViaje estuvieron apuntadas a utilizar los beneficios en temporada alta lo cual les dio un gran impulso a los prestadores tur\u00edsticos.<\/p>\n\n\n\n<p>En este marco, los destinos de la Costa Atl\u00e1ntica fueron de los m\u00e1s elegidos por los visitantes. De hecho, el Partido de La Costa fue el que m\u00e1s turismo recibi\u00f3 y desde donde se viene trabajando para que el sector tur\u00edstico pueda desarrollarse tambi\u00e9n en temporada baja, apuntando a eventos deportivos y de convenciones para recibir visitantes todo el a\u00f1o.<\/p>\n\n\n\n<p><strong><em>LOS N\u00daMEROS DEL PREVIAJE<\/em><\/strong><\/p>\n\n\n\n<p>Con el PreViaje no s\u00f3lo se beneficiaron millones de argentinos con la devoluci\u00f3n del 50% de lo gastado en turismo en forma de un cr\u00e9dito para ser usado en m\u00e1s servicios de la \u201ccadena tur\u00edstica\u201d, sino que los mismos prestadores privados lo celebraron debido a que puso en marcha una industria que hab\u00eda apagado sus motores debido a las restricciones a los viajes que impuso la pandemia.<\/p>\n\n\n\n<p>De acuerdo a los datos del cierre del plan en su segunda edici\u00f3n a nivel nacional, registr\u00f3 un total de 4,5 millones de argentinos beneficiados que viajaron a lo largo y ancho de la Argentina. En este sentido, dentro de la subsecci\u00f3n PreViaje PAMI, que otorga una devoluci\u00f3n del 70% a las personas de tercera edad afiliadas a la obra social estatal, se registraron un total de 400.000 argentinos beneficiados.<\/p>\n\n\n\n<p>Seg\u00fan la informaci\u00f3n oficial, se cargaron comprobantes de compra por un total de 99.000 millones de pesos, casi diez veces m\u00e1s que el total facturado en la primera edici\u00f3n del plan del a\u00f1o 2020. El 51% de las cargas corresponden a consumos en agencias de viajes, el 32% a alojamientos de todo tipo y el 12% a la compra de tickets a\u00e9reos. El gasto promedio por cada factura fue de 48.000 pesos.<\/p>\n","protected":false},"excerpt":{"rendered":"<p>La pol\u00edtica de impulso al turismo buscar\u00e1 apuntalar al sector en la temporada baja. Con el objetivo de continuar apuntalando la industria tur\u00edstica, el ministro de Turismo y Deportes, Mat\u00edas Lammens, anunci\u00f3 que \u201chabr\u00e1 una nueva edici\u00f3n del programa PreViaje\u201d, aunque adelant\u00f3 que ser\u00e1 \u201cdiferente a las anteriores\u201d con caracter\u00edsticas \u201cm\u00e1s quir\u00fargicas\u201d. En l\u00edneas generales, [&hellip;]<\/p>\n","protected":false},"author":2,"featured_media":16326,"comment_status":"open","ping_status":"open","sticky":false,"template":"","format":"standard","meta":{"footnotes":""},"categories":[50],"tags":[],"class_list":["post-16325","post","type-post","status-publish","format-standard","has-post-thumbnail","hentry","category-turismo"],"yoast_head":"<!-- This site is optimized with the Yoast SEO plugin v27.5 - https:\/\/yoast.com\/product\/yoast-seo-wordpress\/ -->\n<title>Confirmaron la tercera edici\u00f3n de PreViaje: desde cu\u00e1ndo estar\u00e1 disponible y c\u00f3mo podr\u00e1 utilizarse | CVI NOTICIAS<\/title>\n<meta name=\"robots\" content=\"index, follow, max-snippet:-1, max-image-preview:large, max-video-preview:-1\" \/>\n<link rel=\"canonical\" href=\"https:\/\/cvinoticias.com\/v3\/confirmaron-la-tercera-edicion-de-previaje-desde-cuando-estara-disponible-y-como-podra-utilizarse\/\" \/>\n<meta property=\"og:locale\" content=\"es_ES\" \/>\n<meta property=\"og:type\" content=\"article\" \/>\n<meta property=\"og:title\" content=\"Confirmaron la tercera edici\u00f3n de PreViaje: desde cu\u00e1ndo estar\u00e1 disponible y c\u00f3mo podr\u00e1 utilizarse | CVI NOTICIAS\" \/>\n<meta property=\"og:description\" content=\"La pol\u00edtica de impulso al turismo buscar\u00e1 apuntalar al sector en la temporada baja. Con el objetivo de continuar apuntalando la industria tur\u00edstica, el ministro de Turismo y Deportes, Mat\u00edas Lammens, anunci\u00f3 que \u201chabr\u00e1 una nueva edici\u00f3n del programa PreViaje\u201d, aunque adelant\u00f3 que ser\u00e1 \u201cdiferente a las anteriores\u201d con caracter\u00edsticas \u201cm\u00e1s quir\u00fargicas\u201d. En l\u00edneas generales, [&hellip;]\" \/>\n<meta property=\"og:url\" content=\"https:\/\/cvinoticias.com\/v3\/confirmaron-la-tercera-edicion-de-previaje-desde-cuando-estara-disponible-y-como-podra-utilizarse\/\" \/>\n<meta property=\"og:site_name\" content=\"CVI NOTICIAS\" \/>\n<meta property=\"article:publisher\" content=\"https:\/\/www.facebook.com\/cvinoticias\" \/>\n<meta property=\"article:published_time\" content=\"2022-06-01T23:08:30+00:00\" \/>\n<meta property=\"og:image\" content=\"https:\/\/cvinoticias.com\/wp-content\/uploads\/2022\/06\/previaje-argentina.png\" \/>\n\t<meta property=\"og:image:width\" content=\"660\" \/>\n\t<meta property=\"og:image:height\" content=\"471\" \/>\n\t<meta property=\"og:image:type\" content=\"image\/png\" \/>\n<meta name=\"author\" content=\"f1000024\" \/>\n<meta name=\"twitter:card\" content=\"summary_large_image\" \/>\n<meta name=\"twitter:label1\" content=\"Escrito por\" \/>\n\t<meta name=\"twitter:data1\" content=\"f1000024\" \/>\n\t<meta name=\"twitter:label2\" content=\"Tiempo de lectura\" \/>\n\t<meta name=\"twitter:data2\" content=\"3 minutos\" \/>\n<script type=\"application\/ld+json\" class=\"yoast-schema-graph\">{\"@context\":\"https:\\\/\\\/schema.org\",\"@graph\":[{\"@type\":\"Article\",\"@id\":\"https:\\\/\\\/cvinoticias.com\\\/v3\\\/confirmaron-la-tercera-edicion-de-previaje-desde-cuando-estara-disponible-y-como-podra-utilizarse\\\/#article\",\"isPartOf\":{\"@id\":\"https:\\\/\\\/cvinoticias.com\\\/v3\\\/confirmaron-la-tercera-edicion-de-previaje-desde-cuando-estara-disponible-y-como-podra-utilizarse\\\/\"},\"author\":{\"name\":\"f1000024\",\"@id\":\"https:\\\/\\\/cvinoticias.com\\\/v3\\\/#\\\/schema\\\/person\\\/2db77e3c6bc03c538495d7b2b8be9b66\"},\"headline\":\"Confirmaron la tercera edici\u00f3n de PreViaje: desde cu\u00e1ndo estar\u00e1 disponible y c\u00f3mo podr\u00e1 utilizarse\",\"datePublished\":\"2022-06-01T23:08:30+00:00\",\"mainEntityOfPage\":{\"@id\":\"https:\\\/\\\/cvinoticias.com\\\/v3\\\/confirmaron-la-tercera-edicion-de-previaje-desde-cuando-estara-disponible-y-como-podra-utilizarse\\\/\"},\"wordCount\":544,\"commentCount\":0,\"publisher\":{\"@id\":\"https:\\\/\\\/cvinoticias.com\\\/v3\\\/#organization\"},\"image\":{\"@id\":\"https:\\\/\\\/cvinoticias.com\\\/v3\\\/confirmaron-la-tercera-edicion-de-previaje-desde-cuando-estara-disponible-y-como-podra-utilizarse\\\/#primaryimage\"},\"thumbnailUrl\":\"https:\\\/\\\/cvinoticias.com\\\/wp-content\\\/uploads\\\/2022\\\/06\\\/previaje-argentina.png\",\"articleSection\":[\"Turismo\"],\"inLanguage\":\"es\",\"potentialAction\":[{\"@type\":\"CommentAction\",\"name\":\"Comment\",\"target\":[\"https:\\\/\\\/cvinoticias.com\\\/v3\\\/confirmaron-la-tercera-edicion-de-previaje-desde-cuando-estara-disponible-y-como-podra-utilizarse\\\/#respond\"]}]},{\"@type\":\"WebPage\",\"@id\":\"https:\\\/\\\/cvinoticias.com\\\/v3\\\/confirmaron-la-tercera-edicion-de-previaje-desde-cuando-estara-disponible-y-como-podra-utilizarse\\\/\",\"url\":\"https:\\\/\\\/cvinoticias.com\\\/v3\\\/confirmaron-la-tercera-edicion-de-previaje-desde-cuando-estara-disponible-y-como-podra-utilizarse\\\/\",\"name\":\"Confirmaron la tercera edici\u00f3n de PreViaje: desde cu\u00e1ndo estar\u00e1 disponible y c\u00f3mo podr\u00e1 utilizarse | CVI NOTICIAS\",\"isPartOf\":{\"@id\":\"https:\\\/\\\/cvinoticias.com\\\/v3\\\/#website\"},\"primaryImageOfPage\":{\"@id\":\"https:\\\/\\\/cvinoticias.com\\\/v3\\\/confirmaron-la-tercera-edicion-de-previaje-desde-cuando-estara-disponible-y-como-podra-utilizarse\\\/#primaryimage\"},\"image\":{\"@id\":\"https:\\\/\\\/cvinoticias.com\\\/v3\\\/confirmaron-la-tercera-edicion-de-previaje-desde-cuando-estara-disponible-y-como-podra-utilizarse\\\/#primaryimage\"},\"thumbnailUrl\":\"https:\\\/\\\/cvinoticias.com\\\/wp-content\\\/uploads\\\/2022\\\/06\\\/previaje-argentina.png\",\"datePublished\":\"2022-06-01T23:08:30+00:00\",\"breadcrumb\":{\"@id\":\"https:\\\/\\\/cvinoticias.com\\\/v3\\\/confirmaron-la-tercera-edicion-de-previaje-desde-cuando-estara-disponible-y-como-podra-utilizarse\\\/#breadcrumb\"},\"inLanguage\":\"es\",\"potentialAction\":[{\"@type\":\"ReadAction\",\"target\":[\"https:\\\/\\\/cvinoticias.com\\\/v3\\\/confirmaron-la-tercera-edicion-de-previaje-desde-cuando-estara-disponible-y-como-podra-utilizarse\\\/\"]}]},{\"@type\":\"ImageObject\",\"inLanguage\":\"es\",\"@id\":\"https:\\\/\\\/cvinoticias.com\\\/v3\\\/confirmaron-la-tercera-edicion-de-previaje-desde-cuando-estara-disponible-y-como-podra-utilizarse\\\/#primaryimage\",\"url\":\"https:\\\/\\\/cvinoticias.com\\\/wp-content\\\/uploads\\\/2022\\\/06\\\/previaje-argentina.png\",\"contentUrl\":\"https:\\\/\\\/cvinoticias.com\\\/wp-content\\\/uploads\\\/2022\\\/06\\\/previaje-argentina.png\",\"width\":660,\"height\":471},{\"@type\":\"BreadcrumbList\",\"@id\":\"https:\\\/\\\/cvinoticias.com\\\/v3\\\/confirmaron-la-tercera-edicion-de-previaje-desde-cuando-estara-disponible-y-como-podra-utilizarse\\\/#breadcrumb\",\"itemListElement\":[{\"@type\":\"ListItem\",\"position\":1,\"name\":\"Portada\",\"item\":\"https:\\\/\\\/cvinoticias.com\\\/v3\\\/\"},{\"@type\":\"ListItem\",\"position\":2,\"name\":\"Confirmaron la tercera edici\u00f3n de PreViaje: desde cu\u00e1ndo estar\u00e1 disponible y c\u00f3mo podr\u00e1 utilizarse\"}]},{\"@type\":\"WebSite\",\"@id\":\"https:\\\/\\\/cvinoticias.com\\\/v3\\\/#website\",\"url\":\"https:\\\/\\\/cvinoticias.com\\\/v3\\\/\",\"name\":\"CVI NOTICIAS\",\"description\":\"\",\"publisher\":{\"@id\":\"https:\\\/\\\/cvinoticias.com\\\/v3\\\/#organization\"},\"alternateName\":\"CVI\",\"potentialAction\":[{\"@type\":\"SearchAction\",\"target\":{\"@type\":\"EntryPoint\",\"urlTemplate\":\"https:\\\/\\\/cvinoticias.com\\\/v3\\\/?s={search_term_string}\"},\"query-input\":{\"@type\":\"PropertyValueSpecification\",\"valueRequired\":true,\"valueName\":\"search_term_string\"}}],\"inLanguage\":\"es\"},{\"@type\":\"Organization\",\"@id\":\"https:\\\/\\\/cvinoticias.com\\\/v3\\\/#organization\",\"name\":\"CVI NOTICIAS\",\"url\":\"https:\\\/\\\/cvinoticias.com\\\/v3\\\/\",\"logo\":{\"@type\":\"ImageObject\",\"inLanguage\":\"es\",\"@id\":\"https:\\\/\\\/cvinoticias.com\\\/v3\\\/#\\\/schema\\\/logo\\\/image\\\/\",\"url\":\"https:\\\/\\\/cvinoticias.com\\\/wp-content\\\/uploads\\\/2023\\\/04\\\/cropped-cropped-cropped-cropped-cropped-3-1.png\",\"contentUrl\":\"https:\\\/\\\/cvinoticias.com\\\/wp-content\\\/uploads\\\/2023\\\/04\\\/cropped-cropped-cropped-cropped-cropped-3-1.png\",\"width\":95,\"height\":122,\"caption\":\"CVI NOTICIAS\"},\"image\":{\"@id\":\"https:\\\/\\\/cvinoticias.com\\\/v3\\\/#\\\/schema\\\/logo\\\/image\\\/\"},\"sameAs\":[\"https:\\\/\\\/www.facebook.com\\\/cvinoticias\",\"https:\\\/\\\/www.instagram.com\\\/cvinoticias\\\/\",\"https:\\\/\\\/www.youtube.com\\\/@CVINOTICIAS\"]},{\"@type\":\"Person\",\"@id\":\"https:\\\/\\\/cvinoticias.com\\\/v3\\\/#\\\/schema\\\/person\\\/2db77e3c6bc03c538495d7b2b8be9b66\",\"name\":\"f1000024\",\"image\":{\"@type\":\"ImageObject\",\"inLanguage\":\"es\",\"@id\":\"https:\\\/\\\/secure.gravatar.com\\\/avatar\\\/d4fe7459cfc51ff5129ce1a732bbef5928568b8092d412ef95611616376bbeed?s=96&d=mm&r=g\",\"url\":\"https:\\\/\\\/secure.gravatar.com\\\/avatar\\\/d4fe7459cfc51ff5129ce1a732bbef5928568b8092d412ef95611616376bbeed?s=96&d=mm&r=g\",\"contentUrl\":\"https:\\\/\\\/secure.gravatar.com\\\/avatar\\\/d4fe7459cfc51ff5129ce1a732bbef5928568b8092d412ef95611616376bbeed?s=96&d=mm&r=g\",\"caption\":\"f1000024\"},\"url\":\"https:\\\/\\\/cvinoticias.com\\\/v3\\\/author\\\/f1000024\\\/\"}]}<\/script>\n<!-- \/ Yoast SEO plugin. -->","yoast_head_json":{"title":"Confirmaron la tercera edici\u00f3n de PreViaje: desde cu\u00e1ndo estar\u00e1 disponible y c\u00f3mo podr\u00e1 utilizarse | CVI NOTICIAS","robots":{"index":"index","follow":"follow","max-snippet":"max-snippet:-1","max-image-preview":"max-image-preview:large","max-video-preview":"max-video-preview:-1"},"canonical":"https:\/\/cvinoticias.com\/v3\/confirmaron-la-tercera-edicion-de-previaje-desde-cuando-estara-disponible-y-como-podra-utilizarse\/","og_locale":"es_ES","og_type":"article","og_title":"Confirmaron la tercera edici\u00f3n de PreViaje: desde cu\u00e1ndo estar\u00e1 disponible y c\u00f3mo podr\u00e1 utilizarse | CVI NOTICIAS","og_description":"La pol\u00edtica de impulso al turismo buscar\u00e1 apuntalar al sector en la temporada baja. Con el objetivo de continuar apuntalando la industria tur\u00edstica, el ministro de Turismo y Deportes, Mat\u00edas Lammens, anunci\u00f3 que \u201chabr\u00e1 una nueva edici\u00f3n del programa PreViaje\u201d, aunque adelant\u00f3 que ser\u00e1 \u201cdiferente a las anteriores\u201d con caracter\u00edsticas \u201cm\u00e1s quir\u00fargicas\u201d. En l\u00edneas generales, [&hellip;]","og_url":"https:\/\/cvinoticias.com\/v3\/confirmaron-la-tercera-edicion-de-previaje-desde-cuando-estara-disponible-y-como-podra-utilizarse\/","og_site_name":"CVI NOTICIAS","article_publisher":"https:\/\/www.facebook.com\/cvinoticias","article_published_time":"2022-06-01T23:08:30+00:00","og_image":[{"width":660,"height":471,"url":"https:\/\/cvinoticias.com\/wp-content\/uploads\/2022\/06\/previaje-argentina.png","type":"image\/png"}],"author":"f1000024","twitter_card":"summary_large_image","twitter_misc":{"Escrito por":"f1000024","Tiempo de lectura":"3 minutos"},"schema":{"@context":"https:\/\/schema.org","@graph":[{"@type":"Article","@id":"https:\/\/cvinoticias.com\/v3\/confirmaron-la-tercera-edicion-de-previaje-desde-cuando-estara-disponible-y-como-podra-utilizarse\/#article","isPartOf":{"@id":"https:\/\/cvinoticias.com\/v3\/confirmaron-la-tercera-edicion-de-previaje-desde-cuando-estara-disponible-y-como-podra-utilizarse\/"},"author":{"name":"f1000024","@id":"https:\/\/cvinoticias.com\/v3\/#\/schema\/person\/2db77e3c6bc03c538495d7b2b8be9b66"},"headline":"Confirmaron la tercera edici\u00f3n de PreViaje: desde cu\u00e1ndo estar\u00e1 disponible y c\u00f3mo podr\u00e1 utilizarse","datePublished":"2022-06-01T23:08:30+00:00","mainEntityOfPage":{"@id":"https:\/\/cvinoticias.com\/v3\/confirmaron-la-tercera-edicion-de-previaje-desde-cuando-estara-disponible-y-como-podra-utilizarse\/"},"wordCount":544,"commentCount":0,"publisher":{"@id":"https:\/\/cvinoticias.com\/v3\/#organization"},"image":{"@id":"https:\/\/cvinoticias.com\/v3\/confirmaron-la-tercera-edicion-de-previaje-desde-cuando-estara-disponible-y-como-podra-utilizarse\/#primaryimage"},"thumbnailUrl":"https:\/\/cvinoticias.com\/wp-content\/uploads\/2022\/06\/previaje-argentina.png","articleSection":["Turismo"],"inLanguage":"es","potentialAction":[{"@type":"CommentAction","name":"Comment","target":["https:\/\/cvinoticias.com\/v3\/confirmaron-la-tercera-edicion-de-previaje-desde-cuando-estara-disponible-y-como-podra-utilizarse\/#respond"]}]},{"@type":"WebPage","@id":"https:\/\/cvinoticias.com\/v3\/confirmaron-la-tercera-edicion-de-previaje-desde-cuando-estara-disponible-y-como-podra-utilizarse\/","url":"https:\/\/cvinoticias.com\/v3\/confirmaron-la-tercera-edicion-de-previaje-desde-cuando-estara-disponible-y-como-podra-utilizarse\/","name":"Confirmaron la tercera edici\u00f3n de PreViaje: desde cu\u00e1ndo estar\u00e1 disponible y c\u00f3mo podr\u00e1 utilizarse | CVI NOTICIAS","isPartOf":{"@id":"https:\/\/cvinoticias.com\/v3\/#website"},"primaryImageOfPage":{"@id":"https:\/\/cvinoticias.com\/v3\/confirmaron-la-tercera-edicion-de-previaje-desde-cuando-estara-disponible-y-como-podra-utilizarse\/#primaryimage"},"image":{"@id":"https:\/\/cvinoticias.com\/v3\/confirmaron-la-tercera-edicion-de-previaje-desde-cuando-estara-disponible-y-como-podra-utilizarse\/#primaryimage"},"thumbnailUrl":"https:\/\/cvinoticias.com\/wp-content\/uploads\/2022\/06\/previaje-argentina.png","datePublished":"2022-06-01T23:08:30+00:00","breadcrumb":{"@id":"https:\/\/cvinoticias.com\/v3\/confirmaron-la-tercera-edicion-de-previaje-desde-cuando-estara-disponible-y-como-podra-utilizarse\/#breadcrumb"},"inLanguage":"es","potentialAction":[{"@type":"ReadAction","target":["https:\/\/cvinoticias.com\/v3\/confirmaron-la-tercera-edicion-de-previaje-desde-cuando-estara-disponible-y-como-podra-utilizarse\/"]}]},{"@type":"ImageObject","inLanguage":"es","@id":"https:\/\/cvinoticias.com\/v3\/confirmaron-la-tercera-edicion-de-previaje-desde-cuando-estara-disponible-y-como-podra-utilizarse\/#primaryimage","url":"https:\/\/cvinoticias.com\/wp-content\/uploads\/2022\/06\/previaje-argentina.png","contentUrl":"https:\/\/cvinoticias.com\/wp-content\/uploads\/2022\/06\/previaje-argentina.png","width":660,"height":471},{"@type":"BreadcrumbList","@id":"https:\/\/cvinoticias.com\/v3\/confirmaron-la-tercera-edicion-de-previaje-desde-cuando-estara-disponible-y-como-podra-utilizarse\/#breadcrumb","itemListElement":[{"@type":"ListItem","position":1,"name":"Portada","item":"https:\/\/cvinoticias.com\/v3\/"},{"@type":"ListItem","position":2,"name":"Confirmaron la tercera edici\u00f3n de PreViaje: desde cu\u00e1ndo estar\u00e1 disponible y c\u00f3mo podr\u00e1 utilizarse"}]},{"@type":"WebSite","@id":"https:\/\/cvinoticias.com\/v3\/#website","url":"https:\/\/cvinoticias.com\/v3\/","name":"CVI NOTICIAS","description":"","publisher":{"@id":"https:\/\/cvinoticias.com\/v3\/#organization"},"alternateName":"CVI","potentialAction":[{"@type":"SearchAction","target":{"@type":"EntryPoint","urlTemplate":"https:\/\/cvinoticias.com\/v3\/?s={search_term_string}"},"query-input":{"@type":"PropertyValueSpecification","valueRequired":true,"valueName":"search_term_string"}}],"inLanguage":"es"},{"@type":"Organization","@id":"https:\/\/cvinoticias.com\/v3\/#organization","name":"CVI NOTICIAS","url":"https:\/\/cvinoticias.com\/v3\/","logo":{"@type":"ImageObject","inLanguage":"es","@id":"https:\/\/cvinoticias.com\/v3\/#\/schema\/logo\/image\/","url":"https:\/\/cvinoticias.com\/wp-content\/uploads\/2023\/04\/cropped-cropped-cropped-cropped-cropped-3-1.png","contentUrl":"https:\/\/cvinoticias.com\/wp-content\/uploads\/2023\/04\/cropped-cropped-cropped-cropped-cropped-3-1.png","width":95,"height":122,"caption":"CVI NOTICIAS"},"image":{"@id":"https:\/\/cvinoticias.com\/v3\/#\/schema\/logo\/image\/"},"sameAs":["https:\/\/www.facebook.com\/cvinoticias","https:\/\/www.instagram.com\/cvinoticias\/","https:\/\/www.youtube.com\/@CVINOTICIAS"]},{"@type":"Person","@id":"https:\/\/cvinoticias.com\/v3\/#\/schema\/person\/2db77e3c6bc03c538495d7b2b8be9b66","name":"f1000024","image":{"@type":"ImageObject","inLanguage":"es","@id":"https:\/\/secure.gravatar.com\/avatar\/d4fe7459cfc51ff5129ce1a732bbef5928568b8092d412ef95611616376bbeed?s=96&d=mm&r=g","url":"https:\/\/secure.gravatar.com\/avatar\/d4fe7459cfc51ff5129ce1a732bbef5928568b8092d412ef95611616376bbeed?s=96&d=mm&r=g","contentUrl":"https:\/\/secure.gravatar.com\/avatar\/d4fe7459cfc51ff5129ce1a732bbef5928568b8092d412ef95611616376bbeed?s=96&d=mm&r=g","caption":"f1000024"},"url":"https:\/\/cvinoticias.com\/v3\/author\/f1000024\/"}]}},"_links":{"self":[{"href":"https:\/\/cvinoticias.com\/v3\/wp-json\/wp\/v2\/posts\/16325","targetHints":{"allow":["GET"]}}],"collection":[{"href":"https:\/\/cvinoticias.com\/v3\/wp-json\/wp\/v2\/posts"}],"about":[{"href":"https:\/\/cvinoticias.com\/v3\/wp-json\/wp\/v2\/types\/post"}],"author":[{"embeddable":true,"href":"https:\/\/cvinoticias.com\/v3\/wp-json\/wp\/v2\/users\/2"}],"replies":[{"embeddable":true,"href":"https:\/\/cvinoticias.com\/v3\/wp-json\/wp\/v2\/comments?post=16325"}],"version-history":[{"count":1,"href":"https:\/\/cvinoticias.com\/v3\/wp-json\/wp\/v2\/posts\/16325\/revisions"}],"predecessor-version":[{"id":16327,"href":"https:\/\/cvinoticias.com\/v3\/wp-json\/wp\/v2\/posts\/16325\/revisions\/16327"}],"wp:featuredmedia":[{"embeddable":true,"href":"https:\/\/cvinoticias.com\/v3\/wp-json\/wp\/v2\/media\/16326"}],"wp:attachment":[{"href":"https:\/\/cvinoticias.com\/v3\/wp-json\/wp\/v2\/media?parent=16325"}],"wp:term":[{"taxonomy":"category","embeddable":true,"href":"https:\/\/cvinoticias.com\/v3\/wp-json\/wp\/v2\/categories?post=16325"},{"taxonomy":"post_tag","embeddable":true,"href":"https:\/\/cvinoticias.com\/v3\/wp-json\/wp\/v2\/tags?post=16325"}],"curies":[{"name":"wp","href":"https:\/\/api.w.org\/{rel}","templated":true}]}}