{"id":16317,"date":"2022-06-01T22:42:32","date_gmt":"2022-06-01T22:42:32","guid":{"rendered":"https:\/\/cvinoticias.com\/v3\/?p=16317"},"modified":"2022-06-01T22:42:32","modified_gmt":"2022-06-01T22:42:32","slug":"inflacion-advierten-que-la-canasta-alimentaria-trepo-45-en-mayo","status":"publish","type":"post","link":"https:\/\/cvinoticias.com\/v3\/inflacion-advierten-que-la-canasta-alimentaria-trepo-45-en-mayo\/","title":{"rendered":"Inflaci\u00f3n: advierten que la canasta alimentaria trep\u00f3 4,5% en mayo"},"content":{"rendered":"\n<p><strong><em>Acumula un alza del 28% en los primeros cinco meses del a\u00f1o, en l\u00ednea con el \u00edndice de inflaci\u00f3n general.<\/em><\/strong><\/p>\n\n\n\n<p>Finaliz\u00f3 mayo, un mes marcado por&nbsp;aumentos&nbsp;de distintos sectores&nbsp;\u201cregulados\u201d, como las&nbsp;prepagas&nbsp;y el&nbsp;combustible. Pero, una vez m\u00e1s, la inflaci\u00f3n general habr\u00eda sido traccionada por los alimentos. Un rubro que, adem\u00e1s, golpea m\u00e1s fuerte a los sectores de&nbsp;menos ingresos&nbsp;e impacta de lleno en los \u00edndices de&nbsp;pobreza&nbsp;e indigencia.<\/p>\n\n\n\n<p>De hecho, de acuerdo al relevamiento que realiza la agrupaci\u00f3n Consumidores Libres, la&nbsp;canasta \u201cb\u00e1sica\u201d de alimentos&nbsp;trep\u00f3&nbsp;4,5% durante mayo, para acumular una suba del&nbsp;28% en los primeros cinco meses del a\u00f1o, en l\u00ednea con el incremento del \u00edndice de inflaci\u00f3n general.<\/p>\n\n\n\n<p>Tal como se desprende del informe, las&nbsp;carnes&nbsp;se incrementaron un&nbsp;4,8%, mientras que los productos de&nbsp;almac\u00e9n&nbsp;subieron&nbsp;<strong>6,8%<\/strong>, encabezados por las alzas en la leche (11,7%) y el aceite (7,1%). Las frutas y las verduras, en tanto, presentaron una variaci\u00f3n de s\u00f3lo el 0,2%.<\/p>\n\n\n\n<p>Por su parte, seg\u00fan el relevamiento que realiza semanalmente la consultora&nbsp;<strong>LCG<\/strong>, mayo arroj\u00f3 una variaci\u00f3n promedio de los alimentos de 0,8% en la cuarta semana, mateni\u00e9ndose constante con respecto a la semana previa.<\/p>\n\n\n\n<p>Adem\u00e1s,&nbsp;el indicador present\u00f3 una suba del 5% en todo el mes, con los aceites trepando un 7,5%; condimentos y otros productos alimenticios, 7,4%; bebidas e infusiones para consumir en el hogar, 6,4% y carnes, 6,4%.<\/p>\n\n\n\n<p>En tanto, para la consultora Focus Market,&nbsp;el rubro alimentos subi\u00f3 4,9%&nbsp;el mes pasado. \u201cEn mayo, la inflaci\u00f3n con un&nbsp;promedio del 5% marca un ritmo muy elevado de aumentos en productos de consumo masivo&nbsp;vinculados al Cuidado Personal e Higiene y Limpieza. Por su parte, en el caso de Alimentos, los mayores aumentos se observaron en&nbsp;Carnes (5,8%) y Bebidas, con aumentos de hasta el 7%.&nbsp;A su vez, la variaci\u00f3n de precios en indumentaria y calzados, prepagas, combustible, expensas y colegios privados imponen un peso importante en su participaci\u00f3n en la inflaci\u00f3n del mes pasado\u00bb, se\u00f1al\u00f3 Dami\u00e1n Di Pace, director de la firma.<\/p>\n\n\n\n<p>Estos incrementos se dieron en un mes que, adem\u00e1s, culmin\u00f3 con la renuncia de&nbsp;Roberto Feletti&nbsp;como Secretario de Comercio Interior. Mediante una carta, el funcionario realiz\u00f3 un balance de su gesti\u00f3n y repas\u00f3 algunos de los programas aplicados con el objetivo de contener la suba de los precios. Entre ellos, mencion\u00f3&nbsp;+Precios Cuidados, Cortes Cuidados, la renovaci\u00f3n del Ahora 12 y la puesta en marcha del Fondo Estabilizador del Trigo Argentina.<\/p>\n\n\n\n<p>En su lugar, el ministerio de Econom\u00eda nombr\u00f3 a&nbsp;Guillermo Hang, quien en los \u00faltimos d\u00edas recibi\u00f3 a representantes de la Federaci\u00f3n Argentina de la Industria Molinera (FAIM) y de la C\u00e1mara Argentina de la Industria Aceitera (CIARA). Adem\u00e1s, empresarios del sector alimenticio solicitaron un encuentro con \u00e9l para abordar el nuevo escenario de los Precios Cuidados tras la salida del propio Feletti.<\/p>\n","protected":false},"excerpt":{"rendered":"<p>Acumula un alza del 28% en los primeros cinco meses del a\u00f1o, en l\u00ednea con el \u00edndice de inflaci\u00f3n general. Finaliz\u00f3 mayo, un mes marcado por&nbsp;aumentos&nbsp;de distintos sectores&nbsp;\u201cregulados\u201d, como las&nbsp;prepagas&nbsp;y el&nbsp;combustible. Pero, una vez m\u00e1s, la inflaci\u00f3n general habr\u00eda sido traccionada por los alimentos. Un rubro que, adem\u00e1s, golpea m\u00e1s fuerte a los sectores de&nbsp;menos [&hellip;]<\/p>\n","protected":false},"author":2,"featured_media":16320,"comment_status":"open","ping_status":"open","sticky":false,"template":"","format":"standard","meta":{"footnotes":""},"categories":[32],"tags":[],"class_list":["post-16317","post","type-post","status-publish","format-standard","has-post-thumbnail","hentry","category-economia"],"yoast_head":"<!-- This site is optimized with the Yoast SEO plugin v27.5 - https:\/\/yoast.com\/product\/yoast-seo-wordpress\/ -->\n<title>Inflaci\u00f3n: advierten que la canasta alimentaria trep\u00f3 4,5% en mayo | CVI NOTICIAS<\/title>\n<meta name=\"robots\" content=\"index, follow, max-snippet:-1, max-image-preview:large, max-video-preview:-1\" \/>\n<link rel=\"canonical\" href=\"https:\/\/cvinoticias.com\/v3\/inflacion-advierten-que-la-canasta-alimentaria-trepo-45-en-mayo\/\" \/>\n<meta property=\"og:locale\" content=\"es_ES\" \/>\n<meta property=\"og:type\" content=\"article\" \/>\n<meta property=\"og:title\" content=\"Inflaci\u00f3n: advierten que la canasta alimentaria trep\u00f3 4,5% en mayo | CVI NOTICIAS\" \/>\n<meta property=\"og:description\" content=\"Acumula un alza del 28% en los primeros cinco meses del a\u00f1o, en l\u00ednea con el \u00edndice de inflaci\u00f3n general. Finaliz\u00f3 mayo, un mes marcado por&nbsp;aumentos&nbsp;de distintos sectores&nbsp;\u201cregulados\u201d, como las&nbsp;prepagas&nbsp;y el&nbsp;combustible. Pero, una vez m\u00e1s, la inflaci\u00f3n general habr\u00eda sido traccionada por los alimentos. Un rubro que, adem\u00e1s, golpea m\u00e1s fuerte a los sectores de&nbsp;menos [&hellip;]\" \/>\n<meta property=\"og:url\" content=\"https:\/\/cvinoticias.com\/v3\/inflacion-advierten-que-la-canasta-alimentaria-trepo-45-en-mayo\/\" \/>\n<meta property=\"og:site_name\" content=\"CVI NOTICIAS\" \/>\n<meta property=\"article:publisher\" content=\"https:\/\/www.facebook.com\/cvinoticias\" \/>\n<meta property=\"article:published_time\" content=\"2022-06-01T22:42:32+00:00\" \/>\n<meta property=\"og:image\" content=\"https:\/\/cvinoticias.com\/wp-content\/uploads\/2022\/06\/la-inflacion-en-la-era-macri-subio-un-200-726081.jpg\" \/>\n\t<meta property=\"og:image:width\" content=\"950\" \/>\n\t<meta property=\"og:image:height\" content=\"534\" \/>\n\t<meta property=\"og:image:type\" content=\"image\/jpeg\" \/>\n<meta name=\"author\" content=\"f1000024\" \/>\n<meta name=\"twitter:card\" content=\"summary_large_image\" \/>\n<meta name=\"twitter:label1\" content=\"Escrito por\" \/>\n\t<meta name=\"twitter:data1\" content=\"f1000024\" \/>\n\t<meta name=\"twitter:label2\" content=\"Tiempo de lectura\" \/>\n\t<meta name=\"twitter:data2\" content=\"3 minutos\" \/>\n<script type=\"application\/ld+json\" class=\"yoast-schema-graph\">{\"@context\":\"https:\\\/\\\/schema.org\",\"@graph\":[{\"@type\":\"Article\",\"@id\":\"https:\\\/\\\/cvinoticias.com\\\/v3\\\/inflacion-advierten-que-la-canasta-alimentaria-trepo-45-en-mayo\\\/#article\",\"isPartOf\":{\"@id\":\"https:\\\/\\\/cvinoticias.com\\\/v3\\\/inflacion-advierten-que-la-canasta-alimentaria-trepo-45-en-mayo\\\/\"},\"author\":{\"name\":\"f1000024\",\"@id\":\"https:\\\/\\\/cvinoticias.com\\\/v3\\\/#\\\/schema\\\/person\\\/2db77e3c6bc03c538495d7b2b8be9b66\"},\"headline\":\"Inflaci\u00f3n: advierten que la canasta alimentaria trep\u00f3 4,5% en mayo\",\"datePublished\":\"2022-06-01T22:42:32+00:00\",\"mainEntityOfPage\":{\"@id\":\"https:\\\/\\\/cvinoticias.com\\\/v3\\\/inflacion-advierten-que-la-canasta-alimentaria-trepo-45-en-mayo\\\/\"},\"wordCount\":532,\"commentCount\":0,\"publisher\":{\"@id\":\"https:\\\/\\\/cvinoticias.com\\\/v3\\\/#organization\"},\"image\":{\"@id\":\"https:\\\/\\\/cvinoticias.com\\\/v3\\\/inflacion-advierten-que-la-canasta-alimentaria-trepo-45-en-mayo\\\/#primaryimage\"},\"thumbnailUrl\":\"https:\\\/\\\/cvinoticias.com\\\/wp-content\\\/uploads\\\/2022\\\/06\\\/la-inflacion-en-la-era-macri-subio-un-200-726081.jpg\",\"articleSection\":[\"Econom\u00eda\"],\"inLanguage\":\"es\",\"potentialAction\":[{\"@type\":\"CommentAction\",\"name\":\"Comment\",\"target\":[\"https:\\\/\\\/cvinoticias.com\\\/v3\\\/inflacion-advierten-que-la-canasta-alimentaria-trepo-45-en-mayo\\\/#respond\"]}]},{\"@type\":\"WebPage\",\"@id\":\"https:\\\/\\\/cvinoticias.com\\\/v3\\\/inflacion-advierten-que-la-canasta-alimentaria-trepo-45-en-mayo\\\/\",\"url\":\"https:\\\/\\\/cvinoticias.com\\\/v3\\\/inflacion-advierten-que-la-canasta-alimentaria-trepo-45-en-mayo\\\/\",\"name\":\"Inflaci\u00f3n: advierten que la canasta alimentaria trep\u00f3 4,5% en mayo | CVI NOTICIAS\",\"isPartOf\":{\"@id\":\"https:\\\/\\\/cvinoticias.com\\\/v3\\\/#website\"},\"primaryImageOfPage\":{\"@id\":\"https:\\\/\\\/cvinoticias.com\\\/v3\\\/inflacion-advierten-que-la-canasta-alimentaria-trepo-45-en-mayo\\\/#primaryimage\"},\"image\":{\"@id\":\"https:\\\/\\\/cvinoticias.com\\\/v3\\\/inflacion-advierten-que-la-canasta-alimentaria-trepo-45-en-mayo\\\/#primaryimage\"},\"thumbnailUrl\":\"https:\\\/\\\/cvinoticias.com\\\/wp-content\\\/uploads\\\/2022\\\/06\\\/la-inflacion-en-la-era-macri-subio-un-200-726081.jpg\",\"datePublished\":\"2022-06-01T22:42:32+00:00\",\"breadcrumb\":{\"@id\":\"https:\\\/\\\/cvinoticias.com\\\/v3\\\/inflacion-advierten-que-la-canasta-alimentaria-trepo-45-en-mayo\\\/#breadcrumb\"},\"inLanguage\":\"es\",\"potentialAction\":[{\"@type\":\"ReadAction\",\"target\":[\"https:\\\/\\\/cvinoticias.com\\\/v3\\\/inflacion-advierten-que-la-canasta-alimentaria-trepo-45-en-mayo\\\/\"]}]},{\"@type\":\"ImageObject\",\"inLanguage\":\"es\",\"@id\":\"https:\\\/\\\/cvinoticias.com\\\/v3\\\/inflacion-advierten-que-la-canasta-alimentaria-trepo-45-en-mayo\\\/#primaryimage\",\"url\":\"https:\\\/\\\/cvinoticias.com\\\/wp-content\\\/uploads\\\/2022\\\/06\\\/la-inflacion-en-la-era-macri-subio-un-200-726081.jpg\",\"contentUrl\":\"https:\\\/\\\/cvinoticias.com\\\/wp-content\\\/uploads\\\/2022\\\/06\\\/la-inflacion-en-la-era-macri-subio-un-200-726081.jpg\",\"width\":950,\"height\":534},{\"@type\":\"BreadcrumbList\",\"@id\":\"https:\\\/\\\/cvinoticias.com\\\/v3\\\/inflacion-advierten-que-la-canasta-alimentaria-trepo-45-en-mayo\\\/#breadcrumb\",\"itemListElement\":[{\"@type\":\"ListItem\",\"position\":1,\"name\":\"Portada\",\"item\":\"https:\\\/\\\/cvinoticias.com\\\/v3\\\/\"},{\"@type\":\"ListItem\",\"position\":2,\"name\":\"Inflaci\u00f3n: advierten que la canasta alimentaria trep\u00f3 4,5% en mayo\"}]},{\"@type\":\"WebSite\",\"@id\":\"https:\\\/\\\/cvinoticias.com\\\/v3\\\/#website\",\"url\":\"https:\\\/\\\/cvinoticias.com\\\/v3\\\/\",\"name\":\"CVI NOTICIAS\",\"description\":\"\",\"publisher\":{\"@id\":\"https:\\\/\\\/cvinoticias.com\\\/v3\\\/#organization\"},\"alternateName\":\"CVI\",\"potentialAction\":[{\"@type\":\"SearchAction\",\"target\":{\"@type\":\"EntryPoint\",\"urlTemplate\":\"https:\\\/\\\/cvinoticias.com\\\/v3\\\/?s={search_term_string}\"},\"query-input\":{\"@type\":\"PropertyValueSpecification\",\"valueRequired\":true,\"valueName\":\"search_term_string\"}}],\"inLanguage\":\"es\"},{\"@type\":\"Organization\",\"@id\":\"https:\\\/\\\/cvinoticias.com\\\/v3\\\/#organization\",\"name\":\"CVI NOTICIAS\",\"url\":\"https:\\\/\\\/cvinoticias.com\\\/v3\\\/\",\"logo\":{\"@type\":\"ImageObject\",\"inLanguage\":\"es\",\"@id\":\"https:\\\/\\\/cvinoticias.com\\\/v3\\\/#\\\/schema\\\/logo\\\/image\\\/\",\"url\":\"https:\\\/\\\/cvinoticias.com\\\/wp-content\\\/uploads\\\/2023\\\/04\\\/cropped-cropped-cropped-cropped-cropped-3-1.png\",\"contentUrl\":\"https:\\\/\\\/cvinoticias.com\\\/wp-content\\\/uploads\\\/2023\\\/04\\\/cropped-cropped-cropped-cropped-cropped-3-1.png\",\"width\":95,\"height\":122,\"caption\":\"CVI NOTICIAS\"},\"image\":{\"@id\":\"https:\\\/\\\/cvinoticias.com\\\/v3\\\/#\\\/schema\\\/logo\\\/image\\\/\"},\"sameAs\":[\"https:\\\/\\\/www.facebook.com\\\/cvinoticias\",\"https:\\\/\\\/www.instagram.com\\\/cvinoticias\\\/\",\"https:\\\/\\\/www.youtube.com\\\/@CVINOTICIAS\"]},{\"@type\":\"Person\",\"@id\":\"https:\\\/\\\/cvinoticias.com\\\/v3\\\/#\\\/schema\\\/person\\\/2db77e3c6bc03c538495d7b2b8be9b66\",\"name\":\"f1000024\",\"image\":{\"@type\":\"ImageObject\",\"inLanguage\":\"es\",\"@id\":\"https:\\\/\\\/secure.gravatar.com\\\/avatar\\\/d4fe7459cfc51ff5129ce1a732bbef5928568b8092d412ef95611616376bbeed?s=96&d=mm&r=g\",\"url\":\"https:\\\/\\\/secure.gravatar.com\\\/avatar\\\/d4fe7459cfc51ff5129ce1a732bbef5928568b8092d412ef95611616376bbeed?s=96&d=mm&r=g\",\"contentUrl\":\"https:\\\/\\\/secure.gravatar.com\\\/avatar\\\/d4fe7459cfc51ff5129ce1a732bbef5928568b8092d412ef95611616376bbeed?s=96&d=mm&r=g\",\"caption\":\"f1000024\"},\"url\":\"https:\\\/\\\/cvinoticias.com\\\/v3\\\/author\\\/f1000024\\\/\"}]}<\/script>\n<!-- \/ Yoast SEO plugin. -->","yoast_head_json":{"title":"Inflaci\u00f3n: advierten que la canasta alimentaria trep\u00f3 4,5% en mayo | CVI NOTICIAS","robots":{"index":"index","follow":"follow","max-snippet":"max-snippet:-1","max-image-preview":"max-image-preview:large","max-video-preview":"max-video-preview:-1"},"canonical":"https:\/\/cvinoticias.com\/v3\/inflacion-advierten-que-la-canasta-alimentaria-trepo-45-en-mayo\/","og_locale":"es_ES","og_type":"article","og_title":"Inflaci\u00f3n: advierten que la canasta alimentaria trep\u00f3 4,5% en mayo | CVI NOTICIAS","og_description":"Acumula un alza del 28% en los primeros cinco meses del a\u00f1o, en l\u00ednea con el \u00edndice de inflaci\u00f3n general. Finaliz\u00f3 mayo, un mes marcado por&nbsp;aumentos&nbsp;de distintos sectores&nbsp;\u201cregulados\u201d, como las&nbsp;prepagas&nbsp;y el&nbsp;combustible. Pero, una vez m\u00e1s, la inflaci\u00f3n general habr\u00eda sido traccionada por los alimentos. Un rubro que, adem\u00e1s, golpea m\u00e1s fuerte a los sectores de&nbsp;menos [&hellip;]","og_url":"https:\/\/cvinoticias.com\/v3\/inflacion-advierten-que-la-canasta-alimentaria-trepo-45-en-mayo\/","og_site_name":"CVI NOTICIAS","article_publisher":"https:\/\/www.facebook.com\/cvinoticias","article_published_time":"2022-06-01T22:42:32+00:00","og_image":[{"width":950,"height":534,"url":"https:\/\/cvinoticias.com\/wp-content\/uploads\/2022\/06\/la-inflacion-en-la-era-macri-subio-un-200-726081.jpg","type":"image\/jpeg"}],"author":"f1000024","twitter_card":"summary_large_image","twitter_misc":{"Escrito por":"f1000024","Tiempo de lectura":"3 minutos"},"schema":{"@context":"https:\/\/schema.org","@graph":[{"@type":"Article","@id":"https:\/\/cvinoticias.com\/v3\/inflacion-advierten-que-la-canasta-alimentaria-trepo-45-en-mayo\/#article","isPartOf":{"@id":"https:\/\/cvinoticias.com\/v3\/inflacion-advierten-que-la-canasta-alimentaria-trepo-45-en-mayo\/"},"author":{"name":"f1000024","@id":"https:\/\/cvinoticias.com\/v3\/#\/schema\/person\/2db77e3c6bc03c538495d7b2b8be9b66"},"headline":"Inflaci\u00f3n: advierten que la canasta alimentaria trep\u00f3 4,5% en mayo","datePublished":"2022-06-01T22:42:32+00:00","mainEntityOfPage":{"@id":"https:\/\/cvinoticias.com\/v3\/inflacion-advierten-que-la-canasta-alimentaria-trepo-45-en-mayo\/"},"wordCount":532,"commentCount":0,"publisher":{"@id":"https:\/\/cvinoticias.com\/v3\/#organization"},"image":{"@id":"https:\/\/cvinoticias.com\/v3\/inflacion-advierten-que-la-canasta-alimentaria-trepo-45-en-mayo\/#primaryimage"},"thumbnailUrl":"https:\/\/cvinoticias.com\/wp-content\/uploads\/2022\/06\/la-inflacion-en-la-era-macri-subio-un-200-726081.jpg","articleSection":["Econom\u00eda"],"inLanguage":"es","potentialAction":[{"@type":"CommentAction","name":"Comment","target":["https:\/\/cvinoticias.com\/v3\/inflacion-advierten-que-la-canasta-alimentaria-trepo-45-en-mayo\/#respond"]}]},{"@type":"WebPage","@id":"https:\/\/cvinoticias.com\/v3\/inflacion-advierten-que-la-canasta-alimentaria-trepo-45-en-mayo\/","url":"https:\/\/cvinoticias.com\/v3\/inflacion-advierten-que-la-canasta-alimentaria-trepo-45-en-mayo\/","name":"Inflaci\u00f3n: advierten que la canasta alimentaria trep\u00f3 4,5% en mayo | CVI NOTICIAS","isPartOf":{"@id":"https:\/\/cvinoticias.com\/v3\/#website"},"primaryImageOfPage":{"@id":"https:\/\/cvinoticias.com\/v3\/inflacion-advierten-que-la-canasta-alimentaria-trepo-45-en-mayo\/#primaryimage"},"image":{"@id":"https:\/\/cvinoticias.com\/v3\/inflacion-advierten-que-la-canasta-alimentaria-trepo-45-en-mayo\/#primaryimage"},"thumbnailUrl":"https:\/\/cvinoticias.com\/wp-content\/uploads\/2022\/06\/la-inflacion-en-la-era-macri-subio-un-200-726081.jpg","datePublished":"2022-06-01T22:42:32+00:00","breadcrumb":{"@id":"https:\/\/cvinoticias.com\/v3\/inflacion-advierten-que-la-canasta-alimentaria-trepo-45-en-mayo\/#breadcrumb"},"inLanguage":"es","potentialAction":[{"@type":"ReadAction","target":["https:\/\/cvinoticias.com\/v3\/inflacion-advierten-que-la-canasta-alimentaria-trepo-45-en-mayo\/"]}]},{"@type":"ImageObject","inLanguage":"es","@id":"https:\/\/cvinoticias.com\/v3\/inflacion-advierten-que-la-canasta-alimentaria-trepo-45-en-mayo\/#primaryimage","url":"https:\/\/cvinoticias.com\/wp-content\/uploads\/2022\/06\/la-inflacion-en-la-era-macri-subio-un-200-726081.jpg","contentUrl":"https:\/\/cvinoticias.com\/wp-content\/uploads\/2022\/06\/la-inflacion-en-la-era-macri-subio-un-200-726081.jpg","width":950,"height":534},{"@type":"BreadcrumbList","@id":"https:\/\/cvinoticias.com\/v3\/inflacion-advierten-que-la-canasta-alimentaria-trepo-45-en-mayo\/#breadcrumb","itemListElement":[{"@type":"ListItem","position":1,"name":"Portada","item":"https:\/\/cvinoticias.com\/v3\/"},{"@type":"ListItem","position":2,"name":"Inflaci\u00f3n: advierten que la canasta alimentaria trep\u00f3 4,5% en mayo"}]},{"@type":"WebSite","@id":"https:\/\/cvinoticias.com\/v3\/#website","url":"https:\/\/cvinoticias.com\/v3\/","name":"CVI NOTICIAS","description":"","publisher":{"@id":"https:\/\/cvinoticias.com\/v3\/#organization"},"alternateName":"CVI","potentialAction":[{"@type":"SearchAction","target":{"@type":"EntryPoint","urlTemplate":"https:\/\/cvinoticias.com\/v3\/?s={search_term_string}"},"query-input":{"@type":"PropertyValueSpecification","valueRequired":true,"valueName":"search_term_string"}}],"inLanguage":"es"},{"@type":"Organization","@id":"https:\/\/cvinoticias.com\/v3\/#organization","name":"CVI NOTICIAS","url":"https:\/\/cvinoticias.com\/v3\/","logo":{"@type":"ImageObject","inLanguage":"es","@id":"https:\/\/cvinoticias.com\/v3\/#\/schema\/logo\/image\/","url":"https:\/\/cvinoticias.com\/wp-content\/uploads\/2023\/04\/cropped-cropped-cropped-cropped-cropped-3-1.png","contentUrl":"https:\/\/cvinoticias.com\/wp-content\/uploads\/2023\/04\/cropped-cropped-cropped-cropped-cropped-3-1.png","width":95,"height":122,"caption":"CVI NOTICIAS"},"image":{"@id":"https:\/\/cvinoticias.com\/v3\/#\/schema\/logo\/image\/"},"sameAs":["https:\/\/www.facebook.com\/cvinoticias","https:\/\/www.instagram.com\/cvinoticias\/","https:\/\/www.youtube.com\/@CVINOTICIAS"]},{"@type":"Person","@id":"https:\/\/cvinoticias.com\/v3\/#\/schema\/person\/2db77e3c6bc03c538495d7b2b8be9b66","name":"f1000024","image":{"@type":"ImageObject","inLanguage":"es","@id":"https:\/\/secure.gravatar.com\/avatar\/d4fe7459cfc51ff5129ce1a732bbef5928568b8092d412ef95611616376bbeed?s=96&d=mm&r=g","url":"https:\/\/secure.gravatar.com\/avatar\/d4fe7459cfc51ff5129ce1a732bbef5928568b8092d412ef95611616376bbeed?s=96&d=mm&r=g","contentUrl":"https:\/\/secure.gravatar.com\/avatar\/d4fe7459cfc51ff5129ce1a732bbef5928568b8092d412ef95611616376bbeed?s=96&d=mm&r=g","caption":"f1000024"},"url":"https:\/\/cvinoticias.com\/v3\/author\/f1000024\/"}]}},"_links":{"self":[{"href":"https:\/\/cvinoticias.com\/v3\/wp-json\/wp\/v2\/posts\/16317","targetHints":{"allow":["GET"]}}],"collection":[{"href":"https:\/\/cvinoticias.com\/v3\/wp-json\/wp\/v2\/posts"}],"about":[{"href":"https:\/\/cvinoticias.com\/v3\/wp-json\/wp\/v2\/types\/post"}],"author":[{"embeddable":true,"href":"https:\/\/cvinoticias.com\/v3\/wp-json\/wp\/v2\/users\/2"}],"replies":[{"embeddable":true,"href":"https:\/\/cvinoticias.com\/v3\/wp-json\/wp\/v2\/comments?post=16317"}],"version-history":[{"count":1,"href":"https:\/\/cvinoticias.com\/v3\/wp-json\/wp\/v2\/posts\/16317\/revisions"}],"predecessor-version":[{"id":16321,"href":"https:\/\/cvinoticias.com\/v3\/wp-json\/wp\/v2\/posts\/16317\/revisions\/16321"}],"wp:featuredmedia":[{"embeddable":true,"href":"https:\/\/cvinoticias.com\/v3\/wp-json\/wp\/v2\/media\/16320"}],"wp:attachment":[{"href":"https:\/\/cvinoticias.com\/v3\/wp-json\/wp\/v2\/media?parent=16317"}],"wp:term":[{"taxonomy":"category","embeddable":true,"href":"https:\/\/cvinoticias.com\/v3\/wp-json\/wp\/v2\/categories?post=16317"},{"taxonomy":"post_tag","embeddable":true,"href":"https:\/\/cvinoticias.com\/v3\/wp-json\/wp\/v2\/tags?post=16317"}],"curies":[{"name":"wp","href":"https:\/\/api.w.org\/{rel}","templated":true}]}}