{"id":16314,"date":"2022-06-01T22:02:04","date_gmt":"2022-06-01T22:02:04","guid":{"rendered":"https:\/\/cvinoticias.com\/v3\/?p=16314"},"modified":"2022-06-01T22:02:04","modified_gmt":"2022-06-01T22:02:04","slug":"amber-heard-perdio-el-caso-por-difamacion-contra-johnny-depp","status":"publish","type":"post","link":"https:\/\/cvinoticias.com\/v3\/amber-heard-perdio-el-caso-por-difamacion-contra-johnny-depp\/","title":{"rendered":"Amber Heard perdi\u00f3 el caso por difamaci\u00f3n contra Johnny Depp"},"content":{"rendered":"\n<p><strong><em>El jurado civil, compuesto por siete integrantes, se pronunci\u00f3 de forma un\u00e1nime tras 13 horas de discusi\u00f3n.<\/em><\/strong><\/p>\n\n\n\n<p>El actor estadounidense Johnny Depp gan\u00f3 hoy el juicio por difamaci\u00f3n que le inici\u00f3 en 2019 a su exesposa, Amber Heard, a quien acus\u00f3 de haber actuado con malicia en su contra cuando la actriz p\u00fablico un editorial en el peri\u00f3dico The Washington Post en el que aseguraba que se hab\u00eda convertido en \u00abel rostro p\u00fablico del abuso dom\u00e9stico\u00bb.<\/p>\n\n\n\n<p>Seg\u00fan inform\u00f3 el sitio especializado Deadline, el jurado popular del estado de Virginia, integrado por siete personas, deliber\u00f3 durante tres d\u00edas y esta tarde dio a conocer la decisi\u00f3n, que har\u00e1 que el protagonista de la saga \u00abPiratas del Caribe\u00bb se lleve 15 millones de d\u00f3lares en concepto de da\u00f1os.<\/p>\n\n\n\n<p>Sin embargo, por la contrademanda que hab\u00eda presentado contra Depp un a\u00f1o despu\u00e9s de la denuncia original, en la que alegaba que su exmarido hab\u00eda coordinado una campa\u00f1a de acoso en redes sociales y una serie de peticiones para que perdiera sus trabajos en la secuela de \u00abAquaman\u00bb y en la empresa cosm\u00e9tica L&#8217;Oreal, Heard obtuvo una sentencia favorable y recibir\u00e1 un total de 2 millones de d\u00f3lares.<\/p>\n\n\n\n<p>En tanto, trascendi\u00f3 que el actor no estuvo presente en la audiencia ya que se encontraba de gira en Reino Unido con el reconocido m\u00fasico Jeff Beck, con quien comparte el proyecto musical Hollywood Vampires, aunque sus representantes hab\u00edan adelantado a la prensa internacional que presenciar\u00eda el veredicto a trav\u00e9s de los medios desde el pa\u00eds europeo.<\/p>\n\n\n\n<p>Para llegar al veredicto, el jurado civil de siete integrantes deb\u00eda alcanzar una decisi\u00f3n un\u00e1nime, tras deliberar durante unas 12 horas a lo largo de tres d\u00edas. El \u00abJuicio del A\u00f1o\u00bb tuvo una duraci\u00f3n de semanas donde varias de las mayores celebridades del mundo prestaron declaraci\u00f3n.<\/p>\n\n\n\n<p>El art\u00edculo que Heard hab\u00eda firmado y publicado en el mencionado peri\u00f3dico -propiedad del multimillonario Jeff Bezos- no mencionaba el nombre de su expareja, pero Depp insisti\u00f3 en que se refer\u00eda a su persona, lo que motiv\u00f3 el inicio de la demanda.<\/p>\n\n\n\n<p>El actor tambi\u00e9n hab\u00eda asegurado que el editorial tuvo resultados \u00abdevastadores\u00bb para su carrera, que se encontraba en franca decadencia pese a las tres nominaciones para los premios Oscar que hab\u00eda logrado cosechar en su trayectoria por los filmes \u00abLa maldici\u00f3n del Perla Negra\u00bb (2003), \u00abDescubriendo el pa\u00eds de Nunca Jam\u00e1s\u00bb (2004 y \u00abSweeney Todd: El barbero demon\u00edaco de la calle Fleet\u00bb (2007).<\/p>\n\n\n\n<p>Pero adem\u00e1s, Depp declar\u00f3 en su momento que, al contrario de lo que aseveraba Heard, hab\u00eda sido \u00e9l mismo la v\u00edctima de abuso durante el matrimonio que los uni\u00f3 entre 2015 y 2017.<\/p>\n\n\n\n<p>Sin lograr que la Justicia rechazara la denuncia del actor, Heard elev\u00f3 una contrademanda a mediados del 2020 en la que ped\u00eda una suma de 100 millones de d\u00f3lares, basada en los comentarios que el antiguo abogado y mano derecha de Depp, Adam Waldman, hab\u00eda formulado p\u00fablicamente, en la que calificaba los dichos de la actriz como \u00abfalsos y enga\u00f1osos\u00bb.<\/p>\n\n\n\n<p>Por el momento, no est\u00e1 confirmado si la int\u00e9rprete, tambi\u00e9n conocida por su participaci\u00f3n en las pel\u00edculas \u00abMachete Kills\u00bb (2013) y \u00abLa chica danesa\u00bb (2015), tiene en sus planeas apelar el veredicto o buscar otras formas de reparaci\u00f3n legal.<\/p>\n","protected":false},"excerpt":{"rendered":"<p>El jurado civil, compuesto por siete integrantes, se pronunci\u00f3 de forma un\u00e1nime tras 13 horas de discusi\u00f3n. El actor estadounidense Johnny Depp gan\u00f3 hoy el juicio por difamaci\u00f3n que le inici\u00f3 en 2019 a su exesposa, Amber Heard, a quien acus\u00f3 de haber actuado con malicia en su contra cuando la actriz p\u00fablico un editorial [&hellip;]<\/p>\n","protected":false},"author":2,"featured_media":16315,"comment_status":"open","ping_status":"open","sticky":false,"template":"","format":"standard","meta":{"footnotes":""},"categories":[36],"tags":[],"class_list":["post-16314","post","type-post","status-publish","format-standard","has-post-thumbnail","hentry","category-internacionales"],"yoast_head":"<!-- This site is optimized with the Yoast SEO plugin v27.5 - https:\/\/yoast.com\/product\/yoast-seo-wordpress\/ -->\n<title>Amber Heard perdi\u00f3 el caso por difamaci\u00f3n contra Johnny Depp | CVI NOTICIAS<\/title>\n<meta name=\"robots\" content=\"index, follow, max-snippet:-1, max-image-preview:large, max-video-preview:-1\" \/>\n<link rel=\"canonical\" href=\"https:\/\/cvinoticias.com\/v3\/amber-heard-perdio-el-caso-por-difamacion-contra-johnny-depp\/\" \/>\n<meta property=\"og:locale\" content=\"es_ES\" \/>\n<meta property=\"og:type\" content=\"article\" \/>\n<meta property=\"og:title\" content=\"Amber Heard perdi\u00f3 el caso por difamaci\u00f3n contra Johnny Depp | CVI NOTICIAS\" \/>\n<meta property=\"og:description\" content=\"El jurado civil, compuesto por siete integrantes, se pronunci\u00f3 de forma un\u00e1nime tras 13 horas de discusi\u00f3n. El actor estadounidense Johnny Depp gan\u00f3 hoy el juicio por difamaci\u00f3n que le inici\u00f3 en 2019 a su exesposa, Amber Heard, a quien acus\u00f3 de haber actuado con malicia en su contra cuando la actriz p\u00fablico un editorial [&hellip;]\" \/>\n<meta property=\"og:url\" content=\"https:\/\/cvinoticias.com\/v3\/amber-heard-perdio-el-caso-por-difamacion-contra-johnny-depp\/\" \/>\n<meta property=\"og:site_name\" content=\"CVI NOTICIAS\" \/>\n<meta property=\"article:publisher\" content=\"https:\/\/www.facebook.com\/cvinoticias\" \/>\n<meta property=\"article:published_time\" content=\"2022-06-01T22:02:04+00:00\" \/>\n<meta property=\"og:image\" content=\"https:\/\/cvinoticias.com\/wp-content\/uploads\/2022\/06\/0000096517.jpg\" \/>\n\t<meta property=\"og:image:width\" content=\"1500\" \/>\n\t<meta property=\"og:image:height\" content=\"870\" \/>\n\t<meta property=\"og:image:type\" content=\"image\/jpeg\" \/>\n<meta name=\"author\" content=\"f1000024\" \/>\n<meta name=\"twitter:card\" content=\"summary_large_image\" \/>\n<meta name=\"twitter:label1\" content=\"Escrito por\" \/>\n\t<meta name=\"twitter:data1\" content=\"f1000024\" \/>\n\t<meta name=\"twitter:label2\" content=\"Tiempo de lectura\" \/>\n\t<meta name=\"twitter:data2\" content=\"3 minutos\" \/>\n<script type=\"application\/ld+json\" class=\"yoast-schema-graph\">{\"@context\":\"https:\\\/\\\/schema.org\",\"@graph\":[{\"@type\":\"Article\",\"@id\":\"https:\\\/\\\/cvinoticias.com\\\/v3\\\/amber-heard-perdio-el-caso-por-difamacion-contra-johnny-depp\\\/#article\",\"isPartOf\":{\"@id\":\"https:\\\/\\\/cvinoticias.com\\\/v3\\\/amber-heard-perdio-el-caso-por-difamacion-contra-johnny-depp\\\/\"},\"author\":{\"name\":\"f1000024\",\"@id\":\"https:\\\/\\\/cvinoticias.com\\\/v3\\\/#\\\/schema\\\/person\\\/2db77e3c6bc03c538495d7b2b8be9b66\"},\"headline\":\"Amber Heard perdi\u00f3 el caso por difamaci\u00f3n contra Johnny Depp\",\"datePublished\":\"2022-06-01T22:02:04+00:00\",\"mainEntityOfPage\":{\"@id\":\"https:\\\/\\\/cvinoticias.com\\\/v3\\\/amber-heard-perdio-el-caso-por-difamacion-contra-johnny-depp\\\/\"},\"wordCount\":587,\"commentCount\":0,\"publisher\":{\"@id\":\"https:\\\/\\\/cvinoticias.com\\\/v3\\\/#organization\"},\"image\":{\"@id\":\"https:\\\/\\\/cvinoticias.com\\\/v3\\\/amber-heard-perdio-el-caso-por-difamacion-contra-johnny-depp\\\/#primaryimage\"},\"thumbnailUrl\":\"https:\\\/\\\/cvinoticias.com\\\/wp-content\\\/uploads\\\/2022\\\/06\\\/0000096517.jpg\",\"articleSection\":[\"Internacionales\"],\"inLanguage\":\"es\",\"potentialAction\":[{\"@type\":\"CommentAction\",\"name\":\"Comment\",\"target\":[\"https:\\\/\\\/cvinoticias.com\\\/v3\\\/amber-heard-perdio-el-caso-por-difamacion-contra-johnny-depp\\\/#respond\"]}]},{\"@type\":\"WebPage\",\"@id\":\"https:\\\/\\\/cvinoticias.com\\\/v3\\\/amber-heard-perdio-el-caso-por-difamacion-contra-johnny-depp\\\/\",\"url\":\"https:\\\/\\\/cvinoticias.com\\\/v3\\\/amber-heard-perdio-el-caso-por-difamacion-contra-johnny-depp\\\/\",\"name\":\"Amber Heard perdi\u00f3 el caso por difamaci\u00f3n contra Johnny Depp | CVI NOTICIAS\",\"isPartOf\":{\"@id\":\"https:\\\/\\\/cvinoticias.com\\\/v3\\\/#website\"},\"primaryImageOfPage\":{\"@id\":\"https:\\\/\\\/cvinoticias.com\\\/v3\\\/amber-heard-perdio-el-caso-por-difamacion-contra-johnny-depp\\\/#primaryimage\"},\"image\":{\"@id\":\"https:\\\/\\\/cvinoticias.com\\\/v3\\\/amber-heard-perdio-el-caso-por-difamacion-contra-johnny-depp\\\/#primaryimage\"},\"thumbnailUrl\":\"https:\\\/\\\/cvinoticias.com\\\/wp-content\\\/uploads\\\/2022\\\/06\\\/0000096517.jpg\",\"datePublished\":\"2022-06-01T22:02:04+00:00\",\"breadcrumb\":{\"@id\":\"https:\\\/\\\/cvinoticias.com\\\/v3\\\/amber-heard-perdio-el-caso-por-difamacion-contra-johnny-depp\\\/#breadcrumb\"},\"inLanguage\":\"es\",\"potentialAction\":[{\"@type\":\"ReadAction\",\"target\":[\"https:\\\/\\\/cvinoticias.com\\\/v3\\\/amber-heard-perdio-el-caso-por-difamacion-contra-johnny-depp\\\/\"]}]},{\"@type\":\"ImageObject\",\"inLanguage\":\"es\",\"@id\":\"https:\\\/\\\/cvinoticias.com\\\/v3\\\/amber-heard-perdio-el-caso-por-difamacion-contra-johnny-depp\\\/#primaryimage\",\"url\":\"https:\\\/\\\/cvinoticias.com\\\/wp-content\\\/uploads\\\/2022\\\/06\\\/0000096517.jpg\",\"contentUrl\":\"https:\\\/\\\/cvinoticias.com\\\/wp-content\\\/uploads\\\/2022\\\/06\\\/0000096517.jpg\",\"width\":1500,\"height\":870},{\"@type\":\"BreadcrumbList\",\"@id\":\"https:\\\/\\\/cvinoticias.com\\\/v3\\\/amber-heard-perdio-el-caso-por-difamacion-contra-johnny-depp\\\/#breadcrumb\",\"itemListElement\":[{\"@type\":\"ListItem\",\"position\":1,\"name\":\"Portada\",\"item\":\"https:\\\/\\\/cvinoticias.com\\\/v3\\\/\"},{\"@type\":\"ListItem\",\"position\":2,\"name\":\"Amber Heard perdi\u00f3 el caso por difamaci\u00f3n contra Johnny Depp\"}]},{\"@type\":\"WebSite\",\"@id\":\"https:\\\/\\\/cvinoticias.com\\\/v3\\\/#website\",\"url\":\"https:\\\/\\\/cvinoticias.com\\\/v3\\\/\",\"name\":\"CVI NOTICIAS\",\"description\":\"\",\"publisher\":{\"@id\":\"https:\\\/\\\/cvinoticias.com\\\/v3\\\/#organization\"},\"alternateName\":\"CVI\",\"potentialAction\":[{\"@type\":\"SearchAction\",\"target\":{\"@type\":\"EntryPoint\",\"urlTemplate\":\"https:\\\/\\\/cvinoticias.com\\\/v3\\\/?s={search_term_string}\"},\"query-input\":{\"@type\":\"PropertyValueSpecification\",\"valueRequired\":true,\"valueName\":\"search_term_string\"}}],\"inLanguage\":\"es\"},{\"@type\":\"Organization\",\"@id\":\"https:\\\/\\\/cvinoticias.com\\\/v3\\\/#organization\",\"name\":\"CVI NOTICIAS\",\"url\":\"https:\\\/\\\/cvinoticias.com\\\/v3\\\/\",\"logo\":{\"@type\":\"ImageObject\",\"inLanguage\":\"es\",\"@id\":\"https:\\\/\\\/cvinoticias.com\\\/v3\\\/#\\\/schema\\\/logo\\\/image\\\/\",\"url\":\"https:\\\/\\\/cvinoticias.com\\\/wp-content\\\/uploads\\\/2023\\\/04\\\/cropped-cropped-cropped-cropped-cropped-3-1.png\",\"contentUrl\":\"https:\\\/\\\/cvinoticias.com\\\/wp-content\\\/uploads\\\/2023\\\/04\\\/cropped-cropped-cropped-cropped-cropped-3-1.png\",\"width\":95,\"height\":122,\"caption\":\"CVI NOTICIAS\"},\"image\":{\"@id\":\"https:\\\/\\\/cvinoticias.com\\\/v3\\\/#\\\/schema\\\/logo\\\/image\\\/\"},\"sameAs\":[\"https:\\\/\\\/www.facebook.com\\\/cvinoticias\",\"https:\\\/\\\/www.instagram.com\\\/cvinoticias\\\/\",\"https:\\\/\\\/www.youtube.com\\\/@CVINOTICIAS\"]},{\"@type\":\"Person\",\"@id\":\"https:\\\/\\\/cvinoticias.com\\\/v3\\\/#\\\/schema\\\/person\\\/2db77e3c6bc03c538495d7b2b8be9b66\",\"name\":\"f1000024\",\"image\":{\"@type\":\"ImageObject\",\"inLanguage\":\"es\",\"@id\":\"https:\\\/\\\/secure.gravatar.com\\\/avatar\\\/d4fe7459cfc51ff5129ce1a732bbef5928568b8092d412ef95611616376bbeed?s=96&d=mm&r=g\",\"url\":\"https:\\\/\\\/secure.gravatar.com\\\/avatar\\\/d4fe7459cfc51ff5129ce1a732bbef5928568b8092d412ef95611616376bbeed?s=96&d=mm&r=g\",\"contentUrl\":\"https:\\\/\\\/secure.gravatar.com\\\/avatar\\\/d4fe7459cfc51ff5129ce1a732bbef5928568b8092d412ef95611616376bbeed?s=96&d=mm&r=g\",\"caption\":\"f1000024\"},\"url\":\"https:\\\/\\\/cvinoticias.com\\\/v3\\\/author\\\/f1000024\\\/\"}]}<\/script>\n<!-- \/ Yoast SEO plugin. -->","yoast_head_json":{"title":"Amber Heard perdi\u00f3 el caso por difamaci\u00f3n contra Johnny Depp | CVI NOTICIAS","robots":{"index":"index","follow":"follow","max-snippet":"max-snippet:-1","max-image-preview":"max-image-preview:large","max-video-preview":"max-video-preview:-1"},"canonical":"https:\/\/cvinoticias.com\/v3\/amber-heard-perdio-el-caso-por-difamacion-contra-johnny-depp\/","og_locale":"es_ES","og_type":"article","og_title":"Amber Heard perdi\u00f3 el caso por difamaci\u00f3n contra Johnny Depp | CVI NOTICIAS","og_description":"El jurado civil, compuesto por siete integrantes, se pronunci\u00f3 de forma un\u00e1nime tras 13 horas de discusi\u00f3n. El actor estadounidense Johnny Depp gan\u00f3 hoy el juicio por difamaci\u00f3n que le inici\u00f3 en 2019 a su exesposa, Amber Heard, a quien acus\u00f3 de haber actuado con malicia en su contra cuando la actriz p\u00fablico un editorial [&hellip;]","og_url":"https:\/\/cvinoticias.com\/v3\/amber-heard-perdio-el-caso-por-difamacion-contra-johnny-depp\/","og_site_name":"CVI NOTICIAS","article_publisher":"https:\/\/www.facebook.com\/cvinoticias","article_published_time":"2022-06-01T22:02:04+00:00","og_image":[{"width":1500,"height":870,"url":"https:\/\/cvinoticias.com\/wp-content\/uploads\/2022\/06\/0000096517.jpg","type":"image\/jpeg"}],"author":"f1000024","twitter_card":"summary_large_image","twitter_misc":{"Escrito por":"f1000024","Tiempo de lectura":"3 minutos"},"schema":{"@context":"https:\/\/schema.org","@graph":[{"@type":"Article","@id":"https:\/\/cvinoticias.com\/v3\/amber-heard-perdio-el-caso-por-difamacion-contra-johnny-depp\/#article","isPartOf":{"@id":"https:\/\/cvinoticias.com\/v3\/amber-heard-perdio-el-caso-por-difamacion-contra-johnny-depp\/"},"author":{"name":"f1000024","@id":"https:\/\/cvinoticias.com\/v3\/#\/schema\/person\/2db77e3c6bc03c538495d7b2b8be9b66"},"headline":"Amber Heard perdi\u00f3 el caso por difamaci\u00f3n contra Johnny Depp","datePublished":"2022-06-01T22:02:04+00:00","mainEntityOfPage":{"@id":"https:\/\/cvinoticias.com\/v3\/amber-heard-perdio-el-caso-por-difamacion-contra-johnny-depp\/"},"wordCount":587,"commentCount":0,"publisher":{"@id":"https:\/\/cvinoticias.com\/v3\/#organization"},"image":{"@id":"https:\/\/cvinoticias.com\/v3\/amber-heard-perdio-el-caso-por-difamacion-contra-johnny-depp\/#primaryimage"},"thumbnailUrl":"https:\/\/cvinoticias.com\/wp-content\/uploads\/2022\/06\/0000096517.jpg","articleSection":["Internacionales"],"inLanguage":"es","potentialAction":[{"@type":"CommentAction","name":"Comment","target":["https:\/\/cvinoticias.com\/v3\/amber-heard-perdio-el-caso-por-difamacion-contra-johnny-depp\/#respond"]}]},{"@type":"WebPage","@id":"https:\/\/cvinoticias.com\/v3\/amber-heard-perdio-el-caso-por-difamacion-contra-johnny-depp\/","url":"https:\/\/cvinoticias.com\/v3\/amber-heard-perdio-el-caso-por-difamacion-contra-johnny-depp\/","name":"Amber Heard perdi\u00f3 el caso por difamaci\u00f3n contra Johnny Depp | CVI NOTICIAS","isPartOf":{"@id":"https:\/\/cvinoticias.com\/v3\/#website"},"primaryImageOfPage":{"@id":"https:\/\/cvinoticias.com\/v3\/amber-heard-perdio-el-caso-por-difamacion-contra-johnny-depp\/#primaryimage"},"image":{"@id":"https:\/\/cvinoticias.com\/v3\/amber-heard-perdio-el-caso-por-difamacion-contra-johnny-depp\/#primaryimage"},"thumbnailUrl":"https:\/\/cvinoticias.com\/wp-content\/uploads\/2022\/06\/0000096517.jpg","datePublished":"2022-06-01T22:02:04+00:00","breadcrumb":{"@id":"https:\/\/cvinoticias.com\/v3\/amber-heard-perdio-el-caso-por-difamacion-contra-johnny-depp\/#breadcrumb"},"inLanguage":"es","potentialAction":[{"@type":"ReadAction","target":["https:\/\/cvinoticias.com\/v3\/amber-heard-perdio-el-caso-por-difamacion-contra-johnny-depp\/"]}]},{"@type":"ImageObject","inLanguage":"es","@id":"https:\/\/cvinoticias.com\/v3\/amber-heard-perdio-el-caso-por-difamacion-contra-johnny-depp\/#primaryimage","url":"https:\/\/cvinoticias.com\/wp-content\/uploads\/2022\/06\/0000096517.jpg","contentUrl":"https:\/\/cvinoticias.com\/wp-content\/uploads\/2022\/06\/0000096517.jpg","width":1500,"height":870},{"@type":"BreadcrumbList","@id":"https:\/\/cvinoticias.com\/v3\/amber-heard-perdio-el-caso-por-difamacion-contra-johnny-depp\/#breadcrumb","itemListElement":[{"@type":"ListItem","position":1,"name":"Portada","item":"https:\/\/cvinoticias.com\/v3\/"},{"@type":"ListItem","position":2,"name":"Amber Heard perdi\u00f3 el caso por difamaci\u00f3n contra Johnny Depp"}]},{"@type":"WebSite","@id":"https:\/\/cvinoticias.com\/v3\/#website","url":"https:\/\/cvinoticias.com\/v3\/","name":"CVI NOTICIAS","description":"","publisher":{"@id":"https:\/\/cvinoticias.com\/v3\/#organization"},"alternateName":"CVI","potentialAction":[{"@type":"SearchAction","target":{"@type":"EntryPoint","urlTemplate":"https:\/\/cvinoticias.com\/v3\/?s={search_term_string}"},"query-input":{"@type":"PropertyValueSpecification","valueRequired":true,"valueName":"search_term_string"}}],"inLanguage":"es"},{"@type":"Organization","@id":"https:\/\/cvinoticias.com\/v3\/#organization","name":"CVI NOTICIAS","url":"https:\/\/cvinoticias.com\/v3\/","logo":{"@type":"ImageObject","inLanguage":"es","@id":"https:\/\/cvinoticias.com\/v3\/#\/schema\/logo\/image\/","url":"https:\/\/cvinoticias.com\/wp-content\/uploads\/2023\/04\/cropped-cropped-cropped-cropped-cropped-3-1.png","contentUrl":"https:\/\/cvinoticias.com\/wp-content\/uploads\/2023\/04\/cropped-cropped-cropped-cropped-cropped-3-1.png","width":95,"height":122,"caption":"CVI NOTICIAS"},"image":{"@id":"https:\/\/cvinoticias.com\/v3\/#\/schema\/logo\/image\/"},"sameAs":["https:\/\/www.facebook.com\/cvinoticias","https:\/\/www.instagram.com\/cvinoticias\/","https:\/\/www.youtube.com\/@CVINOTICIAS"]},{"@type":"Person","@id":"https:\/\/cvinoticias.com\/v3\/#\/schema\/person\/2db77e3c6bc03c538495d7b2b8be9b66","name":"f1000024","image":{"@type":"ImageObject","inLanguage":"es","@id":"https:\/\/secure.gravatar.com\/avatar\/d4fe7459cfc51ff5129ce1a732bbef5928568b8092d412ef95611616376bbeed?s=96&d=mm&r=g","url":"https:\/\/secure.gravatar.com\/avatar\/d4fe7459cfc51ff5129ce1a732bbef5928568b8092d412ef95611616376bbeed?s=96&d=mm&r=g","contentUrl":"https:\/\/secure.gravatar.com\/avatar\/d4fe7459cfc51ff5129ce1a732bbef5928568b8092d412ef95611616376bbeed?s=96&d=mm&r=g","caption":"f1000024"},"url":"https:\/\/cvinoticias.com\/v3\/author\/f1000024\/"}]}},"_links":{"self":[{"href":"https:\/\/cvinoticias.com\/v3\/wp-json\/wp\/v2\/posts\/16314","targetHints":{"allow":["GET"]}}],"collection":[{"href":"https:\/\/cvinoticias.com\/v3\/wp-json\/wp\/v2\/posts"}],"about":[{"href":"https:\/\/cvinoticias.com\/v3\/wp-json\/wp\/v2\/types\/post"}],"author":[{"embeddable":true,"href":"https:\/\/cvinoticias.com\/v3\/wp-json\/wp\/v2\/users\/2"}],"replies":[{"embeddable":true,"href":"https:\/\/cvinoticias.com\/v3\/wp-json\/wp\/v2\/comments?post=16314"}],"version-history":[{"count":1,"href":"https:\/\/cvinoticias.com\/v3\/wp-json\/wp\/v2\/posts\/16314\/revisions"}],"predecessor-version":[{"id":16316,"href":"https:\/\/cvinoticias.com\/v3\/wp-json\/wp\/v2\/posts\/16314\/revisions\/16316"}],"wp:featuredmedia":[{"embeddable":true,"href":"https:\/\/cvinoticias.com\/v3\/wp-json\/wp\/v2\/media\/16315"}],"wp:attachment":[{"href":"https:\/\/cvinoticias.com\/v3\/wp-json\/wp\/v2\/media?parent=16314"}],"wp:term":[{"taxonomy":"category","embeddable":true,"href":"https:\/\/cvinoticias.com\/v3\/wp-json\/wp\/v2\/categories?post=16314"},{"taxonomy":"post_tag","embeddable":true,"href":"https:\/\/cvinoticias.com\/v3\/wp-json\/wp\/v2\/tags?post=16314"}],"curies":[{"name":"wp","href":"https:\/\/api.w.org\/{rel}","templated":true}]}}