{"id":16302,"date":"2022-06-01T11:07:00","date_gmt":"2022-06-01T11:07:00","guid":{"rendered":"https:\/\/cvinoticias.com\/v3\/?p=16302"},"modified":"2022-06-01T11:07:00","modified_gmt":"2022-06-01T11:07:00","slug":"financiar-ideas-la-caracteristica-distintiva-del-fondo-de-credito-de-misiones","status":"publish","type":"post","link":"https:\/\/cvinoticias.com\/v3\/financiar-ideas-la-caracteristica-distintiva-del-fondo-de-credito-de-misiones\/","title":{"rendered":"Financiar ideas, la caracter\u00edstica distintiva del Fondo de Cr\u00e9dito de Misiones"},"content":{"rendered":"\n<p><strong><em>Generando apoyo econ\u00f3mico, t\u00e9cnico y din\u00e1mico a emprendedores de la provincia, el Fondo de cr\u00e9dito de Misiones cumpli\u00f3 5 a\u00f1os y su presidente, Horacio Simes destac\u00f3 el avance desde sus inicios hasta la actualidad.<\/em><\/strong><\/p>\n\n\n\n<p><strong>Enfrentando desaf\u00edos hace 5 a\u00f1os<\/strong><\/p>\n\n\n\n<p>Horacio Simes, presidente del Fondo de Cr\u00e9dito de Misiones explic\u00f3 a LT17 Radio de la Provincia, el crecimiento del Fondo de Cr\u00e9dito de Misiones en sus iniciales 5 a\u00f1os de vigencia. \u00abHemos tenido, en primer lugar objetivos muy claros, establecidos y conversados con nuestras autoridades, con nuestro accionista principal que es el gobierno provincial; en su momento con el Licenciado Hugo Passalacqua, que nos marc\u00f3 el rumbo inicial y en este momento con el Dr. Herrera Ahuad, que nos indica cuales son las necesidades, los desaf\u00edos que enfrenta la econom\u00eda provincial y que desde el Fondo de cr\u00e9dito podemos atender\u00bb, coment\u00f3 Simes y a\u00f1adi\u00f3: \u00abjunto a estos objetivos claros hemos podido construir un gran equipo de trabajo con una capacidad t\u00e9cnica enorme y un compromiso aun mayor, que nos permite estar siempre atentos a los desaf\u00edos y necesidades que enfrenta cada uno de los emprendedores y pymes de la provincia de Misiones. Hemos podido ir construyendo estas herramientas a medida que las transformaciones propias de una econom\u00eda, como las que tenemos en el mundo global, competitiva, din\u00e1mica, innovadora nos va a exigiendo\u00bb, detall\u00f3.<\/p>\n\n\n\n<p><strong>Relaciones que construyen respuestas<\/strong><\/p>\n\n\n\n<p>\u00abHemos construido una muy linda relaci\u00f3n con los emprendedores, las pymes, con quienes se acercan al fondo de cr\u00e9dito\u00bb, destac\u00f3 el presidente del Fondo a\u00f1adiendo: \u00abnos contactan por diversos medios, nos hemos podido compenetrar con el d\u00eda a d\u00eda de sus actividades, entender cuales son las oportunidades y debilidades que ellos enfrentan y tratar de construir juntos las respuestas, porque una de las caracter\u00edsticas del fondo de cr\u00e9dito de misiones es la flexibilidad program\u00e1tica que nos permite ajustarnos a las necesidades de quienes se acercan al fondo de cr\u00e9dito\u00bb.<\/p>\n\n\n\n<p>Resaltando los diversos medios de contacto con los cuales cuenta el Fondo de Cr\u00e9dito de la Provincia, Horacio Simes dijo: \u00abnos pueden contactar a trav\u00e9s de distintos medios, a trav\u00e9s de redes sociales, en nuestras oficinas, en las seis sedes de todas las provincias. Pero, el principal desaf\u00edo a partir del cual empezamos a construir el camino de la solicitud, es pensar y dise\u00f1ar un plan de negocios resumido; en donde el propio emprendedor tiene que visualizar cual es el mercado, el objetivo, el consumidor objeto al que va dirigido su propuesta, su producto. Cuales son las necesidades y requerimientos del mismo, al producto del servicio de que se trate y luego, pensar por supuesto la rentabilidad del negocio, es decir los ingresos, los egresos, los remanentes para crecer, para saldar las deudas y para re-invertir\u00bb.<\/p>\n\n\n\n<p><strong>\u00abTambi\u00e9n financiamos ideas\u00bb<\/strong><\/p>\n\n\n\n<p>\u00abCasi desde el inicio nosotros atendemos a los servicios con una mayor participaci\u00f3n relativa, servicios m\u00e9dicos, recreativos, t\u00e9cnicos, vinculados con el mantenimiento del hogar o de las pymes.<br>Luego una participaci\u00f3n que ha ido creciendo, sobre todo con la pandemia, los comercios, la demanda del sector comercial, peque\u00f1o, minorista y barrial. As\u00ed tambi\u00e9n, atendemos, por supuesto, a las actividades de producci\u00f3n primaria y manufactureras. Es decir, atendemos a todos los rubros con respuestas que van dirigidas a las especificidades de cada sector\u00bb, explic\u00f3 Simes.<\/p>\n\n\n\n<p>As\u00ed mismo, destac\u00f3 el trabajo central del Fondo de Cr\u00e9dito: \u00absiempre trabajamos con dos ejes muy importantes de cr\u00e9ditos que son las herramientas m\u00e1s llamativas por las que se acercan a nuestra oficinas, pero tambi\u00e9n la asistencia t\u00e9cnica integral que venimos trabajando desde un inicio, en tres dimensiones de un programa de incubaci\u00f3n, tratando de generar los proyectos desde cero, aquellos que se acercan con una idea\u00bb.<\/p>\n\n\n\n<p>En tanto, detall\u00f3 los nuevos espacios que brinda la instituci\u00f3n a aquellos emprendedores que han accedido a un cr\u00e9dito: \u00abtambi\u00e9n financiamos ideas que es una caracter\u00edstica distintiva del Fondo de Cr\u00e9dito de Misiones, a\u00f1adiendo los trabajos a trav\u00e9s de capacitaciones y seguimientos t\u00e9cnicos posteriores a la monetizaci\u00f3n, tratando de construir un perfil de crecimiento de tres a cinco a\u00f1os; pero no lo hacemos solos, lo hacemos interactuando de forma cercana con las instituciones del medio que vienen acompa\u00f1ando a los emprendedores desde hace tiempo, las agencias de desarrollo de diversas localidades, institutos de formaci\u00f3n para, junto a ellos, acompa\u00f1ar a los emprendedores desde el costado t\u00e9cnico\u00bb, dijo y agreg\u00f3: \u00abhace poco hemos aprobado un programa de aceleraci\u00f3n que tiene, adem\u00e1s, nuevas herramientas donde los emprendedores pueden ocupar esas oficinas para capacitaciones y reuniones\u00bb.<\/p>\n\n\n\n<p>Los d\u00edas de atenci\u00f3n del Fondo de Cr\u00e9dito de Misiones son de lunes a viernes de 8 a 13 h. en sus respectivas sedes. Posadas: Av. Uruguay 2848, Ober\u00e1: Chubut 50, Eldorado: Jujuy 1677, Leandro N. Alem: Las Heras 132, San Vicente: Ricardo Balb\u00edn y Juan XXIII. Asimismo, el contacto de WhatsApp es: 0376 443-1139.<\/p>\n","protected":false},"excerpt":{"rendered":"<p>Generando apoyo econ\u00f3mico, t\u00e9cnico y din\u00e1mico a emprendedores de la provincia, el Fondo de cr\u00e9dito de Misiones cumpli\u00f3 5 a\u00f1os y su presidente, Horacio Simes destac\u00f3 el avance desde sus inicios hasta la actualidad. Enfrentando desaf\u00edos hace 5 a\u00f1os Horacio Simes, presidente del Fondo de Cr\u00e9dito de Misiones explic\u00f3 a LT17 Radio de la Provincia, [&hellip;]<\/p>\n","protected":false},"author":2,"featured_media":16303,"comment_status":"open","ping_status":"open","sticky":false,"template":"","format":"standard","meta":{"footnotes":""},"categories":[32],"tags":[],"class_list":["post-16302","post","type-post","status-publish","format-standard","has-post-thumbnail","hentry","category-economia"],"yoast_head":"<!-- This site is optimized with the Yoast SEO plugin v27.5 - https:\/\/yoast.com\/product\/yoast-seo-wordpress\/ -->\n<title>Financiar ideas, la caracter\u00edstica distintiva del Fondo de Cr\u00e9dito de Misiones | CVI NOTICIAS<\/title>\n<meta name=\"robots\" content=\"index, follow, max-snippet:-1, max-image-preview:large, max-video-preview:-1\" \/>\n<link rel=\"canonical\" href=\"https:\/\/cvinoticias.com\/v3\/financiar-ideas-la-caracteristica-distintiva-del-fondo-de-credito-de-misiones\/\" \/>\n<meta property=\"og:locale\" content=\"es_ES\" \/>\n<meta property=\"og:type\" content=\"article\" \/>\n<meta property=\"og:title\" content=\"Financiar ideas, la caracter\u00edstica distintiva del Fondo de Cr\u00e9dito de Misiones | CVI NOTICIAS\" \/>\n<meta property=\"og:description\" content=\"Generando apoyo econ\u00f3mico, t\u00e9cnico y din\u00e1mico a emprendedores de la provincia, el Fondo de cr\u00e9dito de Misiones cumpli\u00f3 5 a\u00f1os y su presidente, Horacio Simes destac\u00f3 el avance desde sus inicios hasta la actualidad. Enfrentando desaf\u00edos hace 5 a\u00f1os Horacio Simes, presidente del Fondo de Cr\u00e9dito de Misiones explic\u00f3 a LT17 Radio de la Provincia, [&hellip;]\" \/>\n<meta property=\"og:url\" content=\"https:\/\/cvinoticias.com\/v3\/financiar-ideas-la-caracteristica-distintiva-del-fondo-de-credito-de-misiones\/\" \/>\n<meta property=\"og:site_name\" content=\"CVI NOTICIAS\" \/>\n<meta property=\"article:publisher\" content=\"https:\/\/www.facebook.com\/cvinoticias\" \/>\n<meta property=\"article:published_time\" content=\"2022-06-01T11:07:00+00:00\" \/>\n<meta property=\"og:image\" content=\"https:\/\/cvinoticias.com\/wp-content\/uploads\/2022\/06\/IMG-20220601-WA0007.jpg\" \/>\n\t<meta property=\"og:image:width\" content=\"1280\" \/>\n\t<meta property=\"og:image:height\" content=\"844\" \/>\n\t<meta property=\"og:image:type\" content=\"image\/jpeg\" \/>\n<meta name=\"author\" content=\"f1000024\" \/>\n<meta name=\"twitter:card\" content=\"summary_large_image\" \/>\n<meta name=\"twitter:label1\" content=\"Escrito por\" \/>\n\t<meta name=\"twitter:data1\" content=\"f1000024\" \/>\n\t<meta name=\"twitter:label2\" content=\"Tiempo de lectura\" \/>\n\t<meta name=\"twitter:data2\" content=\"4 minutos\" \/>\n<script type=\"application\/ld+json\" class=\"yoast-schema-graph\">{\"@context\":\"https:\\\/\\\/schema.org\",\"@graph\":[{\"@type\":\"Article\",\"@id\":\"https:\\\/\\\/cvinoticias.com\\\/v3\\\/financiar-ideas-la-caracteristica-distintiva-del-fondo-de-credito-de-misiones\\\/#article\",\"isPartOf\":{\"@id\":\"https:\\\/\\\/cvinoticias.com\\\/v3\\\/financiar-ideas-la-caracteristica-distintiva-del-fondo-de-credito-de-misiones\\\/\"},\"author\":{\"name\":\"f1000024\",\"@id\":\"https:\\\/\\\/cvinoticias.com\\\/v3\\\/#\\\/schema\\\/person\\\/2db77e3c6bc03c538495d7b2b8be9b66\"},\"headline\":\"Financiar ideas, la caracter\u00edstica distintiva del Fondo de Cr\u00e9dito de Misiones\",\"datePublished\":\"2022-06-01T11:07:00+00:00\",\"mainEntityOfPage\":{\"@id\":\"https:\\\/\\\/cvinoticias.com\\\/v3\\\/financiar-ideas-la-caracteristica-distintiva-del-fondo-de-credito-de-misiones\\\/\"},\"wordCount\":862,\"commentCount\":0,\"publisher\":{\"@id\":\"https:\\\/\\\/cvinoticias.com\\\/v3\\\/#organization\"},\"image\":{\"@id\":\"https:\\\/\\\/cvinoticias.com\\\/v3\\\/financiar-ideas-la-caracteristica-distintiva-del-fondo-de-credito-de-misiones\\\/#primaryimage\"},\"thumbnailUrl\":\"https:\\\/\\\/cvinoticias.com\\\/wp-content\\\/uploads\\\/2022\\\/06\\\/IMG-20220601-WA0007.jpg\",\"articleSection\":[\"Econom\u00eda\"],\"inLanguage\":\"es\",\"potentialAction\":[{\"@type\":\"CommentAction\",\"name\":\"Comment\",\"target\":[\"https:\\\/\\\/cvinoticias.com\\\/v3\\\/financiar-ideas-la-caracteristica-distintiva-del-fondo-de-credito-de-misiones\\\/#respond\"]}]},{\"@type\":\"WebPage\",\"@id\":\"https:\\\/\\\/cvinoticias.com\\\/v3\\\/financiar-ideas-la-caracteristica-distintiva-del-fondo-de-credito-de-misiones\\\/\",\"url\":\"https:\\\/\\\/cvinoticias.com\\\/v3\\\/financiar-ideas-la-caracteristica-distintiva-del-fondo-de-credito-de-misiones\\\/\",\"name\":\"Financiar ideas, la caracter\u00edstica distintiva del Fondo de Cr\u00e9dito de Misiones | CVI NOTICIAS\",\"isPartOf\":{\"@id\":\"https:\\\/\\\/cvinoticias.com\\\/v3\\\/#website\"},\"primaryImageOfPage\":{\"@id\":\"https:\\\/\\\/cvinoticias.com\\\/v3\\\/financiar-ideas-la-caracteristica-distintiva-del-fondo-de-credito-de-misiones\\\/#primaryimage\"},\"image\":{\"@id\":\"https:\\\/\\\/cvinoticias.com\\\/v3\\\/financiar-ideas-la-caracteristica-distintiva-del-fondo-de-credito-de-misiones\\\/#primaryimage\"},\"thumbnailUrl\":\"https:\\\/\\\/cvinoticias.com\\\/wp-content\\\/uploads\\\/2022\\\/06\\\/IMG-20220601-WA0007.jpg\",\"datePublished\":\"2022-06-01T11:07:00+00:00\",\"breadcrumb\":{\"@id\":\"https:\\\/\\\/cvinoticias.com\\\/v3\\\/financiar-ideas-la-caracteristica-distintiva-del-fondo-de-credito-de-misiones\\\/#breadcrumb\"},\"inLanguage\":\"es\",\"potentialAction\":[{\"@type\":\"ReadAction\",\"target\":[\"https:\\\/\\\/cvinoticias.com\\\/v3\\\/financiar-ideas-la-caracteristica-distintiva-del-fondo-de-credito-de-misiones\\\/\"]}]},{\"@type\":\"ImageObject\",\"inLanguage\":\"es\",\"@id\":\"https:\\\/\\\/cvinoticias.com\\\/v3\\\/financiar-ideas-la-caracteristica-distintiva-del-fondo-de-credito-de-misiones\\\/#primaryimage\",\"url\":\"https:\\\/\\\/cvinoticias.com\\\/wp-content\\\/uploads\\\/2022\\\/06\\\/IMG-20220601-WA0007.jpg\",\"contentUrl\":\"https:\\\/\\\/cvinoticias.com\\\/wp-content\\\/uploads\\\/2022\\\/06\\\/IMG-20220601-WA0007.jpg\",\"width\":1280,\"height\":844},{\"@type\":\"BreadcrumbList\",\"@id\":\"https:\\\/\\\/cvinoticias.com\\\/v3\\\/financiar-ideas-la-caracteristica-distintiva-del-fondo-de-credito-de-misiones\\\/#breadcrumb\",\"itemListElement\":[{\"@type\":\"ListItem\",\"position\":1,\"name\":\"Portada\",\"item\":\"https:\\\/\\\/cvinoticias.com\\\/v3\\\/\"},{\"@type\":\"ListItem\",\"position\":2,\"name\":\"Financiar ideas, la caracter\u00edstica distintiva del Fondo de Cr\u00e9dito de Misiones\"}]},{\"@type\":\"WebSite\",\"@id\":\"https:\\\/\\\/cvinoticias.com\\\/v3\\\/#website\",\"url\":\"https:\\\/\\\/cvinoticias.com\\\/v3\\\/\",\"name\":\"CVI NOTICIAS\",\"description\":\"\",\"publisher\":{\"@id\":\"https:\\\/\\\/cvinoticias.com\\\/v3\\\/#organization\"},\"alternateName\":\"CVI\",\"potentialAction\":[{\"@type\":\"SearchAction\",\"target\":{\"@type\":\"EntryPoint\",\"urlTemplate\":\"https:\\\/\\\/cvinoticias.com\\\/v3\\\/?s={search_term_string}\"},\"query-input\":{\"@type\":\"PropertyValueSpecification\",\"valueRequired\":true,\"valueName\":\"search_term_string\"}}],\"inLanguage\":\"es\"},{\"@type\":\"Organization\",\"@id\":\"https:\\\/\\\/cvinoticias.com\\\/v3\\\/#organization\",\"name\":\"CVI NOTICIAS\",\"url\":\"https:\\\/\\\/cvinoticias.com\\\/v3\\\/\",\"logo\":{\"@type\":\"ImageObject\",\"inLanguage\":\"es\",\"@id\":\"https:\\\/\\\/cvinoticias.com\\\/v3\\\/#\\\/schema\\\/logo\\\/image\\\/\",\"url\":\"https:\\\/\\\/cvinoticias.com\\\/wp-content\\\/uploads\\\/2023\\\/04\\\/cropped-cropped-cropped-cropped-cropped-3-1.png\",\"contentUrl\":\"https:\\\/\\\/cvinoticias.com\\\/wp-content\\\/uploads\\\/2023\\\/04\\\/cropped-cropped-cropped-cropped-cropped-3-1.png\",\"width\":95,\"height\":122,\"caption\":\"CVI NOTICIAS\"},\"image\":{\"@id\":\"https:\\\/\\\/cvinoticias.com\\\/v3\\\/#\\\/schema\\\/logo\\\/image\\\/\"},\"sameAs\":[\"https:\\\/\\\/www.facebook.com\\\/cvinoticias\",\"https:\\\/\\\/www.instagram.com\\\/cvinoticias\\\/\",\"https:\\\/\\\/www.youtube.com\\\/@CVINOTICIAS\"]},{\"@type\":\"Person\",\"@id\":\"https:\\\/\\\/cvinoticias.com\\\/v3\\\/#\\\/schema\\\/person\\\/2db77e3c6bc03c538495d7b2b8be9b66\",\"name\":\"f1000024\",\"image\":{\"@type\":\"ImageObject\",\"inLanguage\":\"es\",\"@id\":\"https:\\\/\\\/secure.gravatar.com\\\/avatar\\\/d4fe7459cfc51ff5129ce1a732bbef5928568b8092d412ef95611616376bbeed?s=96&d=mm&r=g\",\"url\":\"https:\\\/\\\/secure.gravatar.com\\\/avatar\\\/d4fe7459cfc51ff5129ce1a732bbef5928568b8092d412ef95611616376bbeed?s=96&d=mm&r=g\",\"contentUrl\":\"https:\\\/\\\/secure.gravatar.com\\\/avatar\\\/d4fe7459cfc51ff5129ce1a732bbef5928568b8092d412ef95611616376bbeed?s=96&d=mm&r=g\",\"caption\":\"f1000024\"},\"url\":\"https:\\\/\\\/cvinoticias.com\\\/v3\\\/author\\\/f1000024\\\/\"}]}<\/script>\n<!-- \/ Yoast SEO plugin. -->","yoast_head_json":{"title":"Financiar ideas, la caracter\u00edstica distintiva del Fondo de Cr\u00e9dito de Misiones | CVI NOTICIAS","robots":{"index":"index","follow":"follow","max-snippet":"max-snippet:-1","max-image-preview":"max-image-preview:large","max-video-preview":"max-video-preview:-1"},"canonical":"https:\/\/cvinoticias.com\/v3\/financiar-ideas-la-caracteristica-distintiva-del-fondo-de-credito-de-misiones\/","og_locale":"es_ES","og_type":"article","og_title":"Financiar ideas, la caracter\u00edstica distintiva del Fondo de Cr\u00e9dito de Misiones | CVI NOTICIAS","og_description":"Generando apoyo econ\u00f3mico, t\u00e9cnico y din\u00e1mico a emprendedores de la provincia, el Fondo de cr\u00e9dito de Misiones cumpli\u00f3 5 a\u00f1os y su presidente, Horacio Simes destac\u00f3 el avance desde sus inicios hasta la actualidad. Enfrentando desaf\u00edos hace 5 a\u00f1os Horacio Simes, presidente del Fondo de Cr\u00e9dito de Misiones explic\u00f3 a LT17 Radio de la Provincia, [&hellip;]","og_url":"https:\/\/cvinoticias.com\/v3\/financiar-ideas-la-caracteristica-distintiva-del-fondo-de-credito-de-misiones\/","og_site_name":"CVI NOTICIAS","article_publisher":"https:\/\/www.facebook.com\/cvinoticias","article_published_time":"2022-06-01T11:07:00+00:00","og_image":[{"width":1280,"height":844,"url":"https:\/\/cvinoticias.com\/wp-content\/uploads\/2022\/06\/IMG-20220601-WA0007.jpg","type":"image\/jpeg"}],"author":"f1000024","twitter_card":"summary_large_image","twitter_misc":{"Escrito por":"f1000024","Tiempo de lectura":"4 minutos"},"schema":{"@context":"https:\/\/schema.org","@graph":[{"@type":"Article","@id":"https:\/\/cvinoticias.com\/v3\/financiar-ideas-la-caracteristica-distintiva-del-fondo-de-credito-de-misiones\/#article","isPartOf":{"@id":"https:\/\/cvinoticias.com\/v3\/financiar-ideas-la-caracteristica-distintiva-del-fondo-de-credito-de-misiones\/"},"author":{"name":"f1000024","@id":"https:\/\/cvinoticias.com\/v3\/#\/schema\/person\/2db77e3c6bc03c538495d7b2b8be9b66"},"headline":"Financiar ideas, la caracter\u00edstica distintiva del Fondo de Cr\u00e9dito de Misiones","datePublished":"2022-06-01T11:07:00+00:00","mainEntityOfPage":{"@id":"https:\/\/cvinoticias.com\/v3\/financiar-ideas-la-caracteristica-distintiva-del-fondo-de-credito-de-misiones\/"},"wordCount":862,"commentCount":0,"publisher":{"@id":"https:\/\/cvinoticias.com\/v3\/#organization"},"image":{"@id":"https:\/\/cvinoticias.com\/v3\/financiar-ideas-la-caracteristica-distintiva-del-fondo-de-credito-de-misiones\/#primaryimage"},"thumbnailUrl":"https:\/\/cvinoticias.com\/wp-content\/uploads\/2022\/06\/IMG-20220601-WA0007.jpg","articleSection":["Econom\u00eda"],"inLanguage":"es","potentialAction":[{"@type":"CommentAction","name":"Comment","target":["https:\/\/cvinoticias.com\/v3\/financiar-ideas-la-caracteristica-distintiva-del-fondo-de-credito-de-misiones\/#respond"]}]},{"@type":"WebPage","@id":"https:\/\/cvinoticias.com\/v3\/financiar-ideas-la-caracteristica-distintiva-del-fondo-de-credito-de-misiones\/","url":"https:\/\/cvinoticias.com\/v3\/financiar-ideas-la-caracteristica-distintiva-del-fondo-de-credito-de-misiones\/","name":"Financiar ideas, la caracter\u00edstica distintiva del Fondo de Cr\u00e9dito de Misiones | CVI NOTICIAS","isPartOf":{"@id":"https:\/\/cvinoticias.com\/v3\/#website"},"primaryImageOfPage":{"@id":"https:\/\/cvinoticias.com\/v3\/financiar-ideas-la-caracteristica-distintiva-del-fondo-de-credito-de-misiones\/#primaryimage"},"image":{"@id":"https:\/\/cvinoticias.com\/v3\/financiar-ideas-la-caracteristica-distintiva-del-fondo-de-credito-de-misiones\/#primaryimage"},"thumbnailUrl":"https:\/\/cvinoticias.com\/wp-content\/uploads\/2022\/06\/IMG-20220601-WA0007.jpg","datePublished":"2022-06-01T11:07:00+00:00","breadcrumb":{"@id":"https:\/\/cvinoticias.com\/v3\/financiar-ideas-la-caracteristica-distintiva-del-fondo-de-credito-de-misiones\/#breadcrumb"},"inLanguage":"es","potentialAction":[{"@type":"ReadAction","target":["https:\/\/cvinoticias.com\/v3\/financiar-ideas-la-caracteristica-distintiva-del-fondo-de-credito-de-misiones\/"]}]},{"@type":"ImageObject","inLanguage":"es","@id":"https:\/\/cvinoticias.com\/v3\/financiar-ideas-la-caracteristica-distintiva-del-fondo-de-credito-de-misiones\/#primaryimage","url":"https:\/\/cvinoticias.com\/wp-content\/uploads\/2022\/06\/IMG-20220601-WA0007.jpg","contentUrl":"https:\/\/cvinoticias.com\/wp-content\/uploads\/2022\/06\/IMG-20220601-WA0007.jpg","width":1280,"height":844},{"@type":"BreadcrumbList","@id":"https:\/\/cvinoticias.com\/v3\/financiar-ideas-la-caracteristica-distintiva-del-fondo-de-credito-de-misiones\/#breadcrumb","itemListElement":[{"@type":"ListItem","position":1,"name":"Portada","item":"https:\/\/cvinoticias.com\/v3\/"},{"@type":"ListItem","position":2,"name":"Financiar ideas, la caracter\u00edstica distintiva del Fondo de Cr\u00e9dito de Misiones"}]},{"@type":"WebSite","@id":"https:\/\/cvinoticias.com\/v3\/#website","url":"https:\/\/cvinoticias.com\/v3\/","name":"CVI NOTICIAS","description":"","publisher":{"@id":"https:\/\/cvinoticias.com\/v3\/#organization"},"alternateName":"CVI","potentialAction":[{"@type":"SearchAction","target":{"@type":"EntryPoint","urlTemplate":"https:\/\/cvinoticias.com\/v3\/?s={search_term_string}"},"query-input":{"@type":"PropertyValueSpecification","valueRequired":true,"valueName":"search_term_string"}}],"inLanguage":"es"},{"@type":"Organization","@id":"https:\/\/cvinoticias.com\/v3\/#organization","name":"CVI NOTICIAS","url":"https:\/\/cvinoticias.com\/v3\/","logo":{"@type":"ImageObject","inLanguage":"es","@id":"https:\/\/cvinoticias.com\/v3\/#\/schema\/logo\/image\/","url":"https:\/\/cvinoticias.com\/wp-content\/uploads\/2023\/04\/cropped-cropped-cropped-cropped-cropped-3-1.png","contentUrl":"https:\/\/cvinoticias.com\/wp-content\/uploads\/2023\/04\/cropped-cropped-cropped-cropped-cropped-3-1.png","width":95,"height":122,"caption":"CVI NOTICIAS"},"image":{"@id":"https:\/\/cvinoticias.com\/v3\/#\/schema\/logo\/image\/"},"sameAs":["https:\/\/www.facebook.com\/cvinoticias","https:\/\/www.instagram.com\/cvinoticias\/","https:\/\/www.youtube.com\/@CVINOTICIAS"]},{"@type":"Person","@id":"https:\/\/cvinoticias.com\/v3\/#\/schema\/person\/2db77e3c6bc03c538495d7b2b8be9b66","name":"f1000024","image":{"@type":"ImageObject","inLanguage":"es","@id":"https:\/\/secure.gravatar.com\/avatar\/d4fe7459cfc51ff5129ce1a732bbef5928568b8092d412ef95611616376bbeed?s=96&d=mm&r=g","url":"https:\/\/secure.gravatar.com\/avatar\/d4fe7459cfc51ff5129ce1a732bbef5928568b8092d412ef95611616376bbeed?s=96&d=mm&r=g","contentUrl":"https:\/\/secure.gravatar.com\/avatar\/d4fe7459cfc51ff5129ce1a732bbef5928568b8092d412ef95611616376bbeed?s=96&d=mm&r=g","caption":"f1000024"},"url":"https:\/\/cvinoticias.com\/v3\/author\/f1000024\/"}]}},"_links":{"self":[{"href":"https:\/\/cvinoticias.com\/v3\/wp-json\/wp\/v2\/posts\/16302","targetHints":{"allow":["GET"]}}],"collection":[{"href":"https:\/\/cvinoticias.com\/v3\/wp-json\/wp\/v2\/posts"}],"about":[{"href":"https:\/\/cvinoticias.com\/v3\/wp-json\/wp\/v2\/types\/post"}],"author":[{"embeddable":true,"href":"https:\/\/cvinoticias.com\/v3\/wp-json\/wp\/v2\/users\/2"}],"replies":[{"embeddable":true,"href":"https:\/\/cvinoticias.com\/v3\/wp-json\/wp\/v2\/comments?post=16302"}],"version-history":[{"count":1,"href":"https:\/\/cvinoticias.com\/v3\/wp-json\/wp\/v2\/posts\/16302\/revisions"}],"predecessor-version":[{"id":16304,"href":"https:\/\/cvinoticias.com\/v3\/wp-json\/wp\/v2\/posts\/16302\/revisions\/16304"}],"wp:featuredmedia":[{"embeddable":true,"href":"https:\/\/cvinoticias.com\/v3\/wp-json\/wp\/v2\/media\/16303"}],"wp:attachment":[{"href":"https:\/\/cvinoticias.com\/v3\/wp-json\/wp\/v2\/media?parent=16302"}],"wp:term":[{"taxonomy":"category","embeddable":true,"href":"https:\/\/cvinoticias.com\/v3\/wp-json\/wp\/v2\/categories?post=16302"},{"taxonomy":"post_tag","embeddable":true,"href":"https:\/\/cvinoticias.com\/v3\/wp-json\/wp\/v2\/tags?post=16302"}],"curies":[{"name":"wp","href":"https:\/\/api.w.org\/{rel}","templated":true}]}}