{"id":16254,"date":"2022-05-31T11:32:34","date_gmt":"2022-05-31T11:32:34","guid":{"rendered":"https:\/\/cvinoticias.com\/v3\/?p=16254"},"modified":"2022-05-31T11:32:34","modified_gmt":"2022-05-31T11:32:34","slug":"el-gobierno-volvio-a-postergar-la-actualizacion-de-los-impuestos-a-los-combustibles","status":"publish","type":"post","link":"https:\/\/cvinoticias.com\/v3\/el-gobierno-volvio-a-postergar-la-actualizacion-de-los-impuestos-a-los-combustibles\/","title":{"rendered":"El Gobierno volvi\u00f3 a postergar la actualizaci\u00f3n de los impuestos a los combustibles"},"content":{"rendered":"\n<p><strong><em>Se prorrog\u00f3 aumentar los impuestos hasta septiembre. Se busca evitar la suba de la nafta.<\/em><\/strong><\/p>\n\n\n\n<p>A trav\u00e9s del decreto presidencial 285\/2022 publicado este martes en el Bolet\u00edn Oficial, el Gobierno nacional posterg\u00f3 nuevamente la actualizaci\u00f3n de los montos de los impuestos a los Combustibles L\u00edquidos (ICL) y al Di\u00f3xido de Carbono (IDC) hasta el 1\u00b0 de septiembre.<\/p>\n\n\n\n<p>\u00abTrat\u00e1ndose de impuestos al consumo, y dado que la demanda de los combustibles l\u00edquidos es altamente inel\u00e1stica, las variaciones en los impuestos se trasladan en forma pr\u00e1cticamente directa a los precios finales de los combustibles\u00bb, argumenta la medida.<\/p>\n\n\n\n<p>En su considerando, la resoluci\u00f3n aclara que los montos fijos en pesos se establecen por unidades de medida para determinar el impuesto sobre los combustibles l\u00edquidos y la renta sobre el di\u00f3xido de carbono, respectivamente. Para hacer este c\u00e1lculo se aclara que se realiza sobre la base de las variaciones del \u00cdndice de Precios al Consumidor (IPC) que suministre el Instituto Nacional de estad\u00edsticas y Censos (INDEC).<\/p>\n\n\n\n<p>Seg\u00fan indica la resoluci\u00f3n, los montos fijos deben actualizarse en el primer, segundo, tercer y cuarto trimestre calendario. Sin embargo, a pesar de esto, desde finales de la administraci\u00f3n de Mauricio Macri y en varias oportunidades durante la gesti\u00f3n de Alberto Fern\u00e1ndez al frente del Poder Ejecutivo, las subas se fueron trasladando hacia adelante para evitar aumentos en las estaciones de servicio.<\/p>\n","protected":false},"excerpt":{"rendered":"<p>Se prorrog\u00f3 aumentar los impuestos hasta septiembre. Se busca evitar la suba de la nafta. A trav\u00e9s del decreto presidencial 285\/2022 publicado este martes en el Bolet\u00edn Oficial, el Gobierno nacional posterg\u00f3 nuevamente la actualizaci\u00f3n de los montos de los impuestos a los Combustibles L\u00edquidos (ICL) y al Di\u00f3xido de Carbono (IDC) hasta el 1\u00b0 [&hellip;]<\/p>\n","protected":false},"author":2,"featured_media":16255,"comment_status":"open","ping_status":"open","sticky":false,"template":"","format":"standard","meta":{"footnotes":""},"categories":[32],"tags":[],"class_list":["post-16254","post","type-post","status-publish","format-standard","has-post-thumbnail","hentry","category-economia"],"yoast_head":"<!-- This site is optimized with the Yoast SEO plugin v27.5 - https:\/\/yoast.com\/product\/yoast-seo-wordpress\/ -->\n<title>El Gobierno volvi\u00f3 a postergar la actualizaci\u00f3n de los impuestos a los combustibles | CVI NOTICIAS<\/title>\n<meta name=\"robots\" content=\"index, follow, max-snippet:-1, max-image-preview:large, max-video-preview:-1\" \/>\n<link rel=\"canonical\" href=\"https:\/\/cvinoticias.com\/v3\/el-gobierno-volvio-a-postergar-la-actualizacion-de-los-impuestos-a-los-combustibles\/\" \/>\n<meta property=\"og:locale\" content=\"es_ES\" \/>\n<meta property=\"og:type\" content=\"article\" \/>\n<meta property=\"og:title\" content=\"El Gobierno volvi\u00f3 a postergar la actualizaci\u00f3n de los impuestos a los combustibles | CVI NOTICIAS\" \/>\n<meta property=\"og:description\" content=\"Se prorrog\u00f3 aumentar los impuestos hasta septiembre. Se busca evitar la suba de la nafta. A trav\u00e9s del decreto presidencial 285\/2022 publicado este martes en el Bolet\u00edn Oficial, el Gobierno nacional posterg\u00f3 nuevamente la actualizaci\u00f3n de los montos de los impuestos a los Combustibles L\u00edquidos (ICL) y al Di\u00f3xido de Carbono (IDC) hasta el 1\u00b0 [&hellip;]\" \/>\n<meta property=\"og:url\" content=\"https:\/\/cvinoticias.com\/v3\/el-gobierno-volvio-a-postergar-la-actualizacion-de-los-impuestos-a-los-combustibles\/\" \/>\n<meta property=\"og:site_name\" content=\"CVI NOTICIAS\" \/>\n<meta property=\"article:publisher\" content=\"https:\/\/www.facebook.com\/cvinoticias\" \/>\n<meta property=\"article:published_time\" content=\"2022-05-31T11:32:34+00:00\" \/>\n<meta property=\"og:image\" content=\"https:\/\/cvinoticias.com\/wp-content\/uploads\/2022\/05\/0000052118.jpg\" \/>\n\t<meta property=\"og:image:width\" content=\"696\" \/>\n\t<meta property=\"og:image:height\" content=\"499\" \/>\n\t<meta property=\"og:image:type\" content=\"image\/jpeg\" \/>\n<meta name=\"author\" content=\"f1000024\" \/>\n<meta name=\"twitter:card\" content=\"summary_large_image\" \/>\n<meta name=\"twitter:label1\" content=\"Escrito por\" \/>\n\t<meta name=\"twitter:data1\" content=\"f1000024\" \/>\n\t<meta name=\"twitter:label2\" content=\"Tiempo de lectura\" \/>\n\t<meta name=\"twitter:data2\" content=\"1 minuto\" \/>\n<script type=\"application\/ld+json\" class=\"yoast-schema-graph\">{\"@context\":\"https:\\\/\\\/schema.org\",\"@graph\":[{\"@type\":\"Article\",\"@id\":\"https:\\\/\\\/cvinoticias.com\\\/v3\\\/el-gobierno-volvio-a-postergar-la-actualizacion-de-los-impuestos-a-los-combustibles\\\/#article\",\"isPartOf\":{\"@id\":\"https:\\\/\\\/cvinoticias.com\\\/v3\\\/el-gobierno-volvio-a-postergar-la-actualizacion-de-los-impuestos-a-los-combustibles\\\/\"},\"author\":{\"name\":\"f1000024\",\"@id\":\"https:\\\/\\\/cvinoticias.com\\\/v3\\\/#\\\/schema\\\/person\\\/2db77e3c6bc03c538495d7b2b8be9b66\"},\"headline\":\"El Gobierno volvi\u00f3 a postergar la actualizaci\u00f3n de los impuestos a los combustibles\",\"datePublished\":\"2022-05-31T11:32:34+00:00\",\"mainEntityOfPage\":{\"@id\":\"https:\\\/\\\/cvinoticias.com\\\/v3\\\/el-gobierno-volvio-a-postergar-la-actualizacion-de-los-impuestos-a-los-combustibles\\\/\"},\"wordCount\":255,\"commentCount\":0,\"publisher\":{\"@id\":\"https:\\\/\\\/cvinoticias.com\\\/v3\\\/#organization\"},\"image\":{\"@id\":\"https:\\\/\\\/cvinoticias.com\\\/v3\\\/el-gobierno-volvio-a-postergar-la-actualizacion-de-los-impuestos-a-los-combustibles\\\/#primaryimage\"},\"thumbnailUrl\":\"https:\\\/\\\/cvinoticias.com\\\/wp-content\\\/uploads\\\/2022\\\/05\\\/0000052118.jpg\",\"articleSection\":[\"Econom\u00eda\"],\"inLanguage\":\"es\",\"potentialAction\":[{\"@type\":\"CommentAction\",\"name\":\"Comment\",\"target\":[\"https:\\\/\\\/cvinoticias.com\\\/v3\\\/el-gobierno-volvio-a-postergar-la-actualizacion-de-los-impuestos-a-los-combustibles\\\/#respond\"]}]},{\"@type\":\"WebPage\",\"@id\":\"https:\\\/\\\/cvinoticias.com\\\/v3\\\/el-gobierno-volvio-a-postergar-la-actualizacion-de-los-impuestos-a-los-combustibles\\\/\",\"url\":\"https:\\\/\\\/cvinoticias.com\\\/v3\\\/el-gobierno-volvio-a-postergar-la-actualizacion-de-los-impuestos-a-los-combustibles\\\/\",\"name\":\"El Gobierno volvi\u00f3 a postergar la actualizaci\u00f3n de los impuestos a los combustibles | CVI NOTICIAS\",\"isPartOf\":{\"@id\":\"https:\\\/\\\/cvinoticias.com\\\/v3\\\/#website\"},\"primaryImageOfPage\":{\"@id\":\"https:\\\/\\\/cvinoticias.com\\\/v3\\\/el-gobierno-volvio-a-postergar-la-actualizacion-de-los-impuestos-a-los-combustibles\\\/#primaryimage\"},\"image\":{\"@id\":\"https:\\\/\\\/cvinoticias.com\\\/v3\\\/el-gobierno-volvio-a-postergar-la-actualizacion-de-los-impuestos-a-los-combustibles\\\/#primaryimage\"},\"thumbnailUrl\":\"https:\\\/\\\/cvinoticias.com\\\/wp-content\\\/uploads\\\/2022\\\/05\\\/0000052118.jpg\",\"datePublished\":\"2022-05-31T11:32:34+00:00\",\"breadcrumb\":{\"@id\":\"https:\\\/\\\/cvinoticias.com\\\/v3\\\/el-gobierno-volvio-a-postergar-la-actualizacion-de-los-impuestos-a-los-combustibles\\\/#breadcrumb\"},\"inLanguage\":\"es\",\"potentialAction\":[{\"@type\":\"ReadAction\",\"target\":[\"https:\\\/\\\/cvinoticias.com\\\/v3\\\/el-gobierno-volvio-a-postergar-la-actualizacion-de-los-impuestos-a-los-combustibles\\\/\"]}]},{\"@type\":\"ImageObject\",\"inLanguage\":\"es\",\"@id\":\"https:\\\/\\\/cvinoticias.com\\\/v3\\\/el-gobierno-volvio-a-postergar-la-actualizacion-de-los-impuestos-a-los-combustibles\\\/#primaryimage\",\"url\":\"https:\\\/\\\/cvinoticias.com\\\/wp-content\\\/uploads\\\/2022\\\/05\\\/0000052118.jpg\",\"contentUrl\":\"https:\\\/\\\/cvinoticias.com\\\/wp-content\\\/uploads\\\/2022\\\/05\\\/0000052118.jpg\",\"width\":696,\"height\":499},{\"@type\":\"BreadcrumbList\",\"@id\":\"https:\\\/\\\/cvinoticias.com\\\/v3\\\/el-gobierno-volvio-a-postergar-la-actualizacion-de-los-impuestos-a-los-combustibles\\\/#breadcrumb\",\"itemListElement\":[{\"@type\":\"ListItem\",\"position\":1,\"name\":\"Portada\",\"item\":\"https:\\\/\\\/cvinoticias.com\\\/v3\\\/\"},{\"@type\":\"ListItem\",\"position\":2,\"name\":\"El Gobierno volvi\u00f3 a postergar la actualizaci\u00f3n de los impuestos a los combustibles\"}]},{\"@type\":\"WebSite\",\"@id\":\"https:\\\/\\\/cvinoticias.com\\\/v3\\\/#website\",\"url\":\"https:\\\/\\\/cvinoticias.com\\\/v3\\\/\",\"name\":\"CVI NOTICIAS\",\"description\":\"\",\"publisher\":{\"@id\":\"https:\\\/\\\/cvinoticias.com\\\/v3\\\/#organization\"},\"alternateName\":\"CVI\",\"potentialAction\":[{\"@type\":\"SearchAction\",\"target\":{\"@type\":\"EntryPoint\",\"urlTemplate\":\"https:\\\/\\\/cvinoticias.com\\\/v3\\\/?s={search_term_string}\"},\"query-input\":{\"@type\":\"PropertyValueSpecification\",\"valueRequired\":true,\"valueName\":\"search_term_string\"}}],\"inLanguage\":\"es\"},{\"@type\":\"Organization\",\"@id\":\"https:\\\/\\\/cvinoticias.com\\\/v3\\\/#organization\",\"name\":\"CVI NOTICIAS\",\"url\":\"https:\\\/\\\/cvinoticias.com\\\/v3\\\/\",\"logo\":{\"@type\":\"ImageObject\",\"inLanguage\":\"es\",\"@id\":\"https:\\\/\\\/cvinoticias.com\\\/v3\\\/#\\\/schema\\\/logo\\\/image\\\/\",\"url\":\"https:\\\/\\\/cvinoticias.com\\\/wp-content\\\/uploads\\\/2023\\\/04\\\/cropped-cropped-cropped-cropped-cropped-3-1.png\",\"contentUrl\":\"https:\\\/\\\/cvinoticias.com\\\/wp-content\\\/uploads\\\/2023\\\/04\\\/cropped-cropped-cropped-cropped-cropped-3-1.png\",\"width\":95,\"height\":122,\"caption\":\"CVI NOTICIAS\"},\"image\":{\"@id\":\"https:\\\/\\\/cvinoticias.com\\\/v3\\\/#\\\/schema\\\/logo\\\/image\\\/\"},\"sameAs\":[\"https:\\\/\\\/www.facebook.com\\\/cvinoticias\",\"https:\\\/\\\/www.instagram.com\\\/cvinoticias\\\/\",\"https:\\\/\\\/www.youtube.com\\\/@CVINOTICIAS\"]},{\"@type\":\"Person\",\"@id\":\"https:\\\/\\\/cvinoticias.com\\\/v3\\\/#\\\/schema\\\/person\\\/2db77e3c6bc03c538495d7b2b8be9b66\",\"name\":\"f1000024\",\"image\":{\"@type\":\"ImageObject\",\"inLanguage\":\"es\",\"@id\":\"https:\\\/\\\/secure.gravatar.com\\\/avatar\\\/d4fe7459cfc51ff5129ce1a732bbef5928568b8092d412ef95611616376bbeed?s=96&d=mm&r=g\",\"url\":\"https:\\\/\\\/secure.gravatar.com\\\/avatar\\\/d4fe7459cfc51ff5129ce1a732bbef5928568b8092d412ef95611616376bbeed?s=96&d=mm&r=g\",\"contentUrl\":\"https:\\\/\\\/secure.gravatar.com\\\/avatar\\\/d4fe7459cfc51ff5129ce1a732bbef5928568b8092d412ef95611616376bbeed?s=96&d=mm&r=g\",\"caption\":\"f1000024\"},\"url\":\"https:\\\/\\\/cvinoticias.com\\\/v3\\\/author\\\/f1000024\\\/\"}]}<\/script>\n<!-- \/ Yoast SEO plugin. -->","yoast_head_json":{"title":"El Gobierno volvi\u00f3 a postergar la actualizaci\u00f3n de los impuestos a los combustibles | CVI NOTICIAS","robots":{"index":"index","follow":"follow","max-snippet":"max-snippet:-1","max-image-preview":"max-image-preview:large","max-video-preview":"max-video-preview:-1"},"canonical":"https:\/\/cvinoticias.com\/v3\/el-gobierno-volvio-a-postergar-la-actualizacion-de-los-impuestos-a-los-combustibles\/","og_locale":"es_ES","og_type":"article","og_title":"El Gobierno volvi\u00f3 a postergar la actualizaci\u00f3n de los impuestos a los combustibles | CVI NOTICIAS","og_description":"Se prorrog\u00f3 aumentar los impuestos hasta septiembre. Se busca evitar la suba de la nafta. A trav\u00e9s del decreto presidencial 285\/2022 publicado este martes en el Bolet\u00edn Oficial, el Gobierno nacional posterg\u00f3 nuevamente la actualizaci\u00f3n de los montos de los impuestos a los Combustibles L\u00edquidos (ICL) y al Di\u00f3xido de Carbono (IDC) hasta el 1\u00b0 [&hellip;]","og_url":"https:\/\/cvinoticias.com\/v3\/el-gobierno-volvio-a-postergar-la-actualizacion-de-los-impuestos-a-los-combustibles\/","og_site_name":"CVI NOTICIAS","article_publisher":"https:\/\/www.facebook.com\/cvinoticias","article_published_time":"2022-05-31T11:32:34+00:00","og_image":[{"width":696,"height":499,"url":"https:\/\/cvinoticias.com\/wp-content\/uploads\/2022\/05\/0000052118.jpg","type":"image\/jpeg"}],"author":"f1000024","twitter_card":"summary_large_image","twitter_misc":{"Escrito por":"f1000024","Tiempo de lectura":"1 minuto"},"schema":{"@context":"https:\/\/schema.org","@graph":[{"@type":"Article","@id":"https:\/\/cvinoticias.com\/v3\/el-gobierno-volvio-a-postergar-la-actualizacion-de-los-impuestos-a-los-combustibles\/#article","isPartOf":{"@id":"https:\/\/cvinoticias.com\/v3\/el-gobierno-volvio-a-postergar-la-actualizacion-de-los-impuestos-a-los-combustibles\/"},"author":{"name":"f1000024","@id":"https:\/\/cvinoticias.com\/v3\/#\/schema\/person\/2db77e3c6bc03c538495d7b2b8be9b66"},"headline":"El Gobierno volvi\u00f3 a postergar la actualizaci\u00f3n de los impuestos a los combustibles","datePublished":"2022-05-31T11:32:34+00:00","mainEntityOfPage":{"@id":"https:\/\/cvinoticias.com\/v3\/el-gobierno-volvio-a-postergar-la-actualizacion-de-los-impuestos-a-los-combustibles\/"},"wordCount":255,"commentCount":0,"publisher":{"@id":"https:\/\/cvinoticias.com\/v3\/#organization"},"image":{"@id":"https:\/\/cvinoticias.com\/v3\/el-gobierno-volvio-a-postergar-la-actualizacion-de-los-impuestos-a-los-combustibles\/#primaryimage"},"thumbnailUrl":"https:\/\/cvinoticias.com\/wp-content\/uploads\/2022\/05\/0000052118.jpg","articleSection":["Econom\u00eda"],"inLanguage":"es","potentialAction":[{"@type":"CommentAction","name":"Comment","target":["https:\/\/cvinoticias.com\/v3\/el-gobierno-volvio-a-postergar-la-actualizacion-de-los-impuestos-a-los-combustibles\/#respond"]}]},{"@type":"WebPage","@id":"https:\/\/cvinoticias.com\/v3\/el-gobierno-volvio-a-postergar-la-actualizacion-de-los-impuestos-a-los-combustibles\/","url":"https:\/\/cvinoticias.com\/v3\/el-gobierno-volvio-a-postergar-la-actualizacion-de-los-impuestos-a-los-combustibles\/","name":"El Gobierno volvi\u00f3 a postergar la actualizaci\u00f3n de los impuestos a los combustibles | CVI NOTICIAS","isPartOf":{"@id":"https:\/\/cvinoticias.com\/v3\/#website"},"primaryImageOfPage":{"@id":"https:\/\/cvinoticias.com\/v3\/el-gobierno-volvio-a-postergar-la-actualizacion-de-los-impuestos-a-los-combustibles\/#primaryimage"},"image":{"@id":"https:\/\/cvinoticias.com\/v3\/el-gobierno-volvio-a-postergar-la-actualizacion-de-los-impuestos-a-los-combustibles\/#primaryimage"},"thumbnailUrl":"https:\/\/cvinoticias.com\/wp-content\/uploads\/2022\/05\/0000052118.jpg","datePublished":"2022-05-31T11:32:34+00:00","breadcrumb":{"@id":"https:\/\/cvinoticias.com\/v3\/el-gobierno-volvio-a-postergar-la-actualizacion-de-los-impuestos-a-los-combustibles\/#breadcrumb"},"inLanguage":"es","potentialAction":[{"@type":"ReadAction","target":["https:\/\/cvinoticias.com\/v3\/el-gobierno-volvio-a-postergar-la-actualizacion-de-los-impuestos-a-los-combustibles\/"]}]},{"@type":"ImageObject","inLanguage":"es","@id":"https:\/\/cvinoticias.com\/v3\/el-gobierno-volvio-a-postergar-la-actualizacion-de-los-impuestos-a-los-combustibles\/#primaryimage","url":"https:\/\/cvinoticias.com\/wp-content\/uploads\/2022\/05\/0000052118.jpg","contentUrl":"https:\/\/cvinoticias.com\/wp-content\/uploads\/2022\/05\/0000052118.jpg","width":696,"height":499},{"@type":"BreadcrumbList","@id":"https:\/\/cvinoticias.com\/v3\/el-gobierno-volvio-a-postergar-la-actualizacion-de-los-impuestos-a-los-combustibles\/#breadcrumb","itemListElement":[{"@type":"ListItem","position":1,"name":"Portada","item":"https:\/\/cvinoticias.com\/v3\/"},{"@type":"ListItem","position":2,"name":"El Gobierno volvi\u00f3 a postergar la actualizaci\u00f3n de los impuestos a los combustibles"}]},{"@type":"WebSite","@id":"https:\/\/cvinoticias.com\/v3\/#website","url":"https:\/\/cvinoticias.com\/v3\/","name":"CVI NOTICIAS","description":"","publisher":{"@id":"https:\/\/cvinoticias.com\/v3\/#organization"},"alternateName":"CVI","potentialAction":[{"@type":"SearchAction","target":{"@type":"EntryPoint","urlTemplate":"https:\/\/cvinoticias.com\/v3\/?s={search_term_string}"},"query-input":{"@type":"PropertyValueSpecification","valueRequired":true,"valueName":"search_term_string"}}],"inLanguage":"es"},{"@type":"Organization","@id":"https:\/\/cvinoticias.com\/v3\/#organization","name":"CVI NOTICIAS","url":"https:\/\/cvinoticias.com\/v3\/","logo":{"@type":"ImageObject","inLanguage":"es","@id":"https:\/\/cvinoticias.com\/v3\/#\/schema\/logo\/image\/","url":"https:\/\/cvinoticias.com\/wp-content\/uploads\/2023\/04\/cropped-cropped-cropped-cropped-cropped-3-1.png","contentUrl":"https:\/\/cvinoticias.com\/wp-content\/uploads\/2023\/04\/cropped-cropped-cropped-cropped-cropped-3-1.png","width":95,"height":122,"caption":"CVI NOTICIAS"},"image":{"@id":"https:\/\/cvinoticias.com\/v3\/#\/schema\/logo\/image\/"},"sameAs":["https:\/\/www.facebook.com\/cvinoticias","https:\/\/www.instagram.com\/cvinoticias\/","https:\/\/www.youtube.com\/@CVINOTICIAS"]},{"@type":"Person","@id":"https:\/\/cvinoticias.com\/v3\/#\/schema\/person\/2db77e3c6bc03c538495d7b2b8be9b66","name":"f1000024","image":{"@type":"ImageObject","inLanguage":"es","@id":"https:\/\/secure.gravatar.com\/avatar\/d4fe7459cfc51ff5129ce1a732bbef5928568b8092d412ef95611616376bbeed?s=96&d=mm&r=g","url":"https:\/\/secure.gravatar.com\/avatar\/d4fe7459cfc51ff5129ce1a732bbef5928568b8092d412ef95611616376bbeed?s=96&d=mm&r=g","contentUrl":"https:\/\/secure.gravatar.com\/avatar\/d4fe7459cfc51ff5129ce1a732bbef5928568b8092d412ef95611616376bbeed?s=96&d=mm&r=g","caption":"f1000024"},"url":"https:\/\/cvinoticias.com\/v3\/author\/f1000024\/"}]}},"_links":{"self":[{"href":"https:\/\/cvinoticias.com\/v3\/wp-json\/wp\/v2\/posts\/16254","targetHints":{"allow":["GET"]}}],"collection":[{"href":"https:\/\/cvinoticias.com\/v3\/wp-json\/wp\/v2\/posts"}],"about":[{"href":"https:\/\/cvinoticias.com\/v3\/wp-json\/wp\/v2\/types\/post"}],"author":[{"embeddable":true,"href":"https:\/\/cvinoticias.com\/v3\/wp-json\/wp\/v2\/users\/2"}],"replies":[{"embeddable":true,"href":"https:\/\/cvinoticias.com\/v3\/wp-json\/wp\/v2\/comments?post=16254"}],"version-history":[{"count":1,"href":"https:\/\/cvinoticias.com\/v3\/wp-json\/wp\/v2\/posts\/16254\/revisions"}],"predecessor-version":[{"id":16256,"href":"https:\/\/cvinoticias.com\/v3\/wp-json\/wp\/v2\/posts\/16254\/revisions\/16256"}],"wp:featuredmedia":[{"embeddable":true,"href":"https:\/\/cvinoticias.com\/v3\/wp-json\/wp\/v2\/media\/16255"}],"wp:attachment":[{"href":"https:\/\/cvinoticias.com\/v3\/wp-json\/wp\/v2\/media?parent=16254"}],"wp:term":[{"taxonomy":"category","embeddable":true,"href":"https:\/\/cvinoticias.com\/v3\/wp-json\/wp\/v2\/categories?post=16254"},{"taxonomy":"post_tag","embeddable":true,"href":"https:\/\/cvinoticias.com\/v3\/wp-json\/wp\/v2\/tags?post=16254"}],"curies":[{"name":"wp","href":"https:\/\/api.w.org\/{rel}","templated":true}]}}