{"id":16205,"date":"2022-05-29T12:17:03","date_gmt":"2022-05-29T12:17:03","guid":{"rendered":"https:\/\/cvinoticias.com\/v3\/?p=16205"},"modified":"2022-05-29T12:17:03","modified_gmt":"2022-05-29T12:17:03","slug":"provincia-revolucionaria","status":"publish","type":"post","link":"https:\/\/cvinoticias.com\/v3\/provincia-revolucionaria\/","title":{"rendered":"PROVINCIA REVOLUCIONARIA"},"content":{"rendered":"\n<p><strong><em>Frente a un poder central que no mira a Misiones, el Gobierno Provincial contin\u00faa luchando por la reivindicaci\u00f3n de un verdadero federalismo. Los inconclusos sue\u00f1os inspiradores de la Revoluci\u00f3n de Mayo marcan el norte de una gesta irrenunciable.<\/em><\/strong><\/p>\n\n\n\n<p>A decir del fil\u00f3sofo y soci\u00f3logo alem\u00e1n Axel Honneth, uno de los exponentes m\u00e1s importantes de la tercera generaci\u00f3n de la Escuela de Frankfurt, no se puede describir toda la gama de sentimientos provocados por las desigualdades, pero s\u00ed mencionar las emociones que caracterizan su individualizaci\u00f3n. La primera de ellas es la omnipresencia del sentimiento de desprecio, la impresi\u00f3n de ser invisible o no ser visto por lo que uno es.<\/p>\n\n\n\n<p><strong>Contra el desprecio, el respeto se convierte en el valor central.<\/strong><\/p>\n\n\n\n<p>El soci\u00f3logo franc\u00e9s Fran\u00e7ois Dubet sostiene que desde el punto de vista pol\u00edtico, las desigualdades solo tienen sentido en la medida en que se las considere justas o injustas, a fin de defenderlas o combatirlas. En todos los casos, debe justific\u00e1rselas. Este an\u00e1lisis supone que movilicemos principios de justicia, principios compartidos y capaces de convencer a los otros de la justicia o la injusticia de una desigualdad.<br>En paralelo con el tema del desprecio, hoy en d\u00eda las desigualdades se denuncian como una falta de reconocimiento. La noci\u00f3n de reconocimiento engloba varias figuras de las desigualdades y las injusticias.<\/p>\n\n\n\n<p>Todas las modalidades de la falta de reconocimiento difieren profundamente en cuanto a car\u00e1cter, porque remiten a principios de justicia distintos. Como proponen Nancy Fraser y Alex Honneth, es posible ver con mayor claridad si se distinguen el dominio del reconocimiento y el de la justicia social. El reconocimiento concierne a los problemas de identidad, de g\u00e9nero o de dignidad, mientras que la justicia social se reserva el dominio de la redistribuci\u00f3n y las desigualdades sociales.<\/p>\n\n\n\n<p><strong>Ahora bien, \u00bfqu\u00e9 es justo o injusto reconocer?<\/strong><\/p>\n\n\n\n<p>Detr\u00e1s de la polisemia de la reivindicaci\u00f3n se plantea una exigencia de justicia.<br>Si damos cr\u00e9dito a las encuestas relativas al sentimiento de injusticia, m\u00e1s all\u00e1 de la individualizaci\u00f3n de la experiencia de las desigualdades, los actores sociales movilizan criterios de justicia comunes. Cuando se pregunta a los individuos por qu\u00e9 son injustas las desigualdades que sufran sus argumentaciones se organizan en torno a tres principios: igualdad, m\u00e9rito y autonom\u00eda.<\/p>\n\n\n\n<p>En los \u00faltimos tiempos, viene calando hondo en el sentir social la sensaci\u00f3n de que somos cada vez m\u00e1s ignorados por el pa\u00eds central. Desde promesas incumplidas como la Zona Aduanera Especial hasta cuestiones que por derecho nos corresponden, es grande el abanico de gestos y acciones del Gobierno Nacional que dan fuerza a esa tesitura. Y hablando de injusticias, Misiones aporta a la Naci\u00f3n tres veces m\u00e1s de lo que recibe en concepto de Coparticipaci\u00f3n.<\/p>\n\n\n\n<p><strong>La revoluci\u00f3n es un sue\u00f1o eterno<\/strong><\/p>\n\n\n\n<p>El territorio de las Misiones siempre ha tenido gran relevancia en la historia del federalismo argentino. El antecedente m\u00e1s antiguo nos lleva a la redacci\u00f3n, de pu\u00f1o y letra del General Manuel Belgrano, de las bases del que se ha considerado el Primer Proyecto de Constituci\u00f3n del R\u00edo de la Plata, el cual culmin\u00f3 a finales de diciembre de 1810 en el Campamento de Tacuar\u00ed. Del trabajo llevado adelante por Belgrano result\u00f3 el Reglamento para R\u00e9gimen Pol\u00edtico y Administrativo y Reforma de los 30 Pueblos de las Misiones, reglamento este que fuera incorporado por Juan Bautista Alberdi como uno de las bases de la Constituci\u00f3n Nacional.<\/p>\n\n\n\n<p>Otro hito hist\u00f3rico se produjo cuando los Pueblos de las Misiones, bajo el mando del pr\u00f3cer Andresito Gua\u00e7urar\u00ed, se sumaron y fueron parte de la gran gesta federalista que por impulso de Gervasio Artigas dio origen a la Liga de los Pueblos Libres, tambi\u00e9n conocida como la Liga Federal, la cual tuvo su momento c\u00falmine el 29 de Junio de 1815 en el arroyo de la China (Concepci\u00f3n del Uruguay \u2013 Entre R\u00edos) cuando se desarroll\u00f3 el Congreso de los Pueblos Libres, que ten\u00eda como finalidad alcanzar la organizaci\u00f3n pol\u00edtica de las provincias federales, adoptando medidas econ\u00f3micas y comerciales.<\/p>\n\n\n\n<p>Ahora bien, en honor a la verdad la vigencia del federalismo a lo largo de la historia argentina no ha logrado pasar de ser m\u00e1s que una proclama, que nunca pudo ser realmente efectivizada por las trabas impuestas por el poder central.<br>La realidad demuestra que las provincias argentinas no tienen poder, y el inorg\u00e1nico poder que alguna vez pudieron haber ostentado, lo han perdido despu\u00e9s de la Batalla de Pav\u00f3n y de la brutal matanza de Ca\u00f1ada de G\u00f3mez, llevada adelante por los ej\u00e9rcitos lanzados sobre el interior del pa\u00eds en la \u201cGuerra de Polic\u00eda\u201d pregonada por Bartolom\u00e9 Mitre y Domingo Faustino Sarmiento y criticada fuertemente por Juan Bautista Alberdi.<\/p>\n\n\n\n<p>Es importante recordar siempre el devenir hist\u00f3rico para entender el presente y vislumbrar hacia donde puede direccionarse el futuro.<br>La Semana de Mayo fue el momento propicio para que desde el Gobierno Provincial baje un fuerte mensaje a la sociedad misionera: seguir llevando adelante esa Revoluci\u00f3n movida por los sue\u00f1os inspiradores inconclusos. En una Argentina desproporcionadamente desigual y centralista, donde el federalismo es nada m\u00e1s que un enunciado, desde Misiones se sigue levantando la voz para reclamar lo que le corresponde a su pueblo.<\/p>\n\n\n\n<p>Con un video publicado en sus redes sociales, el Ing. Carlos Rovira, conductor del Frente Renovador de la Concordia, dej\u00f3 plasmado el sentir del Proyecto Misionerista: \u201cLa Revoluci\u00f3n es un sue\u00f1o eterno. La Revoluci\u00f3n de Mayo, nuestra revoluci\u00f3n. Y es ese uno de nuestros sue\u00f1os inspiradores, de seguir acompa\u00f1ando, buscando esa Revoluci\u00f3n con otros medios, con otras herramientas por supuesto. Ya no se levantan armas, ya no hay caudillos. Con las ideas estamos combatiendo. En paz, sin grieta, porque somos antigrieta, pero nuestras ideas forman parte de esos sue\u00f1os inspiradores del Misionerismo\u201d.<\/p>\n\n\n\n<p>En el mismo sentido, en ocasi\u00f3n del multitudinario acto y desfile c\u00edvico-militar realizado en la costanera de la Ciudad de Posadas, hecho que signific\u00f3 el regreso de las grandes convocatorias populares luego de dos a\u00f1os de pandemia, el Gobernador Herrera Ahuad puso en relieve el esp\u00edritu revolucionario de la Provincia de Misiones, que bajo la gu\u00eda de Carlos Rovira \u201cse encamin\u00f3 a una revoluci\u00f3n que tiene que ver con las ciencias de la salud y con la salud misma de la provincia. Misiones ha dado claras muestras a la Argentina, a la regi\u00f3n y al mundo de c\u00f3mo se puede cuidar a su pueblo.<\/p>\n\n\n\n<p>Tambi\u00e9n ha sido revolucionaria en materia educativa con la educaci\u00f3n disruptiva en las diferentes escuelas formativas de rob\u00f3tica, de innovaci\u00f3n y las tecnolog\u00edas aplicadas a la econom\u00eda del conocimiento\u201d. En otro tramo de su discurso, siguiendo con la reivindicaci\u00f3n de la actitud con la que la provincia encara los procesos hist\u00f3ricos agreg\u00f3 que: \u201cMisiones es revolucionaria en leyes que contemplan la seguridad jur\u00eddica y la seguridad de todo el pueblo. Somos una provincia revolucionaria en el aspecto cultural y en industrializaci\u00f3n. Una provincia que ha tomado su autonom\u00eda como un eje, sujeto y objeto de sus pol\u00edticas p\u00fablicas que llegan a la gente\u201d.<\/p>\n\n\n\n<p><strong>Los datos del censo, una raz\u00f3n m\u00e1s para un justo reclamo<\/strong><\/p>\n\n\n\n<p>La provincia de Misiones es actualmente la novena con m\u00e1s habitantes de la Argentina, por delante se encuentran Buenos Aires, C\u00f3rdoba, Santa Fe, la Ciudad Aut\u00f3noma de Buenos Aires, Mendoza, Tucum\u00e1n, Salta y Entre R\u00edos. Sin embargo, contra toda l\u00f3gica, a la hora del reparto de una Coparticipaci\u00f3n cada vez m\u00e1s discrecional se ubica en el puesto 21, entre 24 jurisdicciones.<\/p>\n\n\n\n<p>Tomando como ejemplo el a\u00f1o 2017, Misiones recib\u00eda por mes una suma de $10.321 por cada misionero en concepto de Coparticipaci\u00f3n Federal de impuestos, lo que la ubicaba en el puesto 19 en la tabla de reparto con una poblaci\u00f3n que apenas superaba el mill\u00f3n doscientos mil habitantes.<\/p>\n\n\n\n<p>Actualmente, la provincia recibe $10.010 por cada habitante por mes, con una poblaci\u00f3n de 1.400.000 habitantes, seg\u00fan estimaciones de organismos oficiales. De esta forma, adem\u00e1s de la disminuci\u00f3n en los fondos que recibe, pas\u00f3 al puesto 21.<\/p>\n\n\n\n<p>Si bien los datos finales del Censo 2022 no fueron oficializados, el Gobierno ya tiene estimaciones de lo que puede arrojar en n\u00famero de habitantes, lo que da fundamentos v\u00e1lidos respecto a la necesidad de recibir m\u00e1s recursos para atender diversas cuestiones como vivienda, educaci\u00f3n, servicio de salud, seguridad, obras p\u00fablicas, entre otras.<\/p>\n\n\n\n<p>Ante esta situaci\u00f3n de creciente desigualdad e injusticia en el reparto de fondos provenientes de la Coparticipaci\u00f3n de impuestos, el Gobierno misionero ha elaborado un informe que ser\u00e1 elevado al Congreso de la Naci\u00f3n y al Poder Ejecutivo Nacional, con s\u00f3lidos fundamentos de que Misiones debe recibir, por lo menos, un punto m\u00e1s en concepto de Coparticipaci\u00f3n debido al aumento demogr\u00e1fico, que es superior al de las otras 23 jurisdicciones. De esta forma, el porcentaje pasar\u00eda del 3,43% al 4,43%.<\/p>\n\n\n\n<p>En ese sentido, en declaraciones brindadas al diario Primera Edici\u00f3n, el Ministro de Hacienda, Adolfo Safr\u00e1n, manifest\u00f3 que \u201ca Misiones le corresponde, por lo menos, un punto m\u00e1s de coparticipaci\u00f3n. Eso equivale a $4.000 millones m\u00e1s por mes\u201d. Y agreg\u00f3: \u201ccon esa readecuaci\u00f3n nos ubicar\u00edamos del puesto 21 al puesto 15, que es un acercamiento a lo que merecemos\u201d. Asimismo, destac\u00f3 que los datos del nuevo censo van a profundizar la desigualdad y dar\u00e1 fundamentos concretos a la provincia para intensificar el reclamo por mejorar la coparticipaci\u00f3n.<\/p>\n\n\n\n<p><strong>Por<\/strong> <strong>Nicol\u00e1s Marchiori:<br>Abogado. Diplomado en Manejo de Crisis y en An\u00e1lisis de Procesos Electorales. Posgrado de Especializaci\u00f3n en Comunicaci\u00f3n de Gobierno y Electoral. Becario de la Fundaci\u00f3n Konrad Adenauer y del Centro de An\u00e1lisis y Entrenamiento Pol\u00edtico &#8211; CAEP (Colombia).<\/strong><\/p>\n","protected":false},"excerpt":{"rendered":"<p>Frente a un poder central que no mira a Misiones, el Gobierno Provincial contin\u00faa luchando por la reivindicaci\u00f3n de un verdadero federalismo. Los inconclusos sue\u00f1os inspiradores de la Revoluci\u00f3n de Mayo marcan el norte de una gesta irrenunciable. A decir del fil\u00f3sofo y soci\u00f3logo alem\u00e1n Axel Honneth, uno de los exponentes m\u00e1s importantes de la [&hellip;]<\/p>\n","protected":false},"author":2,"featured_media":16206,"comment_status":"open","ping_status":"open","sticky":false,"template":"","format":"standard","meta":{"footnotes":""},"categories":[42],"tags":[],"class_list":["post-16205","post","type-post","status-publish","format-standard","has-post-thumbnail","hentry","category-politica"],"yoast_head":"<!-- This site is optimized with the Yoast SEO plugin v27.5 - https:\/\/yoast.com\/product\/yoast-seo-wordpress\/ -->\n<title>PROVINCIA REVOLUCIONARIA | CVI NOTICIAS<\/title>\n<meta name=\"robots\" content=\"index, follow, max-snippet:-1, max-image-preview:large, max-video-preview:-1\" \/>\n<link rel=\"canonical\" href=\"https:\/\/cvinoticias.com\/v3\/provincia-revolucionaria\/\" \/>\n<meta property=\"og:locale\" content=\"es_ES\" \/>\n<meta property=\"og:type\" content=\"article\" \/>\n<meta property=\"og:title\" content=\"PROVINCIA REVOLUCIONARIA | CVI NOTICIAS\" \/>\n<meta property=\"og:description\" content=\"Frente a un poder central que no mira a Misiones, el Gobierno Provincial contin\u00faa luchando por la reivindicaci\u00f3n de un verdadero federalismo. Los inconclusos sue\u00f1os inspiradores de la Revoluci\u00f3n de Mayo marcan el norte de una gesta irrenunciable. A decir del fil\u00f3sofo y soci\u00f3logo alem\u00e1n Axel Honneth, uno de los exponentes m\u00e1s importantes de la [&hellip;]\" \/>\n<meta property=\"og:url\" content=\"https:\/\/cvinoticias.com\/v3\/provincia-revolucionaria\/\" \/>\n<meta property=\"og:site_name\" content=\"CVI NOTICIAS\" \/>\n<meta property=\"article:publisher\" content=\"https:\/\/www.facebook.com\/cvinoticias\" \/>\n<meta property=\"article:published_time\" content=\"2022-05-29T12:17:03+00:00\" \/>\n<meta property=\"og:image\" content=\"https:\/\/cvinoticias.com\/wp-content\/uploads\/2022\/05\/IMG-20220529-WA0001.jpg\" \/>\n\t<meta property=\"og:image:width\" content=\"1024\" \/>\n\t<meta property=\"og:image:height\" content=\"678\" \/>\n\t<meta property=\"og:image:type\" content=\"image\/jpeg\" \/>\n<meta name=\"author\" content=\"f1000024\" \/>\n<meta name=\"twitter:card\" content=\"summary_large_image\" \/>\n<meta name=\"twitter:label1\" content=\"Escrito por\" \/>\n\t<meta name=\"twitter:data1\" content=\"f1000024\" \/>\n\t<meta name=\"twitter:label2\" content=\"Tiempo de lectura\" \/>\n\t<meta name=\"twitter:data2\" content=\"8 minutos\" \/>\n<script type=\"application\/ld+json\" class=\"yoast-schema-graph\">{\"@context\":\"https:\\\/\\\/schema.org\",\"@graph\":[{\"@type\":\"Article\",\"@id\":\"https:\\\/\\\/cvinoticias.com\\\/v3\\\/provincia-revolucionaria\\\/#article\",\"isPartOf\":{\"@id\":\"https:\\\/\\\/cvinoticias.com\\\/v3\\\/provincia-revolucionaria\\\/\"},\"author\":{\"name\":\"f1000024\",\"@id\":\"https:\\\/\\\/cvinoticias.com\\\/v3\\\/#\\\/schema\\\/person\\\/2db77e3c6bc03c538495d7b2b8be9b66\"},\"headline\":\"PROVINCIA REVOLUCIONARIA\",\"datePublished\":\"2022-05-29T12:17:03+00:00\",\"mainEntityOfPage\":{\"@id\":\"https:\\\/\\\/cvinoticias.com\\\/v3\\\/provincia-revolucionaria\\\/\"},\"wordCount\":1699,\"commentCount\":0,\"publisher\":{\"@id\":\"https:\\\/\\\/cvinoticias.com\\\/v3\\\/#organization\"},\"image\":{\"@id\":\"https:\\\/\\\/cvinoticias.com\\\/v3\\\/provincia-revolucionaria\\\/#primaryimage\"},\"thumbnailUrl\":\"https:\\\/\\\/cvinoticias.com\\\/wp-content\\\/uploads\\\/2022\\\/05\\\/IMG-20220529-WA0001.jpg\",\"articleSection\":[\"Politica\"],\"inLanguage\":\"es\",\"potentialAction\":[{\"@type\":\"CommentAction\",\"name\":\"Comment\",\"target\":[\"https:\\\/\\\/cvinoticias.com\\\/v3\\\/provincia-revolucionaria\\\/#respond\"]}]},{\"@type\":\"WebPage\",\"@id\":\"https:\\\/\\\/cvinoticias.com\\\/v3\\\/provincia-revolucionaria\\\/\",\"url\":\"https:\\\/\\\/cvinoticias.com\\\/v3\\\/provincia-revolucionaria\\\/\",\"name\":\"PROVINCIA REVOLUCIONARIA | CVI NOTICIAS\",\"isPartOf\":{\"@id\":\"https:\\\/\\\/cvinoticias.com\\\/v3\\\/#website\"},\"primaryImageOfPage\":{\"@id\":\"https:\\\/\\\/cvinoticias.com\\\/v3\\\/provincia-revolucionaria\\\/#primaryimage\"},\"image\":{\"@id\":\"https:\\\/\\\/cvinoticias.com\\\/v3\\\/provincia-revolucionaria\\\/#primaryimage\"},\"thumbnailUrl\":\"https:\\\/\\\/cvinoticias.com\\\/wp-content\\\/uploads\\\/2022\\\/05\\\/IMG-20220529-WA0001.jpg\",\"datePublished\":\"2022-05-29T12:17:03+00:00\",\"breadcrumb\":{\"@id\":\"https:\\\/\\\/cvinoticias.com\\\/v3\\\/provincia-revolucionaria\\\/#breadcrumb\"},\"inLanguage\":\"es\",\"potentialAction\":[{\"@type\":\"ReadAction\",\"target\":[\"https:\\\/\\\/cvinoticias.com\\\/v3\\\/provincia-revolucionaria\\\/\"]}]},{\"@type\":\"ImageObject\",\"inLanguage\":\"es\",\"@id\":\"https:\\\/\\\/cvinoticias.com\\\/v3\\\/provincia-revolucionaria\\\/#primaryimage\",\"url\":\"https:\\\/\\\/cvinoticias.com\\\/wp-content\\\/uploads\\\/2022\\\/05\\\/IMG-20220529-WA0001.jpg\",\"contentUrl\":\"https:\\\/\\\/cvinoticias.com\\\/wp-content\\\/uploads\\\/2022\\\/05\\\/IMG-20220529-WA0001.jpg\",\"width\":1024,\"height\":678},{\"@type\":\"BreadcrumbList\",\"@id\":\"https:\\\/\\\/cvinoticias.com\\\/v3\\\/provincia-revolucionaria\\\/#breadcrumb\",\"itemListElement\":[{\"@type\":\"ListItem\",\"position\":1,\"name\":\"Portada\",\"item\":\"https:\\\/\\\/cvinoticias.com\\\/v3\\\/\"},{\"@type\":\"ListItem\",\"position\":2,\"name\":\"PROVINCIA REVOLUCIONARIA\"}]},{\"@type\":\"WebSite\",\"@id\":\"https:\\\/\\\/cvinoticias.com\\\/v3\\\/#website\",\"url\":\"https:\\\/\\\/cvinoticias.com\\\/v3\\\/\",\"name\":\"CVI NOTICIAS\",\"description\":\"\",\"publisher\":{\"@id\":\"https:\\\/\\\/cvinoticias.com\\\/v3\\\/#organization\"},\"alternateName\":\"CVI\",\"potentialAction\":[{\"@type\":\"SearchAction\",\"target\":{\"@type\":\"EntryPoint\",\"urlTemplate\":\"https:\\\/\\\/cvinoticias.com\\\/v3\\\/?s={search_term_string}\"},\"query-input\":{\"@type\":\"PropertyValueSpecification\",\"valueRequired\":true,\"valueName\":\"search_term_string\"}}],\"inLanguage\":\"es\"},{\"@type\":\"Organization\",\"@id\":\"https:\\\/\\\/cvinoticias.com\\\/v3\\\/#organization\",\"name\":\"CVI NOTICIAS\",\"url\":\"https:\\\/\\\/cvinoticias.com\\\/v3\\\/\",\"logo\":{\"@type\":\"ImageObject\",\"inLanguage\":\"es\",\"@id\":\"https:\\\/\\\/cvinoticias.com\\\/v3\\\/#\\\/schema\\\/logo\\\/image\\\/\",\"url\":\"https:\\\/\\\/cvinoticias.com\\\/wp-content\\\/uploads\\\/2023\\\/04\\\/cropped-cropped-cropped-cropped-cropped-3-1.png\",\"contentUrl\":\"https:\\\/\\\/cvinoticias.com\\\/wp-content\\\/uploads\\\/2023\\\/04\\\/cropped-cropped-cropped-cropped-cropped-3-1.png\",\"width\":95,\"height\":122,\"caption\":\"CVI NOTICIAS\"},\"image\":{\"@id\":\"https:\\\/\\\/cvinoticias.com\\\/v3\\\/#\\\/schema\\\/logo\\\/image\\\/\"},\"sameAs\":[\"https:\\\/\\\/www.facebook.com\\\/cvinoticias\",\"https:\\\/\\\/www.instagram.com\\\/cvinoticias\\\/\",\"https:\\\/\\\/www.youtube.com\\\/@CVINOTICIAS\"]},{\"@type\":\"Person\",\"@id\":\"https:\\\/\\\/cvinoticias.com\\\/v3\\\/#\\\/schema\\\/person\\\/2db77e3c6bc03c538495d7b2b8be9b66\",\"name\":\"f1000024\",\"image\":{\"@type\":\"ImageObject\",\"inLanguage\":\"es\",\"@id\":\"https:\\\/\\\/secure.gravatar.com\\\/avatar\\\/d4fe7459cfc51ff5129ce1a732bbef5928568b8092d412ef95611616376bbeed?s=96&d=mm&r=g\",\"url\":\"https:\\\/\\\/secure.gravatar.com\\\/avatar\\\/d4fe7459cfc51ff5129ce1a732bbef5928568b8092d412ef95611616376bbeed?s=96&d=mm&r=g\",\"contentUrl\":\"https:\\\/\\\/secure.gravatar.com\\\/avatar\\\/d4fe7459cfc51ff5129ce1a732bbef5928568b8092d412ef95611616376bbeed?s=96&d=mm&r=g\",\"caption\":\"f1000024\"},\"url\":\"https:\\\/\\\/cvinoticias.com\\\/v3\\\/author\\\/f1000024\\\/\"}]}<\/script>\n<!-- \/ Yoast SEO plugin. -->","yoast_head_json":{"title":"PROVINCIA REVOLUCIONARIA | CVI NOTICIAS","robots":{"index":"index","follow":"follow","max-snippet":"max-snippet:-1","max-image-preview":"max-image-preview:large","max-video-preview":"max-video-preview:-1"},"canonical":"https:\/\/cvinoticias.com\/v3\/provincia-revolucionaria\/","og_locale":"es_ES","og_type":"article","og_title":"PROVINCIA REVOLUCIONARIA | CVI NOTICIAS","og_description":"Frente a un poder central que no mira a Misiones, el Gobierno Provincial contin\u00faa luchando por la reivindicaci\u00f3n de un verdadero federalismo. Los inconclusos sue\u00f1os inspiradores de la Revoluci\u00f3n de Mayo marcan el norte de una gesta irrenunciable. A decir del fil\u00f3sofo y soci\u00f3logo alem\u00e1n Axel Honneth, uno de los exponentes m\u00e1s importantes de la [&hellip;]","og_url":"https:\/\/cvinoticias.com\/v3\/provincia-revolucionaria\/","og_site_name":"CVI NOTICIAS","article_publisher":"https:\/\/www.facebook.com\/cvinoticias","article_published_time":"2022-05-29T12:17:03+00:00","og_image":[{"width":1024,"height":678,"url":"https:\/\/cvinoticias.com\/wp-content\/uploads\/2022\/05\/IMG-20220529-WA0001.jpg","type":"image\/jpeg"}],"author":"f1000024","twitter_card":"summary_large_image","twitter_misc":{"Escrito por":"f1000024","Tiempo de lectura":"8 minutos"},"schema":{"@context":"https:\/\/schema.org","@graph":[{"@type":"Article","@id":"https:\/\/cvinoticias.com\/v3\/provincia-revolucionaria\/#article","isPartOf":{"@id":"https:\/\/cvinoticias.com\/v3\/provincia-revolucionaria\/"},"author":{"name":"f1000024","@id":"https:\/\/cvinoticias.com\/v3\/#\/schema\/person\/2db77e3c6bc03c538495d7b2b8be9b66"},"headline":"PROVINCIA REVOLUCIONARIA","datePublished":"2022-05-29T12:17:03+00:00","mainEntityOfPage":{"@id":"https:\/\/cvinoticias.com\/v3\/provincia-revolucionaria\/"},"wordCount":1699,"commentCount":0,"publisher":{"@id":"https:\/\/cvinoticias.com\/v3\/#organization"},"image":{"@id":"https:\/\/cvinoticias.com\/v3\/provincia-revolucionaria\/#primaryimage"},"thumbnailUrl":"https:\/\/cvinoticias.com\/wp-content\/uploads\/2022\/05\/IMG-20220529-WA0001.jpg","articleSection":["Politica"],"inLanguage":"es","potentialAction":[{"@type":"CommentAction","name":"Comment","target":["https:\/\/cvinoticias.com\/v3\/provincia-revolucionaria\/#respond"]}]},{"@type":"WebPage","@id":"https:\/\/cvinoticias.com\/v3\/provincia-revolucionaria\/","url":"https:\/\/cvinoticias.com\/v3\/provincia-revolucionaria\/","name":"PROVINCIA REVOLUCIONARIA | CVI NOTICIAS","isPartOf":{"@id":"https:\/\/cvinoticias.com\/v3\/#website"},"primaryImageOfPage":{"@id":"https:\/\/cvinoticias.com\/v3\/provincia-revolucionaria\/#primaryimage"},"image":{"@id":"https:\/\/cvinoticias.com\/v3\/provincia-revolucionaria\/#primaryimage"},"thumbnailUrl":"https:\/\/cvinoticias.com\/wp-content\/uploads\/2022\/05\/IMG-20220529-WA0001.jpg","datePublished":"2022-05-29T12:17:03+00:00","breadcrumb":{"@id":"https:\/\/cvinoticias.com\/v3\/provincia-revolucionaria\/#breadcrumb"},"inLanguage":"es","potentialAction":[{"@type":"ReadAction","target":["https:\/\/cvinoticias.com\/v3\/provincia-revolucionaria\/"]}]},{"@type":"ImageObject","inLanguage":"es","@id":"https:\/\/cvinoticias.com\/v3\/provincia-revolucionaria\/#primaryimage","url":"https:\/\/cvinoticias.com\/wp-content\/uploads\/2022\/05\/IMG-20220529-WA0001.jpg","contentUrl":"https:\/\/cvinoticias.com\/wp-content\/uploads\/2022\/05\/IMG-20220529-WA0001.jpg","width":1024,"height":678},{"@type":"BreadcrumbList","@id":"https:\/\/cvinoticias.com\/v3\/provincia-revolucionaria\/#breadcrumb","itemListElement":[{"@type":"ListItem","position":1,"name":"Portada","item":"https:\/\/cvinoticias.com\/v3\/"},{"@type":"ListItem","position":2,"name":"PROVINCIA REVOLUCIONARIA"}]},{"@type":"WebSite","@id":"https:\/\/cvinoticias.com\/v3\/#website","url":"https:\/\/cvinoticias.com\/v3\/","name":"CVI NOTICIAS","description":"","publisher":{"@id":"https:\/\/cvinoticias.com\/v3\/#organization"},"alternateName":"CVI","potentialAction":[{"@type":"SearchAction","target":{"@type":"EntryPoint","urlTemplate":"https:\/\/cvinoticias.com\/v3\/?s={search_term_string}"},"query-input":{"@type":"PropertyValueSpecification","valueRequired":true,"valueName":"search_term_string"}}],"inLanguage":"es"},{"@type":"Organization","@id":"https:\/\/cvinoticias.com\/v3\/#organization","name":"CVI NOTICIAS","url":"https:\/\/cvinoticias.com\/v3\/","logo":{"@type":"ImageObject","inLanguage":"es","@id":"https:\/\/cvinoticias.com\/v3\/#\/schema\/logo\/image\/","url":"https:\/\/cvinoticias.com\/wp-content\/uploads\/2023\/04\/cropped-cropped-cropped-cropped-cropped-3-1.png","contentUrl":"https:\/\/cvinoticias.com\/wp-content\/uploads\/2023\/04\/cropped-cropped-cropped-cropped-cropped-3-1.png","width":95,"height":122,"caption":"CVI NOTICIAS"},"image":{"@id":"https:\/\/cvinoticias.com\/v3\/#\/schema\/logo\/image\/"},"sameAs":["https:\/\/www.facebook.com\/cvinoticias","https:\/\/www.instagram.com\/cvinoticias\/","https:\/\/www.youtube.com\/@CVINOTICIAS"]},{"@type":"Person","@id":"https:\/\/cvinoticias.com\/v3\/#\/schema\/person\/2db77e3c6bc03c538495d7b2b8be9b66","name":"f1000024","image":{"@type":"ImageObject","inLanguage":"es","@id":"https:\/\/secure.gravatar.com\/avatar\/d4fe7459cfc51ff5129ce1a732bbef5928568b8092d412ef95611616376bbeed?s=96&d=mm&r=g","url":"https:\/\/secure.gravatar.com\/avatar\/d4fe7459cfc51ff5129ce1a732bbef5928568b8092d412ef95611616376bbeed?s=96&d=mm&r=g","contentUrl":"https:\/\/secure.gravatar.com\/avatar\/d4fe7459cfc51ff5129ce1a732bbef5928568b8092d412ef95611616376bbeed?s=96&d=mm&r=g","caption":"f1000024"},"url":"https:\/\/cvinoticias.com\/v3\/author\/f1000024\/"}]}},"_links":{"self":[{"href":"https:\/\/cvinoticias.com\/v3\/wp-json\/wp\/v2\/posts\/16205","targetHints":{"allow":["GET"]}}],"collection":[{"href":"https:\/\/cvinoticias.com\/v3\/wp-json\/wp\/v2\/posts"}],"about":[{"href":"https:\/\/cvinoticias.com\/v3\/wp-json\/wp\/v2\/types\/post"}],"author":[{"embeddable":true,"href":"https:\/\/cvinoticias.com\/v3\/wp-json\/wp\/v2\/users\/2"}],"replies":[{"embeddable":true,"href":"https:\/\/cvinoticias.com\/v3\/wp-json\/wp\/v2\/comments?post=16205"}],"version-history":[{"count":1,"href":"https:\/\/cvinoticias.com\/v3\/wp-json\/wp\/v2\/posts\/16205\/revisions"}],"predecessor-version":[{"id":16207,"href":"https:\/\/cvinoticias.com\/v3\/wp-json\/wp\/v2\/posts\/16205\/revisions\/16207"}],"wp:featuredmedia":[{"embeddable":true,"href":"https:\/\/cvinoticias.com\/v3\/wp-json\/wp\/v2\/media\/16206"}],"wp:attachment":[{"href":"https:\/\/cvinoticias.com\/v3\/wp-json\/wp\/v2\/media?parent=16205"}],"wp:term":[{"taxonomy":"category","embeddable":true,"href":"https:\/\/cvinoticias.com\/v3\/wp-json\/wp\/v2\/categories?post=16205"},{"taxonomy":"post_tag","embeddable":true,"href":"https:\/\/cvinoticias.com\/v3\/wp-json\/wp\/v2\/tags?post=16205"}],"curies":[{"name":"wp","href":"https:\/\/api.w.org\/{rel}","templated":true}]}}