{"id":16199,"date":"2022-05-28T17:42:21","date_gmt":"2022-05-28T17:42:21","guid":{"rendered":"https:\/\/cvinoticias.com\/v3\/?p=16199"},"modified":"2022-05-28T17:42:21","modified_gmt":"2022-05-28T17:42:21","slug":"las-cataratas-del-iguazu-estan-entre-los-destinos-mas-buscados-para-la-temporada-de-invierno-2022","status":"publish","type":"post","link":"https:\/\/cvinoticias.com\/v3\/las-cataratas-del-iguazu-estan-entre-los-destinos-mas-buscados-para-la-temporada-de-invierno-2022\/","title":{"rendered":"Las Cataratas del Iguaz\u00fa est\u00e1n entre los destinos m\u00e1s buscados para la temporada de invierno 2022"},"content":{"rendered":"\n<p><em><strong>En el\u00a0 relevamiento de Booking.com, Bariloche, la ciudad de Buenos Aires, Iguaz\u00fa, Mendoza y Salta se encuentran en el top 5 para los meses de julio y agosto.<\/strong><\/em><\/p>\n\n\n\n<p><em>Se espera un per\u00edodo de vacaciones entre julio y agosto de muchos viajes. La demanda de reservas a nivel global est\u00e1 un 15% m\u00e1s alta que en este mismo periodo del a\u00f1o en 2019 \u2013 antes de la pandemia \u2013 lo que establecer\u00eda un r\u00e9cord tur\u00edstico para esta \u00e9poca del a\u00f1o en todo el mundo.<\/em><\/p>\n\n\n\n<p><strong>Booking.com<\/strong>, el l\u00edder digital que hace que conocer el mundo sea m\u00e1s f\u00e1cil para todos,&nbsp;<strong>realiz\u00f3 un relevamiento para conocer cu\u00e1les son los destinos que ya est\u00e1n en la mira de los viajeros argentinos para viajar durante julio y agosto<\/strong>. La informaci\u00f3n se refiere a b\u00fasquedas realizadas por los argentinos en las dos \u00faltimas semanas de abril con fechas de check in durante el per\u00edodo julio-agosto y no significan necesariamente reservas.<\/p>\n\n\n\n<p><strong>Los diez destinos m\u00e1s buscados durante el mes de abril para check-in entre julio y agosto de 2022<\/strong><\/p>\n\n\n\n<p><em>\u201cSin dudas el turismo ha enfrentado momentos dif\u00edciles en los \u00faltimos a\u00f1os, pero confiamos en una fuerte recuperaci\u00f3n. La demanda de viajes dom\u00e9sticos continuar\u00e1 siendo una importante tendencia durante las pr\u00f3ximas vacaciones de invierno y estamos prepar\u00e1ndonos para atender a esta demanda\u201d,<\/em>&nbsp;expres\u00f3 Jimena Gutierrez, Gerente de Booking.com para Argentina, Uruguay y Paraguay.<\/p>\n\n\n\n<p><strong>Booking.com<\/strong>&nbsp;anunci\u00f3 recientemente que se espera un periodo vacacional julio-agosto&nbsp; en todo el mundo de muchos viajes, dado que en este momento hay un crecimiento global de reservas para las vacaciones de mitad del a\u00f1o de m\u00e1s de 15%&nbsp; respecto al mismo periodo de 2019, antes de la pandemia, lo que marcar\u00eda un r\u00e9cord para esta \u00e9poca del a\u00f1o<\/p>\n\n\n\n<p>Otra tendencia identificada por la plataforma, adem\u00e1s del aumento de b\u00fasquedas, es el uso de dispositivos m\u00f3viles en la planificaci\u00f3n de viajes. De hecho, la aplicaci\u00f3n\u00a0<strong>Booking.com<\/strong>\u00a0alcanz\u00f3 un nuevo r\u00e9cord de usuarios activos mensuales en todo el mundo en el primer trimestre de este a\u00f1o, manteniendo su posici\u00f3n como la aplicaci\u00f3n de agencia de viajes online (OTA) m\u00e1s descargada a nivel mundial, seg\u00fan una consultora de investigaci\u00f3n.\u00a0<\/p>\n\n\n\n<p><strong>Fuente: Economis<\/strong><\/p>\n","protected":false},"excerpt":{"rendered":"<p>En el\u00a0 relevamiento de Booking.com, Bariloche, la ciudad de Buenos Aires, Iguaz\u00fa, Mendoza y Salta se encuentran en el top 5 para los meses de julio y agosto. Se espera un per\u00edodo de vacaciones entre julio y agosto de muchos viajes. La demanda de reservas a nivel global est\u00e1 un 15% m\u00e1s alta que en [&hellip;]<\/p>\n","protected":false},"author":2,"featured_media":16200,"comment_status":"open","ping_status":"open","sticky":false,"template":"","format":"standard","meta":{"footnotes":""},"categories":[50],"tags":[],"class_list":["post-16199","post","type-post","status-publish","format-standard","has-post-thumbnail","hentry","category-turismo"],"yoast_head":"<!-- This site is optimized with the Yoast SEO plugin v27.5 - https:\/\/yoast.com\/product\/yoast-seo-wordpress\/ -->\n<title>Las Cataratas del Iguaz\u00fa est\u00e1n entre los destinos m\u00e1s buscados para la temporada de invierno 2022 | CVI NOTICIAS<\/title>\n<meta name=\"robots\" content=\"index, follow, max-snippet:-1, max-image-preview:large, max-video-preview:-1\" \/>\n<link rel=\"canonical\" href=\"https:\/\/cvinoticias.com\/v3\/las-cataratas-del-iguazu-estan-entre-los-destinos-mas-buscados-para-la-temporada-de-invierno-2022\/\" \/>\n<meta property=\"og:locale\" content=\"es_ES\" \/>\n<meta property=\"og:type\" content=\"article\" \/>\n<meta property=\"og:title\" content=\"Las Cataratas del Iguaz\u00fa est\u00e1n entre los destinos m\u00e1s buscados para la temporada de invierno 2022 | CVI NOTICIAS\" \/>\n<meta property=\"og:description\" content=\"En el\u00a0 relevamiento de Booking.com, Bariloche, la ciudad de Buenos Aires, Iguaz\u00fa, Mendoza y Salta se encuentran en el top 5 para los meses de julio y agosto. Se espera un per\u00edodo de vacaciones entre julio y agosto de muchos viajes. La demanda de reservas a nivel global est\u00e1 un 15% m\u00e1s alta que en [&hellip;]\" \/>\n<meta property=\"og:url\" content=\"https:\/\/cvinoticias.com\/v3\/las-cataratas-del-iguazu-estan-entre-los-destinos-mas-buscados-para-la-temporada-de-invierno-2022\/\" \/>\n<meta property=\"og:site_name\" content=\"CVI NOTICIAS\" \/>\n<meta property=\"article:publisher\" content=\"https:\/\/www.facebook.com\/cvinoticias\" \/>\n<meta property=\"article:published_time\" content=\"2022-05-28T17:42:21+00:00\" \/>\n<meta property=\"og:image\" content=\"https:\/\/cvinoticias.com\/wp-content\/uploads\/2022\/05\/Screenshot_20220528-144105_Facebook.jpg\" \/>\n\t<meta property=\"og:image:width\" content=\"1008\" \/>\n\t<meta property=\"og:image:height\" content=\"676\" \/>\n\t<meta property=\"og:image:type\" content=\"image\/jpeg\" \/>\n<meta name=\"author\" content=\"f1000024\" \/>\n<meta name=\"twitter:card\" content=\"summary_large_image\" \/>\n<meta name=\"twitter:label1\" content=\"Escrito por\" \/>\n\t<meta name=\"twitter:data1\" content=\"f1000024\" \/>\n\t<meta name=\"twitter:label2\" content=\"Tiempo de lectura\" \/>\n\t<meta name=\"twitter:data2\" content=\"2 minutos\" \/>\n<script type=\"application\/ld+json\" class=\"yoast-schema-graph\">{\"@context\":\"https:\\\/\\\/schema.org\",\"@graph\":[{\"@type\":\"Article\",\"@id\":\"https:\\\/\\\/cvinoticias.com\\\/v3\\\/las-cataratas-del-iguazu-estan-entre-los-destinos-mas-buscados-para-la-temporada-de-invierno-2022\\\/#article\",\"isPartOf\":{\"@id\":\"https:\\\/\\\/cvinoticias.com\\\/v3\\\/las-cataratas-del-iguazu-estan-entre-los-destinos-mas-buscados-para-la-temporada-de-invierno-2022\\\/\"},\"author\":{\"name\":\"f1000024\",\"@id\":\"https:\\\/\\\/cvinoticias.com\\\/v3\\\/#\\\/schema\\\/person\\\/2db77e3c6bc03c538495d7b2b8be9b66\"},\"headline\":\"Las Cataratas del Iguaz\u00fa est\u00e1n entre los destinos m\u00e1s buscados para la temporada de invierno 2022\",\"datePublished\":\"2022-05-28T17:42:21+00:00\",\"mainEntityOfPage\":{\"@id\":\"https:\\\/\\\/cvinoticias.com\\\/v3\\\/las-cataratas-del-iguazu-estan-entre-los-destinos-mas-buscados-para-la-temporada-de-invierno-2022\\\/\"},\"wordCount\":412,\"commentCount\":0,\"publisher\":{\"@id\":\"https:\\\/\\\/cvinoticias.com\\\/v3\\\/#organization\"},\"image\":{\"@id\":\"https:\\\/\\\/cvinoticias.com\\\/v3\\\/las-cataratas-del-iguazu-estan-entre-los-destinos-mas-buscados-para-la-temporada-de-invierno-2022\\\/#primaryimage\"},\"thumbnailUrl\":\"https:\\\/\\\/cvinoticias.com\\\/wp-content\\\/uploads\\\/2022\\\/05\\\/Screenshot_20220528-144105_Facebook.jpg\",\"articleSection\":[\"Turismo\"],\"inLanguage\":\"es\",\"potentialAction\":[{\"@type\":\"CommentAction\",\"name\":\"Comment\",\"target\":[\"https:\\\/\\\/cvinoticias.com\\\/v3\\\/las-cataratas-del-iguazu-estan-entre-los-destinos-mas-buscados-para-la-temporada-de-invierno-2022\\\/#respond\"]}]},{\"@type\":\"WebPage\",\"@id\":\"https:\\\/\\\/cvinoticias.com\\\/v3\\\/las-cataratas-del-iguazu-estan-entre-los-destinos-mas-buscados-para-la-temporada-de-invierno-2022\\\/\",\"url\":\"https:\\\/\\\/cvinoticias.com\\\/v3\\\/las-cataratas-del-iguazu-estan-entre-los-destinos-mas-buscados-para-la-temporada-de-invierno-2022\\\/\",\"name\":\"Las Cataratas del Iguaz\u00fa est\u00e1n entre los destinos m\u00e1s buscados para la temporada de invierno 2022 | CVI NOTICIAS\",\"isPartOf\":{\"@id\":\"https:\\\/\\\/cvinoticias.com\\\/v3\\\/#website\"},\"primaryImageOfPage\":{\"@id\":\"https:\\\/\\\/cvinoticias.com\\\/v3\\\/las-cataratas-del-iguazu-estan-entre-los-destinos-mas-buscados-para-la-temporada-de-invierno-2022\\\/#primaryimage\"},\"image\":{\"@id\":\"https:\\\/\\\/cvinoticias.com\\\/v3\\\/las-cataratas-del-iguazu-estan-entre-los-destinos-mas-buscados-para-la-temporada-de-invierno-2022\\\/#primaryimage\"},\"thumbnailUrl\":\"https:\\\/\\\/cvinoticias.com\\\/wp-content\\\/uploads\\\/2022\\\/05\\\/Screenshot_20220528-144105_Facebook.jpg\",\"datePublished\":\"2022-05-28T17:42:21+00:00\",\"breadcrumb\":{\"@id\":\"https:\\\/\\\/cvinoticias.com\\\/v3\\\/las-cataratas-del-iguazu-estan-entre-los-destinos-mas-buscados-para-la-temporada-de-invierno-2022\\\/#breadcrumb\"},\"inLanguage\":\"es\",\"potentialAction\":[{\"@type\":\"ReadAction\",\"target\":[\"https:\\\/\\\/cvinoticias.com\\\/v3\\\/las-cataratas-del-iguazu-estan-entre-los-destinos-mas-buscados-para-la-temporada-de-invierno-2022\\\/\"]}]},{\"@type\":\"ImageObject\",\"inLanguage\":\"es\",\"@id\":\"https:\\\/\\\/cvinoticias.com\\\/v3\\\/las-cataratas-del-iguazu-estan-entre-los-destinos-mas-buscados-para-la-temporada-de-invierno-2022\\\/#primaryimage\",\"url\":\"https:\\\/\\\/cvinoticias.com\\\/wp-content\\\/uploads\\\/2022\\\/05\\\/Screenshot_20220528-144105_Facebook.jpg\",\"contentUrl\":\"https:\\\/\\\/cvinoticias.com\\\/wp-content\\\/uploads\\\/2022\\\/05\\\/Screenshot_20220528-144105_Facebook.jpg\",\"width\":1008,\"height\":676},{\"@type\":\"BreadcrumbList\",\"@id\":\"https:\\\/\\\/cvinoticias.com\\\/v3\\\/las-cataratas-del-iguazu-estan-entre-los-destinos-mas-buscados-para-la-temporada-de-invierno-2022\\\/#breadcrumb\",\"itemListElement\":[{\"@type\":\"ListItem\",\"position\":1,\"name\":\"Portada\",\"item\":\"https:\\\/\\\/cvinoticias.com\\\/v3\\\/\"},{\"@type\":\"ListItem\",\"position\":2,\"name\":\"Las Cataratas del Iguaz\u00fa est\u00e1n entre los destinos m\u00e1s buscados para la temporada de invierno 2022\"}]},{\"@type\":\"WebSite\",\"@id\":\"https:\\\/\\\/cvinoticias.com\\\/v3\\\/#website\",\"url\":\"https:\\\/\\\/cvinoticias.com\\\/v3\\\/\",\"name\":\"CVI NOTICIAS\",\"description\":\"\",\"publisher\":{\"@id\":\"https:\\\/\\\/cvinoticias.com\\\/v3\\\/#organization\"},\"alternateName\":\"CVI\",\"potentialAction\":[{\"@type\":\"SearchAction\",\"target\":{\"@type\":\"EntryPoint\",\"urlTemplate\":\"https:\\\/\\\/cvinoticias.com\\\/v3\\\/?s={search_term_string}\"},\"query-input\":{\"@type\":\"PropertyValueSpecification\",\"valueRequired\":true,\"valueName\":\"search_term_string\"}}],\"inLanguage\":\"es\"},{\"@type\":\"Organization\",\"@id\":\"https:\\\/\\\/cvinoticias.com\\\/v3\\\/#organization\",\"name\":\"CVI NOTICIAS\",\"url\":\"https:\\\/\\\/cvinoticias.com\\\/v3\\\/\",\"logo\":{\"@type\":\"ImageObject\",\"inLanguage\":\"es\",\"@id\":\"https:\\\/\\\/cvinoticias.com\\\/v3\\\/#\\\/schema\\\/logo\\\/image\\\/\",\"url\":\"https:\\\/\\\/cvinoticias.com\\\/wp-content\\\/uploads\\\/2023\\\/04\\\/cropped-cropped-cropped-cropped-cropped-3-1.png\",\"contentUrl\":\"https:\\\/\\\/cvinoticias.com\\\/wp-content\\\/uploads\\\/2023\\\/04\\\/cropped-cropped-cropped-cropped-cropped-3-1.png\",\"width\":95,\"height\":122,\"caption\":\"CVI NOTICIAS\"},\"image\":{\"@id\":\"https:\\\/\\\/cvinoticias.com\\\/v3\\\/#\\\/schema\\\/logo\\\/image\\\/\"},\"sameAs\":[\"https:\\\/\\\/www.facebook.com\\\/cvinoticias\",\"https:\\\/\\\/www.instagram.com\\\/cvinoticias\\\/\",\"https:\\\/\\\/www.youtube.com\\\/@CVINOTICIAS\"]},{\"@type\":\"Person\",\"@id\":\"https:\\\/\\\/cvinoticias.com\\\/v3\\\/#\\\/schema\\\/person\\\/2db77e3c6bc03c538495d7b2b8be9b66\",\"name\":\"f1000024\",\"image\":{\"@type\":\"ImageObject\",\"inLanguage\":\"es\",\"@id\":\"https:\\\/\\\/secure.gravatar.com\\\/avatar\\\/d4fe7459cfc51ff5129ce1a732bbef5928568b8092d412ef95611616376bbeed?s=96&d=mm&r=g\",\"url\":\"https:\\\/\\\/secure.gravatar.com\\\/avatar\\\/d4fe7459cfc51ff5129ce1a732bbef5928568b8092d412ef95611616376bbeed?s=96&d=mm&r=g\",\"contentUrl\":\"https:\\\/\\\/secure.gravatar.com\\\/avatar\\\/d4fe7459cfc51ff5129ce1a732bbef5928568b8092d412ef95611616376bbeed?s=96&d=mm&r=g\",\"caption\":\"f1000024\"},\"url\":\"https:\\\/\\\/cvinoticias.com\\\/v3\\\/author\\\/f1000024\\\/\"}]}<\/script>\n<!-- \/ Yoast SEO plugin. -->","yoast_head_json":{"title":"Las Cataratas del Iguaz\u00fa est\u00e1n entre los destinos m\u00e1s buscados para la temporada de invierno 2022 | CVI NOTICIAS","robots":{"index":"index","follow":"follow","max-snippet":"max-snippet:-1","max-image-preview":"max-image-preview:large","max-video-preview":"max-video-preview:-1"},"canonical":"https:\/\/cvinoticias.com\/v3\/las-cataratas-del-iguazu-estan-entre-los-destinos-mas-buscados-para-la-temporada-de-invierno-2022\/","og_locale":"es_ES","og_type":"article","og_title":"Las Cataratas del Iguaz\u00fa est\u00e1n entre los destinos m\u00e1s buscados para la temporada de invierno 2022 | CVI NOTICIAS","og_description":"En el\u00a0 relevamiento de Booking.com, Bariloche, la ciudad de Buenos Aires, Iguaz\u00fa, Mendoza y Salta se encuentran en el top 5 para los meses de julio y agosto. Se espera un per\u00edodo de vacaciones entre julio y agosto de muchos viajes. La demanda de reservas a nivel global est\u00e1 un 15% m\u00e1s alta que en [&hellip;]","og_url":"https:\/\/cvinoticias.com\/v3\/las-cataratas-del-iguazu-estan-entre-los-destinos-mas-buscados-para-la-temporada-de-invierno-2022\/","og_site_name":"CVI NOTICIAS","article_publisher":"https:\/\/www.facebook.com\/cvinoticias","article_published_time":"2022-05-28T17:42:21+00:00","og_image":[{"width":1008,"height":676,"url":"https:\/\/cvinoticias.com\/wp-content\/uploads\/2022\/05\/Screenshot_20220528-144105_Facebook.jpg","type":"image\/jpeg"}],"author":"f1000024","twitter_card":"summary_large_image","twitter_misc":{"Escrito por":"f1000024","Tiempo de lectura":"2 minutos"},"schema":{"@context":"https:\/\/schema.org","@graph":[{"@type":"Article","@id":"https:\/\/cvinoticias.com\/v3\/las-cataratas-del-iguazu-estan-entre-los-destinos-mas-buscados-para-la-temporada-de-invierno-2022\/#article","isPartOf":{"@id":"https:\/\/cvinoticias.com\/v3\/las-cataratas-del-iguazu-estan-entre-los-destinos-mas-buscados-para-la-temporada-de-invierno-2022\/"},"author":{"name":"f1000024","@id":"https:\/\/cvinoticias.com\/v3\/#\/schema\/person\/2db77e3c6bc03c538495d7b2b8be9b66"},"headline":"Las Cataratas del Iguaz\u00fa est\u00e1n entre los destinos m\u00e1s buscados para la temporada de invierno 2022","datePublished":"2022-05-28T17:42:21+00:00","mainEntityOfPage":{"@id":"https:\/\/cvinoticias.com\/v3\/las-cataratas-del-iguazu-estan-entre-los-destinos-mas-buscados-para-la-temporada-de-invierno-2022\/"},"wordCount":412,"commentCount":0,"publisher":{"@id":"https:\/\/cvinoticias.com\/v3\/#organization"},"image":{"@id":"https:\/\/cvinoticias.com\/v3\/las-cataratas-del-iguazu-estan-entre-los-destinos-mas-buscados-para-la-temporada-de-invierno-2022\/#primaryimage"},"thumbnailUrl":"https:\/\/cvinoticias.com\/wp-content\/uploads\/2022\/05\/Screenshot_20220528-144105_Facebook.jpg","articleSection":["Turismo"],"inLanguage":"es","potentialAction":[{"@type":"CommentAction","name":"Comment","target":["https:\/\/cvinoticias.com\/v3\/las-cataratas-del-iguazu-estan-entre-los-destinos-mas-buscados-para-la-temporada-de-invierno-2022\/#respond"]}]},{"@type":"WebPage","@id":"https:\/\/cvinoticias.com\/v3\/las-cataratas-del-iguazu-estan-entre-los-destinos-mas-buscados-para-la-temporada-de-invierno-2022\/","url":"https:\/\/cvinoticias.com\/v3\/las-cataratas-del-iguazu-estan-entre-los-destinos-mas-buscados-para-la-temporada-de-invierno-2022\/","name":"Las Cataratas del Iguaz\u00fa est\u00e1n entre los destinos m\u00e1s buscados para la temporada de invierno 2022 | CVI NOTICIAS","isPartOf":{"@id":"https:\/\/cvinoticias.com\/v3\/#website"},"primaryImageOfPage":{"@id":"https:\/\/cvinoticias.com\/v3\/las-cataratas-del-iguazu-estan-entre-los-destinos-mas-buscados-para-la-temporada-de-invierno-2022\/#primaryimage"},"image":{"@id":"https:\/\/cvinoticias.com\/v3\/las-cataratas-del-iguazu-estan-entre-los-destinos-mas-buscados-para-la-temporada-de-invierno-2022\/#primaryimage"},"thumbnailUrl":"https:\/\/cvinoticias.com\/wp-content\/uploads\/2022\/05\/Screenshot_20220528-144105_Facebook.jpg","datePublished":"2022-05-28T17:42:21+00:00","breadcrumb":{"@id":"https:\/\/cvinoticias.com\/v3\/las-cataratas-del-iguazu-estan-entre-los-destinos-mas-buscados-para-la-temporada-de-invierno-2022\/#breadcrumb"},"inLanguage":"es","potentialAction":[{"@type":"ReadAction","target":["https:\/\/cvinoticias.com\/v3\/las-cataratas-del-iguazu-estan-entre-los-destinos-mas-buscados-para-la-temporada-de-invierno-2022\/"]}]},{"@type":"ImageObject","inLanguage":"es","@id":"https:\/\/cvinoticias.com\/v3\/las-cataratas-del-iguazu-estan-entre-los-destinos-mas-buscados-para-la-temporada-de-invierno-2022\/#primaryimage","url":"https:\/\/cvinoticias.com\/wp-content\/uploads\/2022\/05\/Screenshot_20220528-144105_Facebook.jpg","contentUrl":"https:\/\/cvinoticias.com\/wp-content\/uploads\/2022\/05\/Screenshot_20220528-144105_Facebook.jpg","width":1008,"height":676},{"@type":"BreadcrumbList","@id":"https:\/\/cvinoticias.com\/v3\/las-cataratas-del-iguazu-estan-entre-los-destinos-mas-buscados-para-la-temporada-de-invierno-2022\/#breadcrumb","itemListElement":[{"@type":"ListItem","position":1,"name":"Portada","item":"https:\/\/cvinoticias.com\/v3\/"},{"@type":"ListItem","position":2,"name":"Las Cataratas del Iguaz\u00fa est\u00e1n entre los destinos m\u00e1s buscados para la temporada de invierno 2022"}]},{"@type":"WebSite","@id":"https:\/\/cvinoticias.com\/v3\/#website","url":"https:\/\/cvinoticias.com\/v3\/","name":"CVI NOTICIAS","description":"","publisher":{"@id":"https:\/\/cvinoticias.com\/v3\/#organization"},"alternateName":"CVI","potentialAction":[{"@type":"SearchAction","target":{"@type":"EntryPoint","urlTemplate":"https:\/\/cvinoticias.com\/v3\/?s={search_term_string}"},"query-input":{"@type":"PropertyValueSpecification","valueRequired":true,"valueName":"search_term_string"}}],"inLanguage":"es"},{"@type":"Organization","@id":"https:\/\/cvinoticias.com\/v3\/#organization","name":"CVI NOTICIAS","url":"https:\/\/cvinoticias.com\/v3\/","logo":{"@type":"ImageObject","inLanguage":"es","@id":"https:\/\/cvinoticias.com\/v3\/#\/schema\/logo\/image\/","url":"https:\/\/cvinoticias.com\/wp-content\/uploads\/2023\/04\/cropped-cropped-cropped-cropped-cropped-3-1.png","contentUrl":"https:\/\/cvinoticias.com\/wp-content\/uploads\/2023\/04\/cropped-cropped-cropped-cropped-cropped-3-1.png","width":95,"height":122,"caption":"CVI NOTICIAS"},"image":{"@id":"https:\/\/cvinoticias.com\/v3\/#\/schema\/logo\/image\/"},"sameAs":["https:\/\/www.facebook.com\/cvinoticias","https:\/\/www.instagram.com\/cvinoticias\/","https:\/\/www.youtube.com\/@CVINOTICIAS"]},{"@type":"Person","@id":"https:\/\/cvinoticias.com\/v3\/#\/schema\/person\/2db77e3c6bc03c538495d7b2b8be9b66","name":"f1000024","image":{"@type":"ImageObject","inLanguage":"es","@id":"https:\/\/secure.gravatar.com\/avatar\/d4fe7459cfc51ff5129ce1a732bbef5928568b8092d412ef95611616376bbeed?s=96&d=mm&r=g","url":"https:\/\/secure.gravatar.com\/avatar\/d4fe7459cfc51ff5129ce1a732bbef5928568b8092d412ef95611616376bbeed?s=96&d=mm&r=g","contentUrl":"https:\/\/secure.gravatar.com\/avatar\/d4fe7459cfc51ff5129ce1a732bbef5928568b8092d412ef95611616376bbeed?s=96&d=mm&r=g","caption":"f1000024"},"url":"https:\/\/cvinoticias.com\/v3\/author\/f1000024\/"}]}},"_links":{"self":[{"href":"https:\/\/cvinoticias.com\/v3\/wp-json\/wp\/v2\/posts\/16199","targetHints":{"allow":["GET"]}}],"collection":[{"href":"https:\/\/cvinoticias.com\/v3\/wp-json\/wp\/v2\/posts"}],"about":[{"href":"https:\/\/cvinoticias.com\/v3\/wp-json\/wp\/v2\/types\/post"}],"author":[{"embeddable":true,"href":"https:\/\/cvinoticias.com\/v3\/wp-json\/wp\/v2\/users\/2"}],"replies":[{"embeddable":true,"href":"https:\/\/cvinoticias.com\/v3\/wp-json\/wp\/v2\/comments?post=16199"}],"version-history":[{"count":1,"href":"https:\/\/cvinoticias.com\/v3\/wp-json\/wp\/v2\/posts\/16199\/revisions"}],"predecessor-version":[{"id":16201,"href":"https:\/\/cvinoticias.com\/v3\/wp-json\/wp\/v2\/posts\/16199\/revisions\/16201"}],"wp:featuredmedia":[{"embeddable":true,"href":"https:\/\/cvinoticias.com\/v3\/wp-json\/wp\/v2\/media\/16200"}],"wp:attachment":[{"href":"https:\/\/cvinoticias.com\/v3\/wp-json\/wp\/v2\/media?parent=16199"}],"wp:term":[{"taxonomy":"category","embeddable":true,"href":"https:\/\/cvinoticias.com\/v3\/wp-json\/wp\/v2\/categories?post=16199"},{"taxonomy":"post_tag","embeddable":true,"href":"https:\/\/cvinoticias.com\/v3\/wp-json\/wp\/v2\/tags?post=16199"}],"curies":[{"name":"wp","href":"https:\/\/api.w.org\/{rel}","templated":true}]}}