{"id":16193,"date":"2022-05-28T17:02:47","date_gmt":"2022-05-28T17:02:47","guid":{"rendered":"https:\/\/cvinoticias.com\/v3\/?p=16193"},"modified":"2022-05-28T17:02:47","modified_gmt":"2022-05-28T17:02:47","slug":"hoy-27-de-mayo-es-el-dia-trinacional-del-bosque-atlantico","status":"publish","type":"post","link":"https:\/\/cvinoticias.com\/v3\/hoy-27-de-mayo-es-el-dia-trinacional-del-bosque-atlantico\/","title":{"rendered":"Hoy 27 de mayo es el D\u00eda Trinacional del Bosque Atl\u00e1ntico."},"content":{"rendered":"\n<p><strong>La selva misionera, paranaense o bosque atl\u00e1ntico es el nombre del ecosistema o bioma que protege el Parque Nacional Iguaz\u00fa. En \u00e9l, habitan variedad de especies animales y vegetales, algunas end\u00e9micas- es decir, que no encontramos en ninguna otra parte del mundo. <\/strong><\/p>\n\n\n\n<p>En este d\u00eda reconocemos el valor especial y \u00fanico de nuestras \u00e1reas protegidas, y reafirmamos el compromiso de conservaci\u00f3n entre Brasil, Paraguay y Argentina- quienes tenemos en com\u00fan esta regi\u00f3n tan diversa (conformada por 15 ecorregiones).<\/p>\n\n\n\n<p>El Parque Nacional Iguaz\u00fa- patrimonio natural de la humanidad, fue declarado parque nacional en 1934. Conocido por sus famosas cascadas, el \u00e1rea protegida alberga en su interior especies como el yaguaret\u00e9, el tapir, el ocelote, el oso hormiguero, entre otros. Tambi\u00e9n ejemplares de flora \u00fanicos, con muchos a\u00f1os de antig\u00fcedad, como por ejemplo el palo rosa. Con la intervenci\u00f3n activa de varios actores p\u00fablicos y privados de Argentina, Brasil y Paraguay, el Parque Nacional Iguaz\u00fa aporta a esta causa manteniendo un \u00e1rea central en la conexi\u00f3n de paisaje natural de toda la regi\u00f3n, tarea en la que es pionera desde 1934.<\/p>\n\n\n\n<p>En el d\u00eda de ayer representantes del Parque Nacional Iguaz\u00fa participaron de la primera reuni\u00f3n virtual de 2022 de la \u201cRed Trinacional de Restauraci\u00f3n del Bosque Atl\u00e1ntico del Alto Paran\u00e1\u201d. Desde su comienzo en 2019, esta red busca generar v\u00ednculos entre organizaciones e instituciones que est\u00e1n reforestando el Bosque Atl\u00e1ntico, para as\u00ed potenciar esfuerzos.<\/p>\n\n\n\n<p>Esta fecha quiere alentar la difusi\u00f3n de la importancia de este bioma amenazado, concientizando acerca del estado de su biodiversidad, sus h\u00e1bitats y los beneficios que ofrece a quienes viven en \u00e9l. El trabajo en conjunto entre los 3 pa\u00edses, es fundamental.<\/p>\n\n\n\n<p>Fuente: Parque Nacional<\/p>\n","protected":false},"excerpt":{"rendered":"<p>La selva misionera, paranaense o bosque atl\u00e1ntico es el nombre del ecosistema o bioma que protege el Parque Nacional Iguaz\u00fa. En \u00e9l, habitan variedad de especies animales y vegetales, algunas end\u00e9micas- es decir, que no encontramos en ninguna otra parte del mundo. En este d\u00eda reconocemos el valor especial y \u00fanico de nuestras \u00e1reas protegidas, [&hellip;]<\/p>\n","protected":false},"author":2,"featured_media":16194,"comment_status":"open","ping_status":"open","sticky":false,"template":"","format":"standard","meta":{"footnotes":""},"categories":[31],"tags":[],"class_list":["post-16193","post","type-post","status-publish","format-standard","has-post-thumbnail","hentry","category-ecologia"],"yoast_head":"<!-- This site is optimized with the Yoast SEO plugin v27.4 - https:\/\/yoast.com\/product\/yoast-seo-wordpress\/ -->\n<title>Hoy 27 de mayo es el D\u00eda Trinacional del Bosque Atl\u00e1ntico. | CVI NOTICIAS<\/title>\n<meta name=\"robots\" content=\"index, follow, max-snippet:-1, max-image-preview:large, max-video-preview:-1\" \/>\n<link rel=\"canonical\" href=\"https:\/\/cvinoticias.com\/v3\/hoy-27-de-mayo-es-el-dia-trinacional-del-bosque-atlantico\/\" \/>\n<meta property=\"og:locale\" content=\"es_ES\" \/>\n<meta property=\"og:type\" content=\"article\" \/>\n<meta property=\"og:title\" content=\"Hoy 27 de mayo es el D\u00eda Trinacional del Bosque Atl\u00e1ntico. | CVI NOTICIAS\" \/>\n<meta property=\"og:description\" content=\"La selva misionera, paranaense o bosque atl\u00e1ntico es el nombre del ecosistema o bioma que protege el Parque Nacional Iguaz\u00fa. En \u00e9l, habitan variedad de especies animales y vegetales, algunas end\u00e9micas- es decir, que no encontramos en ninguna otra parte del mundo. En este d\u00eda reconocemos el valor especial y \u00fanico de nuestras \u00e1reas protegidas, [&hellip;]\" \/>\n<meta property=\"og:url\" content=\"https:\/\/cvinoticias.com\/v3\/hoy-27-de-mayo-es-el-dia-trinacional-del-bosque-atlantico\/\" \/>\n<meta property=\"og:site_name\" content=\"CVI NOTICIAS\" \/>\n<meta property=\"article:publisher\" content=\"https:\/\/www.facebook.com\/cvinoticias\" \/>\n<meta property=\"article:published_time\" content=\"2022-05-28T17:02:47+00:00\" \/>\n<meta property=\"og:image\" content=\"https:\/\/cvinoticias.com\/wp-content\/uploads\/2022\/05\/FB_IMG_1653757347737.jpg\" \/>\n\t<meta property=\"og:image:width\" content=\"960\" \/>\n\t<meta property=\"og:image:height\" content=\"720\" \/>\n\t<meta property=\"og:image:type\" content=\"image\/jpeg\" \/>\n<meta name=\"author\" content=\"f1000024\" \/>\n<meta name=\"twitter:card\" content=\"summary_large_image\" \/>\n<meta name=\"twitter:label1\" content=\"Escrito por\" \/>\n\t<meta name=\"twitter:data1\" content=\"f1000024\" \/>\n\t<meta name=\"twitter:label2\" content=\"Tiempo de lectura\" \/>\n\t<meta name=\"twitter:data2\" content=\"1 minuto\" \/>\n<script type=\"application\/ld+json\" class=\"yoast-schema-graph\">{\"@context\":\"https:\\\/\\\/schema.org\",\"@graph\":[{\"@type\":\"Article\",\"@id\":\"https:\\\/\\\/cvinoticias.com\\\/v3\\\/hoy-27-de-mayo-es-el-dia-trinacional-del-bosque-atlantico\\\/#article\",\"isPartOf\":{\"@id\":\"https:\\\/\\\/cvinoticias.com\\\/v3\\\/hoy-27-de-mayo-es-el-dia-trinacional-del-bosque-atlantico\\\/\"},\"author\":{\"name\":\"f1000024\",\"@id\":\"https:\\\/\\\/cvinoticias.com\\\/v3\\\/#\\\/schema\\\/person\\\/2db77e3c6bc03c538495d7b2b8be9b66\"},\"headline\":\"Hoy 27 de mayo es el D\u00eda Trinacional del Bosque Atl\u00e1ntico.\",\"datePublished\":\"2022-05-28T17:02:47+00:00\",\"mainEntityOfPage\":{\"@id\":\"https:\\\/\\\/cvinoticias.com\\\/v3\\\/hoy-27-de-mayo-es-el-dia-trinacional-del-bosque-atlantico\\\/\"},\"wordCount\":308,\"commentCount\":0,\"publisher\":{\"@id\":\"https:\\\/\\\/cvinoticias.com\\\/v3\\\/#organization\"},\"image\":{\"@id\":\"https:\\\/\\\/cvinoticias.com\\\/v3\\\/hoy-27-de-mayo-es-el-dia-trinacional-del-bosque-atlantico\\\/#primaryimage\"},\"thumbnailUrl\":\"https:\\\/\\\/cvinoticias.com\\\/wp-content\\\/uploads\\\/2022\\\/05\\\/FB_IMG_1653757347737.jpg\",\"articleSection\":[\"Ecologia\"],\"inLanguage\":\"es\",\"potentialAction\":[{\"@type\":\"CommentAction\",\"name\":\"Comment\",\"target\":[\"https:\\\/\\\/cvinoticias.com\\\/v3\\\/hoy-27-de-mayo-es-el-dia-trinacional-del-bosque-atlantico\\\/#respond\"]}]},{\"@type\":\"WebPage\",\"@id\":\"https:\\\/\\\/cvinoticias.com\\\/v3\\\/hoy-27-de-mayo-es-el-dia-trinacional-del-bosque-atlantico\\\/\",\"url\":\"https:\\\/\\\/cvinoticias.com\\\/v3\\\/hoy-27-de-mayo-es-el-dia-trinacional-del-bosque-atlantico\\\/\",\"name\":\"Hoy 27 de mayo es el D\u00eda Trinacional del Bosque Atl\u00e1ntico. | CVI NOTICIAS\",\"isPartOf\":{\"@id\":\"https:\\\/\\\/cvinoticias.com\\\/v3\\\/#website\"},\"primaryImageOfPage\":{\"@id\":\"https:\\\/\\\/cvinoticias.com\\\/v3\\\/hoy-27-de-mayo-es-el-dia-trinacional-del-bosque-atlantico\\\/#primaryimage\"},\"image\":{\"@id\":\"https:\\\/\\\/cvinoticias.com\\\/v3\\\/hoy-27-de-mayo-es-el-dia-trinacional-del-bosque-atlantico\\\/#primaryimage\"},\"thumbnailUrl\":\"https:\\\/\\\/cvinoticias.com\\\/wp-content\\\/uploads\\\/2022\\\/05\\\/FB_IMG_1653757347737.jpg\",\"datePublished\":\"2022-05-28T17:02:47+00:00\",\"breadcrumb\":{\"@id\":\"https:\\\/\\\/cvinoticias.com\\\/v3\\\/hoy-27-de-mayo-es-el-dia-trinacional-del-bosque-atlantico\\\/#breadcrumb\"},\"inLanguage\":\"es\",\"potentialAction\":[{\"@type\":\"ReadAction\",\"target\":[\"https:\\\/\\\/cvinoticias.com\\\/v3\\\/hoy-27-de-mayo-es-el-dia-trinacional-del-bosque-atlantico\\\/\"]}]},{\"@type\":\"ImageObject\",\"inLanguage\":\"es\",\"@id\":\"https:\\\/\\\/cvinoticias.com\\\/v3\\\/hoy-27-de-mayo-es-el-dia-trinacional-del-bosque-atlantico\\\/#primaryimage\",\"url\":\"https:\\\/\\\/cvinoticias.com\\\/wp-content\\\/uploads\\\/2022\\\/05\\\/FB_IMG_1653757347737.jpg\",\"contentUrl\":\"https:\\\/\\\/cvinoticias.com\\\/wp-content\\\/uploads\\\/2022\\\/05\\\/FB_IMG_1653757347737.jpg\",\"width\":960,\"height\":720},{\"@type\":\"BreadcrumbList\",\"@id\":\"https:\\\/\\\/cvinoticias.com\\\/v3\\\/hoy-27-de-mayo-es-el-dia-trinacional-del-bosque-atlantico\\\/#breadcrumb\",\"itemListElement\":[{\"@type\":\"ListItem\",\"position\":1,\"name\":\"Portada\",\"item\":\"https:\\\/\\\/cvinoticias.com\\\/v3\\\/\"},{\"@type\":\"ListItem\",\"position\":2,\"name\":\"Hoy 27 de mayo es el D\u00eda Trinacional del Bosque Atl\u00e1ntico.\"}]},{\"@type\":\"WebSite\",\"@id\":\"https:\\\/\\\/cvinoticias.com\\\/v3\\\/#website\",\"url\":\"https:\\\/\\\/cvinoticias.com\\\/v3\\\/\",\"name\":\"CVI NOTICIAS\",\"description\":\"\",\"publisher\":{\"@id\":\"https:\\\/\\\/cvinoticias.com\\\/v3\\\/#organization\"},\"alternateName\":\"CVI\",\"potentialAction\":[{\"@type\":\"SearchAction\",\"target\":{\"@type\":\"EntryPoint\",\"urlTemplate\":\"https:\\\/\\\/cvinoticias.com\\\/v3\\\/?s={search_term_string}\"},\"query-input\":{\"@type\":\"PropertyValueSpecification\",\"valueRequired\":true,\"valueName\":\"search_term_string\"}}],\"inLanguage\":\"es\"},{\"@type\":\"Organization\",\"@id\":\"https:\\\/\\\/cvinoticias.com\\\/v3\\\/#organization\",\"name\":\"CVI NOTICIAS\",\"url\":\"https:\\\/\\\/cvinoticias.com\\\/v3\\\/\",\"logo\":{\"@type\":\"ImageObject\",\"inLanguage\":\"es\",\"@id\":\"https:\\\/\\\/cvinoticias.com\\\/v3\\\/#\\\/schema\\\/logo\\\/image\\\/\",\"url\":\"https:\\\/\\\/cvinoticias.com\\\/wp-content\\\/uploads\\\/2023\\\/04\\\/cropped-cropped-cropped-cropped-cropped-3-1.png\",\"contentUrl\":\"https:\\\/\\\/cvinoticias.com\\\/wp-content\\\/uploads\\\/2023\\\/04\\\/cropped-cropped-cropped-cropped-cropped-3-1.png\",\"width\":95,\"height\":122,\"caption\":\"CVI NOTICIAS\"},\"image\":{\"@id\":\"https:\\\/\\\/cvinoticias.com\\\/v3\\\/#\\\/schema\\\/logo\\\/image\\\/\"},\"sameAs\":[\"https:\\\/\\\/www.facebook.com\\\/cvinoticias\",\"https:\\\/\\\/www.instagram.com\\\/cvinoticias\\\/\",\"https:\\\/\\\/www.youtube.com\\\/@CVINOTICIAS\"]},{\"@type\":\"Person\",\"@id\":\"https:\\\/\\\/cvinoticias.com\\\/v3\\\/#\\\/schema\\\/person\\\/2db77e3c6bc03c538495d7b2b8be9b66\",\"name\":\"f1000024\",\"image\":{\"@type\":\"ImageObject\",\"inLanguage\":\"es\",\"@id\":\"https:\\\/\\\/secure.gravatar.com\\\/avatar\\\/d4fe7459cfc51ff5129ce1a732bbef5928568b8092d412ef95611616376bbeed?s=96&d=mm&r=g\",\"url\":\"https:\\\/\\\/secure.gravatar.com\\\/avatar\\\/d4fe7459cfc51ff5129ce1a732bbef5928568b8092d412ef95611616376bbeed?s=96&d=mm&r=g\",\"contentUrl\":\"https:\\\/\\\/secure.gravatar.com\\\/avatar\\\/d4fe7459cfc51ff5129ce1a732bbef5928568b8092d412ef95611616376bbeed?s=96&d=mm&r=g\",\"caption\":\"f1000024\"},\"url\":\"https:\\\/\\\/cvinoticias.com\\\/v3\\\/author\\\/f1000024\\\/\"}]}<\/script>\n<!-- \/ Yoast SEO plugin. -->","yoast_head_json":{"title":"Hoy 27 de mayo es el D\u00eda Trinacional del Bosque Atl\u00e1ntico. | CVI NOTICIAS","robots":{"index":"index","follow":"follow","max-snippet":"max-snippet:-1","max-image-preview":"max-image-preview:large","max-video-preview":"max-video-preview:-1"},"canonical":"https:\/\/cvinoticias.com\/v3\/hoy-27-de-mayo-es-el-dia-trinacional-del-bosque-atlantico\/","og_locale":"es_ES","og_type":"article","og_title":"Hoy 27 de mayo es el D\u00eda Trinacional del Bosque Atl\u00e1ntico. | CVI NOTICIAS","og_description":"La selva misionera, paranaense o bosque atl\u00e1ntico es el nombre del ecosistema o bioma que protege el Parque Nacional Iguaz\u00fa. En \u00e9l, habitan variedad de especies animales y vegetales, algunas end\u00e9micas- es decir, que no encontramos en ninguna otra parte del mundo. En este d\u00eda reconocemos el valor especial y \u00fanico de nuestras \u00e1reas protegidas, [&hellip;]","og_url":"https:\/\/cvinoticias.com\/v3\/hoy-27-de-mayo-es-el-dia-trinacional-del-bosque-atlantico\/","og_site_name":"CVI NOTICIAS","article_publisher":"https:\/\/www.facebook.com\/cvinoticias","article_published_time":"2022-05-28T17:02:47+00:00","og_image":[{"width":960,"height":720,"url":"https:\/\/cvinoticias.com\/wp-content\/uploads\/2022\/05\/FB_IMG_1653757347737.jpg","type":"image\/jpeg"}],"author":"f1000024","twitter_card":"summary_large_image","twitter_misc":{"Escrito por":"f1000024","Tiempo de lectura":"1 minuto"},"schema":{"@context":"https:\/\/schema.org","@graph":[{"@type":"Article","@id":"https:\/\/cvinoticias.com\/v3\/hoy-27-de-mayo-es-el-dia-trinacional-del-bosque-atlantico\/#article","isPartOf":{"@id":"https:\/\/cvinoticias.com\/v3\/hoy-27-de-mayo-es-el-dia-trinacional-del-bosque-atlantico\/"},"author":{"name":"f1000024","@id":"https:\/\/cvinoticias.com\/v3\/#\/schema\/person\/2db77e3c6bc03c538495d7b2b8be9b66"},"headline":"Hoy 27 de mayo es el D\u00eda Trinacional del Bosque Atl\u00e1ntico.","datePublished":"2022-05-28T17:02:47+00:00","mainEntityOfPage":{"@id":"https:\/\/cvinoticias.com\/v3\/hoy-27-de-mayo-es-el-dia-trinacional-del-bosque-atlantico\/"},"wordCount":308,"commentCount":0,"publisher":{"@id":"https:\/\/cvinoticias.com\/v3\/#organization"},"image":{"@id":"https:\/\/cvinoticias.com\/v3\/hoy-27-de-mayo-es-el-dia-trinacional-del-bosque-atlantico\/#primaryimage"},"thumbnailUrl":"https:\/\/cvinoticias.com\/wp-content\/uploads\/2022\/05\/FB_IMG_1653757347737.jpg","articleSection":["Ecologia"],"inLanguage":"es","potentialAction":[{"@type":"CommentAction","name":"Comment","target":["https:\/\/cvinoticias.com\/v3\/hoy-27-de-mayo-es-el-dia-trinacional-del-bosque-atlantico\/#respond"]}]},{"@type":"WebPage","@id":"https:\/\/cvinoticias.com\/v3\/hoy-27-de-mayo-es-el-dia-trinacional-del-bosque-atlantico\/","url":"https:\/\/cvinoticias.com\/v3\/hoy-27-de-mayo-es-el-dia-trinacional-del-bosque-atlantico\/","name":"Hoy 27 de mayo es el D\u00eda Trinacional del Bosque Atl\u00e1ntico. | CVI NOTICIAS","isPartOf":{"@id":"https:\/\/cvinoticias.com\/v3\/#website"},"primaryImageOfPage":{"@id":"https:\/\/cvinoticias.com\/v3\/hoy-27-de-mayo-es-el-dia-trinacional-del-bosque-atlantico\/#primaryimage"},"image":{"@id":"https:\/\/cvinoticias.com\/v3\/hoy-27-de-mayo-es-el-dia-trinacional-del-bosque-atlantico\/#primaryimage"},"thumbnailUrl":"https:\/\/cvinoticias.com\/wp-content\/uploads\/2022\/05\/FB_IMG_1653757347737.jpg","datePublished":"2022-05-28T17:02:47+00:00","breadcrumb":{"@id":"https:\/\/cvinoticias.com\/v3\/hoy-27-de-mayo-es-el-dia-trinacional-del-bosque-atlantico\/#breadcrumb"},"inLanguage":"es","potentialAction":[{"@type":"ReadAction","target":["https:\/\/cvinoticias.com\/v3\/hoy-27-de-mayo-es-el-dia-trinacional-del-bosque-atlantico\/"]}]},{"@type":"ImageObject","inLanguage":"es","@id":"https:\/\/cvinoticias.com\/v3\/hoy-27-de-mayo-es-el-dia-trinacional-del-bosque-atlantico\/#primaryimage","url":"https:\/\/cvinoticias.com\/wp-content\/uploads\/2022\/05\/FB_IMG_1653757347737.jpg","contentUrl":"https:\/\/cvinoticias.com\/wp-content\/uploads\/2022\/05\/FB_IMG_1653757347737.jpg","width":960,"height":720},{"@type":"BreadcrumbList","@id":"https:\/\/cvinoticias.com\/v3\/hoy-27-de-mayo-es-el-dia-trinacional-del-bosque-atlantico\/#breadcrumb","itemListElement":[{"@type":"ListItem","position":1,"name":"Portada","item":"https:\/\/cvinoticias.com\/v3\/"},{"@type":"ListItem","position":2,"name":"Hoy 27 de mayo es el D\u00eda Trinacional del Bosque Atl\u00e1ntico."}]},{"@type":"WebSite","@id":"https:\/\/cvinoticias.com\/v3\/#website","url":"https:\/\/cvinoticias.com\/v3\/","name":"CVI NOTICIAS","description":"","publisher":{"@id":"https:\/\/cvinoticias.com\/v3\/#organization"},"alternateName":"CVI","potentialAction":[{"@type":"SearchAction","target":{"@type":"EntryPoint","urlTemplate":"https:\/\/cvinoticias.com\/v3\/?s={search_term_string}"},"query-input":{"@type":"PropertyValueSpecification","valueRequired":true,"valueName":"search_term_string"}}],"inLanguage":"es"},{"@type":"Organization","@id":"https:\/\/cvinoticias.com\/v3\/#organization","name":"CVI NOTICIAS","url":"https:\/\/cvinoticias.com\/v3\/","logo":{"@type":"ImageObject","inLanguage":"es","@id":"https:\/\/cvinoticias.com\/v3\/#\/schema\/logo\/image\/","url":"https:\/\/cvinoticias.com\/wp-content\/uploads\/2023\/04\/cropped-cropped-cropped-cropped-cropped-3-1.png","contentUrl":"https:\/\/cvinoticias.com\/wp-content\/uploads\/2023\/04\/cropped-cropped-cropped-cropped-cropped-3-1.png","width":95,"height":122,"caption":"CVI NOTICIAS"},"image":{"@id":"https:\/\/cvinoticias.com\/v3\/#\/schema\/logo\/image\/"},"sameAs":["https:\/\/www.facebook.com\/cvinoticias","https:\/\/www.instagram.com\/cvinoticias\/","https:\/\/www.youtube.com\/@CVINOTICIAS"]},{"@type":"Person","@id":"https:\/\/cvinoticias.com\/v3\/#\/schema\/person\/2db77e3c6bc03c538495d7b2b8be9b66","name":"f1000024","image":{"@type":"ImageObject","inLanguage":"es","@id":"https:\/\/secure.gravatar.com\/avatar\/d4fe7459cfc51ff5129ce1a732bbef5928568b8092d412ef95611616376bbeed?s=96&d=mm&r=g","url":"https:\/\/secure.gravatar.com\/avatar\/d4fe7459cfc51ff5129ce1a732bbef5928568b8092d412ef95611616376bbeed?s=96&d=mm&r=g","contentUrl":"https:\/\/secure.gravatar.com\/avatar\/d4fe7459cfc51ff5129ce1a732bbef5928568b8092d412ef95611616376bbeed?s=96&d=mm&r=g","caption":"f1000024"},"url":"https:\/\/cvinoticias.com\/v3\/author\/f1000024\/"}]}},"_links":{"self":[{"href":"https:\/\/cvinoticias.com\/v3\/wp-json\/wp\/v2\/posts\/16193","targetHints":{"allow":["GET"]}}],"collection":[{"href":"https:\/\/cvinoticias.com\/v3\/wp-json\/wp\/v2\/posts"}],"about":[{"href":"https:\/\/cvinoticias.com\/v3\/wp-json\/wp\/v2\/types\/post"}],"author":[{"embeddable":true,"href":"https:\/\/cvinoticias.com\/v3\/wp-json\/wp\/v2\/users\/2"}],"replies":[{"embeddable":true,"href":"https:\/\/cvinoticias.com\/v3\/wp-json\/wp\/v2\/comments?post=16193"}],"version-history":[{"count":1,"href":"https:\/\/cvinoticias.com\/v3\/wp-json\/wp\/v2\/posts\/16193\/revisions"}],"predecessor-version":[{"id":16195,"href":"https:\/\/cvinoticias.com\/v3\/wp-json\/wp\/v2\/posts\/16193\/revisions\/16195"}],"wp:featuredmedia":[{"embeddable":true,"href":"https:\/\/cvinoticias.com\/v3\/wp-json\/wp\/v2\/media\/16194"}],"wp:attachment":[{"href":"https:\/\/cvinoticias.com\/v3\/wp-json\/wp\/v2\/media?parent=16193"}],"wp:term":[{"taxonomy":"category","embeddable":true,"href":"https:\/\/cvinoticias.com\/v3\/wp-json\/wp\/v2\/categories?post=16193"},{"taxonomy":"post_tag","embeddable":true,"href":"https:\/\/cvinoticias.com\/v3\/wp-json\/wp\/v2\/tags?post=16193"}],"curies":[{"name":"wp","href":"https:\/\/api.w.org\/{rel}","templated":true}]}}