{"id":16189,"date":"2022-05-28T16:59:37","date_gmt":"2022-05-28T16:59:37","guid":{"rendered":"https:\/\/cvinoticias.com\/v3\/?p=16189"},"modified":"2022-05-28T16:59:37","modified_gmt":"2022-05-28T16:59:37","slug":"suma-tu-escuela-el-proyecto-que-busca-incluir-la-robotica-en-las-aulas-convencionales","status":"publish","type":"post","link":"https:\/\/cvinoticias.com\/v3\/suma-tu-escuela-el-proyecto-que-busca-incluir-la-robotica-en-las-aulas-convencionales\/","title":{"rendered":"Suma tu escuela: el proyecto que busca incluir la rob\u00f3tica en las aulas convencionales"},"content":{"rendered":"\n<p><strong><em>A meses del lanzamiento, la propuesta se consolida como parte del gran ecosistema disruptivo de la provincia que apuesta a la formaci\u00f3n de j\u00f3venes con la apertura de espacios de vanguardia, de innovaci\u00f3n y crecimiento tecnol\u00f3gico.<\/em><\/strong><\/p>\n\n\n\n<p>Suma tu Escuela es un programa de la Escuela de Rob\u00f3tica que busca trasladar el modelo educativo innovador a las aulas convencionales desde la multidisciplinariedad, el trabajo en equipo, la creatividad y la comunicaci\u00f3n y cuyo objetivo es generar nuevas oportunidades de aprendizajes, experimentaci\u00f3n e intercambio.<\/p>\n\n\n\n<p>Dentro del ecosistema de Educaci\u00f3n Disruptiva que ofrece la provincia, hace unos meses se incorpor\u00f3 STE con la novedosa propuesta de incluir activamente a los docentes y estudiantes sin retirarse de sus establecimientos.<\/p>\n\n\n\n<figure class=\"wp-block-image size-full is-resized\"><a href=\"https:\/\/cvinoticias.com\/wp-content\/uploads\/2022\/05\/FB_IMG_1653757100594.jpg\"><img decoding=\"async\" data-src=\"https:\/\/cvinoticias.com\/wp-content\/uploads\/2022\/05\/FB_IMG_1653757100594.jpg\" alt=\"\" class=\"wp-image-16190 lazyload\" width=\"683\" height=\"455\" data-srcset=\"https:\/\/cvinoticias.com\/wp-content\/uploads\/2022\/05\/FB_IMG_1653757100594.jpg 960w, https:\/\/cvinoticias.com\/wp-content\/uploads\/2022\/05\/FB_IMG_1653757100594-300x200.jpg 300w, https:\/\/cvinoticias.com\/wp-content\/uploads\/2022\/05\/FB_IMG_1653757100594-768x512.jpg 768w\" data-sizes=\"(max-width: 683px) 100vw, 683px\" src=\"data:image\/svg+xml;base64,PHN2ZyB3aWR0aD0iMSIgaGVpZ2h0PSIxIiB4bWxucz0iaHR0cDovL3d3dy53My5vcmcvMjAwMC9zdmciPjwvc3ZnPg==\" style=\"--smush-placeholder-width: 683px; --smush-placeholder-aspect-ratio: 683\/455;\" \/><\/a><\/figure>\n\n\n\n<p><strong>El distintivo<\/strong><\/p>\n\n\n\n<p>Lo que distingue a STE de otros programas es el hecho de que trabaja dentro de las aulas. All\u00ed los docentes y estudiantes son protagonistas de su propio aprendizaje, es decir, son participantes activos en la construcci\u00f3n del conocimiento.<br>En ese sentido, Natalia Meira directora del programa STE coment\u00f3: \u201cel objetivo principal es trasferir el modelo de la escuela de rob\u00f3tica al aula. Buscamos acompa\u00f1ar a docentes y alumnos a concretar proyectos dentro del contexto del aula tradicional y trasladarlos a temas relacionados la rob\u00f3tica\u201d.<\/p>\n\n\n\n<p>Sobre el recibimiento por parte de los docentes de esta propuesta pedag\u00f3gica coment\u00f3 que \u201ca la fecha tenemos 100 escuelas inscriptas dentro de toda la provincia. Actualmente nos encontramos realizando las visitas para avanzar y que pronto puedan implementar esto en las aulas y estamos muy contentos con el alcance y buena recepci\u00f3n que tenemos\u201d.<\/p>\n\n\n\n<p>Durante los primeros encuentros y acercamiento a las instituciones educativas los estudiantes deciden qu\u00e9 tem\u00e1tica trabajar. Posteriormente avanzan con la realizaci\u00f3n de un proyecto, y para optimizar la elecci\u00f3n de la tem\u00e1tica, se plantean distintos t\u00f3picos entre los que se encuentran: educaci\u00f3n, ecolog\u00eda y ambiente, seguridad, transporte y log\u00edstica, entretenimiento, agricultura, salud, smart city y dom\u00f3tica.<\/p>\n\n\n\n<p>\u201cTenemos muy buena recepci\u00f3n por parte de los docentes que mayormente plantean lo que ya vienen trabajando en el \u00e1rea o bien, lo que les gustar\u00eda trabajar\u201d, asever\u00f3 la directora de Suma tu Escuela.<\/p>\n\n\n\n<p>En este momento la instituci\u00f3n se encuentra trabajando con segundo y tercer ciclo del secundario.<\/p>\n\n\n\n<p><strong>\u00bfC\u00f3mo sumarse?<\/strong><\/p>\n\n\n\n<p>Si sos docente o directivo y te gustar\u00eda formar parte de las nuevas habilidades de la educaci\u00f3n disruptiva, pod\u00e9s inscribir a tu instituci\u00f3n o estudiantes y docentes en https:\/\/www.escueladeroboticamisiones.com\/sumatuescuela o escribir a sumatuescuelaerm@gmail.com o al n\u00famero 3764 39-9846.<\/p>\n","protected":false},"excerpt":{"rendered":"<p>A meses del lanzamiento, la propuesta se consolida como parte del gran ecosistema disruptivo de la provincia que apuesta a la formaci\u00f3n de j\u00f3venes con la apertura de espacios de vanguardia, de innovaci\u00f3n y crecimiento tecnol\u00f3gico. Suma tu Escuela es un programa de la Escuela de Rob\u00f3tica que busca trasladar el modelo educativo innovador a [&hellip;]<\/p>\n","protected":false},"author":2,"featured_media":16191,"comment_status":"open","ping_status":"open","sticky":false,"template":"","format":"standard","meta":{"footnotes":""},"categories":[26],"tags":[],"class_list":["post-16189","post","type-post","status-publish","format-standard","has-post-thumbnail","hentry","category-educacion"],"yoast_head":"<!-- This site is optimized with the Yoast SEO plugin v27.5 - https:\/\/yoast.com\/product\/yoast-seo-wordpress\/ -->\n<title>Suma tu escuela: el proyecto que busca incluir la rob\u00f3tica en las aulas convencionales | CVI NOTICIAS<\/title>\n<meta name=\"robots\" content=\"index, follow, max-snippet:-1, max-image-preview:large, max-video-preview:-1\" \/>\n<link rel=\"canonical\" href=\"https:\/\/cvinoticias.com\/v3\/suma-tu-escuela-el-proyecto-que-busca-incluir-la-robotica-en-las-aulas-convencionales\/\" \/>\n<meta property=\"og:locale\" content=\"es_ES\" \/>\n<meta property=\"og:type\" content=\"article\" \/>\n<meta property=\"og:title\" content=\"Suma tu escuela: el proyecto que busca incluir la rob\u00f3tica en las aulas convencionales | CVI NOTICIAS\" \/>\n<meta property=\"og:description\" content=\"A meses del lanzamiento, la propuesta se consolida como parte del gran ecosistema disruptivo de la provincia que apuesta a la formaci\u00f3n de j\u00f3venes con la apertura de espacios de vanguardia, de innovaci\u00f3n y crecimiento tecnol\u00f3gico. Suma tu Escuela es un programa de la Escuela de Rob\u00f3tica que busca trasladar el modelo educativo innovador a [&hellip;]\" \/>\n<meta property=\"og:url\" content=\"https:\/\/cvinoticias.com\/v3\/suma-tu-escuela-el-proyecto-que-busca-incluir-la-robotica-en-las-aulas-convencionales\/\" \/>\n<meta property=\"og:site_name\" content=\"CVI NOTICIAS\" \/>\n<meta property=\"article:publisher\" content=\"https:\/\/www.facebook.com\/cvinoticias\" \/>\n<meta property=\"article:published_time\" content=\"2022-05-28T16:59:37+00:00\" \/>\n<meta property=\"og:image\" content=\"https:\/\/cvinoticias.com\/wp-content\/uploads\/2022\/05\/FB_IMG_1653757114967.jpg\" \/>\n\t<meta property=\"og:image:width\" content=\"640\" \/>\n\t<meta property=\"og:image:height\" content=\"960\" \/>\n\t<meta property=\"og:image:type\" content=\"image\/jpeg\" \/>\n<meta name=\"author\" content=\"f1000024\" \/>\n<meta name=\"twitter:card\" content=\"summary_large_image\" \/>\n<meta name=\"twitter:label1\" content=\"Escrito por\" \/>\n\t<meta name=\"twitter:data1\" content=\"f1000024\" \/>\n\t<meta name=\"twitter:label2\" content=\"Tiempo de lectura\" \/>\n\t<meta name=\"twitter:data2\" content=\"2 minutos\" \/>\n<script type=\"application\/ld+json\" class=\"yoast-schema-graph\">{\"@context\":\"https:\\\/\\\/schema.org\",\"@graph\":[{\"@type\":\"Article\",\"@id\":\"https:\\\/\\\/cvinoticias.com\\\/v3\\\/suma-tu-escuela-el-proyecto-que-busca-incluir-la-robotica-en-las-aulas-convencionales\\\/#article\",\"isPartOf\":{\"@id\":\"https:\\\/\\\/cvinoticias.com\\\/v3\\\/suma-tu-escuela-el-proyecto-que-busca-incluir-la-robotica-en-las-aulas-convencionales\\\/\"},\"author\":{\"name\":\"f1000024\",\"@id\":\"https:\\\/\\\/cvinoticias.com\\\/v3\\\/#\\\/schema\\\/person\\\/2db77e3c6bc03c538495d7b2b8be9b66\"},\"headline\":\"Suma tu escuela: el proyecto que busca incluir la rob\u00f3tica en las aulas convencionales\",\"datePublished\":\"2022-05-28T16:59:37+00:00\",\"mainEntityOfPage\":{\"@id\":\"https:\\\/\\\/cvinoticias.com\\\/v3\\\/suma-tu-escuela-el-proyecto-que-busca-incluir-la-robotica-en-las-aulas-convencionales\\\/\"},\"wordCount\":453,\"commentCount\":0,\"publisher\":{\"@id\":\"https:\\\/\\\/cvinoticias.com\\\/v3\\\/#organization\"},\"image\":{\"@id\":\"https:\\\/\\\/cvinoticias.com\\\/v3\\\/suma-tu-escuela-el-proyecto-que-busca-incluir-la-robotica-en-las-aulas-convencionales\\\/#primaryimage\"},\"thumbnailUrl\":\"https:\\\/\\\/cvinoticias.com\\\/wp-content\\\/uploads\\\/2022\\\/05\\\/FB_IMG_1653757114967.jpg\",\"articleSection\":[\"Educacion\"],\"inLanguage\":\"es\",\"potentialAction\":[{\"@type\":\"CommentAction\",\"name\":\"Comment\",\"target\":[\"https:\\\/\\\/cvinoticias.com\\\/v3\\\/suma-tu-escuela-el-proyecto-que-busca-incluir-la-robotica-en-las-aulas-convencionales\\\/#respond\"]}]},{\"@type\":\"WebPage\",\"@id\":\"https:\\\/\\\/cvinoticias.com\\\/v3\\\/suma-tu-escuela-el-proyecto-que-busca-incluir-la-robotica-en-las-aulas-convencionales\\\/\",\"url\":\"https:\\\/\\\/cvinoticias.com\\\/v3\\\/suma-tu-escuela-el-proyecto-que-busca-incluir-la-robotica-en-las-aulas-convencionales\\\/\",\"name\":\"Suma tu escuela: el proyecto que busca incluir la rob\u00f3tica en las aulas convencionales | CVI NOTICIAS\",\"isPartOf\":{\"@id\":\"https:\\\/\\\/cvinoticias.com\\\/v3\\\/#website\"},\"primaryImageOfPage\":{\"@id\":\"https:\\\/\\\/cvinoticias.com\\\/v3\\\/suma-tu-escuela-el-proyecto-que-busca-incluir-la-robotica-en-las-aulas-convencionales\\\/#primaryimage\"},\"image\":{\"@id\":\"https:\\\/\\\/cvinoticias.com\\\/v3\\\/suma-tu-escuela-el-proyecto-que-busca-incluir-la-robotica-en-las-aulas-convencionales\\\/#primaryimage\"},\"thumbnailUrl\":\"https:\\\/\\\/cvinoticias.com\\\/wp-content\\\/uploads\\\/2022\\\/05\\\/FB_IMG_1653757114967.jpg\",\"datePublished\":\"2022-05-28T16:59:37+00:00\",\"breadcrumb\":{\"@id\":\"https:\\\/\\\/cvinoticias.com\\\/v3\\\/suma-tu-escuela-el-proyecto-que-busca-incluir-la-robotica-en-las-aulas-convencionales\\\/#breadcrumb\"},\"inLanguage\":\"es\",\"potentialAction\":[{\"@type\":\"ReadAction\",\"target\":[\"https:\\\/\\\/cvinoticias.com\\\/v3\\\/suma-tu-escuela-el-proyecto-que-busca-incluir-la-robotica-en-las-aulas-convencionales\\\/\"]}]},{\"@type\":\"ImageObject\",\"inLanguage\":\"es\",\"@id\":\"https:\\\/\\\/cvinoticias.com\\\/v3\\\/suma-tu-escuela-el-proyecto-que-busca-incluir-la-robotica-en-las-aulas-convencionales\\\/#primaryimage\",\"url\":\"https:\\\/\\\/cvinoticias.com\\\/wp-content\\\/uploads\\\/2022\\\/05\\\/FB_IMG_1653757114967.jpg\",\"contentUrl\":\"https:\\\/\\\/cvinoticias.com\\\/wp-content\\\/uploads\\\/2022\\\/05\\\/FB_IMG_1653757114967.jpg\",\"width\":640,\"height\":960},{\"@type\":\"BreadcrumbList\",\"@id\":\"https:\\\/\\\/cvinoticias.com\\\/v3\\\/suma-tu-escuela-el-proyecto-que-busca-incluir-la-robotica-en-las-aulas-convencionales\\\/#breadcrumb\",\"itemListElement\":[{\"@type\":\"ListItem\",\"position\":1,\"name\":\"Portada\",\"item\":\"https:\\\/\\\/cvinoticias.com\\\/v3\\\/\"},{\"@type\":\"ListItem\",\"position\":2,\"name\":\"Suma tu escuela: el proyecto que busca incluir la rob\u00f3tica en las aulas convencionales\"}]},{\"@type\":\"WebSite\",\"@id\":\"https:\\\/\\\/cvinoticias.com\\\/v3\\\/#website\",\"url\":\"https:\\\/\\\/cvinoticias.com\\\/v3\\\/\",\"name\":\"CVI NOTICIAS\",\"description\":\"\",\"publisher\":{\"@id\":\"https:\\\/\\\/cvinoticias.com\\\/v3\\\/#organization\"},\"alternateName\":\"CVI\",\"potentialAction\":[{\"@type\":\"SearchAction\",\"target\":{\"@type\":\"EntryPoint\",\"urlTemplate\":\"https:\\\/\\\/cvinoticias.com\\\/v3\\\/?s={search_term_string}\"},\"query-input\":{\"@type\":\"PropertyValueSpecification\",\"valueRequired\":true,\"valueName\":\"search_term_string\"}}],\"inLanguage\":\"es\"},{\"@type\":\"Organization\",\"@id\":\"https:\\\/\\\/cvinoticias.com\\\/v3\\\/#organization\",\"name\":\"CVI NOTICIAS\",\"url\":\"https:\\\/\\\/cvinoticias.com\\\/v3\\\/\",\"logo\":{\"@type\":\"ImageObject\",\"inLanguage\":\"es\",\"@id\":\"https:\\\/\\\/cvinoticias.com\\\/v3\\\/#\\\/schema\\\/logo\\\/image\\\/\",\"url\":\"https:\\\/\\\/cvinoticias.com\\\/wp-content\\\/uploads\\\/2023\\\/04\\\/cropped-cropped-cropped-cropped-cropped-3-1.png\",\"contentUrl\":\"https:\\\/\\\/cvinoticias.com\\\/wp-content\\\/uploads\\\/2023\\\/04\\\/cropped-cropped-cropped-cropped-cropped-3-1.png\",\"width\":95,\"height\":122,\"caption\":\"CVI NOTICIAS\"},\"image\":{\"@id\":\"https:\\\/\\\/cvinoticias.com\\\/v3\\\/#\\\/schema\\\/logo\\\/image\\\/\"},\"sameAs\":[\"https:\\\/\\\/www.facebook.com\\\/cvinoticias\",\"https:\\\/\\\/www.instagram.com\\\/cvinoticias\\\/\",\"https:\\\/\\\/www.youtube.com\\\/@CVINOTICIAS\"]},{\"@type\":\"Person\",\"@id\":\"https:\\\/\\\/cvinoticias.com\\\/v3\\\/#\\\/schema\\\/person\\\/2db77e3c6bc03c538495d7b2b8be9b66\",\"name\":\"f1000024\",\"image\":{\"@type\":\"ImageObject\",\"inLanguage\":\"es\",\"@id\":\"https:\\\/\\\/secure.gravatar.com\\\/avatar\\\/d4fe7459cfc51ff5129ce1a732bbef5928568b8092d412ef95611616376bbeed?s=96&d=mm&r=g\",\"url\":\"https:\\\/\\\/secure.gravatar.com\\\/avatar\\\/d4fe7459cfc51ff5129ce1a732bbef5928568b8092d412ef95611616376bbeed?s=96&d=mm&r=g\",\"contentUrl\":\"https:\\\/\\\/secure.gravatar.com\\\/avatar\\\/d4fe7459cfc51ff5129ce1a732bbef5928568b8092d412ef95611616376bbeed?s=96&d=mm&r=g\",\"caption\":\"f1000024\"},\"url\":\"https:\\\/\\\/cvinoticias.com\\\/v3\\\/author\\\/f1000024\\\/\"}]}<\/script>\n<!-- \/ Yoast SEO plugin. -->","yoast_head_json":{"title":"Suma tu escuela: el proyecto que busca incluir la rob\u00f3tica en las aulas convencionales | CVI NOTICIAS","robots":{"index":"index","follow":"follow","max-snippet":"max-snippet:-1","max-image-preview":"max-image-preview:large","max-video-preview":"max-video-preview:-1"},"canonical":"https:\/\/cvinoticias.com\/v3\/suma-tu-escuela-el-proyecto-que-busca-incluir-la-robotica-en-las-aulas-convencionales\/","og_locale":"es_ES","og_type":"article","og_title":"Suma tu escuela: el proyecto que busca incluir la rob\u00f3tica en las aulas convencionales | CVI NOTICIAS","og_description":"A meses del lanzamiento, la propuesta se consolida como parte del gran ecosistema disruptivo de la provincia que apuesta a la formaci\u00f3n de j\u00f3venes con la apertura de espacios de vanguardia, de innovaci\u00f3n y crecimiento tecnol\u00f3gico. Suma tu Escuela es un programa de la Escuela de Rob\u00f3tica que busca trasladar el modelo educativo innovador a [&hellip;]","og_url":"https:\/\/cvinoticias.com\/v3\/suma-tu-escuela-el-proyecto-que-busca-incluir-la-robotica-en-las-aulas-convencionales\/","og_site_name":"CVI NOTICIAS","article_publisher":"https:\/\/www.facebook.com\/cvinoticias","article_published_time":"2022-05-28T16:59:37+00:00","og_image":[{"width":640,"height":960,"url":"https:\/\/cvinoticias.com\/wp-content\/uploads\/2022\/05\/FB_IMG_1653757114967.jpg","type":"image\/jpeg"}],"author":"f1000024","twitter_card":"summary_large_image","twitter_misc":{"Escrito por":"f1000024","Tiempo de lectura":"2 minutos"},"schema":{"@context":"https:\/\/schema.org","@graph":[{"@type":"Article","@id":"https:\/\/cvinoticias.com\/v3\/suma-tu-escuela-el-proyecto-que-busca-incluir-la-robotica-en-las-aulas-convencionales\/#article","isPartOf":{"@id":"https:\/\/cvinoticias.com\/v3\/suma-tu-escuela-el-proyecto-que-busca-incluir-la-robotica-en-las-aulas-convencionales\/"},"author":{"name":"f1000024","@id":"https:\/\/cvinoticias.com\/v3\/#\/schema\/person\/2db77e3c6bc03c538495d7b2b8be9b66"},"headline":"Suma tu escuela: el proyecto que busca incluir la rob\u00f3tica en las aulas convencionales","datePublished":"2022-05-28T16:59:37+00:00","mainEntityOfPage":{"@id":"https:\/\/cvinoticias.com\/v3\/suma-tu-escuela-el-proyecto-que-busca-incluir-la-robotica-en-las-aulas-convencionales\/"},"wordCount":453,"commentCount":0,"publisher":{"@id":"https:\/\/cvinoticias.com\/v3\/#organization"},"image":{"@id":"https:\/\/cvinoticias.com\/v3\/suma-tu-escuela-el-proyecto-que-busca-incluir-la-robotica-en-las-aulas-convencionales\/#primaryimage"},"thumbnailUrl":"https:\/\/cvinoticias.com\/wp-content\/uploads\/2022\/05\/FB_IMG_1653757114967.jpg","articleSection":["Educacion"],"inLanguage":"es","potentialAction":[{"@type":"CommentAction","name":"Comment","target":["https:\/\/cvinoticias.com\/v3\/suma-tu-escuela-el-proyecto-que-busca-incluir-la-robotica-en-las-aulas-convencionales\/#respond"]}]},{"@type":"WebPage","@id":"https:\/\/cvinoticias.com\/v3\/suma-tu-escuela-el-proyecto-que-busca-incluir-la-robotica-en-las-aulas-convencionales\/","url":"https:\/\/cvinoticias.com\/v3\/suma-tu-escuela-el-proyecto-que-busca-incluir-la-robotica-en-las-aulas-convencionales\/","name":"Suma tu escuela: el proyecto que busca incluir la rob\u00f3tica en las aulas convencionales | CVI NOTICIAS","isPartOf":{"@id":"https:\/\/cvinoticias.com\/v3\/#website"},"primaryImageOfPage":{"@id":"https:\/\/cvinoticias.com\/v3\/suma-tu-escuela-el-proyecto-que-busca-incluir-la-robotica-en-las-aulas-convencionales\/#primaryimage"},"image":{"@id":"https:\/\/cvinoticias.com\/v3\/suma-tu-escuela-el-proyecto-que-busca-incluir-la-robotica-en-las-aulas-convencionales\/#primaryimage"},"thumbnailUrl":"https:\/\/cvinoticias.com\/wp-content\/uploads\/2022\/05\/FB_IMG_1653757114967.jpg","datePublished":"2022-05-28T16:59:37+00:00","breadcrumb":{"@id":"https:\/\/cvinoticias.com\/v3\/suma-tu-escuela-el-proyecto-que-busca-incluir-la-robotica-en-las-aulas-convencionales\/#breadcrumb"},"inLanguage":"es","potentialAction":[{"@type":"ReadAction","target":["https:\/\/cvinoticias.com\/v3\/suma-tu-escuela-el-proyecto-que-busca-incluir-la-robotica-en-las-aulas-convencionales\/"]}]},{"@type":"ImageObject","inLanguage":"es","@id":"https:\/\/cvinoticias.com\/v3\/suma-tu-escuela-el-proyecto-que-busca-incluir-la-robotica-en-las-aulas-convencionales\/#primaryimage","url":"https:\/\/cvinoticias.com\/wp-content\/uploads\/2022\/05\/FB_IMG_1653757114967.jpg","contentUrl":"https:\/\/cvinoticias.com\/wp-content\/uploads\/2022\/05\/FB_IMG_1653757114967.jpg","width":640,"height":960},{"@type":"BreadcrumbList","@id":"https:\/\/cvinoticias.com\/v3\/suma-tu-escuela-el-proyecto-que-busca-incluir-la-robotica-en-las-aulas-convencionales\/#breadcrumb","itemListElement":[{"@type":"ListItem","position":1,"name":"Portada","item":"https:\/\/cvinoticias.com\/v3\/"},{"@type":"ListItem","position":2,"name":"Suma tu escuela: el proyecto que busca incluir la rob\u00f3tica en las aulas convencionales"}]},{"@type":"WebSite","@id":"https:\/\/cvinoticias.com\/v3\/#website","url":"https:\/\/cvinoticias.com\/v3\/","name":"CVI NOTICIAS","description":"","publisher":{"@id":"https:\/\/cvinoticias.com\/v3\/#organization"},"alternateName":"CVI","potentialAction":[{"@type":"SearchAction","target":{"@type":"EntryPoint","urlTemplate":"https:\/\/cvinoticias.com\/v3\/?s={search_term_string}"},"query-input":{"@type":"PropertyValueSpecification","valueRequired":true,"valueName":"search_term_string"}}],"inLanguage":"es"},{"@type":"Organization","@id":"https:\/\/cvinoticias.com\/v3\/#organization","name":"CVI NOTICIAS","url":"https:\/\/cvinoticias.com\/v3\/","logo":{"@type":"ImageObject","inLanguage":"es","@id":"https:\/\/cvinoticias.com\/v3\/#\/schema\/logo\/image\/","url":"https:\/\/cvinoticias.com\/wp-content\/uploads\/2023\/04\/cropped-cropped-cropped-cropped-cropped-3-1.png","contentUrl":"https:\/\/cvinoticias.com\/wp-content\/uploads\/2023\/04\/cropped-cropped-cropped-cropped-cropped-3-1.png","width":95,"height":122,"caption":"CVI NOTICIAS"},"image":{"@id":"https:\/\/cvinoticias.com\/v3\/#\/schema\/logo\/image\/"},"sameAs":["https:\/\/www.facebook.com\/cvinoticias","https:\/\/www.instagram.com\/cvinoticias\/","https:\/\/www.youtube.com\/@CVINOTICIAS"]},{"@type":"Person","@id":"https:\/\/cvinoticias.com\/v3\/#\/schema\/person\/2db77e3c6bc03c538495d7b2b8be9b66","name":"f1000024","image":{"@type":"ImageObject","inLanguage":"es","@id":"https:\/\/secure.gravatar.com\/avatar\/d4fe7459cfc51ff5129ce1a732bbef5928568b8092d412ef95611616376bbeed?s=96&d=mm&r=g","url":"https:\/\/secure.gravatar.com\/avatar\/d4fe7459cfc51ff5129ce1a732bbef5928568b8092d412ef95611616376bbeed?s=96&d=mm&r=g","contentUrl":"https:\/\/secure.gravatar.com\/avatar\/d4fe7459cfc51ff5129ce1a732bbef5928568b8092d412ef95611616376bbeed?s=96&d=mm&r=g","caption":"f1000024"},"url":"https:\/\/cvinoticias.com\/v3\/author\/f1000024\/"}]}},"_links":{"self":[{"href":"https:\/\/cvinoticias.com\/v3\/wp-json\/wp\/v2\/posts\/16189","targetHints":{"allow":["GET"]}}],"collection":[{"href":"https:\/\/cvinoticias.com\/v3\/wp-json\/wp\/v2\/posts"}],"about":[{"href":"https:\/\/cvinoticias.com\/v3\/wp-json\/wp\/v2\/types\/post"}],"author":[{"embeddable":true,"href":"https:\/\/cvinoticias.com\/v3\/wp-json\/wp\/v2\/users\/2"}],"replies":[{"embeddable":true,"href":"https:\/\/cvinoticias.com\/v3\/wp-json\/wp\/v2\/comments?post=16189"}],"version-history":[{"count":1,"href":"https:\/\/cvinoticias.com\/v3\/wp-json\/wp\/v2\/posts\/16189\/revisions"}],"predecessor-version":[{"id":16192,"href":"https:\/\/cvinoticias.com\/v3\/wp-json\/wp\/v2\/posts\/16189\/revisions\/16192"}],"wp:featuredmedia":[{"embeddable":true,"href":"https:\/\/cvinoticias.com\/v3\/wp-json\/wp\/v2\/media\/16191"}],"wp:attachment":[{"href":"https:\/\/cvinoticias.com\/v3\/wp-json\/wp\/v2\/media?parent=16189"}],"wp:term":[{"taxonomy":"category","embeddable":true,"href":"https:\/\/cvinoticias.com\/v3\/wp-json\/wp\/v2\/categories?post=16189"},{"taxonomy":"post_tag","embeddable":true,"href":"https:\/\/cvinoticias.com\/v3\/wp-json\/wp\/v2\/tags?post=16189"}],"curies":[{"name":"wp","href":"https:\/\/api.w.org\/{rel}","templated":true}]}}