{"id":16061,"date":"2022-05-24T07:12:56","date_gmt":"2022-05-24T07:12:56","guid":{"rendered":"https:\/\/cvinoticias.com\/v3\/?p=16061"},"modified":"2022-05-24T07:12:56","modified_gmt":"2022-05-24T07:12:56","slug":"renuncio-feletti-y-lo-reemplaza-un-director-del-banco-central","status":"publish","type":"post","link":"https:\/\/cvinoticias.com\/v3\/renuncio-feletti-y-lo-reemplaza-un-director-del-banco-central\/","title":{"rendered":"Renunci\u00f3 Feletti y lo reemplaza un director del Banco Central"},"content":{"rendered":"\n<p><strong><em>La dimisi\u00f3n ocurri\u00f3 tres d\u00edas despu\u00e9s de que el Gobierno pasara la Secretar\u00eda de Comercio Interior a la \u00f3rbita del Ministerio de Econom\u00eda, dirigida por Guzm\u00e1n.<\/em><\/strong><\/p>\n\n\n\n<p>El secretario de Comercio Interior, Roberto Feletti, present\u00f3 hoy su renuncia al cargo, y ser\u00e1 reemplazado por Guillermo Hang, quien hasta el momento se desempe\u00f1aba como director del Banco Central.<\/p>\n\n\n\n<p>Feletti, quien ven\u00eda sistem\u00e1ticamente expresando sus diferencias con el ministro de Econom\u00eda, Mart\u00edn Guzm\u00e1n, anunci\u00f3 su renuncia a trav\u00e9s de Twitter.<\/p>\n\n\n\n<p>Hang, por su parte, \u201ctiene larga trayectoria en la funci\u00f3n p\u00fablica, habi\u00e9ndose desempe\u00f1ado en diferentes \u00e1reas del Ministerio de Econom\u00eda desde el a\u00f1o 2008 al 2015. Desde el inicio de la gesti\u00f3n del actual gobierno es miembro del directorio del Banco Central de la Rep\u00fablica Argentina. Hang es licenciado en Econom\u00eda por la Universidad de La Plata\u201d, informaron desde el Gobierno, desde donde tambi\u00e9n compartieron una foto \u201cde la reuni\u00f3n que est\u00e1n manteniendo ahora Guzm\u00e1n y Hang\u201d, dijeron voceros de Econom\u00eda.<\/p>\n\n\n\n<p>En su misiva de renuncia, Feletti explic\u00f3 que el traspaso de la secretar\u00eda que encabezaba hacia el Ministerio de Econom\u00eda \u201cabre una nueva etapa, en la que este \u00faltimo se har\u00e1 cargo de la pol\u00edtica econ\u00f3mica de manera integral, incorporando a su \u00f3rbita la pol\u00edtica de precios y dem\u00e1s misiones y funciones atinentes a la secretar\u00eda que encabec\u00e9 hasta aqu\u00ed\u201d.<\/p>\n\n\n\n<p>Ante esto, el funcionario dijo que \u201cla actitud m\u00e1s razonable y profesional de mi parte es facilitar que el ministerio de Mart\u00edn Guzm\u00e1n tenga libertad para seleccionar funcionarios y funcionarias que compartan el rumbo definido y el programa fijado\u201d.<\/p>\n\n\n\n<p>\u201cEstoy seguro de que compartimos el objetivo final, que es el de una Argentina m\u00e1s pr\u00f3spera y humanamente desarrollada. Son discrepancias sobre el sendero trazado y sobre las herramientas econ\u00f3micas seleccionadas las que hoy me llevan a tomar esta decisi\u00f3n\u201d, agreg\u00f3.<\/p>\n\n\n\n<p>Feletti hab\u00eda reemplazado a Paula Espa\u00f1ol en la secretar\u00eda el 9 de octubre pasado. Hasta entonces se desempe\u00f1aba como secretario administrativo del Senado bonaerense y anteriormente hab\u00eda ocupado distintos cargos, como diputado nacional y secretario de Pol\u00edtica Econ\u00f3mica y Planificaci\u00f3n del Desarrollo durante la gesti\u00f3n de Cristina Fern\u00e1ndez Kirchner como presidenta.<\/p>\n\n\n\n<p>El lugar de Feletti lo ocupar\u00e1 Guillermo Hang, actual director del Banco Central de la Rep\u00fablica Argentina, que asumir\u00e1 como secretario de Comercio. Es licenciado en Econom\u00eda por la Universidad de La Plata y hombre fiel del presidente del Bcra, Miguel \u00c1ngel Pesce.<\/p>\n\n\n\n<p>Hang pas\u00f3 por diferentes \u00e1reas del Ministerio de Econom\u00eda desde 2008 al 2015. Ahora se ocupar\u00e1 de la secretar\u00eda que posee competencias para evaluar, controlar, proponer y dictar medidas tendientes a mejorar la organizaci\u00f3n de los mercados de bienes y servicios tanto p\u00fablicos como privados.<\/p>\n\n\n\n<p>Su objetivo es el de favorecer su transparencia y desarrollo en funci\u00f3n del inter\u00e9s p\u00fablico, en el \u00e1mbito de su competencia. Asimismo tiene la potestad de dictar la normativa vinculada con el abastecimiento interno de bienes y servicios y su fiscalizaci\u00f3n y contralor. Desde hace a\u00f1os, la principal tarea del \u00e1rea es contener los aumentos de precios.<\/p>\n","protected":false},"excerpt":{"rendered":"<p>La dimisi\u00f3n ocurri\u00f3 tres d\u00edas despu\u00e9s de que el Gobierno pasara la Secretar\u00eda de Comercio Interior a la \u00f3rbita del Ministerio de Econom\u00eda, dirigida por Guzm\u00e1n. El secretario de Comercio Interior, Roberto Feletti, present\u00f3 hoy su renuncia al cargo, y ser\u00e1 reemplazado por Guillermo Hang, quien hasta el momento se desempe\u00f1aba como director del Banco [&hellip;]<\/p>\n","protected":false},"author":2,"featured_media":16062,"comment_status":"open","ping_status":"open","sticky":false,"template":"","format":"standard","meta":{"footnotes":""},"categories":[42],"tags":[],"class_list":["post-16061","post","type-post","status-publish","format-standard","has-post-thumbnail","hentry","category-politica"],"yoast_head":"<!-- This site is optimized with the Yoast SEO plugin v27.5 - https:\/\/yoast.com\/product\/yoast-seo-wordpress\/ -->\n<title>Renunci\u00f3 Feletti y lo reemplaza un director del Banco Central | CVI NOTICIAS<\/title>\n<meta name=\"robots\" content=\"index, follow, max-snippet:-1, max-image-preview:large, max-video-preview:-1\" \/>\n<link rel=\"canonical\" href=\"https:\/\/cvinoticias.com\/v3\/renuncio-feletti-y-lo-reemplaza-un-director-del-banco-central\/\" \/>\n<meta property=\"og:locale\" content=\"es_ES\" \/>\n<meta property=\"og:type\" content=\"article\" \/>\n<meta property=\"og:title\" content=\"Renunci\u00f3 Feletti y lo reemplaza un director del Banco Central | CVI NOTICIAS\" \/>\n<meta property=\"og:description\" content=\"La dimisi\u00f3n ocurri\u00f3 tres d\u00edas despu\u00e9s de que el Gobierno pasara la Secretar\u00eda de Comercio Interior a la \u00f3rbita del Ministerio de Econom\u00eda, dirigida por Guzm\u00e1n. El secretario de Comercio Interior, Roberto Feletti, present\u00f3 hoy su renuncia al cargo, y ser\u00e1 reemplazado por Guillermo Hang, quien hasta el momento se desempe\u00f1aba como director del Banco [&hellip;]\" \/>\n<meta property=\"og:url\" content=\"https:\/\/cvinoticias.com\/v3\/renuncio-feletti-y-lo-reemplaza-un-director-del-banco-central\/\" \/>\n<meta property=\"og:site_name\" content=\"CVI NOTICIAS\" \/>\n<meta property=\"article:publisher\" content=\"https:\/\/www.facebook.com\/cvinoticias\" \/>\n<meta property=\"article:published_time\" content=\"2022-05-24T07:12:56+00:00\" \/>\n<meta property=\"og:image\" content=\"https:\/\/cvinoticias.com\/wp-content\/uploads\/2022\/05\/Screenshot_20220524-041129_Chrome.jpg\" \/>\n\t<meta property=\"og:image:width\" content=\"871\" \/>\n\t<meta property=\"og:image:height\" content=\"504\" \/>\n\t<meta property=\"og:image:type\" content=\"image\/jpeg\" \/>\n<meta name=\"author\" content=\"f1000024\" \/>\n<meta name=\"twitter:card\" content=\"summary_large_image\" \/>\n<meta name=\"twitter:label1\" content=\"Escrito por\" \/>\n\t<meta name=\"twitter:data1\" content=\"f1000024\" \/>\n\t<meta name=\"twitter:label2\" content=\"Tiempo de lectura\" \/>\n\t<meta name=\"twitter:data2\" content=\"3 minutos\" \/>\n<script type=\"application\/ld+json\" class=\"yoast-schema-graph\">{\"@context\":\"https:\\\/\\\/schema.org\",\"@graph\":[{\"@type\":\"Article\",\"@id\":\"https:\\\/\\\/cvinoticias.com\\\/v3\\\/renuncio-feletti-y-lo-reemplaza-un-director-del-banco-central\\\/#article\",\"isPartOf\":{\"@id\":\"https:\\\/\\\/cvinoticias.com\\\/v3\\\/renuncio-feletti-y-lo-reemplaza-un-director-del-banco-central\\\/\"},\"author\":{\"name\":\"f1000024\",\"@id\":\"https:\\\/\\\/cvinoticias.com\\\/v3\\\/#\\\/schema\\\/person\\\/2db77e3c6bc03c538495d7b2b8be9b66\"},\"headline\":\"Renunci\u00f3 Feletti y lo reemplaza un director del Banco Central\",\"datePublished\":\"2022-05-24T07:12:56+00:00\",\"mainEntityOfPage\":{\"@id\":\"https:\\\/\\\/cvinoticias.com\\\/v3\\\/renuncio-feletti-y-lo-reemplaza-un-director-del-banco-central\\\/\"},\"wordCount\":561,\"commentCount\":0,\"publisher\":{\"@id\":\"https:\\\/\\\/cvinoticias.com\\\/v3\\\/#organization\"},\"image\":{\"@id\":\"https:\\\/\\\/cvinoticias.com\\\/v3\\\/renuncio-feletti-y-lo-reemplaza-un-director-del-banco-central\\\/#primaryimage\"},\"thumbnailUrl\":\"https:\\\/\\\/cvinoticias.com\\\/wp-content\\\/uploads\\\/2022\\\/05\\\/Screenshot_20220524-041129_Chrome.jpg\",\"articleSection\":[\"Politica\"],\"inLanguage\":\"es\",\"potentialAction\":[{\"@type\":\"CommentAction\",\"name\":\"Comment\",\"target\":[\"https:\\\/\\\/cvinoticias.com\\\/v3\\\/renuncio-feletti-y-lo-reemplaza-un-director-del-banco-central\\\/#respond\"]}]},{\"@type\":\"WebPage\",\"@id\":\"https:\\\/\\\/cvinoticias.com\\\/v3\\\/renuncio-feletti-y-lo-reemplaza-un-director-del-banco-central\\\/\",\"url\":\"https:\\\/\\\/cvinoticias.com\\\/v3\\\/renuncio-feletti-y-lo-reemplaza-un-director-del-banco-central\\\/\",\"name\":\"Renunci\u00f3 Feletti y lo reemplaza un director del Banco Central | CVI NOTICIAS\",\"isPartOf\":{\"@id\":\"https:\\\/\\\/cvinoticias.com\\\/v3\\\/#website\"},\"primaryImageOfPage\":{\"@id\":\"https:\\\/\\\/cvinoticias.com\\\/v3\\\/renuncio-feletti-y-lo-reemplaza-un-director-del-banco-central\\\/#primaryimage\"},\"image\":{\"@id\":\"https:\\\/\\\/cvinoticias.com\\\/v3\\\/renuncio-feletti-y-lo-reemplaza-un-director-del-banco-central\\\/#primaryimage\"},\"thumbnailUrl\":\"https:\\\/\\\/cvinoticias.com\\\/wp-content\\\/uploads\\\/2022\\\/05\\\/Screenshot_20220524-041129_Chrome.jpg\",\"datePublished\":\"2022-05-24T07:12:56+00:00\",\"breadcrumb\":{\"@id\":\"https:\\\/\\\/cvinoticias.com\\\/v3\\\/renuncio-feletti-y-lo-reemplaza-un-director-del-banco-central\\\/#breadcrumb\"},\"inLanguage\":\"es\",\"potentialAction\":[{\"@type\":\"ReadAction\",\"target\":[\"https:\\\/\\\/cvinoticias.com\\\/v3\\\/renuncio-feletti-y-lo-reemplaza-un-director-del-banco-central\\\/\"]}]},{\"@type\":\"ImageObject\",\"inLanguage\":\"es\",\"@id\":\"https:\\\/\\\/cvinoticias.com\\\/v3\\\/renuncio-feletti-y-lo-reemplaza-un-director-del-banco-central\\\/#primaryimage\",\"url\":\"https:\\\/\\\/cvinoticias.com\\\/wp-content\\\/uploads\\\/2022\\\/05\\\/Screenshot_20220524-041129_Chrome.jpg\",\"contentUrl\":\"https:\\\/\\\/cvinoticias.com\\\/wp-content\\\/uploads\\\/2022\\\/05\\\/Screenshot_20220524-041129_Chrome.jpg\",\"width\":871,\"height\":504},{\"@type\":\"BreadcrumbList\",\"@id\":\"https:\\\/\\\/cvinoticias.com\\\/v3\\\/renuncio-feletti-y-lo-reemplaza-un-director-del-banco-central\\\/#breadcrumb\",\"itemListElement\":[{\"@type\":\"ListItem\",\"position\":1,\"name\":\"Portada\",\"item\":\"https:\\\/\\\/cvinoticias.com\\\/v3\\\/\"},{\"@type\":\"ListItem\",\"position\":2,\"name\":\"Renunci\u00f3 Feletti y lo reemplaza un director del Banco Central\"}]},{\"@type\":\"WebSite\",\"@id\":\"https:\\\/\\\/cvinoticias.com\\\/v3\\\/#website\",\"url\":\"https:\\\/\\\/cvinoticias.com\\\/v3\\\/\",\"name\":\"CVI NOTICIAS\",\"description\":\"\",\"publisher\":{\"@id\":\"https:\\\/\\\/cvinoticias.com\\\/v3\\\/#organization\"},\"alternateName\":\"CVI\",\"potentialAction\":[{\"@type\":\"SearchAction\",\"target\":{\"@type\":\"EntryPoint\",\"urlTemplate\":\"https:\\\/\\\/cvinoticias.com\\\/v3\\\/?s={search_term_string}\"},\"query-input\":{\"@type\":\"PropertyValueSpecification\",\"valueRequired\":true,\"valueName\":\"search_term_string\"}}],\"inLanguage\":\"es\"},{\"@type\":\"Organization\",\"@id\":\"https:\\\/\\\/cvinoticias.com\\\/v3\\\/#organization\",\"name\":\"CVI NOTICIAS\",\"url\":\"https:\\\/\\\/cvinoticias.com\\\/v3\\\/\",\"logo\":{\"@type\":\"ImageObject\",\"inLanguage\":\"es\",\"@id\":\"https:\\\/\\\/cvinoticias.com\\\/v3\\\/#\\\/schema\\\/logo\\\/image\\\/\",\"url\":\"https:\\\/\\\/cvinoticias.com\\\/wp-content\\\/uploads\\\/2023\\\/04\\\/cropped-cropped-cropped-cropped-cropped-3-1.png\",\"contentUrl\":\"https:\\\/\\\/cvinoticias.com\\\/wp-content\\\/uploads\\\/2023\\\/04\\\/cropped-cropped-cropped-cropped-cropped-3-1.png\",\"width\":95,\"height\":122,\"caption\":\"CVI NOTICIAS\"},\"image\":{\"@id\":\"https:\\\/\\\/cvinoticias.com\\\/v3\\\/#\\\/schema\\\/logo\\\/image\\\/\"},\"sameAs\":[\"https:\\\/\\\/www.facebook.com\\\/cvinoticias\",\"https:\\\/\\\/www.instagram.com\\\/cvinoticias\\\/\",\"https:\\\/\\\/www.youtube.com\\\/@CVINOTICIAS\"]},{\"@type\":\"Person\",\"@id\":\"https:\\\/\\\/cvinoticias.com\\\/v3\\\/#\\\/schema\\\/person\\\/2db77e3c6bc03c538495d7b2b8be9b66\",\"name\":\"f1000024\",\"image\":{\"@type\":\"ImageObject\",\"inLanguage\":\"es\",\"@id\":\"https:\\\/\\\/secure.gravatar.com\\\/avatar\\\/d4fe7459cfc51ff5129ce1a732bbef5928568b8092d412ef95611616376bbeed?s=96&d=mm&r=g\",\"url\":\"https:\\\/\\\/secure.gravatar.com\\\/avatar\\\/d4fe7459cfc51ff5129ce1a732bbef5928568b8092d412ef95611616376bbeed?s=96&d=mm&r=g\",\"contentUrl\":\"https:\\\/\\\/secure.gravatar.com\\\/avatar\\\/d4fe7459cfc51ff5129ce1a732bbef5928568b8092d412ef95611616376bbeed?s=96&d=mm&r=g\",\"caption\":\"f1000024\"},\"url\":\"https:\\\/\\\/cvinoticias.com\\\/v3\\\/author\\\/f1000024\\\/\"}]}<\/script>\n<!-- \/ Yoast SEO plugin. -->","yoast_head_json":{"title":"Renunci\u00f3 Feletti y lo reemplaza un director del Banco Central | CVI NOTICIAS","robots":{"index":"index","follow":"follow","max-snippet":"max-snippet:-1","max-image-preview":"max-image-preview:large","max-video-preview":"max-video-preview:-1"},"canonical":"https:\/\/cvinoticias.com\/v3\/renuncio-feletti-y-lo-reemplaza-un-director-del-banco-central\/","og_locale":"es_ES","og_type":"article","og_title":"Renunci\u00f3 Feletti y lo reemplaza un director del Banco Central | CVI NOTICIAS","og_description":"La dimisi\u00f3n ocurri\u00f3 tres d\u00edas despu\u00e9s de que el Gobierno pasara la Secretar\u00eda de Comercio Interior a la \u00f3rbita del Ministerio de Econom\u00eda, dirigida por Guzm\u00e1n. El secretario de Comercio Interior, Roberto Feletti, present\u00f3 hoy su renuncia al cargo, y ser\u00e1 reemplazado por Guillermo Hang, quien hasta el momento se desempe\u00f1aba como director del Banco [&hellip;]","og_url":"https:\/\/cvinoticias.com\/v3\/renuncio-feletti-y-lo-reemplaza-un-director-del-banco-central\/","og_site_name":"CVI NOTICIAS","article_publisher":"https:\/\/www.facebook.com\/cvinoticias","article_published_time":"2022-05-24T07:12:56+00:00","og_image":[{"width":871,"height":504,"url":"https:\/\/cvinoticias.com\/wp-content\/uploads\/2022\/05\/Screenshot_20220524-041129_Chrome.jpg","type":"image\/jpeg"}],"author":"f1000024","twitter_card":"summary_large_image","twitter_misc":{"Escrito por":"f1000024","Tiempo de lectura":"3 minutos"},"schema":{"@context":"https:\/\/schema.org","@graph":[{"@type":"Article","@id":"https:\/\/cvinoticias.com\/v3\/renuncio-feletti-y-lo-reemplaza-un-director-del-banco-central\/#article","isPartOf":{"@id":"https:\/\/cvinoticias.com\/v3\/renuncio-feletti-y-lo-reemplaza-un-director-del-banco-central\/"},"author":{"name":"f1000024","@id":"https:\/\/cvinoticias.com\/v3\/#\/schema\/person\/2db77e3c6bc03c538495d7b2b8be9b66"},"headline":"Renunci\u00f3 Feletti y lo reemplaza un director del Banco Central","datePublished":"2022-05-24T07:12:56+00:00","mainEntityOfPage":{"@id":"https:\/\/cvinoticias.com\/v3\/renuncio-feletti-y-lo-reemplaza-un-director-del-banco-central\/"},"wordCount":561,"commentCount":0,"publisher":{"@id":"https:\/\/cvinoticias.com\/v3\/#organization"},"image":{"@id":"https:\/\/cvinoticias.com\/v3\/renuncio-feletti-y-lo-reemplaza-un-director-del-banco-central\/#primaryimage"},"thumbnailUrl":"https:\/\/cvinoticias.com\/wp-content\/uploads\/2022\/05\/Screenshot_20220524-041129_Chrome.jpg","articleSection":["Politica"],"inLanguage":"es","potentialAction":[{"@type":"CommentAction","name":"Comment","target":["https:\/\/cvinoticias.com\/v3\/renuncio-feletti-y-lo-reemplaza-un-director-del-banco-central\/#respond"]}]},{"@type":"WebPage","@id":"https:\/\/cvinoticias.com\/v3\/renuncio-feletti-y-lo-reemplaza-un-director-del-banco-central\/","url":"https:\/\/cvinoticias.com\/v3\/renuncio-feletti-y-lo-reemplaza-un-director-del-banco-central\/","name":"Renunci\u00f3 Feletti y lo reemplaza un director del Banco Central | CVI NOTICIAS","isPartOf":{"@id":"https:\/\/cvinoticias.com\/v3\/#website"},"primaryImageOfPage":{"@id":"https:\/\/cvinoticias.com\/v3\/renuncio-feletti-y-lo-reemplaza-un-director-del-banco-central\/#primaryimage"},"image":{"@id":"https:\/\/cvinoticias.com\/v3\/renuncio-feletti-y-lo-reemplaza-un-director-del-banco-central\/#primaryimage"},"thumbnailUrl":"https:\/\/cvinoticias.com\/wp-content\/uploads\/2022\/05\/Screenshot_20220524-041129_Chrome.jpg","datePublished":"2022-05-24T07:12:56+00:00","breadcrumb":{"@id":"https:\/\/cvinoticias.com\/v3\/renuncio-feletti-y-lo-reemplaza-un-director-del-banco-central\/#breadcrumb"},"inLanguage":"es","potentialAction":[{"@type":"ReadAction","target":["https:\/\/cvinoticias.com\/v3\/renuncio-feletti-y-lo-reemplaza-un-director-del-banco-central\/"]}]},{"@type":"ImageObject","inLanguage":"es","@id":"https:\/\/cvinoticias.com\/v3\/renuncio-feletti-y-lo-reemplaza-un-director-del-banco-central\/#primaryimage","url":"https:\/\/cvinoticias.com\/wp-content\/uploads\/2022\/05\/Screenshot_20220524-041129_Chrome.jpg","contentUrl":"https:\/\/cvinoticias.com\/wp-content\/uploads\/2022\/05\/Screenshot_20220524-041129_Chrome.jpg","width":871,"height":504},{"@type":"BreadcrumbList","@id":"https:\/\/cvinoticias.com\/v3\/renuncio-feletti-y-lo-reemplaza-un-director-del-banco-central\/#breadcrumb","itemListElement":[{"@type":"ListItem","position":1,"name":"Portada","item":"https:\/\/cvinoticias.com\/v3\/"},{"@type":"ListItem","position":2,"name":"Renunci\u00f3 Feletti y lo reemplaza un director del Banco Central"}]},{"@type":"WebSite","@id":"https:\/\/cvinoticias.com\/v3\/#website","url":"https:\/\/cvinoticias.com\/v3\/","name":"CVI NOTICIAS","description":"","publisher":{"@id":"https:\/\/cvinoticias.com\/v3\/#organization"},"alternateName":"CVI","potentialAction":[{"@type":"SearchAction","target":{"@type":"EntryPoint","urlTemplate":"https:\/\/cvinoticias.com\/v3\/?s={search_term_string}"},"query-input":{"@type":"PropertyValueSpecification","valueRequired":true,"valueName":"search_term_string"}}],"inLanguage":"es"},{"@type":"Organization","@id":"https:\/\/cvinoticias.com\/v3\/#organization","name":"CVI NOTICIAS","url":"https:\/\/cvinoticias.com\/v3\/","logo":{"@type":"ImageObject","inLanguage":"es","@id":"https:\/\/cvinoticias.com\/v3\/#\/schema\/logo\/image\/","url":"https:\/\/cvinoticias.com\/wp-content\/uploads\/2023\/04\/cropped-cropped-cropped-cropped-cropped-3-1.png","contentUrl":"https:\/\/cvinoticias.com\/wp-content\/uploads\/2023\/04\/cropped-cropped-cropped-cropped-cropped-3-1.png","width":95,"height":122,"caption":"CVI NOTICIAS"},"image":{"@id":"https:\/\/cvinoticias.com\/v3\/#\/schema\/logo\/image\/"},"sameAs":["https:\/\/www.facebook.com\/cvinoticias","https:\/\/www.instagram.com\/cvinoticias\/","https:\/\/www.youtube.com\/@CVINOTICIAS"]},{"@type":"Person","@id":"https:\/\/cvinoticias.com\/v3\/#\/schema\/person\/2db77e3c6bc03c538495d7b2b8be9b66","name":"f1000024","image":{"@type":"ImageObject","inLanguage":"es","@id":"https:\/\/secure.gravatar.com\/avatar\/d4fe7459cfc51ff5129ce1a732bbef5928568b8092d412ef95611616376bbeed?s=96&d=mm&r=g","url":"https:\/\/secure.gravatar.com\/avatar\/d4fe7459cfc51ff5129ce1a732bbef5928568b8092d412ef95611616376bbeed?s=96&d=mm&r=g","contentUrl":"https:\/\/secure.gravatar.com\/avatar\/d4fe7459cfc51ff5129ce1a732bbef5928568b8092d412ef95611616376bbeed?s=96&d=mm&r=g","caption":"f1000024"},"url":"https:\/\/cvinoticias.com\/v3\/author\/f1000024\/"}]}},"_links":{"self":[{"href":"https:\/\/cvinoticias.com\/v3\/wp-json\/wp\/v2\/posts\/16061","targetHints":{"allow":["GET"]}}],"collection":[{"href":"https:\/\/cvinoticias.com\/v3\/wp-json\/wp\/v2\/posts"}],"about":[{"href":"https:\/\/cvinoticias.com\/v3\/wp-json\/wp\/v2\/types\/post"}],"author":[{"embeddable":true,"href":"https:\/\/cvinoticias.com\/v3\/wp-json\/wp\/v2\/users\/2"}],"replies":[{"embeddable":true,"href":"https:\/\/cvinoticias.com\/v3\/wp-json\/wp\/v2\/comments?post=16061"}],"version-history":[{"count":1,"href":"https:\/\/cvinoticias.com\/v3\/wp-json\/wp\/v2\/posts\/16061\/revisions"}],"predecessor-version":[{"id":16063,"href":"https:\/\/cvinoticias.com\/v3\/wp-json\/wp\/v2\/posts\/16061\/revisions\/16063"}],"wp:featuredmedia":[{"embeddable":true,"href":"https:\/\/cvinoticias.com\/v3\/wp-json\/wp\/v2\/media\/16062"}],"wp:attachment":[{"href":"https:\/\/cvinoticias.com\/v3\/wp-json\/wp\/v2\/media?parent=16061"}],"wp:term":[{"taxonomy":"category","embeddable":true,"href":"https:\/\/cvinoticias.com\/v3\/wp-json\/wp\/v2\/categories?post=16061"},{"taxonomy":"post_tag","embeddable":true,"href":"https:\/\/cvinoticias.com\/v3\/wp-json\/wp\/v2\/tags?post=16061"}],"curies":[{"name":"wp","href":"https:\/\/api.w.org\/{rel}","templated":true}]}}