{"id":16052,"date":"2022-05-23T22:52:55","date_gmt":"2022-05-23T22:52:55","guid":{"rendered":"https:\/\/cvinoticias.com\/v3\/?p=16052"},"modified":"2022-05-23T22:52:55","modified_gmt":"2022-05-23T22:52:55","slug":"el-gobernador-firmo-en-buenos-aires-un-convenio-para-la-remodelacion-de-la-estacion-transformadora-de-iguazu","status":"publish","type":"post","link":"https:\/\/cvinoticias.com\/v3\/el-gobernador-firmo-en-buenos-aires-un-convenio-para-la-remodelacion-de-la-estacion-transformadora-de-iguazu\/","title":{"rendered":"El Gobernador firm\u00f3 en Buenos Aires un convenio para la remodelaci\u00f3n de la Estaci\u00f3n Transformadora de Iguaz\u00fa"},"content":{"rendered":"\n<p><strong><em>En Buenos Aires, en la sede de la Secretar\u00eda de Energ\u00eda de la Naci\u00f3n, el Gobernador de Misiones, Oscar Herrera Ahuad, y el Secretario de Energ\u00eda de la Naci\u00f3n, Dar\u00edo Mart\u00ednez, rubricaron el convenio espec\u00edfico para la obra \u201cRemodelaci\u00f3n de la Estaci\u00f3n Transformadora (ET) Iguaz\u00fa 132\/33\/13,2 kv\u201d que duplicar\u00e1 la energ\u00eda disponible en Puerto Iguaz\u00fa.<\/em><\/strong><\/p>\n\n\n\n<p>Durante esta tarde, el gobernador Oscar Herrera Ahuad, firm\u00f3 un Convenio Espec\u00edfico entre, la provincia, el Secretario de Energ\u00eda de Naci\u00f3n, Dar\u00edo Mart\u00ednez, y la secretaria de Provincias del Ministerio del Interior de la Naci\u00f3n, Silvina Batakis, para la realizaci\u00f3n de la obra que se llevar\u00e1 a cabo en la ciudad de Puerto Iguaz\u00fa.<\/p>\n\n\n\n<figure class=\"wp-block-image size-full\"><a href=\"https:\/\/cvinoticias.com\/wp-content\/uploads\/2022\/05\/Screenshot_20220523-194740_Facebook.jpg\"><img decoding=\"async\" width=\"848\" height=\"999\" data-src=\"https:\/\/cvinoticias.com\/wp-content\/uploads\/2022\/05\/Screenshot_20220523-194740_Facebook.jpg\" alt=\"\" class=\"wp-image-16054 lazyload\" data-srcset=\"https:\/\/cvinoticias.com\/wp-content\/uploads\/2022\/05\/Screenshot_20220523-194740_Facebook.jpg 848w, https:\/\/cvinoticias.com\/wp-content\/uploads\/2022\/05\/Screenshot_20220523-194740_Facebook-255x300.jpg 255w, https:\/\/cvinoticias.com\/wp-content\/uploads\/2022\/05\/Screenshot_20220523-194740_Facebook-768x905.jpg 768w\" data-sizes=\"(max-width: 848px) 100vw, 848px\" src=\"data:image\/svg+xml;base64,PHN2ZyB3aWR0aD0iMSIgaGVpZ2h0PSIxIiB4bWxucz0iaHR0cDovL3d3dy53My5vcmcvMjAwMC9zdmciPjwvc3ZnPg==\" style=\"--smush-placeholder-width: 848px; --smush-placeholder-aspect-ratio: 848\/999;\" \/><\/a><\/figure>\n\n\n\n<p>Como consecuencia, comenzar\u00e1n a llegar los desembolsos permitiendo que se inicie la etapa de ejecuci\u00f3n de la remodelaci\u00f3n de la Estaci\u00f3n Transformadora de 132kV que repotenciar\u00e1 la ciudad de Puerto Iguaz\u00fa y sus \u00e1reas circundantes, aumentar\u00e1 la seguridad, confiabilidad y calidad del suministro el\u00e9ctrico en la zona.<\/p>\n\n\n\n<p>Por su parte, la construcci\u00f3n del tendido doble terna 33\/13,2 kV conectar\u00e1 a la nueva Estaci\u00f3n Transformadora con la Subestaci\u00f3n Cruce Cataratas y mejorar\u00e1 la alimentaci\u00f3n el\u00e9ctrica de los centros de consumo, mayormente tur\u00edsticos, que se ubican sobre la Ruta Nacional N\u00b012.<\/p>\n\n\n\n<p>Esta obra tiene como objetivo mejorar la calidad de vida de los habitantes que residen en la regi\u00f3n norte de la provincia, espec\u00edficamente en Puerto Iguaz\u00fa. Permitir\u00e1 brindar el recurso energ\u00e9tico necesario para el desarrollo industrial y comercial; mejorando la continuidad y confiabilidad de la distribuci\u00f3n y el transporte de energ\u00eda el\u00e9ctrica, resultando beneficiados alrededor de 62.500 habitantes.<\/p>\n\n\n\n<p>La concreci\u00f3n del acuerdo fue fruto del trabajo en conjunto de los equipos de la Secretar\u00eda de Energ\u00eda de Misiones, Energ\u00eda de Misiones S.A y la Secretar\u00eda de Energ\u00eda de Naci\u00f3n.<\/p>\n\n\n\n<p>Acompa\u00f1aron tambi\u00e9n al Gobernador durante la r\u00fabrica del acuerdo, el ministro de Energ\u00eda de Misiones, Paolo Quintana; el ministro Coordinador de Gabinete, Ricardo Wellbach y la presidenta de Energ\u00eda de Misiones, Virginia Kluka.<\/p>\n\n\n\n<figure class=\"wp-block-image size-full\"><a href=\"https:\/\/cvinoticias.com\/wp-content\/uploads\/2022\/05\/Screenshot_20220523-194839_Facebook-1.jpg\"><img decoding=\"async\" width=\"864\" height=\"631\" data-src=\"https:\/\/cvinoticias.com\/wp-content\/uploads\/2022\/05\/Screenshot_20220523-194839_Facebook-1.jpg\" alt=\"\" class=\"wp-image-16055 lazyload\" data-srcset=\"https:\/\/cvinoticias.com\/wp-content\/uploads\/2022\/05\/Screenshot_20220523-194839_Facebook-1.jpg 864w, https:\/\/cvinoticias.com\/wp-content\/uploads\/2022\/05\/Screenshot_20220523-194839_Facebook-1-300x219.jpg 300w, https:\/\/cvinoticias.com\/wp-content\/uploads\/2022\/05\/Screenshot_20220523-194839_Facebook-1-768x561.jpg 768w\" data-sizes=\"(max-width: 864px) 100vw, 864px\" src=\"data:image\/svg+xml;base64,PHN2ZyB3aWR0aD0iMSIgaGVpZ2h0PSIxIiB4bWxucz0iaHR0cDovL3d3dy53My5vcmcvMjAwMC9zdmciPjwvc3ZnPg==\" style=\"--smush-placeholder-width: 864px; --smush-placeholder-aspect-ratio: 864\/631;\" \/><\/a><\/figure>\n","protected":false},"excerpt":{"rendered":"<p>En Buenos Aires, en la sede de la Secretar\u00eda de Energ\u00eda de la Naci\u00f3n, el Gobernador de Misiones, Oscar Herrera Ahuad, y el Secretario de Energ\u00eda de la Naci\u00f3n, Dar\u00edo Mart\u00ednez, rubricaron el convenio espec\u00edfico para la obra \u201cRemodelaci\u00f3n de la Estaci\u00f3n Transformadora (ET) Iguaz\u00fa 132\/33\/13,2 kv\u201d que duplicar\u00e1 la energ\u00eda disponible en Puerto Iguaz\u00fa. [&hellip;]<\/p>\n","protected":false},"author":2,"featured_media":16056,"comment_status":"open","ping_status":"open","sticky":false,"template":"","format":"standard","meta":{"footnotes":""},"categories":[33],"tags":[],"class_list":["post-16052","post","type-post","status-publish","format-standard","has-post-thumbnail","hentry","category-energia"],"yoast_head":"<!-- This site is optimized with the Yoast SEO plugin v27.4 - https:\/\/yoast.com\/product\/yoast-seo-wordpress\/ -->\n<title>El Gobernador firm\u00f3 en Buenos Aires un convenio para la remodelaci\u00f3n de la Estaci\u00f3n Transformadora de Iguaz\u00fa | CVI NOTICIAS<\/title>\n<meta name=\"robots\" content=\"index, follow, max-snippet:-1, max-image-preview:large, max-video-preview:-1\" \/>\n<link rel=\"canonical\" href=\"https:\/\/cvinoticias.com\/v3\/el-gobernador-firmo-en-buenos-aires-un-convenio-para-la-remodelacion-de-la-estacion-transformadora-de-iguazu\/\" \/>\n<meta property=\"og:locale\" content=\"es_ES\" \/>\n<meta property=\"og:type\" content=\"article\" \/>\n<meta property=\"og:title\" content=\"El Gobernador firm\u00f3 en Buenos Aires un convenio para la remodelaci\u00f3n de la Estaci\u00f3n Transformadora de Iguaz\u00fa | CVI NOTICIAS\" \/>\n<meta property=\"og:description\" content=\"En Buenos Aires, en la sede de la Secretar\u00eda de Energ\u00eda de la Naci\u00f3n, el Gobernador de Misiones, Oscar Herrera Ahuad, y el Secretario de Energ\u00eda de la Naci\u00f3n, Dar\u00edo Mart\u00ednez, rubricaron el convenio espec\u00edfico para la obra \u201cRemodelaci\u00f3n de la Estaci\u00f3n Transformadora (ET) Iguaz\u00fa 132\/33\/13,2 kv\u201d que duplicar\u00e1 la energ\u00eda disponible en Puerto Iguaz\u00fa. [&hellip;]\" \/>\n<meta property=\"og:url\" content=\"https:\/\/cvinoticias.com\/v3\/el-gobernador-firmo-en-buenos-aires-un-convenio-para-la-remodelacion-de-la-estacion-transformadora-de-iguazu\/\" \/>\n<meta property=\"og:site_name\" content=\"CVI NOTICIAS\" \/>\n<meta property=\"article:publisher\" content=\"https:\/\/www.facebook.com\/cvinoticias\" \/>\n<meta property=\"article:published_time\" content=\"2022-05-23T22:52:55+00:00\" \/>\n<meta property=\"og:image\" content=\"https:\/\/cvinoticias.com\/wp-content\/uploads\/2022\/05\/Screenshot_20220523-194810_Facebook.jpg\" \/>\n\t<meta property=\"og:image:width\" content=\"909\" \/>\n\t<meta property=\"og:image:height\" content=\"666\" \/>\n\t<meta property=\"og:image:type\" content=\"image\/jpeg\" \/>\n<meta name=\"author\" content=\"f1000024\" \/>\n<meta name=\"twitter:card\" content=\"summary_large_image\" \/>\n<meta name=\"twitter:label1\" content=\"Escrito por\" \/>\n\t<meta name=\"twitter:data1\" content=\"f1000024\" \/>\n\t<meta name=\"twitter:label2\" content=\"Tiempo de lectura\" \/>\n\t<meta name=\"twitter:data2\" content=\"2 minutos\" \/>\n<script type=\"application\/ld+json\" class=\"yoast-schema-graph\">{\"@context\":\"https:\\\/\\\/schema.org\",\"@graph\":[{\"@type\":\"Article\",\"@id\":\"https:\\\/\\\/cvinoticias.com\\\/v3\\\/el-gobernador-firmo-en-buenos-aires-un-convenio-para-la-remodelacion-de-la-estacion-transformadora-de-iguazu\\\/#article\",\"isPartOf\":{\"@id\":\"https:\\\/\\\/cvinoticias.com\\\/v3\\\/el-gobernador-firmo-en-buenos-aires-un-convenio-para-la-remodelacion-de-la-estacion-transformadora-de-iguazu\\\/\"},\"author\":{\"name\":\"f1000024\",\"@id\":\"https:\\\/\\\/cvinoticias.com\\\/v3\\\/#\\\/schema\\\/person\\\/2db77e3c6bc03c538495d7b2b8be9b66\"},\"headline\":\"El Gobernador firm\u00f3 en Buenos Aires un convenio para la remodelaci\u00f3n de la Estaci\u00f3n Transformadora de Iguaz\u00fa\",\"datePublished\":\"2022-05-23T22:52:55+00:00\",\"mainEntityOfPage\":{\"@id\":\"https:\\\/\\\/cvinoticias.com\\\/v3\\\/el-gobernador-firmo-en-buenos-aires-un-convenio-para-la-remodelacion-de-la-estacion-transformadora-de-iguazu\\\/\"},\"wordCount\":384,\"commentCount\":0,\"publisher\":{\"@id\":\"https:\\\/\\\/cvinoticias.com\\\/v3\\\/#organization\"},\"image\":{\"@id\":\"https:\\\/\\\/cvinoticias.com\\\/v3\\\/el-gobernador-firmo-en-buenos-aires-un-convenio-para-la-remodelacion-de-la-estacion-transformadora-de-iguazu\\\/#primaryimage\"},\"thumbnailUrl\":\"https:\\\/\\\/cvinoticias.com\\\/wp-content\\\/uploads\\\/2022\\\/05\\\/Screenshot_20220523-194810_Facebook.jpg\",\"articleSection\":[\"Energ\u00eda\"],\"inLanguage\":\"es\",\"potentialAction\":[{\"@type\":\"CommentAction\",\"name\":\"Comment\",\"target\":[\"https:\\\/\\\/cvinoticias.com\\\/v3\\\/el-gobernador-firmo-en-buenos-aires-un-convenio-para-la-remodelacion-de-la-estacion-transformadora-de-iguazu\\\/#respond\"]}]},{\"@type\":\"WebPage\",\"@id\":\"https:\\\/\\\/cvinoticias.com\\\/v3\\\/el-gobernador-firmo-en-buenos-aires-un-convenio-para-la-remodelacion-de-la-estacion-transformadora-de-iguazu\\\/\",\"url\":\"https:\\\/\\\/cvinoticias.com\\\/v3\\\/el-gobernador-firmo-en-buenos-aires-un-convenio-para-la-remodelacion-de-la-estacion-transformadora-de-iguazu\\\/\",\"name\":\"El Gobernador firm\u00f3 en Buenos Aires un convenio para la remodelaci\u00f3n de la Estaci\u00f3n Transformadora de Iguaz\u00fa | CVI NOTICIAS\",\"isPartOf\":{\"@id\":\"https:\\\/\\\/cvinoticias.com\\\/v3\\\/#website\"},\"primaryImageOfPage\":{\"@id\":\"https:\\\/\\\/cvinoticias.com\\\/v3\\\/el-gobernador-firmo-en-buenos-aires-un-convenio-para-la-remodelacion-de-la-estacion-transformadora-de-iguazu\\\/#primaryimage\"},\"image\":{\"@id\":\"https:\\\/\\\/cvinoticias.com\\\/v3\\\/el-gobernador-firmo-en-buenos-aires-un-convenio-para-la-remodelacion-de-la-estacion-transformadora-de-iguazu\\\/#primaryimage\"},\"thumbnailUrl\":\"https:\\\/\\\/cvinoticias.com\\\/wp-content\\\/uploads\\\/2022\\\/05\\\/Screenshot_20220523-194810_Facebook.jpg\",\"datePublished\":\"2022-05-23T22:52:55+00:00\",\"breadcrumb\":{\"@id\":\"https:\\\/\\\/cvinoticias.com\\\/v3\\\/el-gobernador-firmo-en-buenos-aires-un-convenio-para-la-remodelacion-de-la-estacion-transformadora-de-iguazu\\\/#breadcrumb\"},\"inLanguage\":\"es\",\"potentialAction\":[{\"@type\":\"ReadAction\",\"target\":[\"https:\\\/\\\/cvinoticias.com\\\/v3\\\/el-gobernador-firmo-en-buenos-aires-un-convenio-para-la-remodelacion-de-la-estacion-transformadora-de-iguazu\\\/\"]}]},{\"@type\":\"ImageObject\",\"inLanguage\":\"es\",\"@id\":\"https:\\\/\\\/cvinoticias.com\\\/v3\\\/el-gobernador-firmo-en-buenos-aires-un-convenio-para-la-remodelacion-de-la-estacion-transformadora-de-iguazu\\\/#primaryimage\",\"url\":\"https:\\\/\\\/cvinoticias.com\\\/wp-content\\\/uploads\\\/2022\\\/05\\\/Screenshot_20220523-194810_Facebook.jpg\",\"contentUrl\":\"https:\\\/\\\/cvinoticias.com\\\/wp-content\\\/uploads\\\/2022\\\/05\\\/Screenshot_20220523-194810_Facebook.jpg\",\"width\":909,\"height\":666},{\"@type\":\"BreadcrumbList\",\"@id\":\"https:\\\/\\\/cvinoticias.com\\\/v3\\\/el-gobernador-firmo-en-buenos-aires-un-convenio-para-la-remodelacion-de-la-estacion-transformadora-de-iguazu\\\/#breadcrumb\",\"itemListElement\":[{\"@type\":\"ListItem\",\"position\":1,\"name\":\"Portada\",\"item\":\"https:\\\/\\\/cvinoticias.com\\\/v3\\\/\"},{\"@type\":\"ListItem\",\"position\":2,\"name\":\"El Gobernador firm\u00f3 en Buenos Aires un convenio para la remodelaci\u00f3n de la Estaci\u00f3n Transformadora de Iguaz\u00fa\"}]},{\"@type\":\"WebSite\",\"@id\":\"https:\\\/\\\/cvinoticias.com\\\/v3\\\/#website\",\"url\":\"https:\\\/\\\/cvinoticias.com\\\/v3\\\/\",\"name\":\"CVI NOTICIAS\",\"description\":\"\",\"publisher\":{\"@id\":\"https:\\\/\\\/cvinoticias.com\\\/v3\\\/#organization\"},\"alternateName\":\"CVI\",\"potentialAction\":[{\"@type\":\"SearchAction\",\"target\":{\"@type\":\"EntryPoint\",\"urlTemplate\":\"https:\\\/\\\/cvinoticias.com\\\/v3\\\/?s={search_term_string}\"},\"query-input\":{\"@type\":\"PropertyValueSpecification\",\"valueRequired\":true,\"valueName\":\"search_term_string\"}}],\"inLanguage\":\"es\"},{\"@type\":\"Organization\",\"@id\":\"https:\\\/\\\/cvinoticias.com\\\/v3\\\/#organization\",\"name\":\"CVI NOTICIAS\",\"url\":\"https:\\\/\\\/cvinoticias.com\\\/v3\\\/\",\"logo\":{\"@type\":\"ImageObject\",\"inLanguage\":\"es\",\"@id\":\"https:\\\/\\\/cvinoticias.com\\\/v3\\\/#\\\/schema\\\/logo\\\/image\\\/\",\"url\":\"https:\\\/\\\/cvinoticias.com\\\/wp-content\\\/uploads\\\/2023\\\/04\\\/cropped-cropped-cropped-cropped-cropped-3-1.png\",\"contentUrl\":\"https:\\\/\\\/cvinoticias.com\\\/wp-content\\\/uploads\\\/2023\\\/04\\\/cropped-cropped-cropped-cropped-cropped-3-1.png\",\"width\":95,\"height\":122,\"caption\":\"CVI NOTICIAS\"},\"image\":{\"@id\":\"https:\\\/\\\/cvinoticias.com\\\/v3\\\/#\\\/schema\\\/logo\\\/image\\\/\"},\"sameAs\":[\"https:\\\/\\\/www.facebook.com\\\/cvinoticias\",\"https:\\\/\\\/www.instagram.com\\\/cvinoticias\\\/\",\"https:\\\/\\\/www.youtube.com\\\/@CVINOTICIAS\"]},{\"@type\":\"Person\",\"@id\":\"https:\\\/\\\/cvinoticias.com\\\/v3\\\/#\\\/schema\\\/person\\\/2db77e3c6bc03c538495d7b2b8be9b66\",\"name\":\"f1000024\",\"image\":{\"@type\":\"ImageObject\",\"inLanguage\":\"es\",\"@id\":\"https:\\\/\\\/secure.gravatar.com\\\/avatar\\\/d4fe7459cfc51ff5129ce1a732bbef5928568b8092d412ef95611616376bbeed?s=96&d=mm&r=g\",\"url\":\"https:\\\/\\\/secure.gravatar.com\\\/avatar\\\/d4fe7459cfc51ff5129ce1a732bbef5928568b8092d412ef95611616376bbeed?s=96&d=mm&r=g\",\"contentUrl\":\"https:\\\/\\\/secure.gravatar.com\\\/avatar\\\/d4fe7459cfc51ff5129ce1a732bbef5928568b8092d412ef95611616376bbeed?s=96&d=mm&r=g\",\"caption\":\"f1000024\"},\"url\":\"https:\\\/\\\/cvinoticias.com\\\/v3\\\/author\\\/f1000024\\\/\"}]}<\/script>\n<!-- \/ Yoast SEO plugin. -->","yoast_head_json":{"title":"El Gobernador firm\u00f3 en Buenos Aires un convenio para la remodelaci\u00f3n de la Estaci\u00f3n Transformadora de Iguaz\u00fa | CVI NOTICIAS","robots":{"index":"index","follow":"follow","max-snippet":"max-snippet:-1","max-image-preview":"max-image-preview:large","max-video-preview":"max-video-preview:-1"},"canonical":"https:\/\/cvinoticias.com\/v3\/el-gobernador-firmo-en-buenos-aires-un-convenio-para-la-remodelacion-de-la-estacion-transformadora-de-iguazu\/","og_locale":"es_ES","og_type":"article","og_title":"El Gobernador firm\u00f3 en Buenos Aires un convenio para la remodelaci\u00f3n de la Estaci\u00f3n Transformadora de Iguaz\u00fa | CVI NOTICIAS","og_description":"En Buenos Aires, en la sede de la Secretar\u00eda de Energ\u00eda de la Naci\u00f3n, el Gobernador de Misiones, Oscar Herrera Ahuad, y el Secretario de Energ\u00eda de la Naci\u00f3n, Dar\u00edo Mart\u00ednez, rubricaron el convenio espec\u00edfico para la obra \u201cRemodelaci\u00f3n de la Estaci\u00f3n Transformadora (ET) Iguaz\u00fa 132\/33\/13,2 kv\u201d que duplicar\u00e1 la energ\u00eda disponible en Puerto Iguaz\u00fa. [&hellip;]","og_url":"https:\/\/cvinoticias.com\/v3\/el-gobernador-firmo-en-buenos-aires-un-convenio-para-la-remodelacion-de-la-estacion-transformadora-de-iguazu\/","og_site_name":"CVI NOTICIAS","article_publisher":"https:\/\/www.facebook.com\/cvinoticias","article_published_time":"2022-05-23T22:52:55+00:00","og_image":[{"width":909,"height":666,"url":"https:\/\/cvinoticias.com\/wp-content\/uploads\/2022\/05\/Screenshot_20220523-194810_Facebook.jpg","type":"image\/jpeg"}],"author":"f1000024","twitter_card":"summary_large_image","twitter_misc":{"Escrito por":"f1000024","Tiempo de lectura":"2 minutos"},"schema":{"@context":"https:\/\/schema.org","@graph":[{"@type":"Article","@id":"https:\/\/cvinoticias.com\/v3\/el-gobernador-firmo-en-buenos-aires-un-convenio-para-la-remodelacion-de-la-estacion-transformadora-de-iguazu\/#article","isPartOf":{"@id":"https:\/\/cvinoticias.com\/v3\/el-gobernador-firmo-en-buenos-aires-un-convenio-para-la-remodelacion-de-la-estacion-transformadora-de-iguazu\/"},"author":{"name":"f1000024","@id":"https:\/\/cvinoticias.com\/v3\/#\/schema\/person\/2db77e3c6bc03c538495d7b2b8be9b66"},"headline":"El Gobernador firm\u00f3 en Buenos Aires un convenio para la remodelaci\u00f3n de la Estaci\u00f3n Transformadora de Iguaz\u00fa","datePublished":"2022-05-23T22:52:55+00:00","mainEntityOfPage":{"@id":"https:\/\/cvinoticias.com\/v3\/el-gobernador-firmo-en-buenos-aires-un-convenio-para-la-remodelacion-de-la-estacion-transformadora-de-iguazu\/"},"wordCount":384,"commentCount":0,"publisher":{"@id":"https:\/\/cvinoticias.com\/v3\/#organization"},"image":{"@id":"https:\/\/cvinoticias.com\/v3\/el-gobernador-firmo-en-buenos-aires-un-convenio-para-la-remodelacion-de-la-estacion-transformadora-de-iguazu\/#primaryimage"},"thumbnailUrl":"https:\/\/cvinoticias.com\/wp-content\/uploads\/2022\/05\/Screenshot_20220523-194810_Facebook.jpg","articleSection":["Energ\u00eda"],"inLanguage":"es","potentialAction":[{"@type":"CommentAction","name":"Comment","target":["https:\/\/cvinoticias.com\/v3\/el-gobernador-firmo-en-buenos-aires-un-convenio-para-la-remodelacion-de-la-estacion-transformadora-de-iguazu\/#respond"]}]},{"@type":"WebPage","@id":"https:\/\/cvinoticias.com\/v3\/el-gobernador-firmo-en-buenos-aires-un-convenio-para-la-remodelacion-de-la-estacion-transformadora-de-iguazu\/","url":"https:\/\/cvinoticias.com\/v3\/el-gobernador-firmo-en-buenos-aires-un-convenio-para-la-remodelacion-de-la-estacion-transformadora-de-iguazu\/","name":"El Gobernador firm\u00f3 en Buenos Aires un convenio para la remodelaci\u00f3n de la Estaci\u00f3n Transformadora de Iguaz\u00fa | CVI NOTICIAS","isPartOf":{"@id":"https:\/\/cvinoticias.com\/v3\/#website"},"primaryImageOfPage":{"@id":"https:\/\/cvinoticias.com\/v3\/el-gobernador-firmo-en-buenos-aires-un-convenio-para-la-remodelacion-de-la-estacion-transformadora-de-iguazu\/#primaryimage"},"image":{"@id":"https:\/\/cvinoticias.com\/v3\/el-gobernador-firmo-en-buenos-aires-un-convenio-para-la-remodelacion-de-la-estacion-transformadora-de-iguazu\/#primaryimage"},"thumbnailUrl":"https:\/\/cvinoticias.com\/wp-content\/uploads\/2022\/05\/Screenshot_20220523-194810_Facebook.jpg","datePublished":"2022-05-23T22:52:55+00:00","breadcrumb":{"@id":"https:\/\/cvinoticias.com\/v3\/el-gobernador-firmo-en-buenos-aires-un-convenio-para-la-remodelacion-de-la-estacion-transformadora-de-iguazu\/#breadcrumb"},"inLanguage":"es","potentialAction":[{"@type":"ReadAction","target":["https:\/\/cvinoticias.com\/v3\/el-gobernador-firmo-en-buenos-aires-un-convenio-para-la-remodelacion-de-la-estacion-transformadora-de-iguazu\/"]}]},{"@type":"ImageObject","inLanguage":"es","@id":"https:\/\/cvinoticias.com\/v3\/el-gobernador-firmo-en-buenos-aires-un-convenio-para-la-remodelacion-de-la-estacion-transformadora-de-iguazu\/#primaryimage","url":"https:\/\/cvinoticias.com\/wp-content\/uploads\/2022\/05\/Screenshot_20220523-194810_Facebook.jpg","contentUrl":"https:\/\/cvinoticias.com\/wp-content\/uploads\/2022\/05\/Screenshot_20220523-194810_Facebook.jpg","width":909,"height":666},{"@type":"BreadcrumbList","@id":"https:\/\/cvinoticias.com\/v3\/el-gobernador-firmo-en-buenos-aires-un-convenio-para-la-remodelacion-de-la-estacion-transformadora-de-iguazu\/#breadcrumb","itemListElement":[{"@type":"ListItem","position":1,"name":"Portada","item":"https:\/\/cvinoticias.com\/v3\/"},{"@type":"ListItem","position":2,"name":"El Gobernador firm\u00f3 en Buenos Aires un convenio para la remodelaci\u00f3n de la Estaci\u00f3n Transformadora de Iguaz\u00fa"}]},{"@type":"WebSite","@id":"https:\/\/cvinoticias.com\/v3\/#website","url":"https:\/\/cvinoticias.com\/v3\/","name":"CVI NOTICIAS","description":"","publisher":{"@id":"https:\/\/cvinoticias.com\/v3\/#organization"},"alternateName":"CVI","potentialAction":[{"@type":"SearchAction","target":{"@type":"EntryPoint","urlTemplate":"https:\/\/cvinoticias.com\/v3\/?s={search_term_string}"},"query-input":{"@type":"PropertyValueSpecification","valueRequired":true,"valueName":"search_term_string"}}],"inLanguage":"es"},{"@type":"Organization","@id":"https:\/\/cvinoticias.com\/v3\/#organization","name":"CVI NOTICIAS","url":"https:\/\/cvinoticias.com\/v3\/","logo":{"@type":"ImageObject","inLanguage":"es","@id":"https:\/\/cvinoticias.com\/v3\/#\/schema\/logo\/image\/","url":"https:\/\/cvinoticias.com\/wp-content\/uploads\/2023\/04\/cropped-cropped-cropped-cropped-cropped-3-1.png","contentUrl":"https:\/\/cvinoticias.com\/wp-content\/uploads\/2023\/04\/cropped-cropped-cropped-cropped-cropped-3-1.png","width":95,"height":122,"caption":"CVI NOTICIAS"},"image":{"@id":"https:\/\/cvinoticias.com\/v3\/#\/schema\/logo\/image\/"},"sameAs":["https:\/\/www.facebook.com\/cvinoticias","https:\/\/www.instagram.com\/cvinoticias\/","https:\/\/www.youtube.com\/@CVINOTICIAS"]},{"@type":"Person","@id":"https:\/\/cvinoticias.com\/v3\/#\/schema\/person\/2db77e3c6bc03c538495d7b2b8be9b66","name":"f1000024","image":{"@type":"ImageObject","inLanguage":"es","@id":"https:\/\/secure.gravatar.com\/avatar\/d4fe7459cfc51ff5129ce1a732bbef5928568b8092d412ef95611616376bbeed?s=96&d=mm&r=g","url":"https:\/\/secure.gravatar.com\/avatar\/d4fe7459cfc51ff5129ce1a732bbef5928568b8092d412ef95611616376bbeed?s=96&d=mm&r=g","contentUrl":"https:\/\/secure.gravatar.com\/avatar\/d4fe7459cfc51ff5129ce1a732bbef5928568b8092d412ef95611616376bbeed?s=96&d=mm&r=g","caption":"f1000024"},"url":"https:\/\/cvinoticias.com\/v3\/author\/f1000024\/"}]}},"_links":{"self":[{"href":"https:\/\/cvinoticias.com\/v3\/wp-json\/wp\/v2\/posts\/16052","targetHints":{"allow":["GET"]}}],"collection":[{"href":"https:\/\/cvinoticias.com\/v3\/wp-json\/wp\/v2\/posts"}],"about":[{"href":"https:\/\/cvinoticias.com\/v3\/wp-json\/wp\/v2\/types\/post"}],"author":[{"embeddable":true,"href":"https:\/\/cvinoticias.com\/v3\/wp-json\/wp\/v2\/users\/2"}],"replies":[{"embeddable":true,"href":"https:\/\/cvinoticias.com\/v3\/wp-json\/wp\/v2\/comments?post=16052"}],"version-history":[{"count":1,"href":"https:\/\/cvinoticias.com\/v3\/wp-json\/wp\/v2\/posts\/16052\/revisions"}],"predecessor-version":[{"id":16057,"href":"https:\/\/cvinoticias.com\/v3\/wp-json\/wp\/v2\/posts\/16052\/revisions\/16057"}],"wp:featuredmedia":[{"embeddable":true,"href":"https:\/\/cvinoticias.com\/v3\/wp-json\/wp\/v2\/media\/16056"}],"wp:attachment":[{"href":"https:\/\/cvinoticias.com\/v3\/wp-json\/wp\/v2\/media?parent=16052"}],"wp:term":[{"taxonomy":"category","embeddable":true,"href":"https:\/\/cvinoticias.com\/v3\/wp-json\/wp\/v2\/categories?post=16052"},{"taxonomy":"post_tag","embeddable":true,"href":"https:\/\/cvinoticias.com\/v3\/wp-json\/wp\/v2\/tags?post=16052"}],"curies":[{"name":"wp","href":"https:\/\/api.w.org\/{rel}","templated":true}]}}