{"id":15925,"date":"2022-05-20T11:09:23","date_gmt":"2022-05-20T11:09:23","guid":{"rendered":"https:\/\/cvinoticias.com\/v3\/?p=15925"},"modified":"2022-05-20T11:09:23","modified_gmt":"2022-05-20T11:09:23","slug":"alberto-fernandez-los-brics-son-para-mi-pais-una-excelente-alternativa-de-cooperacion","status":"publish","type":"post","link":"https:\/\/cvinoticias.com\/v3\/alberto-fernandez-los-brics-son-para-mi-pais-una-excelente-alternativa-de-cooperacion\/","title":{"rendered":"Alberto Fern\u00e1ndez: \u00abLos Brics son para mi pa\u00eds una excelente alternativa de cooperaci\u00f3n\u00bb"},"content":{"rendered":"\n<p><strong><em>La Argentina renov\u00f3 este jueves su inter\u00e9s en integrarse al Brics a partir de la postura expresada por el presidente Alberto Fern\u00e1ndez, quien consider\u00f3 que el espacio que integran Brasil, Rusia, India, China y Sud\u00e1frica representa para el pa\u00eds \u00abuna excelente alternativa de cooperaci\u00f3n frente a un orden mundial que viene funcionando para el beneficio de unos pocos\u00bb.<\/em><\/strong><\/p>\n\n\n\n<p>La posibilidad de sumar al pa\u00eds al bloque que une a las dos potencias m\u00e1s grandes despu\u00e9s de Estados Unidos (Rusia y China) y potencias emergentes de Asia, \u00c1frica y Am\u00e9rica Latina, fue un objetivo que persigui\u00f3 con fuerza el gobierno de Cristina Fern\u00e1ndez de Kirchner, y que luego no desde\u00f1\u00f3 el expresidente Mauricio Macri.<\/p>\n\n\n\n<p>\u00abLos Brics son para mi pa\u00eds una excelente alternativa de cooperaci\u00f3n frente un orden mundial que viene funcionando para el beneficio de unos pocos\u00bb, sostuvo este jueves Fern\u00e1ndez en una carta enviada al Foro de Partidos Pol\u00edticos de los Brics, que se reuni\u00f3 este jueves por la ma\u00f1ana en forma virtual, y que fue le\u00edda en el encuentro por el embajador de argentina en China, Sabino Vaca Narvaja.<\/p>\n\n\n\n<p>La convocatoria -organizada por el Departamento Internacional del Comit\u00e9 Central del Partido Comunista de China y realizada v\u00eda remota desde Beij\u00edn- cont\u00f3 con la presencia de una veintena de dirigentes pol\u00edticos de pa\u00edses integrantes del Grupo Brics, m\u00e1s otros, como Argentina, Bangladesh y Senegal.<\/p>\n\n\n\n<p>En la misiva, el mandatario argentino marc\u00f3 la relevancia del bloque que representa alrededor del 42% de la poblaci\u00f3n mundial, ostenta el 23% del PIB global, el 18% del comercio internacional total y que abarca el 30% del territorio del planeta.<\/p>\n\n\n\n<p>\u00abLos Brics son sin dudas un grupo de pa\u00edses determinantes para el desarrollo econ\u00f3mico mundial\u00bb, subray\u00f3 y, en ese sentido, evalu\u00f3 que \u00abla estabilidad macroecon\u00f3mica mundial y el crecimiento econ\u00f3mico pasa y pasar\u00e1 cada vez m\u00e1s por este grupo de pa\u00edses\u00bb.<\/p>\n\n\n\n<p>\u00abLos Brics son para mi pa\u00eds una excelente alternativa de cooperaci\u00f3n frente un orden mundial que viene funcionando para el beneficio de unos pocos\u00bb.(A)Alberto Fern\u00e1ndez(A)<\/p>\n\n\n\n<p>La voluntad argentina de incorporarse al grupo de cinco pa\u00edses recibi\u00f3 un gesto de respaldo en los primeros d\u00edas de abril, luego de que el ministro de Econom\u00eda de Jair Bolsonaro, Paulo Guedes, declarara a la agencia O\u2019Estado que promover\u00e1 a la Argentina como candidato para sumarse al Nuevo Banco de Desarrollo (NDB), la instituci\u00f3n financiera creada por los BRICS en 2014, con sede en Shanghai.<\/p>\n\n\n\n<p>Al respecto, Fern\u00e1ndez afirm\u00f3 que \u00abel nuevo banco de desarrollo de los Brics, del que mi pa\u00eds podr\u00eda participar, es para m\u00ed la institucionalizaci\u00f3n de un nuevo orden mundial centrado en el desarrollo lejos de la especulaci\u00f3n financiera que tanto da\u00f1o ha causado a nuestros pa\u00edses\u00bb, a\u00f1adi\u00f3.<\/p>\n\n\n\n<p>Con el lema \u00abPromover el desarrollo mediante la unidad y cooperaci\u00f3n, y avanzar juntos hacia un futuro brillante\u00bb, el evento fue organizado por el Partido Comunista de la Rep\u00fablica Popular China.<\/p>\n\n\n\n<p>La apertura del encuentro estuvo a cargo del presidente de China, Xi Jinping, en su car\u00e1cter de l\u00edder del Partido Comunista, y luego hubo intervenciones del representante de Sud\u00e1frica por la Uni\u00f3n de Estados Africanos y de la Asociaci\u00f3n de Naciones de Asia Sudoriental.<\/p>\n\n\n\n<p>Por parte de Argentina, tambi\u00e9n particip\u00f3 el diputado nacional y vicepresidente 2\u00b0 de la C\u00e1mara de Diputados, Jos\u00e9 Luis Gioja, quien directamente propuso que la Argentina sea incorporada como miembro pleno al grupo integrado por Brasil, Rusia, India, China y Sud\u00e1frica, y pase a denominarse Bricsa.<\/p>\n\n\n\n<p>En su calidad de presidente del Partido Justicialista, Fern\u00e1ndez sostuvo en la misiva que \u00abla justicia social es un pilar fundamental que los peronistas, creemos implica la b\u00fasqueda permanente de un tratamiento igualitario de los sectores postergados y olvidados por otros proyectos pol\u00edticos\u00bb.<\/p>\n\n\n\n<p>\u00abTengo la firme convicci\u00f3n de que los pa\u00edses que conforman los Brics comprenden perfectamente este punto, por ello acompa\u00f1o y celebro el compromiso de todos los pa\u00edses de los Brics de implementar de manera plena la agenda 2030, y los objetivos de desarrollo sostenible destacando la importancia de las dimensiones econ\u00f3mica, social y ambiental, del desarrollo sostenible equitativo, inclusivo, abierto, integral, impulsado por la innovaci\u00f3n\u00bb, apunt\u00f3 el mandatario.<\/p>\n\n\n\n<p>\u00abLa Argentina aboga por un mundo multilateral y por mejorar todos los mecanismos de la Organizaci\u00f3n de Naciones Unidas a los fines de generar una m\u00e1s estable gobernanza global del mismo modo impulsa el trabajo cooperativo en todas las instancias regionales\u00bb, asegur\u00f3.<\/p>\n\n\n\n<p>Por su parte, Gioja sostuvo en su exposici\u00f3n que \u00abtanto Brasil como Rusia, India, China y Sud\u00e1frica son potencias mundiales, inclusive potencias que abandonaron la calificaci\u00f3n antojadiza de emergentes, que algunos organismos se empe\u00f1an en imponerles, para minimizarlas y para que no compitan con otras (potencias), que ven amenazado sus liderazgos\u00bb.<\/p>\n\n\n\n<p>En su intervenci\u00f3n, el diputado del FDT sostuvo que \u00abBrics es sin\u00f3nimo de alianza de naciones desarrolladas que est\u00e1n en condiciones de liderar procesos virtuosos, para que otras, en v\u00edas de desarrollo, puedan aprovechar ese impulso\u00bb.<\/p>\n\n\n\n<p>Asimismo, el exgobernador de San Juan indic\u00f3 que la Argentina \u00abest\u00e1 en condiciones de ofrecer todo lo necesario para contribuir a que ese desarrollo, mediante la unidad y la cooperaci\u00f3n, que deriva, sin dudas, en el avance hacia un gran futuro, pr\u00f3spero y brillante, sea posible\u00bb y a\u00f1adi\u00f3: \u00abQuiz\u00e1s sea momento de pensar en la posibilidad de llevar el Brics a Bricsa, con Argentina adentro\u00bb.<\/p>\n\n\n\n<p><strong>La perspectiva de la Canciller\u00eda<\/strong><\/p>\n\n\n\n<p>En tanto, canciller Santiago Cafiero asegur\u00f3 que \u00ablas econom\u00edas emergentes deben ser el motor de una recuperaci\u00f3n econ\u00f3mica inclusiva y sostenible en el tiempo\u00bb, al participar esta ma\u00f1ana de una reuni\u00f3n virtual con sus pares del Brics.<\/p>\n\n\n\n<p>En el encuentro virtual, en el que se debati\u00f3 sobre la necesidad de impulsar un papel de \u00abmayor relevancia\u00bb de las econom\u00edas emergentes y los pa\u00edses en desarrollo, Cafiero sostuvo que \u00ablas necesidades globales de los pa\u00edses en desarrollo vienen siendo relegadas desde hace d\u00e9cadas\u00bb.<\/p>\n\n\n\n<p>Ante la ministra de Relaciones Internacionales y Cooperaci\u00f3n de Sud\u00e1frica, Naledi Pandor, y los cancilleres de China, Wang Yi; de Rusia, Sergu\u00e9i Lavrov; de la India, Subrahmanyam Jaishankar; y de Brasil, Carlos Alberto Franco Fran\u00e7a; Cafiero plante\u00f3 que \u00abla soluci\u00f3n a la problem\u00e1tica inflacionaria global no puede reducirse a la suba de tasas por parte de los pa\u00edses centrales\u00bb.<\/p>\n\n\n\n<p>\u00abComo recientemente se\u00f1al\u00f3 el presidente Alberto Fern\u00e1ndez, la respuesta no puede limitarse a la acci\u00f3n unilateral de uno o algunos bancos centrales, sino que debe ser articulada y estar orientada a financiar el desarrollo y el crecimiento\u00bb, a\u00f1adi\u00f3 el titular del Palacio San Mart\u00edn.<\/p>\n\n\n\n<p>En el mismo encuentro, el ministro de Exteriores chino, Wang Yi, expres\u00f3 el inter\u00e9s del gigante asi\u00e1tico de lanzar un proceso para incorporar nuevos miembros al Brics.<\/p>\n\n\n\n<p>\u00abChina propone iniciar un proceso para ampliar el Brics, revisar los est\u00e1ndares y procedimientos del proceso de ampliaci\u00f3n y llegar gradualmente a un consenso\u00bb, dijo Wang, seg\u00fan consign\u00f3 la agencia de noticias rusa, Sputnik.<\/p>\n","protected":false},"excerpt":{"rendered":"<p>La Argentina renov\u00f3 este jueves su inter\u00e9s en integrarse al Brics a partir de la postura expresada por el presidente Alberto Fern\u00e1ndez, quien consider\u00f3 que el espacio que integran Brasil, Rusia, India, China y Sud\u00e1frica representa para el pa\u00eds \u00abuna excelente alternativa de cooperaci\u00f3n frente a un orden mundial que viene funcionando para el beneficio [&hellip;]<\/p>\n","protected":false},"author":2,"featured_media":15926,"comment_status":"open","ping_status":"open","sticky":false,"template":"","format":"standard","meta":{"footnotes":""},"categories":[42],"tags":[],"class_list":["post-15925","post","type-post","status-publish","format-standard","has-post-thumbnail","hentry","category-politica"],"yoast_head":"<!-- This site is optimized with the Yoast SEO plugin v27.5 - https:\/\/yoast.com\/product\/yoast-seo-wordpress\/ -->\n<title>Alberto Fern\u00e1ndez: \u00abLos Brics son para mi pa\u00eds una excelente alternativa de cooperaci\u00f3n\u00bb | CVI NOTICIAS<\/title>\n<meta name=\"robots\" content=\"index, follow, max-snippet:-1, max-image-preview:large, max-video-preview:-1\" \/>\n<link rel=\"canonical\" href=\"https:\/\/cvinoticias.com\/v3\/alberto-fernandez-los-brics-son-para-mi-pais-una-excelente-alternativa-de-cooperacion\/\" \/>\n<meta property=\"og:locale\" content=\"es_ES\" \/>\n<meta property=\"og:type\" content=\"article\" \/>\n<meta property=\"og:title\" content=\"Alberto Fern\u00e1ndez: \u00abLos Brics son para mi pa\u00eds una excelente alternativa de cooperaci\u00f3n\u00bb | CVI NOTICIAS\" \/>\n<meta property=\"og:description\" content=\"La Argentina renov\u00f3 este jueves su inter\u00e9s en integrarse al Brics a partir de la postura expresada por el presidente Alberto Fern\u00e1ndez, quien consider\u00f3 que el espacio que integran Brasil, Rusia, India, China y Sud\u00e1frica representa para el pa\u00eds \u00abuna excelente alternativa de cooperaci\u00f3n frente a un orden mundial que viene funcionando para el beneficio [&hellip;]\" \/>\n<meta property=\"og:url\" content=\"https:\/\/cvinoticias.com\/v3\/alberto-fernandez-los-brics-son-para-mi-pais-una-excelente-alternativa-de-cooperacion\/\" \/>\n<meta property=\"og:site_name\" content=\"CVI NOTICIAS\" \/>\n<meta property=\"article:publisher\" content=\"https:\/\/www.facebook.com\/cvinoticias\" \/>\n<meta property=\"article:published_time\" content=\"2022-05-20T11:09:23+00:00\" \/>\n<meta property=\"og:image\" content=\"https:\/\/cvinoticias.com\/wp-content\/uploads\/2022\/05\/6267c3c713085_900.jpg\" \/>\n\t<meta property=\"og:image:width\" content=\"900\" \/>\n\t<meta property=\"og:image:height\" content=\"506\" \/>\n\t<meta property=\"og:image:type\" content=\"image\/jpeg\" \/>\n<meta name=\"author\" content=\"f1000024\" \/>\n<meta name=\"twitter:card\" content=\"summary_large_image\" \/>\n<meta name=\"twitter:label1\" content=\"Escrito por\" \/>\n\t<meta name=\"twitter:data1\" content=\"f1000024\" \/>\n\t<meta name=\"twitter:label2\" content=\"Tiempo de lectura\" \/>\n\t<meta name=\"twitter:data2\" content=\"6 minutos\" \/>\n<script type=\"application\/ld+json\" class=\"yoast-schema-graph\">{\"@context\":\"https:\\\/\\\/schema.org\",\"@graph\":[{\"@type\":\"Article\",\"@id\":\"https:\\\/\\\/cvinoticias.com\\\/v3\\\/alberto-fernandez-los-brics-son-para-mi-pais-una-excelente-alternativa-de-cooperacion\\\/#article\",\"isPartOf\":{\"@id\":\"https:\\\/\\\/cvinoticias.com\\\/v3\\\/alberto-fernandez-los-brics-son-para-mi-pais-una-excelente-alternativa-de-cooperacion\\\/\"},\"author\":{\"name\":\"f1000024\",\"@id\":\"https:\\\/\\\/cvinoticias.com\\\/v3\\\/#\\\/schema\\\/person\\\/2db77e3c6bc03c538495d7b2b8be9b66\"},\"headline\":\"Alberto Fern\u00e1ndez: \u00abLos Brics son para mi pa\u00eds una excelente alternativa de cooperaci\u00f3n\u00bb\",\"datePublished\":\"2022-05-20T11:09:23+00:00\",\"mainEntityOfPage\":{\"@id\":\"https:\\\/\\\/cvinoticias.com\\\/v3\\\/alberto-fernandez-los-brics-son-para-mi-pais-una-excelente-alternativa-de-cooperacion\\\/\"},\"wordCount\":1238,\"commentCount\":0,\"publisher\":{\"@id\":\"https:\\\/\\\/cvinoticias.com\\\/v3\\\/#organization\"},\"image\":{\"@id\":\"https:\\\/\\\/cvinoticias.com\\\/v3\\\/alberto-fernandez-los-brics-son-para-mi-pais-una-excelente-alternativa-de-cooperacion\\\/#primaryimage\"},\"thumbnailUrl\":\"https:\\\/\\\/cvinoticias.com\\\/wp-content\\\/uploads\\\/2022\\\/05\\\/6267c3c713085_900.jpg\",\"articleSection\":[\"Politica\"],\"inLanguage\":\"es\",\"potentialAction\":[{\"@type\":\"CommentAction\",\"name\":\"Comment\",\"target\":[\"https:\\\/\\\/cvinoticias.com\\\/v3\\\/alberto-fernandez-los-brics-son-para-mi-pais-una-excelente-alternativa-de-cooperacion\\\/#respond\"]}]},{\"@type\":\"WebPage\",\"@id\":\"https:\\\/\\\/cvinoticias.com\\\/v3\\\/alberto-fernandez-los-brics-son-para-mi-pais-una-excelente-alternativa-de-cooperacion\\\/\",\"url\":\"https:\\\/\\\/cvinoticias.com\\\/v3\\\/alberto-fernandez-los-brics-son-para-mi-pais-una-excelente-alternativa-de-cooperacion\\\/\",\"name\":\"Alberto Fern\u00e1ndez: \u00abLos Brics son para mi pa\u00eds una excelente alternativa de cooperaci\u00f3n\u00bb | CVI NOTICIAS\",\"isPartOf\":{\"@id\":\"https:\\\/\\\/cvinoticias.com\\\/v3\\\/#website\"},\"primaryImageOfPage\":{\"@id\":\"https:\\\/\\\/cvinoticias.com\\\/v3\\\/alberto-fernandez-los-brics-son-para-mi-pais-una-excelente-alternativa-de-cooperacion\\\/#primaryimage\"},\"image\":{\"@id\":\"https:\\\/\\\/cvinoticias.com\\\/v3\\\/alberto-fernandez-los-brics-son-para-mi-pais-una-excelente-alternativa-de-cooperacion\\\/#primaryimage\"},\"thumbnailUrl\":\"https:\\\/\\\/cvinoticias.com\\\/wp-content\\\/uploads\\\/2022\\\/05\\\/6267c3c713085_900.jpg\",\"datePublished\":\"2022-05-20T11:09:23+00:00\",\"breadcrumb\":{\"@id\":\"https:\\\/\\\/cvinoticias.com\\\/v3\\\/alberto-fernandez-los-brics-son-para-mi-pais-una-excelente-alternativa-de-cooperacion\\\/#breadcrumb\"},\"inLanguage\":\"es\",\"potentialAction\":[{\"@type\":\"ReadAction\",\"target\":[\"https:\\\/\\\/cvinoticias.com\\\/v3\\\/alberto-fernandez-los-brics-son-para-mi-pais-una-excelente-alternativa-de-cooperacion\\\/\"]}]},{\"@type\":\"ImageObject\",\"inLanguage\":\"es\",\"@id\":\"https:\\\/\\\/cvinoticias.com\\\/v3\\\/alberto-fernandez-los-brics-son-para-mi-pais-una-excelente-alternativa-de-cooperacion\\\/#primaryimage\",\"url\":\"https:\\\/\\\/cvinoticias.com\\\/wp-content\\\/uploads\\\/2022\\\/05\\\/6267c3c713085_900.jpg\",\"contentUrl\":\"https:\\\/\\\/cvinoticias.com\\\/wp-content\\\/uploads\\\/2022\\\/05\\\/6267c3c713085_900.jpg\",\"width\":900,\"height\":506},{\"@type\":\"BreadcrumbList\",\"@id\":\"https:\\\/\\\/cvinoticias.com\\\/v3\\\/alberto-fernandez-los-brics-son-para-mi-pais-una-excelente-alternativa-de-cooperacion\\\/#breadcrumb\",\"itemListElement\":[{\"@type\":\"ListItem\",\"position\":1,\"name\":\"Portada\",\"item\":\"https:\\\/\\\/cvinoticias.com\\\/v3\\\/\"},{\"@type\":\"ListItem\",\"position\":2,\"name\":\"Alberto Fern\u00e1ndez: \u00abLos Brics son para mi pa\u00eds una excelente alternativa de cooperaci\u00f3n\u00bb\"}]},{\"@type\":\"WebSite\",\"@id\":\"https:\\\/\\\/cvinoticias.com\\\/v3\\\/#website\",\"url\":\"https:\\\/\\\/cvinoticias.com\\\/v3\\\/\",\"name\":\"CVI NOTICIAS\",\"description\":\"\",\"publisher\":{\"@id\":\"https:\\\/\\\/cvinoticias.com\\\/v3\\\/#organization\"},\"alternateName\":\"CVI\",\"potentialAction\":[{\"@type\":\"SearchAction\",\"target\":{\"@type\":\"EntryPoint\",\"urlTemplate\":\"https:\\\/\\\/cvinoticias.com\\\/v3\\\/?s={search_term_string}\"},\"query-input\":{\"@type\":\"PropertyValueSpecification\",\"valueRequired\":true,\"valueName\":\"search_term_string\"}}],\"inLanguage\":\"es\"},{\"@type\":\"Organization\",\"@id\":\"https:\\\/\\\/cvinoticias.com\\\/v3\\\/#organization\",\"name\":\"CVI NOTICIAS\",\"url\":\"https:\\\/\\\/cvinoticias.com\\\/v3\\\/\",\"logo\":{\"@type\":\"ImageObject\",\"inLanguage\":\"es\",\"@id\":\"https:\\\/\\\/cvinoticias.com\\\/v3\\\/#\\\/schema\\\/logo\\\/image\\\/\",\"url\":\"https:\\\/\\\/cvinoticias.com\\\/wp-content\\\/uploads\\\/2023\\\/04\\\/cropped-cropped-cropped-cropped-cropped-3-1.png\",\"contentUrl\":\"https:\\\/\\\/cvinoticias.com\\\/wp-content\\\/uploads\\\/2023\\\/04\\\/cropped-cropped-cropped-cropped-cropped-3-1.png\",\"width\":95,\"height\":122,\"caption\":\"CVI NOTICIAS\"},\"image\":{\"@id\":\"https:\\\/\\\/cvinoticias.com\\\/v3\\\/#\\\/schema\\\/logo\\\/image\\\/\"},\"sameAs\":[\"https:\\\/\\\/www.facebook.com\\\/cvinoticias\",\"https:\\\/\\\/www.instagram.com\\\/cvinoticias\\\/\",\"https:\\\/\\\/www.youtube.com\\\/@CVINOTICIAS\"]},{\"@type\":\"Person\",\"@id\":\"https:\\\/\\\/cvinoticias.com\\\/v3\\\/#\\\/schema\\\/person\\\/2db77e3c6bc03c538495d7b2b8be9b66\",\"name\":\"f1000024\",\"image\":{\"@type\":\"ImageObject\",\"inLanguage\":\"es\",\"@id\":\"https:\\\/\\\/secure.gravatar.com\\\/avatar\\\/d4fe7459cfc51ff5129ce1a732bbef5928568b8092d412ef95611616376bbeed?s=96&d=mm&r=g\",\"url\":\"https:\\\/\\\/secure.gravatar.com\\\/avatar\\\/d4fe7459cfc51ff5129ce1a732bbef5928568b8092d412ef95611616376bbeed?s=96&d=mm&r=g\",\"contentUrl\":\"https:\\\/\\\/secure.gravatar.com\\\/avatar\\\/d4fe7459cfc51ff5129ce1a732bbef5928568b8092d412ef95611616376bbeed?s=96&d=mm&r=g\",\"caption\":\"f1000024\"},\"url\":\"https:\\\/\\\/cvinoticias.com\\\/v3\\\/author\\\/f1000024\\\/\"}]}<\/script>\n<!-- \/ Yoast SEO plugin. -->","yoast_head_json":{"title":"Alberto Fern\u00e1ndez: \u00abLos Brics son para mi pa\u00eds una excelente alternativa de cooperaci\u00f3n\u00bb | CVI NOTICIAS","robots":{"index":"index","follow":"follow","max-snippet":"max-snippet:-1","max-image-preview":"max-image-preview:large","max-video-preview":"max-video-preview:-1"},"canonical":"https:\/\/cvinoticias.com\/v3\/alberto-fernandez-los-brics-son-para-mi-pais-una-excelente-alternativa-de-cooperacion\/","og_locale":"es_ES","og_type":"article","og_title":"Alberto Fern\u00e1ndez: \u00abLos Brics son para mi pa\u00eds una excelente alternativa de cooperaci\u00f3n\u00bb | CVI NOTICIAS","og_description":"La Argentina renov\u00f3 este jueves su inter\u00e9s en integrarse al Brics a partir de la postura expresada por el presidente Alberto Fern\u00e1ndez, quien consider\u00f3 que el espacio que integran Brasil, Rusia, India, China y Sud\u00e1frica representa para el pa\u00eds \u00abuna excelente alternativa de cooperaci\u00f3n frente a un orden mundial que viene funcionando para el beneficio [&hellip;]","og_url":"https:\/\/cvinoticias.com\/v3\/alberto-fernandez-los-brics-son-para-mi-pais-una-excelente-alternativa-de-cooperacion\/","og_site_name":"CVI NOTICIAS","article_publisher":"https:\/\/www.facebook.com\/cvinoticias","article_published_time":"2022-05-20T11:09:23+00:00","og_image":[{"width":900,"height":506,"url":"https:\/\/cvinoticias.com\/wp-content\/uploads\/2022\/05\/6267c3c713085_900.jpg","type":"image\/jpeg"}],"author":"f1000024","twitter_card":"summary_large_image","twitter_misc":{"Escrito por":"f1000024","Tiempo de lectura":"6 minutos"},"schema":{"@context":"https:\/\/schema.org","@graph":[{"@type":"Article","@id":"https:\/\/cvinoticias.com\/v3\/alberto-fernandez-los-brics-son-para-mi-pais-una-excelente-alternativa-de-cooperacion\/#article","isPartOf":{"@id":"https:\/\/cvinoticias.com\/v3\/alberto-fernandez-los-brics-son-para-mi-pais-una-excelente-alternativa-de-cooperacion\/"},"author":{"name":"f1000024","@id":"https:\/\/cvinoticias.com\/v3\/#\/schema\/person\/2db77e3c6bc03c538495d7b2b8be9b66"},"headline":"Alberto Fern\u00e1ndez: \u00abLos Brics son para mi pa\u00eds una excelente alternativa de cooperaci\u00f3n\u00bb","datePublished":"2022-05-20T11:09:23+00:00","mainEntityOfPage":{"@id":"https:\/\/cvinoticias.com\/v3\/alberto-fernandez-los-brics-son-para-mi-pais-una-excelente-alternativa-de-cooperacion\/"},"wordCount":1238,"commentCount":0,"publisher":{"@id":"https:\/\/cvinoticias.com\/v3\/#organization"},"image":{"@id":"https:\/\/cvinoticias.com\/v3\/alberto-fernandez-los-brics-son-para-mi-pais-una-excelente-alternativa-de-cooperacion\/#primaryimage"},"thumbnailUrl":"https:\/\/cvinoticias.com\/wp-content\/uploads\/2022\/05\/6267c3c713085_900.jpg","articleSection":["Politica"],"inLanguage":"es","potentialAction":[{"@type":"CommentAction","name":"Comment","target":["https:\/\/cvinoticias.com\/v3\/alberto-fernandez-los-brics-son-para-mi-pais-una-excelente-alternativa-de-cooperacion\/#respond"]}]},{"@type":"WebPage","@id":"https:\/\/cvinoticias.com\/v3\/alberto-fernandez-los-brics-son-para-mi-pais-una-excelente-alternativa-de-cooperacion\/","url":"https:\/\/cvinoticias.com\/v3\/alberto-fernandez-los-brics-son-para-mi-pais-una-excelente-alternativa-de-cooperacion\/","name":"Alberto Fern\u00e1ndez: \u00abLos Brics son para mi pa\u00eds una excelente alternativa de cooperaci\u00f3n\u00bb | CVI NOTICIAS","isPartOf":{"@id":"https:\/\/cvinoticias.com\/v3\/#website"},"primaryImageOfPage":{"@id":"https:\/\/cvinoticias.com\/v3\/alberto-fernandez-los-brics-son-para-mi-pais-una-excelente-alternativa-de-cooperacion\/#primaryimage"},"image":{"@id":"https:\/\/cvinoticias.com\/v3\/alberto-fernandez-los-brics-son-para-mi-pais-una-excelente-alternativa-de-cooperacion\/#primaryimage"},"thumbnailUrl":"https:\/\/cvinoticias.com\/wp-content\/uploads\/2022\/05\/6267c3c713085_900.jpg","datePublished":"2022-05-20T11:09:23+00:00","breadcrumb":{"@id":"https:\/\/cvinoticias.com\/v3\/alberto-fernandez-los-brics-son-para-mi-pais-una-excelente-alternativa-de-cooperacion\/#breadcrumb"},"inLanguage":"es","potentialAction":[{"@type":"ReadAction","target":["https:\/\/cvinoticias.com\/v3\/alberto-fernandez-los-brics-son-para-mi-pais-una-excelente-alternativa-de-cooperacion\/"]}]},{"@type":"ImageObject","inLanguage":"es","@id":"https:\/\/cvinoticias.com\/v3\/alberto-fernandez-los-brics-son-para-mi-pais-una-excelente-alternativa-de-cooperacion\/#primaryimage","url":"https:\/\/cvinoticias.com\/wp-content\/uploads\/2022\/05\/6267c3c713085_900.jpg","contentUrl":"https:\/\/cvinoticias.com\/wp-content\/uploads\/2022\/05\/6267c3c713085_900.jpg","width":900,"height":506},{"@type":"BreadcrumbList","@id":"https:\/\/cvinoticias.com\/v3\/alberto-fernandez-los-brics-son-para-mi-pais-una-excelente-alternativa-de-cooperacion\/#breadcrumb","itemListElement":[{"@type":"ListItem","position":1,"name":"Portada","item":"https:\/\/cvinoticias.com\/v3\/"},{"@type":"ListItem","position":2,"name":"Alberto Fern\u00e1ndez: \u00abLos Brics son para mi pa\u00eds una excelente alternativa de cooperaci\u00f3n\u00bb"}]},{"@type":"WebSite","@id":"https:\/\/cvinoticias.com\/v3\/#website","url":"https:\/\/cvinoticias.com\/v3\/","name":"CVI NOTICIAS","description":"","publisher":{"@id":"https:\/\/cvinoticias.com\/v3\/#organization"},"alternateName":"CVI","potentialAction":[{"@type":"SearchAction","target":{"@type":"EntryPoint","urlTemplate":"https:\/\/cvinoticias.com\/v3\/?s={search_term_string}"},"query-input":{"@type":"PropertyValueSpecification","valueRequired":true,"valueName":"search_term_string"}}],"inLanguage":"es"},{"@type":"Organization","@id":"https:\/\/cvinoticias.com\/v3\/#organization","name":"CVI NOTICIAS","url":"https:\/\/cvinoticias.com\/v3\/","logo":{"@type":"ImageObject","inLanguage":"es","@id":"https:\/\/cvinoticias.com\/v3\/#\/schema\/logo\/image\/","url":"https:\/\/cvinoticias.com\/wp-content\/uploads\/2023\/04\/cropped-cropped-cropped-cropped-cropped-3-1.png","contentUrl":"https:\/\/cvinoticias.com\/wp-content\/uploads\/2023\/04\/cropped-cropped-cropped-cropped-cropped-3-1.png","width":95,"height":122,"caption":"CVI NOTICIAS"},"image":{"@id":"https:\/\/cvinoticias.com\/v3\/#\/schema\/logo\/image\/"},"sameAs":["https:\/\/www.facebook.com\/cvinoticias","https:\/\/www.instagram.com\/cvinoticias\/","https:\/\/www.youtube.com\/@CVINOTICIAS"]},{"@type":"Person","@id":"https:\/\/cvinoticias.com\/v3\/#\/schema\/person\/2db77e3c6bc03c538495d7b2b8be9b66","name":"f1000024","image":{"@type":"ImageObject","inLanguage":"es","@id":"https:\/\/secure.gravatar.com\/avatar\/d4fe7459cfc51ff5129ce1a732bbef5928568b8092d412ef95611616376bbeed?s=96&d=mm&r=g","url":"https:\/\/secure.gravatar.com\/avatar\/d4fe7459cfc51ff5129ce1a732bbef5928568b8092d412ef95611616376bbeed?s=96&d=mm&r=g","contentUrl":"https:\/\/secure.gravatar.com\/avatar\/d4fe7459cfc51ff5129ce1a732bbef5928568b8092d412ef95611616376bbeed?s=96&d=mm&r=g","caption":"f1000024"},"url":"https:\/\/cvinoticias.com\/v3\/author\/f1000024\/"}]}},"_links":{"self":[{"href":"https:\/\/cvinoticias.com\/v3\/wp-json\/wp\/v2\/posts\/15925","targetHints":{"allow":["GET"]}}],"collection":[{"href":"https:\/\/cvinoticias.com\/v3\/wp-json\/wp\/v2\/posts"}],"about":[{"href":"https:\/\/cvinoticias.com\/v3\/wp-json\/wp\/v2\/types\/post"}],"author":[{"embeddable":true,"href":"https:\/\/cvinoticias.com\/v3\/wp-json\/wp\/v2\/users\/2"}],"replies":[{"embeddable":true,"href":"https:\/\/cvinoticias.com\/v3\/wp-json\/wp\/v2\/comments?post=15925"}],"version-history":[{"count":1,"href":"https:\/\/cvinoticias.com\/v3\/wp-json\/wp\/v2\/posts\/15925\/revisions"}],"predecessor-version":[{"id":15927,"href":"https:\/\/cvinoticias.com\/v3\/wp-json\/wp\/v2\/posts\/15925\/revisions\/15927"}],"wp:featuredmedia":[{"embeddable":true,"href":"https:\/\/cvinoticias.com\/v3\/wp-json\/wp\/v2\/media\/15926"}],"wp:attachment":[{"href":"https:\/\/cvinoticias.com\/v3\/wp-json\/wp\/v2\/media?parent=15925"}],"wp:term":[{"taxonomy":"category","embeddable":true,"href":"https:\/\/cvinoticias.com\/v3\/wp-json\/wp\/v2\/categories?post=15925"},{"taxonomy":"post_tag","embeddable":true,"href":"https:\/\/cvinoticias.com\/v3\/wp-json\/wp\/v2\/tags?post=15925"}],"curies":[{"name":"wp","href":"https:\/\/api.w.org\/{rel}","templated":true}]}}