{"id":15871,"date":"2022-05-19T02:04:52","date_gmt":"2022-05-19T02:04:52","guid":{"rendered":"https:\/\/cvinoticias.com\/v3\/?p=15871"},"modified":"2022-05-19T02:04:52","modified_gmt":"2022-05-19T02:04:52","slug":"iguazu-imputaron-al-hijo-de-neis-por-la-muerte-de-su-padre","status":"publish","type":"post","link":"https:\/\/cvinoticias.com\/v3\/iguazu-imputaron-al-hijo-de-neis-por-la-muerte-de-su-padre\/","title":{"rendered":"Iguaz\u00fa: Imputaron al hijo de Neis por la muerte de su padre"},"content":{"rendered":"\n<p><em><strong>Luiz Osmar Neis (68) viv\u00eda solo, hablaba muy poco con sus vecinos y adem\u00e1s su vivienda estaba en un lugar muy alejado del casco urbano de Andresito,\u00a0precisamente en Puerto Pen\u00ednsula.<\/strong><\/em><\/p>\n\n\n\n<p>Lo hallaron sin vida, al menos una semana d\u00edas despu\u00e9s que lo mataran. Ten\u00eda un disparo en el pecho. Faltaba su camioneta.\u00a0Luego de varios d\u00edas fue detenido su hijo de 29 y fue indagado como principal sospechoso de haber matado a su padre.<\/p>\n\n\n\n<p>Fue trasladado al Juzgado de Instrucci\u00f3n 3 de Puerto Iguaz\u00fa para la audiencia ante el juez. El joven no guard\u00f3 silencio y por al menos seis horas contest\u00f3 preguntas y dio su coartada para intentar desligarse del caso.<\/p>\n\n\n\n<p>Le informaron que era investigado por el robo de la camioneta propiedad de su progenitor. Seg\u00fan las pruebas recabadas,\u00a0lo se\u00f1alaron como el principal sospechoso de haber efectuado un disparo calibre 22 que acab\u00f3 con la vida de Luiz Neis.<\/p>\n\n\n\n<p>Lo imputaron por\u00a0\u201chomicidio calificado agravado por el v\u00ednculo\u201d\u00a0y el juez Mart\u00edn Brites orden\u00f3 que contin\u00fae detenido mientras se completan medidas de prueba.\u00a0No se descarta que esta calificaci\u00f3n pueda modificarse si se le anexa el robo.<\/p>\n\n\n\n<p>El joven oportunamente hab\u00eda se\u00f1alado a los investigadores que en la vivienda de su padre hab\u00eda armas escondidas.\u00a0Esta tarea fue realizada y luego de una orden de allanamiento en el barrio Quintas Bajas de Comandante Andresito detuvieron al hijo.<\/p>\n\n\n\n<p>El caso trascendi\u00f3 cuando \u00e9l fue a la comisar\u00eda a denunciar que su padre hab\u00eda desaparecido de la casa, presuntamente llev\u00e1ndose la Toyota Hilux.<\/p>\n\n\n\n<p>Todo indica que fue \u00e9l quien public\u00f3 su imagen en las redes sociales y hasta ofreci\u00f3 una recompensa por datos de su paradero.\u00a0Luego, un vecino avis\u00f3 al hijo que el hombre estaba muerto en el fondo de su lote. Estaba en estado de descomposici\u00f3n, sus manos estaban pr\u00e1cticamente seccionadas por alima\u00f1as.<\/p>\n\n\n\n<p><strong>Fuente: Primera Edici\u00f3n <\/strong><\/p>\n","protected":false},"excerpt":{"rendered":"<p>Luiz Osmar Neis (68) viv\u00eda solo, hablaba muy poco con sus vecinos y adem\u00e1s su vivienda estaba en un lugar muy alejado del casco urbano de Andresito,\u00a0precisamente en Puerto Pen\u00ednsula. Lo hallaron sin vida, al menos una semana d\u00edas despu\u00e9s que lo mataran. Ten\u00eda un disparo en el pecho. Faltaba su camioneta.\u00a0Luego de varios d\u00edas [&hellip;]<\/p>\n","protected":false},"author":2,"featured_media":15872,"comment_status":"open","ping_status":"open","sticky":false,"template":"","format":"standard","meta":{"footnotes":""},"categories":[37],"tags":[],"class_list":["post-15871","post","type-post","status-publish","format-standard","has-post-thumbnail","hentry","category-justicia"],"yoast_head":"<!-- This site is optimized with the Yoast SEO plugin v27.5 - https:\/\/yoast.com\/product\/yoast-seo-wordpress\/ -->\n<title>Iguaz\u00fa: Imputaron al hijo de Neis por la muerte de su padre | CVI NOTICIAS<\/title>\n<meta name=\"robots\" content=\"index, follow, max-snippet:-1, max-image-preview:large, max-video-preview:-1\" \/>\n<link rel=\"canonical\" href=\"https:\/\/cvinoticias.com\/v3\/iguazu-imputaron-al-hijo-de-neis-por-la-muerte-de-su-padre\/\" \/>\n<meta property=\"og:locale\" content=\"es_ES\" \/>\n<meta property=\"og:type\" content=\"article\" \/>\n<meta property=\"og:title\" content=\"Iguaz\u00fa: Imputaron al hijo de Neis por la muerte de su padre | CVI NOTICIAS\" \/>\n<meta property=\"og:description\" content=\"Luiz Osmar Neis (68) viv\u00eda solo, hablaba muy poco con sus vecinos y adem\u00e1s su vivienda estaba en un lugar muy alejado del casco urbano de Andresito,\u00a0precisamente en Puerto Pen\u00ednsula. Lo hallaron sin vida, al menos una semana d\u00edas despu\u00e9s que lo mataran. Ten\u00eda un disparo en el pecho. Faltaba su camioneta.\u00a0Luego de varios d\u00edas [&hellip;]\" \/>\n<meta property=\"og:url\" content=\"https:\/\/cvinoticias.com\/v3\/iguazu-imputaron-al-hijo-de-neis-por-la-muerte-de-su-padre\/\" \/>\n<meta property=\"og:site_name\" content=\"CVI NOTICIAS\" \/>\n<meta property=\"article:publisher\" content=\"https:\/\/www.facebook.com\/cvinoticias\" \/>\n<meta property=\"article:published_time\" content=\"2022-05-19T02:04:52+00:00\" \/>\n<meta property=\"og:image\" content=\"https:\/\/cvinoticias.com\/wp-content\/uploads\/2022\/05\/Screenshot_20220518-230406_Facebook.jpg\" \/>\n\t<meta property=\"og:image:width\" content=\"944\" \/>\n\t<meta property=\"og:image:height\" content=\"457\" \/>\n\t<meta property=\"og:image:type\" content=\"image\/jpeg\" \/>\n<meta name=\"author\" content=\"f1000024\" \/>\n<meta name=\"twitter:card\" content=\"summary_large_image\" \/>\n<meta name=\"twitter:label1\" content=\"Escrito por\" \/>\n\t<meta name=\"twitter:data1\" content=\"f1000024\" \/>\n\t<meta name=\"twitter:label2\" content=\"Tiempo de lectura\" \/>\n\t<meta name=\"twitter:data2\" content=\"2 minutos\" \/>\n<script type=\"application\/ld+json\" class=\"yoast-schema-graph\">{\"@context\":\"https:\\\/\\\/schema.org\",\"@graph\":[{\"@type\":\"Article\",\"@id\":\"https:\\\/\\\/cvinoticias.com\\\/v3\\\/iguazu-imputaron-al-hijo-de-neis-por-la-muerte-de-su-padre\\\/#article\",\"isPartOf\":{\"@id\":\"https:\\\/\\\/cvinoticias.com\\\/v3\\\/iguazu-imputaron-al-hijo-de-neis-por-la-muerte-de-su-padre\\\/\"},\"author\":{\"name\":\"f1000024\",\"@id\":\"https:\\\/\\\/cvinoticias.com\\\/v3\\\/#\\\/schema\\\/person\\\/2db77e3c6bc03c538495d7b2b8be9b66\"},\"headline\":\"Iguaz\u00fa: Imputaron al hijo de Neis por la muerte de su padre\",\"datePublished\":\"2022-05-19T02:04:52+00:00\",\"mainEntityOfPage\":{\"@id\":\"https:\\\/\\\/cvinoticias.com\\\/v3\\\/iguazu-imputaron-al-hijo-de-neis-por-la-muerte-de-su-padre\\\/\"},\"wordCount\":342,\"commentCount\":0,\"publisher\":{\"@id\":\"https:\\\/\\\/cvinoticias.com\\\/v3\\\/#organization\"},\"image\":{\"@id\":\"https:\\\/\\\/cvinoticias.com\\\/v3\\\/iguazu-imputaron-al-hijo-de-neis-por-la-muerte-de-su-padre\\\/#primaryimage\"},\"thumbnailUrl\":\"https:\\\/\\\/cvinoticias.com\\\/wp-content\\\/uploads\\\/2022\\\/05\\\/Screenshot_20220518-230406_Facebook.jpg\",\"articleSection\":[\"Justicia\"],\"inLanguage\":\"es\",\"potentialAction\":[{\"@type\":\"CommentAction\",\"name\":\"Comment\",\"target\":[\"https:\\\/\\\/cvinoticias.com\\\/v3\\\/iguazu-imputaron-al-hijo-de-neis-por-la-muerte-de-su-padre\\\/#respond\"]}]},{\"@type\":\"WebPage\",\"@id\":\"https:\\\/\\\/cvinoticias.com\\\/v3\\\/iguazu-imputaron-al-hijo-de-neis-por-la-muerte-de-su-padre\\\/\",\"url\":\"https:\\\/\\\/cvinoticias.com\\\/v3\\\/iguazu-imputaron-al-hijo-de-neis-por-la-muerte-de-su-padre\\\/\",\"name\":\"Iguaz\u00fa: Imputaron al hijo de Neis por la muerte de su padre | CVI NOTICIAS\",\"isPartOf\":{\"@id\":\"https:\\\/\\\/cvinoticias.com\\\/v3\\\/#website\"},\"primaryImageOfPage\":{\"@id\":\"https:\\\/\\\/cvinoticias.com\\\/v3\\\/iguazu-imputaron-al-hijo-de-neis-por-la-muerte-de-su-padre\\\/#primaryimage\"},\"image\":{\"@id\":\"https:\\\/\\\/cvinoticias.com\\\/v3\\\/iguazu-imputaron-al-hijo-de-neis-por-la-muerte-de-su-padre\\\/#primaryimage\"},\"thumbnailUrl\":\"https:\\\/\\\/cvinoticias.com\\\/wp-content\\\/uploads\\\/2022\\\/05\\\/Screenshot_20220518-230406_Facebook.jpg\",\"datePublished\":\"2022-05-19T02:04:52+00:00\",\"breadcrumb\":{\"@id\":\"https:\\\/\\\/cvinoticias.com\\\/v3\\\/iguazu-imputaron-al-hijo-de-neis-por-la-muerte-de-su-padre\\\/#breadcrumb\"},\"inLanguage\":\"es\",\"potentialAction\":[{\"@type\":\"ReadAction\",\"target\":[\"https:\\\/\\\/cvinoticias.com\\\/v3\\\/iguazu-imputaron-al-hijo-de-neis-por-la-muerte-de-su-padre\\\/\"]}]},{\"@type\":\"ImageObject\",\"inLanguage\":\"es\",\"@id\":\"https:\\\/\\\/cvinoticias.com\\\/v3\\\/iguazu-imputaron-al-hijo-de-neis-por-la-muerte-de-su-padre\\\/#primaryimage\",\"url\":\"https:\\\/\\\/cvinoticias.com\\\/wp-content\\\/uploads\\\/2022\\\/05\\\/Screenshot_20220518-230406_Facebook.jpg\",\"contentUrl\":\"https:\\\/\\\/cvinoticias.com\\\/wp-content\\\/uploads\\\/2022\\\/05\\\/Screenshot_20220518-230406_Facebook.jpg\",\"width\":944,\"height\":457},{\"@type\":\"BreadcrumbList\",\"@id\":\"https:\\\/\\\/cvinoticias.com\\\/v3\\\/iguazu-imputaron-al-hijo-de-neis-por-la-muerte-de-su-padre\\\/#breadcrumb\",\"itemListElement\":[{\"@type\":\"ListItem\",\"position\":1,\"name\":\"Portada\",\"item\":\"https:\\\/\\\/cvinoticias.com\\\/v3\\\/\"},{\"@type\":\"ListItem\",\"position\":2,\"name\":\"Iguaz\u00fa: Imputaron al hijo de Neis por la muerte de su padre\"}]},{\"@type\":\"WebSite\",\"@id\":\"https:\\\/\\\/cvinoticias.com\\\/v3\\\/#website\",\"url\":\"https:\\\/\\\/cvinoticias.com\\\/v3\\\/\",\"name\":\"CVI NOTICIAS\",\"description\":\"\",\"publisher\":{\"@id\":\"https:\\\/\\\/cvinoticias.com\\\/v3\\\/#organization\"},\"alternateName\":\"CVI\",\"potentialAction\":[{\"@type\":\"SearchAction\",\"target\":{\"@type\":\"EntryPoint\",\"urlTemplate\":\"https:\\\/\\\/cvinoticias.com\\\/v3\\\/?s={search_term_string}\"},\"query-input\":{\"@type\":\"PropertyValueSpecification\",\"valueRequired\":true,\"valueName\":\"search_term_string\"}}],\"inLanguage\":\"es\"},{\"@type\":\"Organization\",\"@id\":\"https:\\\/\\\/cvinoticias.com\\\/v3\\\/#organization\",\"name\":\"CVI NOTICIAS\",\"url\":\"https:\\\/\\\/cvinoticias.com\\\/v3\\\/\",\"logo\":{\"@type\":\"ImageObject\",\"inLanguage\":\"es\",\"@id\":\"https:\\\/\\\/cvinoticias.com\\\/v3\\\/#\\\/schema\\\/logo\\\/image\\\/\",\"url\":\"https:\\\/\\\/cvinoticias.com\\\/wp-content\\\/uploads\\\/2023\\\/04\\\/cropped-cropped-cropped-cropped-cropped-3-1.png\",\"contentUrl\":\"https:\\\/\\\/cvinoticias.com\\\/wp-content\\\/uploads\\\/2023\\\/04\\\/cropped-cropped-cropped-cropped-cropped-3-1.png\",\"width\":95,\"height\":122,\"caption\":\"CVI NOTICIAS\"},\"image\":{\"@id\":\"https:\\\/\\\/cvinoticias.com\\\/v3\\\/#\\\/schema\\\/logo\\\/image\\\/\"},\"sameAs\":[\"https:\\\/\\\/www.facebook.com\\\/cvinoticias\",\"https:\\\/\\\/www.instagram.com\\\/cvinoticias\\\/\",\"https:\\\/\\\/www.youtube.com\\\/@CVINOTICIAS\"]},{\"@type\":\"Person\",\"@id\":\"https:\\\/\\\/cvinoticias.com\\\/v3\\\/#\\\/schema\\\/person\\\/2db77e3c6bc03c538495d7b2b8be9b66\",\"name\":\"f1000024\",\"image\":{\"@type\":\"ImageObject\",\"inLanguage\":\"es\",\"@id\":\"https:\\\/\\\/secure.gravatar.com\\\/avatar\\\/d4fe7459cfc51ff5129ce1a732bbef5928568b8092d412ef95611616376bbeed?s=96&d=mm&r=g\",\"url\":\"https:\\\/\\\/secure.gravatar.com\\\/avatar\\\/d4fe7459cfc51ff5129ce1a732bbef5928568b8092d412ef95611616376bbeed?s=96&d=mm&r=g\",\"contentUrl\":\"https:\\\/\\\/secure.gravatar.com\\\/avatar\\\/d4fe7459cfc51ff5129ce1a732bbef5928568b8092d412ef95611616376bbeed?s=96&d=mm&r=g\",\"caption\":\"f1000024\"},\"url\":\"https:\\\/\\\/cvinoticias.com\\\/v3\\\/author\\\/f1000024\\\/\"}]}<\/script>\n<!-- \/ Yoast SEO plugin. -->","yoast_head_json":{"title":"Iguaz\u00fa: Imputaron al hijo de Neis por la muerte de su padre | CVI NOTICIAS","robots":{"index":"index","follow":"follow","max-snippet":"max-snippet:-1","max-image-preview":"max-image-preview:large","max-video-preview":"max-video-preview:-1"},"canonical":"https:\/\/cvinoticias.com\/v3\/iguazu-imputaron-al-hijo-de-neis-por-la-muerte-de-su-padre\/","og_locale":"es_ES","og_type":"article","og_title":"Iguaz\u00fa: Imputaron al hijo de Neis por la muerte de su padre | CVI NOTICIAS","og_description":"Luiz Osmar Neis (68) viv\u00eda solo, hablaba muy poco con sus vecinos y adem\u00e1s su vivienda estaba en un lugar muy alejado del casco urbano de Andresito,\u00a0precisamente en Puerto Pen\u00ednsula. Lo hallaron sin vida, al menos una semana d\u00edas despu\u00e9s que lo mataran. Ten\u00eda un disparo en el pecho. Faltaba su camioneta.\u00a0Luego de varios d\u00edas [&hellip;]","og_url":"https:\/\/cvinoticias.com\/v3\/iguazu-imputaron-al-hijo-de-neis-por-la-muerte-de-su-padre\/","og_site_name":"CVI NOTICIAS","article_publisher":"https:\/\/www.facebook.com\/cvinoticias","article_published_time":"2022-05-19T02:04:52+00:00","og_image":[{"width":944,"height":457,"url":"https:\/\/cvinoticias.com\/wp-content\/uploads\/2022\/05\/Screenshot_20220518-230406_Facebook.jpg","type":"image\/jpeg"}],"author":"f1000024","twitter_card":"summary_large_image","twitter_misc":{"Escrito por":"f1000024","Tiempo de lectura":"2 minutos"},"schema":{"@context":"https:\/\/schema.org","@graph":[{"@type":"Article","@id":"https:\/\/cvinoticias.com\/v3\/iguazu-imputaron-al-hijo-de-neis-por-la-muerte-de-su-padre\/#article","isPartOf":{"@id":"https:\/\/cvinoticias.com\/v3\/iguazu-imputaron-al-hijo-de-neis-por-la-muerte-de-su-padre\/"},"author":{"name":"f1000024","@id":"https:\/\/cvinoticias.com\/v3\/#\/schema\/person\/2db77e3c6bc03c538495d7b2b8be9b66"},"headline":"Iguaz\u00fa: Imputaron al hijo de Neis por la muerte de su padre","datePublished":"2022-05-19T02:04:52+00:00","mainEntityOfPage":{"@id":"https:\/\/cvinoticias.com\/v3\/iguazu-imputaron-al-hijo-de-neis-por-la-muerte-de-su-padre\/"},"wordCount":342,"commentCount":0,"publisher":{"@id":"https:\/\/cvinoticias.com\/v3\/#organization"},"image":{"@id":"https:\/\/cvinoticias.com\/v3\/iguazu-imputaron-al-hijo-de-neis-por-la-muerte-de-su-padre\/#primaryimage"},"thumbnailUrl":"https:\/\/cvinoticias.com\/wp-content\/uploads\/2022\/05\/Screenshot_20220518-230406_Facebook.jpg","articleSection":["Justicia"],"inLanguage":"es","potentialAction":[{"@type":"CommentAction","name":"Comment","target":["https:\/\/cvinoticias.com\/v3\/iguazu-imputaron-al-hijo-de-neis-por-la-muerte-de-su-padre\/#respond"]}]},{"@type":"WebPage","@id":"https:\/\/cvinoticias.com\/v3\/iguazu-imputaron-al-hijo-de-neis-por-la-muerte-de-su-padre\/","url":"https:\/\/cvinoticias.com\/v3\/iguazu-imputaron-al-hijo-de-neis-por-la-muerte-de-su-padre\/","name":"Iguaz\u00fa: Imputaron al hijo de Neis por la muerte de su padre | CVI NOTICIAS","isPartOf":{"@id":"https:\/\/cvinoticias.com\/v3\/#website"},"primaryImageOfPage":{"@id":"https:\/\/cvinoticias.com\/v3\/iguazu-imputaron-al-hijo-de-neis-por-la-muerte-de-su-padre\/#primaryimage"},"image":{"@id":"https:\/\/cvinoticias.com\/v3\/iguazu-imputaron-al-hijo-de-neis-por-la-muerte-de-su-padre\/#primaryimage"},"thumbnailUrl":"https:\/\/cvinoticias.com\/wp-content\/uploads\/2022\/05\/Screenshot_20220518-230406_Facebook.jpg","datePublished":"2022-05-19T02:04:52+00:00","breadcrumb":{"@id":"https:\/\/cvinoticias.com\/v3\/iguazu-imputaron-al-hijo-de-neis-por-la-muerte-de-su-padre\/#breadcrumb"},"inLanguage":"es","potentialAction":[{"@type":"ReadAction","target":["https:\/\/cvinoticias.com\/v3\/iguazu-imputaron-al-hijo-de-neis-por-la-muerte-de-su-padre\/"]}]},{"@type":"ImageObject","inLanguage":"es","@id":"https:\/\/cvinoticias.com\/v3\/iguazu-imputaron-al-hijo-de-neis-por-la-muerte-de-su-padre\/#primaryimage","url":"https:\/\/cvinoticias.com\/wp-content\/uploads\/2022\/05\/Screenshot_20220518-230406_Facebook.jpg","contentUrl":"https:\/\/cvinoticias.com\/wp-content\/uploads\/2022\/05\/Screenshot_20220518-230406_Facebook.jpg","width":944,"height":457},{"@type":"BreadcrumbList","@id":"https:\/\/cvinoticias.com\/v3\/iguazu-imputaron-al-hijo-de-neis-por-la-muerte-de-su-padre\/#breadcrumb","itemListElement":[{"@type":"ListItem","position":1,"name":"Portada","item":"https:\/\/cvinoticias.com\/v3\/"},{"@type":"ListItem","position":2,"name":"Iguaz\u00fa: Imputaron al hijo de Neis por la muerte de su padre"}]},{"@type":"WebSite","@id":"https:\/\/cvinoticias.com\/v3\/#website","url":"https:\/\/cvinoticias.com\/v3\/","name":"CVI NOTICIAS","description":"","publisher":{"@id":"https:\/\/cvinoticias.com\/v3\/#organization"},"alternateName":"CVI","potentialAction":[{"@type":"SearchAction","target":{"@type":"EntryPoint","urlTemplate":"https:\/\/cvinoticias.com\/v3\/?s={search_term_string}"},"query-input":{"@type":"PropertyValueSpecification","valueRequired":true,"valueName":"search_term_string"}}],"inLanguage":"es"},{"@type":"Organization","@id":"https:\/\/cvinoticias.com\/v3\/#organization","name":"CVI NOTICIAS","url":"https:\/\/cvinoticias.com\/v3\/","logo":{"@type":"ImageObject","inLanguage":"es","@id":"https:\/\/cvinoticias.com\/v3\/#\/schema\/logo\/image\/","url":"https:\/\/cvinoticias.com\/wp-content\/uploads\/2023\/04\/cropped-cropped-cropped-cropped-cropped-3-1.png","contentUrl":"https:\/\/cvinoticias.com\/wp-content\/uploads\/2023\/04\/cropped-cropped-cropped-cropped-cropped-3-1.png","width":95,"height":122,"caption":"CVI NOTICIAS"},"image":{"@id":"https:\/\/cvinoticias.com\/v3\/#\/schema\/logo\/image\/"},"sameAs":["https:\/\/www.facebook.com\/cvinoticias","https:\/\/www.instagram.com\/cvinoticias\/","https:\/\/www.youtube.com\/@CVINOTICIAS"]},{"@type":"Person","@id":"https:\/\/cvinoticias.com\/v3\/#\/schema\/person\/2db77e3c6bc03c538495d7b2b8be9b66","name":"f1000024","image":{"@type":"ImageObject","inLanguage":"es","@id":"https:\/\/secure.gravatar.com\/avatar\/d4fe7459cfc51ff5129ce1a732bbef5928568b8092d412ef95611616376bbeed?s=96&d=mm&r=g","url":"https:\/\/secure.gravatar.com\/avatar\/d4fe7459cfc51ff5129ce1a732bbef5928568b8092d412ef95611616376bbeed?s=96&d=mm&r=g","contentUrl":"https:\/\/secure.gravatar.com\/avatar\/d4fe7459cfc51ff5129ce1a732bbef5928568b8092d412ef95611616376bbeed?s=96&d=mm&r=g","caption":"f1000024"},"url":"https:\/\/cvinoticias.com\/v3\/author\/f1000024\/"}]}},"_links":{"self":[{"href":"https:\/\/cvinoticias.com\/v3\/wp-json\/wp\/v2\/posts\/15871","targetHints":{"allow":["GET"]}}],"collection":[{"href":"https:\/\/cvinoticias.com\/v3\/wp-json\/wp\/v2\/posts"}],"about":[{"href":"https:\/\/cvinoticias.com\/v3\/wp-json\/wp\/v2\/types\/post"}],"author":[{"embeddable":true,"href":"https:\/\/cvinoticias.com\/v3\/wp-json\/wp\/v2\/users\/2"}],"replies":[{"embeddable":true,"href":"https:\/\/cvinoticias.com\/v3\/wp-json\/wp\/v2\/comments?post=15871"}],"version-history":[{"count":1,"href":"https:\/\/cvinoticias.com\/v3\/wp-json\/wp\/v2\/posts\/15871\/revisions"}],"predecessor-version":[{"id":15873,"href":"https:\/\/cvinoticias.com\/v3\/wp-json\/wp\/v2\/posts\/15871\/revisions\/15873"}],"wp:featuredmedia":[{"embeddable":true,"href":"https:\/\/cvinoticias.com\/v3\/wp-json\/wp\/v2\/media\/15872"}],"wp:attachment":[{"href":"https:\/\/cvinoticias.com\/v3\/wp-json\/wp\/v2\/media?parent=15871"}],"wp:term":[{"taxonomy":"category","embeddable":true,"href":"https:\/\/cvinoticias.com\/v3\/wp-json\/wp\/v2\/categories?post=15871"},{"taxonomy":"post_tag","embeddable":true,"href":"https:\/\/cvinoticias.com\/v3\/wp-json\/wp\/v2\/tags?post=15871"}],"curies":[{"name":"wp","href":"https:\/\/api.w.org\/{rel}","templated":true}]}}