{"id":15832,"date":"2022-05-17T18:51:44","date_gmt":"2022-05-17T18:51:44","guid":{"rendered":"https:\/\/cvinoticias.com\/v3\/?p=15832"},"modified":"2022-05-17T18:51:44","modified_gmt":"2022-05-17T18:51:44","slug":"misiones-despierta-el-interes-de-hyundai","status":"publish","type":"post","link":"https:\/\/cvinoticias.com\/v3\/misiones-despierta-el-interes-de-hyundai\/","title":{"rendered":"Misiones despierta el inter\u00e9s de Hyundai"},"content":{"rendered":"\n<p><strong><em>El Gobernador particip\u00f3 en San Pablo de reuniones con distintas empresas que buscan invertir en la provincia. Entre ellas se encuentra la automotriz coreana, cuyo inter\u00e9s por Misiones data de hace varios a\u00f1os. Los directivos de la compa\u00f1\u00eda valoran positivamente las condiciones que presenta la tierra colorada en cuanto a formaci\u00f3n profesional.<\/em><\/strong><\/p>\n\n\n\n<p>Oscar Herrera Ahuad mantuvo una nutrida agenda en el centro industrial y financiero m\u00e1s importante de Am\u00e9rica Latina: la ciudad de San Pablo, en Brasil. Este lunes, el mandatario estuvo reunido con importantes ejecutivos de empresas automotrices y textiles, as\u00ed como con funcionarios y el presidente de Brasil, Jair Bolsonaro.<\/p>\n\n\n\n<p>La comitiva argentina estuvo encabezada por el embajador argentino Daniel Scioli, quien junto a Herrera y un equipo t\u00e9cnico misionero recorrieron en un primer momento la planta de la automotriz coreana Hyundai, en la localidad de Piracicaba, una empresa que emplea a unas 3 mil personas en forma directa y unas 20 mil de manera indirecta.<\/p>\n\n\n\n<p>All\u00ed, en un encuentro con el vicepresidente, Ricardo Augusto Martins y el Director de Operaciones Yong-Woo Lee, hablaron de la posible inversi\u00f3n de la planta de la empresa en Misiones, iniciando un acercamiento importante.<br>El inter\u00e9s de la automotriz con sede en la prefectura de Yangjae-Dong en la ciudad de Seocho-Gu en Se\u00fal por Misiones viene de hace tiempo, cuando se tejieron lazos entre nuestra provincia y la que alberga la f\u00e1brica central de la compa\u00f1\u00eda coreana. Asimismo, el plus que ofrece Misiones se encuentra en la capacitaci\u00f3n: a trav\u00e9s de Silicon, la Escuela de Rob\u00f3tica y la Mecatr\u00f3nica, se convierte en la provincia mejor preparada para esta nueva era de trabajo altamente demandante de tecnolog\u00eda rob\u00f3tica y automatizada.<\/p>\n\n\n\n<p>En ese contexto, el Gobernador expuso la fortaleza de la provincia y de Posadas como ciudad startup. Destac\u00f3 las ventajas de Misiones, su poblaci\u00f3n joven y capacitada, plante\u00f3 las ventajas medioambientales, as\u00ed como la importante infraestructura en caminos, puertos, aeropuertos y trenes, convirti\u00e9ndola en un HUB log\u00edstico que se integra con Brasil y Paraguay. El mandatario subray\u00f3 la importancia estrat\u00e9gica que tiene la provincia en la regi\u00f3n, lo cual la convierte en un destino<\/p>\n","protected":false},"excerpt":{"rendered":"<p>El Gobernador particip\u00f3 en San Pablo de reuniones con distintas empresas que buscan invertir en la provincia. Entre ellas se encuentra la automotriz coreana, cuyo inter\u00e9s por Misiones data de hace varios a\u00f1os. Los directivos de la compa\u00f1\u00eda valoran positivamente las condiciones que presenta la tierra colorada en cuanto a formaci\u00f3n profesional. Oscar Herrera Ahuad [&hellip;]<\/p>\n","protected":false},"author":2,"featured_media":15833,"comment_status":"open","ping_status":"open","sticky":false,"template":"","format":"standard","meta":{"footnotes":""},"categories":[36],"tags":[],"class_list":["post-15832","post","type-post","status-publish","format-standard","has-post-thumbnail","hentry","category-internacionales"],"yoast_head":"<!-- This site is optimized with the Yoast SEO plugin v27.5 - https:\/\/yoast.com\/product\/yoast-seo-wordpress\/ -->\n<title>Misiones despierta el inter\u00e9s de Hyundai | CVI NOTICIAS<\/title>\n<meta name=\"robots\" content=\"index, follow, max-snippet:-1, max-image-preview:large, max-video-preview:-1\" \/>\n<link rel=\"canonical\" href=\"https:\/\/cvinoticias.com\/v3\/misiones-despierta-el-interes-de-hyundai\/\" \/>\n<meta property=\"og:locale\" content=\"es_ES\" \/>\n<meta property=\"og:type\" content=\"article\" \/>\n<meta property=\"og:title\" content=\"Misiones despierta el inter\u00e9s de Hyundai | CVI NOTICIAS\" \/>\n<meta property=\"og:description\" content=\"El Gobernador particip\u00f3 en San Pablo de reuniones con distintas empresas que buscan invertir en la provincia. Entre ellas se encuentra la automotriz coreana, cuyo inter\u00e9s por Misiones data de hace varios a\u00f1os. Los directivos de la compa\u00f1\u00eda valoran positivamente las condiciones que presenta la tierra colorada en cuanto a formaci\u00f3n profesional. Oscar Herrera Ahuad [&hellip;]\" \/>\n<meta property=\"og:url\" content=\"https:\/\/cvinoticias.com\/v3\/misiones-despierta-el-interes-de-hyundai\/\" \/>\n<meta property=\"og:site_name\" content=\"CVI NOTICIAS\" \/>\n<meta property=\"article:publisher\" content=\"https:\/\/www.facebook.com\/cvinoticias\" \/>\n<meta property=\"article:published_time\" content=\"2022-05-17T18:51:44+00:00\" \/>\n<meta property=\"og:image\" content=\"https:\/\/cvinoticias.com\/wp-content\/uploads\/2022\/05\/IMG-20220516-WA0076.jpg\" \/>\n\t<meta property=\"og:image:width\" content=\"1024\" \/>\n\t<meta property=\"og:image:height\" content=\"1024\" \/>\n\t<meta property=\"og:image:type\" content=\"image\/jpeg\" \/>\n<meta name=\"author\" content=\"f1000024\" \/>\n<meta name=\"twitter:card\" content=\"summary_large_image\" \/>\n<meta name=\"twitter:label1\" content=\"Escrito por\" \/>\n\t<meta name=\"twitter:data1\" content=\"f1000024\" \/>\n\t<meta name=\"twitter:label2\" content=\"Tiempo de lectura\" \/>\n\t<meta name=\"twitter:data2\" content=\"2 minutos\" \/>\n<script type=\"application\/ld+json\" class=\"yoast-schema-graph\">{\"@context\":\"https:\\\/\\\/schema.org\",\"@graph\":[{\"@type\":\"Article\",\"@id\":\"https:\\\/\\\/cvinoticias.com\\\/v3\\\/misiones-despierta-el-interes-de-hyundai\\\/#article\",\"isPartOf\":{\"@id\":\"https:\\\/\\\/cvinoticias.com\\\/v3\\\/misiones-despierta-el-interes-de-hyundai\\\/\"},\"author\":{\"name\":\"f1000024\",\"@id\":\"https:\\\/\\\/cvinoticias.com\\\/v3\\\/#\\\/schema\\\/person\\\/2db77e3c6bc03c538495d7b2b8be9b66\"},\"headline\":\"Misiones despierta el inter\u00e9s de Hyundai\",\"datePublished\":\"2022-05-17T18:51:44+00:00\",\"mainEntityOfPage\":{\"@id\":\"https:\\\/\\\/cvinoticias.com\\\/v3\\\/misiones-despierta-el-interes-de-hyundai\\\/\"},\"wordCount\":379,\"commentCount\":0,\"publisher\":{\"@id\":\"https:\\\/\\\/cvinoticias.com\\\/v3\\\/#organization\"},\"image\":{\"@id\":\"https:\\\/\\\/cvinoticias.com\\\/v3\\\/misiones-despierta-el-interes-de-hyundai\\\/#primaryimage\"},\"thumbnailUrl\":\"https:\\\/\\\/cvinoticias.com\\\/wp-content\\\/uploads\\\/2022\\\/05\\\/IMG-20220516-WA0076.jpg\",\"articleSection\":[\"Internacionales\"],\"inLanguage\":\"es\",\"potentialAction\":[{\"@type\":\"CommentAction\",\"name\":\"Comment\",\"target\":[\"https:\\\/\\\/cvinoticias.com\\\/v3\\\/misiones-despierta-el-interes-de-hyundai\\\/#respond\"]}]},{\"@type\":\"WebPage\",\"@id\":\"https:\\\/\\\/cvinoticias.com\\\/v3\\\/misiones-despierta-el-interes-de-hyundai\\\/\",\"url\":\"https:\\\/\\\/cvinoticias.com\\\/v3\\\/misiones-despierta-el-interes-de-hyundai\\\/\",\"name\":\"Misiones despierta el inter\u00e9s de Hyundai | CVI NOTICIAS\",\"isPartOf\":{\"@id\":\"https:\\\/\\\/cvinoticias.com\\\/v3\\\/#website\"},\"primaryImageOfPage\":{\"@id\":\"https:\\\/\\\/cvinoticias.com\\\/v3\\\/misiones-despierta-el-interes-de-hyundai\\\/#primaryimage\"},\"image\":{\"@id\":\"https:\\\/\\\/cvinoticias.com\\\/v3\\\/misiones-despierta-el-interes-de-hyundai\\\/#primaryimage\"},\"thumbnailUrl\":\"https:\\\/\\\/cvinoticias.com\\\/wp-content\\\/uploads\\\/2022\\\/05\\\/IMG-20220516-WA0076.jpg\",\"datePublished\":\"2022-05-17T18:51:44+00:00\",\"breadcrumb\":{\"@id\":\"https:\\\/\\\/cvinoticias.com\\\/v3\\\/misiones-despierta-el-interes-de-hyundai\\\/#breadcrumb\"},\"inLanguage\":\"es\",\"potentialAction\":[{\"@type\":\"ReadAction\",\"target\":[\"https:\\\/\\\/cvinoticias.com\\\/v3\\\/misiones-despierta-el-interes-de-hyundai\\\/\"]}]},{\"@type\":\"ImageObject\",\"inLanguage\":\"es\",\"@id\":\"https:\\\/\\\/cvinoticias.com\\\/v3\\\/misiones-despierta-el-interes-de-hyundai\\\/#primaryimage\",\"url\":\"https:\\\/\\\/cvinoticias.com\\\/wp-content\\\/uploads\\\/2022\\\/05\\\/IMG-20220516-WA0076.jpg\",\"contentUrl\":\"https:\\\/\\\/cvinoticias.com\\\/wp-content\\\/uploads\\\/2022\\\/05\\\/IMG-20220516-WA0076.jpg\",\"width\":1024,\"height\":1024},{\"@type\":\"BreadcrumbList\",\"@id\":\"https:\\\/\\\/cvinoticias.com\\\/v3\\\/misiones-despierta-el-interes-de-hyundai\\\/#breadcrumb\",\"itemListElement\":[{\"@type\":\"ListItem\",\"position\":1,\"name\":\"Portada\",\"item\":\"https:\\\/\\\/cvinoticias.com\\\/v3\\\/\"},{\"@type\":\"ListItem\",\"position\":2,\"name\":\"Misiones despierta el inter\u00e9s de Hyundai\"}]},{\"@type\":\"WebSite\",\"@id\":\"https:\\\/\\\/cvinoticias.com\\\/v3\\\/#website\",\"url\":\"https:\\\/\\\/cvinoticias.com\\\/v3\\\/\",\"name\":\"CVI NOTICIAS\",\"description\":\"\",\"publisher\":{\"@id\":\"https:\\\/\\\/cvinoticias.com\\\/v3\\\/#organization\"},\"alternateName\":\"CVI\",\"potentialAction\":[{\"@type\":\"SearchAction\",\"target\":{\"@type\":\"EntryPoint\",\"urlTemplate\":\"https:\\\/\\\/cvinoticias.com\\\/v3\\\/?s={search_term_string}\"},\"query-input\":{\"@type\":\"PropertyValueSpecification\",\"valueRequired\":true,\"valueName\":\"search_term_string\"}}],\"inLanguage\":\"es\"},{\"@type\":\"Organization\",\"@id\":\"https:\\\/\\\/cvinoticias.com\\\/v3\\\/#organization\",\"name\":\"CVI NOTICIAS\",\"url\":\"https:\\\/\\\/cvinoticias.com\\\/v3\\\/\",\"logo\":{\"@type\":\"ImageObject\",\"inLanguage\":\"es\",\"@id\":\"https:\\\/\\\/cvinoticias.com\\\/v3\\\/#\\\/schema\\\/logo\\\/image\\\/\",\"url\":\"https:\\\/\\\/cvinoticias.com\\\/wp-content\\\/uploads\\\/2023\\\/04\\\/cropped-cropped-cropped-cropped-cropped-3-1.png\",\"contentUrl\":\"https:\\\/\\\/cvinoticias.com\\\/wp-content\\\/uploads\\\/2023\\\/04\\\/cropped-cropped-cropped-cropped-cropped-3-1.png\",\"width\":95,\"height\":122,\"caption\":\"CVI NOTICIAS\"},\"image\":{\"@id\":\"https:\\\/\\\/cvinoticias.com\\\/v3\\\/#\\\/schema\\\/logo\\\/image\\\/\"},\"sameAs\":[\"https:\\\/\\\/www.facebook.com\\\/cvinoticias\",\"https:\\\/\\\/www.instagram.com\\\/cvinoticias\\\/\",\"https:\\\/\\\/www.youtube.com\\\/@CVINOTICIAS\"]},{\"@type\":\"Person\",\"@id\":\"https:\\\/\\\/cvinoticias.com\\\/v3\\\/#\\\/schema\\\/person\\\/2db77e3c6bc03c538495d7b2b8be9b66\",\"name\":\"f1000024\",\"image\":{\"@type\":\"ImageObject\",\"inLanguage\":\"es\",\"@id\":\"https:\\\/\\\/secure.gravatar.com\\\/avatar\\\/d4fe7459cfc51ff5129ce1a732bbef5928568b8092d412ef95611616376bbeed?s=96&d=mm&r=g\",\"url\":\"https:\\\/\\\/secure.gravatar.com\\\/avatar\\\/d4fe7459cfc51ff5129ce1a732bbef5928568b8092d412ef95611616376bbeed?s=96&d=mm&r=g\",\"contentUrl\":\"https:\\\/\\\/secure.gravatar.com\\\/avatar\\\/d4fe7459cfc51ff5129ce1a732bbef5928568b8092d412ef95611616376bbeed?s=96&d=mm&r=g\",\"caption\":\"f1000024\"},\"url\":\"https:\\\/\\\/cvinoticias.com\\\/v3\\\/author\\\/f1000024\\\/\"}]}<\/script>\n<!-- \/ Yoast SEO plugin. -->","yoast_head_json":{"title":"Misiones despierta el inter\u00e9s de Hyundai | CVI NOTICIAS","robots":{"index":"index","follow":"follow","max-snippet":"max-snippet:-1","max-image-preview":"max-image-preview:large","max-video-preview":"max-video-preview:-1"},"canonical":"https:\/\/cvinoticias.com\/v3\/misiones-despierta-el-interes-de-hyundai\/","og_locale":"es_ES","og_type":"article","og_title":"Misiones despierta el inter\u00e9s de Hyundai | CVI NOTICIAS","og_description":"El Gobernador particip\u00f3 en San Pablo de reuniones con distintas empresas que buscan invertir en la provincia. Entre ellas se encuentra la automotriz coreana, cuyo inter\u00e9s por Misiones data de hace varios a\u00f1os. Los directivos de la compa\u00f1\u00eda valoran positivamente las condiciones que presenta la tierra colorada en cuanto a formaci\u00f3n profesional. Oscar Herrera Ahuad [&hellip;]","og_url":"https:\/\/cvinoticias.com\/v3\/misiones-despierta-el-interes-de-hyundai\/","og_site_name":"CVI NOTICIAS","article_publisher":"https:\/\/www.facebook.com\/cvinoticias","article_published_time":"2022-05-17T18:51:44+00:00","og_image":[{"width":1024,"height":1024,"url":"https:\/\/cvinoticias.com\/wp-content\/uploads\/2022\/05\/IMG-20220516-WA0076.jpg","type":"image\/jpeg"}],"author":"f1000024","twitter_card":"summary_large_image","twitter_misc":{"Escrito por":"f1000024","Tiempo de lectura":"2 minutos"},"schema":{"@context":"https:\/\/schema.org","@graph":[{"@type":"Article","@id":"https:\/\/cvinoticias.com\/v3\/misiones-despierta-el-interes-de-hyundai\/#article","isPartOf":{"@id":"https:\/\/cvinoticias.com\/v3\/misiones-despierta-el-interes-de-hyundai\/"},"author":{"name":"f1000024","@id":"https:\/\/cvinoticias.com\/v3\/#\/schema\/person\/2db77e3c6bc03c538495d7b2b8be9b66"},"headline":"Misiones despierta el inter\u00e9s de Hyundai","datePublished":"2022-05-17T18:51:44+00:00","mainEntityOfPage":{"@id":"https:\/\/cvinoticias.com\/v3\/misiones-despierta-el-interes-de-hyundai\/"},"wordCount":379,"commentCount":0,"publisher":{"@id":"https:\/\/cvinoticias.com\/v3\/#organization"},"image":{"@id":"https:\/\/cvinoticias.com\/v3\/misiones-despierta-el-interes-de-hyundai\/#primaryimage"},"thumbnailUrl":"https:\/\/cvinoticias.com\/wp-content\/uploads\/2022\/05\/IMG-20220516-WA0076.jpg","articleSection":["Internacionales"],"inLanguage":"es","potentialAction":[{"@type":"CommentAction","name":"Comment","target":["https:\/\/cvinoticias.com\/v3\/misiones-despierta-el-interes-de-hyundai\/#respond"]}]},{"@type":"WebPage","@id":"https:\/\/cvinoticias.com\/v3\/misiones-despierta-el-interes-de-hyundai\/","url":"https:\/\/cvinoticias.com\/v3\/misiones-despierta-el-interes-de-hyundai\/","name":"Misiones despierta el inter\u00e9s de Hyundai | CVI NOTICIAS","isPartOf":{"@id":"https:\/\/cvinoticias.com\/v3\/#website"},"primaryImageOfPage":{"@id":"https:\/\/cvinoticias.com\/v3\/misiones-despierta-el-interes-de-hyundai\/#primaryimage"},"image":{"@id":"https:\/\/cvinoticias.com\/v3\/misiones-despierta-el-interes-de-hyundai\/#primaryimage"},"thumbnailUrl":"https:\/\/cvinoticias.com\/wp-content\/uploads\/2022\/05\/IMG-20220516-WA0076.jpg","datePublished":"2022-05-17T18:51:44+00:00","breadcrumb":{"@id":"https:\/\/cvinoticias.com\/v3\/misiones-despierta-el-interes-de-hyundai\/#breadcrumb"},"inLanguage":"es","potentialAction":[{"@type":"ReadAction","target":["https:\/\/cvinoticias.com\/v3\/misiones-despierta-el-interes-de-hyundai\/"]}]},{"@type":"ImageObject","inLanguage":"es","@id":"https:\/\/cvinoticias.com\/v3\/misiones-despierta-el-interes-de-hyundai\/#primaryimage","url":"https:\/\/cvinoticias.com\/wp-content\/uploads\/2022\/05\/IMG-20220516-WA0076.jpg","contentUrl":"https:\/\/cvinoticias.com\/wp-content\/uploads\/2022\/05\/IMG-20220516-WA0076.jpg","width":1024,"height":1024},{"@type":"BreadcrumbList","@id":"https:\/\/cvinoticias.com\/v3\/misiones-despierta-el-interes-de-hyundai\/#breadcrumb","itemListElement":[{"@type":"ListItem","position":1,"name":"Portada","item":"https:\/\/cvinoticias.com\/v3\/"},{"@type":"ListItem","position":2,"name":"Misiones despierta el inter\u00e9s de Hyundai"}]},{"@type":"WebSite","@id":"https:\/\/cvinoticias.com\/v3\/#website","url":"https:\/\/cvinoticias.com\/v3\/","name":"CVI NOTICIAS","description":"","publisher":{"@id":"https:\/\/cvinoticias.com\/v3\/#organization"},"alternateName":"CVI","potentialAction":[{"@type":"SearchAction","target":{"@type":"EntryPoint","urlTemplate":"https:\/\/cvinoticias.com\/v3\/?s={search_term_string}"},"query-input":{"@type":"PropertyValueSpecification","valueRequired":true,"valueName":"search_term_string"}}],"inLanguage":"es"},{"@type":"Organization","@id":"https:\/\/cvinoticias.com\/v3\/#organization","name":"CVI NOTICIAS","url":"https:\/\/cvinoticias.com\/v3\/","logo":{"@type":"ImageObject","inLanguage":"es","@id":"https:\/\/cvinoticias.com\/v3\/#\/schema\/logo\/image\/","url":"https:\/\/cvinoticias.com\/wp-content\/uploads\/2023\/04\/cropped-cropped-cropped-cropped-cropped-3-1.png","contentUrl":"https:\/\/cvinoticias.com\/wp-content\/uploads\/2023\/04\/cropped-cropped-cropped-cropped-cropped-3-1.png","width":95,"height":122,"caption":"CVI NOTICIAS"},"image":{"@id":"https:\/\/cvinoticias.com\/v3\/#\/schema\/logo\/image\/"},"sameAs":["https:\/\/www.facebook.com\/cvinoticias","https:\/\/www.instagram.com\/cvinoticias\/","https:\/\/www.youtube.com\/@CVINOTICIAS"]},{"@type":"Person","@id":"https:\/\/cvinoticias.com\/v3\/#\/schema\/person\/2db77e3c6bc03c538495d7b2b8be9b66","name":"f1000024","image":{"@type":"ImageObject","inLanguage":"es","@id":"https:\/\/secure.gravatar.com\/avatar\/d4fe7459cfc51ff5129ce1a732bbef5928568b8092d412ef95611616376bbeed?s=96&d=mm&r=g","url":"https:\/\/secure.gravatar.com\/avatar\/d4fe7459cfc51ff5129ce1a732bbef5928568b8092d412ef95611616376bbeed?s=96&d=mm&r=g","contentUrl":"https:\/\/secure.gravatar.com\/avatar\/d4fe7459cfc51ff5129ce1a732bbef5928568b8092d412ef95611616376bbeed?s=96&d=mm&r=g","caption":"f1000024"},"url":"https:\/\/cvinoticias.com\/v3\/author\/f1000024\/"}]}},"_links":{"self":[{"href":"https:\/\/cvinoticias.com\/v3\/wp-json\/wp\/v2\/posts\/15832","targetHints":{"allow":["GET"]}}],"collection":[{"href":"https:\/\/cvinoticias.com\/v3\/wp-json\/wp\/v2\/posts"}],"about":[{"href":"https:\/\/cvinoticias.com\/v3\/wp-json\/wp\/v2\/types\/post"}],"author":[{"embeddable":true,"href":"https:\/\/cvinoticias.com\/v3\/wp-json\/wp\/v2\/users\/2"}],"replies":[{"embeddable":true,"href":"https:\/\/cvinoticias.com\/v3\/wp-json\/wp\/v2\/comments?post=15832"}],"version-history":[{"count":1,"href":"https:\/\/cvinoticias.com\/v3\/wp-json\/wp\/v2\/posts\/15832\/revisions"}],"predecessor-version":[{"id":15834,"href":"https:\/\/cvinoticias.com\/v3\/wp-json\/wp\/v2\/posts\/15832\/revisions\/15834"}],"wp:featuredmedia":[{"embeddable":true,"href":"https:\/\/cvinoticias.com\/v3\/wp-json\/wp\/v2\/media\/15833"}],"wp:attachment":[{"href":"https:\/\/cvinoticias.com\/v3\/wp-json\/wp\/v2\/media?parent=15832"}],"wp:term":[{"taxonomy":"category","embeddable":true,"href":"https:\/\/cvinoticias.com\/v3\/wp-json\/wp\/v2\/categories?post=15832"},{"taxonomy":"post_tag","embeddable":true,"href":"https:\/\/cvinoticias.com\/v3\/wp-json\/wp\/v2\/tags?post=15832"}],"curies":[{"name":"wp","href":"https:\/\/api.w.org\/{rel}","templated":true}]}}