{"id":15824,"date":"2022-05-17T17:12:54","date_gmt":"2022-05-17T17:12:54","guid":{"rendered":"https:\/\/cvinoticias.com\/v3\/?p=15824"},"modified":"2022-05-17T17:12:54","modified_gmt":"2022-05-17T17:12:54","slug":"aumento-un-45-la-demanda-para-acceder-a-las-residencias-estudiantiles","status":"publish","type":"post","link":"https:\/\/cvinoticias.com\/v3\/aumento-un-45-la-demanda-para-acceder-a-las-residencias-estudiantiles\/","title":{"rendered":"Aument\u00f3 un 45% la demanda para acceder a las residencias estudiantiles"},"content":{"rendered":"\n<p><strong><em>El Lic. Pablo N\u00fa\u00f1ez, Subsecretario de la Juventud dependiente del Ministerio de Desarrollo Social, la Mujer y la Juventud de Misiones explica el beneficio de contar con el Programa de Residencias estudiantiles \u201cLas residencias estudiantiles son cinco. Tres funcionan en Posadas, una en Ober\u00e1 y otra en Corrientes capital\u201d. Luego especifica \u201cEn Posadas hay una residencia solo para chicas. El resto son mixtas. Una funciona en Miguel Lan\u00fas con alrededor de 60 estudiantes y en Villa Sarita son 40 chicas\u201d.<\/em><\/strong><\/p>\n\n\n\n<p>Respecto a las carreras que los beneficiados eligen se\u00f1ala \u201cMayormente eligen profesorados. De historia, geograf\u00eda. Hay muchos en enfermer\u00eda y en contador p\u00fablico\u201d.<br>Sobre el impacto que implica acceder a la residencia \u201cLos chicos agradecen este beneficio porque si no, no hubieran podido estudiar\u201d. La posibilidad de contar con un hogar hace que j\u00f3venes de la provincia puedan formarse y sentirse acompa\u00f1ados por otros estudiantes que se encuentran en igualdad de condiciones.<\/p>\n\n\n\n<p>El 4 de marzo de 2022 se hizo la apertura de la Residencia Estudiantil Universitaria \u201cVilla Sarita\u201d. Es la tercera que se habilita en la ciudad de Posadas. Ariel Ru\u00edz es el Jefe del Departamento del Programa Residencias Estudiantiles. \u201cLos lugares de residencia se distribuyen teniendo en cuenta la cercan\u00edas de la unidad acad\u00e9mica. En el caso especifico de la residencia recientemente inaugurada en villa Sarita, se trata de una residencia solamente para chicas que estudian en instituciones que se ubican en el centro\u201d.<\/p>\n\n\n\n<p>El programa es reconocido a nivel provincial y ha permitido a lo largo de los a\u00f1os que estudiantes misiones puedan acceder a una profesi\u00f3n \u201cLa demanda por un lugar en las residencias iba aumentando un 20% cada a\u00f1o. Este a\u00f1o la demanda aument\u00f3 a 45 %\u201d.<\/p>\n\n\n\n<p><strong>El efecto de la pandemia<\/strong><\/p>\n\n\n\n<p>Ru\u00edz relata c\u00f3mo se vivi\u00f3 la pandemia en las residencias y cu\u00e1les fueron las medidas que debieron tomarse para proteger a los alumnos. Dada la situaci\u00f3n especial que atraves\u00e1bamos como sociedad siempre se les record\u00f3 \u201cque no perd\u00edan su lugar en el albergue\u201d. Fueron a\u00f1os de incertidumbre social y de desaf\u00edos pues hab\u00eda que adaptarse a la nueva realidad \u201cDebido a la pandemia el n\u00famero de egresados disminuy\u00f3 porque los estudiantes debieron volver a sus casas y no siempre se contaba con buena conectividad. Por la pandemia no pudieron realizar sus pasant\u00edas, redactar sus tesis e incluso tomar sus clases virtuales\u201d. Sin embargo se realizaron esfuerzos para continuar adapt\u00e1ndose a las normas sanitarias \u201cCuando se volvi\u00f3 a la presencialidad, se volvi\u00f3 al albergue respetando los protocolos de seguridad\u201d.<\/p>\n\n\n\n<p>Como en todo hogar se cuenta con normas de convivencia \u201cNosotros tenemos un reglamento formal para todos los albergues. En nuestra gesti\u00f3n notamos que era necesario actualizarlo, se hizo una propuesta de modificaci\u00f3n y en el 2017 se lo modific\u00f3\u201d Gracias a ello, se contemplan ciertas excepciones relacionadas con la edad. Finalmente explica c\u00f3mo funciona el albergue que se encuentre en la provincia vecina \u201cEn el albergue que se ubica en Corrientes capital se priorizan carreras que no pueden estudiarse en Misiones.\u201d<\/p>\n\n\n\n<p><strong>Ampliar los beneficios<\/strong><\/p>\n\n\n\n<p>Ariel Ru\u00edz se\u00f1ala que el Programa se modific\u00f3 \u201cAntes eran solo carreras p\u00fablicas. Hoy en d\u00eda, se accede a carreras semi p\u00fablicas\u201d A modo de ejemplo cuenta el caso de un estudiante del Profesorado en Educaci\u00f3n F\u00edsica. Asimismo recuerda que el trabajo en conjunto con los municipios es primordial \u201cAl principio solo hab\u00eda 26 municipios con los que trabaj\u00e1bamos en forma conjunta. Ahora son 62 municipios\u201d.<br>Cuando los alumnos egresan se realiza un acto formal y se le otorga un certificado. El acompa\u00f1amiento contin\u00faa presente \u201cSe trabaja con los municipios para que se les d\u00e9 una mano, para establecer contactos y que puedan abrirse paso en el mundo laboral\u201d<\/p>\n\n\n\n<p><strong>C\u00f3mo se accede al beneficio<\/strong><\/p>\n\n\n\n<p>Pablo N\u00fa\u00f1ez explica \u201cPor lo general se trabaja con los municipios. El alumno solicita el otorgamiento de la beca de albergues y despu\u00e9s se realiza una evaluaci\u00f3n socioecon\u00f3mica para beneficiar a quienes realmente lo necesitan. Luego se le pedir\u00e1 el t\u00edtulo secundario, el anal\u00edtico y el DNI\u201d. Quienes quieran conocer cu\u00e1les son los requisitos para participar del programa pueden acceder a:<br>www.desarrollosocial.misiones.gob.ar\/residencias-estudiantiles\/<\/p>\n\n\n\n<figure class=\"wp-block-image size-large\"><a href=\"https:\/\/cvinoticias.com\/wp-content\/uploads\/2022\/05\/IMG-20220517-WA0035.jpg\"><img decoding=\"async\" width=\"576\" height=\"1024\" data-src=\"https:\/\/cvinoticias.com\/wp-content\/uploads\/2022\/05\/IMG-20220517-WA0035-576x1024.jpg\" alt=\"\" class=\"wp-image-15825 lazyload\" data-srcset=\"https:\/\/cvinoticias.com\/wp-content\/uploads\/2022\/05\/IMG-20220517-WA0035-576x1024.jpg 576w, https:\/\/cvinoticias.com\/wp-content\/uploads\/2022\/05\/IMG-20220517-WA0035-169x300.jpg 169w, https:\/\/cvinoticias.com\/wp-content\/uploads\/2022\/05\/IMG-20220517-WA0035.jpg 720w\" data-sizes=\"(max-width: 576px) 100vw, 576px\" src=\"data:image\/svg+xml;base64,PHN2ZyB3aWR0aD0iMSIgaGVpZ2h0PSIxIiB4bWxucz0iaHR0cDovL3d3dy53My5vcmcvMjAwMC9zdmciPjwvc3ZnPg==\" style=\"--smush-placeholder-width: 576px; --smush-placeholder-aspect-ratio: 576\/1024;\" \/><\/a><\/figure>\n","protected":false},"excerpt":{"rendered":"<p>El Lic. Pablo N\u00fa\u00f1ez, Subsecretario de la Juventud dependiente del Ministerio de Desarrollo Social, la Mujer y la Juventud de Misiones explica el beneficio de contar con el Programa de Residencias estudiantiles \u201cLas residencias estudiantiles son cinco. Tres funcionan en Posadas, una en Ober\u00e1 y otra en Corrientes capital\u201d. Luego especifica \u201cEn Posadas hay una [&hellip;]<\/p>\n","protected":false},"author":2,"featured_media":15826,"comment_status":"open","ping_status":"open","sticky":false,"template":"","format":"standard","meta":{"footnotes":""},"categories":[26],"tags":[],"class_list":["post-15824","post","type-post","status-publish","format-standard","has-post-thumbnail","hentry","category-educacion"],"yoast_head":"<!-- This site is optimized with the Yoast SEO plugin v27.5 - https:\/\/yoast.com\/product\/yoast-seo-wordpress\/ -->\n<title>Aument\u00f3 un 45% la demanda para acceder a las residencias estudiantiles | CVI NOTICIAS<\/title>\n<meta name=\"robots\" content=\"index, follow, max-snippet:-1, max-image-preview:large, max-video-preview:-1\" \/>\n<link rel=\"canonical\" href=\"https:\/\/cvinoticias.com\/v3\/aumento-un-45-la-demanda-para-acceder-a-las-residencias-estudiantiles\/\" \/>\n<meta property=\"og:locale\" content=\"es_ES\" \/>\n<meta property=\"og:type\" content=\"article\" \/>\n<meta property=\"og:title\" content=\"Aument\u00f3 un 45% la demanda para acceder a las residencias estudiantiles | CVI NOTICIAS\" \/>\n<meta property=\"og:description\" content=\"El Lic. Pablo N\u00fa\u00f1ez, Subsecretario de la Juventud dependiente del Ministerio de Desarrollo Social, la Mujer y la Juventud de Misiones explica el beneficio de contar con el Programa de Residencias estudiantiles \u201cLas residencias estudiantiles son cinco. Tres funcionan en Posadas, una en Ober\u00e1 y otra en Corrientes capital\u201d. Luego especifica \u201cEn Posadas hay una [&hellip;]\" \/>\n<meta property=\"og:url\" content=\"https:\/\/cvinoticias.com\/v3\/aumento-un-45-la-demanda-para-acceder-a-las-residencias-estudiantiles\/\" \/>\n<meta property=\"og:site_name\" content=\"CVI NOTICIAS\" \/>\n<meta property=\"article:publisher\" content=\"https:\/\/www.facebook.com\/cvinoticias\" \/>\n<meta property=\"article:published_time\" content=\"2022-05-17T17:12:54+00:00\" \/>\n<meta property=\"og:image\" content=\"https:\/\/cvinoticias.com\/wp-content\/uploads\/2022\/05\/IMG-20220517-WA0036.jpg\" \/>\n\t<meta property=\"og:image:width\" content=\"720\" \/>\n\t<meta property=\"og:image:height\" content=\"1280\" \/>\n\t<meta property=\"og:image:type\" content=\"image\/jpeg\" \/>\n<meta name=\"author\" content=\"f1000024\" \/>\n<meta name=\"twitter:card\" content=\"summary_large_image\" \/>\n<meta name=\"twitter:label1\" content=\"Escrito por\" \/>\n\t<meta name=\"twitter:data1\" content=\"f1000024\" \/>\n\t<meta name=\"twitter:label2\" content=\"Tiempo de lectura\" \/>\n\t<meta name=\"twitter:data2\" content=\"4 minutos\" \/>\n<script type=\"application\/ld+json\" class=\"yoast-schema-graph\">{\"@context\":\"https:\\\/\\\/schema.org\",\"@graph\":[{\"@type\":\"Article\",\"@id\":\"https:\\\/\\\/cvinoticias.com\\\/v3\\\/aumento-un-45-la-demanda-para-acceder-a-las-residencias-estudiantiles\\\/#article\",\"isPartOf\":{\"@id\":\"https:\\\/\\\/cvinoticias.com\\\/v3\\\/aumento-un-45-la-demanda-para-acceder-a-las-residencias-estudiantiles\\\/\"},\"author\":{\"name\":\"f1000024\",\"@id\":\"https:\\\/\\\/cvinoticias.com\\\/v3\\\/#\\\/schema\\\/person\\\/2db77e3c6bc03c538495d7b2b8be9b66\"},\"headline\":\"Aument\u00f3 un 45% la demanda para acceder a las residencias estudiantiles\",\"datePublished\":\"2022-05-17T17:12:54+00:00\",\"mainEntityOfPage\":{\"@id\":\"https:\\\/\\\/cvinoticias.com\\\/v3\\\/aumento-un-45-la-demanda-para-acceder-a-las-residencias-estudiantiles\\\/\"},\"wordCount\":730,\"commentCount\":0,\"publisher\":{\"@id\":\"https:\\\/\\\/cvinoticias.com\\\/v3\\\/#organization\"},\"image\":{\"@id\":\"https:\\\/\\\/cvinoticias.com\\\/v3\\\/aumento-un-45-la-demanda-para-acceder-a-las-residencias-estudiantiles\\\/#primaryimage\"},\"thumbnailUrl\":\"https:\\\/\\\/cvinoticias.com\\\/wp-content\\\/uploads\\\/2022\\\/05\\\/IMG-20220517-WA0036.jpg\",\"articleSection\":[\"Educacion\"],\"inLanguage\":\"es\",\"potentialAction\":[{\"@type\":\"CommentAction\",\"name\":\"Comment\",\"target\":[\"https:\\\/\\\/cvinoticias.com\\\/v3\\\/aumento-un-45-la-demanda-para-acceder-a-las-residencias-estudiantiles\\\/#respond\"]}]},{\"@type\":\"WebPage\",\"@id\":\"https:\\\/\\\/cvinoticias.com\\\/v3\\\/aumento-un-45-la-demanda-para-acceder-a-las-residencias-estudiantiles\\\/\",\"url\":\"https:\\\/\\\/cvinoticias.com\\\/v3\\\/aumento-un-45-la-demanda-para-acceder-a-las-residencias-estudiantiles\\\/\",\"name\":\"Aument\u00f3 un 45% la demanda para acceder a las residencias estudiantiles | CVI NOTICIAS\",\"isPartOf\":{\"@id\":\"https:\\\/\\\/cvinoticias.com\\\/v3\\\/#website\"},\"primaryImageOfPage\":{\"@id\":\"https:\\\/\\\/cvinoticias.com\\\/v3\\\/aumento-un-45-la-demanda-para-acceder-a-las-residencias-estudiantiles\\\/#primaryimage\"},\"image\":{\"@id\":\"https:\\\/\\\/cvinoticias.com\\\/v3\\\/aumento-un-45-la-demanda-para-acceder-a-las-residencias-estudiantiles\\\/#primaryimage\"},\"thumbnailUrl\":\"https:\\\/\\\/cvinoticias.com\\\/wp-content\\\/uploads\\\/2022\\\/05\\\/IMG-20220517-WA0036.jpg\",\"datePublished\":\"2022-05-17T17:12:54+00:00\",\"breadcrumb\":{\"@id\":\"https:\\\/\\\/cvinoticias.com\\\/v3\\\/aumento-un-45-la-demanda-para-acceder-a-las-residencias-estudiantiles\\\/#breadcrumb\"},\"inLanguage\":\"es\",\"potentialAction\":[{\"@type\":\"ReadAction\",\"target\":[\"https:\\\/\\\/cvinoticias.com\\\/v3\\\/aumento-un-45-la-demanda-para-acceder-a-las-residencias-estudiantiles\\\/\"]}]},{\"@type\":\"ImageObject\",\"inLanguage\":\"es\",\"@id\":\"https:\\\/\\\/cvinoticias.com\\\/v3\\\/aumento-un-45-la-demanda-para-acceder-a-las-residencias-estudiantiles\\\/#primaryimage\",\"url\":\"https:\\\/\\\/cvinoticias.com\\\/wp-content\\\/uploads\\\/2022\\\/05\\\/IMG-20220517-WA0036.jpg\",\"contentUrl\":\"https:\\\/\\\/cvinoticias.com\\\/wp-content\\\/uploads\\\/2022\\\/05\\\/IMG-20220517-WA0036.jpg\",\"width\":720,\"height\":1280},{\"@type\":\"BreadcrumbList\",\"@id\":\"https:\\\/\\\/cvinoticias.com\\\/v3\\\/aumento-un-45-la-demanda-para-acceder-a-las-residencias-estudiantiles\\\/#breadcrumb\",\"itemListElement\":[{\"@type\":\"ListItem\",\"position\":1,\"name\":\"Portada\",\"item\":\"https:\\\/\\\/cvinoticias.com\\\/v3\\\/\"},{\"@type\":\"ListItem\",\"position\":2,\"name\":\"Aument\u00f3 un 45% la demanda para acceder a las residencias estudiantiles\"}]},{\"@type\":\"WebSite\",\"@id\":\"https:\\\/\\\/cvinoticias.com\\\/v3\\\/#website\",\"url\":\"https:\\\/\\\/cvinoticias.com\\\/v3\\\/\",\"name\":\"CVI NOTICIAS\",\"description\":\"\",\"publisher\":{\"@id\":\"https:\\\/\\\/cvinoticias.com\\\/v3\\\/#organization\"},\"alternateName\":\"CVI\",\"potentialAction\":[{\"@type\":\"SearchAction\",\"target\":{\"@type\":\"EntryPoint\",\"urlTemplate\":\"https:\\\/\\\/cvinoticias.com\\\/v3\\\/?s={search_term_string}\"},\"query-input\":{\"@type\":\"PropertyValueSpecification\",\"valueRequired\":true,\"valueName\":\"search_term_string\"}}],\"inLanguage\":\"es\"},{\"@type\":\"Organization\",\"@id\":\"https:\\\/\\\/cvinoticias.com\\\/v3\\\/#organization\",\"name\":\"CVI NOTICIAS\",\"url\":\"https:\\\/\\\/cvinoticias.com\\\/v3\\\/\",\"logo\":{\"@type\":\"ImageObject\",\"inLanguage\":\"es\",\"@id\":\"https:\\\/\\\/cvinoticias.com\\\/v3\\\/#\\\/schema\\\/logo\\\/image\\\/\",\"url\":\"https:\\\/\\\/cvinoticias.com\\\/wp-content\\\/uploads\\\/2023\\\/04\\\/cropped-cropped-cropped-cropped-cropped-3-1.png\",\"contentUrl\":\"https:\\\/\\\/cvinoticias.com\\\/wp-content\\\/uploads\\\/2023\\\/04\\\/cropped-cropped-cropped-cropped-cropped-3-1.png\",\"width\":95,\"height\":122,\"caption\":\"CVI NOTICIAS\"},\"image\":{\"@id\":\"https:\\\/\\\/cvinoticias.com\\\/v3\\\/#\\\/schema\\\/logo\\\/image\\\/\"},\"sameAs\":[\"https:\\\/\\\/www.facebook.com\\\/cvinoticias\",\"https:\\\/\\\/www.instagram.com\\\/cvinoticias\\\/\",\"https:\\\/\\\/www.youtube.com\\\/@CVINOTICIAS\"]},{\"@type\":\"Person\",\"@id\":\"https:\\\/\\\/cvinoticias.com\\\/v3\\\/#\\\/schema\\\/person\\\/2db77e3c6bc03c538495d7b2b8be9b66\",\"name\":\"f1000024\",\"image\":{\"@type\":\"ImageObject\",\"inLanguage\":\"es\",\"@id\":\"https:\\\/\\\/secure.gravatar.com\\\/avatar\\\/d4fe7459cfc51ff5129ce1a732bbef5928568b8092d412ef95611616376bbeed?s=96&d=mm&r=g\",\"url\":\"https:\\\/\\\/secure.gravatar.com\\\/avatar\\\/d4fe7459cfc51ff5129ce1a732bbef5928568b8092d412ef95611616376bbeed?s=96&d=mm&r=g\",\"contentUrl\":\"https:\\\/\\\/secure.gravatar.com\\\/avatar\\\/d4fe7459cfc51ff5129ce1a732bbef5928568b8092d412ef95611616376bbeed?s=96&d=mm&r=g\",\"caption\":\"f1000024\"},\"url\":\"https:\\\/\\\/cvinoticias.com\\\/v3\\\/author\\\/f1000024\\\/\"}]}<\/script>\n<!-- \/ Yoast SEO plugin. -->","yoast_head_json":{"title":"Aument\u00f3 un 45% la demanda para acceder a las residencias estudiantiles | CVI NOTICIAS","robots":{"index":"index","follow":"follow","max-snippet":"max-snippet:-1","max-image-preview":"max-image-preview:large","max-video-preview":"max-video-preview:-1"},"canonical":"https:\/\/cvinoticias.com\/v3\/aumento-un-45-la-demanda-para-acceder-a-las-residencias-estudiantiles\/","og_locale":"es_ES","og_type":"article","og_title":"Aument\u00f3 un 45% la demanda para acceder a las residencias estudiantiles | CVI NOTICIAS","og_description":"El Lic. Pablo N\u00fa\u00f1ez, Subsecretario de la Juventud dependiente del Ministerio de Desarrollo Social, la Mujer y la Juventud de Misiones explica el beneficio de contar con el Programa de Residencias estudiantiles \u201cLas residencias estudiantiles son cinco. Tres funcionan en Posadas, una en Ober\u00e1 y otra en Corrientes capital\u201d. Luego especifica \u201cEn Posadas hay una [&hellip;]","og_url":"https:\/\/cvinoticias.com\/v3\/aumento-un-45-la-demanda-para-acceder-a-las-residencias-estudiantiles\/","og_site_name":"CVI NOTICIAS","article_publisher":"https:\/\/www.facebook.com\/cvinoticias","article_published_time":"2022-05-17T17:12:54+00:00","og_image":[{"width":720,"height":1280,"url":"https:\/\/cvinoticias.com\/wp-content\/uploads\/2022\/05\/IMG-20220517-WA0036.jpg","type":"image\/jpeg"}],"author":"f1000024","twitter_card":"summary_large_image","twitter_misc":{"Escrito por":"f1000024","Tiempo de lectura":"4 minutos"},"schema":{"@context":"https:\/\/schema.org","@graph":[{"@type":"Article","@id":"https:\/\/cvinoticias.com\/v3\/aumento-un-45-la-demanda-para-acceder-a-las-residencias-estudiantiles\/#article","isPartOf":{"@id":"https:\/\/cvinoticias.com\/v3\/aumento-un-45-la-demanda-para-acceder-a-las-residencias-estudiantiles\/"},"author":{"name":"f1000024","@id":"https:\/\/cvinoticias.com\/v3\/#\/schema\/person\/2db77e3c6bc03c538495d7b2b8be9b66"},"headline":"Aument\u00f3 un 45% la demanda para acceder a las residencias estudiantiles","datePublished":"2022-05-17T17:12:54+00:00","mainEntityOfPage":{"@id":"https:\/\/cvinoticias.com\/v3\/aumento-un-45-la-demanda-para-acceder-a-las-residencias-estudiantiles\/"},"wordCount":730,"commentCount":0,"publisher":{"@id":"https:\/\/cvinoticias.com\/v3\/#organization"},"image":{"@id":"https:\/\/cvinoticias.com\/v3\/aumento-un-45-la-demanda-para-acceder-a-las-residencias-estudiantiles\/#primaryimage"},"thumbnailUrl":"https:\/\/cvinoticias.com\/wp-content\/uploads\/2022\/05\/IMG-20220517-WA0036.jpg","articleSection":["Educacion"],"inLanguage":"es","potentialAction":[{"@type":"CommentAction","name":"Comment","target":["https:\/\/cvinoticias.com\/v3\/aumento-un-45-la-demanda-para-acceder-a-las-residencias-estudiantiles\/#respond"]}]},{"@type":"WebPage","@id":"https:\/\/cvinoticias.com\/v3\/aumento-un-45-la-demanda-para-acceder-a-las-residencias-estudiantiles\/","url":"https:\/\/cvinoticias.com\/v3\/aumento-un-45-la-demanda-para-acceder-a-las-residencias-estudiantiles\/","name":"Aument\u00f3 un 45% la demanda para acceder a las residencias estudiantiles | CVI NOTICIAS","isPartOf":{"@id":"https:\/\/cvinoticias.com\/v3\/#website"},"primaryImageOfPage":{"@id":"https:\/\/cvinoticias.com\/v3\/aumento-un-45-la-demanda-para-acceder-a-las-residencias-estudiantiles\/#primaryimage"},"image":{"@id":"https:\/\/cvinoticias.com\/v3\/aumento-un-45-la-demanda-para-acceder-a-las-residencias-estudiantiles\/#primaryimage"},"thumbnailUrl":"https:\/\/cvinoticias.com\/wp-content\/uploads\/2022\/05\/IMG-20220517-WA0036.jpg","datePublished":"2022-05-17T17:12:54+00:00","breadcrumb":{"@id":"https:\/\/cvinoticias.com\/v3\/aumento-un-45-la-demanda-para-acceder-a-las-residencias-estudiantiles\/#breadcrumb"},"inLanguage":"es","potentialAction":[{"@type":"ReadAction","target":["https:\/\/cvinoticias.com\/v3\/aumento-un-45-la-demanda-para-acceder-a-las-residencias-estudiantiles\/"]}]},{"@type":"ImageObject","inLanguage":"es","@id":"https:\/\/cvinoticias.com\/v3\/aumento-un-45-la-demanda-para-acceder-a-las-residencias-estudiantiles\/#primaryimage","url":"https:\/\/cvinoticias.com\/wp-content\/uploads\/2022\/05\/IMG-20220517-WA0036.jpg","contentUrl":"https:\/\/cvinoticias.com\/wp-content\/uploads\/2022\/05\/IMG-20220517-WA0036.jpg","width":720,"height":1280},{"@type":"BreadcrumbList","@id":"https:\/\/cvinoticias.com\/v3\/aumento-un-45-la-demanda-para-acceder-a-las-residencias-estudiantiles\/#breadcrumb","itemListElement":[{"@type":"ListItem","position":1,"name":"Portada","item":"https:\/\/cvinoticias.com\/v3\/"},{"@type":"ListItem","position":2,"name":"Aument\u00f3 un 45% la demanda para acceder a las residencias estudiantiles"}]},{"@type":"WebSite","@id":"https:\/\/cvinoticias.com\/v3\/#website","url":"https:\/\/cvinoticias.com\/v3\/","name":"CVI NOTICIAS","description":"","publisher":{"@id":"https:\/\/cvinoticias.com\/v3\/#organization"},"alternateName":"CVI","potentialAction":[{"@type":"SearchAction","target":{"@type":"EntryPoint","urlTemplate":"https:\/\/cvinoticias.com\/v3\/?s={search_term_string}"},"query-input":{"@type":"PropertyValueSpecification","valueRequired":true,"valueName":"search_term_string"}}],"inLanguage":"es"},{"@type":"Organization","@id":"https:\/\/cvinoticias.com\/v3\/#organization","name":"CVI NOTICIAS","url":"https:\/\/cvinoticias.com\/v3\/","logo":{"@type":"ImageObject","inLanguage":"es","@id":"https:\/\/cvinoticias.com\/v3\/#\/schema\/logo\/image\/","url":"https:\/\/cvinoticias.com\/wp-content\/uploads\/2023\/04\/cropped-cropped-cropped-cropped-cropped-3-1.png","contentUrl":"https:\/\/cvinoticias.com\/wp-content\/uploads\/2023\/04\/cropped-cropped-cropped-cropped-cropped-3-1.png","width":95,"height":122,"caption":"CVI NOTICIAS"},"image":{"@id":"https:\/\/cvinoticias.com\/v3\/#\/schema\/logo\/image\/"},"sameAs":["https:\/\/www.facebook.com\/cvinoticias","https:\/\/www.instagram.com\/cvinoticias\/","https:\/\/www.youtube.com\/@CVINOTICIAS"]},{"@type":"Person","@id":"https:\/\/cvinoticias.com\/v3\/#\/schema\/person\/2db77e3c6bc03c538495d7b2b8be9b66","name":"f1000024","image":{"@type":"ImageObject","inLanguage":"es","@id":"https:\/\/secure.gravatar.com\/avatar\/d4fe7459cfc51ff5129ce1a732bbef5928568b8092d412ef95611616376bbeed?s=96&d=mm&r=g","url":"https:\/\/secure.gravatar.com\/avatar\/d4fe7459cfc51ff5129ce1a732bbef5928568b8092d412ef95611616376bbeed?s=96&d=mm&r=g","contentUrl":"https:\/\/secure.gravatar.com\/avatar\/d4fe7459cfc51ff5129ce1a732bbef5928568b8092d412ef95611616376bbeed?s=96&d=mm&r=g","caption":"f1000024"},"url":"https:\/\/cvinoticias.com\/v3\/author\/f1000024\/"}]}},"_links":{"self":[{"href":"https:\/\/cvinoticias.com\/v3\/wp-json\/wp\/v2\/posts\/15824","targetHints":{"allow":["GET"]}}],"collection":[{"href":"https:\/\/cvinoticias.com\/v3\/wp-json\/wp\/v2\/posts"}],"about":[{"href":"https:\/\/cvinoticias.com\/v3\/wp-json\/wp\/v2\/types\/post"}],"author":[{"embeddable":true,"href":"https:\/\/cvinoticias.com\/v3\/wp-json\/wp\/v2\/users\/2"}],"replies":[{"embeddable":true,"href":"https:\/\/cvinoticias.com\/v3\/wp-json\/wp\/v2\/comments?post=15824"}],"version-history":[{"count":1,"href":"https:\/\/cvinoticias.com\/v3\/wp-json\/wp\/v2\/posts\/15824\/revisions"}],"predecessor-version":[{"id":15827,"href":"https:\/\/cvinoticias.com\/v3\/wp-json\/wp\/v2\/posts\/15824\/revisions\/15827"}],"wp:featuredmedia":[{"embeddable":true,"href":"https:\/\/cvinoticias.com\/v3\/wp-json\/wp\/v2\/media\/15826"}],"wp:attachment":[{"href":"https:\/\/cvinoticias.com\/v3\/wp-json\/wp\/v2\/media?parent=15824"}],"wp:term":[{"taxonomy":"category","embeddable":true,"href":"https:\/\/cvinoticias.com\/v3\/wp-json\/wp\/v2\/categories?post=15824"},{"taxonomy":"post_tag","embeddable":true,"href":"https:\/\/cvinoticias.com\/v3\/wp-json\/wp\/v2\/tags?post=15824"}],"curies":[{"name":"wp","href":"https:\/\/api.w.org\/{rel}","templated":true}]}}