{"id":15804,"date":"2022-05-17T03:30:15","date_gmt":"2022-05-17T03:30:15","guid":{"rendered":"https:\/\/cvinoticias.com\/v3\/?p=15804"},"modified":"2022-05-17T03:30:15","modified_gmt":"2022-05-17T03:30:15","slug":"aceptaron-donacion-de-alberto-en-la-causa-por-el-festejo-en-olivos","status":"publish","type":"post","link":"https:\/\/cvinoticias.com\/v3\/aceptaron-donacion-de-alberto-en-la-causa-por-el-festejo-en-olivos\/","title":{"rendered":"Aceptaron donaci\u00f3n de Alberto en la causa por el festejo en Olivos"},"content":{"rendered":"\n<p><strong><em>Ahora el acuerdo por $1,6 millones debe ser homologado por el juez federal Lino Mirabelli.<\/em><\/strong><\/p>\n\n\n\n<p>El fiscal federal de San Isidro Fernando Dom\u00ednguez expres\u00f3 ayer su acuerdo con la donaci\u00f3n de 1,6 millones de pesos a una instituci\u00f3n vinculada al \u00e1mbito de la Salud ofrecida por el presidente Alberto Fern\u00e1ndez para que se cierre la causa por la celebraci\u00f3n del cumplea\u00f1os de la primera dama en la Quinta de Olivos, en 2020, cuando las medidas sanitarias dispuestas por la pandemia del coronavirus no lo permit\u00edan. El fiscal present\u00f3 su conformidad ante el juez federal de San Isidro Lino Mirabelli, quien deber\u00e1 decidir si homologa el acuerdo, tras lo cual el presidente tendr\u00e1 10 d\u00edas h\u00e1biles para depositar el dinero en el banco que le sea indicado, informaron fuentes judiciales.<\/p>\n\n\n\n<p>\u201cConsidero razonable la propuesta efectuada en tanto habr\u00e1 de destin\u00e1rsela a la adquisici\u00f3n de recursos para la investigaci\u00f3n cient\u00edfica en materia de salud\u201d, sostuvo Dom\u00ednguez en el dictamen de 11 p\u00e1ginas, en el que adem\u00e1s postul\u00f3 que la donaci\u00f3n fuera destinada a la Administraci\u00f3n Nacional de Laboratorios e Institutos de Salud doctor Carlos G. Malbr\u00e1n.<\/p>\n\n\n\n<p>El acuerdo econ\u00f3mico como v\u00eda de soluci\u00f3n alternativa \u2013que de ser aprobado no ser\u00eda el primero de esta causa- est\u00e1 previsto en el art\u00edculo 59 del c\u00f3digo penal, cuyo inciso 6 establece que se extinguir\u00e1 la acci\u00f3n penal \u201cpor conciliaci\u00f3n o reparaci\u00f3n integral del perjuicio, de conformidad con lo previsto en las leyes procesales correspondientes\u201d. La propuesta en nombre del presidente hab\u00eda sido realizada la semana pasada por sus abogados en esta causa, Marcelo Antonio Sgro y Fabi\u00e1n Musso.<\/p>\n\n\n\n<p>El representante del Ministerio P\u00fablico Fiscal refiri\u00f3 en su dictamen que la propuesta realizada \u201ccubrir\u00eda el precio de un respirador para ser utilizado en m\u00f3dulos de atenci\u00f3n UCI de pacientes con covid-19 m\u00e1s cuatro d\u00edas de internaci\u00f3n en un m\u00f3dulo de atenci\u00f3n UCI con ARM con pacientes con covid-19, o un total de cuarenta d\u00edas de internaci\u00f3n en m\u00f3dulo de atenci\u00f3n UCI con ARM de paciente con covid-19\u201d.<\/p>\n\n\n\n<p>El fiscal remarc\u00f3 en su dictamen que no se juzga la gesti\u00f3n de un gobierno, ni la gesti\u00f3n de la pandemia, sino que se eval\u00faa \u201cuna conducta antinormativa, la responsabilidad personal en el hecho\u201d y plante\u00f3 que el reproche \u201cno es moral, ni \u00e9tico, ni pol\u00edtico\u201d sino que es un \u201creproche jur\u00eddico por un hecho antijur\u00eddico\u201d.<\/p>\n\n\n\n<p>\u201cFrente al derecho penal el doctor Alberto Fern\u00e1ndez no tiene menos derechos que el resto de las personas por ser presidente de la Naci\u00f3n\u201d y se\u00f1al\u00f3 que esa condici\u00f3n no lo inhabilita a avanzar por la v\u00eda de la soluci\u00f3n alternativa de conflictos; algo que ya hicieron otros imputados de este expediente.<\/p>\n\n\n\n<p>En marzo, el juez Mirabelli homolog\u00f3 el primer acuerdo alcanzado por la fiscal\u00eda y una de las imputadas por asistir en 2020 al cumplea\u00f1os de la primera dama Fabiola Ya\u00f1ez en la Quinta de Olivos, la estilista Carolina Marafioti, quien acord\u00f3 donar $200.000 a un hospital de San Fernando y logr\u00f3 as\u00ed su sobreseimiento.<\/p>\n","protected":false},"excerpt":{"rendered":"<p>Ahora el acuerdo por $1,6 millones debe ser homologado por el juez federal Lino Mirabelli. El fiscal federal de San Isidro Fernando Dom\u00ednguez expres\u00f3 ayer su acuerdo con la donaci\u00f3n de 1,6 millones de pesos a una instituci\u00f3n vinculada al \u00e1mbito de la Salud ofrecida por el presidente Alberto Fern\u00e1ndez para que se cierre la [&hellip;]<\/p>\n","protected":false},"author":2,"featured_media":15805,"comment_status":"open","ping_status":"open","sticky":false,"template":"","format":"standard","meta":{"footnotes":""},"categories":[39],"tags":[],"class_list":["post-15804","post","type-post","status-publish","format-standard","has-post-thumbnail","hentry","category-nacionales"],"yoast_head":"<!-- This site is optimized with the Yoast SEO plugin v27.5 - https:\/\/yoast.com\/product\/yoast-seo-wordpress\/ -->\n<title>Aceptaron donaci\u00f3n de Alberto en la causa por el festejo en Olivos | CVI NOTICIAS<\/title>\n<meta name=\"robots\" content=\"index, follow, max-snippet:-1, max-image-preview:large, max-video-preview:-1\" \/>\n<link rel=\"canonical\" href=\"https:\/\/cvinoticias.com\/v3\/aceptaron-donacion-de-alberto-en-la-causa-por-el-festejo-en-olivos\/\" \/>\n<meta property=\"og:locale\" content=\"es_ES\" \/>\n<meta property=\"og:type\" content=\"article\" \/>\n<meta property=\"og:title\" content=\"Aceptaron donaci\u00f3n de Alberto en la causa por el festejo en Olivos | CVI NOTICIAS\" \/>\n<meta property=\"og:description\" content=\"Ahora el acuerdo por $1,6 millones debe ser homologado por el juez federal Lino Mirabelli. El fiscal federal de San Isidro Fernando Dom\u00ednguez expres\u00f3 ayer su acuerdo con la donaci\u00f3n de 1,6 millones de pesos a una instituci\u00f3n vinculada al \u00e1mbito de la Salud ofrecida por el presidente Alberto Fern\u00e1ndez para que se cierre la [&hellip;]\" \/>\n<meta property=\"og:url\" content=\"https:\/\/cvinoticias.com\/v3\/aceptaron-donacion-de-alberto-en-la-causa-por-el-festejo-en-olivos\/\" \/>\n<meta property=\"og:site_name\" content=\"CVI NOTICIAS\" \/>\n<meta property=\"article:publisher\" content=\"https:\/\/www.facebook.com\/cvinoticias\" \/>\n<meta property=\"article:published_time\" content=\"2022-05-17T03:30:15+00:00\" \/>\n<meta property=\"og:image\" content=\"https:\/\/cvinoticias.com\/wp-content\/uploads\/2022\/05\/Screenshot_20220517-002535_Chrome.jpg\" \/>\n\t<meta property=\"og:image:width\" content=\"743\" \/>\n\t<meta property=\"og:image:height\" content=\"446\" \/>\n\t<meta property=\"og:image:type\" content=\"image\/jpeg\" \/>\n<meta name=\"author\" content=\"f1000024\" \/>\n<meta name=\"twitter:card\" content=\"summary_large_image\" \/>\n<meta name=\"twitter:label1\" content=\"Escrito por\" \/>\n\t<meta name=\"twitter:data1\" content=\"f1000024\" \/>\n\t<meta name=\"twitter:label2\" content=\"Tiempo de lectura\" \/>\n\t<meta name=\"twitter:data2\" content=\"3 minutos\" \/>\n<script type=\"application\/ld+json\" class=\"yoast-schema-graph\">{\"@context\":\"https:\\\/\\\/schema.org\",\"@graph\":[{\"@type\":\"Article\",\"@id\":\"https:\\\/\\\/cvinoticias.com\\\/v3\\\/aceptaron-donacion-de-alberto-en-la-causa-por-el-festejo-en-olivos\\\/#article\",\"isPartOf\":{\"@id\":\"https:\\\/\\\/cvinoticias.com\\\/v3\\\/aceptaron-donacion-de-alberto-en-la-causa-por-el-festejo-en-olivos\\\/\"},\"author\":{\"name\":\"f1000024\",\"@id\":\"https:\\\/\\\/cvinoticias.com\\\/v3\\\/#\\\/schema\\\/person\\\/2db77e3c6bc03c538495d7b2b8be9b66\"},\"headline\":\"Aceptaron donaci\u00f3n de Alberto en la causa por el festejo en Olivos\",\"datePublished\":\"2022-05-17T03:30:15+00:00\",\"mainEntityOfPage\":{\"@id\":\"https:\\\/\\\/cvinoticias.com\\\/v3\\\/aceptaron-donacion-de-alberto-en-la-causa-por-el-festejo-en-olivos\\\/\"},\"wordCount\":555,\"commentCount\":0,\"publisher\":{\"@id\":\"https:\\\/\\\/cvinoticias.com\\\/v3\\\/#organization\"},\"image\":{\"@id\":\"https:\\\/\\\/cvinoticias.com\\\/v3\\\/aceptaron-donacion-de-alberto-en-la-causa-por-el-festejo-en-olivos\\\/#primaryimage\"},\"thumbnailUrl\":\"https:\\\/\\\/cvinoticias.com\\\/wp-content\\\/uploads\\\/2022\\\/05\\\/Screenshot_20220517-002535_Chrome.jpg\",\"articleSection\":[\"Nacionales\"],\"inLanguage\":\"es\",\"potentialAction\":[{\"@type\":\"CommentAction\",\"name\":\"Comment\",\"target\":[\"https:\\\/\\\/cvinoticias.com\\\/v3\\\/aceptaron-donacion-de-alberto-en-la-causa-por-el-festejo-en-olivos\\\/#respond\"]}]},{\"@type\":\"WebPage\",\"@id\":\"https:\\\/\\\/cvinoticias.com\\\/v3\\\/aceptaron-donacion-de-alberto-en-la-causa-por-el-festejo-en-olivos\\\/\",\"url\":\"https:\\\/\\\/cvinoticias.com\\\/v3\\\/aceptaron-donacion-de-alberto-en-la-causa-por-el-festejo-en-olivos\\\/\",\"name\":\"Aceptaron donaci\u00f3n de Alberto en la causa por el festejo en Olivos | CVI NOTICIAS\",\"isPartOf\":{\"@id\":\"https:\\\/\\\/cvinoticias.com\\\/v3\\\/#website\"},\"primaryImageOfPage\":{\"@id\":\"https:\\\/\\\/cvinoticias.com\\\/v3\\\/aceptaron-donacion-de-alberto-en-la-causa-por-el-festejo-en-olivos\\\/#primaryimage\"},\"image\":{\"@id\":\"https:\\\/\\\/cvinoticias.com\\\/v3\\\/aceptaron-donacion-de-alberto-en-la-causa-por-el-festejo-en-olivos\\\/#primaryimage\"},\"thumbnailUrl\":\"https:\\\/\\\/cvinoticias.com\\\/wp-content\\\/uploads\\\/2022\\\/05\\\/Screenshot_20220517-002535_Chrome.jpg\",\"datePublished\":\"2022-05-17T03:30:15+00:00\",\"breadcrumb\":{\"@id\":\"https:\\\/\\\/cvinoticias.com\\\/v3\\\/aceptaron-donacion-de-alberto-en-la-causa-por-el-festejo-en-olivos\\\/#breadcrumb\"},\"inLanguage\":\"es\",\"potentialAction\":[{\"@type\":\"ReadAction\",\"target\":[\"https:\\\/\\\/cvinoticias.com\\\/v3\\\/aceptaron-donacion-de-alberto-en-la-causa-por-el-festejo-en-olivos\\\/\"]}]},{\"@type\":\"ImageObject\",\"inLanguage\":\"es\",\"@id\":\"https:\\\/\\\/cvinoticias.com\\\/v3\\\/aceptaron-donacion-de-alberto-en-la-causa-por-el-festejo-en-olivos\\\/#primaryimage\",\"url\":\"https:\\\/\\\/cvinoticias.com\\\/wp-content\\\/uploads\\\/2022\\\/05\\\/Screenshot_20220517-002535_Chrome.jpg\",\"contentUrl\":\"https:\\\/\\\/cvinoticias.com\\\/wp-content\\\/uploads\\\/2022\\\/05\\\/Screenshot_20220517-002535_Chrome.jpg\",\"width\":743,\"height\":446},{\"@type\":\"BreadcrumbList\",\"@id\":\"https:\\\/\\\/cvinoticias.com\\\/v3\\\/aceptaron-donacion-de-alberto-en-la-causa-por-el-festejo-en-olivos\\\/#breadcrumb\",\"itemListElement\":[{\"@type\":\"ListItem\",\"position\":1,\"name\":\"Portada\",\"item\":\"https:\\\/\\\/cvinoticias.com\\\/v3\\\/\"},{\"@type\":\"ListItem\",\"position\":2,\"name\":\"Aceptaron donaci\u00f3n de Alberto en la causa por el festejo en Olivos\"}]},{\"@type\":\"WebSite\",\"@id\":\"https:\\\/\\\/cvinoticias.com\\\/v3\\\/#website\",\"url\":\"https:\\\/\\\/cvinoticias.com\\\/v3\\\/\",\"name\":\"CVI NOTICIAS\",\"description\":\"\",\"publisher\":{\"@id\":\"https:\\\/\\\/cvinoticias.com\\\/v3\\\/#organization\"},\"alternateName\":\"CVI\",\"potentialAction\":[{\"@type\":\"SearchAction\",\"target\":{\"@type\":\"EntryPoint\",\"urlTemplate\":\"https:\\\/\\\/cvinoticias.com\\\/v3\\\/?s={search_term_string}\"},\"query-input\":{\"@type\":\"PropertyValueSpecification\",\"valueRequired\":true,\"valueName\":\"search_term_string\"}}],\"inLanguage\":\"es\"},{\"@type\":\"Organization\",\"@id\":\"https:\\\/\\\/cvinoticias.com\\\/v3\\\/#organization\",\"name\":\"CVI NOTICIAS\",\"url\":\"https:\\\/\\\/cvinoticias.com\\\/v3\\\/\",\"logo\":{\"@type\":\"ImageObject\",\"inLanguage\":\"es\",\"@id\":\"https:\\\/\\\/cvinoticias.com\\\/v3\\\/#\\\/schema\\\/logo\\\/image\\\/\",\"url\":\"https:\\\/\\\/cvinoticias.com\\\/wp-content\\\/uploads\\\/2023\\\/04\\\/cropped-cropped-cropped-cropped-cropped-3-1.png\",\"contentUrl\":\"https:\\\/\\\/cvinoticias.com\\\/wp-content\\\/uploads\\\/2023\\\/04\\\/cropped-cropped-cropped-cropped-cropped-3-1.png\",\"width\":95,\"height\":122,\"caption\":\"CVI NOTICIAS\"},\"image\":{\"@id\":\"https:\\\/\\\/cvinoticias.com\\\/v3\\\/#\\\/schema\\\/logo\\\/image\\\/\"},\"sameAs\":[\"https:\\\/\\\/www.facebook.com\\\/cvinoticias\",\"https:\\\/\\\/www.instagram.com\\\/cvinoticias\\\/\",\"https:\\\/\\\/www.youtube.com\\\/@CVINOTICIAS\"]},{\"@type\":\"Person\",\"@id\":\"https:\\\/\\\/cvinoticias.com\\\/v3\\\/#\\\/schema\\\/person\\\/2db77e3c6bc03c538495d7b2b8be9b66\",\"name\":\"f1000024\",\"image\":{\"@type\":\"ImageObject\",\"inLanguage\":\"es\",\"@id\":\"https:\\\/\\\/secure.gravatar.com\\\/avatar\\\/d4fe7459cfc51ff5129ce1a732bbef5928568b8092d412ef95611616376bbeed?s=96&d=mm&r=g\",\"url\":\"https:\\\/\\\/secure.gravatar.com\\\/avatar\\\/d4fe7459cfc51ff5129ce1a732bbef5928568b8092d412ef95611616376bbeed?s=96&d=mm&r=g\",\"contentUrl\":\"https:\\\/\\\/secure.gravatar.com\\\/avatar\\\/d4fe7459cfc51ff5129ce1a732bbef5928568b8092d412ef95611616376bbeed?s=96&d=mm&r=g\",\"caption\":\"f1000024\"},\"url\":\"https:\\\/\\\/cvinoticias.com\\\/v3\\\/author\\\/f1000024\\\/\"}]}<\/script>\n<!-- \/ Yoast SEO plugin. -->","yoast_head_json":{"title":"Aceptaron donaci\u00f3n de Alberto en la causa por el festejo en Olivos | CVI NOTICIAS","robots":{"index":"index","follow":"follow","max-snippet":"max-snippet:-1","max-image-preview":"max-image-preview:large","max-video-preview":"max-video-preview:-1"},"canonical":"https:\/\/cvinoticias.com\/v3\/aceptaron-donacion-de-alberto-en-la-causa-por-el-festejo-en-olivos\/","og_locale":"es_ES","og_type":"article","og_title":"Aceptaron donaci\u00f3n de Alberto en la causa por el festejo en Olivos | CVI NOTICIAS","og_description":"Ahora el acuerdo por $1,6 millones debe ser homologado por el juez federal Lino Mirabelli. El fiscal federal de San Isidro Fernando Dom\u00ednguez expres\u00f3 ayer su acuerdo con la donaci\u00f3n de 1,6 millones de pesos a una instituci\u00f3n vinculada al \u00e1mbito de la Salud ofrecida por el presidente Alberto Fern\u00e1ndez para que se cierre la [&hellip;]","og_url":"https:\/\/cvinoticias.com\/v3\/aceptaron-donacion-de-alberto-en-la-causa-por-el-festejo-en-olivos\/","og_site_name":"CVI NOTICIAS","article_publisher":"https:\/\/www.facebook.com\/cvinoticias","article_published_time":"2022-05-17T03:30:15+00:00","og_image":[{"width":743,"height":446,"url":"https:\/\/cvinoticias.com\/wp-content\/uploads\/2022\/05\/Screenshot_20220517-002535_Chrome.jpg","type":"image\/jpeg"}],"author":"f1000024","twitter_card":"summary_large_image","twitter_misc":{"Escrito por":"f1000024","Tiempo de lectura":"3 minutos"},"schema":{"@context":"https:\/\/schema.org","@graph":[{"@type":"Article","@id":"https:\/\/cvinoticias.com\/v3\/aceptaron-donacion-de-alberto-en-la-causa-por-el-festejo-en-olivos\/#article","isPartOf":{"@id":"https:\/\/cvinoticias.com\/v3\/aceptaron-donacion-de-alberto-en-la-causa-por-el-festejo-en-olivos\/"},"author":{"name":"f1000024","@id":"https:\/\/cvinoticias.com\/v3\/#\/schema\/person\/2db77e3c6bc03c538495d7b2b8be9b66"},"headline":"Aceptaron donaci\u00f3n de Alberto en la causa por el festejo en Olivos","datePublished":"2022-05-17T03:30:15+00:00","mainEntityOfPage":{"@id":"https:\/\/cvinoticias.com\/v3\/aceptaron-donacion-de-alberto-en-la-causa-por-el-festejo-en-olivos\/"},"wordCount":555,"commentCount":0,"publisher":{"@id":"https:\/\/cvinoticias.com\/v3\/#organization"},"image":{"@id":"https:\/\/cvinoticias.com\/v3\/aceptaron-donacion-de-alberto-en-la-causa-por-el-festejo-en-olivos\/#primaryimage"},"thumbnailUrl":"https:\/\/cvinoticias.com\/wp-content\/uploads\/2022\/05\/Screenshot_20220517-002535_Chrome.jpg","articleSection":["Nacionales"],"inLanguage":"es","potentialAction":[{"@type":"CommentAction","name":"Comment","target":["https:\/\/cvinoticias.com\/v3\/aceptaron-donacion-de-alberto-en-la-causa-por-el-festejo-en-olivos\/#respond"]}]},{"@type":"WebPage","@id":"https:\/\/cvinoticias.com\/v3\/aceptaron-donacion-de-alberto-en-la-causa-por-el-festejo-en-olivos\/","url":"https:\/\/cvinoticias.com\/v3\/aceptaron-donacion-de-alberto-en-la-causa-por-el-festejo-en-olivos\/","name":"Aceptaron donaci\u00f3n de Alberto en la causa por el festejo en Olivos | CVI NOTICIAS","isPartOf":{"@id":"https:\/\/cvinoticias.com\/v3\/#website"},"primaryImageOfPage":{"@id":"https:\/\/cvinoticias.com\/v3\/aceptaron-donacion-de-alberto-en-la-causa-por-el-festejo-en-olivos\/#primaryimage"},"image":{"@id":"https:\/\/cvinoticias.com\/v3\/aceptaron-donacion-de-alberto-en-la-causa-por-el-festejo-en-olivos\/#primaryimage"},"thumbnailUrl":"https:\/\/cvinoticias.com\/wp-content\/uploads\/2022\/05\/Screenshot_20220517-002535_Chrome.jpg","datePublished":"2022-05-17T03:30:15+00:00","breadcrumb":{"@id":"https:\/\/cvinoticias.com\/v3\/aceptaron-donacion-de-alberto-en-la-causa-por-el-festejo-en-olivos\/#breadcrumb"},"inLanguage":"es","potentialAction":[{"@type":"ReadAction","target":["https:\/\/cvinoticias.com\/v3\/aceptaron-donacion-de-alberto-en-la-causa-por-el-festejo-en-olivos\/"]}]},{"@type":"ImageObject","inLanguage":"es","@id":"https:\/\/cvinoticias.com\/v3\/aceptaron-donacion-de-alberto-en-la-causa-por-el-festejo-en-olivos\/#primaryimage","url":"https:\/\/cvinoticias.com\/wp-content\/uploads\/2022\/05\/Screenshot_20220517-002535_Chrome.jpg","contentUrl":"https:\/\/cvinoticias.com\/wp-content\/uploads\/2022\/05\/Screenshot_20220517-002535_Chrome.jpg","width":743,"height":446},{"@type":"BreadcrumbList","@id":"https:\/\/cvinoticias.com\/v3\/aceptaron-donacion-de-alberto-en-la-causa-por-el-festejo-en-olivos\/#breadcrumb","itemListElement":[{"@type":"ListItem","position":1,"name":"Portada","item":"https:\/\/cvinoticias.com\/v3\/"},{"@type":"ListItem","position":2,"name":"Aceptaron donaci\u00f3n de Alberto en la causa por el festejo en Olivos"}]},{"@type":"WebSite","@id":"https:\/\/cvinoticias.com\/v3\/#website","url":"https:\/\/cvinoticias.com\/v3\/","name":"CVI NOTICIAS","description":"","publisher":{"@id":"https:\/\/cvinoticias.com\/v3\/#organization"},"alternateName":"CVI","potentialAction":[{"@type":"SearchAction","target":{"@type":"EntryPoint","urlTemplate":"https:\/\/cvinoticias.com\/v3\/?s={search_term_string}"},"query-input":{"@type":"PropertyValueSpecification","valueRequired":true,"valueName":"search_term_string"}}],"inLanguage":"es"},{"@type":"Organization","@id":"https:\/\/cvinoticias.com\/v3\/#organization","name":"CVI NOTICIAS","url":"https:\/\/cvinoticias.com\/v3\/","logo":{"@type":"ImageObject","inLanguage":"es","@id":"https:\/\/cvinoticias.com\/v3\/#\/schema\/logo\/image\/","url":"https:\/\/cvinoticias.com\/wp-content\/uploads\/2023\/04\/cropped-cropped-cropped-cropped-cropped-3-1.png","contentUrl":"https:\/\/cvinoticias.com\/wp-content\/uploads\/2023\/04\/cropped-cropped-cropped-cropped-cropped-3-1.png","width":95,"height":122,"caption":"CVI NOTICIAS"},"image":{"@id":"https:\/\/cvinoticias.com\/v3\/#\/schema\/logo\/image\/"},"sameAs":["https:\/\/www.facebook.com\/cvinoticias","https:\/\/www.instagram.com\/cvinoticias\/","https:\/\/www.youtube.com\/@CVINOTICIAS"]},{"@type":"Person","@id":"https:\/\/cvinoticias.com\/v3\/#\/schema\/person\/2db77e3c6bc03c538495d7b2b8be9b66","name":"f1000024","image":{"@type":"ImageObject","inLanguage":"es","@id":"https:\/\/secure.gravatar.com\/avatar\/d4fe7459cfc51ff5129ce1a732bbef5928568b8092d412ef95611616376bbeed?s=96&d=mm&r=g","url":"https:\/\/secure.gravatar.com\/avatar\/d4fe7459cfc51ff5129ce1a732bbef5928568b8092d412ef95611616376bbeed?s=96&d=mm&r=g","contentUrl":"https:\/\/secure.gravatar.com\/avatar\/d4fe7459cfc51ff5129ce1a732bbef5928568b8092d412ef95611616376bbeed?s=96&d=mm&r=g","caption":"f1000024"},"url":"https:\/\/cvinoticias.com\/v3\/author\/f1000024\/"}]}},"_links":{"self":[{"href":"https:\/\/cvinoticias.com\/v3\/wp-json\/wp\/v2\/posts\/15804","targetHints":{"allow":["GET"]}}],"collection":[{"href":"https:\/\/cvinoticias.com\/v3\/wp-json\/wp\/v2\/posts"}],"about":[{"href":"https:\/\/cvinoticias.com\/v3\/wp-json\/wp\/v2\/types\/post"}],"author":[{"embeddable":true,"href":"https:\/\/cvinoticias.com\/v3\/wp-json\/wp\/v2\/users\/2"}],"replies":[{"embeddable":true,"href":"https:\/\/cvinoticias.com\/v3\/wp-json\/wp\/v2\/comments?post=15804"}],"version-history":[{"count":1,"href":"https:\/\/cvinoticias.com\/v3\/wp-json\/wp\/v2\/posts\/15804\/revisions"}],"predecessor-version":[{"id":15806,"href":"https:\/\/cvinoticias.com\/v3\/wp-json\/wp\/v2\/posts\/15804\/revisions\/15806"}],"wp:featuredmedia":[{"embeddable":true,"href":"https:\/\/cvinoticias.com\/v3\/wp-json\/wp\/v2\/media\/15805"}],"wp:attachment":[{"href":"https:\/\/cvinoticias.com\/v3\/wp-json\/wp\/v2\/media?parent=15804"}],"wp:term":[{"taxonomy":"category","embeddable":true,"href":"https:\/\/cvinoticias.com\/v3\/wp-json\/wp\/v2\/categories?post=15804"},{"taxonomy":"post_tag","embeddable":true,"href":"https:\/\/cvinoticias.com\/v3\/wp-json\/wp\/v2\/tags?post=15804"}],"curies":[{"name":"wp","href":"https:\/\/api.w.org\/{rel}","templated":true}]}}