{"id":15779,"date":"2022-05-16T22:38:10","date_gmt":"2022-05-16T22:38:10","guid":{"rendered":"https:\/\/cvinoticias.com\/v3\/?p=15779"},"modified":"2022-05-17T18:53:50","modified_gmt":"2022-05-17T18:53:50","slug":"en-san-pablo-brasil-el-gobernador-se-reunio-con-el-presidente-bolsonaro-y-visito-la-fabrica-automotriz-hyundai","status":"publish","type":"post","link":"https:\/\/cvinoticias.com\/v3\/en-san-pablo-brasil-el-gobernador-se-reunio-con-el-presidente-bolsonaro-y-visito-la-fabrica-automotriz-hyundai\/","title":{"rendered":"En San Pablo, Brasil, el Gobernador se reuni\u00f3 con el Presidente Bolsonaro y visit\u00f3 la f\u00e1brica automotriz Hyundai"},"content":{"rendered":"\n<p><strong><em>El gobernador Oscar Herrera Ahuad desarrolla una importante agenda en la ciudad de San Pablo, el m\u00e1s din\u00e1mico centro financiero e industrial de Am\u00e9rica Latina. Viaj\u00f3 junto a un equipo t\u00e9cnico misionero y una comitiva encabezada por el embajador argentino en Brasil, Daniel Scioli.<\/em><\/strong><\/p>\n\n\n\n<p>Esta ma\u00f1ana recorrieron la planta de la automotriz coreana HYUNDAI, en la localidad de Piracicaba, una empresa que emplea a unas 3 mil personas en forma directa y unas 20 mil de manera indirecta. All\u00ed, en un encuentro con el vicepresidente, Ricardo Augusto Martins y el COO Yong-Woo Lee, hablaron de la posible inversi\u00f3n de la planta de la empresa en Misiones iniciando un acercamiento importante.<\/p>\n\n\n\n<figure class=\"wp-block-image size-full is-resized\"><a href=\"https:\/\/cvinoticias.com\/wp-content\/uploads\/2022\/05\/FB_IMG_1652740171423.jpg\"><img decoding=\"async\" data-src=\"https:\/\/cvinoticias.com\/wp-content\/uploads\/2022\/05\/FB_IMG_1652740171423.jpg\" alt=\"\" class=\"wp-image-15780 lazyload\" width=\"836\" height=\"1114\" data-srcset=\"https:\/\/cvinoticias.com\/wp-content\/uploads\/2022\/05\/FB_IMG_1652740171423.jpg 720w, https:\/\/cvinoticias.com\/wp-content\/uploads\/2022\/05\/FB_IMG_1652740171423-225x300.jpg 225w\" data-sizes=\"(max-width: 836px) 100vw, 836px\" src=\"data:image\/svg+xml;base64,PHN2ZyB3aWR0aD0iMSIgaGVpZ2h0PSIxIiB4bWxucz0iaHR0cDovL3d3dy53My5vcmcvMjAwMC9zdmciPjwvc3ZnPg==\" style=\"--smush-placeholder-width: 836px; --smush-placeholder-aspect-ratio: 836\/1114;\" \/><\/a><\/figure>\n\n\n\n<p>En ese contexto el Gobernador expuso la fortaleza de Misiones y de Posadas como ciudad startup. Destac\u00f3 las ventajas de la provincia, su poblaci\u00f3n joven y capacitada, plante\u00f3 las ventajas medio ambientales, as\u00ed como la importante infraestructura en caminos, puertos, aeropuertos y trenes, convirti\u00e9ndola en un HUB log\u00edstico que se integra con Brasil y Paraguay. Adem\u00e1s, el mandatario present\u00f3 a Misiones como un destino tur\u00edstico de calidad y entreg\u00f3 material promocional de la provincia.<\/p>\n\n\n\n<p>Por la tarde el Gobernador, junto a la comitiva argentina, particip\u00f3 en la inauguraci\u00f3n del \u201cApas Show 2022\u201d, la principal feria de alimentos y bebidas de Am\u00e9rica y el mayor foro supermercadista del mundo que se realiza hasta el jueves en San Pablo.<\/p>\n\n\n\n<p>En este marco, el gobernador Herrera Ahuad mantuvo un encuentro con el presidente de Brasil, Jair Bolsonaro, con quien \u201chablamos del puente San Javier \u2013 Porto Xavier y sobre la integraci\u00f3n regional de inversiones\u201d. El gobernador misionero entreg\u00f3 como obsequio al presidente de Brasil, paquetes de yerba mate y t\u00e9, productos madre de la tierra colorada.<\/p>\n\n\n\n<figure class=\"wp-block-image size-full is-resized\"><a href=\"https:\/\/cvinoticias.com\/wp-content\/uploads\/2022\/05\/FB_IMG_1652740180339.jpg\"><img decoding=\"async\" data-src=\"https:\/\/cvinoticias.com\/wp-content\/uploads\/2022\/05\/FB_IMG_1652740180339.jpg\" alt=\"\" class=\"wp-image-15781 lazyload\" width=\"834\" height=\"1112\" data-srcset=\"https:\/\/cvinoticias.com\/wp-content\/uploads\/2022\/05\/FB_IMG_1652740180339.jpg 720w, https:\/\/cvinoticias.com\/wp-content\/uploads\/2022\/05\/FB_IMG_1652740180339-225x300.jpg 225w\" data-sizes=\"(max-width: 834px) 100vw, 834px\" src=\"data:image\/svg+xml;base64,PHN2ZyB3aWR0aD0iMSIgaGVpZ2h0PSIxIiB4bWxucz0iaHR0cDovL3d3dy53My5vcmcvMjAwMC9zdmciPjwvc3ZnPg==\" style=\"--smush-placeholder-width: 834px; --smush-placeholder-aspect-ratio: 834\/1112;\" \/><\/a><\/figure>\n\n\n\n<p>La visita a San Pablo cerr\u00f3 esta tarde con un encuentro con representantes de la Federaci\u00f3n de Industrias del Estado de San Pablo (FIESP) con el objetivo de tender v\u00ednculos y atraer inversiones a la provincia, en el marco de esta misi\u00f3n institucional en Brasil. Durante el encuentro, en el que tambi\u00e9n participaron los presidentes de IVECCO y del Grupo DASS con inversiones en Argentina y Brasil, Herrera Ahuad present\u00f3 las oportunidades que ofrece Misiones.<\/p>\n","protected":false},"excerpt":{"rendered":"<p>El gobernador Oscar Herrera Ahuad desarrolla una importante agenda en la ciudad de San Pablo, el m\u00e1s din\u00e1mico centro financiero e industrial de Am\u00e9rica Latina. Viaj\u00f3 junto a un equipo t\u00e9cnico misionero y una comitiva encabezada por el embajador argentino en Brasil, Daniel Scioli. Esta ma\u00f1ana recorrieron la planta de la automotriz coreana HYUNDAI, en [&hellip;]<\/p>\n","protected":false},"author":2,"featured_media":15782,"comment_status":"open","ping_status":"open","sticky":false,"template":"","format":"standard","meta":{"footnotes":""},"categories":[42],"tags":[],"class_list":["post-15779","post","type-post","status-publish","format-standard","has-post-thumbnail","hentry","category-politica"],"yoast_head":"<!-- This site is optimized with the Yoast SEO plugin v27.5 - https:\/\/yoast.com\/product\/yoast-seo-wordpress\/ -->\n<title>En San Pablo, Brasil, el Gobernador se reuni\u00f3 con el Presidente Bolsonaro y visit\u00f3 la f\u00e1brica automotriz Hyundai | CVI NOTICIAS<\/title>\n<meta name=\"robots\" content=\"index, follow, max-snippet:-1, max-image-preview:large, max-video-preview:-1\" \/>\n<link rel=\"canonical\" href=\"https:\/\/cvinoticias.com\/v3\/en-san-pablo-brasil-el-gobernador-se-reunio-con-el-presidente-bolsonaro-y-visito-la-fabrica-automotriz-hyundai\/\" \/>\n<meta property=\"og:locale\" content=\"es_ES\" \/>\n<meta property=\"og:type\" content=\"article\" \/>\n<meta property=\"og:title\" content=\"En San Pablo, Brasil, el Gobernador se reuni\u00f3 con el Presidente Bolsonaro y visit\u00f3 la f\u00e1brica automotriz Hyundai | CVI NOTICIAS\" \/>\n<meta property=\"og:description\" content=\"El gobernador Oscar Herrera Ahuad desarrolla una importante agenda en la ciudad de San Pablo, el m\u00e1s din\u00e1mico centro financiero e industrial de Am\u00e9rica Latina. Viaj\u00f3 junto a un equipo t\u00e9cnico misionero y una comitiva encabezada por el embajador argentino en Brasil, Daniel Scioli. Esta ma\u00f1ana recorrieron la planta de la automotriz coreana HYUNDAI, en [&hellip;]\" \/>\n<meta property=\"og:url\" content=\"https:\/\/cvinoticias.com\/v3\/en-san-pablo-brasil-el-gobernador-se-reunio-con-el-presidente-bolsonaro-y-visito-la-fabrica-automotriz-hyundai\/\" \/>\n<meta property=\"og:site_name\" content=\"CVI NOTICIAS\" \/>\n<meta property=\"article:publisher\" content=\"https:\/\/www.facebook.com\/cvinoticias\" \/>\n<meta property=\"article:published_time\" content=\"2022-05-16T22:38:10+00:00\" \/>\n<meta property=\"article:modified_time\" content=\"2022-05-17T18:53:50+00:00\" \/>\n<meta property=\"og:image\" content=\"https:\/\/cvinoticias.com\/wp-content\/uploads\/2022\/05\/FB_IMG_1652740175183.jpg\" \/>\n\t<meta property=\"og:image:width\" content=\"960\" \/>\n\t<meta property=\"og:image:height\" content=\"960\" \/>\n\t<meta property=\"og:image:type\" content=\"image\/jpeg\" \/>\n<meta name=\"author\" content=\"f1000024\" \/>\n<meta name=\"twitter:card\" content=\"summary_large_image\" \/>\n<meta name=\"twitter:label1\" content=\"Escrito por\" \/>\n\t<meta name=\"twitter:data1\" content=\"f1000024\" \/>\n\t<meta name=\"twitter:label2\" content=\"Tiempo de lectura\" \/>\n\t<meta name=\"twitter:data2\" content=\"2 minutos\" \/>\n<script type=\"application\/ld+json\" class=\"yoast-schema-graph\">{\"@context\":\"https:\\\/\\\/schema.org\",\"@graph\":[{\"@type\":\"Article\",\"@id\":\"https:\\\/\\\/cvinoticias.com\\\/v3\\\/en-san-pablo-brasil-el-gobernador-se-reunio-con-el-presidente-bolsonaro-y-visito-la-fabrica-automotriz-hyundai\\\/#article\",\"isPartOf\":{\"@id\":\"https:\\\/\\\/cvinoticias.com\\\/v3\\\/en-san-pablo-brasil-el-gobernador-se-reunio-con-el-presidente-bolsonaro-y-visito-la-fabrica-automotriz-hyundai\\\/\"},\"author\":{\"name\":\"f1000024\",\"@id\":\"https:\\\/\\\/cvinoticias.com\\\/v3\\\/#\\\/schema\\\/person\\\/2db77e3c6bc03c538495d7b2b8be9b66\"},\"headline\":\"En San Pablo, Brasil, el Gobernador se reuni\u00f3 con el Presidente Bolsonaro y visit\u00f3 la f\u00e1brica automotriz Hyundai\",\"datePublished\":\"2022-05-16T22:38:10+00:00\",\"dateModified\":\"2022-05-17T18:53:50+00:00\",\"mainEntityOfPage\":{\"@id\":\"https:\\\/\\\/cvinoticias.com\\\/v3\\\/en-san-pablo-brasil-el-gobernador-se-reunio-con-el-presidente-bolsonaro-y-visito-la-fabrica-automotriz-hyundai\\\/\"},\"wordCount\":391,\"commentCount\":0,\"publisher\":{\"@id\":\"https:\\\/\\\/cvinoticias.com\\\/v3\\\/#organization\"},\"image\":{\"@id\":\"https:\\\/\\\/cvinoticias.com\\\/v3\\\/en-san-pablo-brasil-el-gobernador-se-reunio-con-el-presidente-bolsonaro-y-visito-la-fabrica-automotriz-hyundai\\\/#primaryimage\"},\"thumbnailUrl\":\"https:\\\/\\\/cvinoticias.com\\\/wp-content\\\/uploads\\\/2022\\\/05\\\/FB_IMG_1652740175183.jpg\",\"articleSection\":[\"Politica\"],\"inLanguage\":\"es\",\"potentialAction\":[{\"@type\":\"CommentAction\",\"name\":\"Comment\",\"target\":[\"https:\\\/\\\/cvinoticias.com\\\/v3\\\/en-san-pablo-brasil-el-gobernador-se-reunio-con-el-presidente-bolsonaro-y-visito-la-fabrica-automotriz-hyundai\\\/#respond\"]}]},{\"@type\":\"WebPage\",\"@id\":\"https:\\\/\\\/cvinoticias.com\\\/v3\\\/en-san-pablo-brasil-el-gobernador-se-reunio-con-el-presidente-bolsonaro-y-visito-la-fabrica-automotriz-hyundai\\\/\",\"url\":\"https:\\\/\\\/cvinoticias.com\\\/v3\\\/en-san-pablo-brasil-el-gobernador-se-reunio-con-el-presidente-bolsonaro-y-visito-la-fabrica-automotriz-hyundai\\\/\",\"name\":\"En San Pablo, Brasil, el Gobernador se reuni\u00f3 con el Presidente Bolsonaro y visit\u00f3 la f\u00e1brica automotriz Hyundai | CVI NOTICIAS\",\"isPartOf\":{\"@id\":\"https:\\\/\\\/cvinoticias.com\\\/v3\\\/#website\"},\"primaryImageOfPage\":{\"@id\":\"https:\\\/\\\/cvinoticias.com\\\/v3\\\/en-san-pablo-brasil-el-gobernador-se-reunio-con-el-presidente-bolsonaro-y-visito-la-fabrica-automotriz-hyundai\\\/#primaryimage\"},\"image\":{\"@id\":\"https:\\\/\\\/cvinoticias.com\\\/v3\\\/en-san-pablo-brasil-el-gobernador-se-reunio-con-el-presidente-bolsonaro-y-visito-la-fabrica-automotriz-hyundai\\\/#primaryimage\"},\"thumbnailUrl\":\"https:\\\/\\\/cvinoticias.com\\\/wp-content\\\/uploads\\\/2022\\\/05\\\/FB_IMG_1652740175183.jpg\",\"datePublished\":\"2022-05-16T22:38:10+00:00\",\"dateModified\":\"2022-05-17T18:53:50+00:00\",\"breadcrumb\":{\"@id\":\"https:\\\/\\\/cvinoticias.com\\\/v3\\\/en-san-pablo-brasil-el-gobernador-se-reunio-con-el-presidente-bolsonaro-y-visito-la-fabrica-automotriz-hyundai\\\/#breadcrumb\"},\"inLanguage\":\"es\",\"potentialAction\":[{\"@type\":\"ReadAction\",\"target\":[\"https:\\\/\\\/cvinoticias.com\\\/v3\\\/en-san-pablo-brasil-el-gobernador-se-reunio-con-el-presidente-bolsonaro-y-visito-la-fabrica-automotriz-hyundai\\\/\"]}]},{\"@type\":\"ImageObject\",\"inLanguage\":\"es\",\"@id\":\"https:\\\/\\\/cvinoticias.com\\\/v3\\\/en-san-pablo-brasil-el-gobernador-se-reunio-con-el-presidente-bolsonaro-y-visito-la-fabrica-automotriz-hyundai\\\/#primaryimage\",\"url\":\"https:\\\/\\\/cvinoticias.com\\\/wp-content\\\/uploads\\\/2022\\\/05\\\/FB_IMG_1652740175183.jpg\",\"contentUrl\":\"https:\\\/\\\/cvinoticias.com\\\/wp-content\\\/uploads\\\/2022\\\/05\\\/FB_IMG_1652740175183.jpg\",\"width\":960,\"height\":960},{\"@type\":\"BreadcrumbList\",\"@id\":\"https:\\\/\\\/cvinoticias.com\\\/v3\\\/en-san-pablo-brasil-el-gobernador-se-reunio-con-el-presidente-bolsonaro-y-visito-la-fabrica-automotriz-hyundai\\\/#breadcrumb\",\"itemListElement\":[{\"@type\":\"ListItem\",\"position\":1,\"name\":\"Portada\",\"item\":\"https:\\\/\\\/cvinoticias.com\\\/v3\\\/\"},{\"@type\":\"ListItem\",\"position\":2,\"name\":\"En San Pablo, Brasil, el Gobernador se reuni\u00f3 con el Presidente Bolsonaro y visit\u00f3 la f\u00e1brica automotriz Hyundai\"}]},{\"@type\":\"WebSite\",\"@id\":\"https:\\\/\\\/cvinoticias.com\\\/v3\\\/#website\",\"url\":\"https:\\\/\\\/cvinoticias.com\\\/v3\\\/\",\"name\":\"CVI NOTICIAS\",\"description\":\"\",\"publisher\":{\"@id\":\"https:\\\/\\\/cvinoticias.com\\\/v3\\\/#organization\"},\"alternateName\":\"CVI\",\"potentialAction\":[{\"@type\":\"SearchAction\",\"target\":{\"@type\":\"EntryPoint\",\"urlTemplate\":\"https:\\\/\\\/cvinoticias.com\\\/v3\\\/?s={search_term_string}\"},\"query-input\":{\"@type\":\"PropertyValueSpecification\",\"valueRequired\":true,\"valueName\":\"search_term_string\"}}],\"inLanguage\":\"es\"},{\"@type\":\"Organization\",\"@id\":\"https:\\\/\\\/cvinoticias.com\\\/v3\\\/#organization\",\"name\":\"CVI NOTICIAS\",\"url\":\"https:\\\/\\\/cvinoticias.com\\\/v3\\\/\",\"logo\":{\"@type\":\"ImageObject\",\"inLanguage\":\"es\",\"@id\":\"https:\\\/\\\/cvinoticias.com\\\/v3\\\/#\\\/schema\\\/logo\\\/image\\\/\",\"url\":\"https:\\\/\\\/cvinoticias.com\\\/wp-content\\\/uploads\\\/2023\\\/04\\\/cropped-cropped-cropped-cropped-cropped-3-1.png\",\"contentUrl\":\"https:\\\/\\\/cvinoticias.com\\\/wp-content\\\/uploads\\\/2023\\\/04\\\/cropped-cropped-cropped-cropped-cropped-3-1.png\",\"width\":95,\"height\":122,\"caption\":\"CVI NOTICIAS\"},\"image\":{\"@id\":\"https:\\\/\\\/cvinoticias.com\\\/v3\\\/#\\\/schema\\\/logo\\\/image\\\/\"},\"sameAs\":[\"https:\\\/\\\/www.facebook.com\\\/cvinoticias\",\"https:\\\/\\\/www.instagram.com\\\/cvinoticias\\\/\",\"https:\\\/\\\/www.youtube.com\\\/@CVINOTICIAS\"]},{\"@type\":\"Person\",\"@id\":\"https:\\\/\\\/cvinoticias.com\\\/v3\\\/#\\\/schema\\\/person\\\/2db77e3c6bc03c538495d7b2b8be9b66\",\"name\":\"f1000024\",\"image\":{\"@type\":\"ImageObject\",\"inLanguage\":\"es\",\"@id\":\"https:\\\/\\\/secure.gravatar.com\\\/avatar\\\/d4fe7459cfc51ff5129ce1a732bbef5928568b8092d412ef95611616376bbeed?s=96&d=mm&r=g\",\"url\":\"https:\\\/\\\/secure.gravatar.com\\\/avatar\\\/d4fe7459cfc51ff5129ce1a732bbef5928568b8092d412ef95611616376bbeed?s=96&d=mm&r=g\",\"contentUrl\":\"https:\\\/\\\/secure.gravatar.com\\\/avatar\\\/d4fe7459cfc51ff5129ce1a732bbef5928568b8092d412ef95611616376bbeed?s=96&d=mm&r=g\",\"caption\":\"f1000024\"},\"url\":\"https:\\\/\\\/cvinoticias.com\\\/v3\\\/author\\\/f1000024\\\/\"}]}<\/script>\n<!-- \/ Yoast SEO plugin. -->","yoast_head_json":{"title":"En San Pablo, Brasil, el Gobernador se reuni\u00f3 con el Presidente Bolsonaro y visit\u00f3 la f\u00e1brica automotriz Hyundai | CVI NOTICIAS","robots":{"index":"index","follow":"follow","max-snippet":"max-snippet:-1","max-image-preview":"max-image-preview:large","max-video-preview":"max-video-preview:-1"},"canonical":"https:\/\/cvinoticias.com\/v3\/en-san-pablo-brasil-el-gobernador-se-reunio-con-el-presidente-bolsonaro-y-visito-la-fabrica-automotriz-hyundai\/","og_locale":"es_ES","og_type":"article","og_title":"En San Pablo, Brasil, el Gobernador se reuni\u00f3 con el Presidente Bolsonaro y visit\u00f3 la f\u00e1brica automotriz Hyundai | CVI NOTICIAS","og_description":"El gobernador Oscar Herrera Ahuad desarrolla una importante agenda en la ciudad de San Pablo, el m\u00e1s din\u00e1mico centro financiero e industrial de Am\u00e9rica Latina. Viaj\u00f3 junto a un equipo t\u00e9cnico misionero y una comitiva encabezada por el embajador argentino en Brasil, Daniel Scioli. Esta ma\u00f1ana recorrieron la planta de la automotriz coreana HYUNDAI, en [&hellip;]","og_url":"https:\/\/cvinoticias.com\/v3\/en-san-pablo-brasil-el-gobernador-se-reunio-con-el-presidente-bolsonaro-y-visito-la-fabrica-automotriz-hyundai\/","og_site_name":"CVI NOTICIAS","article_publisher":"https:\/\/www.facebook.com\/cvinoticias","article_published_time":"2022-05-16T22:38:10+00:00","article_modified_time":"2022-05-17T18:53:50+00:00","og_image":[{"width":960,"height":960,"url":"https:\/\/cvinoticias.com\/wp-content\/uploads\/2022\/05\/FB_IMG_1652740175183.jpg","type":"image\/jpeg"}],"author":"f1000024","twitter_card":"summary_large_image","twitter_misc":{"Escrito por":"f1000024","Tiempo de lectura":"2 minutos"},"schema":{"@context":"https:\/\/schema.org","@graph":[{"@type":"Article","@id":"https:\/\/cvinoticias.com\/v3\/en-san-pablo-brasil-el-gobernador-se-reunio-con-el-presidente-bolsonaro-y-visito-la-fabrica-automotriz-hyundai\/#article","isPartOf":{"@id":"https:\/\/cvinoticias.com\/v3\/en-san-pablo-brasil-el-gobernador-se-reunio-con-el-presidente-bolsonaro-y-visito-la-fabrica-automotriz-hyundai\/"},"author":{"name":"f1000024","@id":"https:\/\/cvinoticias.com\/v3\/#\/schema\/person\/2db77e3c6bc03c538495d7b2b8be9b66"},"headline":"En San Pablo, Brasil, el Gobernador se reuni\u00f3 con el Presidente Bolsonaro y visit\u00f3 la f\u00e1brica automotriz Hyundai","datePublished":"2022-05-16T22:38:10+00:00","dateModified":"2022-05-17T18:53:50+00:00","mainEntityOfPage":{"@id":"https:\/\/cvinoticias.com\/v3\/en-san-pablo-brasil-el-gobernador-se-reunio-con-el-presidente-bolsonaro-y-visito-la-fabrica-automotriz-hyundai\/"},"wordCount":391,"commentCount":0,"publisher":{"@id":"https:\/\/cvinoticias.com\/v3\/#organization"},"image":{"@id":"https:\/\/cvinoticias.com\/v3\/en-san-pablo-brasil-el-gobernador-se-reunio-con-el-presidente-bolsonaro-y-visito-la-fabrica-automotriz-hyundai\/#primaryimage"},"thumbnailUrl":"https:\/\/cvinoticias.com\/wp-content\/uploads\/2022\/05\/FB_IMG_1652740175183.jpg","articleSection":["Politica"],"inLanguage":"es","potentialAction":[{"@type":"CommentAction","name":"Comment","target":["https:\/\/cvinoticias.com\/v3\/en-san-pablo-brasil-el-gobernador-se-reunio-con-el-presidente-bolsonaro-y-visito-la-fabrica-automotriz-hyundai\/#respond"]}]},{"@type":"WebPage","@id":"https:\/\/cvinoticias.com\/v3\/en-san-pablo-brasil-el-gobernador-se-reunio-con-el-presidente-bolsonaro-y-visito-la-fabrica-automotriz-hyundai\/","url":"https:\/\/cvinoticias.com\/v3\/en-san-pablo-brasil-el-gobernador-se-reunio-con-el-presidente-bolsonaro-y-visito-la-fabrica-automotriz-hyundai\/","name":"En San Pablo, Brasil, el Gobernador se reuni\u00f3 con el Presidente Bolsonaro y visit\u00f3 la f\u00e1brica automotriz Hyundai | CVI NOTICIAS","isPartOf":{"@id":"https:\/\/cvinoticias.com\/v3\/#website"},"primaryImageOfPage":{"@id":"https:\/\/cvinoticias.com\/v3\/en-san-pablo-brasil-el-gobernador-se-reunio-con-el-presidente-bolsonaro-y-visito-la-fabrica-automotriz-hyundai\/#primaryimage"},"image":{"@id":"https:\/\/cvinoticias.com\/v3\/en-san-pablo-brasil-el-gobernador-se-reunio-con-el-presidente-bolsonaro-y-visito-la-fabrica-automotriz-hyundai\/#primaryimage"},"thumbnailUrl":"https:\/\/cvinoticias.com\/wp-content\/uploads\/2022\/05\/FB_IMG_1652740175183.jpg","datePublished":"2022-05-16T22:38:10+00:00","dateModified":"2022-05-17T18:53:50+00:00","breadcrumb":{"@id":"https:\/\/cvinoticias.com\/v3\/en-san-pablo-brasil-el-gobernador-se-reunio-con-el-presidente-bolsonaro-y-visito-la-fabrica-automotriz-hyundai\/#breadcrumb"},"inLanguage":"es","potentialAction":[{"@type":"ReadAction","target":["https:\/\/cvinoticias.com\/v3\/en-san-pablo-brasil-el-gobernador-se-reunio-con-el-presidente-bolsonaro-y-visito-la-fabrica-automotriz-hyundai\/"]}]},{"@type":"ImageObject","inLanguage":"es","@id":"https:\/\/cvinoticias.com\/v3\/en-san-pablo-brasil-el-gobernador-se-reunio-con-el-presidente-bolsonaro-y-visito-la-fabrica-automotriz-hyundai\/#primaryimage","url":"https:\/\/cvinoticias.com\/wp-content\/uploads\/2022\/05\/FB_IMG_1652740175183.jpg","contentUrl":"https:\/\/cvinoticias.com\/wp-content\/uploads\/2022\/05\/FB_IMG_1652740175183.jpg","width":960,"height":960},{"@type":"BreadcrumbList","@id":"https:\/\/cvinoticias.com\/v3\/en-san-pablo-brasil-el-gobernador-se-reunio-con-el-presidente-bolsonaro-y-visito-la-fabrica-automotriz-hyundai\/#breadcrumb","itemListElement":[{"@type":"ListItem","position":1,"name":"Portada","item":"https:\/\/cvinoticias.com\/v3\/"},{"@type":"ListItem","position":2,"name":"En San Pablo, Brasil, el Gobernador se reuni\u00f3 con el Presidente Bolsonaro y visit\u00f3 la f\u00e1brica automotriz Hyundai"}]},{"@type":"WebSite","@id":"https:\/\/cvinoticias.com\/v3\/#website","url":"https:\/\/cvinoticias.com\/v3\/","name":"CVI NOTICIAS","description":"","publisher":{"@id":"https:\/\/cvinoticias.com\/v3\/#organization"},"alternateName":"CVI","potentialAction":[{"@type":"SearchAction","target":{"@type":"EntryPoint","urlTemplate":"https:\/\/cvinoticias.com\/v3\/?s={search_term_string}"},"query-input":{"@type":"PropertyValueSpecification","valueRequired":true,"valueName":"search_term_string"}}],"inLanguage":"es"},{"@type":"Organization","@id":"https:\/\/cvinoticias.com\/v3\/#organization","name":"CVI NOTICIAS","url":"https:\/\/cvinoticias.com\/v3\/","logo":{"@type":"ImageObject","inLanguage":"es","@id":"https:\/\/cvinoticias.com\/v3\/#\/schema\/logo\/image\/","url":"https:\/\/cvinoticias.com\/wp-content\/uploads\/2023\/04\/cropped-cropped-cropped-cropped-cropped-3-1.png","contentUrl":"https:\/\/cvinoticias.com\/wp-content\/uploads\/2023\/04\/cropped-cropped-cropped-cropped-cropped-3-1.png","width":95,"height":122,"caption":"CVI NOTICIAS"},"image":{"@id":"https:\/\/cvinoticias.com\/v3\/#\/schema\/logo\/image\/"},"sameAs":["https:\/\/www.facebook.com\/cvinoticias","https:\/\/www.instagram.com\/cvinoticias\/","https:\/\/www.youtube.com\/@CVINOTICIAS"]},{"@type":"Person","@id":"https:\/\/cvinoticias.com\/v3\/#\/schema\/person\/2db77e3c6bc03c538495d7b2b8be9b66","name":"f1000024","image":{"@type":"ImageObject","inLanguage":"es","@id":"https:\/\/secure.gravatar.com\/avatar\/d4fe7459cfc51ff5129ce1a732bbef5928568b8092d412ef95611616376bbeed?s=96&d=mm&r=g","url":"https:\/\/secure.gravatar.com\/avatar\/d4fe7459cfc51ff5129ce1a732bbef5928568b8092d412ef95611616376bbeed?s=96&d=mm&r=g","contentUrl":"https:\/\/secure.gravatar.com\/avatar\/d4fe7459cfc51ff5129ce1a732bbef5928568b8092d412ef95611616376bbeed?s=96&d=mm&r=g","caption":"f1000024"},"url":"https:\/\/cvinoticias.com\/v3\/author\/f1000024\/"}]}},"_links":{"self":[{"href":"https:\/\/cvinoticias.com\/v3\/wp-json\/wp\/v2\/posts\/15779","targetHints":{"allow":["GET"]}}],"collection":[{"href":"https:\/\/cvinoticias.com\/v3\/wp-json\/wp\/v2\/posts"}],"about":[{"href":"https:\/\/cvinoticias.com\/v3\/wp-json\/wp\/v2\/types\/post"}],"author":[{"embeddable":true,"href":"https:\/\/cvinoticias.com\/v3\/wp-json\/wp\/v2\/users\/2"}],"replies":[{"embeddable":true,"href":"https:\/\/cvinoticias.com\/v3\/wp-json\/wp\/v2\/comments?post=15779"}],"version-history":[{"count":2,"href":"https:\/\/cvinoticias.com\/v3\/wp-json\/wp\/v2\/posts\/15779\/revisions"}],"predecessor-version":[{"id":15835,"href":"https:\/\/cvinoticias.com\/v3\/wp-json\/wp\/v2\/posts\/15779\/revisions\/15835"}],"wp:featuredmedia":[{"embeddable":true,"href":"https:\/\/cvinoticias.com\/v3\/wp-json\/wp\/v2\/media\/15782"}],"wp:attachment":[{"href":"https:\/\/cvinoticias.com\/v3\/wp-json\/wp\/v2\/media?parent=15779"}],"wp:term":[{"taxonomy":"category","embeddable":true,"href":"https:\/\/cvinoticias.com\/v3\/wp-json\/wp\/v2\/categories?post=15779"},{"taxonomy":"post_tag","embeddable":true,"href":"https:\/\/cvinoticias.com\/v3\/wp-json\/wp\/v2\/tags?post=15779"}],"curies":[{"name":"wp","href":"https:\/\/api.w.org\/{rel}","templated":true}]}}