{"id":15746,"date":"2022-05-15T20:33:17","date_gmt":"2022-05-15T20:33:17","guid":{"rendered":"https:\/\/cvinoticias.com\/v3\/?p=15746"},"modified":"2022-05-15T20:33:17","modified_gmt":"2022-05-15T20:33:17","slug":"argentina-condeno-el-crimen-de-la-periodista-palestina-en-cisjordania","status":"publish","type":"post","link":"https:\/\/cvinoticias.com\/v3\/argentina-condeno-el-crimen-de-la-periodista-palestina-en-cisjordania\/","title":{"rendered":"Argentina conden\u00f3 el crimen de la periodista palestina en Cisjordania"},"content":{"rendered":"\n<p><strong><em>La Canciller\u00eda conden\u00f3 el crimen de la periodista palestino-estadounidense Shireen Abu Akleh y solicit\u00f3 que se inicie \u00abuna investigaci\u00f3n independiente\u00bb.<\/em><\/strong><\/p>\n\n\n\n<p>La Canciller\u00eda conden\u00f3 este s\u00e1bado el crimen de la periodista palestino-estadounidense Shireen Abu Akleh y solicit\u00f3 que se inicie \u00abuna investigaci\u00f3n independiente\u00bb para esclarecer lo ocurrido con la cronista de la cadena de televisi\u00f3n Al Jazeera, de 51 a\u00f1os, quien muri\u00f3 tras recibir un disparo en la cabeza cuando informaba para ese medio sobre una incursi\u00f3n israel\u00ed en los territorios ocupados de Cisjordania.<\/p>\n\n\n\n<p>\u00abLa Rep\u00fablica Argentina condena el crimen de la periodista palestino-estadounidense Shireen Abu Akleh, ocurrido en Yenin en ejercicio de su rol period\u00edstico, y la posterior actuaci\u00f3n policial en su funeral. Es necesaria una investigaci\u00f3n independiente que esclarezca lo ocurrido\u00bb, manifest\u00f3 el Ministerio de Relaciones Exteriores desde su cuenta oficial de Twitter.<\/p>\n\n\n\n<p>La declaraci\u00f3n del Palacio San Mart\u00edn se sum\u00f3 a varios pronunciamientos internacionales, entre ellos una declaraci\u00f3n del Consejo de Seguridad de las Naciones Unidas, que el viernes \u00abconden\u00f3 en\u00e9rgicamente\u00bb la muerte de la periodista y exigi\u00f3 \u00abuna investigaci\u00f3n inmediata, exhaustiva, transparente e imparcial\u00bb del episodio, para adem\u00e1s reclamar que se garantice \u00abla rendici\u00f3n de cuentas\u00bb del autor o autores del crimen.<\/p>\n\n\n\n<p>Tambi\u00e9n la Uni\u00f3n Europea reclam\u00f3 \u00abuna investigaci\u00f3n r\u00e1pida e independiente para llevar a los responsables ante la Justicia\u00bb, seg\u00fan transmiti\u00f3 el representante de la UE ante la Autoridad Palestina, el alem\u00e1n Sven K\u00fchn von Burgsdorff, y m\u00e1s tarde cuestion\u00f3 \u00abel uso desproporcionado de la fuerza y el comportamiento de la polic\u00eda israel\u00ed hacia los participantes en el cortejo f\u00fanebre\u00bb, al difundir otro comunicado sobre las im\u00e1genes televisivas de la represi\u00f3n del funeral.<\/p>\n\n\n\n<p>Por su parte, el propio secretario general de la ONU, el portugu\u00e9s Ant\u00f3nio Guterres, manifest\u00f3 estar \u00abprofundamente perturbado\u00bb, mientras que el secretario de Estado de EEUU, Anthony Blinken, se\u00f1al\u00f3 desde sus redes que \u00ablas im\u00e1genes de la intervenci\u00f3n policial israel\u00ed en el cortejo f\u00fanebre nos perturbaron profundamente\u00bb y que \u00abcada familia merece despedir a sus seres queridos de manera digna y sin trabas\u00bb.<\/p>\n\n\n\n<p>Shireen Abu Akleh, de 51 a\u00f1os, nacida en una familia palestina de religi\u00f3n cristiana que viv\u00eda en Jerusal\u00e9n, recibi\u00f3 un disparo en la cabeza mientras cubr\u00eda una operaci\u00f3n del Ej\u00e9rcito israel\u00ed en Cisjordania para la cadena qatar\u00ed Al Jazeera, donde trabajaba desde la fundaci\u00f3n de la emisora; el mi\u00e9rcoles pasado, en el momento de su muerte, la reportera llevaba un casco y un chaleco antibalas con el r\u00f3tulo en ingl\u00e9s \u00abPress\u00bb.<\/p>\n","protected":false},"excerpt":{"rendered":"<p>La Canciller\u00eda conden\u00f3 el crimen de la periodista palestino-estadounidense Shireen Abu Akleh y solicit\u00f3 que se inicie \u00abuna investigaci\u00f3n independiente\u00bb. La Canciller\u00eda conden\u00f3 este s\u00e1bado el crimen de la periodista palestino-estadounidense Shireen Abu Akleh y solicit\u00f3 que se inicie \u00abuna investigaci\u00f3n independiente\u00bb para esclarecer lo ocurrido con la cronista de la cadena de televisi\u00f3n Al [&hellip;]<\/p>\n","protected":false},"author":2,"featured_media":15747,"comment_status":"open","ping_status":"open","sticky":false,"template":"","format":"standard","meta":{"footnotes":""},"categories":[36,42],"tags":[],"class_list":["post-15746","post","type-post","status-publish","format-standard","has-post-thumbnail","hentry","category-internacionales","category-politica"],"yoast_head":"<!-- This site is optimized with the Yoast SEO plugin v27.5 - https:\/\/yoast.com\/product\/yoast-seo-wordpress\/ -->\n<title>Argentina conden\u00f3 el crimen de la periodista palestina en Cisjordania | CVI NOTICIAS<\/title>\n<meta name=\"robots\" content=\"index, follow, max-snippet:-1, max-image-preview:large, max-video-preview:-1\" \/>\n<link rel=\"canonical\" href=\"https:\/\/cvinoticias.com\/v3\/argentina-condeno-el-crimen-de-la-periodista-palestina-en-cisjordania\/\" \/>\n<meta property=\"og:locale\" content=\"es_ES\" \/>\n<meta property=\"og:type\" content=\"article\" \/>\n<meta property=\"og:title\" content=\"Argentina conden\u00f3 el crimen de la periodista palestina en Cisjordania | CVI NOTICIAS\" \/>\n<meta property=\"og:description\" content=\"La Canciller\u00eda conden\u00f3 el crimen de la periodista palestino-estadounidense Shireen Abu Akleh y solicit\u00f3 que se inicie \u00abuna investigaci\u00f3n independiente\u00bb. La Canciller\u00eda conden\u00f3 este s\u00e1bado el crimen de la periodista palestino-estadounidense Shireen Abu Akleh y solicit\u00f3 que se inicie \u00abuna investigaci\u00f3n independiente\u00bb para esclarecer lo ocurrido con la cronista de la cadena de televisi\u00f3n Al [&hellip;]\" \/>\n<meta property=\"og:url\" content=\"https:\/\/cvinoticias.com\/v3\/argentina-condeno-el-crimen-de-la-periodista-palestina-en-cisjordania\/\" \/>\n<meta property=\"og:site_name\" content=\"CVI NOTICIAS\" \/>\n<meta property=\"article:publisher\" content=\"https:\/\/www.facebook.com\/cvinoticias\" \/>\n<meta property=\"article:published_time\" content=\"2022-05-15T20:33:17+00:00\" \/>\n<meta property=\"og:image\" content=\"https:\/\/cvinoticias.com\/wp-content\/uploads\/2022\/05\/0000098107.jpg\" \/>\n\t<meta property=\"og:image:width\" content=\"1500\" \/>\n\t<meta property=\"og:image:height\" content=\"870\" \/>\n\t<meta property=\"og:image:type\" content=\"image\/jpeg\" \/>\n<meta name=\"author\" content=\"f1000024\" \/>\n<meta name=\"twitter:card\" content=\"summary_large_image\" \/>\n<meta name=\"twitter:label1\" content=\"Escrito por\" \/>\n\t<meta name=\"twitter:data1\" content=\"f1000024\" \/>\n\t<meta name=\"twitter:label2\" content=\"Tiempo de lectura\" \/>\n\t<meta name=\"twitter:data2\" content=\"2 minutos\" \/>\n<script type=\"application\/ld+json\" class=\"yoast-schema-graph\">{\"@context\":\"https:\\\/\\\/schema.org\",\"@graph\":[{\"@type\":\"Article\",\"@id\":\"https:\\\/\\\/cvinoticias.com\\\/v3\\\/argentina-condeno-el-crimen-de-la-periodista-palestina-en-cisjordania\\\/#article\",\"isPartOf\":{\"@id\":\"https:\\\/\\\/cvinoticias.com\\\/v3\\\/argentina-condeno-el-crimen-de-la-periodista-palestina-en-cisjordania\\\/\"},\"author\":{\"name\":\"f1000024\",\"@id\":\"https:\\\/\\\/cvinoticias.com\\\/v3\\\/#\\\/schema\\\/person\\\/2db77e3c6bc03c538495d7b2b8be9b66\"},\"headline\":\"Argentina conden\u00f3 el crimen de la periodista palestina en Cisjordania\",\"datePublished\":\"2022-05-15T20:33:17+00:00\",\"mainEntityOfPage\":{\"@id\":\"https:\\\/\\\/cvinoticias.com\\\/v3\\\/argentina-condeno-el-crimen-de-la-periodista-palestina-en-cisjordania\\\/\"},\"wordCount\":457,\"commentCount\":0,\"publisher\":{\"@id\":\"https:\\\/\\\/cvinoticias.com\\\/v3\\\/#organization\"},\"image\":{\"@id\":\"https:\\\/\\\/cvinoticias.com\\\/v3\\\/argentina-condeno-el-crimen-de-la-periodista-palestina-en-cisjordania\\\/#primaryimage\"},\"thumbnailUrl\":\"https:\\\/\\\/cvinoticias.com\\\/wp-content\\\/uploads\\\/2022\\\/05\\\/0000098107.jpg\",\"articleSection\":[\"Internacionales\",\"Politica\"],\"inLanguage\":\"es\",\"potentialAction\":[{\"@type\":\"CommentAction\",\"name\":\"Comment\",\"target\":[\"https:\\\/\\\/cvinoticias.com\\\/v3\\\/argentina-condeno-el-crimen-de-la-periodista-palestina-en-cisjordania\\\/#respond\"]}]},{\"@type\":\"WebPage\",\"@id\":\"https:\\\/\\\/cvinoticias.com\\\/v3\\\/argentina-condeno-el-crimen-de-la-periodista-palestina-en-cisjordania\\\/\",\"url\":\"https:\\\/\\\/cvinoticias.com\\\/v3\\\/argentina-condeno-el-crimen-de-la-periodista-palestina-en-cisjordania\\\/\",\"name\":\"Argentina conden\u00f3 el crimen de la periodista palestina en Cisjordania | CVI NOTICIAS\",\"isPartOf\":{\"@id\":\"https:\\\/\\\/cvinoticias.com\\\/v3\\\/#website\"},\"primaryImageOfPage\":{\"@id\":\"https:\\\/\\\/cvinoticias.com\\\/v3\\\/argentina-condeno-el-crimen-de-la-periodista-palestina-en-cisjordania\\\/#primaryimage\"},\"image\":{\"@id\":\"https:\\\/\\\/cvinoticias.com\\\/v3\\\/argentina-condeno-el-crimen-de-la-periodista-palestina-en-cisjordania\\\/#primaryimage\"},\"thumbnailUrl\":\"https:\\\/\\\/cvinoticias.com\\\/wp-content\\\/uploads\\\/2022\\\/05\\\/0000098107.jpg\",\"datePublished\":\"2022-05-15T20:33:17+00:00\",\"breadcrumb\":{\"@id\":\"https:\\\/\\\/cvinoticias.com\\\/v3\\\/argentina-condeno-el-crimen-de-la-periodista-palestina-en-cisjordania\\\/#breadcrumb\"},\"inLanguage\":\"es\",\"potentialAction\":[{\"@type\":\"ReadAction\",\"target\":[\"https:\\\/\\\/cvinoticias.com\\\/v3\\\/argentina-condeno-el-crimen-de-la-periodista-palestina-en-cisjordania\\\/\"]}]},{\"@type\":\"ImageObject\",\"inLanguage\":\"es\",\"@id\":\"https:\\\/\\\/cvinoticias.com\\\/v3\\\/argentina-condeno-el-crimen-de-la-periodista-palestina-en-cisjordania\\\/#primaryimage\",\"url\":\"https:\\\/\\\/cvinoticias.com\\\/wp-content\\\/uploads\\\/2022\\\/05\\\/0000098107.jpg\",\"contentUrl\":\"https:\\\/\\\/cvinoticias.com\\\/wp-content\\\/uploads\\\/2022\\\/05\\\/0000098107.jpg\",\"width\":1500,\"height\":870},{\"@type\":\"BreadcrumbList\",\"@id\":\"https:\\\/\\\/cvinoticias.com\\\/v3\\\/argentina-condeno-el-crimen-de-la-periodista-palestina-en-cisjordania\\\/#breadcrumb\",\"itemListElement\":[{\"@type\":\"ListItem\",\"position\":1,\"name\":\"Portada\",\"item\":\"https:\\\/\\\/cvinoticias.com\\\/v3\\\/\"},{\"@type\":\"ListItem\",\"position\":2,\"name\":\"Argentina conden\u00f3 el crimen de la periodista palestina en Cisjordania\"}]},{\"@type\":\"WebSite\",\"@id\":\"https:\\\/\\\/cvinoticias.com\\\/v3\\\/#website\",\"url\":\"https:\\\/\\\/cvinoticias.com\\\/v3\\\/\",\"name\":\"CVI NOTICIAS\",\"description\":\"\",\"publisher\":{\"@id\":\"https:\\\/\\\/cvinoticias.com\\\/v3\\\/#organization\"},\"alternateName\":\"CVI\",\"potentialAction\":[{\"@type\":\"SearchAction\",\"target\":{\"@type\":\"EntryPoint\",\"urlTemplate\":\"https:\\\/\\\/cvinoticias.com\\\/v3\\\/?s={search_term_string}\"},\"query-input\":{\"@type\":\"PropertyValueSpecification\",\"valueRequired\":true,\"valueName\":\"search_term_string\"}}],\"inLanguage\":\"es\"},{\"@type\":\"Organization\",\"@id\":\"https:\\\/\\\/cvinoticias.com\\\/v3\\\/#organization\",\"name\":\"CVI NOTICIAS\",\"url\":\"https:\\\/\\\/cvinoticias.com\\\/v3\\\/\",\"logo\":{\"@type\":\"ImageObject\",\"inLanguage\":\"es\",\"@id\":\"https:\\\/\\\/cvinoticias.com\\\/v3\\\/#\\\/schema\\\/logo\\\/image\\\/\",\"url\":\"https:\\\/\\\/cvinoticias.com\\\/wp-content\\\/uploads\\\/2023\\\/04\\\/cropped-cropped-cropped-cropped-cropped-3-1.png\",\"contentUrl\":\"https:\\\/\\\/cvinoticias.com\\\/wp-content\\\/uploads\\\/2023\\\/04\\\/cropped-cropped-cropped-cropped-cropped-3-1.png\",\"width\":95,\"height\":122,\"caption\":\"CVI NOTICIAS\"},\"image\":{\"@id\":\"https:\\\/\\\/cvinoticias.com\\\/v3\\\/#\\\/schema\\\/logo\\\/image\\\/\"},\"sameAs\":[\"https:\\\/\\\/www.facebook.com\\\/cvinoticias\",\"https:\\\/\\\/www.instagram.com\\\/cvinoticias\\\/\",\"https:\\\/\\\/www.youtube.com\\\/@CVINOTICIAS\"]},{\"@type\":\"Person\",\"@id\":\"https:\\\/\\\/cvinoticias.com\\\/v3\\\/#\\\/schema\\\/person\\\/2db77e3c6bc03c538495d7b2b8be9b66\",\"name\":\"f1000024\",\"image\":{\"@type\":\"ImageObject\",\"inLanguage\":\"es\",\"@id\":\"https:\\\/\\\/secure.gravatar.com\\\/avatar\\\/d4fe7459cfc51ff5129ce1a732bbef5928568b8092d412ef95611616376bbeed?s=96&d=mm&r=g\",\"url\":\"https:\\\/\\\/secure.gravatar.com\\\/avatar\\\/d4fe7459cfc51ff5129ce1a732bbef5928568b8092d412ef95611616376bbeed?s=96&d=mm&r=g\",\"contentUrl\":\"https:\\\/\\\/secure.gravatar.com\\\/avatar\\\/d4fe7459cfc51ff5129ce1a732bbef5928568b8092d412ef95611616376bbeed?s=96&d=mm&r=g\",\"caption\":\"f1000024\"},\"url\":\"https:\\\/\\\/cvinoticias.com\\\/v3\\\/author\\\/f1000024\\\/\"}]}<\/script>\n<!-- \/ Yoast SEO plugin. -->","yoast_head_json":{"title":"Argentina conden\u00f3 el crimen de la periodista palestina en Cisjordania | CVI NOTICIAS","robots":{"index":"index","follow":"follow","max-snippet":"max-snippet:-1","max-image-preview":"max-image-preview:large","max-video-preview":"max-video-preview:-1"},"canonical":"https:\/\/cvinoticias.com\/v3\/argentina-condeno-el-crimen-de-la-periodista-palestina-en-cisjordania\/","og_locale":"es_ES","og_type":"article","og_title":"Argentina conden\u00f3 el crimen de la periodista palestina en Cisjordania | CVI NOTICIAS","og_description":"La Canciller\u00eda conden\u00f3 el crimen de la periodista palestino-estadounidense Shireen Abu Akleh y solicit\u00f3 que se inicie \u00abuna investigaci\u00f3n independiente\u00bb. La Canciller\u00eda conden\u00f3 este s\u00e1bado el crimen de la periodista palestino-estadounidense Shireen Abu Akleh y solicit\u00f3 que se inicie \u00abuna investigaci\u00f3n independiente\u00bb para esclarecer lo ocurrido con la cronista de la cadena de televisi\u00f3n Al [&hellip;]","og_url":"https:\/\/cvinoticias.com\/v3\/argentina-condeno-el-crimen-de-la-periodista-palestina-en-cisjordania\/","og_site_name":"CVI NOTICIAS","article_publisher":"https:\/\/www.facebook.com\/cvinoticias","article_published_time":"2022-05-15T20:33:17+00:00","og_image":[{"width":1500,"height":870,"url":"https:\/\/cvinoticias.com\/wp-content\/uploads\/2022\/05\/0000098107.jpg","type":"image\/jpeg"}],"author":"f1000024","twitter_card":"summary_large_image","twitter_misc":{"Escrito por":"f1000024","Tiempo de lectura":"2 minutos"},"schema":{"@context":"https:\/\/schema.org","@graph":[{"@type":"Article","@id":"https:\/\/cvinoticias.com\/v3\/argentina-condeno-el-crimen-de-la-periodista-palestina-en-cisjordania\/#article","isPartOf":{"@id":"https:\/\/cvinoticias.com\/v3\/argentina-condeno-el-crimen-de-la-periodista-palestina-en-cisjordania\/"},"author":{"name":"f1000024","@id":"https:\/\/cvinoticias.com\/v3\/#\/schema\/person\/2db77e3c6bc03c538495d7b2b8be9b66"},"headline":"Argentina conden\u00f3 el crimen de la periodista palestina en Cisjordania","datePublished":"2022-05-15T20:33:17+00:00","mainEntityOfPage":{"@id":"https:\/\/cvinoticias.com\/v3\/argentina-condeno-el-crimen-de-la-periodista-palestina-en-cisjordania\/"},"wordCount":457,"commentCount":0,"publisher":{"@id":"https:\/\/cvinoticias.com\/v3\/#organization"},"image":{"@id":"https:\/\/cvinoticias.com\/v3\/argentina-condeno-el-crimen-de-la-periodista-palestina-en-cisjordania\/#primaryimage"},"thumbnailUrl":"https:\/\/cvinoticias.com\/wp-content\/uploads\/2022\/05\/0000098107.jpg","articleSection":["Internacionales","Politica"],"inLanguage":"es","potentialAction":[{"@type":"CommentAction","name":"Comment","target":["https:\/\/cvinoticias.com\/v3\/argentina-condeno-el-crimen-de-la-periodista-palestina-en-cisjordania\/#respond"]}]},{"@type":"WebPage","@id":"https:\/\/cvinoticias.com\/v3\/argentina-condeno-el-crimen-de-la-periodista-palestina-en-cisjordania\/","url":"https:\/\/cvinoticias.com\/v3\/argentina-condeno-el-crimen-de-la-periodista-palestina-en-cisjordania\/","name":"Argentina conden\u00f3 el crimen de la periodista palestina en Cisjordania | CVI NOTICIAS","isPartOf":{"@id":"https:\/\/cvinoticias.com\/v3\/#website"},"primaryImageOfPage":{"@id":"https:\/\/cvinoticias.com\/v3\/argentina-condeno-el-crimen-de-la-periodista-palestina-en-cisjordania\/#primaryimage"},"image":{"@id":"https:\/\/cvinoticias.com\/v3\/argentina-condeno-el-crimen-de-la-periodista-palestina-en-cisjordania\/#primaryimage"},"thumbnailUrl":"https:\/\/cvinoticias.com\/wp-content\/uploads\/2022\/05\/0000098107.jpg","datePublished":"2022-05-15T20:33:17+00:00","breadcrumb":{"@id":"https:\/\/cvinoticias.com\/v3\/argentina-condeno-el-crimen-de-la-periodista-palestina-en-cisjordania\/#breadcrumb"},"inLanguage":"es","potentialAction":[{"@type":"ReadAction","target":["https:\/\/cvinoticias.com\/v3\/argentina-condeno-el-crimen-de-la-periodista-palestina-en-cisjordania\/"]}]},{"@type":"ImageObject","inLanguage":"es","@id":"https:\/\/cvinoticias.com\/v3\/argentina-condeno-el-crimen-de-la-periodista-palestina-en-cisjordania\/#primaryimage","url":"https:\/\/cvinoticias.com\/wp-content\/uploads\/2022\/05\/0000098107.jpg","contentUrl":"https:\/\/cvinoticias.com\/wp-content\/uploads\/2022\/05\/0000098107.jpg","width":1500,"height":870},{"@type":"BreadcrumbList","@id":"https:\/\/cvinoticias.com\/v3\/argentina-condeno-el-crimen-de-la-periodista-palestina-en-cisjordania\/#breadcrumb","itemListElement":[{"@type":"ListItem","position":1,"name":"Portada","item":"https:\/\/cvinoticias.com\/v3\/"},{"@type":"ListItem","position":2,"name":"Argentina conden\u00f3 el crimen de la periodista palestina en Cisjordania"}]},{"@type":"WebSite","@id":"https:\/\/cvinoticias.com\/v3\/#website","url":"https:\/\/cvinoticias.com\/v3\/","name":"CVI NOTICIAS","description":"","publisher":{"@id":"https:\/\/cvinoticias.com\/v3\/#organization"},"alternateName":"CVI","potentialAction":[{"@type":"SearchAction","target":{"@type":"EntryPoint","urlTemplate":"https:\/\/cvinoticias.com\/v3\/?s={search_term_string}"},"query-input":{"@type":"PropertyValueSpecification","valueRequired":true,"valueName":"search_term_string"}}],"inLanguage":"es"},{"@type":"Organization","@id":"https:\/\/cvinoticias.com\/v3\/#organization","name":"CVI NOTICIAS","url":"https:\/\/cvinoticias.com\/v3\/","logo":{"@type":"ImageObject","inLanguage":"es","@id":"https:\/\/cvinoticias.com\/v3\/#\/schema\/logo\/image\/","url":"https:\/\/cvinoticias.com\/wp-content\/uploads\/2023\/04\/cropped-cropped-cropped-cropped-cropped-3-1.png","contentUrl":"https:\/\/cvinoticias.com\/wp-content\/uploads\/2023\/04\/cropped-cropped-cropped-cropped-cropped-3-1.png","width":95,"height":122,"caption":"CVI NOTICIAS"},"image":{"@id":"https:\/\/cvinoticias.com\/v3\/#\/schema\/logo\/image\/"},"sameAs":["https:\/\/www.facebook.com\/cvinoticias","https:\/\/www.instagram.com\/cvinoticias\/","https:\/\/www.youtube.com\/@CVINOTICIAS"]},{"@type":"Person","@id":"https:\/\/cvinoticias.com\/v3\/#\/schema\/person\/2db77e3c6bc03c538495d7b2b8be9b66","name":"f1000024","image":{"@type":"ImageObject","inLanguage":"es","@id":"https:\/\/secure.gravatar.com\/avatar\/d4fe7459cfc51ff5129ce1a732bbef5928568b8092d412ef95611616376bbeed?s=96&d=mm&r=g","url":"https:\/\/secure.gravatar.com\/avatar\/d4fe7459cfc51ff5129ce1a732bbef5928568b8092d412ef95611616376bbeed?s=96&d=mm&r=g","contentUrl":"https:\/\/secure.gravatar.com\/avatar\/d4fe7459cfc51ff5129ce1a732bbef5928568b8092d412ef95611616376bbeed?s=96&d=mm&r=g","caption":"f1000024"},"url":"https:\/\/cvinoticias.com\/v3\/author\/f1000024\/"}]}},"_links":{"self":[{"href":"https:\/\/cvinoticias.com\/v3\/wp-json\/wp\/v2\/posts\/15746","targetHints":{"allow":["GET"]}}],"collection":[{"href":"https:\/\/cvinoticias.com\/v3\/wp-json\/wp\/v2\/posts"}],"about":[{"href":"https:\/\/cvinoticias.com\/v3\/wp-json\/wp\/v2\/types\/post"}],"author":[{"embeddable":true,"href":"https:\/\/cvinoticias.com\/v3\/wp-json\/wp\/v2\/users\/2"}],"replies":[{"embeddable":true,"href":"https:\/\/cvinoticias.com\/v3\/wp-json\/wp\/v2\/comments?post=15746"}],"version-history":[{"count":1,"href":"https:\/\/cvinoticias.com\/v3\/wp-json\/wp\/v2\/posts\/15746\/revisions"}],"predecessor-version":[{"id":15748,"href":"https:\/\/cvinoticias.com\/v3\/wp-json\/wp\/v2\/posts\/15746\/revisions\/15748"}],"wp:featuredmedia":[{"embeddable":true,"href":"https:\/\/cvinoticias.com\/v3\/wp-json\/wp\/v2\/media\/15747"}],"wp:attachment":[{"href":"https:\/\/cvinoticias.com\/v3\/wp-json\/wp\/v2\/media?parent=15746"}],"wp:term":[{"taxonomy":"category","embeddable":true,"href":"https:\/\/cvinoticias.com\/v3\/wp-json\/wp\/v2\/categories?post=15746"},{"taxonomy":"post_tag","embeddable":true,"href":"https:\/\/cvinoticias.com\/v3\/wp-json\/wp\/v2\/tags?post=15746"}],"curies":[{"name":"wp","href":"https:\/\/api.w.org\/{rel}","templated":true}]}}