{"id":15739,"date":"2022-05-15T11:04:00","date_gmt":"2022-05-15T11:04:00","guid":{"rendered":"https:\/\/cvinoticias.com\/v3\/?p=15739"},"modified":"2022-05-15T11:04:00","modified_gmt":"2022-05-15T11:04:00","slug":"una-legislatura-que-potencia-al-ejecutivo","status":"publish","type":"post","link":"https:\/\/cvinoticias.com\/v3\/una-legislatura-que-potencia-al-ejecutivo\/","title":{"rendered":"Una Legislatura que potencia al Ejecutivo"},"content":{"rendered":"\n<p><strong><em>El inicio de un nuevo ciclo legislativo da muestras claras de un accionar que lamentablemente se torn\u00f3 en una anomal\u00eda nacional: que el Poder Legislativo act\u00fae para brindarle certeza y potencie la gesti\u00f3n del Gobernador de la Provincia. A diferencia de lo sucedido en otras latitudes y en el \u00e1mbito nacional, en Misiones los poderes del Estado funcionan a favor del pueblo.<\/em><\/strong><\/p>\n\n\n\n<p>Nuevamente, el inicio de las sesiones ordinarias de la C\u00e1mara de Representantes evidenci\u00f3 que la agenda legislativa que propone la fuerza pol\u00edtica conducida por el Ing. Rovira se basa en la atenci\u00f3n de la problem\u00e1tica cotidiana de la ciudadan\u00eda.<\/p>\n\n\n\n<p>El contraste con los temas que pretenden debatir las fuerzas opositoras, incluso a nivel nacional, es total, puesto que se encuentran lejos de los intereses del pueblo. El caso de la reforma electoral, una de las pocas cosas que funcionan bien en la Argentina, es el ejemplo perfecto: en un contexto nacional e internacional plagado de complejidades e incertidumbre, buena parte de los espacios opositores hicieron de la implementaci\u00f3n de la Boleta \u00danica de Papel (BUP) una cruzada c\u00edvica, \u00e9tica y moral, asumiendo que era la preocupaci\u00f3n m\u00e1xima del ciudadano de a pie.<\/p>\n\n\n\n<p>Otra cuesti\u00f3n que se aprecia en el andamiaje legislativo provincial es la complementaci\u00f3n con el Poder Ejecutivo. Entre ambos poderes se coordinan y fortalecen la gesti\u00f3n, a diferencia de lo sucedido d\u00e9cadas atr\u00e1s en Misiones o la situaci\u00f3n actual en que la disputa entre presidente y vice de la Naci\u00f3n se juega tambi\u00e9n en el Senado.<\/p>\n\n\n\n<p>Incluso, con una c\u00f3moda mayor\u00eda, el oficialismo ha hecho lugar a leyes de diputados opositores a la Renovaci\u00f3n.<br>Para ilustrar lo relatado podemos abordar el caso de la segunda sesi\u00f3n ordinaria del a\u00f1o. Del tratamiento legislativo se destacaron tres proyectos aprobados: la Ley de Humedales, el Plan integral de cobertura de Salud \u201cSi Misiones\u201d y la Ley de Impulso y Desarrollo de la Actividad Frut\u00edcola.<\/p>\n\n\n\n<p>La Ley de Humedales proveer\u00e1 un marco regulatorio para que se preserven, conserven, defiendan y desarrollen todos los humedales de la provincia que protegen y contribuyen a mantener el orden del ecosistema. La normativa tiene como objetivos proteger los procesos ecol\u00f3gicos y culturales de los humedales, garantizando sus caracter\u00edsticas ecol\u00f3gicas y los valores ecosist\u00e9micos que brindan; identificar los bosques nativos o implantados protectores de humedales; proteger y conservar la biodiversidad de los humedales; promover la utilizaci\u00f3n racional del suelo, el agua, la flora, fauna, paisajes y dem\u00e1s recursos naturales en funci\u00f3n de los valores del ambiente; revalorizar la contribuci\u00f3n ambiental, social y cultural en beneficio del desarrollo sustentable; realizar el control, reducci\u00f3n o eliminaci\u00f3n de actividades, procesos, actividades o componentes del medio que ocasionen o puedan ocasionar perjuicio al ambiente y la salud del hombre, como tambi\u00e9n a su flora y fauna; lograr un equilibrio ecol\u00f3gico propicio para el sano desarrollo de los habitantes.<\/p>\n\n\n\n<p>Por otra parte, los diputados misioneros dieron luz verde al proyecto del diputado Carlos Rovira, que crea el Plan de Salud Integral \u201cSi Misiones\u201d, que garantiza accesibilidad, equidad y universalidad en todos los ciclos de la vida. Este Plan funciona de forma transversal a los programas existentes. El objetivo del Plan es brindar una respuesta sanitaria eficiente y eficaz, con calidad profesional y alta capacidad resolutiva para todos los habitantes de la Provincia. \u201cSi Misiones\u201d acciona en cinco grupos etarios con estrategias y circuitos predeterminados: Estrategia de los Mil D\u00edas, Estrategia Infantil, Estrategia Adolescente, Estrategia Adulto, Estrategia Adulto Mayor.<\/p>\n\n\n\n<p>La tercera Ley de importancia sancionada el \u00faltimo jueves por la C\u00e1mara de Representantes de Misiones fue la de Impulso y Desarrollo de la Actividad Frut\u00edcola, que tiene como objetivo impulsar el desarrollo de esa actividad en la provincia, a trav\u00e9s del fortalecimiento de la producci\u00f3n, industrializaci\u00f3n y comercializaci\u00f3n de las frutas y productos elaborados. La ley apunta a diversificar y adaptar los sistemas de producci\u00f3n para obtener nuevos productos, subproductos y procesos que permitan mejorar el desarrollo de la actividad frut\u00edcola; fomentar la producci\u00f3n de plantines de especies frut\u00edcolas en viveros a fin de lograr el autoabastecimiento de plantas con viveros radicados en la provincia; y aumentar la diversificaci\u00f3n productiva, manteniendo y potenciando los servicios ecosist\u00e9micos de los sistemas productivos; entre otros objetivos.<\/p>\n\n\n\n<p><strong>Yerba a la baja<\/strong><\/p>\n\n\n\n<p>El precio de la Yerba Mate volvi\u00f3 a ser laudado por el Gobierno Nacional, dej\u00e1ndolo en valores menores a lo que se paga en las chacras. De esta manera qued\u00f3 en evidencia una vez m\u00e1s el desconocimiento de funcionarios que viven en Buenos Aires de las econom\u00edas del interior.<br>Para ponerlo en n\u00fameros: hace cinco meses se pagaba 50 pesos el kilo de hoja verde y el precio decretado es de 46,89 pesos.<\/p>\n\n\n\n<p>En este escenario debe recordarse el valioso anuncio del gobernador Herrera Ahuad ante la Asamblea Legislativa, cuando inform\u00f3 que se crear\u00e1 un molino yerbatero en Andresito, cuyo precio de referencia ser\u00e1 de 60 centavos de d\u00f3lar por kilo de hoja verde. Adem\u00e1s, ser\u00e1 administrado por los propios productores.<\/p>\n\n\n\n<p>De esta manera, se suma un fuerte actor econ\u00f3mico con capacidad de influir en el precio, forzando a los dem\u00e1s molinos a actualizar sus valores o resignarse a perder proveedores de materias primas.<\/p>\n\n\n\n<p><strong>Internas eternas<\/strong><\/p>\n\n\n\n<p>La oposici\u00f3n, dejando de lado alg\u00fan berrinche como el de la BUP, se enfoca exclusivamente en las elecciones del pr\u00f3ximo a\u00f1o. Tanto Juntos por el Cambio, como el Frente de Todos en Misiones se preocupan por dirimir futuras candidaturas.<\/p>\n\n\n\n<p>En cuando a la alianza amarilla, se acelera la ruptura entre el PRO y los radicales. En lo que s\u00ed coinciden es en la gran cantidad de precandidatos presidenciales, hay demasiados caciques. Por el lado del PRO se anotaron Larreta, Macri, Bullrich, Vidal y hasta Miguel \u00c1ngel Pichetto. Mientras que la UCR tiene a Gerardo Morales, Gustavo Valdes, los mendocinos Suarez y Cornejo, y hasta Mart\u00edn Lousteau presiona por poner un candidato propio.<\/p>\n\n\n\n<figure class=\"wp-block-image size-large\"><a href=\"https:\/\/cvinoticias.com\/wp-content\/uploads\/2022\/05\/IMG-20220515-WA0005.jpg\"><img decoding=\"async\" width=\"1024\" height=\"682\" data-src=\"https:\/\/cvinoticias.com\/wp-content\/uploads\/2022\/05\/IMG-20220515-WA0005-1024x682.jpg\" alt=\"\" class=\"wp-image-15740 lazyload\" data-srcset=\"https:\/\/cvinoticias.com\/wp-content\/uploads\/2022\/05\/IMG-20220515-WA0005-1024x682.jpg 1024w, https:\/\/cvinoticias.com\/wp-content\/uploads\/2022\/05\/IMG-20220515-WA0005-300x200.jpg 300w, https:\/\/cvinoticias.com\/wp-content\/uploads\/2022\/05\/IMG-20220515-WA0005-768x512.jpg 768w, https:\/\/cvinoticias.com\/wp-content\/uploads\/2022\/05\/IMG-20220515-WA0005.jpg 1280w\" data-sizes=\"(max-width: 1024px) 100vw, 1024px\" src=\"data:image\/svg+xml;base64,PHN2ZyB3aWR0aD0iMSIgaGVpZ2h0PSIxIiB4bWxucz0iaHR0cDovL3d3dy53My5vcmcvMjAwMC9zdmciPjwvc3ZnPg==\" style=\"--smush-placeholder-width: 1024px; --smush-placeholder-aspect-ratio: 1024\/682;\" \/><\/a><\/figure>\n\n\n\n<p>Nada es permanente en pol\u00edtica, ni siquiera los triunfos. Vencer en una contienda electoral implica aumentar el trabajo, no detenerlo. Bien lo sabe el misionero Mart\u00edn Arjol, cuya victoriosa estrella se apag\u00f3 bruscamente. Desde finales del a\u00f1o pasado, cuando vot\u00f3 en contra del Presupuesto Nacional (y dej\u00f3 a Misiones sin un paquete de 96 mil millones de pesos en obras, as\u00ed como sin Zona Aduanera Especial), no figura en la agenda pol\u00edtica m\u00e1s que para alguna foto de ocasi\u00f3n. Por lo tanto, no se tienen certezas de que rol jugar\u00e1 en la interna cambiemita.<\/p>\n\n\n\n<p>Siempre en el plano nacional, debe sum\u00e1rsele la aventura presidencial del libertario Milei, as\u00ed como a al menos dos posibles candidatos del oficialismo. Lo que sumar\u00eda al menos diez presidenciables en 2023.<\/p>\n\n\n\n<p>Para no ser menos, el oficialismo nacional tambi\u00e9n profundiza su crisis: presidente vs vice y sus cuadros intermedios, Massa expectante para buscar su ventaja. Todo con una inflaci\u00f3n que no cesa y alcanz\u00f3 el pasado mes de abril el 58% interanual.<\/p>\n\n\n\n<p>En esta coyuntura, el Frente Renovador se plantea seguir con la independencia pol\u00edtica y no sumarse a est\u00e9riles disputas que hoy ofrecen los dos espacios mayoritarios nacionales. Como hemos visto en el repaso legislativo, el oficialismo provincial se concentra en la gesti\u00f3n de cercan\u00eda y la resoluci\u00f3n de los problemas cotidianos del misionero de a pie.<\/p>\n\n\n\n<p>Los resultados de los \u00faltimos dos a\u00f1os, pandemia mediante, as\u00ed lo reflejan.<\/p>\n","protected":false},"excerpt":{"rendered":"<p>El inicio de un nuevo ciclo legislativo da muestras claras de un accionar que lamentablemente se torn\u00f3 en una anomal\u00eda nacional: que el Poder Legislativo act\u00fae para brindarle certeza y potencie la gesti\u00f3n del Gobernador de la Provincia. A diferencia de lo sucedido en otras latitudes y en el \u00e1mbito nacional, en Misiones los poderes [&hellip;]<\/p>\n","protected":false},"author":2,"featured_media":15741,"comment_status":"open","ping_status":"open","sticky":false,"template":"","format":"standard","meta":{"footnotes":""},"categories":[42],"tags":[],"class_list":["post-15739","post","type-post","status-publish","format-standard","has-post-thumbnail","hentry","category-politica"],"yoast_head":"<!-- This site is optimized with the Yoast SEO plugin v27.5 - https:\/\/yoast.com\/product\/yoast-seo-wordpress\/ -->\n<title>Una Legislatura que potencia al Ejecutivo | CVI NOTICIAS<\/title>\n<meta name=\"robots\" content=\"index, follow, max-snippet:-1, max-image-preview:large, max-video-preview:-1\" \/>\n<link rel=\"canonical\" href=\"https:\/\/cvinoticias.com\/v3\/una-legislatura-que-potencia-al-ejecutivo\/\" \/>\n<meta property=\"og:locale\" content=\"es_ES\" \/>\n<meta property=\"og:type\" content=\"article\" \/>\n<meta property=\"og:title\" content=\"Una Legislatura que potencia al Ejecutivo | CVI NOTICIAS\" \/>\n<meta property=\"og:description\" content=\"El inicio de un nuevo ciclo legislativo da muestras claras de un accionar que lamentablemente se torn\u00f3 en una anomal\u00eda nacional: que el Poder Legislativo act\u00fae para brindarle certeza y potencie la gesti\u00f3n del Gobernador de la Provincia. A diferencia de lo sucedido en otras latitudes y en el \u00e1mbito nacional, en Misiones los poderes [&hellip;]\" \/>\n<meta property=\"og:url\" content=\"https:\/\/cvinoticias.com\/v3\/una-legislatura-que-potencia-al-ejecutivo\/\" \/>\n<meta property=\"og:site_name\" content=\"CVI NOTICIAS\" \/>\n<meta property=\"article:publisher\" content=\"https:\/\/www.facebook.com\/cvinoticias\" \/>\n<meta property=\"article:published_time\" content=\"2022-05-15T11:04:00+00:00\" \/>\n<meta property=\"og:image\" content=\"https:\/\/cvinoticias.com\/wp-content\/uploads\/2022\/05\/IMG-20220515-WA0004.jpg\" \/>\n\t<meta property=\"og:image:width\" content=\"1280\" \/>\n\t<meta property=\"og:image:height\" content=\"721\" \/>\n\t<meta property=\"og:image:type\" content=\"image\/jpeg\" \/>\n<meta name=\"author\" content=\"f1000024\" \/>\n<meta name=\"twitter:card\" content=\"summary_large_image\" \/>\n<meta name=\"twitter:label1\" content=\"Escrito por\" \/>\n\t<meta name=\"twitter:data1\" content=\"f1000024\" \/>\n\t<meta name=\"twitter:label2\" content=\"Tiempo de lectura\" \/>\n\t<meta name=\"twitter:data2\" content=\"6 minutos\" \/>\n<script type=\"application\/ld+json\" class=\"yoast-schema-graph\">{\"@context\":\"https:\\\/\\\/schema.org\",\"@graph\":[{\"@type\":\"Article\",\"@id\":\"https:\\\/\\\/cvinoticias.com\\\/v3\\\/una-legislatura-que-potencia-al-ejecutivo\\\/#article\",\"isPartOf\":{\"@id\":\"https:\\\/\\\/cvinoticias.com\\\/v3\\\/una-legislatura-que-potencia-al-ejecutivo\\\/\"},\"author\":{\"name\":\"f1000024\",\"@id\":\"https:\\\/\\\/cvinoticias.com\\\/v3\\\/#\\\/schema\\\/person\\\/2db77e3c6bc03c538495d7b2b8be9b66\"},\"headline\":\"Una Legislatura que potencia al Ejecutivo\",\"datePublished\":\"2022-05-15T11:04:00+00:00\",\"mainEntityOfPage\":{\"@id\":\"https:\\\/\\\/cvinoticias.com\\\/v3\\\/una-legislatura-que-potencia-al-ejecutivo\\\/\"},\"wordCount\":1279,\"commentCount\":0,\"publisher\":{\"@id\":\"https:\\\/\\\/cvinoticias.com\\\/v3\\\/#organization\"},\"image\":{\"@id\":\"https:\\\/\\\/cvinoticias.com\\\/v3\\\/una-legislatura-que-potencia-al-ejecutivo\\\/#primaryimage\"},\"thumbnailUrl\":\"https:\\\/\\\/cvinoticias.com\\\/wp-content\\\/uploads\\\/2022\\\/05\\\/IMG-20220515-WA0004.jpg\",\"articleSection\":[\"Politica\"],\"inLanguage\":\"es\",\"potentialAction\":[{\"@type\":\"CommentAction\",\"name\":\"Comment\",\"target\":[\"https:\\\/\\\/cvinoticias.com\\\/v3\\\/una-legislatura-que-potencia-al-ejecutivo\\\/#respond\"]}]},{\"@type\":\"WebPage\",\"@id\":\"https:\\\/\\\/cvinoticias.com\\\/v3\\\/una-legislatura-que-potencia-al-ejecutivo\\\/\",\"url\":\"https:\\\/\\\/cvinoticias.com\\\/v3\\\/una-legislatura-que-potencia-al-ejecutivo\\\/\",\"name\":\"Una Legislatura que potencia al Ejecutivo | CVI NOTICIAS\",\"isPartOf\":{\"@id\":\"https:\\\/\\\/cvinoticias.com\\\/v3\\\/#website\"},\"primaryImageOfPage\":{\"@id\":\"https:\\\/\\\/cvinoticias.com\\\/v3\\\/una-legislatura-que-potencia-al-ejecutivo\\\/#primaryimage\"},\"image\":{\"@id\":\"https:\\\/\\\/cvinoticias.com\\\/v3\\\/una-legislatura-que-potencia-al-ejecutivo\\\/#primaryimage\"},\"thumbnailUrl\":\"https:\\\/\\\/cvinoticias.com\\\/wp-content\\\/uploads\\\/2022\\\/05\\\/IMG-20220515-WA0004.jpg\",\"datePublished\":\"2022-05-15T11:04:00+00:00\",\"breadcrumb\":{\"@id\":\"https:\\\/\\\/cvinoticias.com\\\/v3\\\/una-legislatura-que-potencia-al-ejecutivo\\\/#breadcrumb\"},\"inLanguage\":\"es\",\"potentialAction\":[{\"@type\":\"ReadAction\",\"target\":[\"https:\\\/\\\/cvinoticias.com\\\/v3\\\/una-legislatura-que-potencia-al-ejecutivo\\\/\"]}]},{\"@type\":\"ImageObject\",\"inLanguage\":\"es\",\"@id\":\"https:\\\/\\\/cvinoticias.com\\\/v3\\\/una-legislatura-que-potencia-al-ejecutivo\\\/#primaryimage\",\"url\":\"https:\\\/\\\/cvinoticias.com\\\/wp-content\\\/uploads\\\/2022\\\/05\\\/IMG-20220515-WA0004.jpg\",\"contentUrl\":\"https:\\\/\\\/cvinoticias.com\\\/wp-content\\\/uploads\\\/2022\\\/05\\\/IMG-20220515-WA0004.jpg\",\"width\":1280,\"height\":721},{\"@type\":\"BreadcrumbList\",\"@id\":\"https:\\\/\\\/cvinoticias.com\\\/v3\\\/una-legislatura-que-potencia-al-ejecutivo\\\/#breadcrumb\",\"itemListElement\":[{\"@type\":\"ListItem\",\"position\":1,\"name\":\"Portada\",\"item\":\"https:\\\/\\\/cvinoticias.com\\\/v3\\\/\"},{\"@type\":\"ListItem\",\"position\":2,\"name\":\"Una Legislatura que potencia al Ejecutivo\"}]},{\"@type\":\"WebSite\",\"@id\":\"https:\\\/\\\/cvinoticias.com\\\/v3\\\/#website\",\"url\":\"https:\\\/\\\/cvinoticias.com\\\/v3\\\/\",\"name\":\"CVI NOTICIAS\",\"description\":\"\",\"publisher\":{\"@id\":\"https:\\\/\\\/cvinoticias.com\\\/v3\\\/#organization\"},\"alternateName\":\"CVI\",\"potentialAction\":[{\"@type\":\"SearchAction\",\"target\":{\"@type\":\"EntryPoint\",\"urlTemplate\":\"https:\\\/\\\/cvinoticias.com\\\/v3\\\/?s={search_term_string}\"},\"query-input\":{\"@type\":\"PropertyValueSpecification\",\"valueRequired\":true,\"valueName\":\"search_term_string\"}}],\"inLanguage\":\"es\"},{\"@type\":\"Organization\",\"@id\":\"https:\\\/\\\/cvinoticias.com\\\/v3\\\/#organization\",\"name\":\"CVI NOTICIAS\",\"url\":\"https:\\\/\\\/cvinoticias.com\\\/v3\\\/\",\"logo\":{\"@type\":\"ImageObject\",\"inLanguage\":\"es\",\"@id\":\"https:\\\/\\\/cvinoticias.com\\\/v3\\\/#\\\/schema\\\/logo\\\/image\\\/\",\"url\":\"https:\\\/\\\/cvinoticias.com\\\/wp-content\\\/uploads\\\/2023\\\/04\\\/cropped-cropped-cropped-cropped-cropped-3-1.png\",\"contentUrl\":\"https:\\\/\\\/cvinoticias.com\\\/wp-content\\\/uploads\\\/2023\\\/04\\\/cropped-cropped-cropped-cropped-cropped-3-1.png\",\"width\":95,\"height\":122,\"caption\":\"CVI NOTICIAS\"},\"image\":{\"@id\":\"https:\\\/\\\/cvinoticias.com\\\/v3\\\/#\\\/schema\\\/logo\\\/image\\\/\"},\"sameAs\":[\"https:\\\/\\\/www.facebook.com\\\/cvinoticias\",\"https:\\\/\\\/www.instagram.com\\\/cvinoticias\\\/\",\"https:\\\/\\\/www.youtube.com\\\/@CVINOTICIAS\"]},{\"@type\":\"Person\",\"@id\":\"https:\\\/\\\/cvinoticias.com\\\/v3\\\/#\\\/schema\\\/person\\\/2db77e3c6bc03c538495d7b2b8be9b66\",\"name\":\"f1000024\",\"image\":{\"@type\":\"ImageObject\",\"inLanguage\":\"es\",\"@id\":\"https:\\\/\\\/secure.gravatar.com\\\/avatar\\\/d4fe7459cfc51ff5129ce1a732bbef5928568b8092d412ef95611616376bbeed?s=96&d=mm&r=g\",\"url\":\"https:\\\/\\\/secure.gravatar.com\\\/avatar\\\/d4fe7459cfc51ff5129ce1a732bbef5928568b8092d412ef95611616376bbeed?s=96&d=mm&r=g\",\"contentUrl\":\"https:\\\/\\\/secure.gravatar.com\\\/avatar\\\/d4fe7459cfc51ff5129ce1a732bbef5928568b8092d412ef95611616376bbeed?s=96&d=mm&r=g\",\"caption\":\"f1000024\"},\"url\":\"https:\\\/\\\/cvinoticias.com\\\/v3\\\/author\\\/f1000024\\\/\"}]}<\/script>\n<!-- \/ Yoast SEO plugin. -->","yoast_head_json":{"title":"Una Legislatura que potencia al Ejecutivo | CVI NOTICIAS","robots":{"index":"index","follow":"follow","max-snippet":"max-snippet:-1","max-image-preview":"max-image-preview:large","max-video-preview":"max-video-preview:-1"},"canonical":"https:\/\/cvinoticias.com\/v3\/una-legislatura-que-potencia-al-ejecutivo\/","og_locale":"es_ES","og_type":"article","og_title":"Una Legislatura que potencia al Ejecutivo | CVI NOTICIAS","og_description":"El inicio de un nuevo ciclo legislativo da muestras claras de un accionar que lamentablemente se torn\u00f3 en una anomal\u00eda nacional: que el Poder Legislativo act\u00fae para brindarle certeza y potencie la gesti\u00f3n del Gobernador de la Provincia. A diferencia de lo sucedido en otras latitudes y en el \u00e1mbito nacional, en Misiones los poderes [&hellip;]","og_url":"https:\/\/cvinoticias.com\/v3\/una-legislatura-que-potencia-al-ejecutivo\/","og_site_name":"CVI NOTICIAS","article_publisher":"https:\/\/www.facebook.com\/cvinoticias","article_published_time":"2022-05-15T11:04:00+00:00","og_image":[{"width":1280,"height":721,"url":"https:\/\/cvinoticias.com\/wp-content\/uploads\/2022\/05\/IMG-20220515-WA0004.jpg","type":"image\/jpeg"}],"author":"f1000024","twitter_card":"summary_large_image","twitter_misc":{"Escrito por":"f1000024","Tiempo de lectura":"6 minutos"},"schema":{"@context":"https:\/\/schema.org","@graph":[{"@type":"Article","@id":"https:\/\/cvinoticias.com\/v3\/una-legislatura-que-potencia-al-ejecutivo\/#article","isPartOf":{"@id":"https:\/\/cvinoticias.com\/v3\/una-legislatura-que-potencia-al-ejecutivo\/"},"author":{"name":"f1000024","@id":"https:\/\/cvinoticias.com\/v3\/#\/schema\/person\/2db77e3c6bc03c538495d7b2b8be9b66"},"headline":"Una Legislatura que potencia al Ejecutivo","datePublished":"2022-05-15T11:04:00+00:00","mainEntityOfPage":{"@id":"https:\/\/cvinoticias.com\/v3\/una-legislatura-que-potencia-al-ejecutivo\/"},"wordCount":1279,"commentCount":0,"publisher":{"@id":"https:\/\/cvinoticias.com\/v3\/#organization"},"image":{"@id":"https:\/\/cvinoticias.com\/v3\/una-legislatura-que-potencia-al-ejecutivo\/#primaryimage"},"thumbnailUrl":"https:\/\/cvinoticias.com\/wp-content\/uploads\/2022\/05\/IMG-20220515-WA0004.jpg","articleSection":["Politica"],"inLanguage":"es","potentialAction":[{"@type":"CommentAction","name":"Comment","target":["https:\/\/cvinoticias.com\/v3\/una-legislatura-que-potencia-al-ejecutivo\/#respond"]}]},{"@type":"WebPage","@id":"https:\/\/cvinoticias.com\/v3\/una-legislatura-que-potencia-al-ejecutivo\/","url":"https:\/\/cvinoticias.com\/v3\/una-legislatura-que-potencia-al-ejecutivo\/","name":"Una Legislatura que potencia al Ejecutivo | CVI NOTICIAS","isPartOf":{"@id":"https:\/\/cvinoticias.com\/v3\/#website"},"primaryImageOfPage":{"@id":"https:\/\/cvinoticias.com\/v3\/una-legislatura-que-potencia-al-ejecutivo\/#primaryimage"},"image":{"@id":"https:\/\/cvinoticias.com\/v3\/una-legislatura-que-potencia-al-ejecutivo\/#primaryimage"},"thumbnailUrl":"https:\/\/cvinoticias.com\/wp-content\/uploads\/2022\/05\/IMG-20220515-WA0004.jpg","datePublished":"2022-05-15T11:04:00+00:00","breadcrumb":{"@id":"https:\/\/cvinoticias.com\/v3\/una-legislatura-que-potencia-al-ejecutivo\/#breadcrumb"},"inLanguage":"es","potentialAction":[{"@type":"ReadAction","target":["https:\/\/cvinoticias.com\/v3\/una-legislatura-que-potencia-al-ejecutivo\/"]}]},{"@type":"ImageObject","inLanguage":"es","@id":"https:\/\/cvinoticias.com\/v3\/una-legislatura-que-potencia-al-ejecutivo\/#primaryimage","url":"https:\/\/cvinoticias.com\/wp-content\/uploads\/2022\/05\/IMG-20220515-WA0004.jpg","contentUrl":"https:\/\/cvinoticias.com\/wp-content\/uploads\/2022\/05\/IMG-20220515-WA0004.jpg","width":1280,"height":721},{"@type":"BreadcrumbList","@id":"https:\/\/cvinoticias.com\/v3\/una-legislatura-que-potencia-al-ejecutivo\/#breadcrumb","itemListElement":[{"@type":"ListItem","position":1,"name":"Portada","item":"https:\/\/cvinoticias.com\/v3\/"},{"@type":"ListItem","position":2,"name":"Una Legislatura que potencia al Ejecutivo"}]},{"@type":"WebSite","@id":"https:\/\/cvinoticias.com\/v3\/#website","url":"https:\/\/cvinoticias.com\/v3\/","name":"CVI NOTICIAS","description":"","publisher":{"@id":"https:\/\/cvinoticias.com\/v3\/#organization"},"alternateName":"CVI","potentialAction":[{"@type":"SearchAction","target":{"@type":"EntryPoint","urlTemplate":"https:\/\/cvinoticias.com\/v3\/?s={search_term_string}"},"query-input":{"@type":"PropertyValueSpecification","valueRequired":true,"valueName":"search_term_string"}}],"inLanguage":"es"},{"@type":"Organization","@id":"https:\/\/cvinoticias.com\/v3\/#organization","name":"CVI NOTICIAS","url":"https:\/\/cvinoticias.com\/v3\/","logo":{"@type":"ImageObject","inLanguage":"es","@id":"https:\/\/cvinoticias.com\/v3\/#\/schema\/logo\/image\/","url":"https:\/\/cvinoticias.com\/wp-content\/uploads\/2023\/04\/cropped-cropped-cropped-cropped-cropped-3-1.png","contentUrl":"https:\/\/cvinoticias.com\/wp-content\/uploads\/2023\/04\/cropped-cropped-cropped-cropped-cropped-3-1.png","width":95,"height":122,"caption":"CVI NOTICIAS"},"image":{"@id":"https:\/\/cvinoticias.com\/v3\/#\/schema\/logo\/image\/"},"sameAs":["https:\/\/www.facebook.com\/cvinoticias","https:\/\/www.instagram.com\/cvinoticias\/","https:\/\/www.youtube.com\/@CVINOTICIAS"]},{"@type":"Person","@id":"https:\/\/cvinoticias.com\/v3\/#\/schema\/person\/2db77e3c6bc03c538495d7b2b8be9b66","name":"f1000024","image":{"@type":"ImageObject","inLanguage":"es","@id":"https:\/\/secure.gravatar.com\/avatar\/d4fe7459cfc51ff5129ce1a732bbef5928568b8092d412ef95611616376bbeed?s=96&d=mm&r=g","url":"https:\/\/secure.gravatar.com\/avatar\/d4fe7459cfc51ff5129ce1a732bbef5928568b8092d412ef95611616376bbeed?s=96&d=mm&r=g","contentUrl":"https:\/\/secure.gravatar.com\/avatar\/d4fe7459cfc51ff5129ce1a732bbef5928568b8092d412ef95611616376bbeed?s=96&d=mm&r=g","caption":"f1000024"},"url":"https:\/\/cvinoticias.com\/v3\/author\/f1000024\/"}]}},"_links":{"self":[{"href":"https:\/\/cvinoticias.com\/v3\/wp-json\/wp\/v2\/posts\/15739","targetHints":{"allow":["GET"]}}],"collection":[{"href":"https:\/\/cvinoticias.com\/v3\/wp-json\/wp\/v2\/posts"}],"about":[{"href":"https:\/\/cvinoticias.com\/v3\/wp-json\/wp\/v2\/types\/post"}],"author":[{"embeddable":true,"href":"https:\/\/cvinoticias.com\/v3\/wp-json\/wp\/v2\/users\/2"}],"replies":[{"embeddable":true,"href":"https:\/\/cvinoticias.com\/v3\/wp-json\/wp\/v2\/comments?post=15739"}],"version-history":[{"count":1,"href":"https:\/\/cvinoticias.com\/v3\/wp-json\/wp\/v2\/posts\/15739\/revisions"}],"predecessor-version":[{"id":15742,"href":"https:\/\/cvinoticias.com\/v3\/wp-json\/wp\/v2\/posts\/15739\/revisions\/15742"}],"wp:featuredmedia":[{"embeddable":true,"href":"https:\/\/cvinoticias.com\/v3\/wp-json\/wp\/v2\/media\/15741"}],"wp:attachment":[{"href":"https:\/\/cvinoticias.com\/v3\/wp-json\/wp\/v2\/media?parent=15739"}],"wp:term":[{"taxonomy":"category","embeddable":true,"href":"https:\/\/cvinoticias.com\/v3\/wp-json\/wp\/v2\/categories?post=15739"},{"taxonomy":"post_tag","embeddable":true,"href":"https:\/\/cvinoticias.com\/v3\/wp-json\/wp\/v2\/tags?post=15739"}],"curies":[{"name":"wp","href":"https:\/\/api.w.org\/{rel}","templated":true}]}}