{"id":1550,"date":"2021-01-13T00:24:15","date_gmt":"2021-01-13T00:24:15","guid":{"rendered":"https:\/\/cvinoticias.com\/v3\/?p=1550"},"modified":"2021-01-13T00:24:15","modified_gmt":"2021-01-13T00:24:15","slug":"hallaron-sin-vida-a-un-bebe-a-la-vera-de-un-arroyo-en-san-martin-y-detuvieron-a-sus-padres","status":"publish","type":"post","link":"https:\/\/cvinoticias.com\/v3\/hallaron-sin-vida-a-un-bebe-a-la-vera-de-un-arroyo-en-san-martin-y-detuvieron-a-sus-padres\/","title":{"rendered":"Hallaron sin vida a un beb\u00e9 a la vera de un arroyo en San Mart\u00edn y detuvieron a sus padres"},"content":{"rendered":"\n<p><strong><em>A escasos metros del arroyo Barrero, de la localidad de San Mart\u00edn, hoy la Polic\u00eda hall\u00f3 el cuerpo en descomposici\u00f3n de un beb\u00e9 de aproximadamente 4 meses.<\/em><\/strong><\/p>\n\n\n\n<p>La Justicia orden\u00f3 la detenci\u00f3n de sus padres que preventivamente ya est\u00e1n alojados en sede policial en el marco de la causa que, por ahora, tiene la caratula de homicidio calificado.<\/p>\n\n\n\n<p>El caso de la criatura trascendi\u00f3 en las \u00faltimas horas, en principio a ra\u00edz de su desaparici\u00f3n que fue advertida por usuarios de redes sociales. Una vez conocida esta versi\u00f3n, los investigadores de la Unidad Regional de Ober\u00e1 inmediatamente actuaron de oficio y fueron tras el paradero del beb\u00e9 y sus padres.<\/p>\n\n\n\n<p>El primer indicio se obtuvo al establecerse que su madre estaba detenida en averiguaci\u00f3n de un robo ocurrido en el municipio de Alvear, en tanto el paradero del menor y su padre eran desconocidos.<\/p>\n\n\n\n<p>En el transcurso de esta jornada, el juzgado interviniente en el il\u00edcito de Alvear dispuso la liberaci\u00f3n de la madre del ni\u00f1o buscado y fue ella quien acompa\u00f1\u00f3 a los polic\u00edas en el rastrillaje para hallar a su hijo.<\/p>\n\n\n\n<p>Finalmente, a las 17 hs, en la zona rural Oliver, los agentes hallaron el cuerpo del menor de 4 meses. Tras disponer la autopsia correspondiente, el juzgado de Instrucci\u00f3n de Ober\u00e1 orden\u00f3 la detenci\u00f3n de Karina D.S. de 23 a\u00f1os quien autom\u00e1ticamente fue nuevamente puesta bajo custodia, mientras que su pareja, Oscar D.S. de 32, fue capturado posteriormente tras un amplio operativo en Ober\u00e1.<\/p>\n\n\n\n<p>Prensa Polic\u00eda Provincial<\/p>\n\n\n\n<figure class=\"wp-block-image size-large is-resized\"><a href=\"https:\/\/cvinoticias.com\/wp-content\/uploads\/2021\/01\/IMG-20210112-WA0124.jpg\"><img decoding=\"async\" data-src=\"https:\/\/cvinoticias.com\/wp-content\/uploads\/2021\/01\/IMG-20210112-WA0124-1024x570.jpg\" alt=\"\" class=\"wp-image-1552 lazyload\" width=\"580\" height=\"322\" data-srcset=\"https:\/\/cvinoticias.com\/wp-content\/uploads\/2021\/01\/IMG-20210112-WA0124-1024x570.jpg 1024w, https:\/\/cvinoticias.com\/wp-content\/uploads\/2021\/01\/IMG-20210112-WA0124-300x167.jpg 300w, https:\/\/cvinoticias.com\/wp-content\/uploads\/2021\/01\/IMG-20210112-WA0124-768x427.jpg 768w, https:\/\/cvinoticias.com\/wp-content\/uploads\/2021\/01\/IMG-20210112-WA0124.jpg 1280w\" data-sizes=\"(max-width: 580px) 100vw, 580px\" src=\"data:image\/svg+xml;base64,PHN2ZyB3aWR0aD0iMSIgaGVpZ2h0PSIxIiB4bWxucz0iaHR0cDovL3d3dy53My5vcmcvMjAwMC9zdmciPjwvc3ZnPg==\" style=\"--smush-placeholder-width: 580px; --smush-placeholder-aspect-ratio: 580\/322;\" \/><\/a><\/figure>\n\n\n\n<figure class=\"wp-block-image size-large\"><a href=\"https:\/\/cvinoticias.com\/wp-content\/uploads\/2021\/01\/IMG-20210112-WA0123.jpg\"><img decoding=\"async\" width=\"1024\" height=\"643\" data-src=\"https:\/\/cvinoticias.com\/wp-content\/uploads\/2021\/01\/IMG-20210112-WA0123-1024x643.jpg\" alt=\"\" class=\"wp-image-1554 lazyload\" data-srcset=\"https:\/\/cvinoticias.com\/wp-content\/uploads\/2021\/01\/IMG-20210112-WA0123-1024x643.jpg 1024w, https:\/\/cvinoticias.com\/wp-content\/uploads\/2021\/01\/IMG-20210112-WA0123-300x188.jpg 300w, https:\/\/cvinoticias.com\/wp-content\/uploads\/2021\/01\/IMG-20210112-WA0123-768x482.jpg 768w, https:\/\/cvinoticias.com\/wp-content\/uploads\/2021\/01\/IMG-20210112-WA0123.jpg 1280w\" data-sizes=\"(max-width: 1024px) 100vw, 1024px\" src=\"data:image\/svg+xml;base64,PHN2ZyB3aWR0aD0iMSIgaGVpZ2h0PSIxIiB4bWxucz0iaHR0cDovL3d3dy53My5vcmcvMjAwMC9zdmciPjwvc3ZnPg==\" style=\"--smush-placeholder-width: 1024px; --smush-placeholder-aspect-ratio: 1024\/643;\" \/><\/a><\/figure>\n","protected":false},"excerpt":{"rendered":"<p>A escasos metros del arroyo Barrero, de la localidad de San Mart\u00edn, hoy la Polic\u00eda hall\u00f3 el cuerpo en descomposici\u00f3n de un beb\u00e9 de aproximadamente 4 meses. La Justicia orden\u00f3 la detenci\u00f3n de sus padres que preventivamente ya est\u00e1n alojados en sede policial en el marco de la causa que, por ahora, tiene la caratula [&hellip;]<\/p>\n","protected":false},"author":2,"featured_media":1558,"comment_status":"open","ping_status":"open","sticky":false,"template":"","format":"standard","meta":{"footnotes":""},"categories":[41],"tags":[],"class_list":["post-1550","post","type-post","status-publish","format-standard","has-post-thumbnail","hentry","category-policiales"],"yoast_head":"<!-- This site is optimized with the Yoast SEO plugin v27.4 - https:\/\/yoast.com\/product\/yoast-seo-wordpress\/ -->\n<title>Hallaron sin vida a un beb\u00e9 a la vera de un arroyo en San Mart\u00edn y detuvieron a sus padres | CVI NOTICIAS<\/title>\n<meta name=\"robots\" content=\"index, follow, max-snippet:-1, max-image-preview:large, max-video-preview:-1\" \/>\n<link rel=\"canonical\" href=\"https:\/\/cvinoticias.com\/v3\/hallaron-sin-vida-a-un-bebe-a-la-vera-de-un-arroyo-en-san-martin-y-detuvieron-a-sus-padres\/\" \/>\n<meta property=\"og:locale\" content=\"es_ES\" \/>\n<meta property=\"og:type\" content=\"article\" \/>\n<meta property=\"og:title\" content=\"Hallaron sin vida a un beb\u00e9 a la vera de un arroyo en San Mart\u00edn y detuvieron a sus padres | CVI NOTICIAS\" \/>\n<meta property=\"og:description\" content=\"A escasos metros del arroyo Barrero, de la localidad de San Mart\u00edn, hoy la Polic\u00eda hall\u00f3 el cuerpo en descomposici\u00f3n de un beb\u00e9 de aproximadamente 4 meses. La Justicia orden\u00f3 la detenci\u00f3n de sus padres que preventivamente ya est\u00e1n alojados en sede policial en el marco de la causa que, por ahora, tiene la caratula [&hellip;]\" \/>\n<meta property=\"og:url\" content=\"https:\/\/cvinoticias.com\/v3\/hallaron-sin-vida-a-un-bebe-a-la-vera-de-un-arroyo-en-san-martin-y-detuvieron-a-sus-padres\/\" \/>\n<meta property=\"og:site_name\" content=\"CVI NOTICIAS\" \/>\n<meta property=\"article:publisher\" content=\"https:\/\/www.facebook.com\/cvinoticias\" \/>\n<meta property=\"article:published_time\" content=\"2021-01-13T00:24:15+00:00\" \/>\n<meta property=\"og:image\" content=\"https:\/\/cvinoticias.com\/wp-content\/uploads\/2021\/01\/IMG-20210112-WA0122.jpg\" \/>\n\t<meta property=\"og:image:width\" content=\"1280\" \/>\n\t<meta property=\"og:image:height\" content=\"1274\" \/>\n\t<meta property=\"og:image:type\" content=\"image\/jpeg\" \/>\n<meta name=\"author\" content=\"f1000024\" \/>\n<meta name=\"twitter:card\" content=\"summary_large_image\" \/>\n<meta name=\"twitter:label1\" content=\"Escrito por\" \/>\n\t<meta name=\"twitter:data1\" content=\"f1000024\" \/>\n\t<meta name=\"twitter:label2\" content=\"Tiempo de lectura\" \/>\n\t<meta name=\"twitter:data2\" content=\"1 minuto\" \/>\n<script type=\"application\/ld+json\" class=\"yoast-schema-graph\">{\"@context\":\"https:\\\/\\\/schema.org\",\"@graph\":[{\"@type\":\"Article\",\"@id\":\"https:\\\/\\\/cvinoticias.com\\\/v3\\\/hallaron-sin-vida-a-un-bebe-a-la-vera-de-un-arroyo-en-san-martin-y-detuvieron-a-sus-padres\\\/#article\",\"isPartOf\":{\"@id\":\"https:\\\/\\\/cvinoticias.com\\\/v3\\\/hallaron-sin-vida-a-un-bebe-a-la-vera-de-un-arroyo-en-san-martin-y-detuvieron-a-sus-padres\\\/\"},\"author\":{\"name\":\"f1000024\",\"@id\":\"https:\\\/\\\/cvinoticias.com\\\/v3\\\/#\\\/schema\\\/person\\\/2db77e3c6bc03c538495d7b2b8be9b66\"},\"headline\":\"Hallaron sin vida a un beb\u00e9 a la vera de un arroyo en San Mart\u00edn y detuvieron a sus padres\",\"datePublished\":\"2021-01-13T00:24:15+00:00\",\"mainEntityOfPage\":{\"@id\":\"https:\\\/\\\/cvinoticias.com\\\/v3\\\/hallaron-sin-vida-a-un-bebe-a-la-vera-de-un-arroyo-en-san-martin-y-detuvieron-a-sus-padres\\\/\"},\"wordCount\":286,\"commentCount\":0,\"publisher\":{\"@id\":\"https:\\\/\\\/cvinoticias.com\\\/v3\\\/#organization\"},\"image\":{\"@id\":\"https:\\\/\\\/cvinoticias.com\\\/v3\\\/hallaron-sin-vida-a-un-bebe-a-la-vera-de-un-arroyo-en-san-martin-y-detuvieron-a-sus-padres\\\/#primaryimage\"},\"thumbnailUrl\":\"https:\\\/\\\/cvinoticias.com\\\/wp-content\\\/uploads\\\/2021\\\/01\\\/IMG-20210112-WA0122.jpg\",\"articleSection\":[\"Policiales\"],\"inLanguage\":\"es\",\"potentialAction\":[{\"@type\":\"CommentAction\",\"name\":\"Comment\",\"target\":[\"https:\\\/\\\/cvinoticias.com\\\/v3\\\/hallaron-sin-vida-a-un-bebe-a-la-vera-de-un-arroyo-en-san-martin-y-detuvieron-a-sus-padres\\\/#respond\"]}]},{\"@type\":\"WebPage\",\"@id\":\"https:\\\/\\\/cvinoticias.com\\\/v3\\\/hallaron-sin-vida-a-un-bebe-a-la-vera-de-un-arroyo-en-san-martin-y-detuvieron-a-sus-padres\\\/\",\"url\":\"https:\\\/\\\/cvinoticias.com\\\/v3\\\/hallaron-sin-vida-a-un-bebe-a-la-vera-de-un-arroyo-en-san-martin-y-detuvieron-a-sus-padres\\\/\",\"name\":\"Hallaron sin vida a un beb\u00e9 a la vera de un arroyo en San Mart\u00edn y detuvieron a sus padres | CVI NOTICIAS\",\"isPartOf\":{\"@id\":\"https:\\\/\\\/cvinoticias.com\\\/v3\\\/#website\"},\"primaryImageOfPage\":{\"@id\":\"https:\\\/\\\/cvinoticias.com\\\/v3\\\/hallaron-sin-vida-a-un-bebe-a-la-vera-de-un-arroyo-en-san-martin-y-detuvieron-a-sus-padres\\\/#primaryimage\"},\"image\":{\"@id\":\"https:\\\/\\\/cvinoticias.com\\\/v3\\\/hallaron-sin-vida-a-un-bebe-a-la-vera-de-un-arroyo-en-san-martin-y-detuvieron-a-sus-padres\\\/#primaryimage\"},\"thumbnailUrl\":\"https:\\\/\\\/cvinoticias.com\\\/wp-content\\\/uploads\\\/2021\\\/01\\\/IMG-20210112-WA0122.jpg\",\"datePublished\":\"2021-01-13T00:24:15+00:00\",\"breadcrumb\":{\"@id\":\"https:\\\/\\\/cvinoticias.com\\\/v3\\\/hallaron-sin-vida-a-un-bebe-a-la-vera-de-un-arroyo-en-san-martin-y-detuvieron-a-sus-padres\\\/#breadcrumb\"},\"inLanguage\":\"es\",\"potentialAction\":[{\"@type\":\"ReadAction\",\"target\":[\"https:\\\/\\\/cvinoticias.com\\\/v3\\\/hallaron-sin-vida-a-un-bebe-a-la-vera-de-un-arroyo-en-san-martin-y-detuvieron-a-sus-padres\\\/\"]}]},{\"@type\":\"ImageObject\",\"inLanguage\":\"es\",\"@id\":\"https:\\\/\\\/cvinoticias.com\\\/v3\\\/hallaron-sin-vida-a-un-bebe-a-la-vera-de-un-arroyo-en-san-martin-y-detuvieron-a-sus-padres\\\/#primaryimage\",\"url\":\"https:\\\/\\\/cvinoticias.com\\\/wp-content\\\/uploads\\\/2021\\\/01\\\/IMG-20210112-WA0122.jpg\",\"contentUrl\":\"https:\\\/\\\/cvinoticias.com\\\/wp-content\\\/uploads\\\/2021\\\/01\\\/IMG-20210112-WA0122.jpg\",\"width\":1280,\"height\":1274},{\"@type\":\"BreadcrumbList\",\"@id\":\"https:\\\/\\\/cvinoticias.com\\\/v3\\\/hallaron-sin-vida-a-un-bebe-a-la-vera-de-un-arroyo-en-san-martin-y-detuvieron-a-sus-padres\\\/#breadcrumb\",\"itemListElement\":[{\"@type\":\"ListItem\",\"position\":1,\"name\":\"Portada\",\"item\":\"https:\\\/\\\/cvinoticias.com\\\/v3\\\/\"},{\"@type\":\"ListItem\",\"position\":2,\"name\":\"Hallaron sin vida a un beb\u00e9 a la vera de un arroyo en San Mart\u00edn y detuvieron a sus padres\"}]},{\"@type\":\"WebSite\",\"@id\":\"https:\\\/\\\/cvinoticias.com\\\/v3\\\/#website\",\"url\":\"https:\\\/\\\/cvinoticias.com\\\/v3\\\/\",\"name\":\"CVI NOTICIAS\",\"description\":\"\",\"publisher\":{\"@id\":\"https:\\\/\\\/cvinoticias.com\\\/v3\\\/#organization\"},\"alternateName\":\"CVI\",\"potentialAction\":[{\"@type\":\"SearchAction\",\"target\":{\"@type\":\"EntryPoint\",\"urlTemplate\":\"https:\\\/\\\/cvinoticias.com\\\/v3\\\/?s={search_term_string}\"},\"query-input\":{\"@type\":\"PropertyValueSpecification\",\"valueRequired\":true,\"valueName\":\"search_term_string\"}}],\"inLanguage\":\"es\"},{\"@type\":\"Organization\",\"@id\":\"https:\\\/\\\/cvinoticias.com\\\/v3\\\/#organization\",\"name\":\"CVI NOTICIAS\",\"url\":\"https:\\\/\\\/cvinoticias.com\\\/v3\\\/\",\"logo\":{\"@type\":\"ImageObject\",\"inLanguage\":\"es\",\"@id\":\"https:\\\/\\\/cvinoticias.com\\\/v3\\\/#\\\/schema\\\/logo\\\/image\\\/\",\"url\":\"https:\\\/\\\/cvinoticias.com\\\/wp-content\\\/uploads\\\/2023\\\/04\\\/cropped-cropped-cropped-cropped-cropped-3-1.png\",\"contentUrl\":\"https:\\\/\\\/cvinoticias.com\\\/wp-content\\\/uploads\\\/2023\\\/04\\\/cropped-cropped-cropped-cropped-cropped-3-1.png\",\"width\":95,\"height\":122,\"caption\":\"CVI NOTICIAS\"},\"image\":{\"@id\":\"https:\\\/\\\/cvinoticias.com\\\/v3\\\/#\\\/schema\\\/logo\\\/image\\\/\"},\"sameAs\":[\"https:\\\/\\\/www.facebook.com\\\/cvinoticias\",\"https:\\\/\\\/www.instagram.com\\\/cvinoticias\\\/\",\"https:\\\/\\\/www.youtube.com\\\/@CVINOTICIAS\"]},{\"@type\":\"Person\",\"@id\":\"https:\\\/\\\/cvinoticias.com\\\/v3\\\/#\\\/schema\\\/person\\\/2db77e3c6bc03c538495d7b2b8be9b66\",\"name\":\"f1000024\",\"image\":{\"@type\":\"ImageObject\",\"inLanguage\":\"es\",\"@id\":\"https:\\\/\\\/secure.gravatar.com\\\/avatar\\\/d4fe7459cfc51ff5129ce1a732bbef5928568b8092d412ef95611616376bbeed?s=96&d=mm&r=g\",\"url\":\"https:\\\/\\\/secure.gravatar.com\\\/avatar\\\/d4fe7459cfc51ff5129ce1a732bbef5928568b8092d412ef95611616376bbeed?s=96&d=mm&r=g\",\"contentUrl\":\"https:\\\/\\\/secure.gravatar.com\\\/avatar\\\/d4fe7459cfc51ff5129ce1a732bbef5928568b8092d412ef95611616376bbeed?s=96&d=mm&r=g\",\"caption\":\"f1000024\"},\"url\":\"https:\\\/\\\/cvinoticias.com\\\/v3\\\/author\\\/f1000024\\\/\"}]}<\/script>\n<!-- \/ Yoast SEO plugin. -->","yoast_head_json":{"title":"Hallaron sin vida a un beb\u00e9 a la vera de un arroyo en San Mart\u00edn y detuvieron a sus padres | CVI NOTICIAS","robots":{"index":"index","follow":"follow","max-snippet":"max-snippet:-1","max-image-preview":"max-image-preview:large","max-video-preview":"max-video-preview:-1"},"canonical":"https:\/\/cvinoticias.com\/v3\/hallaron-sin-vida-a-un-bebe-a-la-vera-de-un-arroyo-en-san-martin-y-detuvieron-a-sus-padres\/","og_locale":"es_ES","og_type":"article","og_title":"Hallaron sin vida a un beb\u00e9 a la vera de un arroyo en San Mart\u00edn y detuvieron a sus padres | CVI NOTICIAS","og_description":"A escasos metros del arroyo Barrero, de la localidad de San Mart\u00edn, hoy la Polic\u00eda hall\u00f3 el cuerpo en descomposici\u00f3n de un beb\u00e9 de aproximadamente 4 meses. La Justicia orden\u00f3 la detenci\u00f3n de sus padres que preventivamente ya est\u00e1n alojados en sede policial en el marco de la causa que, por ahora, tiene la caratula [&hellip;]","og_url":"https:\/\/cvinoticias.com\/v3\/hallaron-sin-vida-a-un-bebe-a-la-vera-de-un-arroyo-en-san-martin-y-detuvieron-a-sus-padres\/","og_site_name":"CVI NOTICIAS","article_publisher":"https:\/\/www.facebook.com\/cvinoticias","article_published_time":"2021-01-13T00:24:15+00:00","og_image":[{"width":1280,"height":1274,"url":"https:\/\/cvinoticias.com\/wp-content\/uploads\/2021\/01\/IMG-20210112-WA0122.jpg","type":"image\/jpeg"}],"author":"f1000024","twitter_card":"summary_large_image","twitter_misc":{"Escrito por":"f1000024","Tiempo de lectura":"1 minuto"},"schema":{"@context":"https:\/\/schema.org","@graph":[{"@type":"Article","@id":"https:\/\/cvinoticias.com\/v3\/hallaron-sin-vida-a-un-bebe-a-la-vera-de-un-arroyo-en-san-martin-y-detuvieron-a-sus-padres\/#article","isPartOf":{"@id":"https:\/\/cvinoticias.com\/v3\/hallaron-sin-vida-a-un-bebe-a-la-vera-de-un-arroyo-en-san-martin-y-detuvieron-a-sus-padres\/"},"author":{"name":"f1000024","@id":"https:\/\/cvinoticias.com\/v3\/#\/schema\/person\/2db77e3c6bc03c538495d7b2b8be9b66"},"headline":"Hallaron sin vida a un beb\u00e9 a la vera de un arroyo en San Mart\u00edn y detuvieron a sus padres","datePublished":"2021-01-13T00:24:15+00:00","mainEntityOfPage":{"@id":"https:\/\/cvinoticias.com\/v3\/hallaron-sin-vida-a-un-bebe-a-la-vera-de-un-arroyo-en-san-martin-y-detuvieron-a-sus-padres\/"},"wordCount":286,"commentCount":0,"publisher":{"@id":"https:\/\/cvinoticias.com\/v3\/#organization"},"image":{"@id":"https:\/\/cvinoticias.com\/v3\/hallaron-sin-vida-a-un-bebe-a-la-vera-de-un-arroyo-en-san-martin-y-detuvieron-a-sus-padres\/#primaryimage"},"thumbnailUrl":"https:\/\/cvinoticias.com\/wp-content\/uploads\/2021\/01\/IMG-20210112-WA0122.jpg","articleSection":["Policiales"],"inLanguage":"es","potentialAction":[{"@type":"CommentAction","name":"Comment","target":["https:\/\/cvinoticias.com\/v3\/hallaron-sin-vida-a-un-bebe-a-la-vera-de-un-arroyo-en-san-martin-y-detuvieron-a-sus-padres\/#respond"]}]},{"@type":"WebPage","@id":"https:\/\/cvinoticias.com\/v3\/hallaron-sin-vida-a-un-bebe-a-la-vera-de-un-arroyo-en-san-martin-y-detuvieron-a-sus-padres\/","url":"https:\/\/cvinoticias.com\/v3\/hallaron-sin-vida-a-un-bebe-a-la-vera-de-un-arroyo-en-san-martin-y-detuvieron-a-sus-padres\/","name":"Hallaron sin vida a un beb\u00e9 a la vera de un arroyo en San Mart\u00edn y detuvieron a sus padres | CVI NOTICIAS","isPartOf":{"@id":"https:\/\/cvinoticias.com\/v3\/#website"},"primaryImageOfPage":{"@id":"https:\/\/cvinoticias.com\/v3\/hallaron-sin-vida-a-un-bebe-a-la-vera-de-un-arroyo-en-san-martin-y-detuvieron-a-sus-padres\/#primaryimage"},"image":{"@id":"https:\/\/cvinoticias.com\/v3\/hallaron-sin-vida-a-un-bebe-a-la-vera-de-un-arroyo-en-san-martin-y-detuvieron-a-sus-padres\/#primaryimage"},"thumbnailUrl":"https:\/\/cvinoticias.com\/wp-content\/uploads\/2021\/01\/IMG-20210112-WA0122.jpg","datePublished":"2021-01-13T00:24:15+00:00","breadcrumb":{"@id":"https:\/\/cvinoticias.com\/v3\/hallaron-sin-vida-a-un-bebe-a-la-vera-de-un-arroyo-en-san-martin-y-detuvieron-a-sus-padres\/#breadcrumb"},"inLanguage":"es","potentialAction":[{"@type":"ReadAction","target":["https:\/\/cvinoticias.com\/v3\/hallaron-sin-vida-a-un-bebe-a-la-vera-de-un-arroyo-en-san-martin-y-detuvieron-a-sus-padres\/"]}]},{"@type":"ImageObject","inLanguage":"es","@id":"https:\/\/cvinoticias.com\/v3\/hallaron-sin-vida-a-un-bebe-a-la-vera-de-un-arroyo-en-san-martin-y-detuvieron-a-sus-padres\/#primaryimage","url":"https:\/\/cvinoticias.com\/wp-content\/uploads\/2021\/01\/IMG-20210112-WA0122.jpg","contentUrl":"https:\/\/cvinoticias.com\/wp-content\/uploads\/2021\/01\/IMG-20210112-WA0122.jpg","width":1280,"height":1274},{"@type":"BreadcrumbList","@id":"https:\/\/cvinoticias.com\/v3\/hallaron-sin-vida-a-un-bebe-a-la-vera-de-un-arroyo-en-san-martin-y-detuvieron-a-sus-padres\/#breadcrumb","itemListElement":[{"@type":"ListItem","position":1,"name":"Portada","item":"https:\/\/cvinoticias.com\/v3\/"},{"@type":"ListItem","position":2,"name":"Hallaron sin vida a un beb\u00e9 a la vera de un arroyo en San Mart\u00edn y detuvieron a sus padres"}]},{"@type":"WebSite","@id":"https:\/\/cvinoticias.com\/v3\/#website","url":"https:\/\/cvinoticias.com\/v3\/","name":"CVI NOTICIAS","description":"","publisher":{"@id":"https:\/\/cvinoticias.com\/v3\/#organization"},"alternateName":"CVI","potentialAction":[{"@type":"SearchAction","target":{"@type":"EntryPoint","urlTemplate":"https:\/\/cvinoticias.com\/v3\/?s={search_term_string}"},"query-input":{"@type":"PropertyValueSpecification","valueRequired":true,"valueName":"search_term_string"}}],"inLanguage":"es"},{"@type":"Organization","@id":"https:\/\/cvinoticias.com\/v3\/#organization","name":"CVI NOTICIAS","url":"https:\/\/cvinoticias.com\/v3\/","logo":{"@type":"ImageObject","inLanguage":"es","@id":"https:\/\/cvinoticias.com\/v3\/#\/schema\/logo\/image\/","url":"https:\/\/cvinoticias.com\/wp-content\/uploads\/2023\/04\/cropped-cropped-cropped-cropped-cropped-3-1.png","contentUrl":"https:\/\/cvinoticias.com\/wp-content\/uploads\/2023\/04\/cropped-cropped-cropped-cropped-cropped-3-1.png","width":95,"height":122,"caption":"CVI NOTICIAS"},"image":{"@id":"https:\/\/cvinoticias.com\/v3\/#\/schema\/logo\/image\/"},"sameAs":["https:\/\/www.facebook.com\/cvinoticias","https:\/\/www.instagram.com\/cvinoticias\/","https:\/\/www.youtube.com\/@CVINOTICIAS"]},{"@type":"Person","@id":"https:\/\/cvinoticias.com\/v3\/#\/schema\/person\/2db77e3c6bc03c538495d7b2b8be9b66","name":"f1000024","image":{"@type":"ImageObject","inLanguage":"es","@id":"https:\/\/secure.gravatar.com\/avatar\/d4fe7459cfc51ff5129ce1a732bbef5928568b8092d412ef95611616376bbeed?s=96&d=mm&r=g","url":"https:\/\/secure.gravatar.com\/avatar\/d4fe7459cfc51ff5129ce1a732bbef5928568b8092d412ef95611616376bbeed?s=96&d=mm&r=g","contentUrl":"https:\/\/secure.gravatar.com\/avatar\/d4fe7459cfc51ff5129ce1a732bbef5928568b8092d412ef95611616376bbeed?s=96&d=mm&r=g","caption":"f1000024"},"url":"https:\/\/cvinoticias.com\/v3\/author\/f1000024\/"}]}},"_links":{"self":[{"href":"https:\/\/cvinoticias.com\/v3\/wp-json\/wp\/v2\/posts\/1550","targetHints":{"allow":["GET"]}}],"collection":[{"href":"https:\/\/cvinoticias.com\/v3\/wp-json\/wp\/v2\/posts"}],"about":[{"href":"https:\/\/cvinoticias.com\/v3\/wp-json\/wp\/v2\/types\/post"}],"author":[{"embeddable":true,"href":"https:\/\/cvinoticias.com\/v3\/wp-json\/wp\/v2\/users\/2"}],"replies":[{"embeddable":true,"href":"https:\/\/cvinoticias.com\/v3\/wp-json\/wp\/v2\/comments?post=1550"}],"version-history":[{"count":1,"href":"https:\/\/cvinoticias.com\/v3\/wp-json\/wp\/v2\/posts\/1550\/revisions"}],"predecessor-version":[{"id":1559,"href":"https:\/\/cvinoticias.com\/v3\/wp-json\/wp\/v2\/posts\/1550\/revisions\/1559"}],"wp:featuredmedia":[{"embeddable":true,"href":"https:\/\/cvinoticias.com\/v3\/wp-json\/wp\/v2\/media\/1558"}],"wp:attachment":[{"href":"https:\/\/cvinoticias.com\/v3\/wp-json\/wp\/v2\/media?parent=1550"}],"wp:term":[{"taxonomy":"category","embeddable":true,"href":"https:\/\/cvinoticias.com\/v3\/wp-json\/wp\/v2\/categories?post=1550"},{"taxonomy":"post_tag","embeddable":true,"href":"https:\/\/cvinoticias.com\/v3\/wp-json\/wp\/v2\/tags?post=1550"}],"curies":[{"name":"wp","href":"https:\/\/api.w.org\/{rel}","templated":true}]}}