{"id":1537,"date":"2021-01-12T11:13:00","date_gmt":"2021-01-12T11:13:00","guid":{"rendered":"https:\/\/cvinoticias.com\/v3\/?p=1537"},"modified":"2021-01-12T14:14:18","modified_gmt":"2021-01-12T14:14:18","slug":"la-cgt-preocupados-por-declaraciones-de-la-vicepresidenta-sobre-el-sistema-de-salud","status":"publish","type":"post","link":"https:\/\/cvinoticias.com\/v3\/la-cgt-preocupados-por-declaraciones-de-la-vicepresidenta-sobre-el-sistema-de-salud\/","title":{"rendered":"La CGT preocupados por declaraciones de la Vicepresidenta sobre el sistema de salud"},"content":{"rendered":"\n<p><em><strong>La CGT se pronunci\u00f3 por la necesidad de \u00abconsolidar y fortalecer\u00bb a las obras sociales para adecuarlas a \u00ablos actuales y futuros desaf\u00edos\u00bb, as\u00ed como \u00abdotarlas de suficientes fondos\u00bb, y afirm\u00f3 que \u00ablos derechos inalienables como la salud deben ser defendidos sin bander\u00edas pol\u00edticas\u00bb para que \u00abtodos los ciudadanos puedan continuar accediendo a un sistema modelo en el mundo\u00bb.<\/strong><br><br><\/em>Tambi\u00e9n destac\u00f3 \u00abla solidez y el nivel de cobertura de uno de los sistemas de salud m\u00e1s solidarios del mundo\u00bb en el marco de la pandemia de coronavirus,<br><br>El cotitular de la central H\u00e9ctor Daer asegur\u00f3 tras una reuni\u00f3n de la \u00abmesa chica\u00bb de la CGT que es preciso financiar un sistema de salud \u00abejemplar en el mundo\u00bb, y se pronunci\u00f3 por \u00abun permanente di\u00e1logo con el Gobierno\u00bb para avanzar en todos los aspectos, lo que incluye \u00abla nueva tecnolog\u00eda y el financiamiento de los nuevos tratamientos\u00bb.<br><br>En un documento tras esa reuni\u00f3n, la CGT destac\u00f3 la necesidad de \u00abconsolidar y fortalecer\u00bb a las obras sociales para adecuarlas a \u00ablos actuales y futuros desaf\u00edos\u00bb.<br><br>Sostuvo que \u00ablos derechos inalienables como la salud deben ser defendidos sin bander\u00edas pol\u00edticas para que todos los ciudadanos puedan continuar accediendo a un sistema que es modelo en el mundo\u00bb.<br><br>La \u00abmesa chica\u00bb cegetista deliber\u00f3 dos horas y media y defendi\u00f3 \u00abel sistema solidario de salud y las medidas adoptadas en la emergencia sanitaria por el Gobierno\u00bb, seg\u00fan el documento.<br><br>Participaron el anfitri\u00f3n, Andr\u00e9s Rodr\u00edguez, y H\u00e9ctor Daer (Sanidad), Carlos Acu\u00f1a (Estaciones de Servicio), Armando Cavalieri (Comercio), Omar Maturano (La Fraternidad), Antonio Cal\u00f3 (UOM), Jos\u00e9 Luis Lingeri (Obras Sanitarias), Gast\u00f3n Frutos (Panaderos) y Rub\u00e9n Pronotti, (secretario adjunto de la Uocra, en representaci\u00f3n de Gerardo Mart\u00ednez.<br><br>El documento de la central que lideran Daer y Acu\u00f1a, titulado \u00abLa salud de los trabajadores\u00bb, asegur\u00f3 que la pandemia demostr\u00f3 \u00abla solidez y el nivel de cobertura de uno de los sistemas de salud m\u00e1s solidarios del mundo y tambi\u00e9n la necesidad de dotarlo de suficientes fondos para garantizar la salud del conjunto\u00bb.<br><br>\u00abLos trabajadores recibieron en tiempo y forma adecuada la atenci\u00f3n que requirieron, sin l\u00edmites, cualquiera haya sido la complejidad de su afecci\u00f3n, lo que evidenci\u00f3 los cimientos solidarios del sistema de obras sociales, que est\u00e1n m\u00e1s s\u00f3lidos que nunca. Hay que continuar consolid\u00e1ndolo y fortaleci\u00e9ndolo\u00bb, puntualiz\u00f3.<br><br>El documento firmado por el consejo directivo asever\u00f3 que \u00abel sistema nacional de obras sociales continu\u00f3 ofreciendo cobertura integral de salud a millones de trabajadores y a su grupo familiar en todo el pa\u00eds, sin l\u00edmite de cobertura ni costos adicionales, para enfrentar la contingencia\u00bb.<br><br>La CGT a\u00f1adi\u00f3 que adapt\u00f3 r\u00e1pidamente sus estructuras para dar \u00abrespuestas eficientes\u00bb; detall\u00f3 que \u00abla pandemia multiplic\u00f3 de manera exponencial los costos de atenci\u00f3n en los centros m\u00e9dicos propios y los gastos de contrataci\u00f3n de cl\u00ednicas y sanatorios privados\u00bb, y que \u00ablos ingresos de las obras sociales mermaron a\u00f1o tras a\u00f1o a medida que se produc\u00eda el deterioro del poder de compra de los salarios\u00bb.<br><br>\u00abFueron los trabajadores quienes con sus aportes compensaron las ca\u00eddas de recaudaci\u00f3n y los costos adicionales que gener\u00f3 la pandemia en las obras sociales, sin aportes extra. Los egresos crecieron desproporcionadamente por las nuevas pr\u00e1cticas, los remedios de \u00faltima generaci\u00f3n y la innovaci\u00f3n en estudios y t\u00e9cnicas de diagn\u00f3stico\u00bb, detall\u00f3.<br><br>Agreg\u00f3 que \u00abla infraestructura de las obras sociales, los hoteles de turismo social, los polideportivos recreativos, los institutos de capacitaci\u00f3n y otros espacios fueron reconvertidos para atender y contener a los trabajadores y sus familias\u00bb, y asegur\u00f3 que como nunca \u00abla salud fue el foco principal de atenci\u00f3n y tambi\u00e9n fue por dem\u00e1s evidente la necesidad de ampliar el financiamiento genuino para garantizar la atenci\u00f3n\u00bb.<br><br>Para la CGT, la Argentina \u00abno estuvo exenta de zozobras y tensiones por la irrupci\u00f3n de la pandemia, y la crisis sanitaria desnud\u00f3 la profundidad de la cat\u00e1strofe social en la que estaba\u00bb, por \u00ablo que fue determinante la acci\u00f3n del Gobierno para asistir a todos los sectores econ\u00f3micos productivos, y proteger a los trabajadores en actividad y a los ciudadanos que no estaban vinculados al mundo laboral\u00bb, continu\u00f3 el documento.<br><br>\u00abEl sector p\u00fablico multiplic\u00f3 en tiempo r\u00e9cord su infraestructura y coordin\u00f3 la acci\u00f3n de todos los recursos humanos disponibles, lo que demostr\u00f3 su capacidad de articulaci\u00f3n y aptitud de gobernanza en el sistema. Las pandemia puso en crisis a los sistemas de salud de todo el mundo. Las desigualdades sociales y econ\u00f3micas quedaron expuestas\u00bb, afirm\u00f3.<br><br>Fuentes gremiales aseguraron a T\u00e9lam que los integrantes del consejo directivo minimizaron las versiones period\u00edsticas seg\u00fan las cuales algunos sectores del Gobierno \u00abpretenden avanzar sobre las obras sociales sindicales\u00bb.<br><br>\u00abDe ninguna manera se otorg\u00f3 cr\u00e9dito a esas versiones. Muchos intentaron hacerlo durante d\u00e9cadas y no pudieron. Ahora tampoco ocurrir\u00e1\u00bb, dijeron.<br><br>Daer dijo adem\u00e1s que \u00abantes de fin de a\u00f1o la CGT dialog\u00f3 con el presidente Alberto Fern\u00e1ndez , quien reconoci\u00f3 que a partir de la infraestructura del sector p\u00fablico y de la seguridad social fue posible atravesar la grave pandemia de coronavirus sin que ning\u00fan argentino quedase afuera de la cobertura\u00bb. Y adelant\u00f3 que \u00abes probable que la CGT hable en breve otra vez con el Presidente\u00bb.<br><br>Acerca de las declaraciones de la vicepresidenta Cristina Kirchner sobre una posible reformulaci\u00f3n del sistema de salud, sostuvo que \u00abel sistema integrado del que habla Cristina ya existe\u00bb, y explic\u00f3 que \u00abel hospital p\u00fablico factura y cobra las prestaciones a la seguridad social y a las prepagas\u00bb.<br><br>\u00abPero se requiere integrarlo m\u00e1s, por supuesto. El equipamiento de sobra genera m\u00e1s oferta y demanda para utilizarlo. En el sistema se utiliz\u00f3 el dinero del salario diferido de los trabajadores y el d\u00e9ficit existi\u00f3. La pandemia encareci\u00f3 el costo prestacional habitual como consecuencia de las prevenciones que hubo que adoptar\u00bb, a\u00f1adi\u00f3.<br><br>Enfatiz\u00f3 que las obras sociales \u00abson parte de un sistema integrado y m\u00e1s general de la salud\u00bb, y asever\u00f3 que \u00abes preciso cuidarse y no creer que la situaci\u00f3n fue superada\u00bb y que \u00abel rebrote del virus genera una cadena que aumenta la demanda de salud\u00bb.<\/p>\n","protected":false},"excerpt":{"rendered":"<p>La CGT se pronunci\u00f3 por la necesidad de \u00abconsolidar y fortalecer\u00bb a las obras sociales para adecuarlas a \u00ablos actuales y futuros desaf\u00edos\u00bb, as\u00ed como \u00abdotarlas de suficientes fondos\u00bb, y afirm\u00f3 que \u00ablos derechos inalienables como la salud deben ser defendidos sin bander\u00edas pol\u00edticas\u00bb para que \u00abtodos los ciudadanos puedan continuar accediendo a un sistema [&hellip;]<\/p>\n","protected":false},"author":2,"featured_media":1538,"comment_status":"open","ping_status":"open","sticky":false,"template":"","format":"standard","meta":{"footnotes":""},"categories":[35],"tags":[],"class_list":["post-1537","post","type-post","status-publish","format-standard","has-post-thumbnail","hentry","category-informacion-general"],"yoast_head":"<!-- This site is optimized with the Yoast SEO plugin v27.5 - https:\/\/yoast.com\/product\/yoast-seo-wordpress\/ -->\n<title>La CGT preocupados por declaraciones de la Vicepresidenta sobre el sistema de salud | CVI NOTICIAS<\/title>\n<meta name=\"robots\" content=\"index, follow, max-snippet:-1, max-image-preview:large, max-video-preview:-1\" \/>\n<link rel=\"canonical\" href=\"https:\/\/cvinoticias.com\/v3\/la-cgt-preocupados-por-declaraciones-de-la-vicepresidenta-sobre-el-sistema-de-salud\/\" \/>\n<meta property=\"og:locale\" content=\"es_ES\" \/>\n<meta property=\"og:type\" content=\"article\" \/>\n<meta property=\"og:title\" content=\"La CGT preocupados por declaraciones de la Vicepresidenta sobre el sistema de salud | CVI NOTICIAS\" \/>\n<meta property=\"og:description\" content=\"La CGT se pronunci\u00f3 por la necesidad de \u00abconsolidar y fortalecer\u00bb a las obras sociales para adecuarlas a \u00ablos actuales y futuros desaf\u00edos\u00bb, as\u00ed como \u00abdotarlas de suficientes fondos\u00bb, y afirm\u00f3 que \u00ablos derechos inalienables como la salud deben ser defendidos sin bander\u00edas pol\u00edticas\u00bb para que \u00abtodos los ciudadanos puedan continuar accediendo a un sistema [&hellip;]\" \/>\n<meta property=\"og:url\" content=\"https:\/\/cvinoticias.com\/v3\/la-cgt-preocupados-por-declaraciones-de-la-vicepresidenta-sobre-el-sistema-de-salud\/\" \/>\n<meta property=\"og:site_name\" content=\"CVI NOTICIAS\" \/>\n<meta property=\"article:publisher\" content=\"https:\/\/www.facebook.com\/cvinoticias\" \/>\n<meta property=\"article:published_time\" content=\"2021-01-12T11:13:00+00:00\" \/>\n<meta property=\"article:modified_time\" content=\"2021-01-12T14:14:18+00:00\" \/>\n<meta property=\"og:image\" content=\"https:\/\/cvinoticias.com\/wp-content\/uploads\/2021\/01\/os.jpg\" \/>\n\t<meta property=\"og:image:width\" content=\"500\" \/>\n\t<meta property=\"og:image:height\" content=\"260\" \/>\n\t<meta property=\"og:image:type\" content=\"image\/jpeg\" \/>\n<meta name=\"author\" content=\"f1000024\" \/>\n<meta name=\"twitter:card\" content=\"summary_large_image\" \/>\n<meta name=\"twitter:label1\" content=\"Escrito por\" \/>\n\t<meta name=\"twitter:data1\" content=\"f1000024\" \/>\n\t<meta name=\"twitter:label2\" content=\"Tiempo de lectura\" \/>\n\t<meta name=\"twitter:data2\" content=\"5 minutos\" \/>\n<script type=\"application\/ld+json\" class=\"yoast-schema-graph\">{\"@context\":\"https:\\\/\\\/schema.org\",\"@graph\":[{\"@type\":\"Article\",\"@id\":\"https:\\\/\\\/cvinoticias.com\\\/v3\\\/la-cgt-preocupados-por-declaraciones-de-la-vicepresidenta-sobre-el-sistema-de-salud\\\/#article\",\"isPartOf\":{\"@id\":\"https:\\\/\\\/cvinoticias.com\\\/v3\\\/la-cgt-preocupados-por-declaraciones-de-la-vicepresidenta-sobre-el-sistema-de-salud\\\/\"},\"author\":{\"name\":\"f1000024\",\"@id\":\"https:\\\/\\\/cvinoticias.com\\\/v3\\\/#\\\/schema\\\/person\\\/2db77e3c6bc03c538495d7b2b8be9b66\"},\"headline\":\"La CGT preocupados por declaraciones de la Vicepresidenta sobre el sistema de salud\",\"datePublished\":\"2021-01-12T11:13:00+00:00\",\"dateModified\":\"2021-01-12T14:14:18+00:00\",\"mainEntityOfPage\":{\"@id\":\"https:\\\/\\\/cvinoticias.com\\\/v3\\\/la-cgt-preocupados-por-declaraciones-de-la-vicepresidenta-sobre-el-sistema-de-salud\\\/\"},\"wordCount\":1088,\"commentCount\":0,\"publisher\":{\"@id\":\"https:\\\/\\\/cvinoticias.com\\\/v3\\\/#organization\"},\"image\":{\"@id\":\"https:\\\/\\\/cvinoticias.com\\\/v3\\\/la-cgt-preocupados-por-declaraciones-de-la-vicepresidenta-sobre-el-sistema-de-salud\\\/#primaryimage\"},\"thumbnailUrl\":\"https:\\\/\\\/cvinoticias.com\\\/wp-content\\\/uploads\\\/2021\\\/01\\\/os.jpg\",\"articleSection\":[\"Informaci\u00f3n General\"],\"inLanguage\":\"es\",\"potentialAction\":[{\"@type\":\"CommentAction\",\"name\":\"Comment\",\"target\":[\"https:\\\/\\\/cvinoticias.com\\\/v3\\\/la-cgt-preocupados-por-declaraciones-de-la-vicepresidenta-sobre-el-sistema-de-salud\\\/#respond\"]}]},{\"@type\":\"WebPage\",\"@id\":\"https:\\\/\\\/cvinoticias.com\\\/v3\\\/la-cgt-preocupados-por-declaraciones-de-la-vicepresidenta-sobre-el-sistema-de-salud\\\/\",\"url\":\"https:\\\/\\\/cvinoticias.com\\\/v3\\\/la-cgt-preocupados-por-declaraciones-de-la-vicepresidenta-sobre-el-sistema-de-salud\\\/\",\"name\":\"La CGT preocupados por declaraciones de la Vicepresidenta sobre el sistema de salud | CVI NOTICIAS\",\"isPartOf\":{\"@id\":\"https:\\\/\\\/cvinoticias.com\\\/v3\\\/#website\"},\"primaryImageOfPage\":{\"@id\":\"https:\\\/\\\/cvinoticias.com\\\/v3\\\/la-cgt-preocupados-por-declaraciones-de-la-vicepresidenta-sobre-el-sistema-de-salud\\\/#primaryimage\"},\"image\":{\"@id\":\"https:\\\/\\\/cvinoticias.com\\\/v3\\\/la-cgt-preocupados-por-declaraciones-de-la-vicepresidenta-sobre-el-sistema-de-salud\\\/#primaryimage\"},\"thumbnailUrl\":\"https:\\\/\\\/cvinoticias.com\\\/wp-content\\\/uploads\\\/2021\\\/01\\\/os.jpg\",\"datePublished\":\"2021-01-12T11:13:00+00:00\",\"dateModified\":\"2021-01-12T14:14:18+00:00\",\"breadcrumb\":{\"@id\":\"https:\\\/\\\/cvinoticias.com\\\/v3\\\/la-cgt-preocupados-por-declaraciones-de-la-vicepresidenta-sobre-el-sistema-de-salud\\\/#breadcrumb\"},\"inLanguage\":\"es\",\"potentialAction\":[{\"@type\":\"ReadAction\",\"target\":[\"https:\\\/\\\/cvinoticias.com\\\/v3\\\/la-cgt-preocupados-por-declaraciones-de-la-vicepresidenta-sobre-el-sistema-de-salud\\\/\"]}]},{\"@type\":\"ImageObject\",\"inLanguage\":\"es\",\"@id\":\"https:\\\/\\\/cvinoticias.com\\\/v3\\\/la-cgt-preocupados-por-declaraciones-de-la-vicepresidenta-sobre-el-sistema-de-salud\\\/#primaryimage\",\"url\":\"https:\\\/\\\/cvinoticias.com\\\/wp-content\\\/uploads\\\/2021\\\/01\\\/os.jpg\",\"contentUrl\":\"https:\\\/\\\/cvinoticias.com\\\/wp-content\\\/uploads\\\/2021\\\/01\\\/os.jpg\",\"width\":500,\"height\":260},{\"@type\":\"BreadcrumbList\",\"@id\":\"https:\\\/\\\/cvinoticias.com\\\/v3\\\/la-cgt-preocupados-por-declaraciones-de-la-vicepresidenta-sobre-el-sistema-de-salud\\\/#breadcrumb\",\"itemListElement\":[{\"@type\":\"ListItem\",\"position\":1,\"name\":\"Portada\",\"item\":\"https:\\\/\\\/cvinoticias.com\\\/v3\\\/\"},{\"@type\":\"ListItem\",\"position\":2,\"name\":\"La CGT preocupados por declaraciones de la Vicepresidenta sobre el sistema de salud\"}]},{\"@type\":\"WebSite\",\"@id\":\"https:\\\/\\\/cvinoticias.com\\\/v3\\\/#website\",\"url\":\"https:\\\/\\\/cvinoticias.com\\\/v3\\\/\",\"name\":\"CVI NOTICIAS\",\"description\":\"\",\"publisher\":{\"@id\":\"https:\\\/\\\/cvinoticias.com\\\/v3\\\/#organization\"},\"alternateName\":\"CVI\",\"potentialAction\":[{\"@type\":\"SearchAction\",\"target\":{\"@type\":\"EntryPoint\",\"urlTemplate\":\"https:\\\/\\\/cvinoticias.com\\\/v3\\\/?s={search_term_string}\"},\"query-input\":{\"@type\":\"PropertyValueSpecification\",\"valueRequired\":true,\"valueName\":\"search_term_string\"}}],\"inLanguage\":\"es\"},{\"@type\":\"Organization\",\"@id\":\"https:\\\/\\\/cvinoticias.com\\\/v3\\\/#organization\",\"name\":\"CVI NOTICIAS\",\"url\":\"https:\\\/\\\/cvinoticias.com\\\/v3\\\/\",\"logo\":{\"@type\":\"ImageObject\",\"inLanguage\":\"es\",\"@id\":\"https:\\\/\\\/cvinoticias.com\\\/v3\\\/#\\\/schema\\\/logo\\\/image\\\/\",\"url\":\"https:\\\/\\\/cvinoticias.com\\\/wp-content\\\/uploads\\\/2023\\\/04\\\/cropped-cropped-cropped-cropped-cropped-3-1.png\",\"contentUrl\":\"https:\\\/\\\/cvinoticias.com\\\/wp-content\\\/uploads\\\/2023\\\/04\\\/cropped-cropped-cropped-cropped-cropped-3-1.png\",\"width\":95,\"height\":122,\"caption\":\"CVI NOTICIAS\"},\"image\":{\"@id\":\"https:\\\/\\\/cvinoticias.com\\\/v3\\\/#\\\/schema\\\/logo\\\/image\\\/\"},\"sameAs\":[\"https:\\\/\\\/www.facebook.com\\\/cvinoticias\",\"https:\\\/\\\/www.instagram.com\\\/cvinoticias\\\/\",\"https:\\\/\\\/www.youtube.com\\\/@CVINOTICIAS\"]},{\"@type\":\"Person\",\"@id\":\"https:\\\/\\\/cvinoticias.com\\\/v3\\\/#\\\/schema\\\/person\\\/2db77e3c6bc03c538495d7b2b8be9b66\",\"name\":\"f1000024\",\"image\":{\"@type\":\"ImageObject\",\"inLanguage\":\"es\",\"@id\":\"https:\\\/\\\/secure.gravatar.com\\\/avatar\\\/d4fe7459cfc51ff5129ce1a732bbef5928568b8092d412ef95611616376bbeed?s=96&d=mm&r=g\",\"url\":\"https:\\\/\\\/secure.gravatar.com\\\/avatar\\\/d4fe7459cfc51ff5129ce1a732bbef5928568b8092d412ef95611616376bbeed?s=96&d=mm&r=g\",\"contentUrl\":\"https:\\\/\\\/secure.gravatar.com\\\/avatar\\\/d4fe7459cfc51ff5129ce1a732bbef5928568b8092d412ef95611616376bbeed?s=96&d=mm&r=g\",\"caption\":\"f1000024\"},\"url\":\"https:\\\/\\\/cvinoticias.com\\\/v3\\\/author\\\/f1000024\\\/\"}]}<\/script>\n<!-- \/ Yoast SEO plugin. -->","yoast_head_json":{"title":"La CGT preocupados por declaraciones de la Vicepresidenta sobre el sistema de salud | CVI NOTICIAS","robots":{"index":"index","follow":"follow","max-snippet":"max-snippet:-1","max-image-preview":"max-image-preview:large","max-video-preview":"max-video-preview:-1"},"canonical":"https:\/\/cvinoticias.com\/v3\/la-cgt-preocupados-por-declaraciones-de-la-vicepresidenta-sobre-el-sistema-de-salud\/","og_locale":"es_ES","og_type":"article","og_title":"La CGT preocupados por declaraciones de la Vicepresidenta sobre el sistema de salud | CVI NOTICIAS","og_description":"La CGT se pronunci\u00f3 por la necesidad de \u00abconsolidar y fortalecer\u00bb a las obras sociales para adecuarlas a \u00ablos actuales y futuros desaf\u00edos\u00bb, as\u00ed como \u00abdotarlas de suficientes fondos\u00bb, y afirm\u00f3 que \u00ablos derechos inalienables como la salud deben ser defendidos sin bander\u00edas pol\u00edticas\u00bb para que \u00abtodos los ciudadanos puedan continuar accediendo a un sistema [&hellip;]","og_url":"https:\/\/cvinoticias.com\/v3\/la-cgt-preocupados-por-declaraciones-de-la-vicepresidenta-sobre-el-sistema-de-salud\/","og_site_name":"CVI NOTICIAS","article_publisher":"https:\/\/www.facebook.com\/cvinoticias","article_published_time":"2021-01-12T11:13:00+00:00","article_modified_time":"2021-01-12T14:14:18+00:00","og_image":[{"width":500,"height":260,"url":"https:\/\/cvinoticias.com\/wp-content\/uploads\/2021\/01\/os.jpg","type":"image\/jpeg"}],"author":"f1000024","twitter_card":"summary_large_image","twitter_misc":{"Escrito por":"f1000024","Tiempo de lectura":"5 minutos"},"schema":{"@context":"https:\/\/schema.org","@graph":[{"@type":"Article","@id":"https:\/\/cvinoticias.com\/v3\/la-cgt-preocupados-por-declaraciones-de-la-vicepresidenta-sobre-el-sistema-de-salud\/#article","isPartOf":{"@id":"https:\/\/cvinoticias.com\/v3\/la-cgt-preocupados-por-declaraciones-de-la-vicepresidenta-sobre-el-sistema-de-salud\/"},"author":{"name":"f1000024","@id":"https:\/\/cvinoticias.com\/v3\/#\/schema\/person\/2db77e3c6bc03c538495d7b2b8be9b66"},"headline":"La CGT preocupados por declaraciones de la Vicepresidenta sobre el sistema de salud","datePublished":"2021-01-12T11:13:00+00:00","dateModified":"2021-01-12T14:14:18+00:00","mainEntityOfPage":{"@id":"https:\/\/cvinoticias.com\/v3\/la-cgt-preocupados-por-declaraciones-de-la-vicepresidenta-sobre-el-sistema-de-salud\/"},"wordCount":1088,"commentCount":0,"publisher":{"@id":"https:\/\/cvinoticias.com\/v3\/#organization"},"image":{"@id":"https:\/\/cvinoticias.com\/v3\/la-cgt-preocupados-por-declaraciones-de-la-vicepresidenta-sobre-el-sistema-de-salud\/#primaryimage"},"thumbnailUrl":"https:\/\/cvinoticias.com\/wp-content\/uploads\/2021\/01\/os.jpg","articleSection":["Informaci\u00f3n General"],"inLanguage":"es","potentialAction":[{"@type":"CommentAction","name":"Comment","target":["https:\/\/cvinoticias.com\/v3\/la-cgt-preocupados-por-declaraciones-de-la-vicepresidenta-sobre-el-sistema-de-salud\/#respond"]}]},{"@type":"WebPage","@id":"https:\/\/cvinoticias.com\/v3\/la-cgt-preocupados-por-declaraciones-de-la-vicepresidenta-sobre-el-sistema-de-salud\/","url":"https:\/\/cvinoticias.com\/v3\/la-cgt-preocupados-por-declaraciones-de-la-vicepresidenta-sobre-el-sistema-de-salud\/","name":"La CGT preocupados por declaraciones de la Vicepresidenta sobre el sistema de salud | CVI NOTICIAS","isPartOf":{"@id":"https:\/\/cvinoticias.com\/v3\/#website"},"primaryImageOfPage":{"@id":"https:\/\/cvinoticias.com\/v3\/la-cgt-preocupados-por-declaraciones-de-la-vicepresidenta-sobre-el-sistema-de-salud\/#primaryimage"},"image":{"@id":"https:\/\/cvinoticias.com\/v3\/la-cgt-preocupados-por-declaraciones-de-la-vicepresidenta-sobre-el-sistema-de-salud\/#primaryimage"},"thumbnailUrl":"https:\/\/cvinoticias.com\/wp-content\/uploads\/2021\/01\/os.jpg","datePublished":"2021-01-12T11:13:00+00:00","dateModified":"2021-01-12T14:14:18+00:00","breadcrumb":{"@id":"https:\/\/cvinoticias.com\/v3\/la-cgt-preocupados-por-declaraciones-de-la-vicepresidenta-sobre-el-sistema-de-salud\/#breadcrumb"},"inLanguage":"es","potentialAction":[{"@type":"ReadAction","target":["https:\/\/cvinoticias.com\/v3\/la-cgt-preocupados-por-declaraciones-de-la-vicepresidenta-sobre-el-sistema-de-salud\/"]}]},{"@type":"ImageObject","inLanguage":"es","@id":"https:\/\/cvinoticias.com\/v3\/la-cgt-preocupados-por-declaraciones-de-la-vicepresidenta-sobre-el-sistema-de-salud\/#primaryimage","url":"https:\/\/cvinoticias.com\/wp-content\/uploads\/2021\/01\/os.jpg","contentUrl":"https:\/\/cvinoticias.com\/wp-content\/uploads\/2021\/01\/os.jpg","width":500,"height":260},{"@type":"BreadcrumbList","@id":"https:\/\/cvinoticias.com\/v3\/la-cgt-preocupados-por-declaraciones-de-la-vicepresidenta-sobre-el-sistema-de-salud\/#breadcrumb","itemListElement":[{"@type":"ListItem","position":1,"name":"Portada","item":"https:\/\/cvinoticias.com\/v3\/"},{"@type":"ListItem","position":2,"name":"La CGT preocupados por declaraciones de la Vicepresidenta sobre el sistema de salud"}]},{"@type":"WebSite","@id":"https:\/\/cvinoticias.com\/v3\/#website","url":"https:\/\/cvinoticias.com\/v3\/","name":"CVI NOTICIAS","description":"","publisher":{"@id":"https:\/\/cvinoticias.com\/v3\/#organization"},"alternateName":"CVI","potentialAction":[{"@type":"SearchAction","target":{"@type":"EntryPoint","urlTemplate":"https:\/\/cvinoticias.com\/v3\/?s={search_term_string}"},"query-input":{"@type":"PropertyValueSpecification","valueRequired":true,"valueName":"search_term_string"}}],"inLanguage":"es"},{"@type":"Organization","@id":"https:\/\/cvinoticias.com\/v3\/#organization","name":"CVI NOTICIAS","url":"https:\/\/cvinoticias.com\/v3\/","logo":{"@type":"ImageObject","inLanguage":"es","@id":"https:\/\/cvinoticias.com\/v3\/#\/schema\/logo\/image\/","url":"https:\/\/cvinoticias.com\/wp-content\/uploads\/2023\/04\/cropped-cropped-cropped-cropped-cropped-3-1.png","contentUrl":"https:\/\/cvinoticias.com\/wp-content\/uploads\/2023\/04\/cropped-cropped-cropped-cropped-cropped-3-1.png","width":95,"height":122,"caption":"CVI NOTICIAS"},"image":{"@id":"https:\/\/cvinoticias.com\/v3\/#\/schema\/logo\/image\/"},"sameAs":["https:\/\/www.facebook.com\/cvinoticias","https:\/\/www.instagram.com\/cvinoticias\/","https:\/\/www.youtube.com\/@CVINOTICIAS"]},{"@type":"Person","@id":"https:\/\/cvinoticias.com\/v3\/#\/schema\/person\/2db77e3c6bc03c538495d7b2b8be9b66","name":"f1000024","image":{"@type":"ImageObject","inLanguage":"es","@id":"https:\/\/secure.gravatar.com\/avatar\/d4fe7459cfc51ff5129ce1a732bbef5928568b8092d412ef95611616376bbeed?s=96&d=mm&r=g","url":"https:\/\/secure.gravatar.com\/avatar\/d4fe7459cfc51ff5129ce1a732bbef5928568b8092d412ef95611616376bbeed?s=96&d=mm&r=g","contentUrl":"https:\/\/secure.gravatar.com\/avatar\/d4fe7459cfc51ff5129ce1a732bbef5928568b8092d412ef95611616376bbeed?s=96&d=mm&r=g","caption":"f1000024"},"url":"https:\/\/cvinoticias.com\/v3\/author\/f1000024\/"}]}},"_links":{"self":[{"href":"https:\/\/cvinoticias.com\/v3\/wp-json\/wp\/v2\/posts\/1537","targetHints":{"allow":["GET"]}}],"collection":[{"href":"https:\/\/cvinoticias.com\/v3\/wp-json\/wp\/v2\/posts"}],"about":[{"href":"https:\/\/cvinoticias.com\/v3\/wp-json\/wp\/v2\/types\/post"}],"author":[{"embeddable":true,"href":"https:\/\/cvinoticias.com\/v3\/wp-json\/wp\/v2\/users\/2"}],"replies":[{"embeddable":true,"href":"https:\/\/cvinoticias.com\/v3\/wp-json\/wp\/v2\/comments?post=1537"}],"version-history":[{"count":1,"href":"https:\/\/cvinoticias.com\/v3\/wp-json\/wp\/v2\/posts\/1537\/revisions"}],"predecessor-version":[{"id":1539,"href":"https:\/\/cvinoticias.com\/v3\/wp-json\/wp\/v2\/posts\/1537\/revisions\/1539"}],"wp:featuredmedia":[{"embeddable":true,"href":"https:\/\/cvinoticias.com\/v3\/wp-json\/wp\/v2\/media\/1538"}],"wp:attachment":[{"href":"https:\/\/cvinoticias.com\/v3\/wp-json\/wp\/v2\/media?parent=1537"}],"wp:term":[{"taxonomy":"category","embeddable":true,"href":"https:\/\/cvinoticias.com\/v3\/wp-json\/wp\/v2\/categories?post=1537"},{"taxonomy":"post_tag","embeddable":true,"href":"https:\/\/cvinoticias.com\/v3\/wp-json\/wp\/v2\/tags?post=1537"}],"curies":[{"name":"wp","href":"https:\/\/api.w.org\/{rel}","templated":true}]}}