{"id":15369,"date":"2022-05-04T12:44:37","date_gmt":"2022-05-04T12:44:37","guid":{"rendered":"https:\/\/cvinoticias.com\/v3\/?p=15369"},"modified":"2022-05-04T12:44:37","modified_gmt":"2022-05-04T12:44:37","slug":"crean-un-espacio-para-fortalecer-y-acompanar-las-trayectorias-educativas-de-los-becarios-del-progresar","status":"publish","type":"post","link":"https:\/\/cvinoticias.com\/v3\/crean-un-espacio-para-fortalecer-y-acompanar-las-trayectorias-educativas-de-los-becarios-del-progresar\/","title":{"rendered":"Crean un espacio para fortalecer y acompa\u00f1ar las trayectorias educativas de los becarios del Progresar"},"content":{"rendered":"\n<p><strong><em>Mediante la resoluci\u00f3n 1136\/2022 publicada este mi\u00e9rcoles en el Bolet\u00edn Oficial, el Ministerio de Educaci\u00f3n lanz\u00f3 los \u201cEspacios Progresar en la Educaci\u00f3n Permanente de J\u00f3venes y Adultos\u201d en el marco del \u201cPrograma Progresar\u201d, con el objetivo de \u00abfortalecer, consolidar y acompa\u00f1ar las trayectorias educativas de los becarios\u00bb.<\/em><\/strong><\/p>\n\n\n\n<p>Con la creaci\u00f3n de estos espacios se propone \u00abla construcci\u00f3n de marcos normativos que garanticen la puesta en marcha de diferentes estrategias de trabajo orientadas a garantizar condiciones que promuevan el acceso, la permanencia y el egreso de las y los estudiantes que participan del Programa Progresar como as\u00ed tambi\u00e9n brindar asesoramiento a las y los becarias\/os de otros programas del Ministerio de Educaci\u00f3n y a las y los estudiantes en general\u00bb.<\/p>\n\n\n\n<p>En total, se destinar\u00e1n 60 millones de pesos para esta nueva pol\u00edtica. Los objetivos espec\u00edficos son:<\/p>\n\n\n\n<ul class=\"wp-block-list\"><li>Reincorporar a los y las estudiantes que debido a la pandemia han interrumpido sus estudios y no han regresado a las aulas.<\/li><li>Recuperar y fortalecer trayectorias educativas interrumpidas parcialmente por dificultades en la aprobaci\u00f3n de los estudios.<\/li><li>Acompa\u00f1ar a quienes han tenido dificultades para certificar los estudios.<\/li><li>Desplegar funciones y actividades espec\u00edficas en territorios y en las instituciones para la revinculaci\u00f3n y apoyo pedag\u00f3gico requerido.<\/li><li>Promover el fortalecimiento de los dispositivos existentes tanto a nivel institucional como a nivel local y provincial.<\/li><\/ul>\n\n\n\n<p>En tanto, su implementaci\u00f3n consistir\u00e1 en:<\/p>\n\n\n\n<ul class=\"wp-block-list\"><li>El Programa Progresar y la Coordinaci\u00f3n de la Modalidad de EPJA trabajar\u00e1n conjuntamente en la capacitaci\u00f3n de los perfiles a cargo del Espacio, para formarlos en el acompa\u00f1amiento de trayectorias educativas. Estos perfiles se denominar\u00e1n \u201cReferentes del Espacio Progresar EPJA\u201d (REPE) y, una vez capacitados\/as, ser\u00e1n los\/as responsables de elaborar los planes institucionales y realizar su seguimiento.<\/li><li>Los proyectos institucionales deber\u00e1n incluir tanto actividades por fuera de la instituci\u00f3n, ligados a organizaciones territoriales, como trabajos de apoyo pedag\u00f3gico espec\u00edfico.<\/li><li>Se propone que las acciones comprendidas en el marco del Proyecto Espacios Progresar EPJA lleguen a todos\/as los y las estudiantes del Centro Educativo, adem\u00e1s de los\/as becarios\/as del Programa Progresar.<\/li><li>Las instituciones participantes dispondr\u00e1n de recursos para afrontar gastos relacionados con actividades previstas dentro de los Espacios Progresar EPJA. La rendici\u00f3n de los mismos deber\u00e1n realizarse bajo las condiciones pautadas en el ANEXO II Bases para la utilizaci\u00f3n y rendici\u00f3n de los fondos asignados para los \u201cEspacios Progresar en Instituciones de Educaci\u00f3n Permanente de J\u00f3venes y Adultos\u201d para la implementaci\u00f3n del espacio.<\/li><\/ul>\n","protected":false},"excerpt":{"rendered":"<p>Mediante la resoluci\u00f3n 1136\/2022 publicada este mi\u00e9rcoles en el Bolet\u00edn Oficial, el Ministerio de Educaci\u00f3n lanz\u00f3 los \u201cEspacios Progresar en la Educaci\u00f3n Permanente de J\u00f3venes y Adultos\u201d en el marco del \u201cPrograma Progresar\u201d, con el objetivo de \u00abfortalecer, consolidar y acompa\u00f1ar las trayectorias educativas de los becarios\u00bb. Con la creaci\u00f3n de estos espacios se propone [&hellip;]<\/p>\n","protected":false},"author":2,"featured_media":15370,"comment_status":"open","ping_status":"open","sticky":false,"template":"","format":"standard","meta":{"footnotes":""},"categories":[26],"tags":[],"class_list":["post-15369","post","type-post","status-publish","format-standard","has-post-thumbnail","hentry","category-educacion"],"yoast_head":"<!-- This site is optimized with the Yoast SEO plugin v27.5 - https:\/\/yoast.com\/product\/yoast-seo-wordpress\/ -->\n<title>Crean un espacio para fortalecer y acompa\u00f1ar las trayectorias educativas de los becarios del Progresar | CVI NOTICIAS<\/title>\n<meta name=\"robots\" content=\"index, follow, max-snippet:-1, max-image-preview:large, max-video-preview:-1\" \/>\n<link rel=\"canonical\" href=\"https:\/\/cvinoticias.com\/v3\/crean-un-espacio-para-fortalecer-y-acompanar-las-trayectorias-educativas-de-los-becarios-del-progresar\/\" \/>\n<meta property=\"og:locale\" content=\"es_ES\" \/>\n<meta property=\"og:type\" content=\"article\" \/>\n<meta property=\"og:title\" content=\"Crean un espacio para fortalecer y acompa\u00f1ar las trayectorias educativas de los becarios del Progresar | CVI NOTICIAS\" \/>\n<meta property=\"og:description\" content=\"Mediante la resoluci\u00f3n 1136\/2022 publicada este mi\u00e9rcoles en el Bolet\u00edn Oficial, el Ministerio de Educaci\u00f3n lanz\u00f3 los \u201cEspacios Progresar en la Educaci\u00f3n Permanente de J\u00f3venes y Adultos\u201d en el marco del \u201cPrograma Progresar\u201d, con el objetivo de \u00abfortalecer, consolidar y acompa\u00f1ar las trayectorias educativas de los becarios\u00bb. Con la creaci\u00f3n de estos espacios se propone [&hellip;]\" \/>\n<meta property=\"og:url\" content=\"https:\/\/cvinoticias.com\/v3\/crean-un-espacio-para-fortalecer-y-acompanar-las-trayectorias-educativas-de-los-becarios-del-progresar\/\" \/>\n<meta property=\"og:site_name\" content=\"CVI NOTICIAS\" \/>\n<meta property=\"article:publisher\" content=\"https:\/\/www.facebook.com\/cvinoticias\" \/>\n<meta property=\"article:published_time\" content=\"2022-05-04T12:44:37+00:00\" \/>\n<meta property=\"og:image\" content=\"https:\/\/cvinoticias.com\/wp-content\/uploads\/2022\/05\/0000091530.jpg\" \/>\n\t<meta property=\"og:image:width\" content=\"768\" \/>\n\t<meta property=\"og:image:height\" content=\"432\" \/>\n\t<meta property=\"og:image:type\" content=\"image\/jpeg\" \/>\n<meta name=\"author\" content=\"f1000024\" \/>\n<meta name=\"twitter:card\" content=\"summary_large_image\" \/>\n<meta name=\"twitter:label1\" content=\"Escrito por\" \/>\n\t<meta name=\"twitter:data1\" content=\"f1000024\" \/>\n\t<meta name=\"twitter:label2\" content=\"Tiempo de lectura\" \/>\n\t<meta name=\"twitter:data2\" content=\"2 minutos\" \/>\n<script type=\"application\/ld+json\" class=\"yoast-schema-graph\">{\"@context\":\"https:\\\/\\\/schema.org\",\"@graph\":[{\"@type\":\"Article\",\"@id\":\"https:\\\/\\\/cvinoticias.com\\\/v3\\\/crean-un-espacio-para-fortalecer-y-acompanar-las-trayectorias-educativas-de-los-becarios-del-progresar\\\/#article\",\"isPartOf\":{\"@id\":\"https:\\\/\\\/cvinoticias.com\\\/v3\\\/crean-un-espacio-para-fortalecer-y-acompanar-las-trayectorias-educativas-de-los-becarios-del-progresar\\\/\"},\"author\":{\"name\":\"f1000024\",\"@id\":\"https:\\\/\\\/cvinoticias.com\\\/v3\\\/#\\\/schema\\\/person\\\/2db77e3c6bc03c538495d7b2b8be9b66\"},\"headline\":\"Crean un espacio para fortalecer y acompa\u00f1ar las trayectorias educativas de los becarios del Progresar\",\"datePublished\":\"2022-05-04T12:44:37+00:00\",\"mainEntityOfPage\":{\"@id\":\"https:\\\/\\\/cvinoticias.com\\\/v3\\\/crean-un-espacio-para-fortalecer-y-acompanar-las-trayectorias-educativas-de-los-becarios-del-progresar\\\/\"},\"wordCount\":454,\"commentCount\":0,\"publisher\":{\"@id\":\"https:\\\/\\\/cvinoticias.com\\\/v3\\\/#organization\"},\"image\":{\"@id\":\"https:\\\/\\\/cvinoticias.com\\\/v3\\\/crean-un-espacio-para-fortalecer-y-acompanar-las-trayectorias-educativas-de-los-becarios-del-progresar\\\/#primaryimage\"},\"thumbnailUrl\":\"https:\\\/\\\/cvinoticias.com\\\/wp-content\\\/uploads\\\/2022\\\/05\\\/0000091530.jpg\",\"articleSection\":[\"Educacion\"],\"inLanguage\":\"es\",\"potentialAction\":[{\"@type\":\"CommentAction\",\"name\":\"Comment\",\"target\":[\"https:\\\/\\\/cvinoticias.com\\\/v3\\\/crean-un-espacio-para-fortalecer-y-acompanar-las-trayectorias-educativas-de-los-becarios-del-progresar\\\/#respond\"]}]},{\"@type\":\"WebPage\",\"@id\":\"https:\\\/\\\/cvinoticias.com\\\/v3\\\/crean-un-espacio-para-fortalecer-y-acompanar-las-trayectorias-educativas-de-los-becarios-del-progresar\\\/\",\"url\":\"https:\\\/\\\/cvinoticias.com\\\/v3\\\/crean-un-espacio-para-fortalecer-y-acompanar-las-trayectorias-educativas-de-los-becarios-del-progresar\\\/\",\"name\":\"Crean un espacio para fortalecer y acompa\u00f1ar las trayectorias educativas de los becarios del Progresar | CVI NOTICIAS\",\"isPartOf\":{\"@id\":\"https:\\\/\\\/cvinoticias.com\\\/v3\\\/#website\"},\"primaryImageOfPage\":{\"@id\":\"https:\\\/\\\/cvinoticias.com\\\/v3\\\/crean-un-espacio-para-fortalecer-y-acompanar-las-trayectorias-educativas-de-los-becarios-del-progresar\\\/#primaryimage\"},\"image\":{\"@id\":\"https:\\\/\\\/cvinoticias.com\\\/v3\\\/crean-un-espacio-para-fortalecer-y-acompanar-las-trayectorias-educativas-de-los-becarios-del-progresar\\\/#primaryimage\"},\"thumbnailUrl\":\"https:\\\/\\\/cvinoticias.com\\\/wp-content\\\/uploads\\\/2022\\\/05\\\/0000091530.jpg\",\"datePublished\":\"2022-05-04T12:44:37+00:00\",\"breadcrumb\":{\"@id\":\"https:\\\/\\\/cvinoticias.com\\\/v3\\\/crean-un-espacio-para-fortalecer-y-acompanar-las-trayectorias-educativas-de-los-becarios-del-progresar\\\/#breadcrumb\"},\"inLanguage\":\"es\",\"potentialAction\":[{\"@type\":\"ReadAction\",\"target\":[\"https:\\\/\\\/cvinoticias.com\\\/v3\\\/crean-un-espacio-para-fortalecer-y-acompanar-las-trayectorias-educativas-de-los-becarios-del-progresar\\\/\"]}]},{\"@type\":\"ImageObject\",\"inLanguage\":\"es\",\"@id\":\"https:\\\/\\\/cvinoticias.com\\\/v3\\\/crean-un-espacio-para-fortalecer-y-acompanar-las-trayectorias-educativas-de-los-becarios-del-progresar\\\/#primaryimage\",\"url\":\"https:\\\/\\\/cvinoticias.com\\\/wp-content\\\/uploads\\\/2022\\\/05\\\/0000091530.jpg\",\"contentUrl\":\"https:\\\/\\\/cvinoticias.com\\\/wp-content\\\/uploads\\\/2022\\\/05\\\/0000091530.jpg\",\"width\":768,\"height\":432},{\"@type\":\"BreadcrumbList\",\"@id\":\"https:\\\/\\\/cvinoticias.com\\\/v3\\\/crean-un-espacio-para-fortalecer-y-acompanar-las-trayectorias-educativas-de-los-becarios-del-progresar\\\/#breadcrumb\",\"itemListElement\":[{\"@type\":\"ListItem\",\"position\":1,\"name\":\"Portada\",\"item\":\"https:\\\/\\\/cvinoticias.com\\\/v3\\\/\"},{\"@type\":\"ListItem\",\"position\":2,\"name\":\"Crean un espacio para fortalecer y acompa\u00f1ar las trayectorias educativas de los becarios del Progresar\"}]},{\"@type\":\"WebSite\",\"@id\":\"https:\\\/\\\/cvinoticias.com\\\/v3\\\/#website\",\"url\":\"https:\\\/\\\/cvinoticias.com\\\/v3\\\/\",\"name\":\"CVI NOTICIAS\",\"description\":\"\",\"publisher\":{\"@id\":\"https:\\\/\\\/cvinoticias.com\\\/v3\\\/#organization\"},\"alternateName\":\"CVI\",\"potentialAction\":[{\"@type\":\"SearchAction\",\"target\":{\"@type\":\"EntryPoint\",\"urlTemplate\":\"https:\\\/\\\/cvinoticias.com\\\/v3\\\/?s={search_term_string}\"},\"query-input\":{\"@type\":\"PropertyValueSpecification\",\"valueRequired\":true,\"valueName\":\"search_term_string\"}}],\"inLanguage\":\"es\"},{\"@type\":\"Organization\",\"@id\":\"https:\\\/\\\/cvinoticias.com\\\/v3\\\/#organization\",\"name\":\"CVI NOTICIAS\",\"url\":\"https:\\\/\\\/cvinoticias.com\\\/v3\\\/\",\"logo\":{\"@type\":\"ImageObject\",\"inLanguage\":\"es\",\"@id\":\"https:\\\/\\\/cvinoticias.com\\\/v3\\\/#\\\/schema\\\/logo\\\/image\\\/\",\"url\":\"https:\\\/\\\/cvinoticias.com\\\/wp-content\\\/uploads\\\/2023\\\/04\\\/cropped-cropped-cropped-cropped-cropped-3-1.png\",\"contentUrl\":\"https:\\\/\\\/cvinoticias.com\\\/wp-content\\\/uploads\\\/2023\\\/04\\\/cropped-cropped-cropped-cropped-cropped-3-1.png\",\"width\":95,\"height\":122,\"caption\":\"CVI NOTICIAS\"},\"image\":{\"@id\":\"https:\\\/\\\/cvinoticias.com\\\/v3\\\/#\\\/schema\\\/logo\\\/image\\\/\"},\"sameAs\":[\"https:\\\/\\\/www.facebook.com\\\/cvinoticias\",\"https:\\\/\\\/www.instagram.com\\\/cvinoticias\\\/\",\"https:\\\/\\\/www.youtube.com\\\/@CVINOTICIAS\"]},{\"@type\":\"Person\",\"@id\":\"https:\\\/\\\/cvinoticias.com\\\/v3\\\/#\\\/schema\\\/person\\\/2db77e3c6bc03c538495d7b2b8be9b66\",\"name\":\"f1000024\",\"image\":{\"@type\":\"ImageObject\",\"inLanguage\":\"es\",\"@id\":\"https:\\\/\\\/secure.gravatar.com\\\/avatar\\\/d4fe7459cfc51ff5129ce1a732bbef5928568b8092d412ef95611616376bbeed?s=96&d=mm&r=g\",\"url\":\"https:\\\/\\\/secure.gravatar.com\\\/avatar\\\/d4fe7459cfc51ff5129ce1a732bbef5928568b8092d412ef95611616376bbeed?s=96&d=mm&r=g\",\"contentUrl\":\"https:\\\/\\\/secure.gravatar.com\\\/avatar\\\/d4fe7459cfc51ff5129ce1a732bbef5928568b8092d412ef95611616376bbeed?s=96&d=mm&r=g\",\"caption\":\"f1000024\"},\"url\":\"https:\\\/\\\/cvinoticias.com\\\/v3\\\/author\\\/f1000024\\\/\"}]}<\/script>\n<!-- \/ Yoast SEO plugin. -->","yoast_head_json":{"title":"Crean un espacio para fortalecer y acompa\u00f1ar las trayectorias educativas de los becarios del Progresar | CVI NOTICIAS","robots":{"index":"index","follow":"follow","max-snippet":"max-snippet:-1","max-image-preview":"max-image-preview:large","max-video-preview":"max-video-preview:-1"},"canonical":"https:\/\/cvinoticias.com\/v3\/crean-un-espacio-para-fortalecer-y-acompanar-las-trayectorias-educativas-de-los-becarios-del-progresar\/","og_locale":"es_ES","og_type":"article","og_title":"Crean un espacio para fortalecer y acompa\u00f1ar las trayectorias educativas de los becarios del Progresar | CVI NOTICIAS","og_description":"Mediante la resoluci\u00f3n 1136\/2022 publicada este mi\u00e9rcoles en el Bolet\u00edn Oficial, el Ministerio de Educaci\u00f3n lanz\u00f3 los \u201cEspacios Progresar en la Educaci\u00f3n Permanente de J\u00f3venes y Adultos\u201d en el marco del \u201cPrograma Progresar\u201d, con el objetivo de \u00abfortalecer, consolidar y acompa\u00f1ar las trayectorias educativas de los becarios\u00bb. Con la creaci\u00f3n de estos espacios se propone [&hellip;]","og_url":"https:\/\/cvinoticias.com\/v3\/crean-un-espacio-para-fortalecer-y-acompanar-las-trayectorias-educativas-de-los-becarios-del-progresar\/","og_site_name":"CVI NOTICIAS","article_publisher":"https:\/\/www.facebook.com\/cvinoticias","article_published_time":"2022-05-04T12:44:37+00:00","og_image":[{"width":768,"height":432,"url":"https:\/\/cvinoticias.com\/wp-content\/uploads\/2022\/05\/0000091530.jpg","type":"image\/jpeg"}],"author":"f1000024","twitter_card":"summary_large_image","twitter_misc":{"Escrito por":"f1000024","Tiempo de lectura":"2 minutos"},"schema":{"@context":"https:\/\/schema.org","@graph":[{"@type":"Article","@id":"https:\/\/cvinoticias.com\/v3\/crean-un-espacio-para-fortalecer-y-acompanar-las-trayectorias-educativas-de-los-becarios-del-progresar\/#article","isPartOf":{"@id":"https:\/\/cvinoticias.com\/v3\/crean-un-espacio-para-fortalecer-y-acompanar-las-trayectorias-educativas-de-los-becarios-del-progresar\/"},"author":{"name":"f1000024","@id":"https:\/\/cvinoticias.com\/v3\/#\/schema\/person\/2db77e3c6bc03c538495d7b2b8be9b66"},"headline":"Crean un espacio para fortalecer y acompa\u00f1ar las trayectorias educativas de los becarios del Progresar","datePublished":"2022-05-04T12:44:37+00:00","mainEntityOfPage":{"@id":"https:\/\/cvinoticias.com\/v3\/crean-un-espacio-para-fortalecer-y-acompanar-las-trayectorias-educativas-de-los-becarios-del-progresar\/"},"wordCount":454,"commentCount":0,"publisher":{"@id":"https:\/\/cvinoticias.com\/v3\/#organization"},"image":{"@id":"https:\/\/cvinoticias.com\/v3\/crean-un-espacio-para-fortalecer-y-acompanar-las-trayectorias-educativas-de-los-becarios-del-progresar\/#primaryimage"},"thumbnailUrl":"https:\/\/cvinoticias.com\/wp-content\/uploads\/2022\/05\/0000091530.jpg","articleSection":["Educacion"],"inLanguage":"es","potentialAction":[{"@type":"CommentAction","name":"Comment","target":["https:\/\/cvinoticias.com\/v3\/crean-un-espacio-para-fortalecer-y-acompanar-las-trayectorias-educativas-de-los-becarios-del-progresar\/#respond"]}]},{"@type":"WebPage","@id":"https:\/\/cvinoticias.com\/v3\/crean-un-espacio-para-fortalecer-y-acompanar-las-trayectorias-educativas-de-los-becarios-del-progresar\/","url":"https:\/\/cvinoticias.com\/v3\/crean-un-espacio-para-fortalecer-y-acompanar-las-trayectorias-educativas-de-los-becarios-del-progresar\/","name":"Crean un espacio para fortalecer y acompa\u00f1ar las trayectorias educativas de los becarios del Progresar | CVI NOTICIAS","isPartOf":{"@id":"https:\/\/cvinoticias.com\/v3\/#website"},"primaryImageOfPage":{"@id":"https:\/\/cvinoticias.com\/v3\/crean-un-espacio-para-fortalecer-y-acompanar-las-trayectorias-educativas-de-los-becarios-del-progresar\/#primaryimage"},"image":{"@id":"https:\/\/cvinoticias.com\/v3\/crean-un-espacio-para-fortalecer-y-acompanar-las-trayectorias-educativas-de-los-becarios-del-progresar\/#primaryimage"},"thumbnailUrl":"https:\/\/cvinoticias.com\/wp-content\/uploads\/2022\/05\/0000091530.jpg","datePublished":"2022-05-04T12:44:37+00:00","breadcrumb":{"@id":"https:\/\/cvinoticias.com\/v3\/crean-un-espacio-para-fortalecer-y-acompanar-las-trayectorias-educativas-de-los-becarios-del-progresar\/#breadcrumb"},"inLanguage":"es","potentialAction":[{"@type":"ReadAction","target":["https:\/\/cvinoticias.com\/v3\/crean-un-espacio-para-fortalecer-y-acompanar-las-trayectorias-educativas-de-los-becarios-del-progresar\/"]}]},{"@type":"ImageObject","inLanguage":"es","@id":"https:\/\/cvinoticias.com\/v3\/crean-un-espacio-para-fortalecer-y-acompanar-las-trayectorias-educativas-de-los-becarios-del-progresar\/#primaryimage","url":"https:\/\/cvinoticias.com\/wp-content\/uploads\/2022\/05\/0000091530.jpg","contentUrl":"https:\/\/cvinoticias.com\/wp-content\/uploads\/2022\/05\/0000091530.jpg","width":768,"height":432},{"@type":"BreadcrumbList","@id":"https:\/\/cvinoticias.com\/v3\/crean-un-espacio-para-fortalecer-y-acompanar-las-trayectorias-educativas-de-los-becarios-del-progresar\/#breadcrumb","itemListElement":[{"@type":"ListItem","position":1,"name":"Portada","item":"https:\/\/cvinoticias.com\/v3\/"},{"@type":"ListItem","position":2,"name":"Crean un espacio para fortalecer y acompa\u00f1ar las trayectorias educativas de los becarios del Progresar"}]},{"@type":"WebSite","@id":"https:\/\/cvinoticias.com\/v3\/#website","url":"https:\/\/cvinoticias.com\/v3\/","name":"CVI NOTICIAS","description":"","publisher":{"@id":"https:\/\/cvinoticias.com\/v3\/#organization"},"alternateName":"CVI","potentialAction":[{"@type":"SearchAction","target":{"@type":"EntryPoint","urlTemplate":"https:\/\/cvinoticias.com\/v3\/?s={search_term_string}"},"query-input":{"@type":"PropertyValueSpecification","valueRequired":true,"valueName":"search_term_string"}}],"inLanguage":"es"},{"@type":"Organization","@id":"https:\/\/cvinoticias.com\/v3\/#organization","name":"CVI NOTICIAS","url":"https:\/\/cvinoticias.com\/v3\/","logo":{"@type":"ImageObject","inLanguage":"es","@id":"https:\/\/cvinoticias.com\/v3\/#\/schema\/logo\/image\/","url":"https:\/\/cvinoticias.com\/wp-content\/uploads\/2023\/04\/cropped-cropped-cropped-cropped-cropped-3-1.png","contentUrl":"https:\/\/cvinoticias.com\/wp-content\/uploads\/2023\/04\/cropped-cropped-cropped-cropped-cropped-3-1.png","width":95,"height":122,"caption":"CVI NOTICIAS"},"image":{"@id":"https:\/\/cvinoticias.com\/v3\/#\/schema\/logo\/image\/"},"sameAs":["https:\/\/www.facebook.com\/cvinoticias","https:\/\/www.instagram.com\/cvinoticias\/","https:\/\/www.youtube.com\/@CVINOTICIAS"]},{"@type":"Person","@id":"https:\/\/cvinoticias.com\/v3\/#\/schema\/person\/2db77e3c6bc03c538495d7b2b8be9b66","name":"f1000024","image":{"@type":"ImageObject","inLanguage":"es","@id":"https:\/\/secure.gravatar.com\/avatar\/d4fe7459cfc51ff5129ce1a732bbef5928568b8092d412ef95611616376bbeed?s=96&d=mm&r=g","url":"https:\/\/secure.gravatar.com\/avatar\/d4fe7459cfc51ff5129ce1a732bbef5928568b8092d412ef95611616376bbeed?s=96&d=mm&r=g","contentUrl":"https:\/\/secure.gravatar.com\/avatar\/d4fe7459cfc51ff5129ce1a732bbef5928568b8092d412ef95611616376bbeed?s=96&d=mm&r=g","caption":"f1000024"},"url":"https:\/\/cvinoticias.com\/v3\/author\/f1000024\/"}]}},"_links":{"self":[{"href":"https:\/\/cvinoticias.com\/v3\/wp-json\/wp\/v2\/posts\/15369","targetHints":{"allow":["GET"]}}],"collection":[{"href":"https:\/\/cvinoticias.com\/v3\/wp-json\/wp\/v2\/posts"}],"about":[{"href":"https:\/\/cvinoticias.com\/v3\/wp-json\/wp\/v2\/types\/post"}],"author":[{"embeddable":true,"href":"https:\/\/cvinoticias.com\/v3\/wp-json\/wp\/v2\/users\/2"}],"replies":[{"embeddable":true,"href":"https:\/\/cvinoticias.com\/v3\/wp-json\/wp\/v2\/comments?post=15369"}],"version-history":[{"count":1,"href":"https:\/\/cvinoticias.com\/v3\/wp-json\/wp\/v2\/posts\/15369\/revisions"}],"predecessor-version":[{"id":15371,"href":"https:\/\/cvinoticias.com\/v3\/wp-json\/wp\/v2\/posts\/15369\/revisions\/15371"}],"wp:featuredmedia":[{"embeddable":true,"href":"https:\/\/cvinoticias.com\/v3\/wp-json\/wp\/v2\/media\/15370"}],"wp:attachment":[{"href":"https:\/\/cvinoticias.com\/v3\/wp-json\/wp\/v2\/media?parent=15369"}],"wp:term":[{"taxonomy":"category","embeddable":true,"href":"https:\/\/cvinoticias.com\/v3\/wp-json\/wp\/v2\/categories?post=15369"},{"taxonomy":"post_tag","embeddable":true,"href":"https:\/\/cvinoticias.com\/v3\/wp-json\/wp\/v2\/tags?post=15369"}],"curies":[{"name":"wp","href":"https:\/\/api.w.org\/{rel}","templated":true}]}}