{"id":15071,"date":"2022-04-24T13:10:53","date_gmt":"2022-04-24T13:10:53","guid":{"rendered":"https:\/\/cvinoticias.com\/v3\/?p=15071"},"modified":"2022-04-24T15:16:35","modified_gmt":"2022-04-24T15:16:35","slug":"po-nicolas-marchiori-las-dos-caras-de-la-politica","status":"publish","type":"post","link":"https:\/\/cvinoticias.com\/v3\/po-nicolas-marchiori-las-dos-caras-de-la-politica\/","title":{"rendered":"Por Nicol\u00e1s Marchiori &#8211; Las dos caras de la pol\u00edtica"},"content":{"rendered":"\n<p><strong><em>En el complejo contexto econ\u00f3mico que atraviesa el pa\u00eds conviven una clase dirigente que s\u00f3lo piensa en el poder y otra que busca permanentemente soluciones que aplaquen el impacto de la crisis. Mientras que el Gobierno Misionero se encuentra abocado de lleno a la gesti\u00f3n, los referentes de las fuerzas nacionales se encuentran inmersos en las peleas internas de siempre para lograr mayor concentraci\u00f3n de poder.<\/em><\/strong><\/p>\n\n\n\n<p>Si hoy se decidiera elegir la palabra que m\u00e1s se ajuste a la realidad pol\u00edtica argentina, sin lugar a dudas \u201cdesafecci\u00f3n\u201d ser\u00eda una de las m\u00e1s votada. Cuando hablamos de desafecci\u00f3n no se trata de un sin\u00f3nimo de descontento. El descontento no suele afectar la legitimidad democr\u00e1tica y es, sobre todo, coyuntural. La desafecci\u00f3n se ha convertido en la palabra justa para expresar una nueva actitud que se concreta en el alejamiento respecto de una clase pol\u00edtica que estaba pr\u00f3xima, pero a la cual ya hac\u00eda mucho tiempo que se hab\u00eda dejado de apreciar. De all\u00ed que la desafecci\u00f3n pol\u00edtica implica una profunda insatisfacci\u00f3n con los resultados de las instituciones democr\u00e1ticas, independientemente del partido o individuos que las est\u00e9n operando.<\/p>\n\n\n\n<p>Gran parte de la clase dirigente es responsable de esta situaci\u00f3n. Y para colmo de males, nada hacen por revertir este preocupante presente. En la Argentina actual se ha perdido el debate, el intercambio de ideas.<\/p>\n\n\n\n<p>La discusi\u00f3n respetuosa, sin insultos ni atribuci\u00f3n de intenciones es fundamental para la convivencia. En tiempos signados por rumores y difamaciones, el sano debate de ideas se ha vuelto fundamental para el fortalecimiento democr\u00e1tico y el respeto por la diferencia.<\/p>\n\n\n\n<p>La clase pol\u00edtica debe entender que en un aut\u00e9ntico debate de ideas no ganan o pierden personas, sino que ganan todos, porque ganan los mejores argumentos y las ideas m\u00e1s convincentes. En un aut\u00e9ntico debate de ideas todos aprenden, incluso a matizar nuestras posiciones, a reconocer errores, a comprender la complejidad de los temas, y aleja a todos de la simplificaci\u00f3n que polariza la sociedad. En un aut\u00e9ntico debate de ideas los temas de discusi\u00f3n nunca son la vida personal de quienes debaten. Pero cuando las personas no saben argumentar o no tienen m\u00e1s argumentos por falta de profundidad o de claridad, comienzan a se\u00f1alar problemas o debilidades personales de sus interlocutores y, en lugar de responder al argumento contrario, pierden el debate y perdemos todos.<\/p>\n\n\n\n<p>La dirigencia de hoy, en su mayor\u00eda, est\u00e1 m\u00e1s preocupada por las disputas internas y en conquistar espacios de poder que en solucionar los problemas de los ciudadanos de a pie. Est\u00e1n inmersos en una burbuja en donde tienen la convicci\u00f3n de que la agenda de la clase pol\u00edtica es la agenda de la sociedad. Enceguecidos por el poder, d\u00eda a d\u00eda toman m\u00e1s distancia de la ciudadan\u00eda y acrecientan esa brecha que desemboca indefectiblemente en un divorcio entre la pol\u00edtica y la ciudadan\u00eda. Es as\u00ed que comienza a tallar en el inconsciente colectivo el sentimiento de desafecci\u00f3n, y eso es grave porque desemboca en una fractura c\u00edvica.<\/p>\n\n\n\n<p>La construcci\u00f3n de una sociedad que trabaje por el bien com\u00fan requiere de acuerdos y de proyectos a largo plazo. El di\u00e1logo es la herramienta fundamental que nos permite avanzar, poniendo los argumentos por encima de los intereses personales.<\/p>\n\n\n\n<p>El di\u00e1logo nos hace capaces de descubrir que no coincidimos en todo ni estamos en todo en desacuerdo; nos permite fortalecer lo que nos une y aceptar lo que nos divide, buscando tambi\u00e9n consensos en decisiones dif\u00edciles.<\/p>\n\n\n\n<p>La comunidad pol\u00edtica es aut\u00e9ntica cuando existen v\u00ednculos reales y solidarios que, en medio de las diferencias, van m\u00e1s lejos de una superficial tolerancia o de respeto por las normas, sino que se realiza en la construcci\u00f3n colectiva de un nosotros que solo se hace posible desde el respeto por la dignidad de todo ser humano y la confianza en las instituciones.<\/p>\n\n\n\n<p><strong>El reclamo permanente por una reparaci\u00f3n hist\u00f3rica para Misiones<\/strong><\/p>\n\n\n\n<p>El d\u00eda jueves, el Presidente de la Naci\u00f3n Alberto Fern\u00e1ndez encabez\u00f3 en Neuqu\u00e9n el acto de lanzamiento del gasoducto \u201cN\u00e9stor Kirchner\u201d que no incluye a Misiones entre las provincias beneficiarias. En virtud de ello, el Gobernador Herrera Ahuad se traslad\u00f3 en compa\u00f1\u00eda de los legisladores misioneros Diego Sartori y Carlos Fern\u00e1ndez hasta el complejo Loma Campana que posee la empresa YPF en Vaca Muerta, para entregarle en mano al Presidente Fern\u00e1ndez el proyecto de ley de expansi\u00f3n de red de gas natural para que llegue a Misiones.<\/p>\n\n\n\n<p>En relaci\u00f3n a este tema, el Conductor del Frente Renovador de la Concordia Ing. Carlos Rovira expres\u00f3 en un hilo desde su cuenta personal de Twitter un reclamo que es transversal en el pueblo misionero: \u201cInclusi\u00f3n energ\u00e9tica y gas\u00edfera ya para Misiones! Y urgente soluci\u00f3n a las principales asimetr\u00edas de la Naci\u00f3n con nuestra provincia: zona aduanera comercial especial, compensaci\u00f3n energ\u00e9tica y nueva coparticipaci\u00f3n actualizada que devuelva el esfuerzo econ\u00f3mico y ambiental a los misioneros\u201d, rezaba el en\u00e9rgico pedido.<\/p>\n\n\n\n<p>En el transcurso de la semana, Diputado Nacional misionerista Diego Horacio Sartori present\u00f3 en el Congreso Nacional el citado Proyecto de Ley para el financiamiento de la extensi\u00f3n de la Red de Gas Natural hasta Misiones. Esta iniciativa contempla la creaci\u00f3n de un fondo de inversi\u00f3n a trav\u00e9s de una tasa del 6&#215;1000 sobre la tarifa de gas de los usuarios del resto del pa\u00eds para permitir la construcci\u00f3n del gasoducto. Adem\u00e1s, incluye el establecimiento de precios diferenciales para el gas envasado que se distribuye actualmente en la Provincia a trav\u00e9s de la creaci\u00f3n de un Fondo Compensatorio. De esta manera, como Misiones no cuenta con Red de Gas Natural, se pretende que el acceso a este recurso sea a un precio equivalente al de las jurisdicciones que s\u00ed cuentan con dicho acceso.<\/p>\n\n\n\n<p>De esta manera, el \u201cFondo de Expansi\u00f3n de Red de Gas Natural para la Provincia de Misiones\u201d tiene como objetivo financiar las obras de infraestructura que son necesarias para concretar el acceso a un servicio que viene siendo postergado durante d\u00e9cadas sin ning\u00fan motivo v\u00e1lido m\u00e1s que la arbitrariedad promovida por la visi\u00f3n centralista de los gobiernos nacionales que se han venido sucediendo desde el retorno de la democracia en la Argentina. Es as\u00ed que este proyecto que fuera ideado originalmente por el Ing. Carlos Eduardo Rovira, gestionado por el gobernador Oscar Herrera Ahuad y presentado por los actuales diputados renovadores en el Congreso Nacional, busca subsanar una situaci\u00f3n de inequidad hist\u00f3rica que implica un obst\u00e1culo para el desarrollo de la Provincia.<\/p>\n\n\n\n<p>La extensi\u00f3n del gasoducto a la Provincia de Misiones, adem\u00e1s de mejorar el costo de vida en los hogares, permitir\u00e1 potenciar el desarrollo de los parques industriales y ampliar la capacidad productiva de la Provincia.<\/p>\n\n\n\n<p><strong>La burbuja de la oposici\u00f3n<\/strong><\/p>\n\n\n\n<p>A contramano de las necesidades e intereses de la ciudadan\u00eda, los representantes misioneros de las fuerzas nacionales se mimetizan con sus patrones que, desde Buenos Aires, deciden la suerte de los marginados pueblos de interior del pa\u00eds.<\/p>\n\n\n\n<p>Es una constante que fuera de los a\u00f1os electorales, los dirigentes opositores se olviden de las necesidades y problem\u00e1ticas de los misioneros. Aparecen cuando se prende la luz de una c\u00e1mara para grabar un spot de campa\u00f1a o cuando el despliegue de las superproducciones fotogr\u00e1ficas est\u00e1 garantizado para cubrir sus reuniones con vecinos que en muchos casos son militantes propios que se prestan para el montaje de una escena que busca transmitir empat\u00eda y compromiso ciudadano.<\/p>\n\n\n\n<p>Mientras la gente piensa de qu\u00e9 forma puede hacer rendir m\u00e1s su salario que se escurre de las manos por efecto de una inflaci\u00f3n que se le ha descontrolado al gobierno nacional, partidos pol\u00edticos como la Uni\u00f3n C\u00edvica Radical centran todas sus fuerzas en las elecciones internas. Tres listas se disputar\u00e1n la presidencia del partido.<\/p>\n\n\n\n<p>Con un despliegue proselitista obsceno, han copado cada pueblo de Misiones con pasacalles e inundado las redes sociales de publicaciones de reuniones en donde s\u00f3lo participan ellos, la clase pol\u00edtica. Los ciudadanos son simples espectadores, cada vez m\u00e1s reacios a la participaci\u00f3n. El com\u00fan denominador en la gente de a pie es \u201c\u00bfqu\u00e9 me importan las internas partidarias? si no me alcanza la plata para comer\u201d.<\/p>\n\n\n\n<p>Esa disociaci\u00f3n entre las prioridades de la clase pol\u00edtica y las necesidades de la gente es que lleva a la desafecci\u00f3n pol\u00edtica, una reacci\u00f3n que se ha transformado en un acto reflejo en gran parte de la sociedad.<\/p>\n\n\n\n<p><strong>NICOLAS MARCHIORI &#8211; Abogado. Diplomado en Manejo de Crisis y en An\u00e1lisis de Procesos Electorales. Posgrado de Especializaci\u00f3n en Comunicaci\u00f3n de Gobierno y Electoral. Becario de la Fundaci\u00f3n Konrad Adenauer y del Centro de An\u00e1lisis y Entrenamiento Pol\u00edtico &#8211; CAEP (Colombia).-<\/strong><\/p>\n","protected":false},"excerpt":{"rendered":"<p>En el complejo contexto econ\u00f3mico que atraviesa el pa\u00eds conviven una clase dirigente que s\u00f3lo piensa en el poder y otra que busca permanentemente soluciones que aplaquen el impacto de la crisis. Mientras que el Gobierno Misionero se encuentra abocado de lleno a la gesti\u00f3n, los referentes de las fuerzas nacionales se encuentran inmersos en [&hellip;]<\/p>\n","protected":false},"author":2,"featured_media":15072,"comment_status":"open","ping_status":"open","sticky":false,"template":"","format":"standard","meta":{"footnotes":""},"categories":[42],"tags":[],"class_list":["post-15071","post","type-post","status-publish","format-standard","has-post-thumbnail","hentry","category-politica"],"yoast_head":"<!-- This site is optimized with the Yoast SEO plugin v27.5 - https:\/\/yoast.com\/product\/yoast-seo-wordpress\/ -->\n<title>Por Nicol\u00e1s Marchiori - Las dos caras de la pol\u00edtica | CVI NOTICIAS<\/title>\n<meta name=\"robots\" content=\"index, follow, max-snippet:-1, max-image-preview:large, max-video-preview:-1\" \/>\n<link rel=\"canonical\" href=\"https:\/\/cvinoticias.com\/v3\/po-nicolas-marchiori-las-dos-caras-de-la-politica\/\" \/>\n<meta property=\"og:locale\" content=\"es_ES\" \/>\n<meta property=\"og:type\" content=\"article\" \/>\n<meta property=\"og:title\" content=\"Por Nicol\u00e1s Marchiori - Las dos caras de la pol\u00edtica | CVI NOTICIAS\" \/>\n<meta property=\"og:description\" content=\"En el complejo contexto econ\u00f3mico que atraviesa el pa\u00eds conviven una clase dirigente que s\u00f3lo piensa en el poder y otra que busca permanentemente soluciones que aplaquen el impacto de la crisis. Mientras que el Gobierno Misionero se encuentra abocado de lleno a la gesti\u00f3n, los referentes de las fuerzas nacionales se encuentran inmersos en [&hellip;]\" \/>\n<meta property=\"og:url\" content=\"https:\/\/cvinoticias.com\/v3\/po-nicolas-marchiori-las-dos-caras-de-la-politica\/\" \/>\n<meta property=\"og:site_name\" content=\"CVI NOTICIAS\" \/>\n<meta property=\"article:publisher\" content=\"https:\/\/www.facebook.com\/cvinoticias\" \/>\n<meta property=\"article:published_time\" content=\"2022-04-24T13:10:53+00:00\" \/>\n<meta property=\"article:modified_time\" content=\"2022-04-24T15:16:35+00:00\" \/>\n<meta property=\"og:image\" content=\"https:\/\/cvinoticias.com\/wp-content\/uploads\/2022\/04\/Screenshot_20220424-101029_Word.jpg\" \/>\n\t<meta property=\"og:image:width\" content=\"894\" \/>\n\t<meta property=\"og:image:height\" content=\"572\" \/>\n\t<meta property=\"og:image:type\" content=\"image\/jpeg\" \/>\n<meta name=\"author\" content=\"f1000024\" \/>\n<meta name=\"twitter:card\" content=\"summary_large_image\" \/>\n<meta name=\"twitter:label1\" content=\"Escrito por\" \/>\n\t<meta name=\"twitter:data1\" content=\"f1000024\" \/>\n\t<meta name=\"twitter:label2\" content=\"Tiempo de lectura\" \/>\n\t<meta name=\"twitter:data2\" content=\"8 minutos\" \/>\n<script type=\"application\/ld+json\" class=\"yoast-schema-graph\">{\"@context\":\"https:\\\/\\\/schema.org\",\"@graph\":[{\"@type\":\"Article\",\"@id\":\"https:\\\/\\\/cvinoticias.com\\\/v3\\\/po-nicolas-marchiori-las-dos-caras-de-la-politica\\\/#article\",\"isPartOf\":{\"@id\":\"https:\\\/\\\/cvinoticias.com\\\/v3\\\/po-nicolas-marchiori-las-dos-caras-de-la-politica\\\/\"},\"author\":{\"name\":\"f1000024\",\"@id\":\"https:\\\/\\\/cvinoticias.com\\\/v3\\\/#\\\/schema\\\/person\\\/2db77e3c6bc03c538495d7b2b8be9b66\"},\"headline\":\"Por Nicol\u00e1s Marchiori &#8211; Las dos caras de la pol\u00edtica\",\"datePublished\":\"2022-04-24T13:10:53+00:00\",\"dateModified\":\"2022-04-24T15:16:35+00:00\",\"mainEntityOfPage\":{\"@id\":\"https:\\\/\\\/cvinoticias.com\\\/v3\\\/po-nicolas-marchiori-las-dos-caras-de-la-politica\\\/\"},\"wordCount\":1563,\"commentCount\":0,\"publisher\":{\"@id\":\"https:\\\/\\\/cvinoticias.com\\\/v3\\\/#organization\"},\"image\":{\"@id\":\"https:\\\/\\\/cvinoticias.com\\\/v3\\\/po-nicolas-marchiori-las-dos-caras-de-la-politica\\\/#primaryimage\"},\"thumbnailUrl\":\"https:\\\/\\\/cvinoticias.com\\\/wp-content\\\/uploads\\\/2022\\\/04\\\/Screenshot_20220424-101029_Word.jpg\",\"articleSection\":[\"Politica\"],\"inLanguage\":\"es\",\"potentialAction\":[{\"@type\":\"CommentAction\",\"name\":\"Comment\",\"target\":[\"https:\\\/\\\/cvinoticias.com\\\/v3\\\/po-nicolas-marchiori-las-dos-caras-de-la-politica\\\/#respond\"]}]},{\"@type\":\"WebPage\",\"@id\":\"https:\\\/\\\/cvinoticias.com\\\/v3\\\/po-nicolas-marchiori-las-dos-caras-de-la-politica\\\/\",\"url\":\"https:\\\/\\\/cvinoticias.com\\\/v3\\\/po-nicolas-marchiori-las-dos-caras-de-la-politica\\\/\",\"name\":\"Por Nicol\u00e1s Marchiori - Las dos caras de la pol\u00edtica | CVI NOTICIAS\",\"isPartOf\":{\"@id\":\"https:\\\/\\\/cvinoticias.com\\\/v3\\\/#website\"},\"primaryImageOfPage\":{\"@id\":\"https:\\\/\\\/cvinoticias.com\\\/v3\\\/po-nicolas-marchiori-las-dos-caras-de-la-politica\\\/#primaryimage\"},\"image\":{\"@id\":\"https:\\\/\\\/cvinoticias.com\\\/v3\\\/po-nicolas-marchiori-las-dos-caras-de-la-politica\\\/#primaryimage\"},\"thumbnailUrl\":\"https:\\\/\\\/cvinoticias.com\\\/wp-content\\\/uploads\\\/2022\\\/04\\\/Screenshot_20220424-101029_Word.jpg\",\"datePublished\":\"2022-04-24T13:10:53+00:00\",\"dateModified\":\"2022-04-24T15:16:35+00:00\",\"breadcrumb\":{\"@id\":\"https:\\\/\\\/cvinoticias.com\\\/v3\\\/po-nicolas-marchiori-las-dos-caras-de-la-politica\\\/#breadcrumb\"},\"inLanguage\":\"es\",\"potentialAction\":[{\"@type\":\"ReadAction\",\"target\":[\"https:\\\/\\\/cvinoticias.com\\\/v3\\\/po-nicolas-marchiori-las-dos-caras-de-la-politica\\\/\"]}]},{\"@type\":\"ImageObject\",\"inLanguage\":\"es\",\"@id\":\"https:\\\/\\\/cvinoticias.com\\\/v3\\\/po-nicolas-marchiori-las-dos-caras-de-la-politica\\\/#primaryimage\",\"url\":\"https:\\\/\\\/cvinoticias.com\\\/wp-content\\\/uploads\\\/2022\\\/04\\\/Screenshot_20220424-101029_Word.jpg\",\"contentUrl\":\"https:\\\/\\\/cvinoticias.com\\\/wp-content\\\/uploads\\\/2022\\\/04\\\/Screenshot_20220424-101029_Word.jpg\",\"width\":894,\"height\":572},{\"@type\":\"BreadcrumbList\",\"@id\":\"https:\\\/\\\/cvinoticias.com\\\/v3\\\/po-nicolas-marchiori-las-dos-caras-de-la-politica\\\/#breadcrumb\",\"itemListElement\":[{\"@type\":\"ListItem\",\"position\":1,\"name\":\"Portada\",\"item\":\"https:\\\/\\\/cvinoticias.com\\\/v3\\\/\"},{\"@type\":\"ListItem\",\"position\":2,\"name\":\"Por Nicol\u00e1s Marchiori &#8211; Las dos caras de la pol\u00edtica\"}]},{\"@type\":\"WebSite\",\"@id\":\"https:\\\/\\\/cvinoticias.com\\\/v3\\\/#website\",\"url\":\"https:\\\/\\\/cvinoticias.com\\\/v3\\\/\",\"name\":\"CVI NOTICIAS\",\"description\":\"\",\"publisher\":{\"@id\":\"https:\\\/\\\/cvinoticias.com\\\/v3\\\/#organization\"},\"alternateName\":\"CVI\",\"potentialAction\":[{\"@type\":\"SearchAction\",\"target\":{\"@type\":\"EntryPoint\",\"urlTemplate\":\"https:\\\/\\\/cvinoticias.com\\\/v3\\\/?s={search_term_string}\"},\"query-input\":{\"@type\":\"PropertyValueSpecification\",\"valueRequired\":true,\"valueName\":\"search_term_string\"}}],\"inLanguage\":\"es\"},{\"@type\":\"Organization\",\"@id\":\"https:\\\/\\\/cvinoticias.com\\\/v3\\\/#organization\",\"name\":\"CVI NOTICIAS\",\"url\":\"https:\\\/\\\/cvinoticias.com\\\/v3\\\/\",\"logo\":{\"@type\":\"ImageObject\",\"inLanguage\":\"es\",\"@id\":\"https:\\\/\\\/cvinoticias.com\\\/v3\\\/#\\\/schema\\\/logo\\\/image\\\/\",\"url\":\"https:\\\/\\\/cvinoticias.com\\\/wp-content\\\/uploads\\\/2023\\\/04\\\/cropped-cropped-cropped-cropped-cropped-3-1.png\",\"contentUrl\":\"https:\\\/\\\/cvinoticias.com\\\/wp-content\\\/uploads\\\/2023\\\/04\\\/cropped-cropped-cropped-cropped-cropped-3-1.png\",\"width\":95,\"height\":122,\"caption\":\"CVI NOTICIAS\"},\"image\":{\"@id\":\"https:\\\/\\\/cvinoticias.com\\\/v3\\\/#\\\/schema\\\/logo\\\/image\\\/\"},\"sameAs\":[\"https:\\\/\\\/www.facebook.com\\\/cvinoticias\",\"https:\\\/\\\/www.instagram.com\\\/cvinoticias\\\/\",\"https:\\\/\\\/www.youtube.com\\\/@CVINOTICIAS\"]},{\"@type\":\"Person\",\"@id\":\"https:\\\/\\\/cvinoticias.com\\\/v3\\\/#\\\/schema\\\/person\\\/2db77e3c6bc03c538495d7b2b8be9b66\",\"name\":\"f1000024\",\"image\":{\"@type\":\"ImageObject\",\"inLanguage\":\"es\",\"@id\":\"https:\\\/\\\/secure.gravatar.com\\\/avatar\\\/d4fe7459cfc51ff5129ce1a732bbef5928568b8092d412ef95611616376bbeed?s=96&d=mm&r=g\",\"url\":\"https:\\\/\\\/secure.gravatar.com\\\/avatar\\\/d4fe7459cfc51ff5129ce1a732bbef5928568b8092d412ef95611616376bbeed?s=96&d=mm&r=g\",\"contentUrl\":\"https:\\\/\\\/secure.gravatar.com\\\/avatar\\\/d4fe7459cfc51ff5129ce1a732bbef5928568b8092d412ef95611616376bbeed?s=96&d=mm&r=g\",\"caption\":\"f1000024\"},\"url\":\"https:\\\/\\\/cvinoticias.com\\\/v3\\\/author\\\/f1000024\\\/\"}]}<\/script>\n<!-- \/ Yoast SEO plugin. -->","yoast_head_json":{"title":"Por Nicol\u00e1s Marchiori - Las dos caras de la pol\u00edtica | CVI NOTICIAS","robots":{"index":"index","follow":"follow","max-snippet":"max-snippet:-1","max-image-preview":"max-image-preview:large","max-video-preview":"max-video-preview:-1"},"canonical":"https:\/\/cvinoticias.com\/v3\/po-nicolas-marchiori-las-dos-caras-de-la-politica\/","og_locale":"es_ES","og_type":"article","og_title":"Por Nicol\u00e1s Marchiori - Las dos caras de la pol\u00edtica | CVI NOTICIAS","og_description":"En el complejo contexto econ\u00f3mico que atraviesa el pa\u00eds conviven una clase dirigente que s\u00f3lo piensa en el poder y otra que busca permanentemente soluciones que aplaquen el impacto de la crisis. Mientras que el Gobierno Misionero se encuentra abocado de lleno a la gesti\u00f3n, los referentes de las fuerzas nacionales se encuentran inmersos en [&hellip;]","og_url":"https:\/\/cvinoticias.com\/v3\/po-nicolas-marchiori-las-dos-caras-de-la-politica\/","og_site_name":"CVI NOTICIAS","article_publisher":"https:\/\/www.facebook.com\/cvinoticias","article_published_time":"2022-04-24T13:10:53+00:00","article_modified_time":"2022-04-24T15:16:35+00:00","og_image":[{"width":894,"height":572,"url":"https:\/\/cvinoticias.com\/wp-content\/uploads\/2022\/04\/Screenshot_20220424-101029_Word.jpg","type":"image\/jpeg"}],"author":"f1000024","twitter_card":"summary_large_image","twitter_misc":{"Escrito por":"f1000024","Tiempo de lectura":"8 minutos"},"schema":{"@context":"https:\/\/schema.org","@graph":[{"@type":"Article","@id":"https:\/\/cvinoticias.com\/v3\/po-nicolas-marchiori-las-dos-caras-de-la-politica\/#article","isPartOf":{"@id":"https:\/\/cvinoticias.com\/v3\/po-nicolas-marchiori-las-dos-caras-de-la-politica\/"},"author":{"name":"f1000024","@id":"https:\/\/cvinoticias.com\/v3\/#\/schema\/person\/2db77e3c6bc03c538495d7b2b8be9b66"},"headline":"Por Nicol\u00e1s Marchiori &#8211; Las dos caras de la pol\u00edtica","datePublished":"2022-04-24T13:10:53+00:00","dateModified":"2022-04-24T15:16:35+00:00","mainEntityOfPage":{"@id":"https:\/\/cvinoticias.com\/v3\/po-nicolas-marchiori-las-dos-caras-de-la-politica\/"},"wordCount":1563,"commentCount":0,"publisher":{"@id":"https:\/\/cvinoticias.com\/v3\/#organization"},"image":{"@id":"https:\/\/cvinoticias.com\/v3\/po-nicolas-marchiori-las-dos-caras-de-la-politica\/#primaryimage"},"thumbnailUrl":"https:\/\/cvinoticias.com\/wp-content\/uploads\/2022\/04\/Screenshot_20220424-101029_Word.jpg","articleSection":["Politica"],"inLanguage":"es","potentialAction":[{"@type":"CommentAction","name":"Comment","target":["https:\/\/cvinoticias.com\/v3\/po-nicolas-marchiori-las-dos-caras-de-la-politica\/#respond"]}]},{"@type":"WebPage","@id":"https:\/\/cvinoticias.com\/v3\/po-nicolas-marchiori-las-dos-caras-de-la-politica\/","url":"https:\/\/cvinoticias.com\/v3\/po-nicolas-marchiori-las-dos-caras-de-la-politica\/","name":"Por Nicol\u00e1s Marchiori - Las dos caras de la pol\u00edtica | CVI NOTICIAS","isPartOf":{"@id":"https:\/\/cvinoticias.com\/v3\/#website"},"primaryImageOfPage":{"@id":"https:\/\/cvinoticias.com\/v3\/po-nicolas-marchiori-las-dos-caras-de-la-politica\/#primaryimage"},"image":{"@id":"https:\/\/cvinoticias.com\/v3\/po-nicolas-marchiori-las-dos-caras-de-la-politica\/#primaryimage"},"thumbnailUrl":"https:\/\/cvinoticias.com\/wp-content\/uploads\/2022\/04\/Screenshot_20220424-101029_Word.jpg","datePublished":"2022-04-24T13:10:53+00:00","dateModified":"2022-04-24T15:16:35+00:00","breadcrumb":{"@id":"https:\/\/cvinoticias.com\/v3\/po-nicolas-marchiori-las-dos-caras-de-la-politica\/#breadcrumb"},"inLanguage":"es","potentialAction":[{"@type":"ReadAction","target":["https:\/\/cvinoticias.com\/v3\/po-nicolas-marchiori-las-dos-caras-de-la-politica\/"]}]},{"@type":"ImageObject","inLanguage":"es","@id":"https:\/\/cvinoticias.com\/v3\/po-nicolas-marchiori-las-dos-caras-de-la-politica\/#primaryimage","url":"https:\/\/cvinoticias.com\/wp-content\/uploads\/2022\/04\/Screenshot_20220424-101029_Word.jpg","contentUrl":"https:\/\/cvinoticias.com\/wp-content\/uploads\/2022\/04\/Screenshot_20220424-101029_Word.jpg","width":894,"height":572},{"@type":"BreadcrumbList","@id":"https:\/\/cvinoticias.com\/v3\/po-nicolas-marchiori-las-dos-caras-de-la-politica\/#breadcrumb","itemListElement":[{"@type":"ListItem","position":1,"name":"Portada","item":"https:\/\/cvinoticias.com\/v3\/"},{"@type":"ListItem","position":2,"name":"Por Nicol\u00e1s Marchiori &#8211; Las dos caras de la pol\u00edtica"}]},{"@type":"WebSite","@id":"https:\/\/cvinoticias.com\/v3\/#website","url":"https:\/\/cvinoticias.com\/v3\/","name":"CVI NOTICIAS","description":"","publisher":{"@id":"https:\/\/cvinoticias.com\/v3\/#organization"},"alternateName":"CVI","potentialAction":[{"@type":"SearchAction","target":{"@type":"EntryPoint","urlTemplate":"https:\/\/cvinoticias.com\/v3\/?s={search_term_string}"},"query-input":{"@type":"PropertyValueSpecification","valueRequired":true,"valueName":"search_term_string"}}],"inLanguage":"es"},{"@type":"Organization","@id":"https:\/\/cvinoticias.com\/v3\/#organization","name":"CVI NOTICIAS","url":"https:\/\/cvinoticias.com\/v3\/","logo":{"@type":"ImageObject","inLanguage":"es","@id":"https:\/\/cvinoticias.com\/v3\/#\/schema\/logo\/image\/","url":"https:\/\/cvinoticias.com\/wp-content\/uploads\/2023\/04\/cropped-cropped-cropped-cropped-cropped-3-1.png","contentUrl":"https:\/\/cvinoticias.com\/wp-content\/uploads\/2023\/04\/cropped-cropped-cropped-cropped-cropped-3-1.png","width":95,"height":122,"caption":"CVI NOTICIAS"},"image":{"@id":"https:\/\/cvinoticias.com\/v3\/#\/schema\/logo\/image\/"},"sameAs":["https:\/\/www.facebook.com\/cvinoticias","https:\/\/www.instagram.com\/cvinoticias\/","https:\/\/www.youtube.com\/@CVINOTICIAS"]},{"@type":"Person","@id":"https:\/\/cvinoticias.com\/v3\/#\/schema\/person\/2db77e3c6bc03c538495d7b2b8be9b66","name":"f1000024","image":{"@type":"ImageObject","inLanguage":"es","@id":"https:\/\/secure.gravatar.com\/avatar\/d4fe7459cfc51ff5129ce1a732bbef5928568b8092d412ef95611616376bbeed?s=96&d=mm&r=g","url":"https:\/\/secure.gravatar.com\/avatar\/d4fe7459cfc51ff5129ce1a732bbef5928568b8092d412ef95611616376bbeed?s=96&d=mm&r=g","contentUrl":"https:\/\/secure.gravatar.com\/avatar\/d4fe7459cfc51ff5129ce1a732bbef5928568b8092d412ef95611616376bbeed?s=96&d=mm&r=g","caption":"f1000024"},"url":"https:\/\/cvinoticias.com\/v3\/author\/f1000024\/"}]}},"_links":{"self":[{"href":"https:\/\/cvinoticias.com\/v3\/wp-json\/wp\/v2\/posts\/15071","targetHints":{"allow":["GET"]}}],"collection":[{"href":"https:\/\/cvinoticias.com\/v3\/wp-json\/wp\/v2\/posts"}],"about":[{"href":"https:\/\/cvinoticias.com\/v3\/wp-json\/wp\/v2\/types\/post"}],"author":[{"embeddable":true,"href":"https:\/\/cvinoticias.com\/v3\/wp-json\/wp\/v2\/users\/2"}],"replies":[{"embeddable":true,"href":"https:\/\/cvinoticias.com\/v3\/wp-json\/wp\/v2\/comments?post=15071"}],"version-history":[{"count":2,"href":"https:\/\/cvinoticias.com\/v3\/wp-json\/wp\/v2\/posts\/15071\/revisions"}],"predecessor-version":[{"id":15074,"href":"https:\/\/cvinoticias.com\/v3\/wp-json\/wp\/v2\/posts\/15071\/revisions\/15074"}],"wp:featuredmedia":[{"embeddable":true,"href":"https:\/\/cvinoticias.com\/v3\/wp-json\/wp\/v2\/media\/15072"}],"wp:attachment":[{"href":"https:\/\/cvinoticias.com\/v3\/wp-json\/wp\/v2\/media?parent=15071"}],"wp:term":[{"taxonomy":"category","embeddable":true,"href":"https:\/\/cvinoticias.com\/v3\/wp-json\/wp\/v2\/categories?post=15071"},{"taxonomy":"post_tag","embeddable":true,"href":"https:\/\/cvinoticias.com\/v3\/wp-json\/wp\/v2\/tags?post=15071"}],"curies":[{"name":"wp","href":"https:\/\/api.w.org\/{rel}","templated":true}]}}