{"id":15021,"date":"2022-04-22T01:47:05","date_gmt":"2022-04-22T01:47:05","guid":{"rendered":"https:\/\/cvinoticias.com\/v3\/?p=15021"},"modified":"2022-04-22T01:47:05","modified_gmt":"2022-04-22T01:47:05","slug":"escuela-secundaria-de-innovacion-presentaron-programa-para-potenciar-el-nivel-academico-de-estudiantes-misioneros","status":"publish","type":"post","link":"https:\/\/cvinoticias.com\/v3\/escuela-secundaria-de-innovacion-presentaron-programa-para-potenciar-el-nivel-academico-de-estudiantes-misioneros\/","title":{"rendered":"Escuela Secundaria de Innovaci\u00f3n: presentaron programa para potenciar el nivel acad\u00e9mico de estudiantes misioneros"},"content":{"rendered":"\n<p><strong><em>Este jueves fue presentado el programa \u201cHabilidades Pedag\u00f3gicas Disruptivas 5.0\u201d, impulsado por la Subsecretar\u00eda de Educaci\u00f3n Disruptiva de la provincia.<\/em><\/strong><\/p>\n\n\n\n<p>El evento tuvo lugar en las instalaciones de la Escuela Secundaria de Innovaci\u00f3n, ubicadas en la avenida Costanera 6810 de Posadas.<\/p>\n\n\n\n<p>Esta iniciativa pretende fortalecer el perfil de los docentes misioneros, enmarcada en el Programa Federal Juana Manso 2022.<\/p>\n\n\n\n<p>El lanzamiento estuvo encabezado por el vicegobernador Carlos Arce; el intendente de Posadas, Leonardo Stelatto; el ministro de Eudcaci\u00f3n, Miguel Sedoff; y el director de la Escuela Secundaria de Innovaci\u00f3n, Ramiro Aranda; y la subsecretaria de Educaci\u00f3n Disruptiva, Sol Marin, junto a docentes, alumnos, funcionarios e invitados.<\/p>\n\n\n\n<p>En el lugar, adem\u00e1s, se dio inicio a los m\u00f3dulos y programa a cargo de la Escuela de Rob\u00f3tica de Misiones \u201cInnovando la Educaci\u00f3n 2022 Robotic Proyect\u201d.<\/p>\n\n\n\n<figure class=\"wp-block-image size-large\"><a href=\"https:\/\/cvinoticias.com\/wp-content\/uploads\/2022\/04\/IMG-20220421-WA0127.jpg\"><img decoding=\"async\" width=\"1024\" height=\"682\" data-src=\"https:\/\/cvinoticias.com\/wp-content\/uploads\/2022\/04\/IMG-20220421-WA0127-1024x682.jpg\" alt=\"\" class=\"wp-image-15022 lazyload\" data-srcset=\"https:\/\/cvinoticias.com\/wp-content\/uploads\/2022\/04\/IMG-20220421-WA0127-1024x682.jpg 1024w, https:\/\/cvinoticias.com\/wp-content\/uploads\/2022\/04\/IMG-20220421-WA0127-300x200.jpg 300w, https:\/\/cvinoticias.com\/wp-content\/uploads\/2022\/04\/IMG-20220421-WA0127-768x512.jpg 768w, https:\/\/cvinoticias.com\/wp-content\/uploads\/2022\/04\/IMG-20220421-WA0127.jpg 1280w\" data-sizes=\"(max-width: 1024px) 100vw, 1024px\" src=\"data:image\/svg+xml;base64,PHN2ZyB3aWR0aD0iMSIgaGVpZ2h0PSIxIiB4bWxucz0iaHR0cDovL3d3dy53My5vcmcvMjAwMC9zdmciPjwvc3ZnPg==\" style=\"--smush-placeholder-width: 1024px; --smush-placeholder-aspect-ratio: 1024\/682;\" \/><\/a><\/figure>\n\n\n\n<p>\u201cEntendemos que una educaci\u00f3n disruptiva es muy necesaria porque representa un concepto que nos obliga a seguir cambiando nuestra mentalidad de trabajo. Claro que en ello est\u00e1 puesto el objetivo acad\u00e9mico\u201d, explic\u00f3 el jefe de la cartera educativa, Miguel Sedoff.<\/p>\n\n\n\n<p>En la oportunidad tambi\u00e9n se hizo entrega de notebooks a los estudiantes en el marco del Plan Federal Juana Manso 2022.<\/p>\n\n\n\n<p>Ramiro Aranda, director de la Escuela Secundaria de Innovaci\u00f3n, consider\u00f3 que es de \u00abgran importancia este programa federal del que Misiones se hace cargo, con el que comienza repartir y entregar a todas las escuelas de la provincia, a los estudiantes, profesores, estas notebooks que son tan necesarias\u201d.<\/p>\n\n\n\n<p>En ese sentido, asever\u00f3 que en Misiones \u201cse avanz\u00f3 mucho en conectividad, es necesario tener este recurso para poder seguir trabajando y estudiando, sobre todo con estos avances de la tecnolog\u00eda que hay en el mundo\u201d.<\/p>\n\n\n\n<p>Aranda enfatiz\u00f3 que Misiones viene avanzando y siendo vanguardia en innovaci\u00f3n, rob\u00f3tica y tecnolog\u00eda y de esa manera acerca la posibilidad a todos los estudiantes de las escuelas p\u00fablicas de tener las notebooks, que son una herramienta gratuita para ellos.<\/p>\n\n\n\n<p>\u201cTodos los estudiantes y profesores tendr\u00e1n sus computadoras que les permitir\u00e1n trabajar con muchas herramientas. No se puede negar la programaci\u00f3n en la ense\u00f1anza de las escuelas secundarias, por eso se avanza con distintas capacitaciones, sin dejar de lado lo que se hace como Escuela de Innovaci\u00f3n. Adem\u00e1s, trabajamos con el Polo Tic y Silic\u00f3n Misiones con j\u00f3venes que terminaron la secundaria\u201d, detall\u00f3.<\/p>\n\n\n\n<p>En total hay 47 escuelas que recibieron las computadoras y est\u00e1n disponibles 27 mil para ser entregadas.<\/p>\n\n\n\n<p>\u201cMisiones toma la posta de hacer que las computadoras lleguen a toda la provincia, eso es gesti\u00f3n de Estado\u201d, concluy\u00f3.<\/p>\n","protected":false},"excerpt":{"rendered":"<p>Este jueves fue presentado el programa \u201cHabilidades Pedag\u00f3gicas Disruptivas 5.0\u201d, impulsado por la Subsecretar\u00eda de Educaci\u00f3n Disruptiva de la provincia. El evento tuvo lugar en las instalaciones de la Escuela Secundaria de Innovaci\u00f3n, ubicadas en la avenida Costanera 6810 de Posadas. Esta iniciativa pretende fortalecer el perfil de los docentes misioneros, enmarcada en el Programa [&hellip;]<\/p>\n","protected":false},"author":2,"featured_media":15023,"comment_status":"open","ping_status":"open","sticky":false,"template":"","format":"standard","meta":{"footnotes":""},"categories":[26],"tags":[],"class_list":["post-15021","post","type-post","status-publish","format-standard","has-post-thumbnail","hentry","category-educacion"],"yoast_head":"<!-- This site is optimized with the Yoast SEO plugin v27.5 - https:\/\/yoast.com\/product\/yoast-seo-wordpress\/ -->\n<title>Escuela Secundaria de Innovaci\u00f3n: presentaron programa para potenciar el nivel acad\u00e9mico de estudiantes misioneros | CVI NOTICIAS<\/title>\n<meta name=\"robots\" content=\"index, follow, max-snippet:-1, max-image-preview:large, max-video-preview:-1\" \/>\n<link rel=\"canonical\" href=\"https:\/\/cvinoticias.com\/v3\/escuela-secundaria-de-innovacion-presentaron-programa-para-potenciar-el-nivel-academico-de-estudiantes-misioneros\/\" \/>\n<meta property=\"og:locale\" content=\"es_ES\" \/>\n<meta property=\"og:type\" content=\"article\" \/>\n<meta property=\"og:title\" content=\"Escuela Secundaria de Innovaci\u00f3n: presentaron programa para potenciar el nivel acad\u00e9mico de estudiantes misioneros | CVI NOTICIAS\" \/>\n<meta property=\"og:description\" content=\"Este jueves fue presentado el programa \u201cHabilidades Pedag\u00f3gicas Disruptivas 5.0\u201d, impulsado por la Subsecretar\u00eda de Educaci\u00f3n Disruptiva de la provincia. El evento tuvo lugar en las instalaciones de la Escuela Secundaria de Innovaci\u00f3n, ubicadas en la avenida Costanera 6810 de Posadas. Esta iniciativa pretende fortalecer el perfil de los docentes misioneros, enmarcada en el Programa [&hellip;]\" \/>\n<meta property=\"og:url\" content=\"https:\/\/cvinoticias.com\/v3\/escuela-secundaria-de-innovacion-presentaron-programa-para-potenciar-el-nivel-academico-de-estudiantes-misioneros\/\" \/>\n<meta property=\"og:site_name\" content=\"CVI NOTICIAS\" \/>\n<meta property=\"article:publisher\" content=\"https:\/\/www.facebook.com\/cvinoticias\" \/>\n<meta property=\"article:published_time\" content=\"2022-04-22T01:47:05+00:00\" \/>\n<meta property=\"og:image\" content=\"https:\/\/cvinoticias.com\/wp-content\/uploads\/2022\/04\/IMG-20220421-WA0128.jpg\" \/>\n\t<meta property=\"og:image:width\" content=\"1280\" \/>\n\t<meta property=\"og:image:height\" content=\"853\" \/>\n\t<meta property=\"og:image:type\" content=\"image\/jpeg\" \/>\n<meta name=\"author\" content=\"f1000024\" \/>\n<meta name=\"twitter:card\" content=\"summary_large_image\" \/>\n<meta name=\"twitter:label1\" content=\"Escrito por\" \/>\n\t<meta name=\"twitter:data1\" content=\"f1000024\" \/>\n\t<meta name=\"twitter:label2\" content=\"Tiempo de lectura\" \/>\n\t<meta name=\"twitter:data2\" content=\"2 minutos\" \/>\n<script type=\"application\/ld+json\" class=\"yoast-schema-graph\">{\"@context\":\"https:\\\/\\\/schema.org\",\"@graph\":[{\"@type\":\"Article\",\"@id\":\"https:\\\/\\\/cvinoticias.com\\\/v3\\\/escuela-secundaria-de-innovacion-presentaron-programa-para-potenciar-el-nivel-academico-de-estudiantes-misioneros\\\/#article\",\"isPartOf\":{\"@id\":\"https:\\\/\\\/cvinoticias.com\\\/v3\\\/escuela-secundaria-de-innovacion-presentaron-programa-para-potenciar-el-nivel-academico-de-estudiantes-misioneros\\\/\"},\"author\":{\"name\":\"f1000024\",\"@id\":\"https:\\\/\\\/cvinoticias.com\\\/v3\\\/#\\\/schema\\\/person\\\/2db77e3c6bc03c538495d7b2b8be9b66\"},\"headline\":\"Escuela Secundaria de Innovaci\u00f3n: presentaron programa para potenciar el nivel acad\u00e9mico de estudiantes misioneros\",\"datePublished\":\"2022-04-22T01:47:05+00:00\",\"mainEntityOfPage\":{\"@id\":\"https:\\\/\\\/cvinoticias.com\\\/v3\\\/escuela-secundaria-de-innovacion-presentaron-programa-para-potenciar-el-nivel-academico-de-estudiantes-misioneros\\\/\"},\"wordCount\":457,\"commentCount\":0,\"publisher\":{\"@id\":\"https:\\\/\\\/cvinoticias.com\\\/v3\\\/#organization\"},\"image\":{\"@id\":\"https:\\\/\\\/cvinoticias.com\\\/v3\\\/escuela-secundaria-de-innovacion-presentaron-programa-para-potenciar-el-nivel-academico-de-estudiantes-misioneros\\\/#primaryimage\"},\"thumbnailUrl\":\"https:\\\/\\\/cvinoticias.com\\\/wp-content\\\/uploads\\\/2022\\\/04\\\/IMG-20220421-WA0128.jpg\",\"articleSection\":[\"Educacion\"],\"inLanguage\":\"es\",\"potentialAction\":[{\"@type\":\"CommentAction\",\"name\":\"Comment\",\"target\":[\"https:\\\/\\\/cvinoticias.com\\\/v3\\\/escuela-secundaria-de-innovacion-presentaron-programa-para-potenciar-el-nivel-academico-de-estudiantes-misioneros\\\/#respond\"]}]},{\"@type\":\"WebPage\",\"@id\":\"https:\\\/\\\/cvinoticias.com\\\/v3\\\/escuela-secundaria-de-innovacion-presentaron-programa-para-potenciar-el-nivel-academico-de-estudiantes-misioneros\\\/\",\"url\":\"https:\\\/\\\/cvinoticias.com\\\/v3\\\/escuela-secundaria-de-innovacion-presentaron-programa-para-potenciar-el-nivel-academico-de-estudiantes-misioneros\\\/\",\"name\":\"Escuela Secundaria de Innovaci\u00f3n: presentaron programa para potenciar el nivel acad\u00e9mico de estudiantes misioneros | CVI NOTICIAS\",\"isPartOf\":{\"@id\":\"https:\\\/\\\/cvinoticias.com\\\/v3\\\/#website\"},\"primaryImageOfPage\":{\"@id\":\"https:\\\/\\\/cvinoticias.com\\\/v3\\\/escuela-secundaria-de-innovacion-presentaron-programa-para-potenciar-el-nivel-academico-de-estudiantes-misioneros\\\/#primaryimage\"},\"image\":{\"@id\":\"https:\\\/\\\/cvinoticias.com\\\/v3\\\/escuela-secundaria-de-innovacion-presentaron-programa-para-potenciar-el-nivel-academico-de-estudiantes-misioneros\\\/#primaryimage\"},\"thumbnailUrl\":\"https:\\\/\\\/cvinoticias.com\\\/wp-content\\\/uploads\\\/2022\\\/04\\\/IMG-20220421-WA0128.jpg\",\"datePublished\":\"2022-04-22T01:47:05+00:00\",\"breadcrumb\":{\"@id\":\"https:\\\/\\\/cvinoticias.com\\\/v3\\\/escuela-secundaria-de-innovacion-presentaron-programa-para-potenciar-el-nivel-academico-de-estudiantes-misioneros\\\/#breadcrumb\"},\"inLanguage\":\"es\",\"potentialAction\":[{\"@type\":\"ReadAction\",\"target\":[\"https:\\\/\\\/cvinoticias.com\\\/v3\\\/escuela-secundaria-de-innovacion-presentaron-programa-para-potenciar-el-nivel-academico-de-estudiantes-misioneros\\\/\"]}]},{\"@type\":\"ImageObject\",\"inLanguage\":\"es\",\"@id\":\"https:\\\/\\\/cvinoticias.com\\\/v3\\\/escuela-secundaria-de-innovacion-presentaron-programa-para-potenciar-el-nivel-academico-de-estudiantes-misioneros\\\/#primaryimage\",\"url\":\"https:\\\/\\\/cvinoticias.com\\\/wp-content\\\/uploads\\\/2022\\\/04\\\/IMG-20220421-WA0128.jpg\",\"contentUrl\":\"https:\\\/\\\/cvinoticias.com\\\/wp-content\\\/uploads\\\/2022\\\/04\\\/IMG-20220421-WA0128.jpg\",\"width\":1280,\"height\":853},{\"@type\":\"BreadcrumbList\",\"@id\":\"https:\\\/\\\/cvinoticias.com\\\/v3\\\/escuela-secundaria-de-innovacion-presentaron-programa-para-potenciar-el-nivel-academico-de-estudiantes-misioneros\\\/#breadcrumb\",\"itemListElement\":[{\"@type\":\"ListItem\",\"position\":1,\"name\":\"Portada\",\"item\":\"https:\\\/\\\/cvinoticias.com\\\/v3\\\/\"},{\"@type\":\"ListItem\",\"position\":2,\"name\":\"Escuela Secundaria de Innovaci\u00f3n: presentaron programa para potenciar el nivel acad\u00e9mico de estudiantes misioneros\"}]},{\"@type\":\"WebSite\",\"@id\":\"https:\\\/\\\/cvinoticias.com\\\/v3\\\/#website\",\"url\":\"https:\\\/\\\/cvinoticias.com\\\/v3\\\/\",\"name\":\"CVI NOTICIAS\",\"description\":\"\",\"publisher\":{\"@id\":\"https:\\\/\\\/cvinoticias.com\\\/v3\\\/#organization\"},\"alternateName\":\"CVI\",\"potentialAction\":[{\"@type\":\"SearchAction\",\"target\":{\"@type\":\"EntryPoint\",\"urlTemplate\":\"https:\\\/\\\/cvinoticias.com\\\/v3\\\/?s={search_term_string}\"},\"query-input\":{\"@type\":\"PropertyValueSpecification\",\"valueRequired\":true,\"valueName\":\"search_term_string\"}}],\"inLanguage\":\"es\"},{\"@type\":\"Organization\",\"@id\":\"https:\\\/\\\/cvinoticias.com\\\/v3\\\/#organization\",\"name\":\"CVI NOTICIAS\",\"url\":\"https:\\\/\\\/cvinoticias.com\\\/v3\\\/\",\"logo\":{\"@type\":\"ImageObject\",\"inLanguage\":\"es\",\"@id\":\"https:\\\/\\\/cvinoticias.com\\\/v3\\\/#\\\/schema\\\/logo\\\/image\\\/\",\"url\":\"https:\\\/\\\/cvinoticias.com\\\/wp-content\\\/uploads\\\/2023\\\/04\\\/cropped-cropped-cropped-cropped-cropped-3-1.png\",\"contentUrl\":\"https:\\\/\\\/cvinoticias.com\\\/wp-content\\\/uploads\\\/2023\\\/04\\\/cropped-cropped-cropped-cropped-cropped-3-1.png\",\"width\":95,\"height\":122,\"caption\":\"CVI NOTICIAS\"},\"image\":{\"@id\":\"https:\\\/\\\/cvinoticias.com\\\/v3\\\/#\\\/schema\\\/logo\\\/image\\\/\"},\"sameAs\":[\"https:\\\/\\\/www.facebook.com\\\/cvinoticias\",\"https:\\\/\\\/www.instagram.com\\\/cvinoticias\\\/\",\"https:\\\/\\\/www.youtube.com\\\/@CVINOTICIAS\"]},{\"@type\":\"Person\",\"@id\":\"https:\\\/\\\/cvinoticias.com\\\/v3\\\/#\\\/schema\\\/person\\\/2db77e3c6bc03c538495d7b2b8be9b66\",\"name\":\"f1000024\",\"image\":{\"@type\":\"ImageObject\",\"inLanguage\":\"es\",\"@id\":\"https:\\\/\\\/secure.gravatar.com\\\/avatar\\\/d4fe7459cfc51ff5129ce1a732bbef5928568b8092d412ef95611616376bbeed?s=96&d=mm&r=g\",\"url\":\"https:\\\/\\\/secure.gravatar.com\\\/avatar\\\/d4fe7459cfc51ff5129ce1a732bbef5928568b8092d412ef95611616376bbeed?s=96&d=mm&r=g\",\"contentUrl\":\"https:\\\/\\\/secure.gravatar.com\\\/avatar\\\/d4fe7459cfc51ff5129ce1a732bbef5928568b8092d412ef95611616376bbeed?s=96&d=mm&r=g\",\"caption\":\"f1000024\"},\"url\":\"https:\\\/\\\/cvinoticias.com\\\/v3\\\/author\\\/f1000024\\\/\"}]}<\/script>\n<!-- \/ Yoast SEO plugin. -->","yoast_head_json":{"title":"Escuela Secundaria de Innovaci\u00f3n: presentaron programa para potenciar el nivel acad\u00e9mico de estudiantes misioneros | CVI NOTICIAS","robots":{"index":"index","follow":"follow","max-snippet":"max-snippet:-1","max-image-preview":"max-image-preview:large","max-video-preview":"max-video-preview:-1"},"canonical":"https:\/\/cvinoticias.com\/v3\/escuela-secundaria-de-innovacion-presentaron-programa-para-potenciar-el-nivel-academico-de-estudiantes-misioneros\/","og_locale":"es_ES","og_type":"article","og_title":"Escuela Secundaria de Innovaci\u00f3n: presentaron programa para potenciar el nivel acad\u00e9mico de estudiantes misioneros | CVI NOTICIAS","og_description":"Este jueves fue presentado el programa \u201cHabilidades Pedag\u00f3gicas Disruptivas 5.0\u201d, impulsado por la Subsecretar\u00eda de Educaci\u00f3n Disruptiva de la provincia. El evento tuvo lugar en las instalaciones de la Escuela Secundaria de Innovaci\u00f3n, ubicadas en la avenida Costanera 6810 de Posadas. Esta iniciativa pretende fortalecer el perfil de los docentes misioneros, enmarcada en el Programa [&hellip;]","og_url":"https:\/\/cvinoticias.com\/v3\/escuela-secundaria-de-innovacion-presentaron-programa-para-potenciar-el-nivel-academico-de-estudiantes-misioneros\/","og_site_name":"CVI NOTICIAS","article_publisher":"https:\/\/www.facebook.com\/cvinoticias","article_published_time":"2022-04-22T01:47:05+00:00","og_image":[{"width":1280,"height":853,"url":"https:\/\/cvinoticias.com\/wp-content\/uploads\/2022\/04\/IMG-20220421-WA0128.jpg","type":"image\/jpeg"}],"author":"f1000024","twitter_card":"summary_large_image","twitter_misc":{"Escrito por":"f1000024","Tiempo de lectura":"2 minutos"},"schema":{"@context":"https:\/\/schema.org","@graph":[{"@type":"Article","@id":"https:\/\/cvinoticias.com\/v3\/escuela-secundaria-de-innovacion-presentaron-programa-para-potenciar-el-nivel-academico-de-estudiantes-misioneros\/#article","isPartOf":{"@id":"https:\/\/cvinoticias.com\/v3\/escuela-secundaria-de-innovacion-presentaron-programa-para-potenciar-el-nivel-academico-de-estudiantes-misioneros\/"},"author":{"name":"f1000024","@id":"https:\/\/cvinoticias.com\/v3\/#\/schema\/person\/2db77e3c6bc03c538495d7b2b8be9b66"},"headline":"Escuela Secundaria de Innovaci\u00f3n: presentaron programa para potenciar el nivel acad\u00e9mico de estudiantes misioneros","datePublished":"2022-04-22T01:47:05+00:00","mainEntityOfPage":{"@id":"https:\/\/cvinoticias.com\/v3\/escuela-secundaria-de-innovacion-presentaron-programa-para-potenciar-el-nivel-academico-de-estudiantes-misioneros\/"},"wordCount":457,"commentCount":0,"publisher":{"@id":"https:\/\/cvinoticias.com\/v3\/#organization"},"image":{"@id":"https:\/\/cvinoticias.com\/v3\/escuela-secundaria-de-innovacion-presentaron-programa-para-potenciar-el-nivel-academico-de-estudiantes-misioneros\/#primaryimage"},"thumbnailUrl":"https:\/\/cvinoticias.com\/wp-content\/uploads\/2022\/04\/IMG-20220421-WA0128.jpg","articleSection":["Educacion"],"inLanguage":"es","potentialAction":[{"@type":"CommentAction","name":"Comment","target":["https:\/\/cvinoticias.com\/v3\/escuela-secundaria-de-innovacion-presentaron-programa-para-potenciar-el-nivel-academico-de-estudiantes-misioneros\/#respond"]}]},{"@type":"WebPage","@id":"https:\/\/cvinoticias.com\/v3\/escuela-secundaria-de-innovacion-presentaron-programa-para-potenciar-el-nivel-academico-de-estudiantes-misioneros\/","url":"https:\/\/cvinoticias.com\/v3\/escuela-secundaria-de-innovacion-presentaron-programa-para-potenciar-el-nivel-academico-de-estudiantes-misioneros\/","name":"Escuela Secundaria de Innovaci\u00f3n: presentaron programa para potenciar el nivel acad\u00e9mico de estudiantes misioneros | CVI NOTICIAS","isPartOf":{"@id":"https:\/\/cvinoticias.com\/v3\/#website"},"primaryImageOfPage":{"@id":"https:\/\/cvinoticias.com\/v3\/escuela-secundaria-de-innovacion-presentaron-programa-para-potenciar-el-nivel-academico-de-estudiantes-misioneros\/#primaryimage"},"image":{"@id":"https:\/\/cvinoticias.com\/v3\/escuela-secundaria-de-innovacion-presentaron-programa-para-potenciar-el-nivel-academico-de-estudiantes-misioneros\/#primaryimage"},"thumbnailUrl":"https:\/\/cvinoticias.com\/wp-content\/uploads\/2022\/04\/IMG-20220421-WA0128.jpg","datePublished":"2022-04-22T01:47:05+00:00","breadcrumb":{"@id":"https:\/\/cvinoticias.com\/v3\/escuela-secundaria-de-innovacion-presentaron-programa-para-potenciar-el-nivel-academico-de-estudiantes-misioneros\/#breadcrumb"},"inLanguage":"es","potentialAction":[{"@type":"ReadAction","target":["https:\/\/cvinoticias.com\/v3\/escuela-secundaria-de-innovacion-presentaron-programa-para-potenciar-el-nivel-academico-de-estudiantes-misioneros\/"]}]},{"@type":"ImageObject","inLanguage":"es","@id":"https:\/\/cvinoticias.com\/v3\/escuela-secundaria-de-innovacion-presentaron-programa-para-potenciar-el-nivel-academico-de-estudiantes-misioneros\/#primaryimage","url":"https:\/\/cvinoticias.com\/wp-content\/uploads\/2022\/04\/IMG-20220421-WA0128.jpg","contentUrl":"https:\/\/cvinoticias.com\/wp-content\/uploads\/2022\/04\/IMG-20220421-WA0128.jpg","width":1280,"height":853},{"@type":"BreadcrumbList","@id":"https:\/\/cvinoticias.com\/v3\/escuela-secundaria-de-innovacion-presentaron-programa-para-potenciar-el-nivel-academico-de-estudiantes-misioneros\/#breadcrumb","itemListElement":[{"@type":"ListItem","position":1,"name":"Portada","item":"https:\/\/cvinoticias.com\/v3\/"},{"@type":"ListItem","position":2,"name":"Escuela Secundaria de Innovaci\u00f3n: presentaron programa para potenciar el nivel acad\u00e9mico de estudiantes misioneros"}]},{"@type":"WebSite","@id":"https:\/\/cvinoticias.com\/v3\/#website","url":"https:\/\/cvinoticias.com\/v3\/","name":"CVI NOTICIAS","description":"","publisher":{"@id":"https:\/\/cvinoticias.com\/v3\/#organization"},"alternateName":"CVI","potentialAction":[{"@type":"SearchAction","target":{"@type":"EntryPoint","urlTemplate":"https:\/\/cvinoticias.com\/v3\/?s={search_term_string}"},"query-input":{"@type":"PropertyValueSpecification","valueRequired":true,"valueName":"search_term_string"}}],"inLanguage":"es"},{"@type":"Organization","@id":"https:\/\/cvinoticias.com\/v3\/#organization","name":"CVI NOTICIAS","url":"https:\/\/cvinoticias.com\/v3\/","logo":{"@type":"ImageObject","inLanguage":"es","@id":"https:\/\/cvinoticias.com\/v3\/#\/schema\/logo\/image\/","url":"https:\/\/cvinoticias.com\/wp-content\/uploads\/2023\/04\/cropped-cropped-cropped-cropped-cropped-3-1.png","contentUrl":"https:\/\/cvinoticias.com\/wp-content\/uploads\/2023\/04\/cropped-cropped-cropped-cropped-cropped-3-1.png","width":95,"height":122,"caption":"CVI NOTICIAS"},"image":{"@id":"https:\/\/cvinoticias.com\/v3\/#\/schema\/logo\/image\/"},"sameAs":["https:\/\/www.facebook.com\/cvinoticias","https:\/\/www.instagram.com\/cvinoticias\/","https:\/\/www.youtube.com\/@CVINOTICIAS"]},{"@type":"Person","@id":"https:\/\/cvinoticias.com\/v3\/#\/schema\/person\/2db77e3c6bc03c538495d7b2b8be9b66","name":"f1000024","image":{"@type":"ImageObject","inLanguage":"es","@id":"https:\/\/secure.gravatar.com\/avatar\/d4fe7459cfc51ff5129ce1a732bbef5928568b8092d412ef95611616376bbeed?s=96&d=mm&r=g","url":"https:\/\/secure.gravatar.com\/avatar\/d4fe7459cfc51ff5129ce1a732bbef5928568b8092d412ef95611616376bbeed?s=96&d=mm&r=g","contentUrl":"https:\/\/secure.gravatar.com\/avatar\/d4fe7459cfc51ff5129ce1a732bbef5928568b8092d412ef95611616376bbeed?s=96&d=mm&r=g","caption":"f1000024"},"url":"https:\/\/cvinoticias.com\/v3\/author\/f1000024\/"}]}},"_links":{"self":[{"href":"https:\/\/cvinoticias.com\/v3\/wp-json\/wp\/v2\/posts\/15021","targetHints":{"allow":["GET"]}}],"collection":[{"href":"https:\/\/cvinoticias.com\/v3\/wp-json\/wp\/v2\/posts"}],"about":[{"href":"https:\/\/cvinoticias.com\/v3\/wp-json\/wp\/v2\/types\/post"}],"author":[{"embeddable":true,"href":"https:\/\/cvinoticias.com\/v3\/wp-json\/wp\/v2\/users\/2"}],"replies":[{"embeddable":true,"href":"https:\/\/cvinoticias.com\/v3\/wp-json\/wp\/v2\/comments?post=15021"}],"version-history":[{"count":1,"href":"https:\/\/cvinoticias.com\/v3\/wp-json\/wp\/v2\/posts\/15021\/revisions"}],"predecessor-version":[{"id":15024,"href":"https:\/\/cvinoticias.com\/v3\/wp-json\/wp\/v2\/posts\/15021\/revisions\/15024"}],"wp:featuredmedia":[{"embeddable":true,"href":"https:\/\/cvinoticias.com\/v3\/wp-json\/wp\/v2\/media\/15023"}],"wp:attachment":[{"href":"https:\/\/cvinoticias.com\/v3\/wp-json\/wp\/v2\/media?parent=15021"}],"wp:term":[{"taxonomy":"category","embeddable":true,"href":"https:\/\/cvinoticias.com\/v3\/wp-json\/wp\/v2\/categories?post=15021"},{"taxonomy":"post_tag","embeddable":true,"href":"https:\/\/cvinoticias.com\/v3\/wp-json\/wp\/v2\/tags?post=15021"}],"curies":[{"name":"wp","href":"https:\/\/api.w.org\/{rel}","templated":true}]}}