{"id":15018,"date":"2022-04-21T19:42:36","date_gmt":"2022-04-21T19:42:36","guid":{"rendered":"https:\/\/cvinoticias.com\/v3\/?p=15018"},"modified":"2022-04-21T19:42:36","modified_gmt":"2022-04-21T19:42:36","slug":"dos-nenes-de-dos-anos-se-escaparon-de-una-guarderia-en-motos-de-juguete","status":"publish","type":"post","link":"https:\/\/cvinoticias.com\/v3\/dos-nenes-de-dos-anos-se-escaparon-de-una-guarderia-en-motos-de-juguete\/","title":{"rendered":"Dos nenes de dos a\u00f1os se escaparon de una guarder\u00eda en motos de juguete"},"content":{"rendered":"\n<p><strong><em>El establecimiento argument\u00f3 que la culpa fue de una de las madres, que dej\u00f3 la puerta del lugar abierta.<\/em><\/strong><\/p>\n\n\n\n<p>Las guarder\u00edas de beb\u00e9s son el lugar en donde muchos padres conf\u00edan dejar a sus hijos de entre cero y tres a\u00f1os para que den sus primeros pasos en la ense\u00f1anza previa al jard\u00edn. Ahora, lo que menos se espera uno es que alguno de los ni\u00f1os se escape del lugar.<\/p>\n\n\n\n<p>Aunque parezca mentira esto ocurri\u00f3 en Torre de \u00c1ngeles, un establecimiento educativo de Almer\u00eda, Espa\u00f1a, donde dos peque\u00f1os de dos a\u00f1os se escaparon, pero no caminando, sino en motos de juguete.<\/p>\n\n\n\n<p>Seg\u00fan inform\u00f3 el sitio La Voz de Almer\u00eda, los ni\u00f1os salieron de la guarder\u00eda e hicieron un recorrido de 300 metros hasta que una mujer que cuidaba a una se\u00f1ora mayor se percat\u00f3 de lo que ocurr\u00eda. La se\u00f1ora se acerc\u00f3 a ellos cuando estaban en una esquina, los recogi\u00f3 y llam\u00f3 de inmediato a la Polic\u00eda.<\/p>\n\n\n\n<p>Tanto la Asociaci\u00f3n de Padres y Madres del centro como una de las madres afectadas presentaron su reclamo a la empresa subsidiaria, mientras que la Fiscal\u00eda de Menores abri\u00f3 una investigaci\u00f3n sobre el caso con el fin de asignar una condena correspondiente.<\/p>\n\n\n\n<p>El centro por su parte, sostuvo que no tiene responsabilidad alguna en esta \u201cfuga\u201d ya que argumentan que la responsable del hecho fue una de las madres. \u201cElla dej\u00f3 la puerta abierta por la que escaparon los chicos.\u201d, especificaron. Seg\u00fan parece, ese Lunes Santo en la Escuela trabajan tres maestras para media docena de menores.<\/p>\n\n\n\n<p>\u201cEs un hecho grav\u00edsimo. Una cosa que no se puede volver a repetir. No basta con decir que gracias a Dios no ha pasado nada\u201d, asegur\u00f3 una de las madres.<\/p>\n\n\n\n<p>Tras este hecho, que podr\u00eda haber tenido consecuencias muy graves, se supo que afortunadamente, los dos chicos se encuentran en perfecto estado y que todo fue solo un susto.<\/p>\n","protected":false},"excerpt":{"rendered":"<p>El establecimiento argument\u00f3 que la culpa fue de una de las madres, que dej\u00f3 la puerta del lugar abierta. Las guarder\u00edas de beb\u00e9s son el lugar en donde muchos padres conf\u00edan dejar a sus hijos de entre cero y tres a\u00f1os para que den sus primeros pasos en la ense\u00f1anza previa al jard\u00edn. Ahora, lo [&hellip;]<\/p>\n","protected":false},"author":2,"featured_media":15019,"comment_status":"open","ping_status":"open","sticky":false,"template":"","format":"standard","meta":{"footnotes":""},"categories":[36],"tags":[],"class_list":["post-15018","post","type-post","status-publish","format-standard","has-post-thumbnail","hentry","category-internacionales"],"yoast_head":"<!-- This site is optimized with the Yoast SEO plugin v27.5 - https:\/\/yoast.com\/product\/yoast-seo-wordpress\/ -->\n<title>Dos nenes de dos a\u00f1os se escaparon de una guarder\u00eda en motos de juguete | CVI NOTICIAS<\/title>\n<meta name=\"robots\" content=\"index, follow, max-snippet:-1, max-image-preview:large, max-video-preview:-1\" \/>\n<link rel=\"canonical\" href=\"https:\/\/cvinoticias.com\/v3\/dos-nenes-de-dos-anos-se-escaparon-de-una-guarderia-en-motos-de-juguete\/\" \/>\n<meta property=\"og:locale\" content=\"es_ES\" \/>\n<meta property=\"og:type\" content=\"article\" \/>\n<meta property=\"og:title\" content=\"Dos nenes de dos a\u00f1os se escaparon de una guarder\u00eda en motos de juguete | CVI NOTICIAS\" \/>\n<meta property=\"og:description\" content=\"El establecimiento argument\u00f3 que la culpa fue de una de las madres, que dej\u00f3 la puerta del lugar abierta. Las guarder\u00edas de beb\u00e9s son el lugar en donde muchos padres conf\u00edan dejar a sus hijos de entre cero y tres a\u00f1os para que den sus primeros pasos en la ense\u00f1anza previa al jard\u00edn. Ahora, lo [&hellip;]\" \/>\n<meta property=\"og:url\" content=\"https:\/\/cvinoticias.com\/v3\/dos-nenes-de-dos-anos-se-escaparon-de-una-guarderia-en-motos-de-juguete\/\" \/>\n<meta property=\"og:site_name\" content=\"CVI NOTICIAS\" \/>\n<meta property=\"article:publisher\" content=\"https:\/\/www.facebook.com\/cvinoticias\" \/>\n<meta property=\"article:published_time\" content=\"2022-04-21T19:42:36+00:00\" \/>\n<meta property=\"og:image\" content=\"https:\/\/cvinoticias.com\/wp-content\/uploads\/2022\/04\/Screenshot_20220421-164109_Facebook.jpg\" \/>\n\t<meta property=\"og:image:width\" content=\"1040\" \/>\n\t<meta property=\"og:image:height\" content=\"584\" \/>\n\t<meta property=\"og:image:type\" content=\"image\/jpeg\" \/>\n<meta name=\"author\" content=\"f1000024\" \/>\n<meta name=\"twitter:card\" content=\"summary_large_image\" \/>\n<meta name=\"twitter:label1\" content=\"Escrito por\" \/>\n\t<meta name=\"twitter:data1\" content=\"f1000024\" \/>\n\t<meta name=\"twitter:label2\" content=\"Tiempo de lectura\" \/>\n\t<meta name=\"twitter:data2\" content=\"2 minutos\" \/>\n<script type=\"application\/ld+json\" class=\"yoast-schema-graph\">{\"@context\":\"https:\\\/\\\/schema.org\",\"@graph\":[{\"@type\":\"Article\",\"@id\":\"https:\\\/\\\/cvinoticias.com\\\/v3\\\/dos-nenes-de-dos-anos-se-escaparon-de-una-guarderia-en-motos-de-juguete\\\/#article\",\"isPartOf\":{\"@id\":\"https:\\\/\\\/cvinoticias.com\\\/v3\\\/dos-nenes-de-dos-anos-se-escaparon-de-una-guarderia-en-motos-de-juguete\\\/\"},\"author\":{\"name\":\"f1000024\",\"@id\":\"https:\\\/\\\/cvinoticias.com\\\/v3\\\/#\\\/schema\\\/person\\\/2db77e3c6bc03c538495d7b2b8be9b66\"},\"headline\":\"Dos nenes de dos a\u00f1os se escaparon de una guarder\u00eda en motos de juguete\",\"datePublished\":\"2022-04-21T19:42:36+00:00\",\"mainEntityOfPage\":{\"@id\":\"https:\\\/\\\/cvinoticias.com\\\/v3\\\/dos-nenes-de-dos-anos-se-escaparon-de-una-guarderia-en-motos-de-juguete\\\/\"},\"wordCount\":354,\"commentCount\":0,\"publisher\":{\"@id\":\"https:\\\/\\\/cvinoticias.com\\\/v3\\\/#organization\"},\"image\":{\"@id\":\"https:\\\/\\\/cvinoticias.com\\\/v3\\\/dos-nenes-de-dos-anos-se-escaparon-de-una-guarderia-en-motos-de-juguete\\\/#primaryimage\"},\"thumbnailUrl\":\"https:\\\/\\\/cvinoticias.com\\\/wp-content\\\/uploads\\\/2022\\\/04\\\/Screenshot_20220421-164109_Facebook.jpg\",\"articleSection\":[\"Internacionales\"],\"inLanguage\":\"es\",\"potentialAction\":[{\"@type\":\"CommentAction\",\"name\":\"Comment\",\"target\":[\"https:\\\/\\\/cvinoticias.com\\\/v3\\\/dos-nenes-de-dos-anos-se-escaparon-de-una-guarderia-en-motos-de-juguete\\\/#respond\"]}]},{\"@type\":\"WebPage\",\"@id\":\"https:\\\/\\\/cvinoticias.com\\\/v3\\\/dos-nenes-de-dos-anos-se-escaparon-de-una-guarderia-en-motos-de-juguete\\\/\",\"url\":\"https:\\\/\\\/cvinoticias.com\\\/v3\\\/dos-nenes-de-dos-anos-se-escaparon-de-una-guarderia-en-motos-de-juguete\\\/\",\"name\":\"Dos nenes de dos a\u00f1os se escaparon de una guarder\u00eda en motos de juguete | CVI NOTICIAS\",\"isPartOf\":{\"@id\":\"https:\\\/\\\/cvinoticias.com\\\/v3\\\/#website\"},\"primaryImageOfPage\":{\"@id\":\"https:\\\/\\\/cvinoticias.com\\\/v3\\\/dos-nenes-de-dos-anos-se-escaparon-de-una-guarderia-en-motos-de-juguete\\\/#primaryimage\"},\"image\":{\"@id\":\"https:\\\/\\\/cvinoticias.com\\\/v3\\\/dos-nenes-de-dos-anos-se-escaparon-de-una-guarderia-en-motos-de-juguete\\\/#primaryimage\"},\"thumbnailUrl\":\"https:\\\/\\\/cvinoticias.com\\\/wp-content\\\/uploads\\\/2022\\\/04\\\/Screenshot_20220421-164109_Facebook.jpg\",\"datePublished\":\"2022-04-21T19:42:36+00:00\",\"breadcrumb\":{\"@id\":\"https:\\\/\\\/cvinoticias.com\\\/v3\\\/dos-nenes-de-dos-anos-se-escaparon-de-una-guarderia-en-motos-de-juguete\\\/#breadcrumb\"},\"inLanguage\":\"es\",\"potentialAction\":[{\"@type\":\"ReadAction\",\"target\":[\"https:\\\/\\\/cvinoticias.com\\\/v3\\\/dos-nenes-de-dos-anos-se-escaparon-de-una-guarderia-en-motos-de-juguete\\\/\"]}]},{\"@type\":\"ImageObject\",\"inLanguage\":\"es\",\"@id\":\"https:\\\/\\\/cvinoticias.com\\\/v3\\\/dos-nenes-de-dos-anos-se-escaparon-de-una-guarderia-en-motos-de-juguete\\\/#primaryimage\",\"url\":\"https:\\\/\\\/cvinoticias.com\\\/wp-content\\\/uploads\\\/2022\\\/04\\\/Screenshot_20220421-164109_Facebook.jpg\",\"contentUrl\":\"https:\\\/\\\/cvinoticias.com\\\/wp-content\\\/uploads\\\/2022\\\/04\\\/Screenshot_20220421-164109_Facebook.jpg\",\"width\":1040,\"height\":584},{\"@type\":\"BreadcrumbList\",\"@id\":\"https:\\\/\\\/cvinoticias.com\\\/v3\\\/dos-nenes-de-dos-anos-se-escaparon-de-una-guarderia-en-motos-de-juguete\\\/#breadcrumb\",\"itemListElement\":[{\"@type\":\"ListItem\",\"position\":1,\"name\":\"Portada\",\"item\":\"https:\\\/\\\/cvinoticias.com\\\/v3\\\/\"},{\"@type\":\"ListItem\",\"position\":2,\"name\":\"Dos nenes de dos a\u00f1os se escaparon de una guarder\u00eda en motos de juguete\"}]},{\"@type\":\"WebSite\",\"@id\":\"https:\\\/\\\/cvinoticias.com\\\/v3\\\/#website\",\"url\":\"https:\\\/\\\/cvinoticias.com\\\/v3\\\/\",\"name\":\"CVI NOTICIAS\",\"description\":\"\",\"publisher\":{\"@id\":\"https:\\\/\\\/cvinoticias.com\\\/v3\\\/#organization\"},\"alternateName\":\"CVI\",\"potentialAction\":[{\"@type\":\"SearchAction\",\"target\":{\"@type\":\"EntryPoint\",\"urlTemplate\":\"https:\\\/\\\/cvinoticias.com\\\/v3\\\/?s={search_term_string}\"},\"query-input\":{\"@type\":\"PropertyValueSpecification\",\"valueRequired\":true,\"valueName\":\"search_term_string\"}}],\"inLanguage\":\"es\"},{\"@type\":\"Organization\",\"@id\":\"https:\\\/\\\/cvinoticias.com\\\/v3\\\/#organization\",\"name\":\"CVI NOTICIAS\",\"url\":\"https:\\\/\\\/cvinoticias.com\\\/v3\\\/\",\"logo\":{\"@type\":\"ImageObject\",\"inLanguage\":\"es\",\"@id\":\"https:\\\/\\\/cvinoticias.com\\\/v3\\\/#\\\/schema\\\/logo\\\/image\\\/\",\"url\":\"https:\\\/\\\/cvinoticias.com\\\/wp-content\\\/uploads\\\/2023\\\/04\\\/cropped-cropped-cropped-cropped-cropped-3-1.png\",\"contentUrl\":\"https:\\\/\\\/cvinoticias.com\\\/wp-content\\\/uploads\\\/2023\\\/04\\\/cropped-cropped-cropped-cropped-cropped-3-1.png\",\"width\":95,\"height\":122,\"caption\":\"CVI NOTICIAS\"},\"image\":{\"@id\":\"https:\\\/\\\/cvinoticias.com\\\/v3\\\/#\\\/schema\\\/logo\\\/image\\\/\"},\"sameAs\":[\"https:\\\/\\\/www.facebook.com\\\/cvinoticias\",\"https:\\\/\\\/www.instagram.com\\\/cvinoticias\\\/\",\"https:\\\/\\\/www.youtube.com\\\/@CVINOTICIAS\"]},{\"@type\":\"Person\",\"@id\":\"https:\\\/\\\/cvinoticias.com\\\/v3\\\/#\\\/schema\\\/person\\\/2db77e3c6bc03c538495d7b2b8be9b66\",\"name\":\"f1000024\",\"image\":{\"@type\":\"ImageObject\",\"inLanguage\":\"es\",\"@id\":\"https:\\\/\\\/secure.gravatar.com\\\/avatar\\\/d4fe7459cfc51ff5129ce1a732bbef5928568b8092d412ef95611616376bbeed?s=96&d=mm&r=g\",\"url\":\"https:\\\/\\\/secure.gravatar.com\\\/avatar\\\/d4fe7459cfc51ff5129ce1a732bbef5928568b8092d412ef95611616376bbeed?s=96&d=mm&r=g\",\"contentUrl\":\"https:\\\/\\\/secure.gravatar.com\\\/avatar\\\/d4fe7459cfc51ff5129ce1a732bbef5928568b8092d412ef95611616376bbeed?s=96&d=mm&r=g\",\"caption\":\"f1000024\"},\"url\":\"https:\\\/\\\/cvinoticias.com\\\/v3\\\/author\\\/f1000024\\\/\"}]}<\/script>\n<!-- \/ Yoast SEO plugin. -->","yoast_head_json":{"title":"Dos nenes de dos a\u00f1os se escaparon de una guarder\u00eda en motos de juguete | CVI NOTICIAS","robots":{"index":"index","follow":"follow","max-snippet":"max-snippet:-1","max-image-preview":"max-image-preview:large","max-video-preview":"max-video-preview:-1"},"canonical":"https:\/\/cvinoticias.com\/v3\/dos-nenes-de-dos-anos-se-escaparon-de-una-guarderia-en-motos-de-juguete\/","og_locale":"es_ES","og_type":"article","og_title":"Dos nenes de dos a\u00f1os se escaparon de una guarder\u00eda en motos de juguete | CVI NOTICIAS","og_description":"El establecimiento argument\u00f3 que la culpa fue de una de las madres, que dej\u00f3 la puerta del lugar abierta. Las guarder\u00edas de beb\u00e9s son el lugar en donde muchos padres conf\u00edan dejar a sus hijos de entre cero y tres a\u00f1os para que den sus primeros pasos en la ense\u00f1anza previa al jard\u00edn. Ahora, lo [&hellip;]","og_url":"https:\/\/cvinoticias.com\/v3\/dos-nenes-de-dos-anos-se-escaparon-de-una-guarderia-en-motos-de-juguete\/","og_site_name":"CVI NOTICIAS","article_publisher":"https:\/\/www.facebook.com\/cvinoticias","article_published_time":"2022-04-21T19:42:36+00:00","og_image":[{"width":1040,"height":584,"url":"https:\/\/cvinoticias.com\/wp-content\/uploads\/2022\/04\/Screenshot_20220421-164109_Facebook.jpg","type":"image\/jpeg"}],"author":"f1000024","twitter_card":"summary_large_image","twitter_misc":{"Escrito por":"f1000024","Tiempo de lectura":"2 minutos"},"schema":{"@context":"https:\/\/schema.org","@graph":[{"@type":"Article","@id":"https:\/\/cvinoticias.com\/v3\/dos-nenes-de-dos-anos-se-escaparon-de-una-guarderia-en-motos-de-juguete\/#article","isPartOf":{"@id":"https:\/\/cvinoticias.com\/v3\/dos-nenes-de-dos-anos-se-escaparon-de-una-guarderia-en-motos-de-juguete\/"},"author":{"name":"f1000024","@id":"https:\/\/cvinoticias.com\/v3\/#\/schema\/person\/2db77e3c6bc03c538495d7b2b8be9b66"},"headline":"Dos nenes de dos a\u00f1os se escaparon de una guarder\u00eda en motos de juguete","datePublished":"2022-04-21T19:42:36+00:00","mainEntityOfPage":{"@id":"https:\/\/cvinoticias.com\/v3\/dos-nenes-de-dos-anos-se-escaparon-de-una-guarderia-en-motos-de-juguete\/"},"wordCount":354,"commentCount":0,"publisher":{"@id":"https:\/\/cvinoticias.com\/v3\/#organization"},"image":{"@id":"https:\/\/cvinoticias.com\/v3\/dos-nenes-de-dos-anos-se-escaparon-de-una-guarderia-en-motos-de-juguete\/#primaryimage"},"thumbnailUrl":"https:\/\/cvinoticias.com\/wp-content\/uploads\/2022\/04\/Screenshot_20220421-164109_Facebook.jpg","articleSection":["Internacionales"],"inLanguage":"es","potentialAction":[{"@type":"CommentAction","name":"Comment","target":["https:\/\/cvinoticias.com\/v3\/dos-nenes-de-dos-anos-se-escaparon-de-una-guarderia-en-motos-de-juguete\/#respond"]}]},{"@type":"WebPage","@id":"https:\/\/cvinoticias.com\/v3\/dos-nenes-de-dos-anos-se-escaparon-de-una-guarderia-en-motos-de-juguete\/","url":"https:\/\/cvinoticias.com\/v3\/dos-nenes-de-dos-anos-se-escaparon-de-una-guarderia-en-motos-de-juguete\/","name":"Dos nenes de dos a\u00f1os se escaparon de una guarder\u00eda en motos de juguete | CVI NOTICIAS","isPartOf":{"@id":"https:\/\/cvinoticias.com\/v3\/#website"},"primaryImageOfPage":{"@id":"https:\/\/cvinoticias.com\/v3\/dos-nenes-de-dos-anos-se-escaparon-de-una-guarderia-en-motos-de-juguete\/#primaryimage"},"image":{"@id":"https:\/\/cvinoticias.com\/v3\/dos-nenes-de-dos-anos-se-escaparon-de-una-guarderia-en-motos-de-juguete\/#primaryimage"},"thumbnailUrl":"https:\/\/cvinoticias.com\/wp-content\/uploads\/2022\/04\/Screenshot_20220421-164109_Facebook.jpg","datePublished":"2022-04-21T19:42:36+00:00","breadcrumb":{"@id":"https:\/\/cvinoticias.com\/v3\/dos-nenes-de-dos-anos-se-escaparon-de-una-guarderia-en-motos-de-juguete\/#breadcrumb"},"inLanguage":"es","potentialAction":[{"@type":"ReadAction","target":["https:\/\/cvinoticias.com\/v3\/dos-nenes-de-dos-anos-se-escaparon-de-una-guarderia-en-motos-de-juguete\/"]}]},{"@type":"ImageObject","inLanguage":"es","@id":"https:\/\/cvinoticias.com\/v3\/dos-nenes-de-dos-anos-se-escaparon-de-una-guarderia-en-motos-de-juguete\/#primaryimage","url":"https:\/\/cvinoticias.com\/wp-content\/uploads\/2022\/04\/Screenshot_20220421-164109_Facebook.jpg","contentUrl":"https:\/\/cvinoticias.com\/wp-content\/uploads\/2022\/04\/Screenshot_20220421-164109_Facebook.jpg","width":1040,"height":584},{"@type":"BreadcrumbList","@id":"https:\/\/cvinoticias.com\/v3\/dos-nenes-de-dos-anos-se-escaparon-de-una-guarderia-en-motos-de-juguete\/#breadcrumb","itemListElement":[{"@type":"ListItem","position":1,"name":"Portada","item":"https:\/\/cvinoticias.com\/v3\/"},{"@type":"ListItem","position":2,"name":"Dos nenes de dos a\u00f1os se escaparon de una guarder\u00eda en motos de juguete"}]},{"@type":"WebSite","@id":"https:\/\/cvinoticias.com\/v3\/#website","url":"https:\/\/cvinoticias.com\/v3\/","name":"CVI NOTICIAS","description":"","publisher":{"@id":"https:\/\/cvinoticias.com\/v3\/#organization"},"alternateName":"CVI","potentialAction":[{"@type":"SearchAction","target":{"@type":"EntryPoint","urlTemplate":"https:\/\/cvinoticias.com\/v3\/?s={search_term_string}"},"query-input":{"@type":"PropertyValueSpecification","valueRequired":true,"valueName":"search_term_string"}}],"inLanguage":"es"},{"@type":"Organization","@id":"https:\/\/cvinoticias.com\/v3\/#organization","name":"CVI NOTICIAS","url":"https:\/\/cvinoticias.com\/v3\/","logo":{"@type":"ImageObject","inLanguage":"es","@id":"https:\/\/cvinoticias.com\/v3\/#\/schema\/logo\/image\/","url":"https:\/\/cvinoticias.com\/wp-content\/uploads\/2023\/04\/cropped-cropped-cropped-cropped-cropped-3-1.png","contentUrl":"https:\/\/cvinoticias.com\/wp-content\/uploads\/2023\/04\/cropped-cropped-cropped-cropped-cropped-3-1.png","width":95,"height":122,"caption":"CVI NOTICIAS"},"image":{"@id":"https:\/\/cvinoticias.com\/v3\/#\/schema\/logo\/image\/"},"sameAs":["https:\/\/www.facebook.com\/cvinoticias","https:\/\/www.instagram.com\/cvinoticias\/","https:\/\/www.youtube.com\/@CVINOTICIAS"]},{"@type":"Person","@id":"https:\/\/cvinoticias.com\/v3\/#\/schema\/person\/2db77e3c6bc03c538495d7b2b8be9b66","name":"f1000024","image":{"@type":"ImageObject","inLanguage":"es","@id":"https:\/\/secure.gravatar.com\/avatar\/d4fe7459cfc51ff5129ce1a732bbef5928568b8092d412ef95611616376bbeed?s=96&d=mm&r=g","url":"https:\/\/secure.gravatar.com\/avatar\/d4fe7459cfc51ff5129ce1a732bbef5928568b8092d412ef95611616376bbeed?s=96&d=mm&r=g","contentUrl":"https:\/\/secure.gravatar.com\/avatar\/d4fe7459cfc51ff5129ce1a732bbef5928568b8092d412ef95611616376bbeed?s=96&d=mm&r=g","caption":"f1000024"},"url":"https:\/\/cvinoticias.com\/v3\/author\/f1000024\/"}]}},"_links":{"self":[{"href":"https:\/\/cvinoticias.com\/v3\/wp-json\/wp\/v2\/posts\/15018","targetHints":{"allow":["GET"]}}],"collection":[{"href":"https:\/\/cvinoticias.com\/v3\/wp-json\/wp\/v2\/posts"}],"about":[{"href":"https:\/\/cvinoticias.com\/v3\/wp-json\/wp\/v2\/types\/post"}],"author":[{"embeddable":true,"href":"https:\/\/cvinoticias.com\/v3\/wp-json\/wp\/v2\/users\/2"}],"replies":[{"embeddable":true,"href":"https:\/\/cvinoticias.com\/v3\/wp-json\/wp\/v2\/comments?post=15018"}],"version-history":[{"count":1,"href":"https:\/\/cvinoticias.com\/v3\/wp-json\/wp\/v2\/posts\/15018\/revisions"}],"predecessor-version":[{"id":15020,"href":"https:\/\/cvinoticias.com\/v3\/wp-json\/wp\/v2\/posts\/15018\/revisions\/15020"}],"wp:featuredmedia":[{"embeddable":true,"href":"https:\/\/cvinoticias.com\/v3\/wp-json\/wp\/v2\/media\/15019"}],"wp:attachment":[{"href":"https:\/\/cvinoticias.com\/v3\/wp-json\/wp\/v2\/media?parent=15018"}],"wp:term":[{"taxonomy":"category","embeddable":true,"href":"https:\/\/cvinoticias.com\/v3\/wp-json\/wp\/v2\/categories?post=15018"},{"taxonomy":"post_tag","embeddable":true,"href":"https:\/\/cvinoticias.com\/v3\/wp-json\/wp\/v2\/tags?post=15018"}],"curies":[{"name":"wp","href":"https:\/\/api.w.org\/{rel}","templated":true}]}}