{"id":15002,"date":"2022-04-21T11:26:54","date_gmt":"2022-04-21T11:26:54","guid":{"rendered":"https:\/\/cvinoticias.com\/v3\/?p=15002"},"modified":"2022-04-21T11:26:54","modified_gmt":"2022-04-21T11:26:54","slug":"goerling-se-posiciona-como-referente-de-juntos-por-el-cambio-en-misiones","status":"publish","type":"post","link":"https:\/\/cvinoticias.com\/v3\/goerling-se-posiciona-como-referente-de-juntos-por-el-cambio-en-misiones\/","title":{"rendered":"Goerling se posiciona como referente de Juntos por el Cambio en Misiones"},"content":{"rendered":"\n<p><strong><em>El profesional formado en el \u00e1mbito privado emerge como una opci\u00f3n m\u00e1s que potable para el frente JxC que se encuentra en la b\u00fasqueda de figuras atractivas para el electorado.<\/em><\/strong><\/p>\n\n\n\n<p>Juntos por el Cambio mantiene reiteradas reuniones para definir las estrategias que logren resolver la interna de cara al 2023. Es por eso que el pasado martes realizaron otro encuentro en el que, m\u00e1s all\u00e1 de las diferencias con el resto de los partidos que integran la coalici\u00f3n opositora, insistieron en mantener la unidad del frente opositor y avanzaron con las propuestas para resolver las postulaciones.<\/p>\n\n\n\n<p>Entre los puntos que se tocaron en la reuni\u00f3n, realizada en el microcentro de la ciudad de Buenos Aires, autoridades partidarias analizaron las diferentes opciones con las que cuenta para resolver las candidaturas: mediciones de imagen en encuestas, en una asamblea partidaria, en una interna partidario o directamente en las PASO.<\/p>\n\n\n\n<p>En esta reuni\u00f3n, llam\u00f3 la atenci\u00f3n la ubicaci\u00f3n en la foto del Misionero Martin Goerling, qui\u00e9n se perfila como un candidato para la tierra colorada. &nbsp;<\/p>\n\n\n\n<p>Bien en el medio, como si fuera el candidato principal. El detalle lo marcaron incluso en las redes sociales. En Twitter que es el principal punto de encuentro entre periodistas y pol\u00edticas tambi\u00e9n hubo ecos de la foto. El propio periodista de Pol\u00edtica de El Territorio Damian Cunale destac\u00f3 la centralidad en la foto: \u201cEl misionero Martin Goerling se ubic\u00f3 bastante bien para la foto. Se perfila claramente un candidato para la tierra colorada\u201d, analiz\u00f3 el profesional de la informaci\u00f3n.<\/p>\n\n\n\n<p><strong>\u00bfQui\u00e9n es Martin Goerling?<\/strong><\/p>\n\n\n\n<p>Goerling es licenciado en Ciencias Pol\u00edticas, Universidad del Salvador, Argentina y licenciado en Relaciones Internacionales en la misma casa. Curs\u00f3 estudios en Espa\u00f1a, donde obtuvo maestr\u00edas en Administraci\u00f3n y Gerencia P\u00fablica, y en Administraci\u00f3n de empresas. Es decir, es un profesional formado en el \u00e1mbito privado.<\/p>\n\n\n\n<p>Durante el gobierno nacional de Cambiemos, se desempe\u00f1\u00f3 como director de la Entidad Binacional Yacyret\u00e1 (EBY). Tambi\u00e9n supo ser secretario general del PRO Misiones y pertenece al sector m\u00e1s duro de este partido, cuyo referente es la ex ministra de Seguridad Patricia Bullrich.<\/p>\n\n\n\n<p>Actualmente, se lo ve llevando adelante una intensa agenda de reuniones pol\u00edticas, donde viene cosechando adhesiones de cara a las elecciones de 2023.<\/p>\n\n\n\n<p>Su paso por yacyret\u00e1 fue el \u00fanico cargo p\u00fablico que ocup\u00f3 y emerge como una opci\u00f3n m\u00e1s que potable para el frente Macrista que se encuentra alica\u00eddo y carente de figuras atractivas para el electorado.<\/p>\n\n\n\n<p>Aunque todav\u00eda falta mucho, en la oposici\u00f3n est\u00e1n empezando a creer que Goerling parece ser la mejor opci\u00f3n.<\/p>\n\n\n\n<p><\/p>\n","protected":false},"excerpt":{"rendered":"<p>El profesional formado en el \u00e1mbito privado emerge como una opci\u00f3n m\u00e1s que potable para el frente JxC que se encuentra en la b\u00fasqueda de figuras atractivas para el electorado. Juntos por el Cambio mantiene reiteradas reuniones para definir las estrategias que logren resolver la interna de cara al 2023. Es por eso que el [&hellip;]<\/p>\n","protected":false},"author":2,"featured_media":15004,"comment_status":"open","ping_status":"open","sticky":false,"template":"","format":"standard","meta":{"footnotes":""},"categories":[42],"tags":[],"class_list":["post-15002","post","type-post","status-publish","format-standard","has-post-thumbnail","hentry","category-politica"],"yoast_head":"<!-- This site is optimized with the Yoast SEO plugin v27.5 - https:\/\/yoast.com\/product\/yoast-seo-wordpress\/ -->\n<title>Goerling se posiciona como referente de Juntos por el Cambio en Misiones | CVI NOTICIAS<\/title>\n<meta name=\"robots\" content=\"index, follow, max-snippet:-1, max-image-preview:large, max-video-preview:-1\" \/>\n<link rel=\"canonical\" href=\"https:\/\/cvinoticias.com\/v3\/goerling-se-posiciona-como-referente-de-juntos-por-el-cambio-en-misiones\/\" \/>\n<meta property=\"og:locale\" content=\"es_ES\" \/>\n<meta property=\"og:type\" content=\"article\" \/>\n<meta property=\"og:title\" content=\"Goerling se posiciona como referente de Juntos por el Cambio en Misiones | CVI NOTICIAS\" \/>\n<meta property=\"og:description\" content=\"El profesional formado en el \u00e1mbito privado emerge como una opci\u00f3n m\u00e1s que potable para el frente JxC que se encuentra en la b\u00fasqueda de figuras atractivas para el electorado. Juntos por el Cambio mantiene reiteradas reuniones para definir las estrategias que logren resolver la interna de cara al 2023. Es por eso que el [&hellip;]\" \/>\n<meta property=\"og:url\" content=\"https:\/\/cvinoticias.com\/v3\/goerling-se-posiciona-como-referente-de-juntos-por-el-cambio-en-misiones\/\" \/>\n<meta property=\"og:site_name\" content=\"CVI NOTICIAS\" \/>\n<meta property=\"article:publisher\" content=\"https:\/\/www.facebook.com\/cvinoticias\" \/>\n<meta property=\"article:published_time\" content=\"2022-04-21T11:26:54+00:00\" \/>\n<meta property=\"og:image\" content=\"https:\/\/cvinoticias.com\/wp-content\/uploads\/2022\/04\/Screenshot_20220421-082522_Word-1.jpg\" \/>\n\t<meta property=\"og:image:width\" content=\"1040\" \/>\n\t<meta property=\"og:image:height\" content=\"530\" \/>\n\t<meta property=\"og:image:type\" content=\"image\/jpeg\" \/>\n<meta name=\"author\" content=\"f1000024\" \/>\n<meta name=\"twitter:card\" content=\"summary_large_image\" \/>\n<meta name=\"twitter:label1\" content=\"Escrito por\" \/>\n\t<meta name=\"twitter:data1\" content=\"f1000024\" \/>\n\t<meta name=\"twitter:label2\" content=\"Tiempo de lectura\" \/>\n\t<meta name=\"twitter:data2\" content=\"2 minutos\" \/>\n<script type=\"application\/ld+json\" class=\"yoast-schema-graph\">{\"@context\":\"https:\\\/\\\/schema.org\",\"@graph\":[{\"@type\":\"Article\",\"@id\":\"https:\\\/\\\/cvinoticias.com\\\/v3\\\/goerling-se-posiciona-como-referente-de-juntos-por-el-cambio-en-misiones\\\/#article\",\"isPartOf\":{\"@id\":\"https:\\\/\\\/cvinoticias.com\\\/v3\\\/goerling-se-posiciona-como-referente-de-juntos-por-el-cambio-en-misiones\\\/\"},\"author\":{\"name\":\"f1000024\",\"@id\":\"https:\\\/\\\/cvinoticias.com\\\/v3\\\/#\\\/schema\\\/person\\\/2db77e3c6bc03c538495d7b2b8be9b66\"},\"headline\":\"Goerling se posiciona como referente de Juntos por el Cambio en Misiones\",\"datePublished\":\"2022-04-21T11:26:54+00:00\",\"mainEntityOfPage\":{\"@id\":\"https:\\\/\\\/cvinoticias.com\\\/v3\\\/goerling-se-posiciona-como-referente-de-juntos-por-el-cambio-en-misiones\\\/\"},\"wordCount\":464,\"commentCount\":0,\"publisher\":{\"@id\":\"https:\\\/\\\/cvinoticias.com\\\/v3\\\/#organization\"},\"image\":{\"@id\":\"https:\\\/\\\/cvinoticias.com\\\/v3\\\/goerling-se-posiciona-como-referente-de-juntos-por-el-cambio-en-misiones\\\/#primaryimage\"},\"thumbnailUrl\":\"https:\\\/\\\/cvinoticias.com\\\/wp-content\\\/uploads\\\/2022\\\/04\\\/Screenshot_20220421-082522_Word-1.jpg\",\"articleSection\":[\"Politica\"],\"inLanguage\":\"es\",\"potentialAction\":[{\"@type\":\"CommentAction\",\"name\":\"Comment\",\"target\":[\"https:\\\/\\\/cvinoticias.com\\\/v3\\\/goerling-se-posiciona-como-referente-de-juntos-por-el-cambio-en-misiones\\\/#respond\"]}]},{\"@type\":\"WebPage\",\"@id\":\"https:\\\/\\\/cvinoticias.com\\\/v3\\\/goerling-se-posiciona-como-referente-de-juntos-por-el-cambio-en-misiones\\\/\",\"url\":\"https:\\\/\\\/cvinoticias.com\\\/v3\\\/goerling-se-posiciona-como-referente-de-juntos-por-el-cambio-en-misiones\\\/\",\"name\":\"Goerling se posiciona como referente de Juntos por el Cambio en Misiones | CVI NOTICIAS\",\"isPartOf\":{\"@id\":\"https:\\\/\\\/cvinoticias.com\\\/v3\\\/#website\"},\"primaryImageOfPage\":{\"@id\":\"https:\\\/\\\/cvinoticias.com\\\/v3\\\/goerling-se-posiciona-como-referente-de-juntos-por-el-cambio-en-misiones\\\/#primaryimage\"},\"image\":{\"@id\":\"https:\\\/\\\/cvinoticias.com\\\/v3\\\/goerling-se-posiciona-como-referente-de-juntos-por-el-cambio-en-misiones\\\/#primaryimage\"},\"thumbnailUrl\":\"https:\\\/\\\/cvinoticias.com\\\/wp-content\\\/uploads\\\/2022\\\/04\\\/Screenshot_20220421-082522_Word-1.jpg\",\"datePublished\":\"2022-04-21T11:26:54+00:00\",\"breadcrumb\":{\"@id\":\"https:\\\/\\\/cvinoticias.com\\\/v3\\\/goerling-se-posiciona-como-referente-de-juntos-por-el-cambio-en-misiones\\\/#breadcrumb\"},\"inLanguage\":\"es\",\"potentialAction\":[{\"@type\":\"ReadAction\",\"target\":[\"https:\\\/\\\/cvinoticias.com\\\/v3\\\/goerling-se-posiciona-como-referente-de-juntos-por-el-cambio-en-misiones\\\/\"]}]},{\"@type\":\"ImageObject\",\"inLanguage\":\"es\",\"@id\":\"https:\\\/\\\/cvinoticias.com\\\/v3\\\/goerling-se-posiciona-como-referente-de-juntos-por-el-cambio-en-misiones\\\/#primaryimage\",\"url\":\"https:\\\/\\\/cvinoticias.com\\\/wp-content\\\/uploads\\\/2022\\\/04\\\/Screenshot_20220421-082522_Word-1.jpg\",\"contentUrl\":\"https:\\\/\\\/cvinoticias.com\\\/wp-content\\\/uploads\\\/2022\\\/04\\\/Screenshot_20220421-082522_Word-1.jpg\",\"width\":1040,\"height\":530},{\"@type\":\"BreadcrumbList\",\"@id\":\"https:\\\/\\\/cvinoticias.com\\\/v3\\\/goerling-se-posiciona-como-referente-de-juntos-por-el-cambio-en-misiones\\\/#breadcrumb\",\"itemListElement\":[{\"@type\":\"ListItem\",\"position\":1,\"name\":\"Portada\",\"item\":\"https:\\\/\\\/cvinoticias.com\\\/v3\\\/\"},{\"@type\":\"ListItem\",\"position\":2,\"name\":\"Goerling se posiciona como referente de Juntos por el Cambio en Misiones\"}]},{\"@type\":\"WebSite\",\"@id\":\"https:\\\/\\\/cvinoticias.com\\\/v3\\\/#website\",\"url\":\"https:\\\/\\\/cvinoticias.com\\\/v3\\\/\",\"name\":\"CVI NOTICIAS\",\"description\":\"\",\"publisher\":{\"@id\":\"https:\\\/\\\/cvinoticias.com\\\/v3\\\/#organization\"},\"alternateName\":\"CVI\",\"potentialAction\":[{\"@type\":\"SearchAction\",\"target\":{\"@type\":\"EntryPoint\",\"urlTemplate\":\"https:\\\/\\\/cvinoticias.com\\\/v3\\\/?s={search_term_string}\"},\"query-input\":{\"@type\":\"PropertyValueSpecification\",\"valueRequired\":true,\"valueName\":\"search_term_string\"}}],\"inLanguage\":\"es\"},{\"@type\":\"Organization\",\"@id\":\"https:\\\/\\\/cvinoticias.com\\\/v3\\\/#organization\",\"name\":\"CVI NOTICIAS\",\"url\":\"https:\\\/\\\/cvinoticias.com\\\/v3\\\/\",\"logo\":{\"@type\":\"ImageObject\",\"inLanguage\":\"es\",\"@id\":\"https:\\\/\\\/cvinoticias.com\\\/v3\\\/#\\\/schema\\\/logo\\\/image\\\/\",\"url\":\"https:\\\/\\\/cvinoticias.com\\\/wp-content\\\/uploads\\\/2023\\\/04\\\/cropped-cropped-cropped-cropped-cropped-3-1.png\",\"contentUrl\":\"https:\\\/\\\/cvinoticias.com\\\/wp-content\\\/uploads\\\/2023\\\/04\\\/cropped-cropped-cropped-cropped-cropped-3-1.png\",\"width\":95,\"height\":122,\"caption\":\"CVI NOTICIAS\"},\"image\":{\"@id\":\"https:\\\/\\\/cvinoticias.com\\\/v3\\\/#\\\/schema\\\/logo\\\/image\\\/\"},\"sameAs\":[\"https:\\\/\\\/www.facebook.com\\\/cvinoticias\",\"https:\\\/\\\/www.instagram.com\\\/cvinoticias\\\/\",\"https:\\\/\\\/www.youtube.com\\\/@CVINOTICIAS\"]},{\"@type\":\"Person\",\"@id\":\"https:\\\/\\\/cvinoticias.com\\\/v3\\\/#\\\/schema\\\/person\\\/2db77e3c6bc03c538495d7b2b8be9b66\",\"name\":\"f1000024\",\"image\":{\"@type\":\"ImageObject\",\"inLanguage\":\"es\",\"@id\":\"https:\\\/\\\/secure.gravatar.com\\\/avatar\\\/d4fe7459cfc51ff5129ce1a732bbef5928568b8092d412ef95611616376bbeed?s=96&d=mm&r=g\",\"url\":\"https:\\\/\\\/secure.gravatar.com\\\/avatar\\\/d4fe7459cfc51ff5129ce1a732bbef5928568b8092d412ef95611616376bbeed?s=96&d=mm&r=g\",\"contentUrl\":\"https:\\\/\\\/secure.gravatar.com\\\/avatar\\\/d4fe7459cfc51ff5129ce1a732bbef5928568b8092d412ef95611616376bbeed?s=96&d=mm&r=g\",\"caption\":\"f1000024\"},\"url\":\"https:\\\/\\\/cvinoticias.com\\\/v3\\\/author\\\/f1000024\\\/\"}]}<\/script>\n<!-- \/ Yoast SEO plugin. -->","yoast_head_json":{"title":"Goerling se posiciona como referente de Juntos por el Cambio en Misiones | CVI NOTICIAS","robots":{"index":"index","follow":"follow","max-snippet":"max-snippet:-1","max-image-preview":"max-image-preview:large","max-video-preview":"max-video-preview:-1"},"canonical":"https:\/\/cvinoticias.com\/v3\/goerling-se-posiciona-como-referente-de-juntos-por-el-cambio-en-misiones\/","og_locale":"es_ES","og_type":"article","og_title":"Goerling se posiciona como referente de Juntos por el Cambio en Misiones | CVI NOTICIAS","og_description":"El profesional formado en el \u00e1mbito privado emerge como una opci\u00f3n m\u00e1s que potable para el frente JxC que se encuentra en la b\u00fasqueda de figuras atractivas para el electorado. Juntos por el Cambio mantiene reiteradas reuniones para definir las estrategias que logren resolver la interna de cara al 2023. Es por eso que el [&hellip;]","og_url":"https:\/\/cvinoticias.com\/v3\/goerling-se-posiciona-como-referente-de-juntos-por-el-cambio-en-misiones\/","og_site_name":"CVI NOTICIAS","article_publisher":"https:\/\/www.facebook.com\/cvinoticias","article_published_time":"2022-04-21T11:26:54+00:00","og_image":[{"width":1040,"height":530,"url":"https:\/\/cvinoticias.com\/wp-content\/uploads\/2022\/04\/Screenshot_20220421-082522_Word-1.jpg","type":"image\/jpeg"}],"author":"f1000024","twitter_card":"summary_large_image","twitter_misc":{"Escrito por":"f1000024","Tiempo de lectura":"2 minutos"},"schema":{"@context":"https:\/\/schema.org","@graph":[{"@type":"Article","@id":"https:\/\/cvinoticias.com\/v3\/goerling-se-posiciona-como-referente-de-juntos-por-el-cambio-en-misiones\/#article","isPartOf":{"@id":"https:\/\/cvinoticias.com\/v3\/goerling-se-posiciona-como-referente-de-juntos-por-el-cambio-en-misiones\/"},"author":{"name":"f1000024","@id":"https:\/\/cvinoticias.com\/v3\/#\/schema\/person\/2db77e3c6bc03c538495d7b2b8be9b66"},"headline":"Goerling se posiciona como referente de Juntos por el Cambio en Misiones","datePublished":"2022-04-21T11:26:54+00:00","mainEntityOfPage":{"@id":"https:\/\/cvinoticias.com\/v3\/goerling-se-posiciona-como-referente-de-juntos-por-el-cambio-en-misiones\/"},"wordCount":464,"commentCount":0,"publisher":{"@id":"https:\/\/cvinoticias.com\/v3\/#organization"},"image":{"@id":"https:\/\/cvinoticias.com\/v3\/goerling-se-posiciona-como-referente-de-juntos-por-el-cambio-en-misiones\/#primaryimage"},"thumbnailUrl":"https:\/\/cvinoticias.com\/wp-content\/uploads\/2022\/04\/Screenshot_20220421-082522_Word-1.jpg","articleSection":["Politica"],"inLanguage":"es","potentialAction":[{"@type":"CommentAction","name":"Comment","target":["https:\/\/cvinoticias.com\/v3\/goerling-se-posiciona-como-referente-de-juntos-por-el-cambio-en-misiones\/#respond"]}]},{"@type":"WebPage","@id":"https:\/\/cvinoticias.com\/v3\/goerling-se-posiciona-como-referente-de-juntos-por-el-cambio-en-misiones\/","url":"https:\/\/cvinoticias.com\/v3\/goerling-se-posiciona-como-referente-de-juntos-por-el-cambio-en-misiones\/","name":"Goerling se posiciona como referente de Juntos por el Cambio en Misiones | CVI NOTICIAS","isPartOf":{"@id":"https:\/\/cvinoticias.com\/v3\/#website"},"primaryImageOfPage":{"@id":"https:\/\/cvinoticias.com\/v3\/goerling-se-posiciona-como-referente-de-juntos-por-el-cambio-en-misiones\/#primaryimage"},"image":{"@id":"https:\/\/cvinoticias.com\/v3\/goerling-se-posiciona-como-referente-de-juntos-por-el-cambio-en-misiones\/#primaryimage"},"thumbnailUrl":"https:\/\/cvinoticias.com\/wp-content\/uploads\/2022\/04\/Screenshot_20220421-082522_Word-1.jpg","datePublished":"2022-04-21T11:26:54+00:00","breadcrumb":{"@id":"https:\/\/cvinoticias.com\/v3\/goerling-se-posiciona-como-referente-de-juntos-por-el-cambio-en-misiones\/#breadcrumb"},"inLanguage":"es","potentialAction":[{"@type":"ReadAction","target":["https:\/\/cvinoticias.com\/v3\/goerling-se-posiciona-como-referente-de-juntos-por-el-cambio-en-misiones\/"]}]},{"@type":"ImageObject","inLanguage":"es","@id":"https:\/\/cvinoticias.com\/v3\/goerling-se-posiciona-como-referente-de-juntos-por-el-cambio-en-misiones\/#primaryimage","url":"https:\/\/cvinoticias.com\/wp-content\/uploads\/2022\/04\/Screenshot_20220421-082522_Word-1.jpg","contentUrl":"https:\/\/cvinoticias.com\/wp-content\/uploads\/2022\/04\/Screenshot_20220421-082522_Word-1.jpg","width":1040,"height":530},{"@type":"BreadcrumbList","@id":"https:\/\/cvinoticias.com\/v3\/goerling-se-posiciona-como-referente-de-juntos-por-el-cambio-en-misiones\/#breadcrumb","itemListElement":[{"@type":"ListItem","position":1,"name":"Portada","item":"https:\/\/cvinoticias.com\/v3\/"},{"@type":"ListItem","position":2,"name":"Goerling se posiciona como referente de Juntos por el Cambio en Misiones"}]},{"@type":"WebSite","@id":"https:\/\/cvinoticias.com\/v3\/#website","url":"https:\/\/cvinoticias.com\/v3\/","name":"CVI NOTICIAS","description":"","publisher":{"@id":"https:\/\/cvinoticias.com\/v3\/#organization"},"alternateName":"CVI","potentialAction":[{"@type":"SearchAction","target":{"@type":"EntryPoint","urlTemplate":"https:\/\/cvinoticias.com\/v3\/?s={search_term_string}"},"query-input":{"@type":"PropertyValueSpecification","valueRequired":true,"valueName":"search_term_string"}}],"inLanguage":"es"},{"@type":"Organization","@id":"https:\/\/cvinoticias.com\/v3\/#organization","name":"CVI NOTICIAS","url":"https:\/\/cvinoticias.com\/v3\/","logo":{"@type":"ImageObject","inLanguage":"es","@id":"https:\/\/cvinoticias.com\/v3\/#\/schema\/logo\/image\/","url":"https:\/\/cvinoticias.com\/wp-content\/uploads\/2023\/04\/cropped-cropped-cropped-cropped-cropped-3-1.png","contentUrl":"https:\/\/cvinoticias.com\/wp-content\/uploads\/2023\/04\/cropped-cropped-cropped-cropped-cropped-3-1.png","width":95,"height":122,"caption":"CVI NOTICIAS"},"image":{"@id":"https:\/\/cvinoticias.com\/v3\/#\/schema\/logo\/image\/"},"sameAs":["https:\/\/www.facebook.com\/cvinoticias","https:\/\/www.instagram.com\/cvinoticias\/","https:\/\/www.youtube.com\/@CVINOTICIAS"]},{"@type":"Person","@id":"https:\/\/cvinoticias.com\/v3\/#\/schema\/person\/2db77e3c6bc03c538495d7b2b8be9b66","name":"f1000024","image":{"@type":"ImageObject","inLanguage":"es","@id":"https:\/\/secure.gravatar.com\/avatar\/d4fe7459cfc51ff5129ce1a732bbef5928568b8092d412ef95611616376bbeed?s=96&d=mm&r=g","url":"https:\/\/secure.gravatar.com\/avatar\/d4fe7459cfc51ff5129ce1a732bbef5928568b8092d412ef95611616376bbeed?s=96&d=mm&r=g","contentUrl":"https:\/\/secure.gravatar.com\/avatar\/d4fe7459cfc51ff5129ce1a732bbef5928568b8092d412ef95611616376bbeed?s=96&d=mm&r=g","caption":"f1000024"},"url":"https:\/\/cvinoticias.com\/v3\/author\/f1000024\/"}]}},"_links":{"self":[{"href":"https:\/\/cvinoticias.com\/v3\/wp-json\/wp\/v2\/posts\/15002","targetHints":{"allow":["GET"]}}],"collection":[{"href":"https:\/\/cvinoticias.com\/v3\/wp-json\/wp\/v2\/posts"}],"about":[{"href":"https:\/\/cvinoticias.com\/v3\/wp-json\/wp\/v2\/types\/post"}],"author":[{"embeddable":true,"href":"https:\/\/cvinoticias.com\/v3\/wp-json\/wp\/v2\/users\/2"}],"replies":[{"embeddable":true,"href":"https:\/\/cvinoticias.com\/v3\/wp-json\/wp\/v2\/comments?post=15002"}],"version-history":[{"count":1,"href":"https:\/\/cvinoticias.com\/v3\/wp-json\/wp\/v2\/posts\/15002\/revisions"}],"predecessor-version":[{"id":15005,"href":"https:\/\/cvinoticias.com\/v3\/wp-json\/wp\/v2\/posts\/15002\/revisions\/15005"}],"wp:featuredmedia":[{"embeddable":true,"href":"https:\/\/cvinoticias.com\/v3\/wp-json\/wp\/v2\/media\/15004"}],"wp:attachment":[{"href":"https:\/\/cvinoticias.com\/v3\/wp-json\/wp\/v2\/media?parent=15002"}],"wp:term":[{"taxonomy":"category","embeddable":true,"href":"https:\/\/cvinoticias.com\/v3\/wp-json\/wp\/v2\/categories?post=15002"},{"taxonomy":"post_tag","embeddable":true,"href":"https:\/\/cvinoticias.com\/v3\/wp-json\/wp\/v2\/tags?post=15002"}],"curies":[{"name":"wp","href":"https:\/\/api.w.org\/{rel}","templated":true}]}}